{"id":13756,"date":"2021-03-04T17:22:40","date_gmt":"2021-03-04T14:22:40","guid":{"rendered":"https:\/\/super-news.info\/es\/unidas-podemos-y-psoe-logran-avances-para-incluir-medidas-que-frenen-los-desahucios-en-la-ley-de-vivienda\/"},"modified":"2021-03-04T17:22:43","modified_gmt":"2021-03-04T14:22:43","slug":"unidas-podemos-y-psoe-logran-avances-para-incluir-medidas-que-frenen-los-desahucios-en-la-ley-de-vivienda","status":"publish","type":"post","link":"https:\/\/super-news.info\/es\/unidas-podemos-y-psoe-logran-avances-para-incluir-medidas-que-frenen-los-desahucios-en-la-ley-de-vivienda\/","title":{"rendered":"Unidas Podemos y PSOE logran avances para incluir medidas que frenen los desahucios en la Ley de Vivienda"},"content":{"rendered":"<p>\nLa cuesti\u00f3n de la regulaci\u00f3n del precio del alquiler no avanza y los morados reclaman otra vez una propuesta definida<br \/>\n   MADRID, 4 Mar. (EUROPA PRESS) &#8211;<br \/>\n   Unidas Podemos y PSOE han avanzado hoy en un acuerdo para incluir en la nueva Ley de Vivienda medidas orientadas a frenar los desahucios sin alternativa habitacional para personas en situaci\u00f3n de vulnerabilidad, en t\u00e9rminos similares a los recogidos en el decreto antidesahucios que est\u00e1 en vigor mientras dure el estado de alarma.<br \/>\n   Sin embargo, la cuesti\u00f3n de la regulaci\u00f3n del precio del alquiler, que ha generado tensiones entre los dos socios de coalici\u00f3n, sigue sin clarificarse y la formaci\u00f3n morada reprocha a los socialistas que sigan sin presentarle una propuesta para ejecutar este compromiso adquirido tanto en el acuerdo de gobierno como en el de Presupuestos.<br \/>\n   As\u00ed se ha constatado en la reuni\u00f3n mantenida este jueves entre los equipos de la Vicepresidencia Segunda, liderado por la secretaria de Estado para la Agenda 2030 Ione Belarra, y del Ministerio de Transportes, Movilidad y Agenda Urbana, con el secretario general de Agenda Urbana y Vivienda David Lucas al frente.<br \/>\n   Seg\u00fan han explicado fuentes de Unidas Podemos a Europa Press, en el encuentro de hoy se ha constatado progresos de cara a un acuerdo que incluya el freno a los desahucios en t\u00e9rminos similares al mecanismo utilizado para el Estado de Alarma en la futura Ley de Vivienda. Precisamente es una de las reivindicaciones trasladadas por Belarra en el marco de la negociaci\u00f3n con el PSOE.<br \/>\n   En concreto, se est\u00e1 acordando que los juzgados se vean obligados a solicitar un informe preceptivo en los procesos de desahucios a los servicios sociales de los distintos territorios. Estos determinar\u00e1n si existe una situaci\u00f3n de vulnerabilidad y, en ese caso, las comunidades aut\u00f3nomas tendr\u00e1n la obligaci\u00f3n de ofrecer una alternativa habitacional &#8220;digna&#8221;.<br \/>\nDECRETO ANTIDESAHUCIOS<br \/>\n   Tras una intensa negociaci\u00f3n a finales del a\u00f1o pasado, ambas formaciones lograron un consenso para aprobar en el Consejo de Ministros el decreto antidesahucios, que suspend\u00eda desahucios cuando los servicios sociales, a trav\u00e9s de un informe vinculante, reconociera la situaci\u00f3n de vulnerabilidad, que los tribunales deb\u00edan solicitar de forma obligatoria en caso de que los afectados lo pidieran.<br \/>\n   El decreto tambi\u00e9n recog\u00eda una compensaci\u00f3n econ\u00f3mica para los grandes tenedores de vivienda cuando pasaran tres meses sin que la administraci\u00f3n ofrezca una alternativa habitacional al inquilino.<br \/>\nLA REGULACI\u00d3N DEL ALQUILER SIGUE SIN AVANCES<br \/>\n   Pese a este avance en materia de desahucios, Unidas Podemos ha mostrado su preocupaci\u00f3n sobre el hecho de que su socio no haya compartido, &#8220;una vez m\u00e1s y tras dos meses de negociaci\u00f3n&#8221;, una propuesta en torno a la regulaci\u00f3n del alquiler en las zonas tensionadas. De hecho, la plasmaci\u00f3n de la nueva Ley ya va con retraso, dado que la previsi\u00f3n trasladada por el PSOE es que se pueda llevar al Consejo de Ministros este mes de marzo.<br \/>\n   Para los morados, la regulaci\u00f3n es &#8220;primordial&#8221; y &#8220;debe incluirse&#8221; en la futura Ley, tal y como se pact\u00f3 en el acuerdo de Gobierno y en el de Presupuestos Generales del Estado de este a\u00f1o. Adem\u00e1s, el pasado martes el Gobierno incluy\u00f3, en la Estrategia de Desarrollo Sostenible, el compromiso de regular los precios del alquiler en la futura Ley de Vivienda.<br \/>\nIGLESIAS PRONOSTICA QUE GANAR\u00c1N LA &#8220;BATALLA&#8221; DEL ALQUILER<br \/>\n   Ayer, el vicepresidente segundo y l\u00edder de Podemos, Pablo Iglesias, pronostic\u00f3 que &#8220;van a ganar la batalla&#8221; para lograr plasmar la regulaci\u00f3n del precio del alquiler en la nueva Ley de Vivienda, pese a las presiones de la patronal inmobiliaria para que no se cumpla el pacto que suscribi\u00f3 con el presidente del Gobierno, Pedro S\u00e1nchez.<br \/>\n   Unidas Podemos rechaza la opci\u00f3n de aplicar un modelo de incentivos para desplegar esta regulaci\u00f3n y aboga por plasmas obligaciones a los grandes tenedores de vivienda, adem\u00e1s de fijar l\u00edmites concretos para bajar los precios en zonas de mercado tensionado.<br \/>\n   Otras propuestas de los morados son fijar la figura de gran tenedor a cinco o m\u00e1s propietarios (rebajando la franja pautada en el decreto antidesahucios que apunta a diez o m\u00e1s), obligar a estos grandes propietarios a destinar el 30% de la vivienda social a alquiler social o desplegar un impuesto a la vivienda vac\u00eda. De este \u00faltimo punto, tampoco se ha aportado una propuesta concreta por parte de los socialistas.<br \/>\n<br \/>\n<!--noindex--><br \/>\n<a href=\"https:\/\/www.europapress.es\/nacional\/noticia-unidas-podemos-psoe-logran-avances-incluir-medidas-frenen-desahucios-ley-vivienda-20210304145638.html\" rel=\"nofollow\">Source link <\/a><br \/>\n<!--\/noindex--><\/p>\n","protected":false},"excerpt":{"rendered":"<p>La cuesti\u00f3n de la regulaci\u00f3n del precio del alquiler no avanza y los morados reclaman otra vez una propuesta definida MADRID, 4 Mar. (EUROPA PRESS) &#8211; Unidas Podemos y PSOE han avanzado hoy en un acuerdo para incluir en la nueva Ley de Vivienda medidas orientadas a frenar los desahucios sin alternativa habitacional para personas [&hellip;]<\/p>\n","protected":false},"author":2,"featured_media":13757,"comment_status":"open","ping_status":"open","sticky":false,"template":"","format":"standard","meta":{"footnotes":""},"categories":[1],"tags":[],"class_list":["post-13756","post","type-post","status-publish","format-standard","has-post-thumbnail","hentry","category-noticias-financieras"],"yoast_head":"<!-- This site is optimized with the Yoast SEO plugin v27.4 - https:\/\/yoast.com\/product\/yoast-seo-wordpress\/ -->\n<title>Unidas Podemos y PSOE logran avances para incluir medidas que frenen los desahucios en la Ley de Vivienda - Super News<\/title>\n<meta name=\"robots\" content=\"index, follow, max-snippet:-1, max-image-preview:large, max-video-preview:-1\" \/>\n<link rel=\"canonical\" href=\"https:\/\/super-news.info\/es\/unidas-podemos-y-psoe-logran-avances-para-incluir-medidas-que-frenen-los-desahucios-en-la-ley-de-vivienda\/\" \/>\n<meta property=\"og:locale\" content=\"en_US\" \/>\n<meta property=\"og:type\" content=\"article\" \/>\n<meta property=\"og:title\" content=\"Unidas Podemos y PSOE logran avances para incluir medidas que frenen los desahucios en la Ley de Vivienda - Super News\" \/>\n<meta property=\"og:description\" content=\"La cuesti\u00f3n de la regulaci\u00f3n del precio del alquiler no avanza y los morados reclaman otra vez una propuesta definida MADRID, 4 Mar. (EUROPA PRESS) &#8211; Unidas Podemos y PSOE han avanzado hoy en un acuerdo para incluir en la nueva Ley de Vivienda medidas orientadas a frenar los desahucios sin alternativa habitacional para personas [&hellip;]\" \/>\n<meta property=\"og:url\" content=\"https:\/\/super-news.info\/es\/unidas-podemos-y-psoe-logran-avances-para-incluir-medidas-que-frenen-los-desahucios-en-la-ley-de-vivienda\/\" \/>\n<meta property=\"og:site_name\" content=\"Super News\" \/>\n<meta property=\"article:published_time\" content=\"2021-03-04T14:22:40+00:00\" \/>\n<meta property=\"article:modified_time\" content=\"2021-03-04T14:22:43+00:00\" \/>\n<meta property=\"og:image\" content=\"https:\/\/super-news.info\/es\/wp-content\/uploads\/sites\/4\/2021\/03\/Unidas-Podemos-y-PSOE-logran-avances-para-incluir-medidas-que.jpg\" \/>\n\t<meta property=\"og:image:width\" content=\"120\" \/>\n\t<meta property=\"og:image:height\" content=\"90\" \/>\n\t<meta property=\"og:image:type\" content=\"image\/jpeg\" \/>\n<meta name=\"author\" content=\"super-news\" \/>\n<meta name=\"twitter:card\" content=\"summary_large_image\" \/>\n<meta name=\"twitter:label1\" content=\"Written by\" \/>\n\t<meta name=\"twitter:data1\" content=\"super-news\" \/>\n\t<meta name=\"twitter:label2\" content=\"Est. reading time\" \/>\n\t<meta name=\"twitter:data2\" content=\"4 minutes\" \/>\n<script type=\"application\/ld+json\" class=\"yoast-schema-graph\">{\"@context\":\"https:\\\/\\\/schema.org\",\"@graph\":[{\"@type\":\"Article\",\"@id\":\"https:\\\/\\\/super-news.info\\\/es\\\/unidas-podemos-y-psoe-logran-avances-para-incluir-medidas-que-frenen-los-desahucios-en-la-ley-de-vivienda\\\/#article\",\"isPartOf\":{\"@id\":\"https:\\\/\\\/super-news.info\\\/es\\\/unidas-podemos-y-psoe-logran-avances-para-incluir-medidas-que-frenen-los-desahucios-en-la-ley-de-vivienda\\\/\"},\"author\":{\"name\":\"super-news\",\"@id\":\"https:\\\/\\\/super-news.info\\\/es\\\/#\\\/schema\\\/person\\\/2d4068cb2f39cd10008c2fce578a7356\"},\"headline\":\"Unidas Podemos y PSOE logran avances para incluir medidas que frenen los desahucios en la Ley de Vivienda\",\"datePublished\":\"2021-03-04T14:22:40+00:00\",\"dateModified\":\"2021-03-04T14:22:43+00:00\",\"mainEntityOfPage\":{\"@id\":\"https:\\\/\\\/super-news.info\\\/es\\\/unidas-podemos-y-psoe-logran-avances-para-incluir-medidas-que-frenen-los-desahucios-en-la-ley-de-vivienda\\\/\"},\"wordCount\":779,\"commentCount\":0,\"image\":{\"@id\":\"https:\\\/\\\/super-news.info\\\/es\\\/unidas-podemos-y-psoe-logran-avances-para-incluir-medidas-que-frenen-los-desahucios-en-la-ley-de-vivienda\\\/#primaryimage\"},\"thumbnailUrl\":\"https:\\\/\\\/super-news.info\\\/es\\\/wp-content\\\/uploads\\\/sites\\\/4\\\/2021\\\/03\\\/Unidas-Podemos-y-PSOE-logran-avances-para-incluir-medidas-que.jpg\",\"articleSection\":[\"NOTICIAS FINANCIERAS\"],\"inLanguage\":\"en-US\",\"potentialAction\":[{\"@type\":\"CommentAction\",\"name\":\"Comment\",\"target\":[\"https:\\\/\\\/super-news.info\\\/es\\\/unidas-podemos-y-psoe-logran-avances-para-incluir-medidas-que-frenen-los-desahucios-en-la-ley-de-vivienda\\\/#respond\"]}]},{\"@type\":\"WebPage\",\"@id\":\"https:\\\/\\\/super-news.info\\\/es\\\/unidas-podemos-y-psoe-logran-avances-para-incluir-medidas-que-frenen-los-desahucios-en-la-ley-de-vivienda\\\/\",\"url\":\"https:\\\/\\\/super-news.info\\\/es\\\/unidas-podemos-y-psoe-logran-avances-para-incluir-medidas-que-frenen-los-desahucios-en-la-ley-de-vivienda\\\/\",\"name\":\"Unidas Podemos y PSOE logran avances para incluir medidas que frenen los desahucios en la Ley de Vivienda - Super News\",\"isPartOf\":{\"@id\":\"https:\\\/\\\/super-news.info\\\/es\\\/#website\"},\"primaryImageOfPage\":{\"@id\":\"https:\\\/\\\/super-news.info\\\/es\\\/unidas-podemos-y-psoe-logran-avances-para-incluir-medidas-que-frenen-los-desahucios-en-la-ley-de-vivienda\\\/#primaryimage\"},\"image\":{\"@id\":\"https:\\\/\\\/super-news.info\\\/es\\\/unidas-podemos-y-psoe-logran-avances-para-incluir-medidas-que-frenen-los-desahucios-en-la-ley-de-vivienda\\\/#primaryimage\"},\"thumbnailUrl\":\"https:\\\/\\\/super-news.info\\\/es\\\/wp-content\\\/uploads\\\/sites\\\/4\\\/2021\\\/03\\\/Unidas-Podemos-y-PSOE-logran-avances-para-incluir-medidas-que.jpg\",\"datePublished\":\"2021-03-04T14:22:40+00:00\",\"dateModified\":\"2021-03-04T14:22:43+00:00\",\"author\":{\"@id\":\"https:\\\/\\\/super-news.info\\\/es\\\/#\\\/schema\\\/person\\\/2d4068cb2f39cd10008c2fce578a7356\"},\"breadcrumb\":{\"@id\":\"https:\\\/\\\/super-news.info\\\/es\\\/unidas-podemos-y-psoe-logran-avances-para-incluir-medidas-que-frenen-los-desahucios-en-la-ley-de-vivienda\\\/#breadcrumb\"},\"inLanguage\":\"en-US\",\"potentialAction\":[{\"@type\":\"ReadAction\",\"target\":[\"https:\\\/\\\/super-news.info\\\/es\\\/unidas-podemos-y-psoe-logran-avances-para-incluir-medidas-que-frenen-los-desahucios-en-la-ley-de-vivienda\\\/\"]}]},{\"@type\":\"ImageObject\",\"inLanguage\":\"en-US\",\"@id\":\"https:\\\/\\\/super-news.info\\\/es\\\/unidas-podemos-y-psoe-logran-avances-para-incluir-medidas-que-frenen-los-desahucios-en-la-ley-de-vivienda\\\/#primaryimage\",\"url\":\"https:\\\/\\\/super-news.info\\\/es\\\/wp-content\\\/uploads\\\/sites\\\/4\\\/2021\\\/03\\\/Unidas-Podemos-y-PSOE-logran-avances-para-incluir-medidas-que.jpg\",\"contentUrl\":\"https:\\\/\\\/super-news.info\\\/es\\\/wp-content\\\/uploads\\\/sites\\\/4\\\/2021\\\/03\\\/Unidas-Podemos-y-PSOE-logran-avances-para-incluir-medidas-que.jpg\",\"width\":120,\"height\":90,\"caption\":\"Unidas Podemos y PSOE logran avances para incluir medidas que frenen los desahucios en la Ley de Vivienda\"},{\"@type\":\"BreadcrumbList\",\"@id\":\"https:\\\/\\\/super-news.info\\\/es\\\/unidas-podemos-y-psoe-logran-avances-para-incluir-medidas-que-frenen-los-desahucios-en-la-ley-de-vivienda\\\/#breadcrumb\",\"itemListElement\":[{\"@type\":\"ListItem\",\"position\":1,\"name\":\"\u0413\u043b\u0430\u0432\u043d\u0430\u044f \u0441\u0442\u0440\u0430\u043d\u0438\u0446\u0430\",\"item\":\"https:\\\/\\\/super-news.info\\\/es\\\/\"},{\"@type\":\"ListItem\",\"position\":2,\"name\":\"Unidas Podemos y PSOE logran avances para incluir medidas que frenen los desahucios en la Ley de Vivienda\"}]},{\"@type\":\"WebSite\",\"@id\":\"https:\\\/\\\/super-news.info\\\/es\\\/#website\",\"url\":\"https:\\\/\\\/super-news.info\\\/es\\\/\",\"name\":\"Super News\",\"description\":\"Super News Espa\u00f1a\",\"potentialAction\":[{\"@type\":\"SearchAction\",\"target\":{\"@type\":\"EntryPoint\",\"urlTemplate\":\"https:\\\/\\\/super-news.info\\\/es\\\/?s={search_term_string}\"},\"query-input\":{\"@type\":\"PropertyValueSpecification\",\"valueRequired\":true,\"valueName\":\"search_term_string\"}}],\"inLanguage\":\"en-US\"},{\"@type\":\"Person\",\"@id\":\"https:\\\/\\\/super-news.info\\\/es\\\/#\\\/schema\\\/person\\\/2d4068cb2f39cd10008c2fce578a7356\",\"name\":\"super-news\",\"image\":{\"@type\":\"ImageObject\",\"inLanguage\":\"en-US\",\"@id\":\"https:\\\/\\\/secure.gravatar.com\\\/avatar\\\/64ebac40b93f26a154f8a9b5b6fdccfc46f442b26b3dd6756dbff3bf9dc76fd7?s=96&d=mm&r=g\",\"url\":\"https:\\\/\\\/secure.gravatar.com\\\/avatar\\\/64ebac40b93f26a154f8a9b5b6fdccfc46f442b26b3dd6756dbff3bf9dc76fd7?s=96&d=mm&r=g\",\"contentUrl\":\"https:\\\/\\\/secure.gravatar.com\\\/avatar\\\/64ebac40b93f26a154f8a9b5b6fdccfc46f442b26b3dd6756dbff3bf9dc76fd7?s=96&d=mm&r=g\",\"caption\":\"super-news\"},\"url\":\"https:\\\/\\\/super-news.info\\\/es\\\/author\\\/pt\\\/\"}]}<\/script>\n<!-- \/ Yoast SEO plugin. -->","yoast_head_json":{"title":"Unidas Podemos y PSOE logran avances para incluir medidas que frenen los desahucios en la Ley de Vivienda - Super News","robots":{"index":"index","follow":"follow","max-snippet":"max-snippet:-1","max-image-preview":"max-image-preview:large","max-video-preview":"max-video-preview:-1"},"canonical":"https:\/\/super-news.info\/es\/unidas-podemos-y-psoe-logran-avances-para-incluir-medidas-que-frenen-los-desahucios-en-la-ley-de-vivienda\/","og_locale":"en_US","og_type":"article","og_title":"Unidas Podemos y PSOE logran avances para incluir medidas que frenen los desahucios en la Ley de Vivienda - Super News","og_description":"La cuesti\u00f3n de la regulaci\u00f3n del precio del alquiler no avanza y los morados reclaman otra vez una propuesta definida MADRID, 4 Mar. (EUROPA PRESS) &#8211; Unidas Podemos y PSOE han avanzado hoy en un acuerdo para incluir en la nueva Ley de Vivienda medidas orientadas a frenar los desahucios sin alternativa habitacional para personas [&hellip;]","og_url":"https:\/\/super-news.info\/es\/unidas-podemos-y-psoe-logran-avances-para-incluir-medidas-que-frenen-los-desahucios-en-la-ley-de-vivienda\/","og_site_name":"Super News","article_published_time":"2021-03-04T14:22:40+00:00","article_modified_time":"2021-03-04T14:22:43+00:00","og_image":[{"width":120,"height":90,"url":"https:\/\/super-news.info\/es\/wp-content\/uploads\/sites\/4\/2021\/03\/Unidas-Podemos-y-PSOE-logran-avances-para-incluir-medidas-que.jpg","type":"image\/jpeg"}],"author":"super-news","twitter_card":"summary_large_image","twitter_misc":{"Written by":"super-news","Est. reading time":"4 minutes"},"schema":{"@context":"https:\/\/schema.org","@graph":[{"@type":"Article","@id":"https:\/\/super-news.info\/es\/unidas-podemos-y-psoe-logran-avances-para-incluir-medidas-que-frenen-los-desahucios-en-la-ley-de-vivienda\/#article","isPartOf":{"@id":"https:\/\/super-news.info\/es\/unidas-podemos-y-psoe-logran-avances-para-incluir-medidas-que-frenen-los-desahucios-en-la-ley-de-vivienda\/"},"author":{"name":"super-news","@id":"https:\/\/super-news.info\/es\/#\/schema\/person\/2d4068cb2f39cd10008c2fce578a7356"},"headline":"Unidas Podemos y PSOE logran avances para incluir medidas que frenen los desahucios en la Ley de Vivienda","datePublished":"2021-03-04T14:22:40+00:00","dateModified":"2021-03-04T14:22:43+00:00","mainEntityOfPage":{"@id":"https:\/\/super-news.info\/es\/unidas-podemos-y-psoe-logran-avances-para-incluir-medidas-que-frenen-los-desahucios-en-la-ley-de-vivienda\/"},"wordCount":779,"commentCount":0,"image":{"@id":"https:\/\/super-news.info\/es\/unidas-podemos-y-psoe-logran-avances-para-incluir-medidas-que-frenen-los-desahucios-en-la-ley-de-vivienda\/#primaryimage"},"thumbnailUrl":"https:\/\/super-news.info\/es\/wp-content\/uploads\/sites\/4\/2021\/03\/Unidas-Podemos-y-PSOE-logran-avances-para-incluir-medidas-que.jpg","articleSection":["NOTICIAS FINANCIERAS"],"inLanguage":"en-US","potentialAction":[{"@type":"CommentAction","name":"Comment","target":["https:\/\/super-news.info\/es\/unidas-podemos-y-psoe-logran-avances-para-incluir-medidas-que-frenen-los-desahucios-en-la-ley-de-vivienda\/#respond"]}]},{"@type":"WebPage","@id":"https:\/\/super-news.info\/es\/unidas-podemos-y-psoe-logran-avances-para-incluir-medidas-que-frenen-los-desahucios-en-la-ley-de-vivienda\/","url":"https:\/\/super-news.info\/es\/unidas-podemos-y-psoe-logran-avances-para-incluir-medidas-que-frenen-los-desahucios-en-la-ley-de-vivienda\/","name":"Unidas Podemos y PSOE logran avances para incluir medidas que frenen los desahucios en la Ley de Vivienda - Super News","isPartOf":{"@id":"https:\/\/super-news.info\/es\/#website"},"primaryImageOfPage":{"@id":"https:\/\/super-news.info\/es\/unidas-podemos-y-psoe-logran-avances-para-incluir-medidas-que-frenen-los-desahucios-en-la-ley-de-vivienda\/#primaryimage"},"image":{"@id":"https:\/\/super-news.info\/es\/unidas-podemos-y-psoe-logran-avances-para-incluir-medidas-que-frenen-los-desahucios-en-la-ley-de-vivienda\/#primaryimage"},"thumbnailUrl":"https:\/\/super-news.info\/es\/wp-content\/uploads\/sites\/4\/2021\/03\/Unidas-Podemos-y-PSOE-logran-avances-para-incluir-medidas-que.jpg","datePublished":"2021-03-04T14:22:40+00:00","dateModified":"2021-03-04T14:22:43+00:00","author":{"@id":"https:\/\/super-news.info\/es\/#\/schema\/person\/2d4068cb2f39cd10008c2fce578a7356"},"breadcrumb":{"@id":"https:\/\/super-news.info\/es\/unidas-podemos-y-psoe-logran-avances-para-incluir-medidas-que-frenen-los-desahucios-en-la-ley-de-vivienda\/#breadcrumb"},"inLanguage":"en-US","potentialAction":[{"@type":"ReadAction","target":["https:\/\/super-news.info\/es\/unidas-podemos-y-psoe-logran-avances-para-incluir-medidas-que-frenen-los-desahucios-en-la-ley-de-vivienda\/"]}]},{"@type":"ImageObject","inLanguage":"en-US","@id":"https:\/\/super-news.info\/es\/unidas-podemos-y-psoe-logran-avances-para-incluir-medidas-que-frenen-los-desahucios-en-la-ley-de-vivienda\/#primaryimage","url":"https:\/\/super-news.info\/es\/wp-content\/uploads\/sites\/4\/2021\/03\/Unidas-Podemos-y-PSOE-logran-avances-para-incluir-medidas-que.jpg","contentUrl":"https:\/\/super-news.info\/es\/wp-content\/uploads\/sites\/4\/2021\/03\/Unidas-Podemos-y-PSOE-logran-avances-para-incluir-medidas-que.jpg","width":120,"height":90,"caption":"Unidas Podemos y PSOE logran avances para incluir medidas que frenen los desahucios en la Ley de Vivienda"},{"@type":"BreadcrumbList","@id":"https:\/\/super-news.info\/es\/unidas-podemos-y-psoe-logran-avances-para-incluir-medidas-que-frenen-los-desahucios-en-la-ley-de-vivienda\/#breadcrumb","itemListElement":[{"@type":"ListItem","position":1,"name":"\u0413\u043b\u0430\u0432\u043d\u0430\u044f \u0441\u0442\u0440\u0430\u043d\u0438\u0446\u0430","item":"https:\/\/super-news.info\/es\/"},{"@type":"ListItem","position":2,"name":"Unidas Podemos y PSOE logran avances para incluir medidas que frenen los desahucios en la Ley de Vivienda"}]},{"@type":"WebSite","@id":"https:\/\/super-news.info\/es\/#website","url":"https:\/\/super-news.info\/es\/","name":"Super News","description":"Super News Espa\u00f1a","potentialAction":[{"@type":"SearchAction","target":{"@type":"EntryPoint","urlTemplate":"https:\/\/super-news.info\/es\/?s={search_term_string}"},"query-input":{"@type":"PropertyValueSpecification","valueRequired":true,"valueName":"search_term_string"}}],"inLanguage":"en-US"},{"@type":"Person","@id":"https:\/\/super-news.info\/es\/#\/schema\/person\/2d4068cb2f39cd10008c2fce578a7356","name":"super-news","image":{"@type":"ImageObject","inLanguage":"en-US","@id":"https:\/\/secure.gravatar.com\/avatar\/64ebac40b93f26a154f8a9b5b6fdccfc46f442b26b3dd6756dbff3bf9dc76fd7?s=96&d=mm&r=g","url":"https:\/\/secure.gravatar.com\/avatar\/64ebac40b93f26a154f8a9b5b6fdccfc46f442b26b3dd6756dbff3bf9dc76fd7?s=96&d=mm&r=g","contentUrl":"https:\/\/secure.gravatar.com\/avatar\/64ebac40b93f26a154f8a9b5b6fdccfc46f442b26b3dd6756dbff3bf9dc76fd7?s=96&d=mm&r=g","caption":"super-news"},"url":"https:\/\/super-news.info\/es\/author\/pt\/"}]}},"_links":{"self":[{"href":"https:\/\/super-news.info\/es\/wp-json\/wp\/v2\/posts\/13756","targetHints":{"allow":["GET"]}}],"collection":[{"href":"https:\/\/super-news.info\/es\/wp-json\/wp\/v2\/posts"}],"about":[{"href":"https:\/\/super-news.info\/es\/wp-json\/wp\/v2\/types\/post"}],"author":[{"embeddable":true,"href":"https:\/\/super-news.info\/es\/wp-json\/wp\/v2\/users\/2"}],"replies":[{"embeddable":true,"href":"https:\/\/super-news.info\/es\/wp-json\/wp\/v2\/comments?post=13756"}],"version-history":[{"count":1,"href":"https:\/\/super-news.info\/es\/wp-json\/wp\/v2\/posts\/13756\/revisions"}],"predecessor-version":[{"id":13758,"href":"https:\/\/super-news.info\/es\/wp-json\/wp\/v2\/posts\/13756\/revisions\/13758"}],"wp:featuredmedia":[{"embeddable":true,"href":"https:\/\/super-news.info\/es\/wp-json\/wp\/v2\/media\/13757"}],"wp:attachment":[{"href":"https:\/\/super-news.info\/es\/wp-json\/wp\/v2\/media?parent=13756"}],"wp:term":[{"taxonomy":"category","embeddable":true,"href":"https:\/\/super-news.info\/es\/wp-json\/wp\/v2\/categories?post=13756"},{"taxonomy":"post_tag","embeddable":true,"href":"https:\/\/super-news.info\/es\/wp-json\/wp\/v2\/tags?post=13756"}],"curies":[{"name":"wp","href":"https:\/\/api.w.org\/{rel}","templated":true}]}}