{"id":13750,"date":"2021-03-04T05:21:32","date_gmt":"2021-03-04T02:21:32","guid":{"rendered":"https:\/\/super-news.info\/es\/la-directora-de-gabinete-de-calvino-dejara-economia-y-dirigira-la-oficina-comercial-en-milan-en-proximos-meses\/"},"modified":"2021-03-04T05:21:34","modified_gmt":"2021-03-04T02:21:34","slug":"la-directora-de-gabinete-de-calvino-dejara-economia-y-dirigira-la-oficina-comercial-en-milan-en-proximos-meses","status":"publish","type":"post","link":"https:\/\/super-news.info\/es\/la-directora-de-gabinete-de-calvino-dejara-economia-y-dirigira-la-oficina-comercial-en-milan-en-proximos-meses\/","title":{"rendered":"La directora de gabinete de Calvi\u00f1o dejar\u00e1 Econom\u00eda y dirigir\u00e1 la oficina comercial en Mil\u00e1n en pr\u00f3ximos meses"},"content":{"rendered":"<p>\nMADRID, 3 Mar. (EUROPA PRESS) &#8211;<br \/>\n   La directora de gabinete de la Vicepresidenta Tercera del Gobierno y Ministra de Asuntos Econ\u00f3micos y Transformaci\u00f3n Digital, Nadia Calvi\u00f1o, la economista Carmen Balsa, ha obtenido una plaza para dirigir la oficina comercial en Mil\u00e1n (Italia), cargo que asumir\u00e1 en los pr\u00f3ximos meses una vez abandone el departamento econ\u00f3mico, seg\u00fan han confirmado a Europa Press en fuentes gubernamentales.<br \/>\n   Balsa tomar\u00e1 previsiblemente posesi\u00f3n de su nueva plaza para dirigir la oficina comercial en la ciudad italiana de Mil\u00e1n el pr\u00f3ximo mes de septiembre, seg\u00fan han confirmado las mismas fuentes y ha adelantado &#8216;El Mundo&#8217;.<br \/>\n   De esta forma, tras tres a\u00f1os como directora de gabinete de la vicepresidenta Nadia Calvi\u00f1o, Balsa abandonar\u00e1 previsiblemente los pr\u00f3ximos meses el Ministerio de Asuntos Econ\u00f3micos y emprender\u00e1 una nueva faceta profesional para asumir la direcci\u00f3n de la oficina comercial espa\u00f1ola en Mil\u00e1n.<br \/>\n   Su nombre figura en el listado de nombres de adjudicaciones del Ministerio de Industria, Comercio y Turismo, puesto para el que Balsa habr\u00eda realizado los pasos del proceso adjudicatorio con el fin de comenzar una nueva andadura en la localidad italiana.<br \/>\n   En condici\u00f3n de directora del Gabinete de la Vicepresidenta Tercera del Gobierno, Balsa tambi\u00e9n es vocal nata del Consejo de entidad p\u00fablica empresarial Red.es, puesto que previsiblemente tambi\u00e9n abandonar\u00e1 cuando deje el cargo de directora del gabinete de Calvi\u00f1o en los pr\u00f3ximos meses.<br \/>\n   Licenciada en Ciencias Econ\u00f3micas por la Universidad de Alcal\u00e1 de Henares en 1990, Balsa, que habla ingl\u00e9s e italiano, ingres\u00f3 por oposici\u00f3n en el Cuerpo Superior de T\u00e9cnicos Comerciales y Economistas del Estado en 1992. As\u00ed, desde junio de 2018 a enero de 2020 desempe\u00f1\u00f3 sus funciones como directora del Gabinete de la Ministra de Econom\u00eda y Empresa y desde entonces ejerc\u00eda el mismo puesto, si bien tambi\u00e9n era directora del Gabinete de la Vicepresidencia tercera creada por Pedro S\u00e1nchez para Nadia Calvi\u00f1o.<br \/>\n   Previamente, de diciembre 2014 a junio 2018 fue vocal asesora en la Direcci\u00f3n General de Pol\u00edtica Econ\u00f3mica, Ministerio de Econom\u00eda, Industria y Competitividad; de noviembre 2012 a diciembre 2014 vocal asesora en la Secretar\u00eda General del Tesoro de Asuntos Econ\u00f3micos y Financieros de la zona euro.<br \/>\n   De enero de 2010 a noviembre de 2012 fue miembro de la representaci\u00f3n espa\u00f1ola en el Fondo Monetario Internacional (FMI) y, anteriormente, de mayo 2008 a enero 2010 ejerci\u00f3 como subdirectora de Estudios en la Comisi\u00f3n Nacional de la Competencia.<br \/>\n   Igualmente, desde abril de 2006 y por un periodo de dos a\u00f1os, fue directora del Gabinete de la entonces ministra de Educaci\u00f3n y Ciencia de Espa\u00f1a, Mercedes Cabrera Calvo-Sotelo.<br \/>\n<br \/>\n<!--noindex--><br \/>\n<a href=\"https:\/\/www.europapress.es\/economia\/macroeconomia-00338\/noticia-directora-gabinete-calvino-dejara-economia-dirigira-oficina-comercial-milan-proximos-meses-20210303205143.html\" rel=\"nofollow\">Source link <\/a><br \/>\n<!--\/noindex--><\/p>\n","protected":false},"excerpt":{"rendered":"<p>MADRID, 3 Mar. (EUROPA PRESS) &#8211; La directora de gabinete de la Vicepresidenta Tercera del Gobierno y Ministra de Asuntos Econ\u00f3micos y Transformaci\u00f3n Digital, Nadia Calvi\u00f1o, la economista Carmen Balsa, ha obtenido una plaza para dirigir la oficina comercial en Mil\u00e1n (Italia), cargo que asumir\u00e1 en los pr\u00f3ximos meses una vez abandone el departamento econ\u00f3mico, [&hellip;]<\/p>\n","protected":false},"author":2,"featured_media":13751,"comment_status":"open","ping_status":"open","sticky":false,"template":"","format":"standard","meta":{"footnotes":""},"categories":[1],"tags":[],"class_list":["post-13750","post","type-post","status-publish","format-standard","has-post-thumbnail","hentry","category-noticias-financieras"],"yoast_head":"<!-- This site is optimized with the Yoast SEO plugin v27.4 - https:\/\/yoast.com\/product\/yoast-seo-wordpress\/ -->\n<title>La directora de gabinete de Calvi\u00f1o dejar\u00e1 Econom\u00eda y dirigir\u00e1 la oficina comercial en Mil\u00e1n en pr\u00f3ximos meses - Super News<\/title>\n<meta name=\"robots\" content=\"index, follow, max-snippet:-1, max-image-preview:large, max-video-preview:-1\" \/>\n<link rel=\"canonical\" href=\"https:\/\/super-news.info\/es\/la-directora-de-gabinete-de-calvino-dejara-economia-y-dirigira-la-oficina-comercial-en-milan-en-proximos-meses\/\" \/>\n<meta property=\"og:locale\" content=\"en_US\" \/>\n<meta property=\"og:type\" content=\"article\" \/>\n<meta property=\"og:title\" content=\"La directora de gabinete de Calvi\u00f1o dejar\u00e1 Econom\u00eda y dirigir\u00e1 la oficina comercial en Mil\u00e1n en pr\u00f3ximos meses - Super News\" \/>\n<meta property=\"og:description\" content=\"MADRID, 3 Mar. (EUROPA PRESS) &#8211; La directora de gabinete de la Vicepresidenta Tercera del Gobierno y Ministra de Asuntos Econ\u00f3micos y Transformaci\u00f3n Digital, Nadia Calvi\u00f1o, la economista Carmen Balsa, ha obtenido una plaza para dirigir la oficina comercial en Mil\u00e1n (Italia), cargo que asumir\u00e1 en los pr\u00f3ximos meses una vez abandone el departamento econ\u00f3mico, [&hellip;]\" \/>\n<meta property=\"og:url\" content=\"https:\/\/super-news.info\/es\/la-directora-de-gabinete-de-calvino-dejara-economia-y-dirigira-la-oficina-comercial-en-milan-en-proximos-meses\/\" \/>\n<meta property=\"og:site_name\" content=\"Super News\" \/>\n<meta property=\"article:published_time\" content=\"2021-03-04T02:21:32+00:00\" \/>\n<meta property=\"article:modified_time\" content=\"2021-03-04T02:21:34+00:00\" \/>\n<meta property=\"og:image\" content=\"https:\/\/super-news.info\/es\/wp-content\/uploads\/sites\/4\/2021\/03\/La-directora-de-gabinete-de-Calvino-dejara-Economia-y-dirigira.jpg\" \/>\n\t<meta property=\"og:image:width\" content=\"120\" \/>\n\t<meta property=\"og:image:height\" content=\"146\" \/>\n\t<meta property=\"og:image:type\" content=\"image\/jpeg\" \/>\n<meta name=\"author\" content=\"super-news\" \/>\n<meta name=\"twitter:card\" content=\"summary_large_image\" \/>\n<meta name=\"twitter:label1\" content=\"Written by\" \/>\n\t<meta name=\"twitter:data1\" content=\"super-news\" \/>\n\t<meta name=\"twitter:label2\" content=\"Est. reading time\" \/>\n\t<meta name=\"twitter:data2\" content=\"2 minutes\" \/>\n<script type=\"application\/ld+json\" class=\"yoast-schema-graph\">{\"@context\":\"https:\\\/\\\/schema.org\",\"@graph\":[{\"@type\":\"Article\",\"@id\":\"https:\\\/\\\/super-news.info\\\/es\\\/la-directora-de-gabinete-de-calvino-dejara-economia-y-dirigira-la-oficina-comercial-en-milan-en-proximos-meses\\\/#article\",\"isPartOf\":{\"@id\":\"https:\\\/\\\/super-news.info\\\/es\\\/la-directora-de-gabinete-de-calvino-dejara-economia-y-dirigira-la-oficina-comercial-en-milan-en-proximos-meses\\\/\"},\"author\":{\"name\":\"super-news\",\"@id\":\"https:\\\/\\\/super-news.info\\\/es\\\/#\\\/schema\\\/person\\\/2d4068cb2f39cd10008c2fce578a7356\"},\"headline\":\"La directora de gabinete de Calvi\u00f1o dejar\u00e1 Econom\u00eda y dirigir\u00e1 la oficina comercial en Mil\u00e1n en pr\u00f3ximos meses\",\"datePublished\":\"2021-03-04T02:21:32+00:00\",\"dateModified\":\"2021-03-04T02:21:34+00:00\",\"mainEntityOfPage\":{\"@id\":\"https:\\\/\\\/super-news.info\\\/es\\\/la-directora-de-gabinete-de-calvino-dejara-economia-y-dirigira-la-oficina-comercial-en-milan-en-proximos-meses\\\/\"},\"wordCount\":481,\"commentCount\":0,\"image\":{\"@id\":\"https:\\\/\\\/super-news.info\\\/es\\\/la-directora-de-gabinete-de-calvino-dejara-economia-y-dirigira-la-oficina-comercial-en-milan-en-proximos-meses\\\/#primaryimage\"},\"thumbnailUrl\":\"https:\\\/\\\/super-news.info\\\/es\\\/wp-content\\\/uploads\\\/sites\\\/4\\\/2021\\\/03\\\/La-directora-de-gabinete-de-Calvino-dejara-Economia-y-dirigira.jpg\",\"articleSection\":[\"NOTICIAS FINANCIERAS\"],\"inLanguage\":\"en-US\",\"potentialAction\":[{\"@type\":\"CommentAction\",\"name\":\"Comment\",\"target\":[\"https:\\\/\\\/super-news.info\\\/es\\\/la-directora-de-gabinete-de-calvino-dejara-economia-y-dirigira-la-oficina-comercial-en-milan-en-proximos-meses\\\/#respond\"]}]},{\"@type\":\"WebPage\",\"@id\":\"https:\\\/\\\/super-news.info\\\/es\\\/la-directora-de-gabinete-de-calvino-dejara-economia-y-dirigira-la-oficina-comercial-en-milan-en-proximos-meses\\\/\",\"url\":\"https:\\\/\\\/super-news.info\\\/es\\\/la-directora-de-gabinete-de-calvino-dejara-economia-y-dirigira-la-oficina-comercial-en-milan-en-proximos-meses\\\/\",\"name\":\"La directora de gabinete de Calvi\u00f1o dejar\u00e1 Econom\u00eda y dirigir\u00e1 la oficina comercial en Mil\u00e1n en pr\u00f3ximos meses - Super News\",\"isPartOf\":{\"@id\":\"https:\\\/\\\/super-news.info\\\/es\\\/#website\"},\"primaryImageOfPage\":{\"@id\":\"https:\\\/\\\/super-news.info\\\/es\\\/la-directora-de-gabinete-de-calvino-dejara-economia-y-dirigira-la-oficina-comercial-en-milan-en-proximos-meses\\\/#primaryimage\"},\"image\":{\"@id\":\"https:\\\/\\\/super-news.info\\\/es\\\/la-directora-de-gabinete-de-calvino-dejara-economia-y-dirigira-la-oficina-comercial-en-milan-en-proximos-meses\\\/#primaryimage\"},\"thumbnailUrl\":\"https:\\\/\\\/super-news.info\\\/es\\\/wp-content\\\/uploads\\\/sites\\\/4\\\/2021\\\/03\\\/La-directora-de-gabinete-de-Calvino-dejara-Economia-y-dirigira.jpg\",\"datePublished\":\"2021-03-04T02:21:32+00:00\",\"dateModified\":\"2021-03-04T02:21:34+00:00\",\"author\":{\"@id\":\"https:\\\/\\\/super-news.info\\\/es\\\/#\\\/schema\\\/person\\\/2d4068cb2f39cd10008c2fce578a7356\"},\"breadcrumb\":{\"@id\":\"https:\\\/\\\/super-news.info\\\/es\\\/la-directora-de-gabinete-de-calvino-dejara-economia-y-dirigira-la-oficina-comercial-en-milan-en-proximos-meses\\\/#breadcrumb\"},\"inLanguage\":\"en-US\",\"potentialAction\":[{\"@type\":\"ReadAction\",\"target\":[\"https:\\\/\\\/super-news.info\\\/es\\\/la-directora-de-gabinete-de-calvino-dejara-economia-y-dirigira-la-oficina-comercial-en-milan-en-proximos-meses\\\/\"]}]},{\"@type\":\"ImageObject\",\"inLanguage\":\"en-US\",\"@id\":\"https:\\\/\\\/super-news.info\\\/es\\\/la-directora-de-gabinete-de-calvino-dejara-economia-y-dirigira-la-oficina-comercial-en-milan-en-proximos-meses\\\/#primaryimage\",\"url\":\"https:\\\/\\\/super-news.info\\\/es\\\/wp-content\\\/uploads\\\/sites\\\/4\\\/2021\\\/03\\\/La-directora-de-gabinete-de-Calvino-dejara-Economia-y-dirigira.jpg\",\"contentUrl\":\"https:\\\/\\\/super-news.info\\\/es\\\/wp-content\\\/uploads\\\/sites\\\/4\\\/2021\\\/03\\\/La-directora-de-gabinete-de-Calvino-dejara-Economia-y-dirigira.jpg\",\"width\":120,\"height\":146,\"caption\":\"La directora de gabinete de Calvi\u00f1o dejar\u00e1 Econom\u00eda y dirigir\u00e1 la oficina comercial en Mil\u00e1n en pr\u00f3ximos meses\"},{\"@type\":\"BreadcrumbList\",\"@id\":\"https:\\\/\\\/super-news.info\\\/es\\\/la-directora-de-gabinete-de-calvino-dejara-economia-y-dirigira-la-oficina-comercial-en-milan-en-proximos-meses\\\/#breadcrumb\",\"itemListElement\":[{\"@type\":\"ListItem\",\"position\":1,\"name\":\"\u0413\u043b\u0430\u0432\u043d\u0430\u044f \u0441\u0442\u0440\u0430\u043d\u0438\u0446\u0430\",\"item\":\"https:\\\/\\\/super-news.info\\\/es\\\/\"},{\"@type\":\"ListItem\",\"position\":2,\"name\":\"La directora de gabinete de Calvi\u00f1o dejar\u00e1 Econom\u00eda y dirigir\u00e1 la oficina comercial en Mil\u00e1n en pr\u00f3ximos meses\"}]},{\"@type\":\"WebSite\",\"@id\":\"https:\\\/\\\/super-news.info\\\/es\\\/#website\",\"url\":\"https:\\\/\\\/super-news.info\\\/es\\\/\",\"name\":\"Super News\",\"description\":\"Super News Espa\u00f1a\",\"potentialAction\":[{\"@type\":\"SearchAction\",\"target\":{\"@type\":\"EntryPoint\",\"urlTemplate\":\"https:\\\/\\\/super-news.info\\\/es\\\/?s={search_term_string}\"},\"query-input\":{\"@type\":\"PropertyValueSpecification\",\"valueRequired\":true,\"valueName\":\"search_term_string\"}}],\"inLanguage\":\"en-US\"},{\"@type\":\"Person\",\"@id\":\"https:\\\/\\\/super-news.info\\\/es\\\/#\\\/schema\\\/person\\\/2d4068cb2f39cd10008c2fce578a7356\",\"name\":\"super-news\",\"image\":{\"@type\":\"ImageObject\",\"inLanguage\":\"en-US\",\"@id\":\"https:\\\/\\\/secure.gravatar.com\\\/avatar\\\/64ebac40b93f26a154f8a9b5b6fdccfc46f442b26b3dd6756dbff3bf9dc76fd7?s=96&d=mm&r=g\",\"url\":\"https:\\\/\\\/secure.gravatar.com\\\/avatar\\\/64ebac40b93f26a154f8a9b5b6fdccfc46f442b26b3dd6756dbff3bf9dc76fd7?s=96&d=mm&r=g\",\"contentUrl\":\"https:\\\/\\\/secure.gravatar.com\\\/avatar\\\/64ebac40b93f26a154f8a9b5b6fdccfc46f442b26b3dd6756dbff3bf9dc76fd7?s=96&d=mm&r=g\",\"caption\":\"super-news\"},\"url\":\"https:\\\/\\\/super-news.info\\\/es\\\/author\\\/pt\\\/\"}]}<\/script>\n<!-- \/ Yoast SEO plugin. -->","yoast_head_json":{"title":"La directora de gabinete de Calvi\u00f1o dejar\u00e1 Econom\u00eda y dirigir\u00e1 la oficina comercial en Mil\u00e1n en pr\u00f3ximos meses - Super News","robots":{"index":"index","follow":"follow","max-snippet":"max-snippet:-1","max-image-preview":"max-image-preview:large","max-video-preview":"max-video-preview:-1"},"canonical":"https:\/\/super-news.info\/es\/la-directora-de-gabinete-de-calvino-dejara-economia-y-dirigira-la-oficina-comercial-en-milan-en-proximos-meses\/","og_locale":"en_US","og_type":"article","og_title":"La directora de gabinete de Calvi\u00f1o dejar\u00e1 Econom\u00eda y dirigir\u00e1 la oficina comercial en Mil\u00e1n en pr\u00f3ximos meses - Super News","og_description":"MADRID, 3 Mar. (EUROPA PRESS) &#8211; La directora de gabinete de la Vicepresidenta Tercera del Gobierno y Ministra de Asuntos Econ\u00f3micos y Transformaci\u00f3n Digital, Nadia Calvi\u00f1o, la economista Carmen Balsa, ha obtenido una plaza para dirigir la oficina comercial en Mil\u00e1n (Italia), cargo que asumir\u00e1 en los pr\u00f3ximos meses una vez abandone el departamento econ\u00f3mico, [&hellip;]","og_url":"https:\/\/super-news.info\/es\/la-directora-de-gabinete-de-calvino-dejara-economia-y-dirigira-la-oficina-comercial-en-milan-en-proximos-meses\/","og_site_name":"Super News","article_published_time":"2021-03-04T02:21:32+00:00","article_modified_time":"2021-03-04T02:21:34+00:00","og_image":[{"width":120,"height":146,"url":"https:\/\/super-news.info\/es\/wp-content\/uploads\/sites\/4\/2021\/03\/La-directora-de-gabinete-de-Calvino-dejara-Economia-y-dirigira.jpg","type":"image\/jpeg"}],"author":"super-news","twitter_card":"summary_large_image","twitter_misc":{"Written by":"super-news","Est. reading time":"2 minutes"},"schema":{"@context":"https:\/\/schema.org","@graph":[{"@type":"Article","@id":"https:\/\/super-news.info\/es\/la-directora-de-gabinete-de-calvino-dejara-economia-y-dirigira-la-oficina-comercial-en-milan-en-proximos-meses\/#article","isPartOf":{"@id":"https:\/\/super-news.info\/es\/la-directora-de-gabinete-de-calvino-dejara-economia-y-dirigira-la-oficina-comercial-en-milan-en-proximos-meses\/"},"author":{"name":"super-news","@id":"https:\/\/super-news.info\/es\/#\/schema\/person\/2d4068cb2f39cd10008c2fce578a7356"},"headline":"La directora de gabinete de Calvi\u00f1o dejar\u00e1 Econom\u00eda y dirigir\u00e1 la oficina comercial en Mil\u00e1n en pr\u00f3ximos meses","datePublished":"2021-03-04T02:21:32+00:00","dateModified":"2021-03-04T02:21:34+00:00","mainEntityOfPage":{"@id":"https:\/\/super-news.info\/es\/la-directora-de-gabinete-de-calvino-dejara-economia-y-dirigira-la-oficina-comercial-en-milan-en-proximos-meses\/"},"wordCount":481,"commentCount":0,"image":{"@id":"https:\/\/super-news.info\/es\/la-directora-de-gabinete-de-calvino-dejara-economia-y-dirigira-la-oficina-comercial-en-milan-en-proximos-meses\/#primaryimage"},"thumbnailUrl":"https:\/\/super-news.info\/es\/wp-content\/uploads\/sites\/4\/2021\/03\/La-directora-de-gabinete-de-Calvino-dejara-Economia-y-dirigira.jpg","articleSection":["NOTICIAS FINANCIERAS"],"inLanguage":"en-US","potentialAction":[{"@type":"CommentAction","name":"Comment","target":["https:\/\/super-news.info\/es\/la-directora-de-gabinete-de-calvino-dejara-economia-y-dirigira-la-oficina-comercial-en-milan-en-proximos-meses\/#respond"]}]},{"@type":"WebPage","@id":"https:\/\/super-news.info\/es\/la-directora-de-gabinete-de-calvino-dejara-economia-y-dirigira-la-oficina-comercial-en-milan-en-proximos-meses\/","url":"https:\/\/super-news.info\/es\/la-directora-de-gabinete-de-calvino-dejara-economia-y-dirigira-la-oficina-comercial-en-milan-en-proximos-meses\/","name":"La directora de gabinete de Calvi\u00f1o dejar\u00e1 Econom\u00eda y dirigir\u00e1 la oficina comercial en Mil\u00e1n en pr\u00f3ximos meses - Super News","isPartOf":{"@id":"https:\/\/super-news.info\/es\/#website"},"primaryImageOfPage":{"@id":"https:\/\/super-news.info\/es\/la-directora-de-gabinete-de-calvino-dejara-economia-y-dirigira-la-oficina-comercial-en-milan-en-proximos-meses\/#primaryimage"},"image":{"@id":"https:\/\/super-news.info\/es\/la-directora-de-gabinete-de-calvino-dejara-economia-y-dirigira-la-oficina-comercial-en-milan-en-proximos-meses\/#primaryimage"},"thumbnailUrl":"https:\/\/super-news.info\/es\/wp-content\/uploads\/sites\/4\/2021\/03\/La-directora-de-gabinete-de-Calvino-dejara-Economia-y-dirigira.jpg","datePublished":"2021-03-04T02:21:32+00:00","dateModified":"2021-03-04T02:21:34+00:00","author":{"@id":"https:\/\/super-news.info\/es\/#\/schema\/person\/2d4068cb2f39cd10008c2fce578a7356"},"breadcrumb":{"@id":"https:\/\/super-news.info\/es\/la-directora-de-gabinete-de-calvino-dejara-economia-y-dirigira-la-oficina-comercial-en-milan-en-proximos-meses\/#breadcrumb"},"inLanguage":"en-US","potentialAction":[{"@type":"ReadAction","target":["https:\/\/super-news.info\/es\/la-directora-de-gabinete-de-calvino-dejara-economia-y-dirigira-la-oficina-comercial-en-milan-en-proximos-meses\/"]}]},{"@type":"ImageObject","inLanguage":"en-US","@id":"https:\/\/super-news.info\/es\/la-directora-de-gabinete-de-calvino-dejara-economia-y-dirigira-la-oficina-comercial-en-milan-en-proximos-meses\/#primaryimage","url":"https:\/\/super-news.info\/es\/wp-content\/uploads\/sites\/4\/2021\/03\/La-directora-de-gabinete-de-Calvino-dejara-Economia-y-dirigira.jpg","contentUrl":"https:\/\/super-news.info\/es\/wp-content\/uploads\/sites\/4\/2021\/03\/La-directora-de-gabinete-de-Calvino-dejara-Economia-y-dirigira.jpg","width":120,"height":146,"caption":"La directora de gabinete de Calvi\u00f1o dejar\u00e1 Econom\u00eda y dirigir\u00e1 la oficina comercial en Mil\u00e1n en pr\u00f3ximos meses"},{"@type":"BreadcrumbList","@id":"https:\/\/super-news.info\/es\/la-directora-de-gabinete-de-calvino-dejara-economia-y-dirigira-la-oficina-comercial-en-milan-en-proximos-meses\/#breadcrumb","itemListElement":[{"@type":"ListItem","position":1,"name":"\u0413\u043b\u0430\u0432\u043d\u0430\u044f \u0441\u0442\u0440\u0430\u043d\u0438\u0446\u0430","item":"https:\/\/super-news.info\/es\/"},{"@type":"ListItem","position":2,"name":"La directora de gabinete de Calvi\u00f1o dejar\u00e1 Econom\u00eda y dirigir\u00e1 la oficina comercial en Mil\u00e1n en pr\u00f3ximos meses"}]},{"@type":"WebSite","@id":"https:\/\/super-news.info\/es\/#website","url":"https:\/\/super-news.info\/es\/","name":"Super News","description":"Super News Espa\u00f1a","potentialAction":[{"@type":"SearchAction","target":{"@type":"EntryPoint","urlTemplate":"https:\/\/super-news.info\/es\/?s={search_term_string}"},"query-input":{"@type":"PropertyValueSpecification","valueRequired":true,"valueName":"search_term_string"}}],"inLanguage":"en-US"},{"@type":"Person","@id":"https:\/\/super-news.info\/es\/#\/schema\/person\/2d4068cb2f39cd10008c2fce578a7356","name":"super-news","image":{"@type":"ImageObject","inLanguage":"en-US","@id":"https:\/\/secure.gravatar.com\/avatar\/64ebac40b93f26a154f8a9b5b6fdccfc46f442b26b3dd6756dbff3bf9dc76fd7?s=96&d=mm&r=g","url":"https:\/\/secure.gravatar.com\/avatar\/64ebac40b93f26a154f8a9b5b6fdccfc46f442b26b3dd6756dbff3bf9dc76fd7?s=96&d=mm&r=g","contentUrl":"https:\/\/secure.gravatar.com\/avatar\/64ebac40b93f26a154f8a9b5b6fdccfc46f442b26b3dd6756dbff3bf9dc76fd7?s=96&d=mm&r=g","caption":"super-news"},"url":"https:\/\/super-news.info\/es\/author\/pt\/"}]}},"_links":{"self":[{"href":"https:\/\/super-news.info\/es\/wp-json\/wp\/v2\/posts\/13750","targetHints":{"allow":["GET"]}}],"collection":[{"href":"https:\/\/super-news.info\/es\/wp-json\/wp\/v2\/posts"}],"about":[{"href":"https:\/\/super-news.info\/es\/wp-json\/wp\/v2\/types\/post"}],"author":[{"embeddable":true,"href":"https:\/\/super-news.info\/es\/wp-json\/wp\/v2\/users\/2"}],"replies":[{"embeddable":true,"href":"https:\/\/super-news.info\/es\/wp-json\/wp\/v2\/comments?post=13750"}],"version-history":[{"count":1,"href":"https:\/\/super-news.info\/es\/wp-json\/wp\/v2\/posts\/13750\/revisions"}],"predecessor-version":[{"id":13752,"href":"https:\/\/super-news.info\/es\/wp-json\/wp\/v2\/posts\/13750\/revisions\/13752"}],"wp:featuredmedia":[{"embeddable":true,"href":"https:\/\/super-news.info\/es\/wp-json\/wp\/v2\/media\/13751"}],"wp:attachment":[{"href":"https:\/\/super-news.info\/es\/wp-json\/wp\/v2\/media?parent=13750"}],"wp:term":[{"taxonomy":"category","embeddable":true,"href":"https:\/\/super-news.info\/es\/wp-json\/wp\/v2\/categories?post=13750"},{"taxonomy":"post_tag","embeddable":true,"href":"https:\/\/super-news.info\/es\/wp-json\/wp\/v2\/tags?post=13750"}],"curies":[{"name":"wp","href":"https:\/\/api.w.org\/{rel}","templated":true}]}}