{"id":13744,"date":"2021-03-03T17:17:26","date_gmt":"2021-03-03T14:17:26","guid":{"rendered":"https:\/\/super-news.info\/es\/inditex-invierte-130-millones-en-el-nuevo-edificio-de-zara-com-que-reune-sostenibilidad-y-tecnologia\/"},"modified":"2021-03-03T17:17:27","modified_gmt":"2021-03-03T14:17:27","slug":"inditex-invierte-130-millones-en-el-nuevo-edificio-de-zara-com-que-reune-sostenibilidad-y-tecnologia","status":"publish","type":"post","link":"https:\/\/super-news.info\/es\/inditex-invierte-130-millones-en-el-nuevo-edificio-de-zara-com-que-reune-sostenibilidad-y-tecnologia\/","title":{"rendered":"Inditex invierte 130 millones en el nuevo edificio de Zara.com, que re\u00fane sostenibilidad y tecnolog\u00eda"},"content":{"rendered":"<p>\nMADRID, 3 Mar. (EUROPA PRESS) &#8211;<br \/>\n   Inditex ha invertido 130 millones de euros en el nuevo edificio ecoeficiente y tecnol\u00f3gicamente avanzado en su sede central en Arteixo (A Coru\u00f1a), que se inaugurar\u00e1 el 17 de marzo y que albergar\u00e1 los nuevos estudios de Zara.com, as\u00ed como el departamento central de dise\u00f1o de Zara Man, seg\u00fan ha informado la firma en un comunicado.<br \/>\n   En concreto, el nuevo edificio est\u00e1 rodeado de un ecosistema naturalajardinado de plantas y \u00e1rboles e incorpora los \u00faltimos avances enmateria de sostenibilidad y tecnolog\u00eda.<br \/>\n   El presidente de Inditex, Pablo Isla, ha destacado que este edificio &#8220;representa el mejor ejemplo visual de la estrategia de la compa\u00f1\u00eda, por la inversi\u00f3n que conlleva en tecnolog\u00eda de enfoque integrado entre tiendas y &#8216;online&#8217;, y en la incorporaci\u00f3n de los sistemas m\u00e1s avanzados de sostenibilidad&#8221;.<br \/>\n   El nuevo edificio, que cuenta con 67.000 metros cuadrados y 28 metros de altura, destaca por la incorporaci\u00f3n de 720 m\u00f3dulos de vidrio de alta eficiencia energ\u00e9tica que recubre toda la parte exterior, intercalados por pilares estructurales de aluminio, que garantizan la iluminaci\u00f3n natural en el espacio interior.<br \/>\n   Todos los espacios son abiertos y se ha establecido un \u00e1gora central, un entorno que invita al encuentro, y que permite reuniones entre diferentes equipos, soluciones que funcionan a pleno rendimiento ya en las anteriores ampliaciones de la sede de Arteixo, desarrollados tambi\u00e9n por el mismo estudio de arquitectos, Batlle i Roig, que ha colaborado con Inditex en sedes como las de Pull&amp;Bear, Massimo Dutti y Stradivarius.<br \/>\n   Adem\u00e1s, el edificio est\u00e1 dotado con los \u00faltimos avances en conectividad a trav\u00e9s de Wifi 6 y 5G, que facilitan la utilizaci\u00f3n de novedosas herramientas tecnol\u00f3gicas como las pantallas LED dobles que permiten que cualquier usuario de las instalaciones pueda proyectar sobre ellas a trav\u00e9s de Wifi sin necesidad de otro tipo de conexi\u00f3n.<br \/>\n   La planta baja y la primera estar\u00e1n ocupadas por el departamento central de dise\u00f1o de Zara Man, y permitir\u00e1 integrar una extensa \u00e1rea de patronaje y showrooms, mientras que la segunda y tercera acoger\u00e1n al equipo multidisciplinar que integra Zara.com.<br \/>\n   Adem\u00e1s, estas plantas albergan tambi\u00e9n a los equipos dedicados a procesos para la gesti\u00f3n integrada del stock entre las tiendas y el &#8216;online&#8217;, a todos los servicios destinados a la atenci\u00f3n al cliente, y a operaciones de I+D.<br \/>\n   En la cuarta planta, de 9.000 metros cuadrados, est\u00e1n ubicados los plat\u00f3s, todos ellos con luz natural, en los que fot\u00f3grafos, modelos, estilistas y maquilladores dan vida a las prendas y estilismos que est\u00e1n disponibles en zara.com.<br \/>\n   Inditex ha precisado que estas nuevas instalaciones est\u00e1n conectadas con el resto de la sede a trav\u00e9s de una pasarela acristalada situada en la tercera planta y sus cinco plantas est\u00e1n comunicadas entre s\u00ed mediante tres amplias escaleras.<br \/>\nAPUESTA POR ENERG\u00cdA RENOVABLE CON 3.380 PANELES SOLARES<br \/>\n   Por otro lado, el nuevo edificio destaca por su apuesta por la sostenibilidad. As\u00ed, el edificio ha sido dise\u00f1ado en funci\u00f3n de conceptos bioclim\u00e1ticos, ha sido construido con materiales respetuosos con el medio ambiente y dispone de instalaciones de alta eficiencia.<br \/>\n   De esta forma, cumple as\u00ed con los exigentes requisitos del US Green Building Council (USGBC), la referencia en est\u00e1ndares medioambientales para edificaciones sostenibles, y aspira a su m\u00e1xima certificaci\u00f3n, LEED Platino.<br \/>\n   La cubierta cuenta con 554 paneles fotovoltaicos que, junto con los 2.826 paneles instalados en el parking exterior, consiguen autoabastecer la mitad del consumo el\u00e9ctrico del edificio. El consumo energ\u00e9tico total del edificio procede \u00edntegramente de fuentes renovables.<br \/>\n   Su estructura, con un dep\u00f3sito subterr\u00e1neo de 270 metros c\u00fabicos, permite tambi\u00e9n reaprovechar el agua de lluvia para usos no potables como riego o sanitarios. Por su parte, el dise\u00f1o de la fachada, con grandes m\u00f3dulos de vidrio de alta eficiencia y acabados de colores claros, replicados tambi\u00e9n en la cubierta, genera un ahorro energ\u00e9tico estimado del 22% con respecto a los requisitos establecidos porUSGBC.<br \/>\n   Por otro lado, los materiales utilizados cumplen tambi\u00e9n con los compromisos de la compa\u00f1\u00eda en materia medioambiental y en t\u00e9rminos de circularidad. El sistema estructural prefabricado ha sido realizado con materiales reciclados, los acabados interiores son de bajo contenido en Compuestos Org\u00e1nicos Vol\u00e1tiles (COVs) y el mobiliario cuenta con declaraci\u00f3n ambiental de producto (DAP) y con certificado de origen responsable y maderas certificadas FSC.<br \/>\n<br \/>\n<!--noindex--><br \/>\n<a href=\"https:\/\/www.europapress.es\/economia\/noticia-inditex-invierte-130-millones-nuevo-edificio-zaracom-reune-sostenibilidad-tecnologia-20210303140812.html\" rel=\"nofollow\">Source link <\/a><br \/>\n<!--\/noindex--><\/p>\n","protected":false},"excerpt":{"rendered":"<p>MADRID, 3 Mar. (EUROPA PRESS) &#8211; Inditex ha invertido 130 millones de euros en el nuevo edificio ecoeficiente y tecnol\u00f3gicamente avanzado en su sede central en Arteixo (A Coru\u00f1a), que se inaugurar\u00e1 el 17 de marzo y que albergar\u00e1 los nuevos estudios de Zara.com, as\u00ed como el departamento central de dise\u00f1o de Zara Man, seg\u00fan [&hellip;]<\/p>\n","protected":false},"author":2,"featured_media":13745,"comment_status":"open","ping_status":"open","sticky":false,"template":"","format":"standard","meta":{"footnotes":""},"categories":[1],"tags":[],"class_list":["post-13744","post","type-post","status-publish","format-standard","has-post-thumbnail","hentry","category-noticias-financieras"],"yoast_head":"<!-- This site is optimized with the Yoast SEO plugin v27.4 - https:\/\/yoast.com\/product\/yoast-seo-wordpress\/ -->\n<title>Inditex invierte 130 millones en el nuevo edificio de Zara.com, que re\u00fane sostenibilidad y tecnolog\u00eda - Super News<\/title>\n<meta name=\"robots\" content=\"index, follow, max-snippet:-1, max-image-preview:large, max-video-preview:-1\" \/>\n<link rel=\"canonical\" href=\"https:\/\/super-news.info\/es\/inditex-invierte-130-millones-en-el-nuevo-edificio-de-zara-com-que-reune-sostenibilidad-y-tecnologia\/\" \/>\n<meta property=\"og:locale\" content=\"en_US\" \/>\n<meta property=\"og:type\" content=\"article\" \/>\n<meta property=\"og:title\" content=\"Inditex invierte 130 millones en el nuevo edificio de Zara.com, que re\u00fane sostenibilidad y tecnolog\u00eda - Super News\" \/>\n<meta property=\"og:description\" content=\"MADRID, 3 Mar. (EUROPA PRESS) &#8211; Inditex ha invertido 130 millones de euros en el nuevo edificio ecoeficiente y tecnol\u00f3gicamente avanzado en su sede central en Arteixo (A Coru\u00f1a), que se inaugurar\u00e1 el 17 de marzo y que albergar\u00e1 los nuevos estudios de Zara.com, as\u00ed como el departamento central de dise\u00f1o de Zara Man, seg\u00fan [&hellip;]\" \/>\n<meta property=\"og:url\" content=\"https:\/\/super-news.info\/es\/inditex-invierte-130-millones-en-el-nuevo-edificio-de-zara-com-que-reune-sostenibilidad-y-tecnologia\/\" \/>\n<meta property=\"og:site_name\" content=\"Super News\" \/>\n<meta property=\"article:published_time\" content=\"2021-03-03T14:17:26+00:00\" \/>\n<meta property=\"article:modified_time\" content=\"2021-03-03T14:17:27+00:00\" \/>\n<meta property=\"og:image\" content=\"https:\/\/super-news.info\/es\/wp-content\/uploads\/sites\/4\/2021\/03\/Inditex-invierte-130-millones-en-el-nuevo-edificio-de-Zaracom.jpg\" \/>\n\t<meta property=\"og:image:width\" content=\"120\" \/>\n\t<meta property=\"og:image:height\" content=\"80\" \/>\n\t<meta property=\"og:image:type\" content=\"image\/jpeg\" \/>\n<meta name=\"author\" content=\"super-news\" \/>\n<meta name=\"twitter:card\" content=\"summary_large_image\" \/>\n<meta name=\"twitter:label1\" content=\"Written by\" \/>\n\t<meta name=\"twitter:data1\" content=\"super-news\" \/>\n\t<meta name=\"twitter:label2\" content=\"Est. reading time\" \/>\n\t<meta name=\"twitter:data2\" content=\"4 minutes\" \/>\n<script type=\"application\/ld+json\" class=\"yoast-schema-graph\">{\"@context\":\"https:\\\/\\\/schema.org\",\"@graph\":[{\"@type\":\"Article\",\"@id\":\"https:\\\/\\\/super-news.info\\\/es\\\/inditex-invierte-130-millones-en-el-nuevo-edificio-de-zara-com-que-reune-sostenibilidad-y-tecnologia\\\/#article\",\"isPartOf\":{\"@id\":\"https:\\\/\\\/super-news.info\\\/es\\\/inditex-invierte-130-millones-en-el-nuevo-edificio-de-zara-com-que-reune-sostenibilidad-y-tecnologia\\\/\"},\"author\":{\"name\":\"super-news\",\"@id\":\"https:\\\/\\\/super-news.info\\\/es\\\/#\\\/schema\\\/person\\\/2d4068cb2f39cd10008c2fce578a7356\"},\"headline\":\"Inditex invierte 130 millones en el nuevo edificio de Zara.com, que re\u00fane sostenibilidad y tecnolog\u00eda\",\"datePublished\":\"2021-03-03T14:17:26+00:00\",\"dateModified\":\"2021-03-03T14:17:27+00:00\",\"mainEntityOfPage\":{\"@id\":\"https:\\\/\\\/super-news.info\\\/es\\\/inditex-invierte-130-millones-en-el-nuevo-edificio-de-zara-com-que-reune-sostenibilidad-y-tecnologia\\\/\"},\"wordCount\":773,\"commentCount\":0,\"image\":{\"@id\":\"https:\\\/\\\/super-news.info\\\/es\\\/inditex-invierte-130-millones-en-el-nuevo-edificio-de-zara-com-que-reune-sostenibilidad-y-tecnologia\\\/#primaryimage\"},\"thumbnailUrl\":\"https:\\\/\\\/super-news.info\\\/es\\\/wp-content\\\/uploads\\\/sites\\\/4\\\/2021\\\/03\\\/Inditex-invierte-130-millones-en-el-nuevo-edificio-de-Zaracom.jpg\",\"articleSection\":[\"NOTICIAS FINANCIERAS\"],\"inLanguage\":\"en-US\",\"potentialAction\":[{\"@type\":\"CommentAction\",\"name\":\"Comment\",\"target\":[\"https:\\\/\\\/super-news.info\\\/es\\\/inditex-invierte-130-millones-en-el-nuevo-edificio-de-zara-com-que-reune-sostenibilidad-y-tecnologia\\\/#respond\"]}]},{\"@type\":\"WebPage\",\"@id\":\"https:\\\/\\\/super-news.info\\\/es\\\/inditex-invierte-130-millones-en-el-nuevo-edificio-de-zara-com-que-reune-sostenibilidad-y-tecnologia\\\/\",\"url\":\"https:\\\/\\\/super-news.info\\\/es\\\/inditex-invierte-130-millones-en-el-nuevo-edificio-de-zara-com-que-reune-sostenibilidad-y-tecnologia\\\/\",\"name\":\"Inditex invierte 130 millones en el nuevo edificio de Zara.com, que re\u00fane sostenibilidad y tecnolog\u00eda - Super News\",\"isPartOf\":{\"@id\":\"https:\\\/\\\/super-news.info\\\/es\\\/#website\"},\"primaryImageOfPage\":{\"@id\":\"https:\\\/\\\/super-news.info\\\/es\\\/inditex-invierte-130-millones-en-el-nuevo-edificio-de-zara-com-que-reune-sostenibilidad-y-tecnologia\\\/#primaryimage\"},\"image\":{\"@id\":\"https:\\\/\\\/super-news.info\\\/es\\\/inditex-invierte-130-millones-en-el-nuevo-edificio-de-zara-com-que-reune-sostenibilidad-y-tecnologia\\\/#primaryimage\"},\"thumbnailUrl\":\"https:\\\/\\\/super-news.info\\\/es\\\/wp-content\\\/uploads\\\/sites\\\/4\\\/2021\\\/03\\\/Inditex-invierte-130-millones-en-el-nuevo-edificio-de-Zaracom.jpg\",\"datePublished\":\"2021-03-03T14:17:26+00:00\",\"dateModified\":\"2021-03-03T14:17:27+00:00\",\"author\":{\"@id\":\"https:\\\/\\\/super-news.info\\\/es\\\/#\\\/schema\\\/person\\\/2d4068cb2f39cd10008c2fce578a7356\"},\"breadcrumb\":{\"@id\":\"https:\\\/\\\/super-news.info\\\/es\\\/inditex-invierte-130-millones-en-el-nuevo-edificio-de-zara-com-que-reune-sostenibilidad-y-tecnologia\\\/#breadcrumb\"},\"inLanguage\":\"en-US\",\"potentialAction\":[{\"@type\":\"ReadAction\",\"target\":[\"https:\\\/\\\/super-news.info\\\/es\\\/inditex-invierte-130-millones-en-el-nuevo-edificio-de-zara-com-que-reune-sostenibilidad-y-tecnologia\\\/\"]}]},{\"@type\":\"ImageObject\",\"inLanguage\":\"en-US\",\"@id\":\"https:\\\/\\\/super-news.info\\\/es\\\/inditex-invierte-130-millones-en-el-nuevo-edificio-de-zara-com-que-reune-sostenibilidad-y-tecnologia\\\/#primaryimage\",\"url\":\"https:\\\/\\\/super-news.info\\\/es\\\/wp-content\\\/uploads\\\/sites\\\/4\\\/2021\\\/03\\\/Inditex-invierte-130-millones-en-el-nuevo-edificio-de-Zaracom.jpg\",\"contentUrl\":\"https:\\\/\\\/super-news.info\\\/es\\\/wp-content\\\/uploads\\\/sites\\\/4\\\/2021\\\/03\\\/Inditex-invierte-130-millones-en-el-nuevo-edificio-de-Zaracom.jpg\",\"width\":120,\"height\":80,\"caption\":\"Inditex invierte 130 millones en el nuevo edificio de Zara.com, que re\u00fane sostenibilidad y tecnolog\u00eda\"},{\"@type\":\"BreadcrumbList\",\"@id\":\"https:\\\/\\\/super-news.info\\\/es\\\/inditex-invierte-130-millones-en-el-nuevo-edificio-de-zara-com-que-reune-sostenibilidad-y-tecnologia\\\/#breadcrumb\",\"itemListElement\":[{\"@type\":\"ListItem\",\"position\":1,\"name\":\"\u0413\u043b\u0430\u0432\u043d\u0430\u044f \u0441\u0442\u0440\u0430\u043d\u0438\u0446\u0430\",\"item\":\"https:\\\/\\\/super-news.info\\\/es\\\/\"},{\"@type\":\"ListItem\",\"position\":2,\"name\":\"Inditex invierte 130 millones en el nuevo edificio de Zara.com, que re\u00fane sostenibilidad y tecnolog\u00eda\"}]},{\"@type\":\"WebSite\",\"@id\":\"https:\\\/\\\/super-news.info\\\/es\\\/#website\",\"url\":\"https:\\\/\\\/super-news.info\\\/es\\\/\",\"name\":\"Super News\",\"description\":\"Super News Espa\u00f1a\",\"potentialAction\":[{\"@type\":\"SearchAction\",\"target\":{\"@type\":\"EntryPoint\",\"urlTemplate\":\"https:\\\/\\\/super-news.info\\\/es\\\/?s={search_term_string}\"},\"query-input\":{\"@type\":\"PropertyValueSpecification\",\"valueRequired\":true,\"valueName\":\"search_term_string\"}}],\"inLanguage\":\"en-US\"},{\"@type\":\"Person\",\"@id\":\"https:\\\/\\\/super-news.info\\\/es\\\/#\\\/schema\\\/person\\\/2d4068cb2f39cd10008c2fce578a7356\",\"name\":\"super-news\",\"image\":{\"@type\":\"ImageObject\",\"inLanguage\":\"en-US\",\"@id\":\"https:\\\/\\\/secure.gravatar.com\\\/avatar\\\/64ebac40b93f26a154f8a9b5b6fdccfc46f442b26b3dd6756dbff3bf9dc76fd7?s=96&d=mm&r=g\",\"url\":\"https:\\\/\\\/secure.gravatar.com\\\/avatar\\\/64ebac40b93f26a154f8a9b5b6fdccfc46f442b26b3dd6756dbff3bf9dc76fd7?s=96&d=mm&r=g\",\"contentUrl\":\"https:\\\/\\\/secure.gravatar.com\\\/avatar\\\/64ebac40b93f26a154f8a9b5b6fdccfc46f442b26b3dd6756dbff3bf9dc76fd7?s=96&d=mm&r=g\",\"caption\":\"super-news\"},\"url\":\"https:\\\/\\\/super-news.info\\\/es\\\/author\\\/pt\\\/\"}]}<\/script>\n<!-- \/ Yoast SEO plugin. -->","yoast_head_json":{"title":"Inditex invierte 130 millones en el nuevo edificio de Zara.com, que re\u00fane sostenibilidad y tecnolog\u00eda - Super News","robots":{"index":"index","follow":"follow","max-snippet":"max-snippet:-1","max-image-preview":"max-image-preview:large","max-video-preview":"max-video-preview:-1"},"canonical":"https:\/\/super-news.info\/es\/inditex-invierte-130-millones-en-el-nuevo-edificio-de-zara-com-que-reune-sostenibilidad-y-tecnologia\/","og_locale":"en_US","og_type":"article","og_title":"Inditex invierte 130 millones en el nuevo edificio de Zara.com, que re\u00fane sostenibilidad y tecnolog\u00eda - Super News","og_description":"MADRID, 3 Mar. (EUROPA PRESS) &#8211; Inditex ha invertido 130 millones de euros en el nuevo edificio ecoeficiente y tecnol\u00f3gicamente avanzado en su sede central en Arteixo (A Coru\u00f1a), que se inaugurar\u00e1 el 17 de marzo y que albergar\u00e1 los nuevos estudios de Zara.com, as\u00ed como el departamento central de dise\u00f1o de Zara Man, seg\u00fan [&hellip;]","og_url":"https:\/\/super-news.info\/es\/inditex-invierte-130-millones-en-el-nuevo-edificio-de-zara-com-que-reune-sostenibilidad-y-tecnologia\/","og_site_name":"Super News","article_published_time":"2021-03-03T14:17:26+00:00","article_modified_time":"2021-03-03T14:17:27+00:00","og_image":[{"width":120,"height":80,"url":"https:\/\/super-news.info\/es\/wp-content\/uploads\/sites\/4\/2021\/03\/Inditex-invierte-130-millones-en-el-nuevo-edificio-de-Zaracom.jpg","type":"image\/jpeg"}],"author":"super-news","twitter_card":"summary_large_image","twitter_misc":{"Written by":"super-news","Est. reading time":"4 minutes"},"schema":{"@context":"https:\/\/schema.org","@graph":[{"@type":"Article","@id":"https:\/\/super-news.info\/es\/inditex-invierte-130-millones-en-el-nuevo-edificio-de-zara-com-que-reune-sostenibilidad-y-tecnologia\/#article","isPartOf":{"@id":"https:\/\/super-news.info\/es\/inditex-invierte-130-millones-en-el-nuevo-edificio-de-zara-com-que-reune-sostenibilidad-y-tecnologia\/"},"author":{"name":"super-news","@id":"https:\/\/super-news.info\/es\/#\/schema\/person\/2d4068cb2f39cd10008c2fce578a7356"},"headline":"Inditex invierte 130 millones en el nuevo edificio de Zara.com, que re\u00fane sostenibilidad y tecnolog\u00eda","datePublished":"2021-03-03T14:17:26+00:00","dateModified":"2021-03-03T14:17:27+00:00","mainEntityOfPage":{"@id":"https:\/\/super-news.info\/es\/inditex-invierte-130-millones-en-el-nuevo-edificio-de-zara-com-que-reune-sostenibilidad-y-tecnologia\/"},"wordCount":773,"commentCount":0,"image":{"@id":"https:\/\/super-news.info\/es\/inditex-invierte-130-millones-en-el-nuevo-edificio-de-zara-com-que-reune-sostenibilidad-y-tecnologia\/#primaryimage"},"thumbnailUrl":"https:\/\/super-news.info\/es\/wp-content\/uploads\/sites\/4\/2021\/03\/Inditex-invierte-130-millones-en-el-nuevo-edificio-de-Zaracom.jpg","articleSection":["NOTICIAS FINANCIERAS"],"inLanguage":"en-US","potentialAction":[{"@type":"CommentAction","name":"Comment","target":["https:\/\/super-news.info\/es\/inditex-invierte-130-millones-en-el-nuevo-edificio-de-zara-com-que-reune-sostenibilidad-y-tecnologia\/#respond"]}]},{"@type":"WebPage","@id":"https:\/\/super-news.info\/es\/inditex-invierte-130-millones-en-el-nuevo-edificio-de-zara-com-que-reune-sostenibilidad-y-tecnologia\/","url":"https:\/\/super-news.info\/es\/inditex-invierte-130-millones-en-el-nuevo-edificio-de-zara-com-que-reune-sostenibilidad-y-tecnologia\/","name":"Inditex invierte 130 millones en el nuevo edificio de Zara.com, que re\u00fane sostenibilidad y tecnolog\u00eda - Super News","isPartOf":{"@id":"https:\/\/super-news.info\/es\/#website"},"primaryImageOfPage":{"@id":"https:\/\/super-news.info\/es\/inditex-invierte-130-millones-en-el-nuevo-edificio-de-zara-com-que-reune-sostenibilidad-y-tecnologia\/#primaryimage"},"image":{"@id":"https:\/\/super-news.info\/es\/inditex-invierte-130-millones-en-el-nuevo-edificio-de-zara-com-que-reune-sostenibilidad-y-tecnologia\/#primaryimage"},"thumbnailUrl":"https:\/\/super-news.info\/es\/wp-content\/uploads\/sites\/4\/2021\/03\/Inditex-invierte-130-millones-en-el-nuevo-edificio-de-Zaracom.jpg","datePublished":"2021-03-03T14:17:26+00:00","dateModified":"2021-03-03T14:17:27+00:00","author":{"@id":"https:\/\/super-news.info\/es\/#\/schema\/person\/2d4068cb2f39cd10008c2fce578a7356"},"breadcrumb":{"@id":"https:\/\/super-news.info\/es\/inditex-invierte-130-millones-en-el-nuevo-edificio-de-zara-com-que-reune-sostenibilidad-y-tecnologia\/#breadcrumb"},"inLanguage":"en-US","potentialAction":[{"@type":"ReadAction","target":["https:\/\/super-news.info\/es\/inditex-invierte-130-millones-en-el-nuevo-edificio-de-zara-com-que-reune-sostenibilidad-y-tecnologia\/"]}]},{"@type":"ImageObject","inLanguage":"en-US","@id":"https:\/\/super-news.info\/es\/inditex-invierte-130-millones-en-el-nuevo-edificio-de-zara-com-que-reune-sostenibilidad-y-tecnologia\/#primaryimage","url":"https:\/\/super-news.info\/es\/wp-content\/uploads\/sites\/4\/2021\/03\/Inditex-invierte-130-millones-en-el-nuevo-edificio-de-Zaracom.jpg","contentUrl":"https:\/\/super-news.info\/es\/wp-content\/uploads\/sites\/4\/2021\/03\/Inditex-invierte-130-millones-en-el-nuevo-edificio-de-Zaracom.jpg","width":120,"height":80,"caption":"Inditex invierte 130 millones en el nuevo edificio de Zara.com, que re\u00fane sostenibilidad y tecnolog\u00eda"},{"@type":"BreadcrumbList","@id":"https:\/\/super-news.info\/es\/inditex-invierte-130-millones-en-el-nuevo-edificio-de-zara-com-que-reune-sostenibilidad-y-tecnologia\/#breadcrumb","itemListElement":[{"@type":"ListItem","position":1,"name":"\u0413\u043b\u0430\u0432\u043d\u0430\u044f \u0441\u0442\u0440\u0430\u043d\u0438\u0446\u0430","item":"https:\/\/super-news.info\/es\/"},{"@type":"ListItem","position":2,"name":"Inditex invierte 130 millones en el nuevo edificio de Zara.com, que re\u00fane sostenibilidad y tecnolog\u00eda"}]},{"@type":"WebSite","@id":"https:\/\/super-news.info\/es\/#website","url":"https:\/\/super-news.info\/es\/","name":"Super News","description":"Super News Espa\u00f1a","potentialAction":[{"@type":"SearchAction","target":{"@type":"EntryPoint","urlTemplate":"https:\/\/super-news.info\/es\/?s={search_term_string}"},"query-input":{"@type":"PropertyValueSpecification","valueRequired":true,"valueName":"search_term_string"}}],"inLanguage":"en-US"},{"@type":"Person","@id":"https:\/\/super-news.info\/es\/#\/schema\/person\/2d4068cb2f39cd10008c2fce578a7356","name":"super-news","image":{"@type":"ImageObject","inLanguage":"en-US","@id":"https:\/\/secure.gravatar.com\/avatar\/64ebac40b93f26a154f8a9b5b6fdccfc46f442b26b3dd6756dbff3bf9dc76fd7?s=96&d=mm&r=g","url":"https:\/\/secure.gravatar.com\/avatar\/64ebac40b93f26a154f8a9b5b6fdccfc46f442b26b3dd6756dbff3bf9dc76fd7?s=96&d=mm&r=g","contentUrl":"https:\/\/secure.gravatar.com\/avatar\/64ebac40b93f26a154f8a9b5b6fdccfc46f442b26b3dd6756dbff3bf9dc76fd7?s=96&d=mm&r=g","caption":"super-news"},"url":"https:\/\/super-news.info\/es\/author\/pt\/"}]}},"_links":{"self":[{"href":"https:\/\/super-news.info\/es\/wp-json\/wp\/v2\/posts\/13744","targetHints":{"allow":["GET"]}}],"collection":[{"href":"https:\/\/super-news.info\/es\/wp-json\/wp\/v2\/posts"}],"about":[{"href":"https:\/\/super-news.info\/es\/wp-json\/wp\/v2\/types\/post"}],"author":[{"embeddable":true,"href":"https:\/\/super-news.info\/es\/wp-json\/wp\/v2\/users\/2"}],"replies":[{"embeddable":true,"href":"https:\/\/super-news.info\/es\/wp-json\/wp\/v2\/comments?post=13744"}],"version-history":[{"count":1,"href":"https:\/\/super-news.info\/es\/wp-json\/wp\/v2\/posts\/13744\/revisions"}],"predecessor-version":[{"id":13746,"href":"https:\/\/super-news.info\/es\/wp-json\/wp\/v2\/posts\/13744\/revisions\/13746"}],"wp:featuredmedia":[{"embeddable":true,"href":"https:\/\/super-news.info\/es\/wp-json\/wp\/v2\/media\/13745"}],"wp:attachment":[{"href":"https:\/\/super-news.info\/es\/wp-json\/wp\/v2\/media?parent=13744"}],"wp:term":[{"taxonomy":"category","embeddable":true,"href":"https:\/\/super-news.info\/es\/wp-json\/wp\/v2\/categories?post=13744"},{"taxonomy":"post_tag","embeddable":true,"href":"https:\/\/super-news.info\/es\/wp-json\/wp\/v2\/tags?post=13744"}],"curies":[{"name":"wp","href":"https:\/\/api.w.org\/{rel}","templated":true}]}}