{"id":13719,"date":"2021-03-01T04:57:19","date_gmt":"2021-03-01T01:57:19","guid":{"rendered":"https:\/\/super-news.info\/es\/el-pp-pide-al-gobierno-que-elimine-la-subida-del-impuesto-de-matriculacion\/"},"modified":"2021-03-01T04:57:21","modified_gmt":"2021-03-01T01:57:21","slug":"el-pp-pide-al-gobierno-que-elimine-la-subida-del-impuesto-de-matriculacion","status":"publish","type":"post","link":"https:\/\/super-news.info\/es\/el-pp-pide-al-gobierno-que-elimine-la-subida-del-impuesto-de-matriculacion\/","title":{"rendered":"El PP pide al Gobierno que elimine la subida del impuesto de matriculaci\u00f3n"},"content":{"rendered":"<p>\nLa iniciativa &#8216;popular&#8217; contempla que &#8220;cada veh\u00edculo tenga exactamente la misma carga fiscal que en diciembre de 2020&#8221;<br \/>\n   MADRID, 28 Feb. (EUROPA PRESS) &#8211;<br \/>\n   El PP ha registrado en el Senado una proposici\u00f3n de ley para modificar el impuesto de matriculaci\u00f3n y, de este modo, &#8220;se deje sin efecto el perjuicio que se est\u00e1 causando al sector por el incremento de este impuesto&#8221;.<br \/>\n   La proposici\u00f3n &#8220;plantea materializar la voluntad mayoritaria expresada en el Pleno del Senado, a trav\u00e9s de la moci\u00f3n del GPP aprobada el pasado mi\u00e9rcoles 24 de febrero&#8221;, seg\u00fan indica la portavoz de Hacienda del grupo &#8216;popular&#8217; y senadora por Galicia, Elena Mu\u00f1oz. &#8220;Es necesario articular la medida legislativa que lo convierta en realidad, en el menor tiempo posible&#8221;, a\u00f1ade.<br \/>\n   Seg\u00fan afirma la senadora, el PP espera que el Gobierno cumpla con esa voluntad, acepte tramitar esta proposici\u00f3n de ley y &#8220;se ponga de lado de un sector econ\u00f3mico del que dependen tantos puestos de trabajo&#8221; en Espa\u00f1a y que, a su juicio, &#8220;ha venido sufriendo de forma muy importante los efectos de esta crisis&#8221;.<br \/>\n   &#8220;La propuesta de adaptaci\u00f3n de las emisiones de cada ep\u00edgrafe tiene como exclusivo objetivo mantener inalterada la tributaci\u00f3n en 2021, de modo que cada veh\u00edculo tenga exactamente la misma carga fiscal que en diciembre de 2020&#8221;, explica el GPP en el texto de la proposici\u00f3n.<br \/>\n   En la iniciativa, los populares en el Senado recuerdan que, en aplicaci\u00f3n de la normativa comunitaria de medici\u00f3n de emisiones a partir del 1 de enero de 2021, las emisiones que se recogen en la ficha ITV son las establecidas por el nuevo procedimiento de medici\u00f3n WLTP (que sustituye al actual NEDC) establecido por la UE.<br \/>\n   &#8220;La entrada en vigor de este nuevo procedimiento supone, en la pr\u00e1ctica, un aumento en el valor de emisiones oficial, ya que el dato WLTP es aproximadamente un 20% superior al vigente NEDC &#8211;remarca la Proposici\u00f3n de Ley en su pre\u00e1mbulo&#8211;. Por consiguiente, se trata de una modificaci\u00f3n de car\u00e1cter estrictamente t\u00e9cnico, que ha provocado un incremento autom\u00e1tico del impuesto de matriculaci\u00f3n y ha supuesto adem\u00e1s para muchos modelos perder la bonificaci\u00f3n del impuesto de la que disfrutaban&#8221;.<br \/>\nSITUACI\u00d3N EN LOS PA\u00cdSES DE NUESTRO ENTORNO<br \/>\n   Del mismo modo, la proposici\u00f3n se\u00f1ala que, &#8220;para que el cambio de una regulaci\u00f3n t\u00e9cnica no tuviera impacto fiscal, Francia y Portugal, pa\u00edses fabricantes que como Espa\u00f1a, a\u00fan aplican un impuesto de matriculaci\u00f3n, optaron por la adaptaci\u00f3n de las mediciones a la realidad actual, para evitar as\u00ed una mayor presi\u00f3n fiscal y, por lo tanto, una ca\u00edda todav\u00eda mayor del mercado del autom\u00f3vil&#8221;.<br \/>\n   Igualmente, se cita que &#8220;otros muchos pa\u00edses europeos con peso como fabricantes, como Alemania, Rep\u00fablica Checa, o Ruman\u00eda, entre otros, no tienen tal figura impositiva&#8221;.<br \/>\n   Asimismo, la iniciativa tambi\u00e9n se\u00f1ala que &#8220;la situaci\u00f3n econ\u00f3mica provocada por la COVID-19, ha convertido al sector de la automoci\u00f3n en uno de los m\u00e1s afectados por esta crisis&#8221;.<br \/>\n   Por eso, seg\u00fan el PP, es &#8220;previsible&#8221; que el sector pierda m\u00e1s de 500.000 veh\u00edculos de demanda en 2020, con un efecto directo sobre la producci\u00f3n, ya que uno de cada cuatro veh\u00edculos que se fabrican en Espa\u00f1a se destina al mercado nacional.<br \/>\n<br \/>\n<!--noindex--><br \/>\n<a href=\"https:\/\/www.europapress.es\/economia\/fiscal-00347\/noticia-pp-pide-gobierno-elimine-subida-impuesto-matriculacion-20210228123312.html\" rel=\"nofollow\">Source link <\/a><br \/>\n<!--\/noindex--><\/p>\n","protected":false},"excerpt":{"rendered":"<p>La iniciativa &#8216;popular&#8217; contempla que &#8220;cada veh\u00edculo tenga exactamente la misma carga fiscal que en diciembre de 2020&#8221; MADRID, 28 Feb. (EUROPA PRESS) &#8211; El PP ha registrado en el Senado una proposici\u00f3n de ley para modificar el impuesto de matriculaci\u00f3n y, de este modo, &#8220;se deje sin efecto el perjuicio que se est\u00e1 causando [&hellip;]<\/p>\n","protected":false},"author":2,"featured_media":13720,"comment_status":"open","ping_status":"open","sticky":false,"template":"","format":"standard","meta":{"footnotes":""},"categories":[1],"tags":[],"class_list":["post-13719","post","type-post","status-publish","format-standard","has-post-thumbnail","hentry","category-noticias-financieras"],"yoast_head":"<!-- This site is optimized with the Yoast SEO plugin v27.4 - https:\/\/yoast.com\/product\/yoast-seo-wordpress\/ -->\n<title>El PP pide al Gobierno que elimine la subida del impuesto de matriculaci\u00f3n - Super News<\/title>\n<meta name=\"robots\" content=\"index, follow, max-snippet:-1, max-image-preview:large, max-video-preview:-1\" \/>\n<link rel=\"canonical\" href=\"https:\/\/super-news.info\/es\/el-pp-pide-al-gobierno-que-elimine-la-subida-del-impuesto-de-matriculacion\/\" \/>\n<meta property=\"og:locale\" content=\"en_US\" \/>\n<meta property=\"og:type\" content=\"article\" \/>\n<meta property=\"og:title\" content=\"El PP pide al Gobierno que elimine la subida del impuesto de matriculaci\u00f3n - Super News\" \/>\n<meta property=\"og:description\" content=\"La iniciativa &#8216;popular&#8217; contempla que &#8220;cada veh\u00edculo tenga exactamente la misma carga fiscal que en diciembre de 2020&#8221; MADRID, 28 Feb. (EUROPA PRESS) &#8211; El PP ha registrado en el Senado una proposici\u00f3n de ley para modificar el impuesto de matriculaci\u00f3n y, de este modo, &#8220;se deje sin efecto el perjuicio que se est\u00e1 causando [&hellip;]\" \/>\n<meta property=\"og:url\" content=\"https:\/\/super-news.info\/es\/el-pp-pide-al-gobierno-que-elimine-la-subida-del-impuesto-de-matriculacion\/\" \/>\n<meta property=\"og:site_name\" content=\"Super News\" \/>\n<meta property=\"article:published_time\" content=\"2021-03-01T01:57:19+00:00\" \/>\n<meta property=\"article:modified_time\" content=\"2021-03-01T01:57:21+00:00\" \/>\n<meta property=\"og:image\" content=\"https:\/\/super-news.info\/es\/wp-content\/uploads\/sites\/4\/2021\/03\/El-PP-pide-al-Gobierno-que-elimine-la-subida-del.jpg\" \/>\n\t<meta property=\"og:image:width\" content=\"120\" \/>\n\t<meta property=\"og:image:height\" content=\"80\" \/>\n\t<meta property=\"og:image:type\" content=\"image\/jpeg\" \/>\n<meta name=\"author\" content=\"super-news\" \/>\n<meta name=\"twitter:card\" content=\"summary_large_image\" \/>\n<meta name=\"twitter:label1\" content=\"Written by\" \/>\n\t<meta name=\"twitter:data1\" content=\"super-news\" \/>\n\t<meta name=\"twitter:label2\" content=\"Est. reading time\" \/>\n\t<meta name=\"twitter:data2\" content=\"3 minutes\" \/>\n<script type=\"application\/ld+json\" class=\"yoast-schema-graph\">{\"@context\":\"https:\\\/\\\/schema.org\",\"@graph\":[{\"@type\":\"Article\",\"@id\":\"https:\\\/\\\/super-news.info\\\/es\\\/el-pp-pide-al-gobierno-que-elimine-la-subida-del-impuesto-de-matriculacion\\\/#article\",\"isPartOf\":{\"@id\":\"https:\\\/\\\/super-news.info\\\/es\\\/el-pp-pide-al-gobierno-que-elimine-la-subida-del-impuesto-de-matriculacion\\\/\"},\"author\":{\"name\":\"super-news\",\"@id\":\"https:\\\/\\\/super-news.info\\\/es\\\/#\\\/schema\\\/person\\\/2d4068cb2f39cd10008c2fce578a7356\"},\"headline\":\"El PP pide al Gobierno que elimine la subida del impuesto de matriculaci\u00f3n\",\"datePublished\":\"2021-03-01T01:57:19+00:00\",\"dateModified\":\"2021-03-01T01:57:21+00:00\",\"mainEntityOfPage\":{\"@id\":\"https:\\\/\\\/super-news.info\\\/es\\\/el-pp-pide-al-gobierno-que-elimine-la-subida-del-impuesto-de-matriculacion\\\/\"},\"wordCount\":591,\"commentCount\":0,\"image\":{\"@id\":\"https:\\\/\\\/super-news.info\\\/es\\\/el-pp-pide-al-gobierno-que-elimine-la-subida-del-impuesto-de-matriculacion\\\/#primaryimage\"},\"thumbnailUrl\":\"https:\\\/\\\/super-news.info\\\/es\\\/wp-content\\\/uploads\\\/sites\\\/4\\\/2021\\\/03\\\/El-PP-pide-al-Gobierno-que-elimine-la-subida-del.jpg\",\"articleSection\":[\"NOTICIAS FINANCIERAS\"],\"inLanguage\":\"en-US\",\"potentialAction\":[{\"@type\":\"CommentAction\",\"name\":\"Comment\",\"target\":[\"https:\\\/\\\/super-news.info\\\/es\\\/el-pp-pide-al-gobierno-que-elimine-la-subida-del-impuesto-de-matriculacion\\\/#respond\"]}]},{\"@type\":\"WebPage\",\"@id\":\"https:\\\/\\\/super-news.info\\\/es\\\/el-pp-pide-al-gobierno-que-elimine-la-subida-del-impuesto-de-matriculacion\\\/\",\"url\":\"https:\\\/\\\/super-news.info\\\/es\\\/el-pp-pide-al-gobierno-que-elimine-la-subida-del-impuesto-de-matriculacion\\\/\",\"name\":\"El PP pide al Gobierno que elimine la subida del impuesto de matriculaci\u00f3n - Super News\",\"isPartOf\":{\"@id\":\"https:\\\/\\\/super-news.info\\\/es\\\/#website\"},\"primaryImageOfPage\":{\"@id\":\"https:\\\/\\\/super-news.info\\\/es\\\/el-pp-pide-al-gobierno-que-elimine-la-subida-del-impuesto-de-matriculacion\\\/#primaryimage\"},\"image\":{\"@id\":\"https:\\\/\\\/super-news.info\\\/es\\\/el-pp-pide-al-gobierno-que-elimine-la-subida-del-impuesto-de-matriculacion\\\/#primaryimage\"},\"thumbnailUrl\":\"https:\\\/\\\/super-news.info\\\/es\\\/wp-content\\\/uploads\\\/sites\\\/4\\\/2021\\\/03\\\/El-PP-pide-al-Gobierno-que-elimine-la-subida-del.jpg\",\"datePublished\":\"2021-03-01T01:57:19+00:00\",\"dateModified\":\"2021-03-01T01:57:21+00:00\",\"author\":{\"@id\":\"https:\\\/\\\/super-news.info\\\/es\\\/#\\\/schema\\\/person\\\/2d4068cb2f39cd10008c2fce578a7356\"},\"breadcrumb\":{\"@id\":\"https:\\\/\\\/super-news.info\\\/es\\\/el-pp-pide-al-gobierno-que-elimine-la-subida-del-impuesto-de-matriculacion\\\/#breadcrumb\"},\"inLanguage\":\"en-US\",\"potentialAction\":[{\"@type\":\"ReadAction\",\"target\":[\"https:\\\/\\\/super-news.info\\\/es\\\/el-pp-pide-al-gobierno-que-elimine-la-subida-del-impuesto-de-matriculacion\\\/\"]}]},{\"@type\":\"ImageObject\",\"inLanguage\":\"en-US\",\"@id\":\"https:\\\/\\\/super-news.info\\\/es\\\/el-pp-pide-al-gobierno-que-elimine-la-subida-del-impuesto-de-matriculacion\\\/#primaryimage\",\"url\":\"https:\\\/\\\/super-news.info\\\/es\\\/wp-content\\\/uploads\\\/sites\\\/4\\\/2021\\\/03\\\/El-PP-pide-al-Gobierno-que-elimine-la-subida-del.jpg\",\"contentUrl\":\"https:\\\/\\\/super-news.info\\\/es\\\/wp-content\\\/uploads\\\/sites\\\/4\\\/2021\\\/03\\\/El-PP-pide-al-Gobierno-que-elimine-la-subida-del.jpg\",\"width\":120,\"height\":80,\"caption\":\"El PP pide al Gobierno que elimine la subida del impuesto de matriculaci\u00f3n\"},{\"@type\":\"BreadcrumbList\",\"@id\":\"https:\\\/\\\/super-news.info\\\/es\\\/el-pp-pide-al-gobierno-que-elimine-la-subida-del-impuesto-de-matriculacion\\\/#breadcrumb\",\"itemListElement\":[{\"@type\":\"ListItem\",\"position\":1,\"name\":\"\u0413\u043b\u0430\u0432\u043d\u0430\u044f \u0441\u0442\u0440\u0430\u043d\u0438\u0446\u0430\",\"item\":\"https:\\\/\\\/super-news.info\\\/es\\\/\"},{\"@type\":\"ListItem\",\"position\":2,\"name\":\"El PP pide al Gobierno que elimine la subida del impuesto de matriculaci\u00f3n\"}]},{\"@type\":\"WebSite\",\"@id\":\"https:\\\/\\\/super-news.info\\\/es\\\/#website\",\"url\":\"https:\\\/\\\/super-news.info\\\/es\\\/\",\"name\":\"Super News\",\"description\":\"Super News Espa\u00f1a\",\"potentialAction\":[{\"@type\":\"SearchAction\",\"target\":{\"@type\":\"EntryPoint\",\"urlTemplate\":\"https:\\\/\\\/super-news.info\\\/es\\\/?s={search_term_string}\"},\"query-input\":{\"@type\":\"PropertyValueSpecification\",\"valueRequired\":true,\"valueName\":\"search_term_string\"}}],\"inLanguage\":\"en-US\"},{\"@type\":\"Person\",\"@id\":\"https:\\\/\\\/super-news.info\\\/es\\\/#\\\/schema\\\/person\\\/2d4068cb2f39cd10008c2fce578a7356\",\"name\":\"super-news\",\"image\":{\"@type\":\"ImageObject\",\"inLanguage\":\"en-US\",\"@id\":\"https:\\\/\\\/secure.gravatar.com\\\/avatar\\\/64ebac40b93f26a154f8a9b5b6fdccfc46f442b26b3dd6756dbff3bf9dc76fd7?s=96&d=mm&r=g\",\"url\":\"https:\\\/\\\/secure.gravatar.com\\\/avatar\\\/64ebac40b93f26a154f8a9b5b6fdccfc46f442b26b3dd6756dbff3bf9dc76fd7?s=96&d=mm&r=g\",\"contentUrl\":\"https:\\\/\\\/secure.gravatar.com\\\/avatar\\\/64ebac40b93f26a154f8a9b5b6fdccfc46f442b26b3dd6756dbff3bf9dc76fd7?s=96&d=mm&r=g\",\"caption\":\"super-news\"},\"url\":\"https:\\\/\\\/super-news.info\\\/es\\\/author\\\/pt\\\/\"}]}<\/script>\n<!-- \/ Yoast SEO plugin. -->","yoast_head_json":{"title":"El PP pide al Gobierno que elimine la subida del impuesto de matriculaci\u00f3n - Super News","robots":{"index":"index","follow":"follow","max-snippet":"max-snippet:-1","max-image-preview":"max-image-preview:large","max-video-preview":"max-video-preview:-1"},"canonical":"https:\/\/super-news.info\/es\/el-pp-pide-al-gobierno-que-elimine-la-subida-del-impuesto-de-matriculacion\/","og_locale":"en_US","og_type":"article","og_title":"El PP pide al Gobierno que elimine la subida del impuesto de matriculaci\u00f3n - Super News","og_description":"La iniciativa &#8216;popular&#8217; contempla que &#8220;cada veh\u00edculo tenga exactamente la misma carga fiscal que en diciembre de 2020&#8221; MADRID, 28 Feb. (EUROPA PRESS) &#8211; El PP ha registrado en el Senado una proposici\u00f3n de ley para modificar el impuesto de matriculaci\u00f3n y, de este modo, &#8220;se deje sin efecto el perjuicio que se est\u00e1 causando [&hellip;]","og_url":"https:\/\/super-news.info\/es\/el-pp-pide-al-gobierno-que-elimine-la-subida-del-impuesto-de-matriculacion\/","og_site_name":"Super News","article_published_time":"2021-03-01T01:57:19+00:00","article_modified_time":"2021-03-01T01:57:21+00:00","og_image":[{"width":120,"height":80,"url":"https:\/\/super-news.info\/es\/wp-content\/uploads\/sites\/4\/2021\/03\/El-PP-pide-al-Gobierno-que-elimine-la-subida-del.jpg","type":"image\/jpeg"}],"author":"super-news","twitter_card":"summary_large_image","twitter_misc":{"Written by":"super-news","Est. reading time":"3 minutes"},"schema":{"@context":"https:\/\/schema.org","@graph":[{"@type":"Article","@id":"https:\/\/super-news.info\/es\/el-pp-pide-al-gobierno-que-elimine-la-subida-del-impuesto-de-matriculacion\/#article","isPartOf":{"@id":"https:\/\/super-news.info\/es\/el-pp-pide-al-gobierno-que-elimine-la-subida-del-impuesto-de-matriculacion\/"},"author":{"name":"super-news","@id":"https:\/\/super-news.info\/es\/#\/schema\/person\/2d4068cb2f39cd10008c2fce578a7356"},"headline":"El PP pide al Gobierno que elimine la subida del impuesto de matriculaci\u00f3n","datePublished":"2021-03-01T01:57:19+00:00","dateModified":"2021-03-01T01:57:21+00:00","mainEntityOfPage":{"@id":"https:\/\/super-news.info\/es\/el-pp-pide-al-gobierno-que-elimine-la-subida-del-impuesto-de-matriculacion\/"},"wordCount":591,"commentCount":0,"image":{"@id":"https:\/\/super-news.info\/es\/el-pp-pide-al-gobierno-que-elimine-la-subida-del-impuesto-de-matriculacion\/#primaryimage"},"thumbnailUrl":"https:\/\/super-news.info\/es\/wp-content\/uploads\/sites\/4\/2021\/03\/El-PP-pide-al-Gobierno-que-elimine-la-subida-del.jpg","articleSection":["NOTICIAS FINANCIERAS"],"inLanguage":"en-US","potentialAction":[{"@type":"CommentAction","name":"Comment","target":["https:\/\/super-news.info\/es\/el-pp-pide-al-gobierno-que-elimine-la-subida-del-impuesto-de-matriculacion\/#respond"]}]},{"@type":"WebPage","@id":"https:\/\/super-news.info\/es\/el-pp-pide-al-gobierno-que-elimine-la-subida-del-impuesto-de-matriculacion\/","url":"https:\/\/super-news.info\/es\/el-pp-pide-al-gobierno-que-elimine-la-subida-del-impuesto-de-matriculacion\/","name":"El PP pide al Gobierno que elimine la subida del impuesto de matriculaci\u00f3n - Super News","isPartOf":{"@id":"https:\/\/super-news.info\/es\/#website"},"primaryImageOfPage":{"@id":"https:\/\/super-news.info\/es\/el-pp-pide-al-gobierno-que-elimine-la-subida-del-impuesto-de-matriculacion\/#primaryimage"},"image":{"@id":"https:\/\/super-news.info\/es\/el-pp-pide-al-gobierno-que-elimine-la-subida-del-impuesto-de-matriculacion\/#primaryimage"},"thumbnailUrl":"https:\/\/super-news.info\/es\/wp-content\/uploads\/sites\/4\/2021\/03\/El-PP-pide-al-Gobierno-que-elimine-la-subida-del.jpg","datePublished":"2021-03-01T01:57:19+00:00","dateModified":"2021-03-01T01:57:21+00:00","author":{"@id":"https:\/\/super-news.info\/es\/#\/schema\/person\/2d4068cb2f39cd10008c2fce578a7356"},"breadcrumb":{"@id":"https:\/\/super-news.info\/es\/el-pp-pide-al-gobierno-que-elimine-la-subida-del-impuesto-de-matriculacion\/#breadcrumb"},"inLanguage":"en-US","potentialAction":[{"@type":"ReadAction","target":["https:\/\/super-news.info\/es\/el-pp-pide-al-gobierno-que-elimine-la-subida-del-impuesto-de-matriculacion\/"]}]},{"@type":"ImageObject","inLanguage":"en-US","@id":"https:\/\/super-news.info\/es\/el-pp-pide-al-gobierno-que-elimine-la-subida-del-impuesto-de-matriculacion\/#primaryimage","url":"https:\/\/super-news.info\/es\/wp-content\/uploads\/sites\/4\/2021\/03\/El-PP-pide-al-Gobierno-que-elimine-la-subida-del.jpg","contentUrl":"https:\/\/super-news.info\/es\/wp-content\/uploads\/sites\/4\/2021\/03\/El-PP-pide-al-Gobierno-que-elimine-la-subida-del.jpg","width":120,"height":80,"caption":"El PP pide al Gobierno que elimine la subida del impuesto de matriculaci\u00f3n"},{"@type":"BreadcrumbList","@id":"https:\/\/super-news.info\/es\/el-pp-pide-al-gobierno-que-elimine-la-subida-del-impuesto-de-matriculacion\/#breadcrumb","itemListElement":[{"@type":"ListItem","position":1,"name":"\u0413\u043b\u0430\u0432\u043d\u0430\u044f \u0441\u0442\u0440\u0430\u043d\u0438\u0446\u0430","item":"https:\/\/super-news.info\/es\/"},{"@type":"ListItem","position":2,"name":"El PP pide al Gobierno que elimine la subida del impuesto de matriculaci\u00f3n"}]},{"@type":"WebSite","@id":"https:\/\/super-news.info\/es\/#website","url":"https:\/\/super-news.info\/es\/","name":"Super News","description":"Super News Espa\u00f1a","potentialAction":[{"@type":"SearchAction","target":{"@type":"EntryPoint","urlTemplate":"https:\/\/super-news.info\/es\/?s={search_term_string}"},"query-input":{"@type":"PropertyValueSpecification","valueRequired":true,"valueName":"search_term_string"}}],"inLanguage":"en-US"},{"@type":"Person","@id":"https:\/\/super-news.info\/es\/#\/schema\/person\/2d4068cb2f39cd10008c2fce578a7356","name":"super-news","image":{"@type":"ImageObject","inLanguage":"en-US","@id":"https:\/\/secure.gravatar.com\/avatar\/64ebac40b93f26a154f8a9b5b6fdccfc46f442b26b3dd6756dbff3bf9dc76fd7?s=96&d=mm&r=g","url":"https:\/\/secure.gravatar.com\/avatar\/64ebac40b93f26a154f8a9b5b6fdccfc46f442b26b3dd6756dbff3bf9dc76fd7?s=96&d=mm&r=g","contentUrl":"https:\/\/secure.gravatar.com\/avatar\/64ebac40b93f26a154f8a9b5b6fdccfc46f442b26b3dd6756dbff3bf9dc76fd7?s=96&d=mm&r=g","caption":"super-news"},"url":"https:\/\/super-news.info\/es\/author\/pt\/"}]}},"_links":{"self":[{"href":"https:\/\/super-news.info\/es\/wp-json\/wp\/v2\/posts\/13719","targetHints":{"allow":["GET"]}}],"collection":[{"href":"https:\/\/super-news.info\/es\/wp-json\/wp\/v2\/posts"}],"about":[{"href":"https:\/\/super-news.info\/es\/wp-json\/wp\/v2\/types\/post"}],"author":[{"embeddable":true,"href":"https:\/\/super-news.info\/es\/wp-json\/wp\/v2\/users\/2"}],"replies":[{"embeddable":true,"href":"https:\/\/super-news.info\/es\/wp-json\/wp\/v2\/comments?post=13719"}],"version-history":[{"count":1,"href":"https:\/\/super-news.info\/es\/wp-json\/wp\/v2\/posts\/13719\/revisions"}],"predecessor-version":[{"id":13721,"href":"https:\/\/super-news.info\/es\/wp-json\/wp\/v2\/posts\/13719\/revisions\/13721"}],"wp:featuredmedia":[{"embeddable":true,"href":"https:\/\/super-news.info\/es\/wp-json\/wp\/v2\/media\/13720"}],"wp:attachment":[{"href":"https:\/\/super-news.info\/es\/wp-json\/wp\/v2\/media?parent=13719"}],"wp:term":[{"taxonomy":"category","embeddable":true,"href":"https:\/\/super-news.info\/es\/wp-json\/wp\/v2\/categories?post=13719"},{"taxonomy":"post_tag","embeddable":true,"href":"https:\/\/super-news.info\/es\/wp-json\/wp\/v2\/tags?post=13719"}],"curies":[{"name":"wp","href":"https:\/\/api.w.org\/{rel}","templated":true}]}}