{"id":13608,"date":"2021-02-18T16:21:07","date_gmt":"2021-02-18T13:21:07","guid":{"rendered":"https:\/\/super-news.info\/es\/ana-botin-nueva-presidenta-de-la-federacion-bancaria-europea\/"},"modified":"2021-02-18T16:21:16","modified_gmt":"2021-02-18T13:21:16","slug":"ana-botin-nueva-presidenta-de-la-federacion-bancaria-europea","status":"publish","type":"post","link":"https:\/\/super-news.info\/es\/ana-botin-nueva-presidenta-de-la-federacion-bancaria-europea\/","title":{"rendered":"Ana Bot\u00edn, nueva presidenta de la Federaci\u00f3n Bancaria Europea"},"content":{"rendered":"<p>\nMADRID, 18 Feb. (EUROPA PRESS) &#8211;<br \/>\n   La Federaci\u00f3n Bancaria Europea (EBF) ha nombrado a Ana Bot\u00edn nueva presidenta durante los pr\u00f3ximos dos a\u00f1os, en sustituci\u00f3n de Jean Pierre Mustier, quien dejar\u00e1 el cargo de consejero delegado de UniCredit el pr\u00f3ximo mes de abril.<br \/>\n   Seg\u00fan ha informado la Federaci\u00f3n Bancaria Europea, tanto la junta como su direcci\u00f3n est\u00e1n &#8220;encantados y entusiasmados&#8221; con el nombramiento de Bot\u00edn, &#8220;reconocida como una banquera europea l\u00edder y muy apreciada por su visi\u00f3n y liderazgo&#8221;.<br \/>\n   La presidenta del Banco Santander ha destacado que servir\u00e1 como presidenta de la Federaci\u00f3n en lo que ser\u00e1 &#8220;un periodo crucial para Europea&#8221;. &#8220;Los bancos han jugado un papel de vital importancia en la respuesta a la pandemia y, al trabajar junto con los miembros de la Federaci\u00f3n Bancaria Europea y su equipo ejecutivo, continuaremos apoyando la recuperaci\u00f3n econ\u00f3mica&#8221;, ha asegurado.<br \/>\n   La Federaci\u00f3n ha trasladado su &#8220;profundo y sincero agradecimiento&#8221; por el compromiso de Mustier, as\u00ed como por su liderazgo y orientaci\u00f3n &#8220;ejemplares&#8221; en los \u00faltimos dos a\u00f1os.<br \/>\n   El propio Mustier ha puesto en valor a su sucesora. &#8220;Es una l\u00edder fant\u00e1stica al frente de un verdadero banco europeo y global, que comprende muy bien los desaf\u00edos cr\u00edticos que enfrenta el sector bancario europeo y c\u00f3mo el r\u00e9gimen regulatorio debe evolucionar para abordarlos. Su compromiso y liderazgo sin duda servir\u00e1n a la EBF para lograr mayores \u00e9xitos&#8221;, ha se\u00f1alado.<br \/>\n   La Federaci\u00f3n Bancaria Europea representa al sector bancario europeo y re\u00fane a las asociaciones bancarias nacionales de toda Europa. Sus miembros representan en conjunto a unos 3.500 bancos, incluidos los bancos comerciales m\u00e1s grandes de Europa.<br \/>\n<br \/>\n<!--noindex--><br \/>\n<a href=\"https:\/\/www.europapress.es\/economia\/finanzas-00340\/noticia-ana-botin-nueva-presidenta-federacion-bancaria-europea-20210218135305.html\" rel=\"nofollow\">Source link <\/a><br \/>\n<!--\/noindex--><\/p>\n","protected":false},"excerpt":{"rendered":"<p>MADRID, 18 Feb. (EUROPA PRESS) &#8211; La Federaci\u00f3n Bancaria Europea (EBF) ha nombrado a Ana Bot\u00edn nueva presidenta durante los pr\u00f3ximos dos a\u00f1os, en sustituci\u00f3n de Jean Pierre Mustier, quien dejar\u00e1 el cargo de consejero delegado de UniCredit el pr\u00f3ximo mes de abril. Seg\u00fan ha informado la Federaci\u00f3n Bancaria Europea, tanto la junta como su [&hellip;]<\/p>\n","protected":false},"author":2,"featured_media":13609,"comment_status":"open","ping_status":"open","sticky":false,"template":"","format":"standard","meta":{"footnotes":""},"categories":[1],"tags":[],"class_list":["post-13608","post","type-post","status-publish","format-standard","has-post-thumbnail","hentry","category-noticias-financieras"],"yoast_head":"<!-- This site is optimized with the Yoast SEO plugin v27.4 - https:\/\/yoast.com\/product\/yoast-seo-wordpress\/ -->\n<title>Ana Bot\u00edn, nueva presidenta de la Federaci\u00f3n Bancaria Europea - Super News<\/title>\n<meta name=\"robots\" content=\"index, follow, max-snippet:-1, max-image-preview:large, max-video-preview:-1\" \/>\n<link rel=\"canonical\" href=\"https:\/\/super-news.info\/es\/ana-botin-nueva-presidenta-de-la-federacion-bancaria-europea\/\" \/>\n<meta property=\"og:locale\" content=\"en_US\" \/>\n<meta property=\"og:type\" content=\"article\" \/>\n<meta property=\"og:title\" content=\"Ana Bot\u00edn, nueva presidenta de la Federaci\u00f3n Bancaria Europea - Super News\" \/>\n<meta property=\"og:description\" content=\"MADRID, 18 Feb. (EUROPA PRESS) &#8211; La Federaci\u00f3n Bancaria Europea (EBF) ha nombrado a Ana Bot\u00edn nueva presidenta durante los pr\u00f3ximos dos a\u00f1os, en sustituci\u00f3n de Jean Pierre Mustier, quien dejar\u00e1 el cargo de consejero delegado de UniCredit el pr\u00f3ximo mes de abril. Seg\u00fan ha informado la Federaci\u00f3n Bancaria Europea, tanto la junta como su [&hellip;]\" \/>\n<meta property=\"og:url\" content=\"https:\/\/super-news.info\/es\/ana-botin-nueva-presidenta-de-la-federacion-bancaria-europea\/\" \/>\n<meta property=\"og:site_name\" content=\"Super News\" \/>\n<meta property=\"article:published_time\" content=\"2021-02-18T13:21:07+00:00\" \/>\n<meta property=\"article:modified_time\" content=\"2021-02-18T13:21:16+00:00\" \/>\n<meta property=\"og:image\" content=\"https:\/\/super-news.info\/es\/wp-content\/uploads\/sites\/4\/2021\/02\/Ana-Bot-n-nueva-presidenta-de-la-Federaci-n-Bancaria-Europea.jpg\" \/>\n\t<meta property=\"og:image:width\" content=\"120\" \/>\n\t<meta property=\"og:image:height\" content=\"165\" \/>\n\t<meta property=\"og:image:type\" content=\"image\/jpeg\" \/>\n<meta name=\"author\" content=\"super-news\" \/>\n<meta name=\"twitter:card\" content=\"summary_large_image\" \/>\n<meta name=\"twitter:label1\" content=\"Written by\" \/>\n\t<meta name=\"twitter:data1\" content=\"super-news\" \/>\n\t<meta name=\"twitter:label2\" content=\"Est. reading time\" \/>\n\t<meta name=\"twitter:data2\" content=\"1 minute\" \/>\n<script type=\"application\/ld+json\" class=\"yoast-schema-graph\">{\"@context\":\"https:\\\/\\\/schema.org\",\"@graph\":[{\"@type\":\"Article\",\"@id\":\"https:\\\/\\\/super-news.info\\\/es\\\/ana-botin-nueva-presidenta-de-la-federacion-bancaria-europea\\\/#article\",\"isPartOf\":{\"@id\":\"https:\\\/\\\/super-news.info\\\/es\\\/ana-botin-nueva-presidenta-de-la-federacion-bancaria-europea\\\/\"},\"author\":{\"name\":\"super-news\",\"@id\":\"https:\\\/\\\/super-news.info\\\/es\\\/#\\\/schema\\\/person\\\/2d4068cb2f39cd10008c2fce578a7356\"},\"headline\":\"Ana Bot\u00edn, nueva presidenta de la Federaci\u00f3n Bancaria Europea\",\"datePublished\":\"2021-02-18T13:21:07+00:00\",\"dateModified\":\"2021-02-18T13:21:16+00:00\",\"mainEntityOfPage\":{\"@id\":\"https:\\\/\\\/super-news.info\\\/es\\\/ana-botin-nueva-presidenta-de-la-federacion-bancaria-europea\\\/\"},\"wordCount\":306,\"commentCount\":0,\"image\":{\"@id\":\"https:\\\/\\\/super-news.info\\\/es\\\/ana-botin-nueva-presidenta-de-la-federacion-bancaria-europea\\\/#primaryimage\"},\"thumbnailUrl\":\"https:\\\/\\\/super-news.info\\\/es\\\/wp-content\\\/uploads\\\/sites\\\/4\\\/2021\\\/02\\\/Ana-Bot-n-nueva-presidenta-de-la-Federaci-n-Bancaria-Europea.jpg\",\"articleSection\":[\"NOTICIAS FINANCIERAS\"],\"inLanguage\":\"en-US\",\"potentialAction\":[{\"@type\":\"CommentAction\",\"name\":\"Comment\",\"target\":[\"https:\\\/\\\/super-news.info\\\/es\\\/ana-botin-nueva-presidenta-de-la-federacion-bancaria-europea\\\/#respond\"]}]},{\"@type\":\"WebPage\",\"@id\":\"https:\\\/\\\/super-news.info\\\/es\\\/ana-botin-nueva-presidenta-de-la-federacion-bancaria-europea\\\/\",\"url\":\"https:\\\/\\\/super-news.info\\\/es\\\/ana-botin-nueva-presidenta-de-la-federacion-bancaria-europea\\\/\",\"name\":\"Ana Bot\u00edn, nueva presidenta de la Federaci\u00f3n Bancaria Europea - Super News\",\"isPartOf\":{\"@id\":\"https:\\\/\\\/super-news.info\\\/es\\\/#website\"},\"primaryImageOfPage\":{\"@id\":\"https:\\\/\\\/super-news.info\\\/es\\\/ana-botin-nueva-presidenta-de-la-federacion-bancaria-europea\\\/#primaryimage\"},\"image\":{\"@id\":\"https:\\\/\\\/super-news.info\\\/es\\\/ana-botin-nueva-presidenta-de-la-federacion-bancaria-europea\\\/#primaryimage\"},\"thumbnailUrl\":\"https:\\\/\\\/super-news.info\\\/es\\\/wp-content\\\/uploads\\\/sites\\\/4\\\/2021\\\/02\\\/Ana-Bot-n-nueva-presidenta-de-la-Federaci-n-Bancaria-Europea.jpg\",\"datePublished\":\"2021-02-18T13:21:07+00:00\",\"dateModified\":\"2021-02-18T13:21:16+00:00\",\"author\":{\"@id\":\"https:\\\/\\\/super-news.info\\\/es\\\/#\\\/schema\\\/person\\\/2d4068cb2f39cd10008c2fce578a7356\"},\"breadcrumb\":{\"@id\":\"https:\\\/\\\/super-news.info\\\/es\\\/ana-botin-nueva-presidenta-de-la-federacion-bancaria-europea\\\/#breadcrumb\"},\"inLanguage\":\"en-US\",\"potentialAction\":[{\"@type\":\"ReadAction\",\"target\":[\"https:\\\/\\\/super-news.info\\\/es\\\/ana-botin-nueva-presidenta-de-la-federacion-bancaria-europea\\\/\"]}]},{\"@type\":\"ImageObject\",\"inLanguage\":\"en-US\",\"@id\":\"https:\\\/\\\/super-news.info\\\/es\\\/ana-botin-nueva-presidenta-de-la-federacion-bancaria-europea\\\/#primaryimage\",\"url\":\"https:\\\/\\\/super-news.info\\\/es\\\/wp-content\\\/uploads\\\/sites\\\/4\\\/2021\\\/02\\\/Ana-Bot-n-nueva-presidenta-de-la-Federaci-n-Bancaria-Europea.jpg\",\"contentUrl\":\"https:\\\/\\\/super-news.info\\\/es\\\/wp-content\\\/uploads\\\/sites\\\/4\\\/2021\\\/02\\\/Ana-Bot-n-nueva-presidenta-de-la-Federaci-n-Bancaria-Europea.jpg\",\"width\":120,\"height\":165,\"caption\":\"Ana Bot\u00edn, nueva presidenta de la Federaci\u00f3n Bancaria Europea\"},{\"@type\":\"BreadcrumbList\",\"@id\":\"https:\\\/\\\/super-news.info\\\/es\\\/ana-botin-nueva-presidenta-de-la-federacion-bancaria-europea\\\/#breadcrumb\",\"itemListElement\":[{\"@type\":\"ListItem\",\"position\":1,\"name\":\"\u0413\u043b\u0430\u0432\u043d\u0430\u044f \u0441\u0442\u0440\u0430\u043d\u0438\u0446\u0430\",\"item\":\"https:\\\/\\\/super-news.info\\\/es\\\/\"},{\"@type\":\"ListItem\",\"position\":2,\"name\":\"Ana Bot\u00edn, nueva presidenta de la Federaci\u00f3n Bancaria Europea\"}]},{\"@type\":\"WebSite\",\"@id\":\"https:\\\/\\\/super-news.info\\\/es\\\/#website\",\"url\":\"https:\\\/\\\/super-news.info\\\/es\\\/\",\"name\":\"Super News\",\"description\":\"Super News Espa\u00f1a\",\"potentialAction\":[{\"@type\":\"SearchAction\",\"target\":{\"@type\":\"EntryPoint\",\"urlTemplate\":\"https:\\\/\\\/super-news.info\\\/es\\\/?s={search_term_string}\"},\"query-input\":{\"@type\":\"PropertyValueSpecification\",\"valueRequired\":true,\"valueName\":\"search_term_string\"}}],\"inLanguage\":\"en-US\"},{\"@type\":\"Person\",\"@id\":\"https:\\\/\\\/super-news.info\\\/es\\\/#\\\/schema\\\/person\\\/2d4068cb2f39cd10008c2fce578a7356\",\"name\":\"super-news\",\"image\":{\"@type\":\"ImageObject\",\"inLanguage\":\"en-US\",\"@id\":\"https:\\\/\\\/secure.gravatar.com\\\/avatar\\\/64ebac40b93f26a154f8a9b5b6fdccfc46f442b26b3dd6756dbff3bf9dc76fd7?s=96&d=mm&r=g\",\"url\":\"https:\\\/\\\/secure.gravatar.com\\\/avatar\\\/64ebac40b93f26a154f8a9b5b6fdccfc46f442b26b3dd6756dbff3bf9dc76fd7?s=96&d=mm&r=g\",\"contentUrl\":\"https:\\\/\\\/secure.gravatar.com\\\/avatar\\\/64ebac40b93f26a154f8a9b5b6fdccfc46f442b26b3dd6756dbff3bf9dc76fd7?s=96&d=mm&r=g\",\"caption\":\"super-news\"},\"url\":\"https:\\\/\\\/super-news.info\\\/es\\\/author\\\/pt\\\/\"}]}<\/script>\n<!-- \/ Yoast SEO plugin. -->","yoast_head_json":{"title":"Ana Bot\u00edn, nueva presidenta de la Federaci\u00f3n Bancaria Europea - Super News","robots":{"index":"index","follow":"follow","max-snippet":"max-snippet:-1","max-image-preview":"max-image-preview:large","max-video-preview":"max-video-preview:-1"},"canonical":"https:\/\/super-news.info\/es\/ana-botin-nueva-presidenta-de-la-federacion-bancaria-europea\/","og_locale":"en_US","og_type":"article","og_title":"Ana Bot\u00edn, nueva presidenta de la Federaci\u00f3n Bancaria Europea - Super News","og_description":"MADRID, 18 Feb. (EUROPA PRESS) &#8211; La Federaci\u00f3n Bancaria Europea (EBF) ha nombrado a Ana Bot\u00edn nueva presidenta durante los pr\u00f3ximos dos a\u00f1os, en sustituci\u00f3n de Jean Pierre Mustier, quien dejar\u00e1 el cargo de consejero delegado de UniCredit el pr\u00f3ximo mes de abril. Seg\u00fan ha informado la Federaci\u00f3n Bancaria Europea, tanto la junta como su [&hellip;]","og_url":"https:\/\/super-news.info\/es\/ana-botin-nueva-presidenta-de-la-federacion-bancaria-europea\/","og_site_name":"Super News","article_published_time":"2021-02-18T13:21:07+00:00","article_modified_time":"2021-02-18T13:21:16+00:00","og_image":[{"width":120,"height":165,"url":"https:\/\/super-news.info\/es\/wp-content\/uploads\/sites\/4\/2021\/02\/Ana-Bot-n-nueva-presidenta-de-la-Federaci-n-Bancaria-Europea.jpg","type":"image\/jpeg"}],"author":"super-news","twitter_card":"summary_large_image","twitter_misc":{"Written by":"super-news","Est. reading time":"1 minute"},"schema":{"@context":"https:\/\/schema.org","@graph":[{"@type":"Article","@id":"https:\/\/super-news.info\/es\/ana-botin-nueva-presidenta-de-la-federacion-bancaria-europea\/#article","isPartOf":{"@id":"https:\/\/super-news.info\/es\/ana-botin-nueva-presidenta-de-la-federacion-bancaria-europea\/"},"author":{"name":"super-news","@id":"https:\/\/super-news.info\/es\/#\/schema\/person\/2d4068cb2f39cd10008c2fce578a7356"},"headline":"Ana Bot\u00edn, nueva presidenta de la Federaci\u00f3n Bancaria Europea","datePublished":"2021-02-18T13:21:07+00:00","dateModified":"2021-02-18T13:21:16+00:00","mainEntityOfPage":{"@id":"https:\/\/super-news.info\/es\/ana-botin-nueva-presidenta-de-la-federacion-bancaria-europea\/"},"wordCount":306,"commentCount":0,"image":{"@id":"https:\/\/super-news.info\/es\/ana-botin-nueva-presidenta-de-la-federacion-bancaria-europea\/#primaryimage"},"thumbnailUrl":"https:\/\/super-news.info\/es\/wp-content\/uploads\/sites\/4\/2021\/02\/Ana-Bot-n-nueva-presidenta-de-la-Federaci-n-Bancaria-Europea.jpg","articleSection":["NOTICIAS FINANCIERAS"],"inLanguage":"en-US","potentialAction":[{"@type":"CommentAction","name":"Comment","target":["https:\/\/super-news.info\/es\/ana-botin-nueva-presidenta-de-la-federacion-bancaria-europea\/#respond"]}]},{"@type":"WebPage","@id":"https:\/\/super-news.info\/es\/ana-botin-nueva-presidenta-de-la-federacion-bancaria-europea\/","url":"https:\/\/super-news.info\/es\/ana-botin-nueva-presidenta-de-la-federacion-bancaria-europea\/","name":"Ana Bot\u00edn, nueva presidenta de la Federaci\u00f3n Bancaria Europea - Super News","isPartOf":{"@id":"https:\/\/super-news.info\/es\/#website"},"primaryImageOfPage":{"@id":"https:\/\/super-news.info\/es\/ana-botin-nueva-presidenta-de-la-federacion-bancaria-europea\/#primaryimage"},"image":{"@id":"https:\/\/super-news.info\/es\/ana-botin-nueva-presidenta-de-la-federacion-bancaria-europea\/#primaryimage"},"thumbnailUrl":"https:\/\/super-news.info\/es\/wp-content\/uploads\/sites\/4\/2021\/02\/Ana-Bot-n-nueva-presidenta-de-la-Federaci-n-Bancaria-Europea.jpg","datePublished":"2021-02-18T13:21:07+00:00","dateModified":"2021-02-18T13:21:16+00:00","author":{"@id":"https:\/\/super-news.info\/es\/#\/schema\/person\/2d4068cb2f39cd10008c2fce578a7356"},"breadcrumb":{"@id":"https:\/\/super-news.info\/es\/ana-botin-nueva-presidenta-de-la-federacion-bancaria-europea\/#breadcrumb"},"inLanguage":"en-US","potentialAction":[{"@type":"ReadAction","target":["https:\/\/super-news.info\/es\/ana-botin-nueva-presidenta-de-la-federacion-bancaria-europea\/"]}]},{"@type":"ImageObject","inLanguage":"en-US","@id":"https:\/\/super-news.info\/es\/ana-botin-nueva-presidenta-de-la-federacion-bancaria-europea\/#primaryimage","url":"https:\/\/super-news.info\/es\/wp-content\/uploads\/sites\/4\/2021\/02\/Ana-Bot-n-nueva-presidenta-de-la-Federaci-n-Bancaria-Europea.jpg","contentUrl":"https:\/\/super-news.info\/es\/wp-content\/uploads\/sites\/4\/2021\/02\/Ana-Bot-n-nueva-presidenta-de-la-Federaci-n-Bancaria-Europea.jpg","width":120,"height":165,"caption":"Ana Bot\u00edn, nueva presidenta de la Federaci\u00f3n Bancaria Europea"},{"@type":"BreadcrumbList","@id":"https:\/\/super-news.info\/es\/ana-botin-nueva-presidenta-de-la-federacion-bancaria-europea\/#breadcrumb","itemListElement":[{"@type":"ListItem","position":1,"name":"\u0413\u043b\u0430\u0432\u043d\u0430\u044f \u0441\u0442\u0440\u0430\u043d\u0438\u0446\u0430","item":"https:\/\/super-news.info\/es\/"},{"@type":"ListItem","position":2,"name":"Ana Bot\u00edn, nueva presidenta de la Federaci\u00f3n Bancaria Europea"}]},{"@type":"WebSite","@id":"https:\/\/super-news.info\/es\/#website","url":"https:\/\/super-news.info\/es\/","name":"Super News","description":"Super News Espa\u00f1a","potentialAction":[{"@type":"SearchAction","target":{"@type":"EntryPoint","urlTemplate":"https:\/\/super-news.info\/es\/?s={search_term_string}"},"query-input":{"@type":"PropertyValueSpecification","valueRequired":true,"valueName":"search_term_string"}}],"inLanguage":"en-US"},{"@type":"Person","@id":"https:\/\/super-news.info\/es\/#\/schema\/person\/2d4068cb2f39cd10008c2fce578a7356","name":"super-news","image":{"@type":"ImageObject","inLanguage":"en-US","@id":"https:\/\/secure.gravatar.com\/avatar\/64ebac40b93f26a154f8a9b5b6fdccfc46f442b26b3dd6756dbff3bf9dc76fd7?s=96&d=mm&r=g","url":"https:\/\/secure.gravatar.com\/avatar\/64ebac40b93f26a154f8a9b5b6fdccfc46f442b26b3dd6756dbff3bf9dc76fd7?s=96&d=mm&r=g","contentUrl":"https:\/\/secure.gravatar.com\/avatar\/64ebac40b93f26a154f8a9b5b6fdccfc46f442b26b3dd6756dbff3bf9dc76fd7?s=96&d=mm&r=g","caption":"super-news"},"url":"https:\/\/super-news.info\/es\/author\/pt\/"}]}},"_links":{"self":[{"href":"https:\/\/super-news.info\/es\/wp-json\/wp\/v2\/posts\/13608","targetHints":{"allow":["GET"]}}],"collection":[{"href":"https:\/\/super-news.info\/es\/wp-json\/wp\/v2\/posts"}],"about":[{"href":"https:\/\/super-news.info\/es\/wp-json\/wp\/v2\/types\/post"}],"author":[{"embeddable":true,"href":"https:\/\/super-news.info\/es\/wp-json\/wp\/v2\/users\/2"}],"replies":[{"embeddable":true,"href":"https:\/\/super-news.info\/es\/wp-json\/wp\/v2\/comments?post=13608"}],"version-history":[{"count":1,"href":"https:\/\/super-news.info\/es\/wp-json\/wp\/v2\/posts\/13608\/revisions"}],"predecessor-version":[{"id":13610,"href":"https:\/\/super-news.info\/es\/wp-json\/wp\/v2\/posts\/13608\/revisions\/13610"}],"wp:featuredmedia":[{"embeddable":true,"href":"https:\/\/super-news.info\/es\/wp-json\/wp\/v2\/media\/13609"}],"wp:attachment":[{"href":"https:\/\/super-news.info\/es\/wp-json\/wp\/v2\/media?parent=13608"}],"wp:term":[{"taxonomy":"category","embeddable":true,"href":"https:\/\/super-news.info\/es\/wp-json\/wp\/v2\/categories?post=13608"},{"taxonomy":"post_tag","embeddable":true,"href":"https:\/\/super-news.info\/es\/wp-json\/wp\/v2\/tags?post=13608"}],"curies":[{"name":"wp","href":"https:\/\/api.w.org\/{rel}","templated":true}]}}