{"id":13584,"date":"2021-02-16T16:13:14","date_gmt":"2021-02-16T13:13:14","guid":{"rendered":"https:\/\/super-news.info\/es\/globalia-y-barcelo-solicitan-80-millones-de-euros-mas-al-fondo-de-rescate-del-gobierno\/"},"modified":"2021-02-16T16:13:16","modified_gmt":"2021-02-16T13:13:16","slug":"globalia-y-barcelo-solicitan-80-millones-de-euros-mas-al-fondo-de-rescate-del-gobierno","status":"publish","type":"post","link":"https:\/\/super-news.info\/es\/globalia-y-barcelo-solicitan-80-millones-de-euros-mas-al-fondo-de-rescate-del-gobierno\/","title":{"rendered":"Globalia y Barcel\u00f3 solicitan 80 millones de euros m\u00e1s al fondo de rescate del Gobierno"},"content":{"rendered":"<p>\n\u00c1voris y Halc\u00f3n Viajes ya hab\u00edan reclamado 240 millones<br \/>\n   MADRID, 16 Feb. (EUROPA PRESS) &#8211;<br \/>\n   Barcel\u00f3 y Globalia han elevado su petici\u00f3n de ayuda al fondo de rescate del Gobierno en 80 millones de euros, que se a\u00f1adir\u00edan a los 240 millones de euros solicitados inicialmente para fusionar sus negocios de agencias de viajes (\u00c1voris y Halc\u00f3n Viajes, respectivamente), seg\u00fan han confirmado a Europa Press fuentes conocedoras de la negociaci\u00f3n.<br \/>\n   El fondo de 10.000 millones de euros para rescatar empresas estrat\u00e9gicas, gestionado por la Sociedad de Participaciones Industriales (SEPI), va sumando as\u00ed peticiones de empresas tur\u00edsticas que necesitan en este momento apoyo para solventar el bache econ\u00f3mico derivado del Covid-19.<br \/>\n   Entre las empresas tur\u00edsticas que habr\u00edan solicitado hasta el momento ayudas al holding p\u00fablico estar\u00edan al menos, el Grupo Hotusa, la propietaria de Trasmediterr\u00e1nea (Naviera Armas), el grupo tur\u00edstico Wamos (propietario de Pullmantur y  Nautalia), Hotelatelier (propietario de los Petit Palace y los Icon) y el grupo Sehrs (distribuci\u00f3n para hosteler\u00eda).<br \/>\n   El objetivo de este fondo, dotado con 10.000 millones de euros, ser\u00eda aportar apoyo p\u00fablico temporal a empresas que sean consideradas estrat\u00e9gicas para el tejido productivo nacional o regional, &#8220;por su sensible impacto social y econ\u00f3mico, su relevancia para la seguridad, la salud de las personas, las infraestructuras, las comunicaciones o su contribuci\u00f3n al buen funcionamiento de los mercados, entre otros motivos&#8221;.<br \/>\n   El montante solicitado hace unas semanas por Globalia y Barcel\u00f3 era de 240 millones de euros, dividido en un pr\u00e9stamo participativo de 122,4 millones y otro ordinario de 117,6 millones. A esto se sumar\u00edan ahora otros 80 millones de euros, con lo que la ayuda total ascender\u00eda por tanto a unos 320 millones de euros en total.<br \/>\n   La compa\u00f1\u00edas tur\u00edsticas conf\u00edan en que SEPI d\u00e9 &#8216;luz verde&#8217; a la ayuda a finales de este mes o principios de marzo despu\u00e9s de que se acuerden los posibles ajustes tanto de personal como de agencias o departamentos que sufririan duplicidades en el proceso de fusi\u00f3n.<br \/>\n   Se tratar\u00eda de la segunda ayuda econ\u00f3mica p\u00fablica que solicita la familia Hidalgo, propietaria del grupo tur\u00edstico Globalia, tras haber obtenido una inyecci\u00f3n de 475 millones de euros para salvar a su aerol\u00ednea Air Europa. Un operaci\u00f3n &#8220;necesaria&#8221;, seg\u00fan el Gobierno, debido al &#8220;car\u00e1cter estrat\u00e9gico&#8221; de la compa\u00f1\u00eda a\u00e9rea espa\u00f1ola.<br \/>\n   La Confederaci\u00f3n Espa\u00f1ola de Hoteles y Alojamientos Tur\u00edsticos (CEHAT) considera que los requisitos para acceder a este fondo son &#8220;muy elevados e inalcanzables&#8221; para la mayor\u00eda de las empresas del sector, porque entre las condiciones se establece una petici\u00f3n m\u00ednima de 25 millones de euros.<br \/>\n   Por ello, la patronal hotelera pide que o bien se revisen los criterios o que se cree otro instrumento para apoyar la solvencia de las pymes del sector.<br \/>\nGIGANTE TUR\u00cdSTICO.<br \/>\n   La nueva agencia de viajes que nacer\u00e1 de la fusi\u00f3n entre \u00c1voris y Halc\u00f3n Viajes permitir\u00eda la creaci\u00f3n de un gigante del sector en Espa\u00f1a, con 1.500 puntos de venta, una plantilla de 6.000 personas y una facturaci\u00f3n superior a 3.700 millones de euros.<br \/>\n   Globalia aporta sus agencias de viajes minoristas, Viajes Ecuador y Halc\u00f3n Viajes; la red de agencias de viajes independientes asociadas, Geomoon; la mayorista Travelplan; el banco de camas Welcome Beds; la divisi\u00f3n de viajes corporativos Globalia Corporate Travel; la agencia de viajes y eventos Globalia Meetings &amp; Events, y Globalia Autocares.<br \/>\n   Por su parte, Barcel\u00f3, a trav\u00e9s de Avoris, incluye las agencias de viajes minoristas B the Travel Brand, B the Travel Brand &amp; Catai; BCD Travel y BCD Meetings &amp; Events y la aerol\u00ednea evelop!, entre otras marcas.<br \/>\n   Las agencias de viajes pasan actualmente por un momento delicado al igual que todo el sector tur\u00edstico debido a la pandemia y las restricciones de movilidad. El pasado viernes el presidente de la Confederaci\u00f3n Espa\u00f1ola de Agencias de Viajes, Carlos Garrido, se reuni\u00f3 con la ministra de Industria, Comercio y Turismo, Reyes Maroto, para trasladarle las reivindicaciones del sector y evitar miles de quiebras.<br \/>\n   Entre ellas destacan la necesidad de ayudas directas, ampliaci\u00f3n de los ERTE durante 2021 y eliminaci\u00f3n de la cl\u00e1usula de compromiso de mantenimiento del empleo o la reducci\u00f3n del IVA. Adem\u00e1s, defiende la participaci\u00f3n del sector en la toma de decisiones relativas a las medidas de restricci\u00f3n en las fronteras y en las concernientes a la promoci\u00f3n de Espa\u00f1a como destino seguro.<br \/>\n<br \/>\n<!--noindex--><br \/>\n<a href=\"https:\/\/www.europapress.es\/turismo\/agencias-ttoo\/noticia-globalia-barcelo-solicitan-80-millones-euros-mas-fondo-rescate-gobierno-20210216130028.html\" rel=\"nofollow\">Source link <\/a><br \/>\n<!--\/noindex--><\/p>\n","protected":false},"excerpt":{"rendered":"<p>\u00c1voris y Halc\u00f3n Viajes ya hab\u00edan reclamado 240 millones MADRID, 16 Feb. (EUROPA PRESS) &#8211; Barcel\u00f3 y Globalia han elevado su petici\u00f3n de ayuda al fondo de rescate del Gobierno en 80 millones de euros, que se a\u00f1adir\u00edan a los 240 millones de euros solicitados inicialmente para fusionar sus negocios de agencias de viajes (\u00c1voris [&hellip;]<\/p>\n","protected":false},"author":2,"featured_media":13585,"comment_status":"open","ping_status":"open","sticky":false,"template":"","format":"standard","meta":{"footnotes":""},"categories":[1],"tags":[],"class_list":["post-13584","post","type-post","status-publish","format-standard","has-post-thumbnail","hentry","category-noticias-financieras"],"yoast_head":"<!-- This site is optimized with the Yoast SEO plugin v27.4 - https:\/\/yoast.com\/product\/yoast-seo-wordpress\/ -->\n<title>Globalia y Barcel\u00f3 solicitan 80 millones de euros m\u00e1s al fondo de rescate del Gobierno - Super News<\/title>\n<meta name=\"robots\" content=\"index, follow, max-snippet:-1, max-image-preview:large, max-video-preview:-1\" \/>\n<link rel=\"canonical\" href=\"https:\/\/super-news.info\/es\/globalia-y-barcelo-solicitan-80-millones-de-euros-mas-al-fondo-de-rescate-del-gobierno\/\" \/>\n<meta property=\"og:locale\" content=\"en_US\" \/>\n<meta property=\"og:type\" content=\"article\" \/>\n<meta property=\"og:title\" content=\"Globalia y Barcel\u00f3 solicitan 80 millones de euros m\u00e1s al fondo de rescate del Gobierno - Super News\" \/>\n<meta property=\"og:description\" content=\"\u00c1voris y Halc\u00f3n Viajes ya hab\u00edan reclamado 240 millones MADRID, 16 Feb. (EUROPA PRESS) &#8211; Barcel\u00f3 y Globalia han elevado su petici\u00f3n de ayuda al fondo de rescate del Gobierno en 80 millones de euros, que se a\u00f1adir\u00edan a los 240 millones de euros solicitados inicialmente para fusionar sus negocios de agencias de viajes (\u00c1voris [&hellip;]\" \/>\n<meta property=\"og:url\" content=\"https:\/\/super-news.info\/es\/globalia-y-barcelo-solicitan-80-millones-de-euros-mas-al-fondo-de-rescate-del-gobierno\/\" \/>\n<meta property=\"og:site_name\" content=\"Super News\" \/>\n<meta property=\"article:published_time\" content=\"2021-02-16T13:13:14+00:00\" \/>\n<meta property=\"article:modified_time\" content=\"2021-02-16T13:13:16+00:00\" \/>\n<meta property=\"og:image\" content=\"https:\/\/super-news.info\/es\/wp-content\/uploads\/sites\/4\/2021\/02\/Globalia-y-Barcel-solicitan-80-millones-de-euros-m-s-al.jpg\" \/>\n\t<meta property=\"og:image:width\" content=\"120\" \/>\n\t<meta property=\"og:image:height\" content=\"67\" \/>\n\t<meta property=\"og:image:type\" content=\"image\/jpeg\" \/>\n<meta name=\"author\" content=\"super-news\" \/>\n<meta name=\"twitter:card\" content=\"summary_large_image\" \/>\n<meta name=\"twitter:label1\" content=\"Written by\" \/>\n\t<meta name=\"twitter:data1\" content=\"super-news\" \/>\n\t<meta name=\"twitter:label2\" content=\"Est. reading time\" \/>\n\t<meta name=\"twitter:data2\" content=\"4 minutes\" \/>\n<script type=\"application\/ld+json\" class=\"yoast-schema-graph\">{\"@context\":\"https:\\\/\\\/schema.org\",\"@graph\":[{\"@type\":\"Article\",\"@id\":\"https:\\\/\\\/super-news.info\\\/es\\\/globalia-y-barcelo-solicitan-80-millones-de-euros-mas-al-fondo-de-rescate-del-gobierno\\\/#article\",\"isPartOf\":{\"@id\":\"https:\\\/\\\/super-news.info\\\/es\\\/globalia-y-barcelo-solicitan-80-millones-de-euros-mas-al-fondo-de-rescate-del-gobierno\\\/\"},\"author\":{\"name\":\"super-news\",\"@id\":\"https:\\\/\\\/super-news.info\\\/es\\\/#\\\/schema\\\/person\\\/2d4068cb2f39cd10008c2fce578a7356\"},\"headline\":\"Globalia y Barcel\u00f3 solicitan 80 millones de euros m\u00e1s al fondo de rescate del Gobierno\",\"datePublished\":\"2021-02-16T13:13:14+00:00\",\"dateModified\":\"2021-02-16T13:13:16+00:00\",\"mainEntityOfPage\":{\"@id\":\"https:\\\/\\\/super-news.info\\\/es\\\/globalia-y-barcelo-solicitan-80-millones-de-euros-mas-al-fondo-de-rescate-del-gobierno\\\/\"},\"wordCount\":784,\"commentCount\":0,\"image\":{\"@id\":\"https:\\\/\\\/super-news.info\\\/es\\\/globalia-y-barcelo-solicitan-80-millones-de-euros-mas-al-fondo-de-rescate-del-gobierno\\\/#primaryimage\"},\"thumbnailUrl\":\"https:\\\/\\\/super-news.info\\\/es\\\/wp-content\\\/uploads\\\/sites\\\/4\\\/2021\\\/02\\\/Globalia-y-Barcel-solicitan-80-millones-de-euros-m-s-al.jpg\",\"articleSection\":[\"NOTICIAS FINANCIERAS\"],\"inLanguage\":\"en-US\",\"potentialAction\":[{\"@type\":\"CommentAction\",\"name\":\"Comment\",\"target\":[\"https:\\\/\\\/super-news.info\\\/es\\\/globalia-y-barcelo-solicitan-80-millones-de-euros-mas-al-fondo-de-rescate-del-gobierno\\\/#respond\"]}]},{\"@type\":\"WebPage\",\"@id\":\"https:\\\/\\\/super-news.info\\\/es\\\/globalia-y-barcelo-solicitan-80-millones-de-euros-mas-al-fondo-de-rescate-del-gobierno\\\/\",\"url\":\"https:\\\/\\\/super-news.info\\\/es\\\/globalia-y-barcelo-solicitan-80-millones-de-euros-mas-al-fondo-de-rescate-del-gobierno\\\/\",\"name\":\"Globalia y Barcel\u00f3 solicitan 80 millones de euros m\u00e1s al fondo de rescate del Gobierno - Super News\",\"isPartOf\":{\"@id\":\"https:\\\/\\\/super-news.info\\\/es\\\/#website\"},\"primaryImageOfPage\":{\"@id\":\"https:\\\/\\\/super-news.info\\\/es\\\/globalia-y-barcelo-solicitan-80-millones-de-euros-mas-al-fondo-de-rescate-del-gobierno\\\/#primaryimage\"},\"image\":{\"@id\":\"https:\\\/\\\/super-news.info\\\/es\\\/globalia-y-barcelo-solicitan-80-millones-de-euros-mas-al-fondo-de-rescate-del-gobierno\\\/#primaryimage\"},\"thumbnailUrl\":\"https:\\\/\\\/super-news.info\\\/es\\\/wp-content\\\/uploads\\\/sites\\\/4\\\/2021\\\/02\\\/Globalia-y-Barcel-solicitan-80-millones-de-euros-m-s-al.jpg\",\"datePublished\":\"2021-02-16T13:13:14+00:00\",\"dateModified\":\"2021-02-16T13:13:16+00:00\",\"author\":{\"@id\":\"https:\\\/\\\/super-news.info\\\/es\\\/#\\\/schema\\\/person\\\/2d4068cb2f39cd10008c2fce578a7356\"},\"breadcrumb\":{\"@id\":\"https:\\\/\\\/super-news.info\\\/es\\\/globalia-y-barcelo-solicitan-80-millones-de-euros-mas-al-fondo-de-rescate-del-gobierno\\\/#breadcrumb\"},\"inLanguage\":\"en-US\",\"potentialAction\":[{\"@type\":\"ReadAction\",\"target\":[\"https:\\\/\\\/super-news.info\\\/es\\\/globalia-y-barcelo-solicitan-80-millones-de-euros-mas-al-fondo-de-rescate-del-gobierno\\\/\"]}]},{\"@type\":\"ImageObject\",\"inLanguage\":\"en-US\",\"@id\":\"https:\\\/\\\/super-news.info\\\/es\\\/globalia-y-barcelo-solicitan-80-millones-de-euros-mas-al-fondo-de-rescate-del-gobierno\\\/#primaryimage\",\"url\":\"https:\\\/\\\/super-news.info\\\/es\\\/wp-content\\\/uploads\\\/sites\\\/4\\\/2021\\\/02\\\/Globalia-y-Barcel-solicitan-80-millones-de-euros-m-s-al.jpg\",\"contentUrl\":\"https:\\\/\\\/super-news.info\\\/es\\\/wp-content\\\/uploads\\\/sites\\\/4\\\/2021\\\/02\\\/Globalia-y-Barcel-solicitan-80-millones-de-euros-m-s-al.jpg\",\"width\":120,\"height\":67,\"caption\":\"Globalia y Barcel\u00f3 solicitan 80 millones de euros m\u00e1s al fondo de rescate del Gobierno\"},{\"@type\":\"BreadcrumbList\",\"@id\":\"https:\\\/\\\/super-news.info\\\/es\\\/globalia-y-barcelo-solicitan-80-millones-de-euros-mas-al-fondo-de-rescate-del-gobierno\\\/#breadcrumb\",\"itemListElement\":[{\"@type\":\"ListItem\",\"position\":1,\"name\":\"\u0413\u043b\u0430\u0432\u043d\u0430\u044f \u0441\u0442\u0440\u0430\u043d\u0438\u0446\u0430\",\"item\":\"https:\\\/\\\/super-news.info\\\/es\\\/\"},{\"@type\":\"ListItem\",\"position\":2,\"name\":\"Globalia y Barcel\u00f3 solicitan 80 millones de euros m\u00e1s al fondo de rescate del Gobierno\"}]},{\"@type\":\"WebSite\",\"@id\":\"https:\\\/\\\/super-news.info\\\/es\\\/#website\",\"url\":\"https:\\\/\\\/super-news.info\\\/es\\\/\",\"name\":\"Super News\",\"description\":\"Super News Espa\u00f1a\",\"potentialAction\":[{\"@type\":\"SearchAction\",\"target\":{\"@type\":\"EntryPoint\",\"urlTemplate\":\"https:\\\/\\\/super-news.info\\\/es\\\/?s={search_term_string}\"},\"query-input\":{\"@type\":\"PropertyValueSpecification\",\"valueRequired\":true,\"valueName\":\"search_term_string\"}}],\"inLanguage\":\"en-US\"},{\"@type\":\"Person\",\"@id\":\"https:\\\/\\\/super-news.info\\\/es\\\/#\\\/schema\\\/person\\\/2d4068cb2f39cd10008c2fce578a7356\",\"name\":\"super-news\",\"image\":{\"@type\":\"ImageObject\",\"inLanguage\":\"en-US\",\"@id\":\"https:\\\/\\\/secure.gravatar.com\\\/avatar\\\/64ebac40b93f26a154f8a9b5b6fdccfc46f442b26b3dd6756dbff3bf9dc76fd7?s=96&d=mm&r=g\",\"url\":\"https:\\\/\\\/secure.gravatar.com\\\/avatar\\\/64ebac40b93f26a154f8a9b5b6fdccfc46f442b26b3dd6756dbff3bf9dc76fd7?s=96&d=mm&r=g\",\"contentUrl\":\"https:\\\/\\\/secure.gravatar.com\\\/avatar\\\/64ebac40b93f26a154f8a9b5b6fdccfc46f442b26b3dd6756dbff3bf9dc76fd7?s=96&d=mm&r=g\",\"caption\":\"super-news\"},\"url\":\"https:\\\/\\\/super-news.info\\\/es\\\/author\\\/pt\\\/\"}]}<\/script>\n<!-- \/ Yoast SEO plugin. -->","yoast_head_json":{"title":"Globalia y Barcel\u00f3 solicitan 80 millones de euros m\u00e1s al fondo de rescate del Gobierno - Super News","robots":{"index":"index","follow":"follow","max-snippet":"max-snippet:-1","max-image-preview":"max-image-preview:large","max-video-preview":"max-video-preview:-1"},"canonical":"https:\/\/super-news.info\/es\/globalia-y-barcelo-solicitan-80-millones-de-euros-mas-al-fondo-de-rescate-del-gobierno\/","og_locale":"en_US","og_type":"article","og_title":"Globalia y Barcel\u00f3 solicitan 80 millones de euros m\u00e1s al fondo de rescate del Gobierno - Super News","og_description":"\u00c1voris y Halc\u00f3n Viajes ya hab\u00edan reclamado 240 millones MADRID, 16 Feb. (EUROPA PRESS) &#8211; Barcel\u00f3 y Globalia han elevado su petici\u00f3n de ayuda al fondo de rescate del Gobierno en 80 millones de euros, que se a\u00f1adir\u00edan a los 240 millones de euros solicitados inicialmente para fusionar sus negocios de agencias de viajes (\u00c1voris [&hellip;]","og_url":"https:\/\/super-news.info\/es\/globalia-y-barcelo-solicitan-80-millones-de-euros-mas-al-fondo-de-rescate-del-gobierno\/","og_site_name":"Super News","article_published_time":"2021-02-16T13:13:14+00:00","article_modified_time":"2021-02-16T13:13:16+00:00","og_image":[{"width":120,"height":67,"url":"https:\/\/super-news.info\/es\/wp-content\/uploads\/sites\/4\/2021\/02\/Globalia-y-Barcel-solicitan-80-millones-de-euros-m-s-al.jpg","type":"image\/jpeg"}],"author":"super-news","twitter_card":"summary_large_image","twitter_misc":{"Written by":"super-news","Est. reading time":"4 minutes"},"schema":{"@context":"https:\/\/schema.org","@graph":[{"@type":"Article","@id":"https:\/\/super-news.info\/es\/globalia-y-barcelo-solicitan-80-millones-de-euros-mas-al-fondo-de-rescate-del-gobierno\/#article","isPartOf":{"@id":"https:\/\/super-news.info\/es\/globalia-y-barcelo-solicitan-80-millones-de-euros-mas-al-fondo-de-rescate-del-gobierno\/"},"author":{"name":"super-news","@id":"https:\/\/super-news.info\/es\/#\/schema\/person\/2d4068cb2f39cd10008c2fce578a7356"},"headline":"Globalia y Barcel\u00f3 solicitan 80 millones de euros m\u00e1s al fondo de rescate del Gobierno","datePublished":"2021-02-16T13:13:14+00:00","dateModified":"2021-02-16T13:13:16+00:00","mainEntityOfPage":{"@id":"https:\/\/super-news.info\/es\/globalia-y-barcelo-solicitan-80-millones-de-euros-mas-al-fondo-de-rescate-del-gobierno\/"},"wordCount":784,"commentCount":0,"image":{"@id":"https:\/\/super-news.info\/es\/globalia-y-barcelo-solicitan-80-millones-de-euros-mas-al-fondo-de-rescate-del-gobierno\/#primaryimage"},"thumbnailUrl":"https:\/\/super-news.info\/es\/wp-content\/uploads\/sites\/4\/2021\/02\/Globalia-y-Barcel-solicitan-80-millones-de-euros-m-s-al.jpg","articleSection":["NOTICIAS FINANCIERAS"],"inLanguage":"en-US","potentialAction":[{"@type":"CommentAction","name":"Comment","target":["https:\/\/super-news.info\/es\/globalia-y-barcelo-solicitan-80-millones-de-euros-mas-al-fondo-de-rescate-del-gobierno\/#respond"]}]},{"@type":"WebPage","@id":"https:\/\/super-news.info\/es\/globalia-y-barcelo-solicitan-80-millones-de-euros-mas-al-fondo-de-rescate-del-gobierno\/","url":"https:\/\/super-news.info\/es\/globalia-y-barcelo-solicitan-80-millones-de-euros-mas-al-fondo-de-rescate-del-gobierno\/","name":"Globalia y Barcel\u00f3 solicitan 80 millones de euros m\u00e1s al fondo de rescate del Gobierno - Super News","isPartOf":{"@id":"https:\/\/super-news.info\/es\/#website"},"primaryImageOfPage":{"@id":"https:\/\/super-news.info\/es\/globalia-y-barcelo-solicitan-80-millones-de-euros-mas-al-fondo-de-rescate-del-gobierno\/#primaryimage"},"image":{"@id":"https:\/\/super-news.info\/es\/globalia-y-barcelo-solicitan-80-millones-de-euros-mas-al-fondo-de-rescate-del-gobierno\/#primaryimage"},"thumbnailUrl":"https:\/\/super-news.info\/es\/wp-content\/uploads\/sites\/4\/2021\/02\/Globalia-y-Barcel-solicitan-80-millones-de-euros-m-s-al.jpg","datePublished":"2021-02-16T13:13:14+00:00","dateModified":"2021-02-16T13:13:16+00:00","author":{"@id":"https:\/\/super-news.info\/es\/#\/schema\/person\/2d4068cb2f39cd10008c2fce578a7356"},"breadcrumb":{"@id":"https:\/\/super-news.info\/es\/globalia-y-barcelo-solicitan-80-millones-de-euros-mas-al-fondo-de-rescate-del-gobierno\/#breadcrumb"},"inLanguage":"en-US","potentialAction":[{"@type":"ReadAction","target":["https:\/\/super-news.info\/es\/globalia-y-barcelo-solicitan-80-millones-de-euros-mas-al-fondo-de-rescate-del-gobierno\/"]}]},{"@type":"ImageObject","inLanguage":"en-US","@id":"https:\/\/super-news.info\/es\/globalia-y-barcelo-solicitan-80-millones-de-euros-mas-al-fondo-de-rescate-del-gobierno\/#primaryimage","url":"https:\/\/super-news.info\/es\/wp-content\/uploads\/sites\/4\/2021\/02\/Globalia-y-Barcel-solicitan-80-millones-de-euros-m-s-al.jpg","contentUrl":"https:\/\/super-news.info\/es\/wp-content\/uploads\/sites\/4\/2021\/02\/Globalia-y-Barcel-solicitan-80-millones-de-euros-m-s-al.jpg","width":120,"height":67,"caption":"Globalia y Barcel\u00f3 solicitan 80 millones de euros m\u00e1s al fondo de rescate del Gobierno"},{"@type":"BreadcrumbList","@id":"https:\/\/super-news.info\/es\/globalia-y-barcelo-solicitan-80-millones-de-euros-mas-al-fondo-de-rescate-del-gobierno\/#breadcrumb","itemListElement":[{"@type":"ListItem","position":1,"name":"\u0413\u043b\u0430\u0432\u043d\u0430\u044f \u0441\u0442\u0440\u0430\u043d\u0438\u0446\u0430","item":"https:\/\/super-news.info\/es\/"},{"@type":"ListItem","position":2,"name":"Globalia y Barcel\u00f3 solicitan 80 millones de euros m\u00e1s al fondo de rescate del Gobierno"}]},{"@type":"WebSite","@id":"https:\/\/super-news.info\/es\/#website","url":"https:\/\/super-news.info\/es\/","name":"Super News","description":"Super News Espa\u00f1a","potentialAction":[{"@type":"SearchAction","target":{"@type":"EntryPoint","urlTemplate":"https:\/\/super-news.info\/es\/?s={search_term_string}"},"query-input":{"@type":"PropertyValueSpecification","valueRequired":true,"valueName":"search_term_string"}}],"inLanguage":"en-US"},{"@type":"Person","@id":"https:\/\/super-news.info\/es\/#\/schema\/person\/2d4068cb2f39cd10008c2fce578a7356","name":"super-news","image":{"@type":"ImageObject","inLanguage":"en-US","@id":"https:\/\/secure.gravatar.com\/avatar\/64ebac40b93f26a154f8a9b5b6fdccfc46f442b26b3dd6756dbff3bf9dc76fd7?s=96&d=mm&r=g","url":"https:\/\/secure.gravatar.com\/avatar\/64ebac40b93f26a154f8a9b5b6fdccfc46f442b26b3dd6756dbff3bf9dc76fd7?s=96&d=mm&r=g","contentUrl":"https:\/\/secure.gravatar.com\/avatar\/64ebac40b93f26a154f8a9b5b6fdccfc46f442b26b3dd6756dbff3bf9dc76fd7?s=96&d=mm&r=g","caption":"super-news"},"url":"https:\/\/super-news.info\/es\/author\/pt\/"}]}},"_links":{"self":[{"href":"https:\/\/super-news.info\/es\/wp-json\/wp\/v2\/posts\/13584","targetHints":{"allow":["GET"]}}],"collection":[{"href":"https:\/\/super-news.info\/es\/wp-json\/wp\/v2\/posts"}],"about":[{"href":"https:\/\/super-news.info\/es\/wp-json\/wp\/v2\/types\/post"}],"author":[{"embeddable":true,"href":"https:\/\/super-news.info\/es\/wp-json\/wp\/v2\/users\/2"}],"replies":[{"embeddable":true,"href":"https:\/\/super-news.info\/es\/wp-json\/wp\/v2\/comments?post=13584"}],"version-history":[{"count":1,"href":"https:\/\/super-news.info\/es\/wp-json\/wp\/v2\/posts\/13584\/revisions"}],"predecessor-version":[{"id":13586,"href":"https:\/\/super-news.info\/es\/wp-json\/wp\/v2\/posts\/13584\/revisions\/13586"}],"wp:featuredmedia":[{"embeddable":true,"href":"https:\/\/super-news.info\/es\/wp-json\/wp\/v2\/media\/13585"}],"wp:attachment":[{"href":"https:\/\/super-news.info\/es\/wp-json\/wp\/v2\/media?parent=13584"}],"wp:term":[{"taxonomy":"category","embeddable":true,"href":"https:\/\/super-news.info\/es\/wp-json\/wp\/v2\/categories?post=13584"},{"taxonomy":"post_tag","embeddable":true,"href":"https:\/\/super-news.info\/es\/wp-json\/wp\/v2\/tags?post=13584"}],"curies":[{"name":"wp","href":"https:\/\/api.w.org\/{rel}","templated":true}]}}