{"id":13572,"date":"2021-02-15T16:09:59","date_gmt":"2021-02-15T13:09:59","guid":{"rendered":"https:\/\/super-news.info\/es\/just-eat-traslada-su-sede-al-corazon-tecnologico-de-madrid\/"},"modified":"2021-02-15T16:10:03","modified_gmt":"2021-02-15T13:10:03","slug":"just-eat-traslada-su-sede-al-corazon-tecnologico-de-madrid","status":"publish","type":"post","link":"https:\/\/super-news.info\/es\/just-eat-traslada-su-sede-al-corazon-tecnologico-de-madrid\/","title":{"rendered":"Just Eat traslada su sede al coraz\u00f3n tecnol\u00f3gico de Madrid"},"content":{"rendered":"<p>\nMADRID, 15 Feb. (EUROPA PRESS) &#8211;<br \/>\n   Just Eat, la plataforma de comida a domicilio, ha trasladado su sede al centro y al coraz\u00f3n tecnol\u00f3gico de Madrid, reforzando as\u00ed su apuesta por el mercado nacional, seg\u00fan ha informado la multinacional en un comunicado.<br \/>\n   En concreto, la firma ocupar\u00e1 un edificio completo en la calle \u00c1ncora n\u00famero 40, cerca de las inmediaciones de Atocha, lo que supone estar en el coraz\u00f3n tecnol\u00f3gico de la capital.<br \/>\n   El edificio combina un espacio de trabajo con tecnolog\u00eda, eficiencia, seguridad, y respeto al medio ambiente, que tiene una capacidad de hasta m\u00e1s de 600 personas.<br \/>\n   El director financiero de Just Eat, Ram\u00f3n Argelaguet Vilaseca, ha se\u00f1alado que este proyecto &#8220;supone afianzar el crecimiento exponencial del negocio en Espa\u00f1a, cumplir con el compromiso de inversiones para mantener una posici\u00f3n de liderazgo sostenible y crear espacios que sigan inspirando la innovaci\u00f3n en nuestros equipos siendo pioneros en el mercado&#8221;.<br \/>\n   Just Eat ha optado por acercarse al centro de Madrid con el objetivo de fomentar el bienestar de los empleados como eje central en la toma de la decisi\u00f3n. Adem\u00e1s, la plataforma ha priorizado una ubicaci\u00f3n con excelentes comunicaciones para sus empleados, un dise\u00f1o de las oficinas que refuerce el confort, la salud y seguridad del entorno de trabajo, compaginado con un concepto que favorezca la innovaci\u00f3n y el trabajo en equipo.<br \/>\n   Por su parte, CBRE y JLL, consultoras que han asesorado en esta operaci\u00f3n, consideran ser\u00e1 &#8220;una de las m\u00e1s significativas&#8221; de este a\u00f1o. &#8220;La nueva sede de Just Eat en Espa\u00f1a es un emplazamiento elegido por grandes sedes corporativas del sector tecnol\u00f3gico e industrial, entre otros, y se posiciona como la nueva zona de referencia de la actividad econ\u00f3mica de la capital&#8221;, han recalcado.<br \/>\n<br \/>\n<!--noindex--><br \/>\n<a href=\"https:\/\/www.europapress.es\/economia\/noticia-just-eat-traslada-sede-corazon-tecnologico-madrid-20210215133253.html\" rel=\"nofollow\">Source link <\/a><br \/>\n<!--\/noindex--><\/p>\n","protected":false},"excerpt":{"rendered":"<p>MADRID, 15 Feb. (EUROPA PRESS) &#8211; Just Eat, la plataforma de comida a domicilio, ha trasladado su sede al centro y al coraz\u00f3n tecnol\u00f3gico de Madrid, reforzando as\u00ed su apuesta por el mercado nacional, seg\u00fan ha informado la multinacional en un comunicado. En concreto, la firma ocupar\u00e1 un edificio completo en la calle \u00c1ncora n\u00famero [&hellip;]<\/p>\n","protected":false},"author":2,"featured_media":13573,"comment_status":"open","ping_status":"open","sticky":false,"template":"","format":"standard","meta":{"footnotes":""},"categories":[1],"tags":[],"class_list":["post-13572","post","type-post","status-publish","format-standard","has-post-thumbnail","hentry","category-noticias-financieras"],"yoast_head":"<!-- This site is optimized with the Yoast SEO plugin v27.4 - https:\/\/yoast.com\/product\/yoast-seo-wordpress\/ -->\n<title>Just Eat traslada su sede al coraz\u00f3n tecnol\u00f3gico de Madrid - Super News<\/title>\n<meta name=\"robots\" content=\"index, follow, max-snippet:-1, max-image-preview:large, max-video-preview:-1\" \/>\n<link rel=\"canonical\" href=\"https:\/\/super-news.info\/es\/just-eat-traslada-su-sede-al-corazon-tecnologico-de-madrid\/\" \/>\n<meta property=\"og:locale\" content=\"en_US\" \/>\n<meta property=\"og:type\" content=\"article\" \/>\n<meta property=\"og:title\" content=\"Just Eat traslada su sede al coraz\u00f3n tecnol\u00f3gico de Madrid - Super News\" \/>\n<meta property=\"og:description\" content=\"MADRID, 15 Feb. (EUROPA PRESS) &#8211; Just Eat, la plataforma de comida a domicilio, ha trasladado su sede al centro y al coraz\u00f3n tecnol\u00f3gico de Madrid, reforzando as\u00ed su apuesta por el mercado nacional, seg\u00fan ha informado la multinacional en un comunicado. En concreto, la firma ocupar\u00e1 un edificio completo en la calle \u00c1ncora n\u00famero [&hellip;]\" \/>\n<meta property=\"og:url\" content=\"https:\/\/super-news.info\/es\/just-eat-traslada-su-sede-al-corazon-tecnologico-de-madrid\/\" \/>\n<meta property=\"og:site_name\" content=\"Super News\" \/>\n<meta property=\"article:published_time\" content=\"2021-02-15T13:09:59+00:00\" \/>\n<meta property=\"article:modified_time\" content=\"2021-02-15T13:10:03+00:00\" \/>\n<meta property=\"og:image\" content=\"https:\/\/super-news.info\/es\/wp-content\/uploads\/sites\/4\/2021\/02\/Just-Eat-traslada-su-sede-al-coraz-n-tecnol-gico-de-Madrid.jpg\" \/>\n\t<meta property=\"og:image:width\" content=\"120\" \/>\n\t<meta property=\"og:image:height\" content=\"67\" \/>\n\t<meta property=\"og:image:type\" content=\"image\/jpeg\" \/>\n<meta name=\"author\" content=\"super-news\" \/>\n<meta name=\"twitter:card\" content=\"summary_large_image\" \/>\n<meta name=\"twitter:label1\" content=\"Written by\" \/>\n\t<meta name=\"twitter:data1\" content=\"super-news\" \/>\n\t<meta name=\"twitter:label2\" content=\"Est. reading time\" \/>\n\t<meta name=\"twitter:data2\" content=\"2 minutes\" \/>\n<script type=\"application\/ld+json\" class=\"yoast-schema-graph\">{\"@context\":\"https:\\\/\\\/schema.org\",\"@graph\":[{\"@type\":\"Article\",\"@id\":\"https:\\\/\\\/super-news.info\\\/es\\\/just-eat-traslada-su-sede-al-corazon-tecnologico-de-madrid\\\/#article\",\"isPartOf\":{\"@id\":\"https:\\\/\\\/super-news.info\\\/es\\\/just-eat-traslada-su-sede-al-corazon-tecnologico-de-madrid\\\/\"},\"author\":{\"name\":\"super-news\",\"@id\":\"https:\\\/\\\/super-news.info\\\/es\\\/#\\\/schema\\\/person\\\/2d4068cb2f39cd10008c2fce578a7356\"},\"headline\":\"Just Eat traslada su sede al coraz\u00f3n tecnol\u00f3gico de Madrid\",\"datePublished\":\"2021-02-15T13:09:59+00:00\",\"dateModified\":\"2021-02-15T13:10:03+00:00\",\"mainEntityOfPage\":{\"@id\":\"https:\\\/\\\/super-news.info\\\/es\\\/just-eat-traslada-su-sede-al-corazon-tecnologico-de-madrid\\\/\"},\"wordCount\":322,\"commentCount\":0,\"image\":{\"@id\":\"https:\\\/\\\/super-news.info\\\/es\\\/just-eat-traslada-su-sede-al-corazon-tecnologico-de-madrid\\\/#primaryimage\"},\"thumbnailUrl\":\"https:\\\/\\\/super-news.info\\\/es\\\/wp-content\\\/uploads\\\/sites\\\/4\\\/2021\\\/02\\\/Just-Eat-traslada-su-sede-al-coraz-n-tecnol-gico-de-Madrid.jpg\",\"articleSection\":[\"NOTICIAS FINANCIERAS\"],\"inLanguage\":\"en-US\",\"potentialAction\":[{\"@type\":\"CommentAction\",\"name\":\"Comment\",\"target\":[\"https:\\\/\\\/super-news.info\\\/es\\\/just-eat-traslada-su-sede-al-corazon-tecnologico-de-madrid\\\/#respond\"]}]},{\"@type\":\"WebPage\",\"@id\":\"https:\\\/\\\/super-news.info\\\/es\\\/just-eat-traslada-su-sede-al-corazon-tecnologico-de-madrid\\\/\",\"url\":\"https:\\\/\\\/super-news.info\\\/es\\\/just-eat-traslada-su-sede-al-corazon-tecnologico-de-madrid\\\/\",\"name\":\"Just Eat traslada su sede al coraz\u00f3n tecnol\u00f3gico de Madrid - Super News\",\"isPartOf\":{\"@id\":\"https:\\\/\\\/super-news.info\\\/es\\\/#website\"},\"primaryImageOfPage\":{\"@id\":\"https:\\\/\\\/super-news.info\\\/es\\\/just-eat-traslada-su-sede-al-corazon-tecnologico-de-madrid\\\/#primaryimage\"},\"image\":{\"@id\":\"https:\\\/\\\/super-news.info\\\/es\\\/just-eat-traslada-su-sede-al-corazon-tecnologico-de-madrid\\\/#primaryimage\"},\"thumbnailUrl\":\"https:\\\/\\\/super-news.info\\\/es\\\/wp-content\\\/uploads\\\/sites\\\/4\\\/2021\\\/02\\\/Just-Eat-traslada-su-sede-al-coraz-n-tecnol-gico-de-Madrid.jpg\",\"datePublished\":\"2021-02-15T13:09:59+00:00\",\"dateModified\":\"2021-02-15T13:10:03+00:00\",\"author\":{\"@id\":\"https:\\\/\\\/super-news.info\\\/es\\\/#\\\/schema\\\/person\\\/2d4068cb2f39cd10008c2fce578a7356\"},\"breadcrumb\":{\"@id\":\"https:\\\/\\\/super-news.info\\\/es\\\/just-eat-traslada-su-sede-al-corazon-tecnologico-de-madrid\\\/#breadcrumb\"},\"inLanguage\":\"en-US\",\"potentialAction\":[{\"@type\":\"ReadAction\",\"target\":[\"https:\\\/\\\/super-news.info\\\/es\\\/just-eat-traslada-su-sede-al-corazon-tecnologico-de-madrid\\\/\"]}]},{\"@type\":\"ImageObject\",\"inLanguage\":\"en-US\",\"@id\":\"https:\\\/\\\/super-news.info\\\/es\\\/just-eat-traslada-su-sede-al-corazon-tecnologico-de-madrid\\\/#primaryimage\",\"url\":\"https:\\\/\\\/super-news.info\\\/es\\\/wp-content\\\/uploads\\\/sites\\\/4\\\/2021\\\/02\\\/Just-Eat-traslada-su-sede-al-coraz-n-tecnol-gico-de-Madrid.jpg\",\"contentUrl\":\"https:\\\/\\\/super-news.info\\\/es\\\/wp-content\\\/uploads\\\/sites\\\/4\\\/2021\\\/02\\\/Just-Eat-traslada-su-sede-al-coraz-n-tecnol-gico-de-Madrid.jpg\",\"width\":120,\"height\":67,\"caption\":\"Just Eat traslada su sede al coraz\u00f3n tecnol\u00f3gico de Madrid\"},{\"@type\":\"BreadcrumbList\",\"@id\":\"https:\\\/\\\/super-news.info\\\/es\\\/just-eat-traslada-su-sede-al-corazon-tecnologico-de-madrid\\\/#breadcrumb\",\"itemListElement\":[{\"@type\":\"ListItem\",\"position\":1,\"name\":\"\u0413\u043b\u0430\u0432\u043d\u0430\u044f \u0441\u0442\u0440\u0430\u043d\u0438\u0446\u0430\",\"item\":\"https:\\\/\\\/super-news.info\\\/es\\\/\"},{\"@type\":\"ListItem\",\"position\":2,\"name\":\"Just Eat traslada su sede al coraz\u00f3n tecnol\u00f3gico de Madrid\"}]},{\"@type\":\"WebSite\",\"@id\":\"https:\\\/\\\/super-news.info\\\/es\\\/#website\",\"url\":\"https:\\\/\\\/super-news.info\\\/es\\\/\",\"name\":\"Super News\",\"description\":\"Super News Espa\u00f1a\",\"potentialAction\":[{\"@type\":\"SearchAction\",\"target\":{\"@type\":\"EntryPoint\",\"urlTemplate\":\"https:\\\/\\\/super-news.info\\\/es\\\/?s={search_term_string}\"},\"query-input\":{\"@type\":\"PropertyValueSpecification\",\"valueRequired\":true,\"valueName\":\"search_term_string\"}}],\"inLanguage\":\"en-US\"},{\"@type\":\"Person\",\"@id\":\"https:\\\/\\\/super-news.info\\\/es\\\/#\\\/schema\\\/person\\\/2d4068cb2f39cd10008c2fce578a7356\",\"name\":\"super-news\",\"image\":{\"@type\":\"ImageObject\",\"inLanguage\":\"en-US\",\"@id\":\"https:\\\/\\\/secure.gravatar.com\\\/avatar\\\/64ebac40b93f26a154f8a9b5b6fdccfc46f442b26b3dd6756dbff3bf9dc76fd7?s=96&d=mm&r=g\",\"url\":\"https:\\\/\\\/secure.gravatar.com\\\/avatar\\\/64ebac40b93f26a154f8a9b5b6fdccfc46f442b26b3dd6756dbff3bf9dc76fd7?s=96&d=mm&r=g\",\"contentUrl\":\"https:\\\/\\\/secure.gravatar.com\\\/avatar\\\/64ebac40b93f26a154f8a9b5b6fdccfc46f442b26b3dd6756dbff3bf9dc76fd7?s=96&d=mm&r=g\",\"caption\":\"super-news\"},\"url\":\"https:\\\/\\\/super-news.info\\\/es\\\/author\\\/pt\\\/\"}]}<\/script>\n<!-- \/ Yoast SEO plugin. -->","yoast_head_json":{"title":"Just Eat traslada su sede al coraz\u00f3n tecnol\u00f3gico de Madrid - Super News","robots":{"index":"index","follow":"follow","max-snippet":"max-snippet:-1","max-image-preview":"max-image-preview:large","max-video-preview":"max-video-preview:-1"},"canonical":"https:\/\/super-news.info\/es\/just-eat-traslada-su-sede-al-corazon-tecnologico-de-madrid\/","og_locale":"en_US","og_type":"article","og_title":"Just Eat traslada su sede al coraz\u00f3n tecnol\u00f3gico de Madrid - Super News","og_description":"MADRID, 15 Feb. (EUROPA PRESS) &#8211; Just Eat, la plataforma de comida a domicilio, ha trasladado su sede al centro y al coraz\u00f3n tecnol\u00f3gico de Madrid, reforzando as\u00ed su apuesta por el mercado nacional, seg\u00fan ha informado la multinacional en un comunicado. En concreto, la firma ocupar\u00e1 un edificio completo en la calle \u00c1ncora n\u00famero [&hellip;]","og_url":"https:\/\/super-news.info\/es\/just-eat-traslada-su-sede-al-corazon-tecnologico-de-madrid\/","og_site_name":"Super News","article_published_time":"2021-02-15T13:09:59+00:00","article_modified_time":"2021-02-15T13:10:03+00:00","og_image":[{"width":120,"height":67,"url":"https:\/\/super-news.info\/es\/wp-content\/uploads\/sites\/4\/2021\/02\/Just-Eat-traslada-su-sede-al-coraz-n-tecnol-gico-de-Madrid.jpg","type":"image\/jpeg"}],"author":"super-news","twitter_card":"summary_large_image","twitter_misc":{"Written by":"super-news","Est. reading time":"2 minutes"},"schema":{"@context":"https:\/\/schema.org","@graph":[{"@type":"Article","@id":"https:\/\/super-news.info\/es\/just-eat-traslada-su-sede-al-corazon-tecnologico-de-madrid\/#article","isPartOf":{"@id":"https:\/\/super-news.info\/es\/just-eat-traslada-su-sede-al-corazon-tecnologico-de-madrid\/"},"author":{"name":"super-news","@id":"https:\/\/super-news.info\/es\/#\/schema\/person\/2d4068cb2f39cd10008c2fce578a7356"},"headline":"Just Eat traslada su sede al coraz\u00f3n tecnol\u00f3gico de Madrid","datePublished":"2021-02-15T13:09:59+00:00","dateModified":"2021-02-15T13:10:03+00:00","mainEntityOfPage":{"@id":"https:\/\/super-news.info\/es\/just-eat-traslada-su-sede-al-corazon-tecnologico-de-madrid\/"},"wordCount":322,"commentCount":0,"image":{"@id":"https:\/\/super-news.info\/es\/just-eat-traslada-su-sede-al-corazon-tecnologico-de-madrid\/#primaryimage"},"thumbnailUrl":"https:\/\/super-news.info\/es\/wp-content\/uploads\/sites\/4\/2021\/02\/Just-Eat-traslada-su-sede-al-coraz-n-tecnol-gico-de-Madrid.jpg","articleSection":["NOTICIAS FINANCIERAS"],"inLanguage":"en-US","potentialAction":[{"@type":"CommentAction","name":"Comment","target":["https:\/\/super-news.info\/es\/just-eat-traslada-su-sede-al-corazon-tecnologico-de-madrid\/#respond"]}]},{"@type":"WebPage","@id":"https:\/\/super-news.info\/es\/just-eat-traslada-su-sede-al-corazon-tecnologico-de-madrid\/","url":"https:\/\/super-news.info\/es\/just-eat-traslada-su-sede-al-corazon-tecnologico-de-madrid\/","name":"Just Eat traslada su sede al coraz\u00f3n tecnol\u00f3gico de Madrid - Super News","isPartOf":{"@id":"https:\/\/super-news.info\/es\/#website"},"primaryImageOfPage":{"@id":"https:\/\/super-news.info\/es\/just-eat-traslada-su-sede-al-corazon-tecnologico-de-madrid\/#primaryimage"},"image":{"@id":"https:\/\/super-news.info\/es\/just-eat-traslada-su-sede-al-corazon-tecnologico-de-madrid\/#primaryimage"},"thumbnailUrl":"https:\/\/super-news.info\/es\/wp-content\/uploads\/sites\/4\/2021\/02\/Just-Eat-traslada-su-sede-al-coraz-n-tecnol-gico-de-Madrid.jpg","datePublished":"2021-02-15T13:09:59+00:00","dateModified":"2021-02-15T13:10:03+00:00","author":{"@id":"https:\/\/super-news.info\/es\/#\/schema\/person\/2d4068cb2f39cd10008c2fce578a7356"},"breadcrumb":{"@id":"https:\/\/super-news.info\/es\/just-eat-traslada-su-sede-al-corazon-tecnologico-de-madrid\/#breadcrumb"},"inLanguage":"en-US","potentialAction":[{"@type":"ReadAction","target":["https:\/\/super-news.info\/es\/just-eat-traslada-su-sede-al-corazon-tecnologico-de-madrid\/"]}]},{"@type":"ImageObject","inLanguage":"en-US","@id":"https:\/\/super-news.info\/es\/just-eat-traslada-su-sede-al-corazon-tecnologico-de-madrid\/#primaryimage","url":"https:\/\/super-news.info\/es\/wp-content\/uploads\/sites\/4\/2021\/02\/Just-Eat-traslada-su-sede-al-coraz-n-tecnol-gico-de-Madrid.jpg","contentUrl":"https:\/\/super-news.info\/es\/wp-content\/uploads\/sites\/4\/2021\/02\/Just-Eat-traslada-su-sede-al-coraz-n-tecnol-gico-de-Madrid.jpg","width":120,"height":67,"caption":"Just Eat traslada su sede al coraz\u00f3n tecnol\u00f3gico de Madrid"},{"@type":"BreadcrumbList","@id":"https:\/\/super-news.info\/es\/just-eat-traslada-su-sede-al-corazon-tecnologico-de-madrid\/#breadcrumb","itemListElement":[{"@type":"ListItem","position":1,"name":"\u0413\u043b\u0430\u0432\u043d\u0430\u044f \u0441\u0442\u0440\u0430\u043d\u0438\u0446\u0430","item":"https:\/\/super-news.info\/es\/"},{"@type":"ListItem","position":2,"name":"Just Eat traslada su sede al coraz\u00f3n tecnol\u00f3gico de Madrid"}]},{"@type":"WebSite","@id":"https:\/\/super-news.info\/es\/#website","url":"https:\/\/super-news.info\/es\/","name":"Super News","description":"Super News Espa\u00f1a","potentialAction":[{"@type":"SearchAction","target":{"@type":"EntryPoint","urlTemplate":"https:\/\/super-news.info\/es\/?s={search_term_string}"},"query-input":{"@type":"PropertyValueSpecification","valueRequired":true,"valueName":"search_term_string"}}],"inLanguage":"en-US"},{"@type":"Person","@id":"https:\/\/super-news.info\/es\/#\/schema\/person\/2d4068cb2f39cd10008c2fce578a7356","name":"super-news","image":{"@type":"ImageObject","inLanguage":"en-US","@id":"https:\/\/secure.gravatar.com\/avatar\/64ebac40b93f26a154f8a9b5b6fdccfc46f442b26b3dd6756dbff3bf9dc76fd7?s=96&d=mm&r=g","url":"https:\/\/secure.gravatar.com\/avatar\/64ebac40b93f26a154f8a9b5b6fdccfc46f442b26b3dd6756dbff3bf9dc76fd7?s=96&d=mm&r=g","contentUrl":"https:\/\/secure.gravatar.com\/avatar\/64ebac40b93f26a154f8a9b5b6fdccfc46f442b26b3dd6756dbff3bf9dc76fd7?s=96&d=mm&r=g","caption":"super-news"},"url":"https:\/\/super-news.info\/es\/author\/pt\/"}]}},"_links":{"self":[{"href":"https:\/\/super-news.info\/es\/wp-json\/wp\/v2\/posts\/13572","targetHints":{"allow":["GET"]}}],"collection":[{"href":"https:\/\/super-news.info\/es\/wp-json\/wp\/v2\/posts"}],"about":[{"href":"https:\/\/super-news.info\/es\/wp-json\/wp\/v2\/types\/post"}],"author":[{"embeddable":true,"href":"https:\/\/super-news.info\/es\/wp-json\/wp\/v2\/users\/2"}],"replies":[{"embeddable":true,"href":"https:\/\/super-news.info\/es\/wp-json\/wp\/v2\/comments?post=13572"}],"version-history":[{"count":1,"href":"https:\/\/super-news.info\/es\/wp-json\/wp\/v2\/posts\/13572\/revisions"}],"predecessor-version":[{"id":13574,"href":"https:\/\/super-news.info\/es\/wp-json\/wp\/v2\/posts\/13572\/revisions\/13574"}],"wp:featuredmedia":[{"embeddable":true,"href":"https:\/\/super-news.info\/es\/wp-json\/wp\/v2\/media\/13573"}],"wp:attachment":[{"href":"https:\/\/super-news.info\/es\/wp-json\/wp\/v2\/media?parent=13572"}],"wp:term":[{"taxonomy":"category","embeddable":true,"href":"https:\/\/super-news.info\/es\/wp-json\/wp\/v2\/categories?post=13572"},{"taxonomy":"post_tag","embeddable":true,"href":"https:\/\/super-news.info\/es\/wp-json\/wp\/v2\/tags?post=13572"}],"curies":[{"name":"wp","href":"https:\/\/api.w.org\/{rel}","templated":true}]}}