{"id":13554,"date":"2021-02-14T04:03:52","date_gmt":"2021-02-14T01:03:52","guid":{"rendered":"https:\/\/super-news.info\/es\/hosteleros-cantabros-presentan-su-quinta-denuncia-contra-el-gobierno-de-revilla-por-las-restricciones\/"},"modified":"2021-02-14T04:03:55","modified_gmt":"2021-02-14T01:03:55","slug":"hosteleros-cantabros-presentan-su-quinta-denuncia-contra-el-gobierno-de-revilla-por-las-restricciones","status":"publish","type":"post","link":"https:\/\/super-news.info\/es\/hosteleros-cantabros-presentan-su-quinta-denuncia-contra-el-gobierno-de-revilla-por-las-restricciones\/","title":{"rendered":"Hosteleros c\u00e1ntabros presentan su quinta denuncia contra el Gobierno de Revilla por las restricciones"},"content":{"rendered":"<p>\nAl consejero de Turismo le &#8220;asusta much\u00edsimo&#8221; hablar de Semana Santa y descarta estimar el plazo en el que el sector podr\u00e1 retomar su actividad<br \/>\n   SANTANDER, 13 Feb. (EUROPA PRESS) &#8211;<br \/>\n   La Asociaci\u00f3n Empresarial de Hosteler\u00eda de Cantabria (AEHC) presentar\u00e1 el lunes, 15 de febrero, su quinta denuncia contra el Gobierno regional por las restricciones impuestas al sector frente al coronavirus, especialmente el cierre del interior de los establecimientos.<br \/>\n   Y es que la pr\u00f3rroga de esta medida durante otros 14 d\u00edas anunciada esta semana por la Consejer\u00eda de Sanidad &#8220;ha sentado fatal&#8221; a los hosteleros, seg\u00fan ha dicho el presidente de la AEHC, \u00c1ngel Cuevas, en declaraciones a RNE recogidas por Europa Press.<br \/>\n   Cuevas ha insistido en que se trata de una noticia &#8220;tremendamente negativa&#8221;, una &#8220;patada en donde duele mucho&#8221; para el sector en Cantabria, mientras que, ha recordado, el Tribunal Superior de Justicia del Pa\u00eds Vasco ha fallado esta semana a favor de los hosteleros, permitiendo abrir los establecimientos que hab\u00edan quedado cerrados por estar en zonas de riesgo.<br \/>\n   A ra\u00edz de esta decisi\u00f3n judicial, la AEHC espera que la Justicia c\u00e1ntabra estime esta vez &#8220;flexibilizar&#8221; la suya ante la demanda que presentar\u00e1 el lunes, aunque en las cuatro ocasiones anteriores el Tribunal Superior de Justicia de Cantabria ha dado la raz\u00f3n al Gobierno y el presidente de los hosteleros ya ha advertido que &#8220;la sentencia del Pa\u00eds Vasco no es vinculante para nada&#8221;.<br \/>\n   Cuevas ha destacado que el Pa\u00eds Vasco ha tenido abiertos los interiores de los establecimientos durante la Navidad y al terminar las fiestas &#8220;ten\u00eda la misma incidencia que nosotros&#8221;, cuando en Cantabria han permanecido cerrados, por lo que ha defendido de nuevo que &#8220;el Covid no est\u00e1 en los locales de hosteler\u00eda seguro&#8221;.<br \/>\n   Junto a la pr\u00f3rroga de las restricciones en hosteler\u00eda, Sanidad tambi\u00e9n anunci\u00f3 la ampliaci\u00f3n durante un mes m\u00e1s del cierre perimetral de Cantabria, que estar\u00e1 vigente de momento hasta el 17 de marzo, por lo que Cuevas ha advertido que estas medidas pueden afectar tambi\u00e9n a hoteles, hostales y albergues de cara a la Semana Santa.<br \/>\nRECUPERAR EL TURISMO<br \/>\n   En este sentido, y tambi\u00e9n en declaraciones a la misma emisora, el consejero de Turismo, Javier L\u00f3pez Marcano, ha reconocido que hablar de Semana Santa le &#8220;asusta much\u00edsimo&#8221; y ha descartado hacer estimaciones sobre cu\u00e1ndo podr\u00eda recuperar la actividad este sector<br \/>\n   &#8220;No me atrevo a poner plazos, ni siquiera en Cantabria, donde la situaci\u00f3n, siendo altamente preocupante, permite concebir cierta esperanza en el futuro inmediato&#8221;, ha explicado.<br \/>\n   As\u00ed, y tras su reciente toma de posesi\u00f3n en el cargo -el 26 de enero-, ha lamentado que se ha encontrado un sector tur\u00edstico que est\u00e1 &#8220;sufriendo&#8221;, enmarcado en una situaci\u00f3n que, ha reconocido, es &#8220;alt\u00edsimamente preocupante&#8221;.<br \/>\n   &#8220;Algunos colegas del Gobierno dicen que su sector est\u00e1 en crisis, yo digo que en el m\u00edo se pasa hambre&#8221;, ha sentenciado.<br \/>\n<br \/>\n<!--noindex--><br \/>\n<a href=\"https:\/\/www.europapress.es\/cantabria\/noticia-hosteleros-cantabros-presentan-quinta-denuncia-contra-gobierno-restricciones-20210213141912.html\" rel=\"nofollow\">Source link <\/a><br \/>\n<!--\/noindex--><\/p>\n","protected":false},"excerpt":{"rendered":"<p>Al consejero de Turismo le &#8220;asusta much\u00edsimo&#8221; hablar de Semana Santa y descarta estimar el plazo en el que el sector podr\u00e1 retomar su actividad SANTANDER, 13 Feb. (EUROPA PRESS) &#8211; La Asociaci\u00f3n Empresarial de Hosteler\u00eda de Cantabria (AEHC) presentar\u00e1 el lunes, 15 de febrero, su quinta denuncia contra el Gobierno regional por las restricciones [&hellip;]<\/p>\n","protected":false},"author":2,"featured_media":13555,"comment_status":"open","ping_status":"open","sticky":false,"template":"","format":"standard","meta":{"footnotes":""},"categories":[1],"tags":[],"class_list":["post-13554","post","type-post","status-publish","format-standard","has-post-thumbnail","hentry","category-noticias-financieras"],"yoast_head":"<!-- This site is optimized with the Yoast SEO plugin v27.4 - https:\/\/yoast.com\/product\/yoast-seo-wordpress\/ -->\n<title>Hosteleros c\u00e1ntabros presentan su quinta denuncia contra el Gobierno de Revilla por las restricciones - Super News<\/title>\n<meta name=\"robots\" content=\"index, follow, max-snippet:-1, max-image-preview:large, max-video-preview:-1\" \/>\n<link rel=\"canonical\" href=\"https:\/\/super-news.info\/es\/hosteleros-cantabros-presentan-su-quinta-denuncia-contra-el-gobierno-de-revilla-por-las-restricciones\/\" \/>\n<meta property=\"og:locale\" content=\"en_US\" \/>\n<meta property=\"og:type\" content=\"article\" \/>\n<meta property=\"og:title\" content=\"Hosteleros c\u00e1ntabros presentan su quinta denuncia contra el Gobierno de Revilla por las restricciones - Super News\" \/>\n<meta property=\"og:description\" content=\"Al consejero de Turismo le &#8220;asusta much\u00edsimo&#8221; hablar de Semana Santa y descarta estimar el plazo en el que el sector podr\u00e1 retomar su actividad SANTANDER, 13 Feb. (EUROPA PRESS) &#8211; La Asociaci\u00f3n Empresarial de Hosteler\u00eda de Cantabria (AEHC) presentar\u00e1 el lunes, 15 de febrero, su quinta denuncia contra el Gobierno regional por las restricciones [&hellip;]\" \/>\n<meta property=\"og:url\" content=\"https:\/\/super-news.info\/es\/hosteleros-cantabros-presentan-su-quinta-denuncia-contra-el-gobierno-de-revilla-por-las-restricciones\/\" \/>\n<meta property=\"og:site_name\" content=\"Super News\" \/>\n<meta property=\"article:published_time\" content=\"2021-02-14T01:03:52+00:00\" \/>\n<meta property=\"article:modified_time\" content=\"2021-02-14T01:03:55+00:00\" \/>\n<meta property=\"og:image\" content=\"https:\/\/super-news.info\/es\/wp-content\/uploads\/sites\/4\/2021\/02\/Hosteleros-c-ntabros-presentan-su-quinta-denuncia-contra-el-Gobierno-de.jpg\" \/>\n\t<meta property=\"og:image:width\" content=\"120\" \/>\n\t<meta property=\"og:image:height\" content=\"82\" \/>\n\t<meta property=\"og:image:type\" content=\"image\/jpeg\" \/>\n<meta name=\"author\" content=\"super-news\" \/>\n<meta name=\"twitter:card\" content=\"summary_large_image\" \/>\n<meta name=\"twitter:label1\" content=\"Written by\" \/>\n\t<meta name=\"twitter:data1\" content=\"super-news\" \/>\n\t<meta name=\"twitter:label2\" content=\"Est. reading time\" \/>\n\t<meta name=\"twitter:data2\" content=\"3 minutes\" \/>\n<script type=\"application\/ld+json\" class=\"yoast-schema-graph\">{\"@context\":\"https:\\\/\\\/schema.org\",\"@graph\":[{\"@type\":\"Article\",\"@id\":\"https:\\\/\\\/super-news.info\\\/es\\\/hosteleros-cantabros-presentan-su-quinta-denuncia-contra-el-gobierno-de-revilla-por-las-restricciones\\\/#article\",\"isPartOf\":{\"@id\":\"https:\\\/\\\/super-news.info\\\/es\\\/hosteleros-cantabros-presentan-su-quinta-denuncia-contra-el-gobierno-de-revilla-por-las-restricciones\\\/\"},\"author\":{\"name\":\"super-news\",\"@id\":\"https:\\\/\\\/super-news.info\\\/es\\\/#\\\/schema\\\/person\\\/2d4068cb2f39cd10008c2fce578a7356\"},\"headline\":\"Hosteleros c\u00e1ntabros presentan su quinta denuncia contra el Gobierno de Revilla por las restricciones\",\"datePublished\":\"2021-02-14T01:03:52+00:00\",\"dateModified\":\"2021-02-14T01:03:55+00:00\",\"mainEntityOfPage\":{\"@id\":\"https:\\\/\\\/super-news.info\\\/es\\\/hosteleros-cantabros-presentan-su-quinta-denuncia-contra-el-gobierno-de-revilla-por-las-restricciones\\\/\"},\"wordCount\":520,\"commentCount\":0,\"image\":{\"@id\":\"https:\\\/\\\/super-news.info\\\/es\\\/hosteleros-cantabros-presentan-su-quinta-denuncia-contra-el-gobierno-de-revilla-por-las-restricciones\\\/#primaryimage\"},\"thumbnailUrl\":\"https:\\\/\\\/super-news.info\\\/es\\\/wp-content\\\/uploads\\\/sites\\\/4\\\/2021\\\/02\\\/Hosteleros-c-ntabros-presentan-su-quinta-denuncia-contra-el-Gobierno-de.jpg\",\"articleSection\":[\"NOTICIAS FINANCIERAS\"],\"inLanguage\":\"en-US\",\"potentialAction\":[{\"@type\":\"CommentAction\",\"name\":\"Comment\",\"target\":[\"https:\\\/\\\/super-news.info\\\/es\\\/hosteleros-cantabros-presentan-su-quinta-denuncia-contra-el-gobierno-de-revilla-por-las-restricciones\\\/#respond\"]}]},{\"@type\":\"WebPage\",\"@id\":\"https:\\\/\\\/super-news.info\\\/es\\\/hosteleros-cantabros-presentan-su-quinta-denuncia-contra-el-gobierno-de-revilla-por-las-restricciones\\\/\",\"url\":\"https:\\\/\\\/super-news.info\\\/es\\\/hosteleros-cantabros-presentan-su-quinta-denuncia-contra-el-gobierno-de-revilla-por-las-restricciones\\\/\",\"name\":\"Hosteleros c\u00e1ntabros presentan su quinta denuncia contra el Gobierno de Revilla por las restricciones - Super News\",\"isPartOf\":{\"@id\":\"https:\\\/\\\/super-news.info\\\/es\\\/#website\"},\"primaryImageOfPage\":{\"@id\":\"https:\\\/\\\/super-news.info\\\/es\\\/hosteleros-cantabros-presentan-su-quinta-denuncia-contra-el-gobierno-de-revilla-por-las-restricciones\\\/#primaryimage\"},\"image\":{\"@id\":\"https:\\\/\\\/super-news.info\\\/es\\\/hosteleros-cantabros-presentan-su-quinta-denuncia-contra-el-gobierno-de-revilla-por-las-restricciones\\\/#primaryimage\"},\"thumbnailUrl\":\"https:\\\/\\\/super-news.info\\\/es\\\/wp-content\\\/uploads\\\/sites\\\/4\\\/2021\\\/02\\\/Hosteleros-c-ntabros-presentan-su-quinta-denuncia-contra-el-Gobierno-de.jpg\",\"datePublished\":\"2021-02-14T01:03:52+00:00\",\"dateModified\":\"2021-02-14T01:03:55+00:00\",\"author\":{\"@id\":\"https:\\\/\\\/super-news.info\\\/es\\\/#\\\/schema\\\/person\\\/2d4068cb2f39cd10008c2fce578a7356\"},\"breadcrumb\":{\"@id\":\"https:\\\/\\\/super-news.info\\\/es\\\/hosteleros-cantabros-presentan-su-quinta-denuncia-contra-el-gobierno-de-revilla-por-las-restricciones\\\/#breadcrumb\"},\"inLanguage\":\"en-US\",\"potentialAction\":[{\"@type\":\"ReadAction\",\"target\":[\"https:\\\/\\\/super-news.info\\\/es\\\/hosteleros-cantabros-presentan-su-quinta-denuncia-contra-el-gobierno-de-revilla-por-las-restricciones\\\/\"]}]},{\"@type\":\"ImageObject\",\"inLanguage\":\"en-US\",\"@id\":\"https:\\\/\\\/super-news.info\\\/es\\\/hosteleros-cantabros-presentan-su-quinta-denuncia-contra-el-gobierno-de-revilla-por-las-restricciones\\\/#primaryimage\",\"url\":\"https:\\\/\\\/super-news.info\\\/es\\\/wp-content\\\/uploads\\\/sites\\\/4\\\/2021\\\/02\\\/Hosteleros-c-ntabros-presentan-su-quinta-denuncia-contra-el-Gobierno-de.jpg\",\"contentUrl\":\"https:\\\/\\\/super-news.info\\\/es\\\/wp-content\\\/uploads\\\/sites\\\/4\\\/2021\\\/02\\\/Hosteleros-c-ntabros-presentan-su-quinta-denuncia-contra-el-Gobierno-de.jpg\",\"width\":120,\"height\":82,\"caption\":\"Hosteleros c\u00e1ntabros presentan su quinta denuncia contra el Gobierno de Revilla por las restricciones\"},{\"@type\":\"BreadcrumbList\",\"@id\":\"https:\\\/\\\/super-news.info\\\/es\\\/hosteleros-cantabros-presentan-su-quinta-denuncia-contra-el-gobierno-de-revilla-por-las-restricciones\\\/#breadcrumb\",\"itemListElement\":[{\"@type\":\"ListItem\",\"position\":1,\"name\":\"\u0413\u043b\u0430\u0432\u043d\u0430\u044f \u0441\u0442\u0440\u0430\u043d\u0438\u0446\u0430\",\"item\":\"https:\\\/\\\/super-news.info\\\/es\\\/\"},{\"@type\":\"ListItem\",\"position\":2,\"name\":\"Hosteleros c\u00e1ntabros presentan su quinta denuncia contra el Gobierno de Revilla por las restricciones\"}]},{\"@type\":\"WebSite\",\"@id\":\"https:\\\/\\\/super-news.info\\\/es\\\/#website\",\"url\":\"https:\\\/\\\/super-news.info\\\/es\\\/\",\"name\":\"Super News\",\"description\":\"Super News Espa\u00f1a\",\"potentialAction\":[{\"@type\":\"SearchAction\",\"target\":{\"@type\":\"EntryPoint\",\"urlTemplate\":\"https:\\\/\\\/super-news.info\\\/es\\\/?s={search_term_string}\"},\"query-input\":{\"@type\":\"PropertyValueSpecification\",\"valueRequired\":true,\"valueName\":\"search_term_string\"}}],\"inLanguage\":\"en-US\"},{\"@type\":\"Person\",\"@id\":\"https:\\\/\\\/super-news.info\\\/es\\\/#\\\/schema\\\/person\\\/2d4068cb2f39cd10008c2fce578a7356\",\"name\":\"super-news\",\"image\":{\"@type\":\"ImageObject\",\"inLanguage\":\"en-US\",\"@id\":\"https:\\\/\\\/secure.gravatar.com\\\/avatar\\\/64ebac40b93f26a154f8a9b5b6fdccfc46f442b26b3dd6756dbff3bf9dc76fd7?s=96&d=mm&r=g\",\"url\":\"https:\\\/\\\/secure.gravatar.com\\\/avatar\\\/64ebac40b93f26a154f8a9b5b6fdccfc46f442b26b3dd6756dbff3bf9dc76fd7?s=96&d=mm&r=g\",\"contentUrl\":\"https:\\\/\\\/secure.gravatar.com\\\/avatar\\\/64ebac40b93f26a154f8a9b5b6fdccfc46f442b26b3dd6756dbff3bf9dc76fd7?s=96&d=mm&r=g\",\"caption\":\"super-news\"},\"url\":\"https:\\\/\\\/super-news.info\\\/es\\\/author\\\/pt\\\/\"}]}<\/script>\n<!-- \/ Yoast SEO plugin. -->","yoast_head_json":{"title":"Hosteleros c\u00e1ntabros presentan su quinta denuncia contra el Gobierno de Revilla por las restricciones - Super News","robots":{"index":"index","follow":"follow","max-snippet":"max-snippet:-1","max-image-preview":"max-image-preview:large","max-video-preview":"max-video-preview:-1"},"canonical":"https:\/\/super-news.info\/es\/hosteleros-cantabros-presentan-su-quinta-denuncia-contra-el-gobierno-de-revilla-por-las-restricciones\/","og_locale":"en_US","og_type":"article","og_title":"Hosteleros c\u00e1ntabros presentan su quinta denuncia contra el Gobierno de Revilla por las restricciones - Super News","og_description":"Al consejero de Turismo le &#8220;asusta much\u00edsimo&#8221; hablar de Semana Santa y descarta estimar el plazo en el que el sector podr\u00e1 retomar su actividad SANTANDER, 13 Feb. (EUROPA PRESS) &#8211; La Asociaci\u00f3n Empresarial de Hosteler\u00eda de Cantabria (AEHC) presentar\u00e1 el lunes, 15 de febrero, su quinta denuncia contra el Gobierno regional por las restricciones [&hellip;]","og_url":"https:\/\/super-news.info\/es\/hosteleros-cantabros-presentan-su-quinta-denuncia-contra-el-gobierno-de-revilla-por-las-restricciones\/","og_site_name":"Super News","article_published_time":"2021-02-14T01:03:52+00:00","article_modified_time":"2021-02-14T01:03:55+00:00","og_image":[{"width":120,"height":82,"url":"https:\/\/super-news.info\/es\/wp-content\/uploads\/sites\/4\/2021\/02\/Hosteleros-c-ntabros-presentan-su-quinta-denuncia-contra-el-Gobierno-de.jpg","type":"image\/jpeg"}],"author":"super-news","twitter_card":"summary_large_image","twitter_misc":{"Written by":"super-news","Est. reading time":"3 minutes"},"schema":{"@context":"https:\/\/schema.org","@graph":[{"@type":"Article","@id":"https:\/\/super-news.info\/es\/hosteleros-cantabros-presentan-su-quinta-denuncia-contra-el-gobierno-de-revilla-por-las-restricciones\/#article","isPartOf":{"@id":"https:\/\/super-news.info\/es\/hosteleros-cantabros-presentan-su-quinta-denuncia-contra-el-gobierno-de-revilla-por-las-restricciones\/"},"author":{"name":"super-news","@id":"https:\/\/super-news.info\/es\/#\/schema\/person\/2d4068cb2f39cd10008c2fce578a7356"},"headline":"Hosteleros c\u00e1ntabros presentan su quinta denuncia contra el Gobierno de Revilla por las restricciones","datePublished":"2021-02-14T01:03:52+00:00","dateModified":"2021-02-14T01:03:55+00:00","mainEntityOfPage":{"@id":"https:\/\/super-news.info\/es\/hosteleros-cantabros-presentan-su-quinta-denuncia-contra-el-gobierno-de-revilla-por-las-restricciones\/"},"wordCount":520,"commentCount":0,"image":{"@id":"https:\/\/super-news.info\/es\/hosteleros-cantabros-presentan-su-quinta-denuncia-contra-el-gobierno-de-revilla-por-las-restricciones\/#primaryimage"},"thumbnailUrl":"https:\/\/super-news.info\/es\/wp-content\/uploads\/sites\/4\/2021\/02\/Hosteleros-c-ntabros-presentan-su-quinta-denuncia-contra-el-Gobierno-de.jpg","articleSection":["NOTICIAS FINANCIERAS"],"inLanguage":"en-US","potentialAction":[{"@type":"CommentAction","name":"Comment","target":["https:\/\/super-news.info\/es\/hosteleros-cantabros-presentan-su-quinta-denuncia-contra-el-gobierno-de-revilla-por-las-restricciones\/#respond"]}]},{"@type":"WebPage","@id":"https:\/\/super-news.info\/es\/hosteleros-cantabros-presentan-su-quinta-denuncia-contra-el-gobierno-de-revilla-por-las-restricciones\/","url":"https:\/\/super-news.info\/es\/hosteleros-cantabros-presentan-su-quinta-denuncia-contra-el-gobierno-de-revilla-por-las-restricciones\/","name":"Hosteleros c\u00e1ntabros presentan su quinta denuncia contra el Gobierno de Revilla por las restricciones - Super News","isPartOf":{"@id":"https:\/\/super-news.info\/es\/#website"},"primaryImageOfPage":{"@id":"https:\/\/super-news.info\/es\/hosteleros-cantabros-presentan-su-quinta-denuncia-contra-el-gobierno-de-revilla-por-las-restricciones\/#primaryimage"},"image":{"@id":"https:\/\/super-news.info\/es\/hosteleros-cantabros-presentan-su-quinta-denuncia-contra-el-gobierno-de-revilla-por-las-restricciones\/#primaryimage"},"thumbnailUrl":"https:\/\/super-news.info\/es\/wp-content\/uploads\/sites\/4\/2021\/02\/Hosteleros-c-ntabros-presentan-su-quinta-denuncia-contra-el-Gobierno-de.jpg","datePublished":"2021-02-14T01:03:52+00:00","dateModified":"2021-02-14T01:03:55+00:00","author":{"@id":"https:\/\/super-news.info\/es\/#\/schema\/person\/2d4068cb2f39cd10008c2fce578a7356"},"breadcrumb":{"@id":"https:\/\/super-news.info\/es\/hosteleros-cantabros-presentan-su-quinta-denuncia-contra-el-gobierno-de-revilla-por-las-restricciones\/#breadcrumb"},"inLanguage":"en-US","potentialAction":[{"@type":"ReadAction","target":["https:\/\/super-news.info\/es\/hosteleros-cantabros-presentan-su-quinta-denuncia-contra-el-gobierno-de-revilla-por-las-restricciones\/"]}]},{"@type":"ImageObject","inLanguage":"en-US","@id":"https:\/\/super-news.info\/es\/hosteleros-cantabros-presentan-su-quinta-denuncia-contra-el-gobierno-de-revilla-por-las-restricciones\/#primaryimage","url":"https:\/\/super-news.info\/es\/wp-content\/uploads\/sites\/4\/2021\/02\/Hosteleros-c-ntabros-presentan-su-quinta-denuncia-contra-el-Gobierno-de.jpg","contentUrl":"https:\/\/super-news.info\/es\/wp-content\/uploads\/sites\/4\/2021\/02\/Hosteleros-c-ntabros-presentan-su-quinta-denuncia-contra-el-Gobierno-de.jpg","width":120,"height":82,"caption":"Hosteleros c\u00e1ntabros presentan su quinta denuncia contra el Gobierno de Revilla por las restricciones"},{"@type":"BreadcrumbList","@id":"https:\/\/super-news.info\/es\/hosteleros-cantabros-presentan-su-quinta-denuncia-contra-el-gobierno-de-revilla-por-las-restricciones\/#breadcrumb","itemListElement":[{"@type":"ListItem","position":1,"name":"\u0413\u043b\u0430\u0432\u043d\u0430\u044f \u0441\u0442\u0440\u0430\u043d\u0438\u0446\u0430","item":"https:\/\/super-news.info\/es\/"},{"@type":"ListItem","position":2,"name":"Hosteleros c\u00e1ntabros presentan su quinta denuncia contra el Gobierno de Revilla por las restricciones"}]},{"@type":"WebSite","@id":"https:\/\/super-news.info\/es\/#website","url":"https:\/\/super-news.info\/es\/","name":"Super News","description":"Super News Espa\u00f1a","potentialAction":[{"@type":"SearchAction","target":{"@type":"EntryPoint","urlTemplate":"https:\/\/super-news.info\/es\/?s={search_term_string}"},"query-input":{"@type":"PropertyValueSpecification","valueRequired":true,"valueName":"search_term_string"}}],"inLanguage":"en-US"},{"@type":"Person","@id":"https:\/\/super-news.info\/es\/#\/schema\/person\/2d4068cb2f39cd10008c2fce578a7356","name":"super-news","image":{"@type":"ImageObject","inLanguage":"en-US","@id":"https:\/\/secure.gravatar.com\/avatar\/64ebac40b93f26a154f8a9b5b6fdccfc46f442b26b3dd6756dbff3bf9dc76fd7?s=96&d=mm&r=g","url":"https:\/\/secure.gravatar.com\/avatar\/64ebac40b93f26a154f8a9b5b6fdccfc46f442b26b3dd6756dbff3bf9dc76fd7?s=96&d=mm&r=g","contentUrl":"https:\/\/secure.gravatar.com\/avatar\/64ebac40b93f26a154f8a9b5b6fdccfc46f442b26b3dd6756dbff3bf9dc76fd7?s=96&d=mm&r=g","caption":"super-news"},"url":"https:\/\/super-news.info\/es\/author\/pt\/"}]}},"_links":{"self":[{"href":"https:\/\/super-news.info\/es\/wp-json\/wp\/v2\/posts\/13554","targetHints":{"allow":["GET"]}}],"collection":[{"href":"https:\/\/super-news.info\/es\/wp-json\/wp\/v2\/posts"}],"about":[{"href":"https:\/\/super-news.info\/es\/wp-json\/wp\/v2\/types\/post"}],"author":[{"embeddable":true,"href":"https:\/\/super-news.info\/es\/wp-json\/wp\/v2\/users\/2"}],"replies":[{"embeddable":true,"href":"https:\/\/super-news.info\/es\/wp-json\/wp\/v2\/comments?post=13554"}],"version-history":[{"count":1,"href":"https:\/\/super-news.info\/es\/wp-json\/wp\/v2\/posts\/13554\/revisions"}],"predecessor-version":[{"id":13556,"href":"https:\/\/super-news.info\/es\/wp-json\/wp\/v2\/posts\/13554\/revisions\/13556"}],"wp:featuredmedia":[{"embeddable":true,"href":"https:\/\/super-news.info\/es\/wp-json\/wp\/v2\/media\/13555"}],"wp:attachment":[{"href":"https:\/\/super-news.info\/es\/wp-json\/wp\/v2\/media?parent=13554"}],"wp:term":[{"taxonomy":"category","embeddable":true,"href":"https:\/\/super-news.info\/es\/wp-json\/wp\/v2\/categories?post=13554"},{"taxonomy":"post_tag","embeddable":true,"href":"https:\/\/super-news.info\/es\/wp-json\/wp\/v2\/tags?post=13554"}],"curies":[{"name":"wp","href":"https:\/\/api.w.org\/{rel}","templated":true}]}}