{"id":1300,"date":"2019-05-09T07:10:02","date_gmt":"2019-05-09T04:10:02","guid":{"rendered":"https:\/\/super-news.info\/es\/amway-y-fundacion-educo-cubren-2-000-comidas-de-ninos-en-riesgo-de-pobreza\/"},"modified":"2019-05-09T07:10:03","modified_gmt":"2019-05-09T04:10:03","slug":"amway-y-fundacion-educo-cubren-2-000-comidas-de-ninos-en-riesgo-de-pobreza","status":"publish","type":"post","link":"https:\/\/super-news.info\/es\/amway-y-fundacion-educo-cubren-2-000-comidas-de-ninos-en-riesgo-de-pobreza\/","title":{"rendered":"Amway y Fundaci\u00f3n Educo cubren 2.000 comidas de ni\u00f1os en riesgo de pobreza"},"content":{"rendered":"<p> [ad_1]<br \/>\n<\/p>\n<div id=\"textoNoticia\">\n<p class=\"excerpt-single\">Amway ha hecho un donativo de 5.100\u20ac a Becas Comedor Educo que permitir\u00e1 a 13 ni\u00f1os y ni\u00f1as comer en su escuela durante todo un curso escolar.<\/p>\n<\/p>\n<p>Actualmente, <strong>2,6 millones de ni\u00f1os y ni\u00f1as en Espa\u00f1a se encuentra en una situaci\u00f3n de riesgo de pobreza<\/strong> <strong>y exclusi\u00f3n social<\/strong>. <strong>Amway<\/strong>, consciente de esta situaci\u00f3n, ha hecho un <strong>donativo de 5.100\u20ac<\/strong> al programa B<strong>ecas Comedor de la Fundaci\u00f3n Educo<\/strong>, que ayudar\u00e1 a cubrir m\u00e1s de 2.000 comidas, lo que se traducir\u00e1 en 13 becas comedor anuales para ni\u00f1os en riesgo de pobreza y exclusi\u00f3n social de centros escolares de infantil y primaria de Espa\u00f1a. Esta aportaci\u00f3n ha sido posible gracias a las donaciones de los empleados y distribuidores independientes de Amway.<\/p>\n<p>Desde hace 25 a\u00f1os, Educo trabaja a favor de la infancia y en defensa de sus derechos. Por ello, en 2013, la entidad cre\u00f3 el proyecto Becas Comedor, con el objetivo de garantizar una comida completa y saludable al d\u00eda a ni\u00f1os y ni\u00f1as cuyas familias no han podido acceder a las becas p\u00fablicas del comedor escolar.<\/p>\n<p>&#8220;Actualmente, 1 de cada 4 familias espa\u00f1olas con hijos viven en riesgo de pobreza y exclusi\u00f3n social, y 600.000 familias no perciben ning\u00fan ingreso, por lo que miles de ni\u00f1os y ni\u00f1as no tienen garantizada una alimentaci\u00f3n adecuada en Espa\u00f1a&#8221; afirma <strong>Marif\u00e9 Escobar, directora de Relaciones Corporativas de Educo<\/strong>. &#8220;Gracias al compromiso de m\u00e1s de 40.000 personas y 800 empresas como Amway, hemos conseguido repartir m\u00e1s de 40.000 Becas comedor Educo en 219 centros de toda Espa\u00f1a&#8221;.<\/p>\n<p>Tal y como reconoce<strong> Miguel Soria, director de M\u00e1rketing y PR de Amway Espa\u00f1a<\/strong>, &#8220;La malnutrici\u00f3n infantil es un grave problema a nivel global que va en aumento y actualmente afecta a millones de ni\u00f1os en el mundo. Amway, gracias a su experiencia en el \u00e1rea de nutrici\u00f3n con la marca l\u00edder Nutrilite, lleva m\u00e1s de 5 a\u00f1os luchando de manera activa contra este problema a trav\u00e9s del programa &#8216;Power of 5&#8217;. Englobado en esta estrategia de Responsabilidad Social Corporativa, nuestra reciente colaboraci\u00f3n con la Fundaci\u00f3n Educo, a trav\u00e9s de su programa de Becas comedor, nos ayudar\u00e1 a proveer m\u00e1s de 2.000 comidas diarias en centros educativos de Espa\u00f1a. Esta colaboraci\u00f3n, de la que estamos muy orgullosos, ha sido posible gracias al compromiso y las donaciones de todos los empleados y empresarios independientes de Amway en Espa\u00f1a.&#8221;<\/p>\n<p>\n\t\t\t\t<iframe loading=\"lazy\" src=\"http:\/\/www.youtube.com\/embed\/FbGnsVdt7UM?enablejsapi=1&amp;version=3&amp;rel=0&amp;showinfo=0&amp;controls=0\" id=\"iframePlayer\" width=\"940\" height=\"529\" frameborder=\"0\" webkitallowfullscreen=\"\" mozallowfullscreen=\"\" allowfullscreen=\"\"><\/iframe>\n\t\t\t<\/p>\n<p>Si no visualiza correctamente el v\u00eddeo embedded, haga clic aqu\u00ed<\/p>\n<p><strong>Amway, una empresa socialmente responsable<\/strong><\/p>\n<p>Amway considera que ser una compa\u00f1\u00eda de \u00e9xito significa mucho m\u00e1s que la venta de productos de alta calidad. A\u00f1o tras a\u00f1o, la multinacional ampl\u00eda su compromiso con la salud, el bienestar de los ciudadanos y las problem\u00e1ticas sociales a trav\u00e9s de valiosas iniciativas como esta.<\/p>\n<p>La donaci\u00f3n de Amway al programa Becas Comedor Educo se enmarca en el programa de Responsabilidad Social Corporativa de la compa\u00f1\u00eda NUTRILITE\u2122 &#8220;Power of 5&#8221; para luchar contra la malnutrici\u00f3n infantil.<\/p>\n<p>Esta campa\u00f1a, creada en 2014, lucha activamente contra la malnutrici\u00f3n infantil, en concreto en la sensibilizaci\u00f3n entorno a este tema y a trav\u00e9s de la recaudaci\u00f3n de fondos.<\/p>\n<p>Amway siempre ha trabajado con organizaciones sin \u00e1nimo de lucro que act\u00faan en diferentes partes del mundo y se enorgullece del tiempo y del esfuerzo personal que los empleados y distribuidores invierten en tareas de voluntariado en su propia comunidad.<\/p>\n<p>Nota de prensa<\/p>\n<p class=\"link-telegram\">\n\t\t\t\t\t\t\t\t\t\t\tNo te pierdas nada de MarketingDirecto.com y \u00fanete a nuestro Telegram t.me\/MarketingDirecto\n\t\t\t\t\t\t\t\t\t\t<\/p>\n<\/p><\/div>\n<p><script>(function(d, s, id) {\n  var js, fjs = d.getElementsByTagName(s)[0];\n  if (d.getElementById(id)) return;\n  js = d.createElement(s); js.id = id;\n  js.src = \"http:\/\/connect.facebook.net\/es_LA\/sdk.js#xfbml=1&appId=408746052611679&version=v2.3\";\n  fjs.parentNode.insertBefore(js, fjs);\n}(document, 'script', 'facebook-jssdk'));<\/script><br \/>\n<br \/>[ad_2]<br \/>\n<br \/><a href=\"https:\/\/www.marketingdirecto.com\/anunciantes-general\/anunciantes\/amway-y-fundacion-educo-cubren-2-000-comidas-de-ninos-en-riesgo-de-pobreza\">Source link <\/a><\/p>\n","protected":false},"excerpt":{"rendered":"<p>[ad_1] Amway ha hecho un donativo de 5.100\u20ac a Becas Comedor Educo que permitir\u00e1 a 13 ni\u00f1os y ni\u00f1as comer en su escuela durante todo un curso escolar. Actualmente, 2,6 millones de ni\u00f1os y ni\u00f1as en Espa\u00f1a se encuentra en una situaci\u00f3n de riesgo de pobreza y exclusi\u00f3n social. Amway, consciente de esta situaci\u00f3n, ha [&hellip;]<\/p>\n","protected":false},"author":2,"featured_media":1301,"comment_status":"open","ping_status":"open","sticky":false,"template":"","format":"standard","meta":{"footnotes":""},"categories":[2],"tags":[],"class_list":["post-1300","post","type-post","status-publish","format-standard","has-post-thumbnail","hentry","category-noticias-de-marketing-digital"],"yoast_head":"<!-- This site is optimized with the Yoast SEO plugin v27.4 - https:\/\/yoast.com\/product\/yoast-seo-wordpress\/ -->\n<title>Amway y Fundaci\u00f3n Educo cubren 2.000 comidas de ni\u00f1os en riesgo de pobreza - Super News<\/title>\n<meta name=\"robots\" content=\"index, follow, max-snippet:-1, max-image-preview:large, max-video-preview:-1\" \/>\n<link rel=\"canonical\" href=\"https:\/\/super-news.info\/es\/amway-y-fundacion-educo-cubren-2-000-comidas-de-ninos-en-riesgo-de-pobreza\/\" \/>\n<meta property=\"og:locale\" content=\"en_US\" \/>\n<meta property=\"og:type\" content=\"article\" \/>\n<meta property=\"og:title\" content=\"Amway y Fundaci\u00f3n Educo cubren 2.000 comidas de ni\u00f1os en riesgo de pobreza - Super News\" \/>\n<meta property=\"og:description\" content=\"[ad_1] Amway ha hecho un donativo de 5.100\u20ac a Becas Comedor Educo que permitir\u00e1 a 13 ni\u00f1os y ni\u00f1as comer en su escuela durante todo un curso escolar. Actualmente, 2,6 millones de ni\u00f1os y ni\u00f1as en Espa\u00f1a se encuentra en una situaci\u00f3n de riesgo de pobreza y exclusi\u00f3n social. Amway, consciente de esta situaci\u00f3n, ha [&hellip;]\" \/>\n<meta property=\"og:url\" content=\"https:\/\/super-news.info\/es\/amway-y-fundacion-educo-cubren-2-000-comidas-de-ninos-en-riesgo-de-pobreza\/\" \/>\n<meta property=\"og:site_name\" content=\"Super News\" \/>\n<meta property=\"article:published_time\" content=\"2019-05-09T04:10:02+00:00\" \/>\n<meta property=\"article:modified_time\" content=\"2019-05-09T04:10:03+00:00\" \/>\n<meta property=\"og:image\" content=\"https:\/\/super-news.info\/es\/wp-content\/uploads\/sites\/4\/2019\/05\/Amway-y-Fundaci\u00f3n-Educo-cubren-2.000-comidas-de-ni\u00f1os-en.jpg\" \/>\n\t<meta property=\"og:image:width\" content=\"626\" \/>\n\t<meta property=\"og:image:height\" content=\"364\" \/>\n\t<meta property=\"og:image:type\" content=\"image\/jpeg\" \/>\n<meta name=\"author\" content=\"super-news\" \/>\n<meta name=\"twitter:card\" content=\"summary_large_image\" \/>\n<meta name=\"twitter:label1\" content=\"Written by\" \/>\n\t<meta name=\"twitter:data1\" content=\"super-news\" \/>\n\t<meta name=\"twitter:label2\" content=\"Est. reading time\" \/>\n\t<meta name=\"twitter:data2\" content=\"3 minutes\" \/>\n<script type=\"application\/ld+json\" class=\"yoast-schema-graph\">{\"@context\":\"https:\\\/\\\/schema.org\",\"@graph\":[{\"@type\":\"Article\",\"@id\":\"https:\\\/\\\/super-news.info\\\/es\\\/amway-y-fundacion-educo-cubren-2-000-comidas-de-ninos-en-riesgo-de-pobreza\\\/#article\",\"isPartOf\":{\"@id\":\"https:\\\/\\\/super-news.info\\\/es\\\/amway-y-fundacion-educo-cubren-2-000-comidas-de-ninos-en-riesgo-de-pobreza\\\/\"},\"author\":{\"name\":\"super-news\",\"@id\":\"https:\\\/\\\/super-news.info\\\/es\\\/#\\\/schema\\\/person\\\/2d4068cb2f39cd10008c2fce578a7356\"},\"headline\":\"Amway y Fundaci\u00f3n Educo cubren 2.000 comidas de ni\u00f1os en riesgo de pobreza\",\"datePublished\":\"2019-05-09T04:10:02+00:00\",\"dateModified\":\"2019-05-09T04:10:03+00:00\",\"mainEntityOfPage\":{\"@id\":\"https:\\\/\\\/super-news.info\\\/es\\\/amway-y-fundacion-educo-cubren-2-000-comidas-de-ninos-en-riesgo-de-pobreza\\\/\"},\"wordCount\":628,\"commentCount\":0,\"image\":{\"@id\":\"https:\\\/\\\/super-news.info\\\/es\\\/amway-y-fundacion-educo-cubren-2-000-comidas-de-ninos-en-riesgo-de-pobreza\\\/#primaryimage\"},\"thumbnailUrl\":\"https:\\\/\\\/super-news.info\\\/es\\\/wp-content\\\/uploads\\\/sites\\\/4\\\/2019\\\/05\\\/Amway-y-Fundaci\u00f3n-Educo-cubren-2.000-comidas-de-ni\u00f1os-en.jpg\",\"articleSection\":[\"NOTICIAS DE MARKETING DIGITAL\"],\"inLanguage\":\"en-US\",\"potentialAction\":[{\"@type\":\"CommentAction\",\"name\":\"Comment\",\"target\":[\"https:\\\/\\\/super-news.info\\\/es\\\/amway-y-fundacion-educo-cubren-2-000-comidas-de-ninos-en-riesgo-de-pobreza\\\/#respond\"]}]},{\"@type\":\"WebPage\",\"@id\":\"https:\\\/\\\/super-news.info\\\/es\\\/amway-y-fundacion-educo-cubren-2-000-comidas-de-ninos-en-riesgo-de-pobreza\\\/\",\"url\":\"https:\\\/\\\/super-news.info\\\/es\\\/amway-y-fundacion-educo-cubren-2-000-comidas-de-ninos-en-riesgo-de-pobreza\\\/\",\"name\":\"Amway y Fundaci\u00f3n Educo cubren 2.000 comidas de ni\u00f1os en riesgo de pobreza - Super News\",\"isPartOf\":{\"@id\":\"https:\\\/\\\/super-news.info\\\/es\\\/#website\"},\"primaryImageOfPage\":{\"@id\":\"https:\\\/\\\/super-news.info\\\/es\\\/amway-y-fundacion-educo-cubren-2-000-comidas-de-ninos-en-riesgo-de-pobreza\\\/#primaryimage\"},\"image\":{\"@id\":\"https:\\\/\\\/super-news.info\\\/es\\\/amway-y-fundacion-educo-cubren-2-000-comidas-de-ninos-en-riesgo-de-pobreza\\\/#primaryimage\"},\"thumbnailUrl\":\"https:\\\/\\\/super-news.info\\\/es\\\/wp-content\\\/uploads\\\/sites\\\/4\\\/2019\\\/05\\\/Amway-y-Fundaci\u00f3n-Educo-cubren-2.000-comidas-de-ni\u00f1os-en.jpg\",\"datePublished\":\"2019-05-09T04:10:02+00:00\",\"dateModified\":\"2019-05-09T04:10:03+00:00\",\"author\":{\"@id\":\"https:\\\/\\\/super-news.info\\\/es\\\/#\\\/schema\\\/person\\\/2d4068cb2f39cd10008c2fce578a7356\"},\"breadcrumb\":{\"@id\":\"https:\\\/\\\/super-news.info\\\/es\\\/amway-y-fundacion-educo-cubren-2-000-comidas-de-ninos-en-riesgo-de-pobreza\\\/#breadcrumb\"},\"inLanguage\":\"en-US\",\"potentialAction\":[{\"@type\":\"ReadAction\",\"target\":[\"https:\\\/\\\/super-news.info\\\/es\\\/amway-y-fundacion-educo-cubren-2-000-comidas-de-ninos-en-riesgo-de-pobreza\\\/\"]}]},{\"@type\":\"ImageObject\",\"inLanguage\":\"en-US\",\"@id\":\"https:\\\/\\\/super-news.info\\\/es\\\/amway-y-fundacion-educo-cubren-2-000-comidas-de-ninos-en-riesgo-de-pobreza\\\/#primaryimage\",\"url\":\"https:\\\/\\\/super-news.info\\\/es\\\/wp-content\\\/uploads\\\/sites\\\/4\\\/2019\\\/05\\\/Amway-y-Fundaci\u00f3n-Educo-cubren-2.000-comidas-de-ni\u00f1os-en.jpg\",\"contentUrl\":\"https:\\\/\\\/super-news.info\\\/es\\\/wp-content\\\/uploads\\\/sites\\\/4\\\/2019\\\/05\\\/Amway-y-Fundaci\u00f3n-Educo-cubren-2.000-comidas-de-ni\u00f1os-en.jpg\",\"width\":626,\"height\":364,\"caption\":\"Amway y Fundaci\u00f3n Educo cubren 2.000 comidas de ni\u00f1os en riesgo de pobreza\"},{\"@type\":\"BreadcrumbList\",\"@id\":\"https:\\\/\\\/super-news.info\\\/es\\\/amway-y-fundacion-educo-cubren-2-000-comidas-de-ninos-en-riesgo-de-pobreza\\\/#breadcrumb\",\"itemListElement\":[{\"@type\":\"ListItem\",\"position\":1,\"name\":\"\u0413\u043b\u0430\u0432\u043d\u0430\u044f \u0441\u0442\u0440\u0430\u043d\u0438\u0446\u0430\",\"item\":\"https:\\\/\\\/super-news.info\\\/es\\\/\"},{\"@type\":\"ListItem\",\"position\":2,\"name\":\"Amway y Fundaci\u00f3n Educo cubren 2.000 comidas de ni\u00f1os en riesgo de pobreza\"}]},{\"@type\":\"WebSite\",\"@id\":\"https:\\\/\\\/super-news.info\\\/es\\\/#website\",\"url\":\"https:\\\/\\\/super-news.info\\\/es\\\/\",\"name\":\"Super News\",\"description\":\"Super News Espa\u00f1a\",\"potentialAction\":[{\"@type\":\"SearchAction\",\"target\":{\"@type\":\"EntryPoint\",\"urlTemplate\":\"https:\\\/\\\/super-news.info\\\/es\\\/?s={search_term_string}\"},\"query-input\":{\"@type\":\"PropertyValueSpecification\",\"valueRequired\":true,\"valueName\":\"search_term_string\"}}],\"inLanguage\":\"en-US\"},{\"@type\":\"Person\",\"@id\":\"https:\\\/\\\/super-news.info\\\/es\\\/#\\\/schema\\\/person\\\/2d4068cb2f39cd10008c2fce578a7356\",\"name\":\"super-news\",\"image\":{\"@type\":\"ImageObject\",\"inLanguage\":\"en-US\",\"@id\":\"https:\\\/\\\/secure.gravatar.com\\\/avatar\\\/64ebac40b93f26a154f8a9b5b6fdccfc46f442b26b3dd6756dbff3bf9dc76fd7?s=96&d=mm&r=g\",\"url\":\"https:\\\/\\\/secure.gravatar.com\\\/avatar\\\/64ebac40b93f26a154f8a9b5b6fdccfc46f442b26b3dd6756dbff3bf9dc76fd7?s=96&d=mm&r=g\",\"contentUrl\":\"https:\\\/\\\/secure.gravatar.com\\\/avatar\\\/64ebac40b93f26a154f8a9b5b6fdccfc46f442b26b3dd6756dbff3bf9dc76fd7?s=96&d=mm&r=g\",\"caption\":\"super-news\"},\"url\":\"https:\\\/\\\/super-news.info\\\/es\\\/author\\\/pt\\\/\"}]}<\/script>\n<!-- \/ Yoast SEO plugin. -->","yoast_head_json":{"title":"Amway y Fundaci\u00f3n Educo cubren 2.000 comidas de ni\u00f1os en riesgo de pobreza - Super News","robots":{"index":"index","follow":"follow","max-snippet":"max-snippet:-1","max-image-preview":"max-image-preview:large","max-video-preview":"max-video-preview:-1"},"canonical":"https:\/\/super-news.info\/es\/amway-y-fundacion-educo-cubren-2-000-comidas-de-ninos-en-riesgo-de-pobreza\/","og_locale":"en_US","og_type":"article","og_title":"Amway y Fundaci\u00f3n Educo cubren 2.000 comidas de ni\u00f1os en riesgo de pobreza - Super News","og_description":"[ad_1] Amway ha hecho un donativo de 5.100\u20ac a Becas Comedor Educo que permitir\u00e1 a 13 ni\u00f1os y ni\u00f1as comer en su escuela durante todo un curso escolar. Actualmente, 2,6 millones de ni\u00f1os y ni\u00f1as en Espa\u00f1a se encuentra en una situaci\u00f3n de riesgo de pobreza y exclusi\u00f3n social. Amway, consciente de esta situaci\u00f3n, ha [&hellip;]","og_url":"https:\/\/super-news.info\/es\/amway-y-fundacion-educo-cubren-2-000-comidas-de-ninos-en-riesgo-de-pobreza\/","og_site_name":"Super News","article_published_time":"2019-05-09T04:10:02+00:00","article_modified_time":"2019-05-09T04:10:03+00:00","og_image":[{"width":626,"height":364,"url":"https:\/\/super-news.info\/es\/wp-content\/uploads\/sites\/4\/2019\/05\/Amway-y-Fundaci\u00f3n-Educo-cubren-2.000-comidas-de-ni\u00f1os-en.jpg","type":"image\/jpeg"}],"author":"super-news","twitter_card":"summary_large_image","twitter_misc":{"Written by":"super-news","Est. reading time":"3 minutes"},"schema":{"@context":"https:\/\/schema.org","@graph":[{"@type":"Article","@id":"https:\/\/super-news.info\/es\/amway-y-fundacion-educo-cubren-2-000-comidas-de-ninos-en-riesgo-de-pobreza\/#article","isPartOf":{"@id":"https:\/\/super-news.info\/es\/amway-y-fundacion-educo-cubren-2-000-comidas-de-ninos-en-riesgo-de-pobreza\/"},"author":{"name":"super-news","@id":"https:\/\/super-news.info\/es\/#\/schema\/person\/2d4068cb2f39cd10008c2fce578a7356"},"headline":"Amway y Fundaci\u00f3n Educo cubren 2.000 comidas de ni\u00f1os en riesgo de pobreza","datePublished":"2019-05-09T04:10:02+00:00","dateModified":"2019-05-09T04:10:03+00:00","mainEntityOfPage":{"@id":"https:\/\/super-news.info\/es\/amway-y-fundacion-educo-cubren-2-000-comidas-de-ninos-en-riesgo-de-pobreza\/"},"wordCount":628,"commentCount":0,"image":{"@id":"https:\/\/super-news.info\/es\/amway-y-fundacion-educo-cubren-2-000-comidas-de-ninos-en-riesgo-de-pobreza\/#primaryimage"},"thumbnailUrl":"https:\/\/super-news.info\/es\/wp-content\/uploads\/sites\/4\/2019\/05\/Amway-y-Fundaci\u00f3n-Educo-cubren-2.000-comidas-de-ni\u00f1os-en.jpg","articleSection":["NOTICIAS DE MARKETING DIGITAL"],"inLanguage":"en-US","potentialAction":[{"@type":"CommentAction","name":"Comment","target":["https:\/\/super-news.info\/es\/amway-y-fundacion-educo-cubren-2-000-comidas-de-ninos-en-riesgo-de-pobreza\/#respond"]}]},{"@type":"WebPage","@id":"https:\/\/super-news.info\/es\/amway-y-fundacion-educo-cubren-2-000-comidas-de-ninos-en-riesgo-de-pobreza\/","url":"https:\/\/super-news.info\/es\/amway-y-fundacion-educo-cubren-2-000-comidas-de-ninos-en-riesgo-de-pobreza\/","name":"Amway y Fundaci\u00f3n Educo cubren 2.000 comidas de ni\u00f1os en riesgo de pobreza - Super News","isPartOf":{"@id":"https:\/\/super-news.info\/es\/#website"},"primaryImageOfPage":{"@id":"https:\/\/super-news.info\/es\/amway-y-fundacion-educo-cubren-2-000-comidas-de-ninos-en-riesgo-de-pobreza\/#primaryimage"},"image":{"@id":"https:\/\/super-news.info\/es\/amway-y-fundacion-educo-cubren-2-000-comidas-de-ninos-en-riesgo-de-pobreza\/#primaryimage"},"thumbnailUrl":"https:\/\/super-news.info\/es\/wp-content\/uploads\/sites\/4\/2019\/05\/Amway-y-Fundaci\u00f3n-Educo-cubren-2.000-comidas-de-ni\u00f1os-en.jpg","datePublished":"2019-05-09T04:10:02+00:00","dateModified":"2019-05-09T04:10:03+00:00","author":{"@id":"https:\/\/super-news.info\/es\/#\/schema\/person\/2d4068cb2f39cd10008c2fce578a7356"},"breadcrumb":{"@id":"https:\/\/super-news.info\/es\/amway-y-fundacion-educo-cubren-2-000-comidas-de-ninos-en-riesgo-de-pobreza\/#breadcrumb"},"inLanguage":"en-US","potentialAction":[{"@type":"ReadAction","target":["https:\/\/super-news.info\/es\/amway-y-fundacion-educo-cubren-2-000-comidas-de-ninos-en-riesgo-de-pobreza\/"]}]},{"@type":"ImageObject","inLanguage":"en-US","@id":"https:\/\/super-news.info\/es\/amway-y-fundacion-educo-cubren-2-000-comidas-de-ninos-en-riesgo-de-pobreza\/#primaryimage","url":"https:\/\/super-news.info\/es\/wp-content\/uploads\/sites\/4\/2019\/05\/Amway-y-Fundaci\u00f3n-Educo-cubren-2.000-comidas-de-ni\u00f1os-en.jpg","contentUrl":"https:\/\/super-news.info\/es\/wp-content\/uploads\/sites\/4\/2019\/05\/Amway-y-Fundaci\u00f3n-Educo-cubren-2.000-comidas-de-ni\u00f1os-en.jpg","width":626,"height":364,"caption":"Amway y Fundaci\u00f3n Educo cubren 2.000 comidas de ni\u00f1os en riesgo de pobreza"},{"@type":"BreadcrumbList","@id":"https:\/\/super-news.info\/es\/amway-y-fundacion-educo-cubren-2-000-comidas-de-ninos-en-riesgo-de-pobreza\/#breadcrumb","itemListElement":[{"@type":"ListItem","position":1,"name":"\u0413\u043b\u0430\u0432\u043d\u0430\u044f \u0441\u0442\u0440\u0430\u043d\u0438\u0446\u0430","item":"https:\/\/super-news.info\/es\/"},{"@type":"ListItem","position":2,"name":"Amway y Fundaci\u00f3n Educo cubren 2.000 comidas de ni\u00f1os en riesgo de pobreza"}]},{"@type":"WebSite","@id":"https:\/\/super-news.info\/es\/#website","url":"https:\/\/super-news.info\/es\/","name":"Super News","description":"Super News Espa\u00f1a","potentialAction":[{"@type":"SearchAction","target":{"@type":"EntryPoint","urlTemplate":"https:\/\/super-news.info\/es\/?s={search_term_string}"},"query-input":{"@type":"PropertyValueSpecification","valueRequired":true,"valueName":"search_term_string"}}],"inLanguage":"en-US"},{"@type":"Person","@id":"https:\/\/super-news.info\/es\/#\/schema\/person\/2d4068cb2f39cd10008c2fce578a7356","name":"super-news","image":{"@type":"ImageObject","inLanguage":"en-US","@id":"https:\/\/secure.gravatar.com\/avatar\/64ebac40b93f26a154f8a9b5b6fdccfc46f442b26b3dd6756dbff3bf9dc76fd7?s=96&d=mm&r=g","url":"https:\/\/secure.gravatar.com\/avatar\/64ebac40b93f26a154f8a9b5b6fdccfc46f442b26b3dd6756dbff3bf9dc76fd7?s=96&d=mm&r=g","contentUrl":"https:\/\/secure.gravatar.com\/avatar\/64ebac40b93f26a154f8a9b5b6fdccfc46f442b26b3dd6756dbff3bf9dc76fd7?s=96&d=mm&r=g","caption":"super-news"},"url":"https:\/\/super-news.info\/es\/author\/pt\/"}]}},"_links":{"self":[{"href":"https:\/\/super-news.info\/es\/wp-json\/wp\/v2\/posts\/1300","targetHints":{"allow":["GET"]}}],"collection":[{"href":"https:\/\/super-news.info\/es\/wp-json\/wp\/v2\/posts"}],"about":[{"href":"https:\/\/super-news.info\/es\/wp-json\/wp\/v2\/types\/post"}],"author":[{"embeddable":true,"href":"https:\/\/super-news.info\/es\/wp-json\/wp\/v2\/users\/2"}],"replies":[{"embeddable":true,"href":"https:\/\/super-news.info\/es\/wp-json\/wp\/v2\/comments?post=1300"}],"version-history":[{"count":1,"href":"https:\/\/super-news.info\/es\/wp-json\/wp\/v2\/posts\/1300\/revisions"}],"predecessor-version":[{"id":1302,"href":"https:\/\/super-news.info\/es\/wp-json\/wp\/v2\/posts\/1300\/revisions\/1302"}],"wp:featuredmedia":[{"embeddable":true,"href":"https:\/\/super-news.info\/es\/wp-json\/wp\/v2\/media\/1301"}],"wp:attachment":[{"href":"https:\/\/super-news.info\/es\/wp-json\/wp\/v2\/media?parent=1300"}],"wp:term":[{"taxonomy":"category","embeddable":true,"href":"https:\/\/super-news.info\/es\/wp-json\/wp\/v2\/categories?post=1300"},{"taxonomy":"post_tag","embeddable":true,"href":"https:\/\/super-news.info\/es\/wp-json\/wp\/v2\/tags?post=1300"}],"curies":[{"name":"wp","href":"https:\/\/api.w.org\/{rel}","templated":true}]}}