{"id":12943,"date":"2020-12-26T23:36:56","date_gmt":"2020-12-26T20:36:56","guid":{"rendered":"https:\/\/super-news.info\/es\/el-68-de-los-espanoles-desconfia-del-5g\/"},"modified":"2020-12-26T23:36:58","modified_gmt":"2020-12-26T20:36:58","slug":"el-68-de-los-espanoles-desconfia-del-5g","status":"publish","type":"post","link":"https:\/\/super-news.info\/es\/el-68-de-los-espanoles-desconfia-del-5g\/","title":{"rendered":"El 68% de los espa\u00f1oles desconf\u00eda del 5G"},"content":{"rendered":"<p>El 68% de los espa\u00f1oles se muestran esc\u00e9pticos ante el 5G, y curiosamente los mayores de 55 a\u00f1os son la franja de edad m\u00e1s interesada en esta tecnolog\u00eda<\/p>\n<p>El confinamiento y la acelerada digitalizaci\u00f3n que ha tra\u00eddo consigo la pandemia han implantado nuevas tendencias como el teletrabajo, las clases virtuales o el comercio electr\u00f3nico como necesidades sociales. Esto ha puesto de manifiesto la necesidad de un sistema de telecomunicaciones s\u00f3lido y un acceso a la red generalizado y decente. Una reciente encuesta realizada por la consultor\u00eda Oliver Wymann ha analizado esta cuesti\u00f3n y sus diversas perspectivas considerando la opini\u00f3n de unos 6.020 participantes de Francia, Reino Unido, Espa\u00f1a, Alemania, EEUU y Emiratos \u00c1rabes. Los insights de la encuesta han ofrecido interesantes conclusiones, como por ejemplo una mayor predisposici\u00f3n de los europeos a pagar m\u00e1s por datos m\u00f3viles ilimitados y una generalizada desconfianza hacia la tecnolog\u00eda 5G.<br \/>\n1. \u00bfQu\u00e9 importa m\u00e1s, la velocidad, la conexi\u00f3n o el precio?<br \/>\nEn Europa, los ingleses (19%) y los espa\u00f1oles (16%) son los que m\u00e1s reconocen la importancia que tienen los servicios de telecomunicaciones para el correcto desempe\u00f1o laboral. Parad\u00f3jicamente, los espa\u00f1oles, ante un escenario de incremento del 20% en la factura, son los europeos que menos inter\u00e9s tienen en la mejora de la velocidad de la red dom\u00e9stica (14%), por debajo de pa\u00edses como Reino Unido (25%), Francia o Alemania (23%). En otras palabras, nos importa una \u00f3ptima conexi\u00f3n siempre que no nos influya de manera notable en el precio.<br \/>\nPor otro lado, la cosa no est\u00e1 tan clara si de lo que hablamos es de datos m\u00f3viles ilimitados. El 21% de los espa\u00f1oles lo considera de m\u00e1xima importancia, seguido de la calidad de la conexi\u00f3n (14%) y de la protecci\u00f3n de datos (11%).<br \/>\n2. \u00bfQu\u00e9 pensamos del 5G?<br \/>\nLos ingleses (71%) y los espa\u00f1oles (68%) son los europeos que menos inter\u00e9s o m\u00e1s esc\u00e9pticos se muestran ante el despliegue del 5G. Esto resulta especialmente curioso teniendo en cuenta que nuestro pa\u00eds fue uno de los pioneros en su despliegue comercial e implementaci\u00f3n.<br \/>\nPor otro lado, los pa\u00edses m\u00e1s comprometidos con la llegada de la red 5G son Emiratos \u00c1rabes (28%), Alemania (21%) y EE. UU. (20%). Esto se debe, principalmente, a que son grandes naciones referentes en el sector de la tecnolog\u00eda y la innovaci\u00f3n.<\/p>\n<p>Entre los espa\u00f1oles, el grupo de edad entre 35 y 54 a\u00f1os es la generaci\u00f3n que m\u00e1s indiferencia muestra; mientras que los mayores de 55 son los m\u00e1s interesados en el desarrollo de esta tecnolog\u00eda. Este dato resulta especialmente curioso al compararlo con la media del resto de pa\u00edses, donde son los adolescentes (de 18 a 24 a\u00f1os) los m\u00e1s interesados por el tema.<br \/>\n3. El precio, la calidad y el servicio al cliente, claves a la hora de ofertar servicios<br \/>\nEstos tres indicadores son los factores decisivos que motivan la compra de un servicio en los seis pa\u00edses encuestados. Los espa\u00f1oles (26%) son los europeos que menos importancia otorgan a la calidad de la conexi\u00f3n (26%), frente a Francia (30%), Reino Unido y Alemania (29%). El precio es muy importante para los brit\u00e1nicos (25%) y estadounidenses (24%) y la calidad del servicio post venta para Francia (22%) y Reino Unido (22%).<br \/>\nPor otro lado, la pandemia ha generado dos cambios importantes en lo que se refiere a la relaci\u00f3n cliente-marca. En primer lugar, el canal digital como punto de adquisici\u00f3n ha subido vertiginosamente en la mayor\u00eda de pa\u00edses, excepto en Espa\u00f1a, donde solo ha aumentado de un 33% a un 35%. En segundo lugar, la mayor\u00eda de pa\u00edses han incrementado sus servicios post venta o atenci\u00f3n al cliente. Alemania es en este caso el pa\u00eds que m\u00e1s ha incrementado la asistencia telef\u00f3nica.<\/p>\n<p>No te pierdas nada de MarketingDirecto.com y \u00fanete a nuestro Telegram t.me\/MarketingDirecto<\/p>\n<p>\n<!--noindex--><br \/>\n<a href=\"https:\/\/www.marketingdirecto.com\/digital-general\/digital\/espanoles-europeos-5g-desconfian-datos-moviles\" rel=\"nofollow\">Source link <\/a><br \/>\n<!--\/noindex--><\/p>\n","protected":false},"excerpt":{"rendered":"<p>El 68% de los espa\u00f1oles se muestran esc\u00e9pticos ante el 5G, y curiosamente los mayores de 55 a\u00f1os son la franja de edad m\u00e1s interesada en esta tecnolog\u00eda El confinamiento y la acelerada digitalizaci\u00f3n que ha tra\u00eddo consigo la pandemia han implantado nuevas tendencias como el teletrabajo, las clases virtuales o el comercio electr\u00f3nico como [&hellip;]<\/p>\n","protected":false},"author":2,"featured_media":12944,"comment_status":"open","ping_status":"open","sticky":false,"template":"","format":"standard","meta":{"footnotes":""},"categories":[2],"tags":[],"class_list":["post-12943","post","type-post","status-publish","format-standard","has-post-thumbnail","hentry","category-noticias-de-marketing-digital"],"yoast_head":"<!-- This site is optimized with the Yoast SEO plugin v27.4 - https:\/\/yoast.com\/product\/yoast-seo-wordpress\/ -->\n<title>El 68% de los espa\u00f1oles desconf\u00eda del 5G - Super News<\/title>\n<meta name=\"robots\" content=\"index, follow, max-snippet:-1, max-image-preview:large, max-video-preview:-1\" \/>\n<link rel=\"canonical\" href=\"https:\/\/super-news.info\/es\/el-68-de-los-espanoles-desconfia-del-5g\/\" \/>\n<meta property=\"og:locale\" content=\"en_US\" \/>\n<meta property=\"og:type\" content=\"article\" \/>\n<meta property=\"og:title\" content=\"El 68% de los espa\u00f1oles desconf\u00eda del 5G - Super News\" \/>\n<meta property=\"og:description\" content=\"El 68% de los espa\u00f1oles se muestran esc\u00e9pticos ante el 5G, y curiosamente los mayores de 55 a\u00f1os son la franja de edad m\u00e1s interesada en esta tecnolog\u00eda El confinamiento y la acelerada digitalizaci\u00f3n que ha tra\u00eddo consigo la pandemia han implantado nuevas tendencias como el teletrabajo, las clases virtuales o el comercio electr\u00f3nico como [&hellip;]\" \/>\n<meta property=\"og:url\" content=\"https:\/\/super-news.info\/es\/el-68-de-los-espanoles-desconfia-del-5g\/\" \/>\n<meta property=\"og:site_name\" content=\"Super News\" \/>\n<meta property=\"article:published_time\" content=\"2020-12-26T20:36:56+00:00\" \/>\n<meta property=\"article:modified_time\" content=\"2020-12-26T20:36:58+00:00\" \/>\n<meta property=\"og:image\" content=\"https:\/\/super-news.info\/es\/wp-content\/uploads\/sites\/4\/2020\/12\/El-68-de-los-espa-oles-desconf-a-del-5G.png\" \/>\n\t<meta property=\"og:image:width\" content=\"626\" \/>\n\t<meta property=\"og:image:height\" content=\"364\" \/>\n\t<meta property=\"og:image:type\" content=\"image\/png\" \/>\n<meta name=\"author\" content=\"super-news\" \/>\n<meta name=\"twitter:card\" content=\"summary_large_image\" \/>\n<meta name=\"twitter:label1\" content=\"Written by\" \/>\n\t<meta name=\"twitter:data1\" content=\"super-news\" \/>\n\t<meta name=\"twitter:label2\" content=\"Est. reading time\" \/>\n\t<meta name=\"twitter:data2\" content=\"3 minutes\" \/>\n<script type=\"application\/ld+json\" class=\"yoast-schema-graph\">{\"@context\":\"https:\\\/\\\/schema.org\",\"@graph\":[{\"@type\":\"Article\",\"@id\":\"https:\\\/\\\/super-news.info\\\/es\\\/el-68-de-los-espanoles-desconfia-del-5g\\\/#article\",\"isPartOf\":{\"@id\":\"https:\\\/\\\/super-news.info\\\/es\\\/el-68-de-los-espanoles-desconfia-del-5g\\\/\"},\"author\":{\"name\":\"super-news\",\"@id\":\"https:\\\/\\\/super-news.info\\\/es\\\/#\\\/schema\\\/person\\\/2d4068cb2f39cd10008c2fce578a7356\"},\"headline\":\"El 68% de los espa\u00f1oles desconf\u00eda del 5G\",\"datePublished\":\"2020-12-26T20:36:56+00:00\",\"dateModified\":\"2020-12-26T20:36:58+00:00\",\"mainEntityOfPage\":{\"@id\":\"https:\\\/\\\/super-news.info\\\/es\\\/el-68-de-los-espanoles-desconfia-del-5g\\\/\"},\"wordCount\":673,\"commentCount\":0,\"image\":{\"@id\":\"https:\\\/\\\/super-news.info\\\/es\\\/el-68-de-los-espanoles-desconfia-del-5g\\\/#primaryimage\"},\"thumbnailUrl\":\"https:\\\/\\\/super-news.info\\\/es\\\/wp-content\\\/uploads\\\/sites\\\/4\\\/2020\\\/12\\\/El-68-de-los-espa-oles-desconf-a-del-5G.png\",\"articleSection\":[\"NOTICIAS DE MARKETING DIGITAL\"],\"inLanguage\":\"en-US\",\"potentialAction\":[{\"@type\":\"CommentAction\",\"name\":\"Comment\",\"target\":[\"https:\\\/\\\/super-news.info\\\/es\\\/el-68-de-los-espanoles-desconfia-del-5g\\\/#respond\"]}]},{\"@type\":\"WebPage\",\"@id\":\"https:\\\/\\\/super-news.info\\\/es\\\/el-68-de-los-espanoles-desconfia-del-5g\\\/\",\"url\":\"https:\\\/\\\/super-news.info\\\/es\\\/el-68-de-los-espanoles-desconfia-del-5g\\\/\",\"name\":\"El 68% de los espa\u00f1oles desconf\u00eda del 5G - Super News\",\"isPartOf\":{\"@id\":\"https:\\\/\\\/super-news.info\\\/es\\\/#website\"},\"primaryImageOfPage\":{\"@id\":\"https:\\\/\\\/super-news.info\\\/es\\\/el-68-de-los-espanoles-desconfia-del-5g\\\/#primaryimage\"},\"image\":{\"@id\":\"https:\\\/\\\/super-news.info\\\/es\\\/el-68-de-los-espanoles-desconfia-del-5g\\\/#primaryimage\"},\"thumbnailUrl\":\"https:\\\/\\\/super-news.info\\\/es\\\/wp-content\\\/uploads\\\/sites\\\/4\\\/2020\\\/12\\\/El-68-de-los-espa-oles-desconf-a-del-5G.png\",\"datePublished\":\"2020-12-26T20:36:56+00:00\",\"dateModified\":\"2020-12-26T20:36:58+00:00\",\"author\":{\"@id\":\"https:\\\/\\\/super-news.info\\\/es\\\/#\\\/schema\\\/person\\\/2d4068cb2f39cd10008c2fce578a7356\"},\"breadcrumb\":{\"@id\":\"https:\\\/\\\/super-news.info\\\/es\\\/el-68-de-los-espanoles-desconfia-del-5g\\\/#breadcrumb\"},\"inLanguage\":\"en-US\",\"potentialAction\":[{\"@type\":\"ReadAction\",\"target\":[\"https:\\\/\\\/super-news.info\\\/es\\\/el-68-de-los-espanoles-desconfia-del-5g\\\/\"]}]},{\"@type\":\"ImageObject\",\"inLanguage\":\"en-US\",\"@id\":\"https:\\\/\\\/super-news.info\\\/es\\\/el-68-de-los-espanoles-desconfia-del-5g\\\/#primaryimage\",\"url\":\"https:\\\/\\\/super-news.info\\\/es\\\/wp-content\\\/uploads\\\/sites\\\/4\\\/2020\\\/12\\\/El-68-de-los-espa-oles-desconf-a-del-5G.png\",\"contentUrl\":\"https:\\\/\\\/super-news.info\\\/es\\\/wp-content\\\/uploads\\\/sites\\\/4\\\/2020\\\/12\\\/El-68-de-los-espa-oles-desconf-a-del-5G.png\",\"width\":626,\"height\":364,\"caption\":\"5G espa\u00f1oles europeos desconf\u00edan\"},{\"@type\":\"BreadcrumbList\",\"@id\":\"https:\\\/\\\/super-news.info\\\/es\\\/el-68-de-los-espanoles-desconfia-del-5g\\\/#breadcrumb\",\"itemListElement\":[{\"@type\":\"ListItem\",\"position\":1,\"name\":\"\u0413\u043b\u0430\u0432\u043d\u0430\u044f \u0441\u0442\u0440\u0430\u043d\u0438\u0446\u0430\",\"item\":\"https:\\\/\\\/super-news.info\\\/es\\\/\"},{\"@type\":\"ListItem\",\"position\":2,\"name\":\"El 68% de los espa\u00f1oles desconf\u00eda del 5G\"}]},{\"@type\":\"WebSite\",\"@id\":\"https:\\\/\\\/super-news.info\\\/es\\\/#website\",\"url\":\"https:\\\/\\\/super-news.info\\\/es\\\/\",\"name\":\"Super News\",\"description\":\"Super News Espa\u00f1a\",\"potentialAction\":[{\"@type\":\"SearchAction\",\"target\":{\"@type\":\"EntryPoint\",\"urlTemplate\":\"https:\\\/\\\/super-news.info\\\/es\\\/?s={search_term_string}\"},\"query-input\":{\"@type\":\"PropertyValueSpecification\",\"valueRequired\":true,\"valueName\":\"search_term_string\"}}],\"inLanguage\":\"en-US\"},{\"@type\":\"Person\",\"@id\":\"https:\\\/\\\/super-news.info\\\/es\\\/#\\\/schema\\\/person\\\/2d4068cb2f39cd10008c2fce578a7356\",\"name\":\"super-news\",\"image\":{\"@type\":\"ImageObject\",\"inLanguage\":\"en-US\",\"@id\":\"https:\\\/\\\/secure.gravatar.com\\\/avatar\\\/64ebac40b93f26a154f8a9b5b6fdccfc46f442b26b3dd6756dbff3bf9dc76fd7?s=96&d=mm&r=g\",\"url\":\"https:\\\/\\\/secure.gravatar.com\\\/avatar\\\/64ebac40b93f26a154f8a9b5b6fdccfc46f442b26b3dd6756dbff3bf9dc76fd7?s=96&d=mm&r=g\",\"contentUrl\":\"https:\\\/\\\/secure.gravatar.com\\\/avatar\\\/64ebac40b93f26a154f8a9b5b6fdccfc46f442b26b3dd6756dbff3bf9dc76fd7?s=96&d=mm&r=g\",\"caption\":\"super-news\"},\"url\":\"https:\\\/\\\/super-news.info\\\/es\\\/author\\\/pt\\\/\"}]}<\/script>\n<!-- \/ Yoast SEO plugin. -->","yoast_head_json":{"title":"El 68% de los espa\u00f1oles desconf\u00eda del 5G - Super News","robots":{"index":"index","follow":"follow","max-snippet":"max-snippet:-1","max-image-preview":"max-image-preview:large","max-video-preview":"max-video-preview:-1"},"canonical":"https:\/\/super-news.info\/es\/el-68-de-los-espanoles-desconfia-del-5g\/","og_locale":"en_US","og_type":"article","og_title":"El 68% de los espa\u00f1oles desconf\u00eda del 5G - Super News","og_description":"El 68% de los espa\u00f1oles se muestran esc\u00e9pticos ante el 5G, y curiosamente los mayores de 55 a\u00f1os son la franja de edad m\u00e1s interesada en esta tecnolog\u00eda El confinamiento y la acelerada digitalizaci\u00f3n que ha tra\u00eddo consigo la pandemia han implantado nuevas tendencias como el teletrabajo, las clases virtuales o el comercio electr\u00f3nico como [&hellip;]","og_url":"https:\/\/super-news.info\/es\/el-68-de-los-espanoles-desconfia-del-5g\/","og_site_name":"Super News","article_published_time":"2020-12-26T20:36:56+00:00","article_modified_time":"2020-12-26T20:36:58+00:00","og_image":[{"width":626,"height":364,"url":"https:\/\/super-news.info\/es\/wp-content\/uploads\/sites\/4\/2020\/12\/El-68-de-los-espa-oles-desconf-a-del-5G.png","type":"image\/png"}],"author":"super-news","twitter_card":"summary_large_image","twitter_misc":{"Written by":"super-news","Est. reading time":"3 minutes"},"schema":{"@context":"https:\/\/schema.org","@graph":[{"@type":"Article","@id":"https:\/\/super-news.info\/es\/el-68-de-los-espanoles-desconfia-del-5g\/#article","isPartOf":{"@id":"https:\/\/super-news.info\/es\/el-68-de-los-espanoles-desconfia-del-5g\/"},"author":{"name":"super-news","@id":"https:\/\/super-news.info\/es\/#\/schema\/person\/2d4068cb2f39cd10008c2fce578a7356"},"headline":"El 68% de los espa\u00f1oles desconf\u00eda del 5G","datePublished":"2020-12-26T20:36:56+00:00","dateModified":"2020-12-26T20:36:58+00:00","mainEntityOfPage":{"@id":"https:\/\/super-news.info\/es\/el-68-de-los-espanoles-desconfia-del-5g\/"},"wordCount":673,"commentCount":0,"image":{"@id":"https:\/\/super-news.info\/es\/el-68-de-los-espanoles-desconfia-del-5g\/#primaryimage"},"thumbnailUrl":"https:\/\/super-news.info\/es\/wp-content\/uploads\/sites\/4\/2020\/12\/El-68-de-los-espa-oles-desconf-a-del-5G.png","articleSection":["NOTICIAS DE MARKETING DIGITAL"],"inLanguage":"en-US","potentialAction":[{"@type":"CommentAction","name":"Comment","target":["https:\/\/super-news.info\/es\/el-68-de-los-espanoles-desconfia-del-5g\/#respond"]}]},{"@type":"WebPage","@id":"https:\/\/super-news.info\/es\/el-68-de-los-espanoles-desconfia-del-5g\/","url":"https:\/\/super-news.info\/es\/el-68-de-los-espanoles-desconfia-del-5g\/","name":"El 68% de los espa\u00f1oles desconf\u00eda del 5G - Super News","isPartOf":{"@id":"https:\/\/super-news.info\/es\/#website"},"primaryImageOfPage":{"@id":"https:\/\/super-news.info\/es\/el-68-de-los-espanoles-desconfia-del-5g\/#primaryimage"},"image":{"@id":"https:\/\/super-news.info\/es\/el-68-de-los-espanoles-desconfia-del-5g\/#primaryimage"},"thumbnailUrl":"https:\/\/super-news.info\/es\/wp-content\/uploads\/sites\/4\/2020\/12\/El-68-de-los-espa-oles-desconf-a-del-5G.png","datePublished":"2020-12-26T20:36:56+00:00","dateModified":"2020-12-26T20:36:58+00:00","author":{"@id":"https:\/\/super-news.info\/es\/#\/schema\/person\/2d4068cb2f39cd10008c2fce578a7356"},"breadcrumb":{"@id":"https:\/\/super-news.info\/es\/el-68-de-los-espanoles-desconfia-del-5g\/#breadcrumb"},"inLanguage":"en-US","potentialAction":[{"@type":"ReadAction","target":["https:\/\/super-news.info\/es\/el-68-de-los-espanoles-desconfia-del-5g\/"]}]},{"@type":"ImageObject","inLanguage":"en-US","@id":"https:\/\/super-news.info\/es\/el-68-de-los-espanoles-desconfia-del-5g\/#primaryimage","url":"https:\/\/super-news.info\/es\/wp-content\/uploads\/sites\/4\/2020\/12\/El-68-de-los-espa-oles-desconf-a-del-5G.png","contentUrl":"https:\/\/super-news.info\/es\/wp-content\/uploads\/sites\/4\/2020\/12\/El-68-de-los-espa-oles-desconf-a-del-5G.png","width":626,"height":364,"caption":"5G espa\u00f1oles europeos desconf\u00edan"},{"@type":"BreadcrumbList","@id":"https:\/\/super-news.info\/es\/el-68-de-los-espanoles-desconfia-del-5g\/#breadcrumb","itemListElement":[{"@type":"ListItem","position":1,"name":"\u0413\u043b\u0430\u0432\u043d\u0430\u044f \u0441\u0442\u0440\u0430\u043d\u0438\u0446\u0430","item":"https:\/\/super-news.info\/es\/"},{"@type":"ListItem","position":2,"name":"El 68% de los espa\u00f1oles desconf\u00eda del 5G"}]},{"@type":"WebSite","@id":"https:\/\/super-news.info\/es\/#website","url":"https:\/\/super-news.info\/es\/","name":"Super News","description":"Super News Espa\u00f1a","potentialAction":[{"@type":"SearchAction","target":{"@type":"EntryPoint","urlTemplate":"https:\/\/super-news.info\/es\/?s={search_term_string}"},"query-input":{"@type":"PropertyValueSpecification","valueRequired":true,"valueName":"search_term_string"}}],"inLanguage":"en-US"},{"@type":"Person","@id":"https:\/\/super-news.info\/es\/#\/schema\/person\/2d4068cb2f39cd10008c2fce578a7356","name":"super-news","image":{"@type":"ImageObject","inLanguage":"en-US","@id":"https:\/\/secure.gravatar.com\/avatar\/64ebac40b93f26a154f8a9b5b6fdccfc46f442b26b3dd6756dbff3bf9dc76fd7?s=96&d=mm&r=g","url":"https:\/\/secure.gravatar.com\/avatar\/64ebac40b93f26a154f8a9b5b6fdccfc46f442b26b3dd6756dbff3bf9dc76fd7?s=96&d=mm&r=g","contentUrl":"https:\/\/secure.gravatar.com\/avatar\/64ebac40b93f26a154f8a9b5b6fdccfc46f442b26b3dd6756dbff3bf9dc76fd7?s=96&d=mm&r=g","caption":"super-news"},"url":"https:\/\/super-news.info\/es\/author\/pt\/"}]}},"_links":{"self":[{"href":"https:\/\/super-news.info\/es\/wp-json\/wp\/v2\/posts\/12943","targetHints":{"allow":["GET"]}}],"collection":[{"href":"https:\/\/super-news.info\/es\/wp-json\/wp\/v2\/posts"}],"about":[{"href":"https:\/\/super-news.info\/es\/wp-json\/wp\/v2\/types\/post"}],"author":[{"embeddable":true,"href":"https:\/\/super-news.info\/es\/wp-json\/wp\/v2\/users\/2"}],"replies":[{"embeddable":true,"href":"https:\/\/super-news.info\/es\/wp-json\/wp\/v2\/comments?post=12943"}],"version-history":[{"count":1,"href":"https:\/\/super-news.info\/es\/wp-json\/wp\/v2\/posts\/12943\/revisions"}],"predecessor-version":[{"id":12945,"href":"https:\/\/super-news.info\/es\/wp-json\/wp\/v2\/posts\/12943\/revisions\/12945"}],"wp:featuredmedia":[{"embeddable":true,"href":"https:\/\/super-news.info\/es\/wp-json\/wp\/v2\/media\/12944"}],"wp:attachment":[{"href":"https:\/\/super-news.info\/es\/wp-json\/wp\/v2\/media?parent=12943"}],"wp:term":[{"taxonomy":"category","embeddable":true,"href":"https:\/\/super-news.info\/es\/wp-json\/wp\/v2\/categories?post=12943"},{"taxonomy":"post_tag","embeddable":true,"href":"https:\/\/super-news.info\/es\/wp-json\/wp\/v2\/tags?post=12943"}],"curies":[{"name":"wp","href":"https:\/\/api.w.org\/{rel}","templated":true}]}}