{"id":1276,"date":"2019-05-08T21:18:20","date_gmt":"2019-05-08T18:18:20","guid":{"rendered":"https:\/\/super-news.info\/es\/adecco-revoluciona-el-mundo-de-los-rrhh-con-el-lanzamiento-de-tu-proposito\/"},"modified":"2019-05-08T21:18:21","modified_gmt":"2019-05-08T18:18:21","slug":"adecco-revoluciona-el-mundo-de-los-rrhh-con-el-lanzamiento-de-tu-proposito","status":"publish","type":"post","link":"https:\/\/super-news.info\/es\/adecco-revoluciona-el-mundo-de-los-rrhh-con-el-lanzamiento-de-tu-proposito\/","title":{"rendered":"Adecco revoluciona el mundo de los RRHH con el lanzamiento de &#8220;Tu prop\u00f3sito&#8221;"},"content":{"rendered":"<p> [ad_1]<br \/>\n<\/p>\n<div id=\"textoNoticia\">\n<p class=\"excerpt-single\">El Grupo Adecco ha presentado la nueva campa\u00f1a de marketing y comunicaci\u00f3n que ha realizado en colaboraci\u00f3n con la agencia PS21, y con la que la compa\u00f1\u00eda reivindica la necesidad de reflexionar sobre el prop\u00f3sito vital y profesional de las personas<\/p>\n<\/p>\n<p>La presentaci\u00f3n ha contado con la presencia de <strong>Jes\u00fas Cubero<\/strong>, director de Marketing y Comunicaci\u00f3n de la multinacional de la compa\u00f1\u00eda, y<strong> Daniel S\u00e1nchez Ar\u00e9valo<\/strong>, director de cine y ganador de un Premio Goya, quien ha sido el encargado de dirigir el spot central de la campa\u00f1a, una acci\u00f3n con la que confiesa estar muy ilusionado por haberse sentido muy identificado con ella.<\/p>\n<p>&#8220;Yo mismo, vengo de una familia de artistas, y tuve que estudiar empresariales porque era lo que te daba de comer, pero mientras buscaba trabajo encontr\u00e9 una v\u00eda de escape, que era escribir&#8221;, ha compartido el director con el p\u00fablico.<\/p>\n<p>En la introducci\u00f3n del v\u00eddeo de la campa\u00f1a &#8220;Tu Prop\u00f3sito&#8221;, Cubero ha declarado: &#8220;quer\u00edamos hacer una <strong>campa\u00f1a real<\/strong>, que rompiera con los c\u00e1nones de la publicidad, y lo hemos conseguido gracias a la creatividad de PS21 y de Daniel S\u00e1nchez-Ar\u00e9valo&#8221;.Y, sin duda, lo han conseguido.<\/p>\n<p>\n\t\t\t\t<iframe loading=\"lazy\" src=\"http:\/\/www.youtube.com\/embed\/gt6TXBax4qs?enablejsapi=1&amp;version=3&amp;rel=0&amp;showinfo=0&amp;controls=0\" id=\"iframePlayer\" width=\"940\" height=\"529\" frameborder=\"0\" webkitallowfullscreen=\"\" mozallowfullscreen=\"\" allowfullscreen=\"\"><\/iframe>\n\t\t\t<\/p>\n<p>Si no puede visualizar el v\u00eddeo embeded, haga click aqu\u00ed.<\/p>\n<p>Tras el estreno del spot, Jes\u00fas Cubero ha presentado los resultados del estudio en el que se apoyaron para realizar la campa\u00f1a, en el que encuestaron a <strong>1.000 personas<\/strong> en activo en toda Espa\u00f1a con el fin de descubrir si estas hab\u00edan alcanzado, o no, su <strong>prop\u00f3sito en el \u00e1mbito personal y profesional.<\/strong><\/p>\n<p>Los resultados del estudio han sido desalentadores, pues <strong>3 de cada 4<\/strong> personas ha confesado <strong>no haber alcanzado su objetivo laboral<\/strong>. Y este ha sido precisamente el motor de la campa\u00f1a, que reivindica la importancia de una buena <strong>orientaci\u00f3n y asesoramiento<\/strong> a las personas que buscan empleo, est\u00e1n desempleados o que, simplemente, buscan cambiar de trabajo para conseguir un empleo acorde a su formaci\u00f3n y sus aspiraciones.<\/p>\n<p>Durante su intervenci\u00f3n, Cubero ha se\u00f1alado: &#8220;con mi llegada a la empresa, hace medio a\u00f1o, empezamos a trabajar en una estrategia para definir un <strong>reposicionamiento como marca<\/strong>, creando un territorio de comunicaci\u00f3n que tuviera sentido con nuestro ADN, con nuestros clientes y con nuestros candidatos. De ah\u00ed surgi\u00f3 Adecco \u2018Tu prop\u00f3sito\u2019, que es nuestro tagline para los pr\u00f3ximos a\u00f1os y el nombre de nuestra primera campa\u00f1a&#8221;.<\/p>\n<p>Con esta <strong>campa\u00f1a de marketing y comunicaci\u00f3n<\/strong>, el Grupo Adecco busca seguir orientando y ayudando a sus clientes espa\u00f1oles a encontrar empleo, que, seg\u00fan Cubero, es uno de los principales prop\u00f3sitos que las personas tienen en la vida. De hecho, el director de marketing de la compa\u00f1\u00eda, ha destacado la importancia de las personas por sentirse asesoradas en la <strong>b\u00fasqueda de su prop\u00f3sito<\/strong>.<\/p>\n<p>&#8220;En Adecco tenemos un doble prop\u00f3sito para hacer que los dem\u00e1s puedan alcanzar el suyo: internamente con nuestros trabajadores, a quienes tratamos de cuidar y proporcionar un entorno de trabajo con el que se sientan <strong>realizados y valorados<\/strong>, y externamente con la sociedad, ayudando a las personas a encontrar <strong>un empleo que les llene<\/strong>, siendo conscientes de que el trabajo es uno de los principales motores que conecta a las personas con sus prop\u00f3sitos vitales&#8221;, destaca el directivo y responsable de este reposicionamiento en la compa\u00f1\u00eda.<\/p>\n<p><img loading=\"lazy\" decoding=\"async\" class=\"size-full wp-image-482075 aligncenter\" src=\"https:\/\/super-news.info\/es\/wp-content\/uploads\/sites\/4\/2019\/05\/1557339500_406_Adecco-revoluciona-el-mundo-de-los-RRHH-con-el-lanzamiento.jpg\" alt=\"adecco\" width=\"626\" height=\"364\"\/><\/p>\n<p>Cubero ha expuesto, adem\u00e1s, que &#8220;las personas alcanzan su prop\u00f3sito cuando se sienten realizadas en un triple eje: <strong>el personal, el social y el profesional<\/strong>. Pero, adem\u00e1s, en el grupo Adecco tenemos el prop\u00f3sito de aportar a la sociedad otros valores que trasciendan m\u00e1s all\u00e1 del empleo, como puede ser la formaci\u00f3n (cada a\u00f1o formamos a m\u00e1s de 60.000 personas), como el <strong>compromiso<\/strong> con los colectivos m\u00e1s desfavorecidos (a trav\u00e9s de nuestra Fundaci\u00f3n, en el a\u00f1o 2018 hemos orientado a 22.503 personas que se encontraban en riesgo de exclusi\u00f3n social)&#8221;.<\/p>\n<p>Adem\u00e1s, Cubero ha resaltado el papel de su programa <strong>Win4Youth<\/strong>, con el que &#8220;gracias a la pr\u00e1ctica y el fomento del deporte entre nuestra gente, llevamos una d\u00e9cada recaudando fondos para j\u00f3venes en situaciones de riesgo de marginaci\u00f3n socio-laboral&#8221;.<\/p>\n<p>&#8220;Tu prop\u00f3sito&#8221;, ha resumido Cubero, &#8220;es solo el punto de partida del reposicionamiento de Adecco en el mundo de los Recursos Humanos&#8221;.<\/p>\n<p>El \u00faltimo eje de esta campa\u00f1a es el lanzamiento de la<strong> web app<\/strong> tuproposito.es, en la que las personas podr\u00e1n conocer el estado de equilibrio entre su \u00e1rea personal, social y profesional que marcan el estado de bienestar de las personas.<\/p>\n<p>Cada uno de esos bloques cuenta con<strong> 6 preguntas<\/strong> que, ponderadas, arrojan una imagen representativa del peso que estas \u00e1reas tienen actualmente en la vida de cada persona y que se representar\u00e1 en un <strong>tri\u00e1ngulo<\/strong> y tendr\u00e1 una forma determinada en base a las respuestas que haya facilitado cada usuario.<\/p>\n<p>&#8220;La finalidad de esta campa\u00f1a es ayudar a las personas a descubrir y lograr su prop\u00f3sito vital, que dividimos en tres partes: lo <strong>personal, las relaciones sociales y el trabajo<\/strong>. A trav\u00e9s de la <strong>web app<\/strong> tuproposito.es, creada ad hoc para esta campa\u00f1a, queremos guiarles en este proceso para que se hagan las preguntas adecuadas, reflexionen y logren as\u00ed alcanzar un equilibrio entre esas tres partes&#8221;, ha concluido Cubero.<\/p>\n<p><img loading=\"lazy\" decoding=\"async\" class=\"size-full wp-image-482076 aligncenter\" src=\"https:\/\/super-news.info\/es\/wp-content\/uploads\/sites\/4\/2019\/05\/1557339500_318_Adecco-revoluciona-el-mundo-de-los-RRHH-con-el-lanzamiento.jpg\" alt=\"adecco\" width=\"626\" height=\"364\"\/><\/p>\n<p>Por \u00faltimo, Luis Perdiguero, del departamento de comunicaci\u00f3n del grupo Adecco, ha mostrado algunos de los datos que ha relejado este estudio, como que &#8220;el<strong> 19,3%<\/strong> de los espa\u00f1oles ha declarado que les gusta la vida que tienen, y que un<strong> 14,7%<\/strong> se define como muy feliz&#8221;, ha mostrado Perdiguero.<\/p>\n<p>Adem\u00e1s, Perdiguero ha mostrado que &#8220;<strong>7 de cada 10 encuestados<\/strong> ha confesado no tener claro cu\u00e1l es su prop\u00f3sito en la vida, y que 6 de cada 10 no han alcanzado sus prop\u00f3sitos, al menos de momento&#8221;.<\/p>\n<p>Entre los motivos que impiden a la gente alcanzar sus prop\u00f3sitos, el estudio ha demostrado que el 36% de las personas encuentran su principal barrera en el <strong>miedo a salir de su zona de confort.\u00a0<\/strong><\/p>\n<p class=\"link-telegram\">\n\t\t\t\t\t\t\t\t\t\t\tNo te pierdas nada de MarketingDirecto.com y \u00fanete a nuestro Telegram t.me\/MarketingDirecto\n\t\t\t\t\t\t\t\t\t\t<\/p>\n<\/p><\/div>\n<p><script>(function(d, s, id) {\n  var js, fjs = d.getElementsByTagName(s)[0];\n  if (d.getElementById(id)) return;\n  js = d.createElement(s); js.id = id;\n  js.src = \"http:\/\/connect.facebook.net\/es_LA\/sdk.js#xfbml=1&appId=408746052611679&version=v2.3\";\n  fjs.parentNode.insertBefore(js, fjs);\n}(document, 'script', 'facebook-jssdk'));<\/script><br \/>\n<br \/>[ad_2]<br \/>\n<br \/><a href=\"https:\/\/www.marketingdirecto.com\/marketing-general\/publicidad\/adecco-revoluciona-el-mundo-de-los-rrhh-con-el-lanzamiento-de-tu-proposito\">Source link <\/a><\/p>\n","protected":false},"excerpt":{"rendered":"<p>[ad_1] El Grupo Adecco ha presentado la nueva campa\u00f1a de marketing y comunicaci\u00f3n que ha realizado en colaboraci\u00f3n con la agencia PS21, y con la que la compa\u00f1\u00eda reivindica la necesidad de reflexionar sobre el prop\u00f3sito vital y profesional de las personas La presentaci\u00f3n ha contado con la presencia de Jes\u00fas Cubero, director de Marketing [&hellip;]<\/p>\n","protected":false},"author":2,"featured_media":1277,"comment_status":"open","ping_status":"open","sticky":false,"template":"","format":"standard","meta":{"footnotes":""},"categories":[2],"tags":[],"class_list":["post-1276","post","type-post","status-publish","format-standard","has-post-thumbnail","hentry","category-noticias-de-marketing-digital"],"yoast_head":"<!-- This site is optimized with the Yoast SEO plugin v27.4 - https:\/\/yoast.com\/product\/yoast-seo-wordpress\/ -->\n<title>Adecco revoluciona el mundo de los RRHH con el lanzamiento de &quot;Tu prop\u00f3sito&quot; - Super News<\/title>\n<meta name=\"robots\" content=\"index, follow, max-snippet:-1, max-image-preview:large, max-video-preview:-1\" \/>\n<link rel=\"canonical\" href=\"https:\/\/super-news.info\/es\/adecco-revoluciona-el-mundo-de-los-rrhh-con-el-lanzamiento-de-tu-proposito\/\" \/>\n<meta property=\"og:locale\" content=\"en_US\" \/>\n<meta property=\"og:type\" content=\"article\" \/>\n<meta property=\"og:title\" content=\"Adecco revoluciona el mundo de los RRHH con el lanzamiento de &quot;Tu prop\u00f3sito&quot; - Super News\" \/>\n<meta property=\"og:description\" content=\"[ad_1] El Grupo Adecco ha presentado la nueva campa\u00f1a de marketing y comunicaci\u00f3n que ha realizado en colaboraci\u00f3n con la agencia PS21, y con la que la compa\u00f1\u00eda reivindica la necesidad de reflexionar sobre el prop\u00f3sito vital y profesional de las personas La presentaci\u00f3n ha contado con la presencia de Jes\u00fas Cubero, director de Marketing [&hellip;]\" \/>\n<meta property=\"og:url\" content=\"https:\/\/super-news.info\/es\/adecco-revoluciona-el-mundo-de-los-rrhh-con-el-lanzamiento-de-tu-proposito\/\" \/>\n<meta property=\"og:site_name\" content=\"Super News\" \/>\n<meta property=\"article:published_time\" content=\"2019-05-08T18:18:20+00:00\" \/>\n<meta property=\"article:modified_time\" content=\"2019-05-08T18:18:21+00:00\" \/>\n<meta property=\"og:image\" content=\"https:\/\/super-news.info\/es\/wp-content\/uploads\/sites\/4\/2019\/05\/Adecco-revoluciona-el-mundo-de-los-RRHH-con-el-lanzamiento.jpg\" \/>\n\t<meta property=\"og:image:width\" content=\"626\" \/>\n\t<meta property=\"og:image:height\" content=\"364\" \/>\n\t<meta property=\"og:image:type\" content=\"image\/jpeg\" \/>\n<meta name=\"author\" content=\"super-news\" \/>\n<meta name=\"twitter:card\" content=\"summary_large_image\" \/>\n<meta name=\"twitter:label1\" content=\"Written by\" \/>\n\t<meta name=\"twitter:data1\" content=\"super-news\" \/>\n\t<meta name=\"twitter:label2\" content=\"Est. reading time\" \/>\n\t<meta name=\"twitter:data2\" content=\"5 minutes\" \/>\n<script type=\"application\/ld+json\" class=\"yoast-schema-graph\">{\"@context\":\"https:\\\/\\\/schema.org\",\"@graph\":[{\"@type\":\"Article\",\"@id\":\"https:\\\/\\\/super-news.info\\\/es\\\/adecco-revoluciona-el-mundo-de-los-rrhh-con-el-lanzamiento-de-tu-proposito\\\/#article\",\"isPartOf\":{\"@id\":\"https:\\\/\\\/super-news.info\\\/es\\\/adecco-revoluciona-el-mundo-de-los-rrhh-con-el-lanzamiento-de-tu-proposito\\\/\"},\"author\":{\"name\":\"super-news\",\"@id\":\"https:\\\/\\\/super-news.info\\\/es\\\/#\\\/schema\\\/person\\\/2d4068cb2f39cd10008c2fce578a7356\"},\"headline\":\"Adecco revoluciona el mundo de los RRHH con el lanzamiento de &#8220;Tu prop\u00f3sito&#8221;\",\"datePublished\":\"2019-05-08T18:18:20+00:00\",\"dateModified\":\"2019-05-08T18:18:21+00:00\",\"mainEntityOfPage\":{\"@id\":\"https:\\\/\\\/super-news.info\\\/es\\\/adecco-revoluciona-el-mundo-de-los-rrhh-con-el-lanzamiento-de-tu-proposito\\\/\"},\"wordCount\":1077,\"commentCount\":0,\"image\":{\"@id\":\"https:\\\/\\\/super-news.info\\\/es\\\/adecco-revoluciona-el-mundo-de-los-rrhh-con-el-lanzamiento-de-tu-proposito\\\/#primaryimage\"},\"thumbnailUrl\":\"https:\\\/\\\/super-news.info\\\/es\\\/wp-content\\\/uploads\\\/sites\\\/4\\\/2019\\\/05\\\/Adecco-revoluciona-el-mundo-de-los-RRHH-con-el-lanzamiento.jpg\",\"articleSection\":[\"NOTICIAS DE MARKETING DIGITAL\"],\"inLanguage\":\"en-US\",\"potentialAction\":[{\"@type\":\"CommentAction\",\"name\":\"Comment\",\"target\":[\"https:\\\/\\\/super-news.info\\\/es\\\/adecco-revoluciona-el-mundo-de-los-rrhh-con-el-lanzamiento-de-tu-proposito\\\/#respond\"]}]},{\"@type\":\"WebPage\",\"@id\":\"https:\\\/\\\/super-news.info\\\/es\\\/adecco-revoluciona-el-mundo-de-los-rrhh-con-el-lanzamiento-de-tu-proposito\\\/\",\"url\":\"https:\\\/\\\/super-news.info\\\/es\\\/adecco-revoluciona-el-mundo-de-los-rrhh-con-el-lanzamiento-de-tu-proposito\\\/\",\"name\":\"Adecco revoluciona el mundo de los RRHH con el lanzamiento de \\\"Tu prop\u00f3sito\\\" - Super News\",\"isPartOf\":{\"@id\":\"https:\\\/\\\/super-news.info\\\/es\\\/#website\"},\"primaryImageOfPage\":{\"@id\":\"https:\\\/\\\/super-news.info\\\/es\\\/adecco-revoluciona-el-mundo-de-los-rrhh-con-el-lanzamiento-de-tu-proposito\\\/#primaryimage\"},\"image\":{\"@id\":\"https:\\\/\\\/super-news.info\\\/es\\\/adecco-revoluciona-el-mundo-de-los-rrhh-con-el-lanzamiento-de-tu-proposito\\\/#primaryimage\"},\"thumbnailUrl\":\"https:\\\/\\\/super-news.info\\\/es\\\/wp-content\\\/uploads\\\/sites\\\/4\\\/2019\\\/05\\\/Adecco-revoluciona-el-mundo-de-los-RRHH-con-el-lanzamiento.jpg\",\"datePublished\":\"2019-05-08T18:18:20+00:00\",\"dateModified\":\"2019-05-08T18:18:21+00:00\",\"author\":{\"@id\":\"https:\\\/\\\/super-news.info\\\/es\\\/#\\\/schema\\\/person\\\/2d4068cb2f39cd10008c2fce578a7356\"},\"breadcrumb\":{\"@id\":\"https:\\\/\\\/super-news.info\\\/es\\\/adecco-revoluciona-el-mundo-de-los-rrhh-con-el-lanzamiento-de-tu-proposito\\\/#breadcrumb\"},\"inLanguage\":\"en-US\",\"potentialAction\":[{\"@type\":\"ReadAction\",\"target\":[\"https:\\\/\\\/super-news.info\\\/es\\\/adecco-revoluciona-el-mundo-de-los-rrhh-con-el-lanzamiento-de-tu-proposito\\\/\"]}]},{\"@type\":\"ImageObject\",\"inLanguage\":\"en-US\",\"@id\":\"https:\\\/\\\/super-news.info\\\/es\\\/adecco-revoluciona-el-mundo-de-los-rrhh-con-el-lanzamiento-de-tu-proposito\\\/#primaryimage\",\"url\":\"https:\\\/\\\/super-news.info\\\/es\\\/wp-content\\\/uploads\\\/sites\\\/4\\\/2019\\\/05\\\/Adecco-revoluciona-el-mundo-de-los-RRHH-con-el-lanzamiento.jpg\",\"contentUrl\":\"https:\\\/\\\/super-news.info\\\/es\\\/wp-content\\\/uploads\\\/sites\\\/4\\\/2019\\\/05\\\/Adecco-revoluciona-el-mundo-de-los-RRHH-con-el-lanzamiento.jpg\",\"width\":626,\"height\":364,\"caption\":\"adecco\"},{\"@type\":\"BreadcrumbList\",\"@id\":\"https:\\\/\\\/super-news.info\\\/es\\\/adecco-revoluciona-el-mundo-de-los-rrhh-con-el-lanzamiento-de-tu-proposito\\\/#breadcrumb\",\"itemListElement\":[{\"@type\":\"ListItem\",\"position\":1,\"name\":\"\u0413\u043b\u0430\u0432\u043d\u0430\u044f \u0441\u0442\u0440\u0430\u043d\u0438\u0446\u0430\",\"item\":\"https:\\\/\\\/super-news.info\\\/es\\\/\"},{\"@type\":\"ListItem\",\"position\":2,\"name\":\"Adecco revoluciona el mundo de los RRHH con el lanzamiento de &#8220;Tu prop\u00f3sito&#8221;\"}]},{\"@type\":\"WebSite\",\"@id\":\"https:\\\/\\\/super-news.info\\\/es\\\/#website\",\"url\":\"https:\\\/\\\/super-news.info\\\/es\\\/\",\"name\":\"Super News\",\"description\":\"Super News Espa\u00f1a\",\"potentialAction\":[{\"@type\":\"SearchAction\",\"target\":{\"@type\":\"EntryPoint\",\"urlTemplate\":\"https:\\\/\\\/super-news.info\\\/es\\\/?s={search_term_string}\"},\"query-input\":{\"@type\":\"PropertyValueSpecification\",\"valueRequired\":true,\"valueName\":\"search_term_string\"}}],\"inLanguage\":\"en-US\"},{\"@type\":\"Person\",\"@id\":\"https:\\\/\\\/super-news.info\\\/es\\\/#\\\/schema\\\/person\\\/2d4068cb2f39cd10008c2fce578a7356\",\"name\":\"super-news\",\"image\":{\"@type\":\"ImageObject\",\"inLanguage\":\"en-US\",\"@id\":\"https:\\\/\\\/secure.gravatar.com\\\/avatar\\\/64ebac40b93f26a154f8a9b5b6fdccfc46f442b26b3dd6756dbff3bf9dc76fd7?s=96&d=mm&r=g\",\"url\":\"https:\\\/\\\/secure.gravatar.com\\\/avatar\\\/64ebac40b93f26a154f8a9b5b6fdccfc46f442b26b3dd6756dbff3bf9dc76fd7?s=96&d=mm&r=g\",\"contentUrl\":\"https:\\\/\\\/secure.gravatar.com\\\/avatar\\\/64ebac40b93f26a154f8a9b5b6fdccfc46f442b26b3dd6756dbff3bf9dc76fd7?s=96&d=mm&r=g\",\"caption\":\"super-news\"},\"url\":\"https:\\\/\\\/super-news.info\\\/es\\\/author\\\/pt\\\/\"}]}<\/script>\n<!-- \/ Yoast SEO plugin. -->","yoast_head_json":{"title":"Adecco revoluciona el mundo de los RRHH con el lanzamiento de \"Tu prop\u00f3sito\" - Super News","robots":{"index":"index","follow":"follow","max-snippet":"max-snippet:-1","max-image-preview":"max-image-preview:large","max-video-preview":"max-video-preview:-1"},"canonical":"https:\/\/super-news.info\/es\/adecco-revoluciona-el-mundo-de-los-rrhh-con-el-lanzamiento-de-tu-proposito\/","og_locale":"en_US","og_type":"article","og_title":"Adecco revoluciona el mundo de los RRHH con el lanzamiento de \"Tu prop\u00f3sito\" - Super News","og_description":"[ad_1] El Grupo Adecco ha presentado la nueva campa\u00f1a de marketing y comunicaci\u00f3n que ha realizado en colaboraci\u00f3n con la agencia PS21, y con la que la compa\u00f1\u00eda reivindica la necesidad de reflexionar sobre el prop\u00f3sito vital y profesional de las personas La presentaci\u00f3n ha contado con la presencia de Jes\u00fas Cubero, director de Marketing [&hellip;]","og_url":"https:\/\/super-news.info\/es\/adecco-revoluciona-el-mundo-de-los-rrhh-con-el-lanzamiento-de-tu-proposito\/","og_site_name":"Super News","article_published_time":"2019-05-08T18:18:20+00:00","article_modified_time":"2019-05-08T18:18:21+00:00","og_image":[{"width":626,"height":364,"url":"https:\/\/super-news.info\/es\/wp-content\/uploads\/sites\/4\/2019\/05\/Adecco-revoluciona-el-mundo-de-los-RRHH-con-el-lanzamiento.jpg","type":"image\/jpeg"}],"author":"super-news","twitter_card":"summary_large_image","twitter_misc":{"Written by":"super-news","Est. reading time":"5 minutes"},"schema":{"@context":"https:\/\/schema.org","@graph":[{"@type":"Article","@id":"https:\/\/super-news.info\/es\/adecco-revoluciona-el-mundo-de-los-rrhh-con-el-lanzamiento-de-tu-proposito\/#article","isPartOf":{"@id":"https:\/\/super-news.info\/es\/adecco-revoluciona-el-mundo-de-los-rrhh-con-el-lanzamiento-de-tu-proposito\/"},"author":{"name":"super-news","@id":"https:\/\/super-news.info\/es\/#\/schema\/person\/2d4068cb2f39cd10008c2fce578a7356"},"headline":"Adecco revoluciona el mundo de los RRHH con el lanzamiento de &#8220;Tu prop\u00f3sito&#8221;","datePublished":"2019-05-08T18:18:20+00:00","dateModified":"2019-05-08T18:18:21+00:00","mainEntityOfPage":{"@id":"https:\/\/super-news.info\/es\/adecco-revoluciona-el-mundo-de-los-rrhh-con-el-lanzamiento-de-tu-proposito\/"},"wordCount":1077,"commentCount":0,"image":{"@id":"https:\/\/super-news.info\/es\/adecco-revoluciona-el-mundo-de-los-rrhh-con-el-lanzamiento-de-tu-proposito\/#primaryimage"},"thumbnailUrl":"https:\/\/super-news.info\/es\/wp-content\/uploads\/sites\/4\/2019\/05\/Adecco-revoluciona-el-mundo-de-los-RRHH-con-el-lanzamiento.jpg","articleSection":["NOTICIAS DE MARKETING DIGITAL"],"inLanguage":"en-US","potentialAction":[{"@type":"CommentAction","name":"Comment","target":["https:\/\/super-news.info\/es\/adecco-revoluciona-el-mundo-de-los-rrhh-con-el-lanzamiento-de-tu-proposito\/#respond"]}]},{"@type":"WebPage","@id":"https:\/\/super-news.info\/es\/adecco-revoluciona-el-mundo-de-los-rrhh-con-el-lanzamiento-de-tu-proposito\/","url":"https:\/\/super-news.info\/es\/adecco-revoluciona-el-mundo-de-los-rrhh-con-el-lanzamiento-de-tu-proposito\/","name":"Adecco revoluciona el mundo de los RRHH con el lanzamiento de \"Tu prop\u00f3sito\" - Super News","isPartOf":{"@id":"https:\/\/super-news.info\/es\/#website"},"primaryImageOfPage":{"@id":"https:\/\/super-news.info\/es\/adecco-revoluciona-el-mundo-de-los-rrhh-con-el-lanzamiento-de-tu-proposito\/#primaryimage"},"image":{"@id":"https:\/\/super-news.info\/es\/adecco-revoluciona-el-mundo-de-los-rrhh-con-el-lanzamiento-de-tu-proposito\/#primaryimage"},"thumbnailUrl":"https:\/\/super-news.info\/es\/wp-content\/uploads\/sites\/4\/2019\/05\/Adecco-revoluciona-el-mundo-de-los-RRHH-con-el-lanzamiento.jpg","datePublished":"2019-05-08T18:18:20+00:00","dateModified":"2019-05-08T18:18:21+00:00","author":{"@id":"https:\/\/super-news.info\/es\/#\/schema\/person\/2d4068cb2f39cd10008c2fce578a7356"},"breadcrumb":{"@id":"https:\/\/super-news.info\/es\/adecco-revoluciona-el-mundo-de-los-rrhh-con-el-lanzamiento-de-tu-proposito\/#breadcrumb"},"inLanguage":"en-US","potentialAction":[{"@type":"ReadAction","target":["https:\/\/super-news.info\/es\/adecco-revoluciona-el-mundo-de-los-rrhh-con-el-lanzamiento-de-tu-proposito\/"]}]},{"@type":"ImageObject","inLanguage":"en-US","@id":"https:\/\/super-news.info\/es\/adecco-revoluciona-el-mundo-de-los-rrhh-con-el-lanzamiento-de-tu-proposito\/#primaryimage","url":"https:\/\/super-news.info\/es\/wp-content\/uploads\/sites\/4\/2019\/05\/Adecco-revoluciona-el-mundo-de-los-RRHH-con-el-lanzamiento.jpg","contentUrl":"https:\/\/super-news.info\/es\/wp-content\/uploads\/sites\/4\/2019\/05\/Adecco-revoluciona-el-mundo-de-los-RRHH-con-el-lanzamiento.jpg","width":626,"height":364,"caption":"adecco"},{"@type":"BreadcrumbList","@id":"https:\/\/super-news.info\/es\/adecco-revoluciona-el-mundo-de-los-rrhh-con-el-lanzamiento-de-tu-proposito\/#breadcrumb","itemListElement":[{"@type":"ListItem","position":1,"name":"\u0413\u043b\u0430\u0432\u043d\u0430\u044f \u0441\u0442\u0440\u0430\u043d\u0438\u0446\u0430","item":"https:\/\/super-news.info\/es\/"},{"@type":"ListItem","position":2,"name":"Adecco revoluciona el mundo de los RRHH con el lanzamiento de &#8220;Tu prop\u00f3sito&#8221;"}]},{"@type":"WebSite","@id":"https:\/\/super-news.info\/es\/#website","url":"https:\/\/super-news.info\/es\/","name":"Super News","description":"Super News Espa\u00f1a","potentialAction":[{"@type":"SearchAction","target":{"@type":"EntryPoint","urlTemplate":"https:\/\/super-news.info\/es\/?s={search_term_string}"},"query-input":{"@type":"PropertyValueSpecification","valueRequired":true,"valueName":"search_term_string"}}],"inLanguage":"en-US"},{"@type":"Person","@id":"https:\/\/super-news.info\/es\/#\/schema\/person\/2d4068cb2f39cd10008c2fce578a7356","name":"super-news","image":{"@type":"ImageObject","inLanguage":"en-US","@id":"https:\/\/secure.gravatar.com\/avatar\/64ebac40b93f26a154f8a9b5b6fdccfc46f442b26b3dd6756dbff3bf9dc76fd7?s=96&d=mm&r=g","url":"https:\/\/secure.gravatar.com\/avatar\/64ebac40b93f26a154f8a9b5b6fdccfc46f442b26b3dd6756dbff3bf9dc76fd7?s=96&d=mm&r=g","contentUrl":"https:\/\/secure.gravatar.com\/avatar\/64ebac40b93f26a154f8a9b5b6fdccfc46f442b26b3dd6756dbff3bf9dc76fd7?s=96&d=mm&r=g","caption":"super-news"},"url":"https:\/\/super-news.info\/es\/author\/pt\/"}]}},"_links":{"self":[{"href":"https:\/\/super-news.info\/es\/wp-json\/wp\/v2\/posts\/1276","targetHints":{"allow":["GET"]}}],"collection":[{"href":"https:\/\/super-news.info\/es\/wp-json\/wp\/v2\/posts"}],"about":[{"href":"https:\/\/super-news.info\/es\/wp-json\/wp\/v2\/types\/post"}],"author":[{"embeddable":true,"href":"https:\/\/super-news.info\/es\/wp-json\/wp\/v2\/users\/2"}],"replies":[{"embeddable":true,"href":"https:\/\/super-news.info\/es\/wp-json\/wp\/v2\/comments?post=1276"}],"version-history":[{"count":1,"href":"https:\/\/super-news.info\/es\/wp-json\/wp\/v2\/posts\/1276\/revisions"}],"predecessor-version":[{"id":1278,"href":"https:\/\/super-news.info\/es\/wp-json\/wp\/v2\/posts\/1276\/revisions\/1278"}],"wp:featuredmedia":[{"embeddable":true,"href":"https:\/\/super-news.info\/es\/wp-json\/wp\/v2\/media\/1277"}],"wp:attachment":[{"href":"https:\/\/super-news.info\/es\/wp-json\/wp\/v2\/media?parent=1276"}],"wp:term":[{"taxonomy":"category","embeddable":true,"href":"https:\/\/super-news.info\/es\/wp-json\/wp\/v2\/categories?post=1276"},{"taxonomy":"post_tag","embeddable":true,"href":"https:\/\/super-news.info\/es\/wp-json\/wp\/v2\/tags?post=1276"}],"curies":[{"name":"wp","href":"https:\/\/api.w.org\/{rel}","templated":true}]}}