{"id":1270,"date":"2019-05-08T16:23:09","date_gmt":"2019-05-08T13:23:09","guid":{"rendered":"https:\/\/super-news.info\/es\/cuba-felicita-a-iberia-por-los-70-anos-de-su-primer-vuelo-a-la-habana\/"},"modified":"2019-05-08T16:23:10","modified_gmt":"2019-05-08T13:23:10","slug":"cuba-felicita-a-iberia-por-los-70-anos-de-su-primer-vuelo-a-la-habana","status":"publish","type":"post","link":"https:\/\/super-news.info\/es\/cuba-felicita-a-iberia-por-los-70-anos-de-su-primer-vuelo-a-la-habana\/","title":{"rendered":"Cuba felicita a Iberia por los 70 a\u00f1os de su primer vuelo a La Habana"},"content":{"rendered":"<p> [ad_1]<br \/>\n<\/p>\n<div id=\"textoNoticia\">\n<p class=\"excerpt-single\">Iberia ha organizado varios eventos con motivo del 500\u00ba aniversario de La Habana, as\u00ed como del primer vuelo de la compa\u00f1\u00eda a la capital cubana.<\/p>\n<\/p>\n<p>El <strong>presidente de Cuba<\/strong> y los <strong>Ministros de Turismo de Cuba y Espa\u00f1a<\/strong> se encontraron ayer con <strong>Iberia<\/strong> en el contexto de<strong> FitCuba<\/strong>, la feria internacional del turismo que tiene lugar en La Habana hasta el 11 de mayo.<\/p>\n<p><strong>La aerol\u00ednea celebra este a\u00f1o el 70\u00ba aniversario de su primer vuelo a Cuba<\/strong> y ayer entreg\u00f3 a los Ministros de Turismo de Espa\u00f1a y de Cuba unas fotograf\u00edas de ese primer aterrizaje de Iberia en La Habana, como muestra del apoyo de Iberia al turismo y las relaciones entre ambos pa\u00edses.<\/p>\n<p>Iberia particip\u00f3 tambi\u00e9n en una reuni\u00f3n de empresas espa\u00f1olas con intereses en Cuba, donde tuvieron la oportunidad de encontrarse tambi\u00e9n con el presidente cubano, que agradeci\u00f3 la contribuci\u00f3n de las empresas tur\u00edsticas espa\u00f1olas al desarrollo de la isla.<\/p>\n<p>Adem\u00e1s de su participaci\u00f3n en Fitcuba, <strong>Iberia ha organizado varios eventos en La Habana<\/strong> para sumarse tambi\u00e9n al 500\u00ba aniversario de la fundaci\u00f3n de la ciudad.<\/p>\n<p><strong>Luis Gallego, presidente de Iberia<\/strong>, aterrizar\u00e1 el jueves en Cuba con el Airbus A330\/200 &#8220;La Habana&#8221; y tendr\u00e1 un encuentro con los Ministros de Transporte y Turismo cubanos.<\/p>\n<p>La aerol\u00ednea ha previsto otros eventos en la ciudad para los pr\u00f3ximos d\u00edas como celebraci\u00f3n del 500\u00ba aniversario de la fundaci\u00f3n de La Habana, entre ellos, una reuni\u00f3n con empresas espa\u00f1olas en la que tambi\u00e9n participar\u00e1n los Ministros de Turismo y Transportes de Cuba; un pase privado del documental <strong>&#8220;Cuba Crea&#8221;<\/strong> que la aerol\u00ednea patrocina; y un concierto que cuenta tambi\u00e9n con el apoyo de Iberia.<\/p>\n<p>Nota de prensa<\/p>\n<p class=\"link-telegram\">\n\t\t\t\t\t\t\t\t\t\t\tNo te pierdas nada de MarketingDirecto.com y \u00fanete a nuestro Telegram t.me\/MarketingDirecto\n\t\t\t\t\t\t\t\t\t\t<\/p>\n<\/p><\/div>\n<p><script>(function(d, s, id) {\n  var js, fjs = d.getElementsByTagName(s)[0];\n  if (d.getElementById(id)) return;\n  js = d.createElement(s); js.id = id;\n  js.src = \"http:\/\/connect.facebook.net\/es_LA\/sdk.js#xfbml=1&appId=408746052611679&version=v2.3\";\n  fjs.parentNode.insertBefore(js, fjs);\n}(document, 'script', 'facebook-jssdk'));<\/script><br \/>\n<br \/>[ad_2]<br \/>\n<br \/><a href=\"https:\/\/www.marketingdirecto.com\/anunciantes-general\/anunciantes\/cuba-felicita-a-iberia-por-los-70-anos-de-su-primer-vuelo-a-la-habana\">Source link <\/a><\/p>\n","protected":false},"excerpt":{"rendered":"<p>[ad_1] Iberia ha organizado varios eventos con motivo del 500\u00ba aniversario de La Habana, as\u00ed como del primer vuelo de la compa\u00f1\u00eda a la capital cubana. El presidente de Cuba y los Ministros de Turismo de Cuba y Espa\u00f1a se encontraron ayer con Iberia en el contexto de FitCuba, la feria internacional del turismo que [&hellip;]<\/p>\n","protected":false},"author":2,"featured_media":1271,"comment_status":"open","ping_status":"open","sticky":false,"template":"","format":"standard","meta":{"footnotes":""},"categories":[2],"tags":[],"class_list":["post-1270","post","type-post","status-publish","format-standard","has-post-thumbnail","hentry","category-noticias-de-marketing-digital"],"yoast_head":"<!-- This site is optimized with the Yoast SEO plugin v27.4 - https:\/\/yoast.com\/product\/yoast-seo-wordpress\/ -->\n<title>Cuba felicita a Iberia por los 70 a\u00f1os de su primer vuelo a La Habana - Super News<\/title>\n<meta name=\"robots\" content=\"index, follow, max-snippet:-1, max-image-preview:large, max-video-preview:-1\" \/>\n<link rel=\"canonical\" href=\"https:\/\/super-news.info\/es\/cuba-felicita-a-iberia-por-los-70-anos-de-su-primer-vuelo-a-la-habana\/\" \/>\n<meta property=\"og:locale\" content=\"en_US\" \/>\n<meta property=\"og:type\" content=\"article\" \/>\n<meta property=\"og:title\" content=\"Cuba felicita a Iberia por los 70 a\u00f1os de su primer vuelo a La Habana - Super News\" \/>\n<meta property=\"og:description\" content=\"[ad_1] Iberia ha organizado varios eventos con motivo del 500\u00ba aniversario de La Habana, as\u00ed como del primer vuelo de la compa\u00f1\u00eda a la capital cubana. El presidente de Cuba y los Ministros de Turismo de Cuba y Espa\u00f1a se encontraron ayer con Iberia en el contexto de FitCuba, la feria internacional del turismo que [&hellip;]\" \/>\n<meta property=\"og:url\" content=\"https:\/\/super-news.info\/es\/cuba-felicita-a-iberia-por-los-70-anos-de-su-primer-vuelo-a-la-habana\/\" \/>\n<meta property=\"og:site_name\" content=\"Super News\" \/>\n<meta property=\"article:published_time\" content=\"2019-05-08T13:23:09+00:00\" \/>\n<meta property=\"article:modified_time\" content=\"2019-05-08T13:23:10+00:00\" \/>\n<meta property=\"og:image\" content=\"https:\/\/super-news.info\/es\/wp-content\/uploads\/sites\/4\/2019\/05\/Cuba-felicita-a-Iberia-por-los-70-a\u00f1os-de-su.jpg\" \/>\n\t<meta property=\"og:image:width\" content=\"626\" \/>\n\t<meta property=\"og:image:height\" content=\"364\" \/>\n\t<meta property=\"og:image:type\" content=\"image\/jpeg\" \/>\n<meta name=\"author\" content=\"super-news\" \/>\n<meta name=\"twitter:card\" content=\"summary_large_image\" \/>\n<meta name=\"twitter:label1\" content=\"Written by\" \/>\n\t<meta name=\"twitter:data1\" content=\"super-news\" \/>\n\t<meta name=\"twitter:label2\" content=\"Est. reading time\" \/>\n\t<meta name=\"twitter:data2\" content=\"2 minutes\" \/>\n<script type=\"application\/ld+json\" class=\"yoast-schema-graph\">{\"@context\":\"https:\\\/\\\/schema.org\",\"@graph\":[{\"@type\":\"Article\",\"@id\":\"https:\\\/\\\/super-news.info\\\/es\\\/cuba-felicita-a-iberia-por-los-70-anos-de-su-primer-vuelo-a-la-habana\\\/#article\",\"isPartOf\":{\"@id\":\"https:\\\/\\\/super-news.info\\\/es\\\/cuba-felicita-a-iberia-por-los-70-anos-de-su-primer-vuelo-a-la-habana\\\/\"},\"author\":{\"name\":\"super-news\",\"@id\":\"https:\\\/\\\/super-news.info\\\/es\\\/#\\\/schema\\\/person\\\/2d4068cb2f39cd10008c2fce578a7356\"},\"headline\":\"Cuba felicita a Iberia por los 70 a\u00f1os de su primer vuelo a La Habana\",\"datePublished\":\"2019-05-08T13:23:09+00:00\",\"dateModified\":\"2019-05-08T13:23:10+00:00\",\"mainEntityOfPage\":{\"@id\":\"https:\\\/\\\/super-news.info\\\/es\\\/cuba-felicita-a-iberia-por-los-70-anos-de-su-primer-vuelo-a-la-habana\\\/\"},\"wordCount\":335,\"commentCount\":0,\"image\":{\"@id\":\"https:\\\/\\\/super-news.info\\\/es\\\/cuba-felicita-a-iberia-por-los-70-anos-de-su-primer-vuelo-a-la-habana\\\/#primaryimage\"},\"thumbnailUrl\":\"https:\\\/\\\/super-news.info\\\/es\\\/wp-content\\\/uploads\\\/sites\\\/4\\\/2019\\\/05\\\/Cuba-felicita-a-Iberia-por-los-70-a\u00f1os-de-su.jpg\",\"articleSection\":[\"NOTICIAS DE MARKETING DIGITAL\"],\"inLanguage\":\"en-US\",\"potentialAction\":[{\"@type\":\"CommentAction\",\"name\":\"Comment\",\"target\":[\"https:\\\/\\\/super-news.info\\\/es\\\/cuba-felicita-a-iberia-por-los-70-anos-de-su-primer-vuelo-a-la-habana\\\/#respond\"]}]},{\"@type\":\"WebPage\",\"@id\":\"https:\\\/\\\/super-news.info\\\/es\\\/cuba-felicita-a-iberia-por-los-70-anos-de-su-primer-vuelo-a-la-habana\\\/\",\"url\":\"https:\\\/\\\/super-news.info\\\/es\\\/cuba-felicita-a-iberia-por-los-70-anos-de-su-primer-vuelo-a-la-habana\\\/\",\"name\":\"Cuba felicita a Iberia por los 70 a\u00f1os de su primer vuelo a La Habana - Super News\",\"isPartOf\":{\"@id\":\"https:\\\/\\\/super-news.info\\\/es\\\/#website\"},\"primaryImageOfPage\":{\"@id\":\"https:\\\/\\\/super-news.info\\\/es\\\/cuba-felicita-a-iberia-por-los-70-anos-de-su-primer-vuelo-a-la-habana\\\/#primaryimage\"},\"image\":{\"@id\":\"https:\\\/\\\/super-news.info\\\/es\\\/cuba-felicita-a-iberia-por-los-70-anos-de-su-primer-vuelo-a-la-habana\\\/#primaryimage\"},\"thumbnailUrl\":\"https:\\\/\\\/super-news.info\\\/es\\\/wp-content\\\/uploads\\\/sites\\\/4\\\/2019\\\/05\\\/Cuba-felicita-a-Iberia-por-los-70-a\u00f1os-de-su.jpg\",\"datePublished\":\"2019-05-08T13:23:09+00:00\",\"dateModified\":\"2019-05-08T13:23:10+00:00\",\"author\":{\"@id\":\"https:\\\/\\\/super-news.info\\\/es\\\/#\\\/schema\\\/person\\\/2d4068cb2f39cd10008c2fce578a7356\"},\"breadcrumb\":{\"@id\":\"https:\\\/\\\/super-news.info\\\/es\\\/cuba-felicita-a-iberia-por-los-70-anos-de-su-primer-vuelo-a-la-habana\\\/#breadcrumb\"},\"inLanguage\":\"en-US\",\"potentialAction\":[{\"@type\":\"ReadAction\",\"target\":[\"https:\\\/\\\/super-news.info\\\/es\\\/cuba-felicita-a-iberia-por-los-70-anos-de-su-primer-vuelo-a-la-habana\\\/\"]}]},{\"@type\":\"ImageObject\",\"inLanguage\":\"en-US\",\"@id\":\"https:\\\/\\\/super-news.info\\\/es\\\/cuba-felicita-a-iberia-por-los-70-anos-de-su-primer-vuelo-a-la-habana\\\/#primaryimage\",\"url\":\"https:\\\/\\\/super-news.info\\\/es\\\/wp-content\\\/uploads\\\/sites\\\/4\\\/2019\\\/05\\\/Cuba-felicita-a-Iberia-por-los-70-a\u00f1os-de-su.jpg\",\"contentUrl\":\"https:\\\/\\\/super-news.info\\\/es\\\/wp-content\\\/uploads\\\/sites\\\/4\\\/2019\\\/05\\\/Cuba-felicita-a-Iberia-por-los-70-a\u00f1os-de-su.jpg\",\"width\":626,\"height\":364,\"caption\":\"Cuba felicita a Iberia por los 70 a\u00f1os de su primer vuelo a La Habana\"},{\"@type\":\"BreadcrumbList\",\"@id\":\"https:\\\/\\\/super-news.info\\\/es\\\/cuba-felicita-a-iberia-por-los-70-anos-de-su-primer-vuelo-a-la-habana\\\/#breadcrumb\",\"itemListElement\":[{\"@type\":\"ListItem\",\"position\":1,\"name\":\"\u0413\u043b\u0430\u0432\u043d\u0430\u044f \u0441\u0442\u0440\u0430\u043d\u0438\u0446\u0430\",\"item\":\"https:\\\/\\\/super-news.info\\\/es\\\/\"},{\"@type\":\"ListItem\",\"position\":2,\"name\":\"Cuba felicita a Iberia por los 70 a\u00f1os de su primer vuelo a La Habana\"}]},{\"@type\":\"WebSite\",\"@id\":\"https:\\\/\\\/super-news.info\\\/es\\\/#website\",\"url\":\"https:\\\/\\\/super-news.info\\\/es\\\/\",\"name\":\"Super News\",\"description\":\"Super News Espa\u00f1a\",\"potentialAction\":[{\"@type\":\"SearchAction\",\"target\":{\"@type\":\"EntryPoint\",\"urlTemplate\":\"https:\\\/\\\/super-news.info\\\/es\\\/?s={search_term_string}\"},\"query-input\":{\"@type\":\"PropertyValueSpecification\",\"valueRequired\":true,\"valueName\":\"search_term_string\"}}],\"inLanguage\":\"en-US\"},{\"@type\":\"Person\",\"@id\":\"https:\\\/\\\/super-news.info\\\/es\\\/#\\\/schema\\\/person\\\/2d4068cb2f39cd10008c2fce578a7356\",\"name\":\"super-news\",\"image\":{\"@type\":\"ImageObject\",\"inLanguage\":\"en-US\",\"@id\":\"https:\\\/\\\/secure.gravatar.com\\\/avatar\\\/64ebac40b93f26a154f8a9b5b6fdccfc46f442b26b3dd6756dbff3bf9dc76fd7?s=96&d=mm&r=g\",\"url\":\"https:\\\/\\\/secure.gravatar.com\\\/avatar\\\/64ebac40b93f26a154f8a9b5b6fdccfc46f442b26b3dd6756dbff3bf9dc76fd7?s=96&d=mm&r=g\",\"contentUrl\":\"https:\\\/\\\/secure.gravatar.com\\\/avatar\\\/64ebac40b93f26a154f8a9b5b6fdccfc46f442b26b3dd6756dbff3bf9dc76fd7?s=96&d=mm&r=g\",\"caption\":\"super-news\"},\"url\":\"https:\\\/\\\/super-news.info\\\/es\\\/author\\\/pt\\\/\"}]}<\/script>\n<!-- \/ Yoast SEO plugin. -->","yoast_head_json":{"title":"Cuba felicita a Iberia por los 70 a\u00f1os de su primer vuelo a La Habana - Super News","robots":{"index":"index","follow":"follow","max-snippet":"max-snippet:-1","max-image-preview":"max-image-preview:large","max-video-preview":"max-video-preview:-1"},"canonical":"https:\/\/super-news.info\/es\/cuba-felicita-a-iberia-por-los-70-anos-de-su-primer-vuelo-a-la-habana\/","og_locale":"en_US","og_type":"article","og_title":"Cuba felicita a Iberia por los 70 a\u00f1os de su primer vuelo a La Habana - Super News","og_description":"[ad_1] Iberia ha organizado varios eventos con motivo del 500\u00ba aniversario de La Habana, as\u00ed como del primer vuelo de la compa\u00f1\u00eda a la capital cubana. El presidente de Cuba y los Ministros de Turismo de Cuba y Espa\u00f1a se encontraron ayer con Iberia en el contexto de FitCuba, la feria internacional del turismo que [&hellip;]","og_url":"https:\/\/super-news.info\/es\/cuba-felicita-a-iberia-por-los-70-anos-de-su-primer-vuelo-a-la-habana\/","og_site_name":"Super News","article_published_time":"2019-05-08T13:23:09+00:00","article_modified_time":"2019-05-08T13:23:10+00:00","og_image":[{"width":626,"height":364,"url":"https:\/\/super-news.info\/es\/wp-content\/uploads\/sites\/4\/2019\/05\/Cuba-felicita-a-Iberia-por-los-70-a\u00f1os-de-su.jpg","type":"image\/jpeg"}],"author":"super-news","twitter_card":"summary_large_image","twitter_misc":{"Written by":"super-news","Est. reading time":"2 minutes"},"schema":{"@context":"https:\/\/schema.org","@graph":[{"@type":"Article","@id":"https:\/\/super-news.info\/es\/cuba-felicita-a-iberia-por-los-70-anos-de-su-primer-vuelo-a-la-habana\/#article","isPartOf":{"@id":"https:\/\/super-news.info\/es\/cuba-felicita-a-iberia-por-los-70-anos-de-su-primer-vuelo-a-la-habana\/"},"author":{"name":"super-news","@id":"https:\/\/super-news.info\/es\/#\/schema\/person\/2d4068cb2f39cd10008c2fce578a7356"},"headline":"Cuba felicita a Iberia por los 70 a\u00f1os de su primer vuelo a La Habana","datePublished":"2019-05-08T13:23:09+00:00","dateModified":"2019-05-08T13:23:10+00:00","mainEntityOfPage":{"@id":"https:\/\/super-news.info\/es\/cuba-felicita-a-iberia-por-los-70-anos-de-su-primer-vuelo-a-la-habana\/"},"wordCount":335,"commentCount":0,"image":{"@id":"https:\/\/super-news.info\/es\/cuba-felicita-a-iberia-por-los-70-anos-de-su-primer-vuelo-a-la-habana\/#primaryimage"},"thumbnailUrl":"https:\/\/super-news.info\/es\/wp-content\/uploads\/sites\/4\/2019\/05\/Cuba-felicita-a-Iberia-por-los-70-a\u00f1os-de-su.jpg","articleSection":["NOTICIAS DE MARKETING DIGITAL"],"inLanguage":"en-US","potentialAction":[{"@type":"CommentAction","name":"Comment","target":["https:\/\/super-news.info\/es\/cuba-felicita-a-iberia-por-los-70-anos-de-su-primer-vuelo-a-la-habana\/#respond"]}]},{"@type":"WebPage","@id":"https:\/\/super-news.info\/es\/cuba-felicita-a-iberia-por-los-70-anos-de-su-primer-vuelo-a-la-habana\/","url":"https:\/\/super-news.info\/es\/cuba-felicita-a-iberia-por-los-70-anos-de-su-primer-vuelo-a-la-habana\/","name":"Cuba felicita a Iberia por los 70 a\u00f1os de su primer vuelo a La Habana - Super News","isPartOf":{"@id":"https:\/\/super-news.info\/es\/#website"},"primaryImageOfPage":{"@id":"https:\/\/super-news.info\/es\/cuba-felicita-a-iberia-por-los-70-anos-de-su-primer-vuelo-a-la-habana\/#primaryimage"},"image":{"@id":"https:\/\/super-news.info\/es\/cuba-felicita-a-iberia-por-los-70-anos-de-su-primer-vuelo-a-la-habana\/#primaryimage"},"thumbnailUrl":"https:\/\/super-news.info\/es\/wp-content\/uploads\/sites\/4\/2019\/05\/Cuba-felicita-a-Iberia-por-los-70-a\u00f1os-de-su.jpg","datePublished":"2019-05-08T13:23:09+00:00","dateModified":"2019-05-08T13:23:10+00:00","author":{"@id":"https:\/\/super-news.info\/es\/#\/schema\/person\/2d4068cb2f39cd10008c2fce578a7356"},"breadcrumb":{"@id":"https:\/\/super-news.info\/es\/cuba-felicita-a-iberia-por-los-70-anos-de-su-primer-vuelo-a-la-habana\/#breadcrumb"},"inLanguage":"en-US","potentialAction":[{"@type":"ReadAction","target":["https:\/\/super-news.info\/es\/cuba-felicita-a-iberia-por-los-70-anos-de-su-primer-vuelo-a-la-habana\/"]}]},{"@type":"ImageObject","inLanguage":"en-US","@id":"https:\/\/super-news.info\/es\/cuba-felicita-a-iberia-por-los-70-anos-de-su-primer-vuelo-a-la-habana\/#primaryimage","url":"https:\/\/super-news.info\/es\/wp-content\/uploads\/sites\/4\/2019\/05\/Cuba-felicita-a-Iberia-por-los-70-a\u00f1os-de-su.jpg","contentUrl":"https:\/\/super-news.info\/es\/wp-content\/uploads\/sites\/4\/2019\/05\/Cuba-felicita-a-Iberia-por-los-70-a\u00f1os-de-su.jpg","width":626,"height":364,"caption":"Cuba felicita a Iberia por los 70 a\u00f1os de su primer vuelo a La Habana"},{"@type":"BreadcrumbList","@id":"https:\/\/super-news.info\/es\/cuba-felicita-a-iberia-por-los-70-anos-de-su-primer-vuelo-a-la-habana\/#breadcrumb","itemListElement":[{"@type":"ListItem","position":1,"name":"\u0413\u043b\u0430\u0432\u043d\u0430\u044f \u0441\u0442\u0440\u0430\u043d\u0438\u0446\u0430","item":"https:\/\/super-news.info\/es\/"},{"@type":"ListItem","position":2,"name":"Cuba felicita a Iberia por los 70 a\u00f1os de su primer vuelo a La Habana"}]},{"@type":"WebSite","@id":"https:\/\/super-news.info\/es\/#website","url":"https:\/\/super-news.info\/es\/","name":"Super News","description":"Super News Espa\u00f1a","potentialAction":[{"@type":"SearchAction","target":{"@type":"EntryPoint","urlTemplate":"https:\/\/super-news.info\/es\/?s={search_term_string}"},"query-input":{"@type":"PropertyValueSpecification","valueRequired":true,"valueName":"search_term_string"}}],"inLanguage":"en-US"},{"@type":"Person","@id":"https:\/\/super-news.info\/es\/#\/schema\/person\/2d4068cb2f39cd10008c2fce578a7356","name":"super-news","image":{"@type":"ImageObject","inLanguage":"en-US","@id":"https:\/\/secure.gravatar.com\/avatar\/64ebac40b93f26a154f8a9b5b6fdccfc46f442b26b3dd6756dbff3bf9dc76fd7?s=96&d=mm&r=g","url":"https:\/\/secure.gravatar.com\/avatar\/64ebac40b93f26a154f8a9b5b6fdccfc46f442b26b3dd6756dbff3bf9dc76fd7?s=96&d=mm&r=g","contentUrl":"https:\/\/secure.gravatar.com\/avatar\/64ebac40b93f26a154f8a9b5b6fdccfc46f442b26b3dd6756dbff3bf9dc76fd7?s=96&d=mm&r=g","caption":"super-news"},"url":"https:\/\/super-news.info\/es\/author\/pt\/"}]}},"_links":{"self":[{"href":"https:\/\/super-news.info\/es\/wp-json\/wp\/v2\/posts\/1270","targetHints":{"allow":["GET"]}}],"collection":[{"href":"https:\/\/super-news.info\/es\/wp-json\/wp\/v2\/posts"}],"about":[{"href":"https:\/\/super-news.info\/es\/wp-json\/wp\/v2\/types\/post"}],"author":[{"embeddable":true,"href":"https:\/\/super-news.info\/es\/wp-json\/wp\/v2\/users\/2"}],"replies":[{"embeddable":true,"href":"https:\/\/super-news.info\/es\/wp-json\/wp\/v2\/comments?post=1270"}],"version-history":[{"count":1,"href":"https:\/\/super-news.info\/es\/wp-json\/wp\/v2\/posts\/1270\/revisions"}],"predecessor-version":[{"id":1272,"href":"https:\/\/super-news.info\/es\/wp-json\/wp\/v2\/posts\/1270\/revisions\/1272"}],"wp:featuredmedia":[{"embeddable":true,"href":"https:\/\/super-news.info\/es\/wp-json\/wp\/v2\/media\/1271"}],"wp:attachment":[{"href":"https:\/\/super-news.info\/es\/wp-json\/wp\/v2\/media?parent=1270"}],"wp:term":[{"taxonomy":"category","embeddable":true,"href":"https:\/\/super-news.info\/es\/wp-json\/wp\/v2\/categories?post=1270"},{"taxonomy":"post_tag","embeddable":true,"href":"https:\/\/super-news.info\/es\/wp-json\/wp\/v2\/tags?post=1270"}],"curies":[{"name":"wp","href":"https:\/\/api.w.org\/{rel}","templated":true}]}}