{"id":11596,"date":"2019-09-20T21:14:51","date_gmt":"2019-09-20T18:14:51","guid":{"rendered":"https:\/\/super-news.info\/es\/john-taylor-celebra-su-5o-aniversario-en-espana\/"},"modified":"2019-09-20T21:14:52","modified_gmt":"2019-09-20T18:14:52","slug":"john-taylor-celebra-su-5o-aniversario-en-espana","status":"publish","type":"post","link":"https:\/\/super-news.info\/es\/john-taylor-celebra-su-5o-aniversario-en-espana\/","title":{"rendered":"John Taylor celebra su 5\u00ba aniversario en Espa\u00f1a"},"content":{"rendered":"<p>\t\t\t\t\t\t\t\t\t\tLa compa\u00f1\u00eda desembarc\u00f3 en Espa\u00f1a hace 155 a\u00f1os, en 2014, de la mano de Iv\u00e1n Barrondo, actual director general de John Taylor Espa\u00f1a<\/p>\n<p>La compa\u00f1\u00eda, emblema de exclusividad en el sector inmobiliario internacional desde hace 155 a\u00f1os, desembarc\u00f3 en Espa\u00f1a en 2014 de la\u00a0 mano de Iv\u00e1n Barrondo, actual director general de John Taylor Espa\u00f1a. Sus servicios boutique les ha permitido aumentar su cartera de propiedades de los 63.000.000\u20ac en su primer ejercicio, a los 1.785.000.000\u20ac en 2019. Una cifra que evidencia la espectacular evoluci\u00f3n de la marca durante este lustro, sumando m\u00e1s oficinas, m\u00e1s equipo y m\u00e1s servicios para atender a los clientes m\u00e1s exigentes del mercado inmobiliario de alto standing.<br \/>\n5 a\u00f1os de \u00e9xito en uno de los mercados inmobiliarios m\u00e1s din\u00e1micos y atractivos del momento, Espa\u00f1a. Cuando Iv\u00e1n Barrondo tom\u00f3 la decisi\u00f3n de implantar la marca John Taylor aqu\u00ed, tuvo claro que deseaba crear una agencia boutique dirigida a los compradores m\u00e1s exigentes. Un lustro despu\u00e9s, la gran evoluci\u00f3n de la compa\u00f1\u00edademuestra su fortaleza y sus grandes perspectivas de futuro.<br \/>\nLos datos entre 2014, fecha en la que John Taylor desembarca en Espa\u00f1a, con una historia de m\u00e1s 150 a\u00f1os a sus espaldas a nivel internacional con origen en Cannes, y 2019 evidencian el imparable desarrollo de la empresa. Si su portfolio de propiedades en gesti\u00f3n se ha multiplicado casi por 30 durante este periodo, hasta alcanzar la cifra 1.785.000.000\u20ac en 2019 (676 viviendas disponibles), el resto de datos tan s\u00f3lo confirman un posicionamiento firme y seguro. A la oficina original de Madrid en la milla de oro del Barrio de Salamanca (Lagasca 65) se ha sumado una segunda en el distrito de Chamart\u00edn (Av. Alberto Alcocer 11) y 2 nuevas sedes en Mallorca, a las que pronto se sumar\u00e1n nuevas delegaciones (Ibiza y Barcelona entre otras) seg\u00fan el plan de expansi\u00f3n para John Taylor Espa\u00f1a en los pr\u00f3ximos meses. Un crecimiento geogr\u00e1fico que ha hecho aumentar su plantilla de los 5 trabajadores iniciales a los 35 actuales.<\/p>\n<p>Tambi\u00e9n, en t\u00e9rminos de operaciones cerradas, el crecimiento es constante y exponencial pasando de dos operaciones cerradas en 2014 hasta las 70 en 2019. Este crecimiento ha tenido tambi\u00e9n un claro reflejo en su posicionamiento dentro del sector inmobiliario de lujo, pasando de gestionar viviendas con un precio medio de 1.657.894,74\u20ac a propiedades de precio medio de 2.640.532,54\u20ac en el presente.<br \/>\nEsta expansi\u00f3n nacional se suma a la internacional impulsada por la propia compa\u00f1\u00eda (recientemente adquirida por la casa de subastas francesas Artcurial, con la apertura de sus \u00faltimas oficinas en Cartagena de Indias (Colombia), Praga (Rep\u00fablica Checa), Mil\u00e1n (Italia),y la India, y con la visi\u00f3n puesta en nuevos mercados Roma, Munich, Viena, Bruselas o Luxemburgo.<br \/>\nPero si John Taylor en Espa\u00f1a ha crecido en volumen, tambi\u00e9n ha aumentado sus servicios. A los propios y naturales de las agencias inmobiliarias de alto standing se han implementado nuevos servicios que buscan alcanzar la excelencia y singularidad dentro del sector, como John Taylor Capital Market o John Taylor Yachting.<br \/>\nParece un periodo de tiempo breve para tantos logros, crecimiento y desarrollo. Pero todo responde a las inquietudes de una empresa, John Taylor; y de un director general, Iv\u00e1n Barrondo, con una visi\u00f3n nueva para el lujo en el mercado inmobiliario.<br \/>\nNota de prensa.<\/p>\n<p>\t\t\t\t\t\t\t\t\t\t\tNo te pierdas nada de MarketingDirecto.com y \u00fanete a nuestro Telegram t.me\/MarketingDirecto<\/p>\n<p>\n<!--noindex--><br \/>\n<a href=\"https:\/\/www.marketingdirecto.com\/marketing-general\/tendencias\/john-taylor-celebra-su-5o-aniversario-en-espana\" rel=\"nofollow\">Source link <\/a><br \/>\n<!--\/noindex--><\/p>\n","protected":false},"excerpt":{"rendered":"<p>La compa\u00f1\u00eda desembarc\u00f3 en Espa\u00f1a hace 155 a\u00f1os, en 2014, de la mano de Iv\u00e1n Barrondo, actual director general de John Taylor Espa\u00f1a La compa\u00f1\u00eda, emblema de exclusividad en el sector inmobiliario internacional desde hace 155 a\u00f1os, desembarc\u00f3 en Espa\u00f1a en 2014 de la\u00a0 mano de Iv\u00e1n Barrondo, actual director general de John Taylor Espa\u00f1a. [&hellip;]<\/p>\n","protected":false},"author":2,"featured_media":11597,"comment_status":"open","ping_status":"open","sticky":false,"template":"","format":"standard","meta":{"footnotes":""},"categories":[2],"tags":[],"class_list":["post-11596","post","type-post","status-publish","format-standard","has-post-thumbnail","hentry","category-noticias-de-marketing-digital"],"yoast_head":"<!-- This site is optimized with the Yoast SEO plugin v27.4 - https:\/\/yoast.com\/product\/yoast-seo-wordpress\/ -->\n<title>John Taylor celebra su 5\u00ba aniversario en Espa\u00f1a - Super News<\/title>\n<meta name=\"robots\" content=\"index, follow, max-snippet:-1, max-image-preview:large, max-video-preview:-1\" \/>\n<link rel=\"canonical\" href=\"https:\/\/super-news.info\/es\/john-taylor-celebra-su-5o-aniversario-en-espana\/\" \/>\n<meta property=\"og:locale\" content=\"en_US\" \/>\n<meta property=\"og:type\" content=\"article\" \/>\n<meta property=\"og:title\" content=\"John Taylor celebra su 5\u00ba aniversario en Espa\u00f1a - Super News\" \/>\n<meta property=\"og:description\" content=\"La compa\u00f1\u00eda desembarc\u00f3 en Espa\u00f1a hace 155 a\u00f1os, en 2014, de la mano de Iv\u00e1n Barrondo, actual director general de John Taylor Espa\u00f1a La compa\u00f1\u00eda, emblema de exclusividad en el sector inmobiliario internacional desde hace 155 a\u00f1os, desembarc\u00f3 en Espa\u00f1a en 2014 de la\u00a0 mano de Iv\u00e1n Barrondo, actual director general de John Taylor Espa\u00f1a. [&hellip;]\" \/>\n<meta property=\"og:url\" content=\"https:\/\/super-news.info\/es\/john-taylor-celebra-su-5o-aniversario-en-espana\/\" \/>\n<meta property=\"og:site_name\" content=\"Super News\" \/>\n<meta property=\"article:published_time\" content=\"2019-09-20T18:14:51+00:00\" \/>\n<meta property=\"article:modified_time\" content=\"2019-09-20T18:14:52+00:00\" \/>\n<meta property=\"og:image\" content=\"https:\/\/super-news.info\/es\/wp-content\/uploads\/sites\/4\/2019\/09\/John-Taylor-celebra-su-5-aniversario-en-Espa-a.jpg\" \/>\n\t<meta property=\"og:image:width\" content=\"626\" \/>\n\t<meta property=\"og:image:height\" content=\"364\" \/>\n\t<meta property=\"og:image:type\" content=\"image\/jpeg\" \/>\n<meta name=\"author\" content=\"super-news\" \/>\n<meta name=\"twitter:card\" content=\"summary_large_image\" \/>\n<meta name=\"twitter:label1\" content=\"Written by\" \/>\n\t<meta name=\"twitter:data1\" content=\"super-news\" \/>\n\t<meta name=\"twitter:label2\" content=\"Est. reading time\" \/>\n\t<meta name=\"twitter:data2\" content=\"3 minutes\" \/>\n<script type=\"application\/ld+json\" class=\"yoast-schema-graph\">{\"@context\":\"https:\\\/\\\/schema.org\",\"@graph\":[{\"@type\":\"Article\",\"@id\":\"https:\\\/\\\/super-news.info\\\/es\\\/john-taylor-celebra-su-5o-aniversario-en-espana\\\/#article\",\"isPartOf\":{\"@id\":\"https:\\\/\\\/super-news.info\\\/es\\\/john-taylor-celebra-su-5o-aniversario-en-espana\\\/\"},\"author\":{\"name\":\"super-news\",\"@id\":\"https:\\\/\\\/super-news.info\\\/es\\\/#\\\/schema\\\/person\\\/2d4068cb2f39cd10008c2fce578a7356\"},\"headline\":\"John Taylor celebra su 5\u00ba aniversario en Espa\u00f1a\",\"datePublished\":\"2019-09-20T18:14:51+00:00\",\"dateModified\":\"2019-09-20T18:14:52+00:00\",\"mainEntityOfPage\":{\"@id\":\"https:\\\/\\\/super-news.info\\\/es\\\/john-taylor-celebra-su-5o-aniversario-en-espana\\\/\"},\"wordCount\":592,\"commentCount\":0,\"image\":{\"@id\":\"https:\\\/\\\/super-news.info\\\/es\\\/john-taylor-celebra-su-5o-aniversario-en-espana\\\/#primaryimage\"},\"thumbnailUrl\":\"https:\\\/\\\/super-news.info\\\/es\\\/wp-content\\\/uploads\\\/sites\\\/4\\\/2019\\\/09\\\/John-Taylor-celebra-su-5-aniversario-en-Espa-a.jpg\",\"articleSection\":[\"NOTICIAS DE MARKETING DIGITAL\"],\"inLanguage\":\"en-US\",\"potentialAction\":[{\"@type\":\"CommentAction\",\"name\":\"Comment\",\"target\":[\"https:\\\/\\\/super-news.info\\\/es\\\/john-taylor-celebra-su-5o-aniversario-en-espana\\\/#respond\"]}]},{\"@type\":\"WebPage\",\"@id\":\"https:\\\/\\\/super-news.info\\\/es\\\/john-taylor-celebra-su-5o-aniversario-en-espana\\\/\",\"url\":\"https:\\\/\\\/super-news.info\\\/es\\\/john-taylor-celebra-su-5o-aniversario-en-espana\\\/\",\"name\":\"John Taylor celebra su 5\u00ba aniversario en Espa\u00f1a - Super News\",\"isPartOf\":{\"@id\":\"https:\\\/\\\/super-news.info\\\/es\\\/#website\"},\"primaryImageOfPage\":{\"@id\":\"https:\\\/\\\/super-news.info\\\/es\\\/john-taylor-celebra-su-5o-aniversario-en-espana\\\/#primaryimage\"},\"image\":{\"@id\":\"https:\\\/\\\/super-news.info\\\/es\\\/john-taylor-celebra-su-5o-aniversario-en-espana\\\/#primaryimage\"},\"thumbnailUrl\":\"https:\\\/\\\/super-news.info\\\/es\\\/wp-content\\\/uploads\\\/sites\\\/4\\\/2019\\\/09\\\/John-Taylor-celebra-su-5-aniversario-en-Espa-a.jpg\",\"datePublished\":\"2019-09-20T18:14:51+00:00\",\"dateModified\":\"2019-09-20T18:14:52+00:00\",\"author\":{\"@id\":\"https:\\\/\\\/super-news.info\\\/es\\\/#\\\/schema\\\/person\\\/2d4068cb2f39cd10008c2fce578a7356\"},\"breadcrumb\":{\"@id\":\"https:\\\/\\\/super-news.info\\\/es\\\/john-taylor-celebra-su-5o-aniversario-en-espana\\\/#breadcrumb\"},\"inLanguage\":\"en-US\",\"potentialAction\":[{\"@type\":\"ReadAction\",\"target\":[\"https:\\\/\\\/super-news.info\\\/es\\\/john-taylor-celebra-su-5o-aniversario-en-espana\\\/\"]}]},{\"@type\":\"ImageObject\",\"inLanguage\":\"en-US\",\"@id\":\"https:\\\/\\\/super-news.info\\\/es\\\/john-taylor-celebra-su-5o-aniversario-en-espana\\\/#primaryimage\",\"url\":\"https:\\\/\\\/super-news.info\\\/es\\\/wp-content\\\/uploads\\\/sites\\\/4\\\/2019\\\/09\\\/John-Taylor-celebra-su-5-aniversario-en-Espa-a.jpg\",\"contentUrl\":\"https:\\\/\\\/super-news.info\\\/es\\\/wp-content\\\/uploads\\\/sites\\\/4\\\/2019\\\/09\\\/John-Taylor-celebra-su-5-aniversario-en-Espa-a.jpg\",\"width\":626,\"height\":364,\"caption\":\"personal john taylor\"},{\"@type\":\"BreadcrumbList\",\"@id\":\"https:\\\/\\\/super-news.info\\\/es\\\/john-taylor-celebra-su-5o-aniversario-en-espana\\\/#breadcrumb\",\"itemListElement\":[{\"@type\":\"ListItem\",\"position\":1,\"name\":\"\u0413\u043b\u0430\u0432\u043d\u0430\u044f \u0441\u0442\u0440\u0430\u043d\u0438\u0446\u0430\",\"item\":\"https:\\\/\\\/super-news.info\\\/es\\\/\"},{\"@type\":\"ListItem\",\"position\":2,\"name\":\"John Taylor celebra su 5\u00ba aniversario en Espa\u00f1a\"}]},{\"@type\":\"WebSite\",\"@id\":\"https:\\\/\\\/super-news.info\\\/es\\\/#website\",\"url\":\"https:\\\/\\\/super-news.info\\\/es\\\/\",\"name\":\"Super News\",\"description\":\"Super News Espa\u00f1a\",\"potentialAction\":[{\"@type\":\"SearchAction\",\"target\":{\"@type\":\"EntryPoint\",\"urlTemplate\":\"https:\\\/\\\/super-news.info\\\/es\\\/?s={search_term_string}\"},\"query-input\":{\"@type\":\"PropertyValueSpecification\",\"valueRequired\":true,\"valueName\":\"search_term_string\"}}],\"inLanguage\":\"en-US\"},{\"@type\":\"Person\",\"@id\":\"https:\\\/\\\/super-news.info\\\/es\\\/#\\\/schema\\\/person\\\/2d4068cb2f39cd10008c2fce578a7356\",\"name\":\"super-news\",\"image\":{\"@type\":\"ImageObject\",\"inLanguage\":\"en-US\",\"@id\":\"https:\\\/\\\/secure.gravatar.com\\\/avatar\\\/64ebac40b93f26a154f8a9b5b6fdccfc46f442b26b3dd6756dbff3bf9dc76fd7?s=96&d=mm&r=g\",\"url\":\"https:\\\/\\\/secure.gravatar.com\\\/avatar\\\/64ebac40b93f26a154f8a9b5b6fdccfc46f442b26b3dd6756dbff3bf9dc76fd7?s=96&d=mm&r=g\",\"contentUrl\":\"https:\\\/\\\/secure.gravatar.com\\\/avatar\\\/64ebac40b93f26a154f8a9b5b6fdccfc46f442b26b3dd6756dbff3bf9dc76fd7?s=96&d=mm&r=g\",\"caption\":\"super-news\"},\"url\":\"https:\\\/\\\/super-news.info\\\/es\\\/author\\\/pt\\\/\"}]}<\/script>\n<!-- \/ Yoast SEO plugin. -->","yoast_head_json":{"title":"John Taylor celebra su 5\u00ba aniversario en Espa\u00f1a - Super News","robots":{"index":"index","follow":"follow","max-snippet":"max-snippet:-1","max-image-preview":"max-image-preview:large","max-video-preview":"max-video-preview:-1"},"canonical":"https:\/\/super-news.info\/es\/john-taylor-celebra-su-5o-aniversario-en-espana\/","og_locale":"en_US","og_type":"article","og_title":"John Taylor celebra su 5\u00ba aniversario en Espa\u00f1a - Super News","og_description":"La compa\u00f1\u00eda desembarc\u00f3 en Espa\u00f1a hace 155 a\u00f1os, en 2014, de la mano de Iv\u00e1n Barrondo, actual director general de John Taylor Espa\u00f1a La compa\u00f1\u00eda, emblema de exclusividad en el sector inmobiliario internacional desde hace 155 a\u00f1os, desembarc\u00f3 en Espa\u00f1a en 2014 de la\u00a0 mano de Iv\u00e1n Barrondo, actual director general de John Taylor Espa\u00f1a. [&hellip;]","og_url":"https:\/\/super-news.info\/es\/john-taylor-celebra-su-5o-aniversario-en-espana\/","og_site_name":"Super News","article_published_time":"2019-09-20T18:14:51+00:00","article_modified_time":"2019-09-20T18:14:52+00:00","og_image":[{"width":626,"height":364,"url":"https:\/\/super-news.info\/es\/wp-content\/uploads\/sites\/4\/2019\/09\/John-Taylor-celebra-su-5-aniversario-en-Espa-a.jpg","type":"image\/jpeg"}],"author":"super-news","twitter_card":"summary_large_image","twitter_misc":{"Written by":"super-news","Est. reading time":"3 minutes"},"schema":{"@context":"https:\/\/schema.org","@graph":[{"@type":"Article","@id":"https:\/\/super-news.info\/es\/john-taylor-celebra-su-5o-aniversario-en-espana\/#article","isPartOf":{"@id":"https:\/\/super-news.info\/es\/john-taylor-celebra-su-5o-aniversario-en-espana\/"},"author":{"name":"super-news","@id":"https:\/\/super-news.info\/es\/#\/schema\/person\/2d4068cb2f39cd10008c2fce578a7356"},"headline":"John Taylor celebra su 5\u00ba aniversario en Espa\u00f1a","datePublished":"2019-09-20T18:14:51+00:00","dateModified":"2019-09-20T18:14:52+00:00","mainEntityOfPage":{"@id":"https:\/\/super-news.info\/es\/john-taylor-celebra-su-5o-aniversario-en-espana\/"},"wordCount":592,"commentCount":0,"image":{"@id":"https:\/\/super-news.info\/es\/john-taylor-celebra-su-5o-aniversario-en-espana\/#primaryimage"},"thumbnailUrl":"https:\/\/super-news.info\/es\/wp-content\/uploads\/sites\/4\/2019\/09\/John-Taylor-celebra-su-5-aniversario-en-Espa-a.jpg","articleSection":["NOTICIAS DE MARKETING DIGITAL"],"inLanguage":"en-US","potentialAction":[{"@type":"CommentAction","name":"Comment","target":["https:\/\/super-news.info\/es\/john-taylor-celebra-su-5o-aniversario-en-espana\/#respond"]}]},{"@type":"WebPage","@id":"https:\/\/super-news.info\/es\/john-taylor-celebra-su-5o-aniversario-en-espana\/","url":"https:\/\/super-news.info\/es\/john-taylor-celebra-su-5o-aniversario-en-espana\/","name":"John Taylor celebra su 5\u00ba aniversario en Espa\u00f1a - Super News","isPartOf":{"@id":"https:\/\/super-news.info\/es\/#website"},"primaryImageOfPage":{"@id":"https:\/\/super-news.info\/es\/john-taylor-celebra-su-5o-aniversario-en-espana\/#primaryimage"},"image":{"@id":"https:\/\/super-news.info\/es\/john-taylor-celebra-su-5o-aniversario-en-espana\/#primaryimage"},"thumbnailUrl":"https:\/\/super-news.info\/es\/wp-content\/uploads\/sites\/4\/2019\/09\/John-Taylor-celebra-su-5-aniversario-en-Espa-a.jpg","datePublished":"2019-09-20T18:14:51+00:00","dateModified":"2019-09-20T18:14:52+00:00","author":{"@id":"https:\/\/super-news.info\/es\/#\/schema\/person\/2d4068cb2f39cd10008c2fce578a7356"},"breadcrumb":{"@id":"https:\/\/super-news.info\/es\/john-taylor-celebra-su-5o-aniversario-en-espana\/#breadcrumb"},"inLanguage":"en-US","potentialAction":[{"@type":"ReadAction","target":["https:\/\/super-news.info\/es\/john-taylor-celebra-su-5o-aniversario-en-espana\/"]}]},{"@type":"ImageObject","inLanguage":"en-US","@id":"https:\/\/super-news.info\/es\/john-taylor-celebra-su-5o-aniversario-en-espana\/#primaryimage","url":"https:\/\/super-news.info\/es\/wp-content\/uploads\/sites\/4\/2019\/09\/John-Taylor-celebra-su-5-aniversario-en-Espa-a.jpg","contentUrl":"https:\/\/super-news.info\/es\/wp-content\/uploads\/sites\/4\/2019\/09\/John-Taylor-celebra-su-5-aniversario-en-Espa-a.jpg","width":626,"height":364,"caption":"personal john taylor"},{"@type":"BreadcrumbList","@id":"https:\/\/super-news.info\/es\/john-taylor-celebra-su-5o-aniversario-en-espana\/#breadcrumb","itemListElement":[{"@type":"ListItem","position":1,"name":"\u0413\u043b\u0430\u0432\u043d\u0430\u044f \u0441\u0442\u0440\u0430\u043d\u0438\u0446\u0430","item":"https:\/\/super-news.info\/es\/"},{"@type":"ListItem","position":2,"name":"John Taylor celebra su 5\u00ba aniversario en Espa\u00f1a"}]},{"@type":"WebSite","@id":"https:\/\/super-news.info\/es\/#website","url":"https:\/\/super-news.info\/es\/","name":"Super News","description":"Super News Espa\u00f1a","potentialAction":[{"@type":"SearchAction","target":{"@type":"EntryPoint","urlTemplate":"https:\/\/super-news.info\/es\/?s={search_term_string}"},"query-input":{"@type":"PropertyValueSpecification","valueRequired":true,"valueName":"search_term_string"}}],"inLanguage":"en-US"},{"@type":"Person","@id":"https:\/\/super-news.info\/es\/#\/schema\/person\/2d4068cb2f39cd10008c2fce578a7356","name":"super-news","image":{"@type":"ImageObject","inLanguage":"en-US","@id":"https:\/\/secure.gravatar.com\/avatar\/64ebac40b93f26a154f8a9b5b6fdccfc46f442b26b3dd6756dbff3bf9dc76fd7?s=96&d=mm&r=g","url":"https:\/\/secure.gravatar.com\/avatar\/64ebac40b93f26a154f8a9b5b6fdccfc46f442b26b3dd6756dbff3bf9dc76fd7?s=96&d=mm&r=g","contentUrl":"https:\/\/secure.gravatar.com\/avatar\/64ebac40b93f26a154f8a9b5b6fdccfc46f442b26b3dd6756dbff3bf9dc76fd7?s=96&d=mm&r=g","caption":"super-news"},"url":"https:\/\/super-news.info\/es\/author\/pt\/"}]}},"_links":{"self":[{"href":"https:\/\/super-news.info\/es\/wp-json\/wp\/v2\/posts\/11596","targetHints":{"allow":["GET"]}}],"collection":[{"href":"https:\/\/super-news.info\/es\/wp-json\/wp\/v2\/posts"}],"about":[{"href":"https:\/\/super-news.info\/es\/wp-json\/wp\/v2\/types\/post"}],"author":[{"embeddable":true,"href":"https:\/\/super-news.info\/es\/wp-json\/wp\/v2\/users\/2"}],"replies":[{"embeddable":true,"href":"https:\/\/super-news.info\/es\/wp-json\/wp\/v2\/comments?post=11596"}],"version-history":[{"count":1,"href":"https:\/\/super-news.info\/es\/wp-json\/wp\/v2\/posts\/11596\/revisions"}],"predecessor-version":[{"id":11598,"href":"https:\/\/super-news.info\/es\/wp-json\/wp\/v2\/posts\/11596\/revisions\/11598"}],"wp:featuredmedia":[{"embeddable":true,"href":"https:\/\/super-news.info\/es\/wp-json\/wp\/v2\/media\/11597"}],"wp:attachment":[{"href":"https:\/\/super-news.info\/es\/wp-json\/wp\/v2\/media?parent=11596"}],"wp:term":[{"taxonomy":"category","embeddable":true,"href":"https:\/\/super-news.info\/es\/wp-json\/wp\/v2\/categories?post=11596"},{"taxonomy":"post_tag","embeddable":true,"href":"https:\/\/super-news.info\/es\/wp-json\/wp\/v2\/tags?post=11596"}],"curies":[{"name":"wp","href":"https:\/\/api.w.org\/{rel}","templated":true}]}}