{"id":11569,"date":"2019-09-20T15:13:31","date_gmt":"2019-09-20T12:13:31","guid":{"rendered":"https:\/\/super-news.info\/es\/la-politica-un-berenjenal-en-el-que-las-marcas-deben-meterse-solo-a-veces\/"},"modified":"2019-09-20T15:13:32","modified_gmt":"2019-09-20T12:13:32","slug":"la-politica-un-berenjenal-en-el-que-las-marcas-deben-meterse-solo-a-veces","status":"publish","type":"post","link":"https:\/\/super-news.info\/es\/la-politica-un-berenjenal-en-el-que-las-marcas-deben-meterse-solo-a-veces\/","title":{"rendered":"La pol\u00edtica, un berenjenal en el que las marcas deben meterse s\u00f3lo a veces"},"content":{"rendered":"<p>\t\t\t\t\t\t\t\t\t\tSeg\u00fan un reciente estudio llevado a cabo en EE.UU. por Morning Consult, el consumidor est\u00e1 m\u00e1s predispuesto al boicot que a la compra cuando una marca se posiciona pol\u00edticamente.<br \/>\n\t\t\t\t\t\t\t\t\t\t\t\t\t\t\t\t\t\t\t\tLa pol\u00edtica es un arma de doble filo para las marcas, que pueden revitalizarse pero tambi\u00e9n desangrarse cuando hincan el diente a temas de naturaleza pol\u00edtica (y abonados no pocas veces a la controversia).<br \/>\nSeg\u00fan un reciente estudio llevado a cabo en Estados Unidos la consultora Morning Consult, el 53% de los consumidores siente que las marcas han incrementado su nivel de compromiso pol\u00edtico en los \u00faltimos a\u00f1os y se han aproximado, por ende, al ciudadano medio. Hace un a\u00f1o el porcentaje de consumidores que dec\u00edan observar una creciente politizaci\u00f3n en las marcas era sensiblemente superior, de un 64%.<br \/>\nQue las marcas se adentren en la arena de la pol\u00edtica puede traducirse en acciones de boicot pero tambi\u00e9n en un incremento en las ventas. Aun as\u00ed, parece que a d\u00eda de hoy el consumidor est\u00e1 bastante m\u00e1s presto a boicotear que a comprar productos y servicios de las marcas que se posicionan pol\u00edticamente.<br \/>\nEl 29% de los consumidores boicotear\u00eda a una marca si hiciera gala de un posicionamiento pol\u00edtico que no comparte personalmente. En cambio, s\u00f3lo el 15% comprar\u00eda productos y servicios de aquellas marcas que se arriesgan a posicionarse sobre temas pol\u00edticos.<br \/>\nPreguntado sobre la idoneidad de que las marcas se valgan de su influencia para dejar notar su impacto en temas pol\u00edticos y culturales, el consumidor da respuestas que var\u00edan notablemente en funci\u00f3n de su grupo de edad.<br \/>\nLos centennials y los millennials, quienes con mejores ojos ven el compromiso pol\u00edtico de las marcas<br \/>\nEl 31% de los centennials y el 27% de los millennials creen las empresas deber\u00edan efectivamente hacer valer su influencia en temas pol\u00edticos y culturales. Por el contrario, s\u00f3lo el 16% de los miembros de la Generaci\u00f3n X y el 13% de los &#8220;baby boomers&#8221; sostienen id\u00e9ntico parecer.<br \/>\nDe acuerdo con el informe de Morning Consult, en t\u00e9rminos de seguridad es mucho m\u00e1s recomendable que las marcas eviten en lo posible posicionarse pol\u00edticamente, en un entorno tan politizado como el actual la neutralidad no siempre es posible (y a veces el silencio puede ser m\u00e1s da\u00f1ino que la movilizaci\u00f3n).<br \/>\nEl 47% de los consumidores dice haber emprendido acciones como respuesta al posicionamiento pol\u00edtico de una marca y en este sentido ha solicitado a sus amigos y familiares que dejen de comprar sus productos, han publicado mensajes en las redes sociales, han firmado peticiones online o han protestado en persona contra aquello con lo que no est\u00e1n de acuerdo. El 53% de los consumidores ha preferido, por su parte, no emprender ning\u00fan tipo de acci\u00f3n.<br \/>\nA ojos del consumidor hay temas que gozan de m\u00e1s popularidad que otros cuando las marcas deciden romper una lanza por ellos. Los temas de naturaleza pol\u00edtica m\u00e1s populares y menos prestos a incomodar al consumidor cuando las marcas los hacen suyos son el ej\u00e9rcito (60%), la reforma del sistema de justicia criminal (49%) y los derechos de las minor\u00edas raciales (46%).<br \/>\nEn el vag\u00f3n de cola de la popularidad est\u00e1n tres temas: las pol\u00edticas m\u00e1s estrictas para prevenir el aborto (-4%), el derecho a arrodillarse mientras suena el himno nacional (-4%) y las campa\u00f1as de los legisladores republicanos (-7%).<br \/>\nM\u00e1s all\u00e1 de estos tres temas, las marcas har\u00edan bien en eludir en sus mensajes a Donald Trump, que seg\u00fan el estudio de Morning Consult, aporta m\u00e1s desventajas que beneficios a quienes deciden convertir al presidente de Estados Unidos en el protagonista de sus campa\u00f1as.<\/p>\n<p>\t\t\t\t\t\t\t\t\t\t\tNo te pierdas nada de MarketingDirecto.com y \u00fanete a nuestro Telegram t.me\/MarketingDirecto<\/p>\n<p>\n<!--noindex--><br \/>\n<a href=\"https:\/\/www.marketingdirecto.com\/anunciantes-general\/anunciantes\/politica-berenjenal-marcas-deben-meterse-solo-veces\" rel=\"nofollow\">Source link <\/a><br \/>\n<!--\/noindex--><\/p>\n","protected":false},"excerpt":{"rendered":"<p>Seg\u00fan un reciente estudio llevado a cabo en EE.UU. por Morning Consult, el consumidor est\u00e1 m\u00e1s predispuesto al boicot que a la compra cuando una marca se posiciona pol\u00edticamente. La pol\u00edtica es un arma de doble filo para las marcas, que pueden revitalizarse pero tambi\u00e9n desangrarse cuando hincan el diente a temas de naturaleza pol\u00edtica [&hellip;]<\/p>\n","protected":false},"author":2,"featured_media":11570,"comment_status":"open","ping_status":"open","sticky":false,"template":"","format":"standard","meta":{"footnotes":""},"categories":[2],"tags":[],"class_list":["post-11569","post","type-post","status-publish","format-standard","has-post-thumbnail","hentry","category-noticias-de-marketing-digital"],"yoast_head":"<!-- This site is optimized with the Yoast SEO plugin v27.4 - https:\/\/yoast.com\/product\/yoast-seo-wordpress\/ -->\n<title>La pol\u00edtica, un berenjenal en el que las marcas deben meterse s\u00f3lo a veces - Super News<\/title>\n<meta name=\"robots\" content=\"index, follow, max-snippet:-1, max-image-preview:large, max-video-preview:-1\" \/>\n<link rel=\"canonical\" href=\"https:\/\/super-news.info\/es\/la-politica-un-berenjenal-en-el-que-las-marcas-deben-meterse-solo-a-veces\/\" \/>\n<meta property=\"og:locale\" content=\"en_US\" \/>\n<meta property=\"og:type\" content=\"article\" \/>\n<meta property=\"og:title\" content=\"La pol\u00edtica, un berenjenal en el que las marcas deben meterse s\u00f3lo a veces - Super News\" \/>\n<meta property=\"og:description\" content=\"Seg\u00fan un reciente estudio llevado a cabo en EE.UU. por Morning Consult, el consumidor est\u00e1 m\u00e1s predispuesto al boicot que a la compra cuando una marca se posiciona pol\u00edticamente. La pol\u00edtica es un arma de doble filo para las marcas, que pueden revitalizarse pero tambi\u00e9n desangrarse cuando hincan el diente a temas de naturaleza pol\u00edtica [&hellip;]\" \/>\n<meta property=\"og:url\" content=\"https:\/\/super-news.info\/es\/la-politica-un-berenjenal-en-el-que-las-marcas-deben-meterse-solo-a-veces\/\" \/>\n<meta property=\"og:site_name\" content=\"Super News\" \/>\n<meta property=\"article:published_time\" content=\"2019-09-20T12:13:31+00:00\" \/>\n<meta property=\"article:modified_time\" content=\"2019-09-20T12:13:32+00:00\" \/>\n<meta property=\"og:image\" content=\"https:\/\/super-news.info\/es\/wp-content\/uploads\/sites\/4\/2019\/09\/La-pol-tica-un-berenjenal-en-el-que-las-marcas-deben.jpg\" \/>\n\t<meta property=\"og:image:width\" content=\"626\" \/>\n\t<meta property=\"og:image:height\" content=\"364\" \/>\n\t<meta property=\"og:image:type\" content=\"image\/jpeg\" \/>\n<meta name=\"author\" content=\"super-news\" \/>\n<meta name=\"twitter:card\" content=\"summary_large_image\" \/>\n<meta name=\"twitter:label1\" content=\"Written by\" \/>\n\t<meta name=\"twitter:data1\" content=\"super-news\" \/>\n\t<meta name=\"twitter:label2\" content=\"Est. reading time\" \/>\n\t<meta name=\"twitter:data2\" content=\"3 minutes\" \/>\n<script type=\"application\/ld+json\" class=\"yoast-schema-graph\">{\"@context\":\"https:\\\/\\\/schema.org\",\"@graph\":[{\"@type\":\"Article\",\"@id\":\"https:\\\/\\\/super-news.info\\\/es\\\/la-politica-un-berenjenal-en-el-que-las-marcas-deben-meterse-solo-a-veces\\\/#article\",\"isPartOf\":{\"@id\":\"https:\\\/\\\/super-news.info\\\/es\\\/la-politica-un-berenjenal-en-el-que-las-marcas-deben-meterse-solo-a-veces\\\/\"},\"author\":{\"name\":\"super-news\",\"@id\":\"https:\\\/\\\/super-news.info\\\/es\\\/#\\\/schema\\\/person\\\/2d4068cb2f39cd10008c2fce578a7356\"},\"headline\":\"La pol\u00edtica, un berenjenal en el que las marcas deben meterse s\u00f3lo a veces\",\"datePublished\":\"2019-09-20T12:13:31+00:00\",\"dateModified\":\"2019-09-20T12:13:32+00:00\",\"mainEntityOfPage\":{\"@id\":\"https:\\\/\\\/super-news.info\\\/es\\\/la-politica-un-berenjenal-en-el-que-las-marcas-deben-meterse-solo-a-veces\\\/\"},\"wordCount\":671,\"commentCount\":0,\"image\":{\"@id\":\"https:\\\/\\\/super-news.info\\\/es\\\/la-politica-un-berenjenal-en-el-que-las-marcas-deben-meterse-solo-a-veces\\\/#primaryimage\"},\"thumbnailUrl\":\"https:\\\/\\\/super-news.info\\\/es\\\/wp-content\\\/uploads\\\/sites\\\/4\\\/2019\\\/09\\\/La-pol-tica-un-berenjenal-en-el-que-las-marcas-deben.jpg\",\"articleSection\":[\"NOTICIAS DE MARKETING DIGITAL\"],\"inLanguage\":\"en-US\",\"potentialAction\":[{\"@type\":\"CommentAction\",\"name\":\"Comment\",\"target\":[\"https:\\\/\\\/super-news.info\\\/es\\\/la-politica-un-berenjenal-en-el-que-las-marcas-deben-meterse-solo-a-veces\\\/#respond\"]}]},{\"@type\":\"WebPage\",\"@id\":\"https:\\\/\\\/super-news.info\\\/es\\\/la-politica-un-berenjenal-en-el-que-las-marcas-deben-meterse-solo-a-veces\\\/\",\"url\":\"https:\\\/\\\/super-news.info\\\/es\\\/la-politica-un-berenjenal-en-el-que-las-marcas-deben-meterse-solo-a-veces\\\/\",\"name\":\"La pol\u00edtica, un berenjenal en el que las marcas deben meterse s\u00f3lo a veces - Super News\",\"isPartOf\":{\"@id\":\"https:\\\/\\\/super-news.info\\\/es\\\/#website\"},\"primaryImageOfPage\":{\"@id\":\"https:\\\/\\\/super-news.info\\\/es\\\/la-politica-un-berenjenal-en-el-que-las-marcas-deben-meterse-solo-a-veces\\\/#primaryimage\"},\"image\":{\"@id\":\"https:\\\/\\\/super-news.info\\\/es\\\/la-politica-un-berenjenal-en-el-que-las-marcas-deben-meterse-solo-a-veces\\\/#primaryimage\"},\"thumbnailUrl\":\"https:\\\/\\\/super-news.info\\\/es\\\/wp-content\\\/uploads\\\/sites\\\/4\\\/2019\\\/09\\\/La-pol-tica-un-berenjenal-en-el-que-las-marcas-deben.jpg\",\"datePublished\":\"2019-09-20T12:13:31+00:00\",\"dateModified\":\"2019-09-20T12:13:32+00:00\",\"author\":{\"@id\":\"https:\\\/\\\/super-news.info\\\/es\\\/#\\\/schema\\\/person\\\/2d4068cb2f39cd10008c2fce578a7356\"},\"breadcrumb\":{\"@id\":\"https:\\\/\\\/super-news.info\\\/es\\\/la-politica-un-berenjenal-en-el-que-las-marcas-deben-meterse-solo-a-veces\\\/#breadcrumb\"},\"inLanguage\":\"en-US\",\"potentialAction\":[{\"@type\":\"ReadAction\",\"target\":[\"https:\\\/\\\/super-news.info\\\/es\\\/la-politica-un-berenjenal-en-el-que-las-marcas-deben-meterse-solo-a-veces\\\/\"]}]},{\"@type\":\"ImageObject\",\"inLanguage\":\"en-US\",\"@id\":\"https:\\\/\\\/super-news.info\\\/es\\\/la-politica-un-berenjenal-en-el-que-las-marcas-deben-meterse-solo-a-veces\\\/#primaryimage\",\"url\":\"https:\\\/\\\/super-news.info\\\/es\\\/wp-content\\\/uploads\\\/sites\\\/4\\\/2019\\\/09\\\/La-pol-tica-un-berenjenal-en-el-que-las-marcas-deben.jpg\",\"contentUrl\":\"https:\\\/\\\/super-news.info\\\/es\\\/wp-content\\\/uploads\\\/sites\\\/4\\\/2019\\\/09\\\/La-pol-tica-un-berenjenal-en-el-que-las-marcas-deben.jpg\",\"width\":626,\"height\":364,\"caption\":\"pol\u00edtica\"},{\"@type\":\"BreadcrumbList\",\"@id\":\"https:\\\/\\\/super-news.info\\\/es\\\/la-politica-un-berenjenal-en-el-que-las-marcas-deben-meterse-solo-a-veces\\\/#breadcrumb\",\"itemListElement\":[{\"@type\":\"ListItem\",\"position\":1,\"name\":\"\u0413\u043b\u0430\u0432\u043d\u0430\u044f \u0441\u0442\u0440\u0430\u043d\u0438\u0446\u0430\",\"item\":\"https:\\\/\\\/super-news.info\\\/es\\\/\"},{\"@type\":\"ListItem\",\"position\":2,\"name\":\"La pol\u00edtica, un berenjenal en el que las marcas deben meterse s\u00f3lo a veces\"}]},{\"@type\":\"WebSite\",\"@id\":\"https:\\\/\\\/super-news.info\\\/es\\\/#website\",\"url\":\"https:\\\/\\\/super-news.info\\\/es\\\/\",\"name\":\"Super News\",\"description\":\"Super News Espa\u00f1a\",\"potentialAction\":[{\"@type\":\"SearchAction\",\"target\":{\"@type\":\"EntryPoint\",\"urlTemplate\":\"https:\\\/\\\/super-news.info\\\/es\\\/?s={search_term_string}\"},\"query-input\":{\"@type\":\"PropertyValueSpecification\",\"valueRequired\":true,\"valueName\":\"search_term_string\"}}],\"inLanguage\":\"en-US\"},{\"@type\":\"Person\",\"@id\":\"https:\\\/\\\/super-news.info\\\/es\\\/#\\\/schema\\\/person\\\/2d4068cb2f39cd10008c2fce578a7356\",\"name\":\"super-news\",\"image\":{\"@type\":\"ImageObject\",\"inLanguage\":\"en-US\",\"@id\":\"https:\\\/\\\/secure.gravatar.com\\\/avatar\\\/64ebac40b93f26a154f8a9b5b6fdccfc46f442b26b3dd6756dbff3bf9dc76fd7?s=96&d=mm&r=g\",\"url\":\"https:\\\/\\\/secure.gravatar.com\\\/avatar\\\/64ebac40b93f26a154f8a9b5b6fdccfc46f442b26b3dd6756dbff3bf9dc76fd7?s=96&d=mm&r=g\",\"contentUrl\":\"https:\\\/\\\/secure.gravatar.com\\\/avatar\\\/64ebac40b93f26a154f8a9b5b6fdccfc46f442b26b3dd6756dbff3bf9dc76fd7?s=96&d=mm&r=g\",\"caption\":\"super-news\"},\"url\":\"https:\\\/\\\/super-news.info\\\/es\\\/author\\\/pt\\\/\"}]}<\/script>\n<!-- \/ Yoast SEO plugin. -->","yoast_head_json":{"title":"La pol\u00edtica, un berenjenal en el que las marcas deben meterse s\u00f3lo a veces - Super News","robots":{"index":"index","follow":"follow","max-snippet":"max-snippet:-1","max-image-preview":"max-image-preview:large","max-video-preview":"max-video-preview:-1"},"canonical":"https:\/\/super-news.info\/es\/la-politica-un-berenjenal-en-el-que-las-marcas-deben-meterse-solo-a-veces\/","og_locale":"en_US","og_type":"article","og_title":"La pol\u00edtica, un berenjenal en el que las marcas deben meterse s\u00f3lo a veces - Super News","og_description":"Seg\u00fan un reciente estudio llevado a cabo en EE.UU. por Morning Consult, el consumidor est\u00e1 m\u00e1s predispuesto al boicot que a la compra cuando una marca se posiciona pol\u00edticamente. La pol\u00edtica es un arma de doble filo para las marcas, que pueden revitalizarse pero tambi\u00e9n desangrarse cuando hincan el diente a temas de naturaleza pol\u00edtica [&hellip;]","og_url":"https:\/\/super-news.info\/es\/la-politica-un-berenjenal-en-el-que-las-marcas-deben-meterse-solo-a-veces\/","og_site_name":"Super News","article_published_time":"2019-09-20T12:13:31+00:00","article_modified_time":"2019-09-20T12:13:32+00:00","og_image":[{"width":626,"height":364,"url":"https:\/\/super-news.info\/es\/wp-content\/uploads\/sites\/4\/2019\/09\/La-pol-tica-un-berenjenal-en-el-que-las-marcas-deben.jpg","type":"image\/jpeg"}],"author":"super-news","twitter_card":"summary_large_image","twitter_misc":{"Written by":"super-news","Est. reading time":"3 minutes"},"schema":{"@context":"https:\/\/schema.org","@graph":[{"@type":"Article","@id":"https:\/\/super-news.info\/es\/la-politica-un-berenjenal-en-el-que-las-marcas-deben-meterse-solo-a-veces\/#article","isPartOf":{"@id":"https:\/\/super-news.info\/es\/la-politica-un-berenjenal-en-el-que-las-marcas-deben-meterse-solo-a-veces\/"},"author":{"name":"super-news","@id":"https:\/\/super-news.info\/es\/#\/schema\/person\/2d4068cb2f39cd10008c2fce578a7356"},"headline":"La pol\u00edtica, un berenjenal en el que las marcas deben meterse s\u00f3lo a veces","datePublished":"2019-09-20T12:13:31+00:00","dateModified":"2019-09-20T12:13:32+00:00","mainEntityOfPage":{"@id":"https:\/\/super-news.info\/es\/la-politica-un-berenjenal-en-el-que-las-marcas-deben-meterse-solo-a-veces\/"},"wordCount":671,"commentCount":0,"image":{"@id":"https:\/\/super-news.info\/es\/la-politica-un-berenjenal-en-el-que-las-marcas-deben-meterse-solo-a-veces\/#primaryimage"},"thumbnailUrl":"https:\/\/super-news.info\/es\/wp-content\/uploads\/sites\/4\/2019\/09\/La-pol-tica-un-berenjenal-en-el-que-las-marcas-deben.jpg","articleSection":["NOTICIAS DE MARKETING DIGITAL"],"inLanguage":"en-US","potentialAction":[{"@type":"CommentAction","name":"Comment","target":["https:\/\/super-news.info\/es\/la-politica-un-berenjenal-en-el-que-las-marcas-deben-meterse-solo-a-veces\/#respond"]}]},{"@type":"WebPage","@id":"https:\/\/super-news.info\/es\/la-politica-un-berenjenal-en-el-que-las-marcas-deben-meterse-solo-a-veces\/","url":"https:\/\/super-news.info\/es\/la-politica-un-berenjenal-en-el-que-las-marcas-deben-meterse-solo-a-veces\/","name":"La pol\u00edtica, un berenjenal en el que las marcas deben meterse s\u00f3lo a veces - Super News","isPartOf":{"@id":"https:\/\/super-news.info\/es\/#website"},"primaryImageOfPage":{"@id":"https:\/\/super-news.info\/es\/la-politica-un-berenjenal-en-el-que-las-marcas-deben-meterse-solo-a-veces\/#primaryimage"},"image":{"@id":"https:\/\/super-news.info\/es\/la-politica-un-berenjenal-en-el-que-las-marcas-deben-meterse-solo-a-veces\/#primaryimage"},"thumbnailUrl":"https:\/\/super-news.info\/es\/wp-content\/uploads\/sites\/4\/2019\/09\/La-pol-tica-un-berenjenal-en-el-que-las-marcas-deben.jpg","datePublished":"2019-09-20T12:13:31+00:00","dateModified":"2019-09-20T12:13:32+00:00","author":{"@id":"https:\/\/super-news.info\/es\/#\/schema\/person\/2d4068cb2f39cd10008c2fce578a7356"},"breadcrumb":{"@id":"https:\/\/super-news.info\/es\/la-politica-un-berenjenal-en-el-que-las-marcas-deben-meterse-solo-a-veces\/#breadcrumb"},"inLanguage":"en-US","potentialAction":[{"@type":"ReadAction","target":["https:\/\/super-news.info\/es\/la-politica-un-berenjenal-en-el-que-las-marcas-deben-meterse-solo-a-veces\/"]}]},{"@type":"ImageObject","inLanguage":"en-US","@id":"https:\/\/super-news.info\/es\/la-politica-un-berenjenal-en-el-que-las-marcas-deben-meterse-solo-a-veces\/#primaryimage","url":"https:\/\/super-news.info\/es\/wp-content\/uploads\/sites\/4\/2019\/09\/La-pol-tica-un-berenjenal-en-el-que-las-marcas-deben.jpg","contentUrl":"https:\/\/super-news.info\/es\/wp-content\/uploads\/sites\/4\/2019\/09\/La-pol-tica-un-berenjenal-en-el-que-las-marcas-deben.jpg","width":626,"height":364,"caption":"pol\u00edtica"},{"@type":"BreadcrumbList","@id":"https:\/\/super-news.info\/es\/la-politica-un-berenjenal-en-el-que-las-marcas-deben-meterse-solo-a-veces\/#breadcrumb","itemListElement":[{"@type":"ListItem","position":1,"name":"\u0413\u043b\u0430\u0432\u043d\u0430\u044f \u0441\u0442\u0440\u0430\u043d\u0438\u0446\u0430","item":"https:\/\/super-news.info\/es\/"},{"@type":"ListItem","position":2,"name":"La pol\u00edtica, un berenjenal en el que las marcas deben meterse s\u00f3lo a veces"}]},{"@type":"WebSite","@id":"https:\/\/super-news.info\/es\/#website","url":"https:\/\/super-news.info\/es\/","name":"Super News","description":"Super News Espa\u00f1a","potentialAction":[{"@type":"SearchAction","target":{"@type":"EntryPoint","urlTemplate":"https:\/\/super-news.info\/es\/?s={search_term_string}"},"query-input":{"@type":"PropertyValueSpecification","valueRequired":true,"valueName":"search_term_string"}}],"inLanguage":"en-US"},{"@type":"Person","@id":"https:\/\/super-news.info\/es\/#\/schema\/person\/2d4068cb2f39cd10008c2fce578a7356","name":"super-news","image":{"@type":"ImageObject","inLanguage":"en-US","@id":"https:\/\/secure.gravatar.com\/avatar\/64ebac40b93f26a154f8a9b5b6fdccfc46f442b26b3dd6756dbff3bf9dc76fd7?s=96&d=mm&r=g","url":"https:\/\/secure.gravatar.com\/avatar\/64ebac40b93f26a154f8a9b5b6fdccfc46f442b26b3dd6756dbff3bf9dc76fd7?s=96&d=mm&r=g","contentUrl":"https:\/\/secure.gravatar.com\/avatar\/64ebac40b93f26a154f8a9b5b6fdccfc46f442b26b3dd6756dbff3bf9dc76fd7?s=96&d=mm&r=g","caption":"super-news"},"url":"https:\/\/super-news.info\/es\/author\/pt\/"}]}},"_links":{"self":[{"href":"https:\/\/super-news.info\/es\/wp-json\/wp\/v2\/posts\/11569","targetHints":{"allow":["GET"]}}],"collection":[{"href":"https:\/\/super-news.info\/es\/wp-json\/wp\/v2\/posts"}],"about":[{"href":"https:\/\/super-news.info\/es\/wp-json\/wp\/v2\/types\/post"}],"author":[{"embeddable":true,"href":"https:\/\/super-news.info\/es\/wp-json\/wp\/v2\/users\/2"}],"replies":[{"embeddable":true,"href":"https:\/\/super-news.info\/es\/wp-json\/wp\/v2\/comments?post=11569"}],"version-history":[{"count":1,"href":"https:\/\/super-news.info\/es\/wp-json\/wp\/v2\/posts\/11569\/revisions"}],"predecessor-version":[{"id":11571,"href":"https:\/\/super-news.info\/es\/wp-json\/wp\/v2\/posts\/11569\/revisions\/11571"}],"wp:featuredmedia":[{"embeddable":true,"href":"https:\/\/super-news.info\/es\/wp-json\/wp\/v2\/media\/11570"}],"wp:attachment":[{"href":"https:\/\/super-news.info\/es\/wp-json\/wp\/v2\/media?parent=11569"}],"wp:term":[{"taxonomy":"category","embeddable":true,"href":"https:\/\/super-news.info\/es\/wp-json\/wp\/v2\/categories?post=11569"},{"taxonomy":"post_tag","embeddable":true,"href":"https:\/\/super-news.info\/es\/wp-json\/wp\/v2\/tags?post=11569"}],"curies":[{"name":"wp","href":"https:\/\/api.w.org\/{rel}","templated":true}]}}