{"id":11563,"date":"2019-09-20T13:40:30","date_gmt":"2019-09-20T10:40:30","guid":{"rendered":"https:\/\/super-news.info\/es\/tiktok-se-suma-a-la-lucha-contra-el-cambio-climatico-con-el-challenge-forclimate\/"},"modified":"2019-09-20T13:40:31","modified_gmt":"2019-09-20T10:40:31","slug":"tiktok-se-suma-a-la-lucha-contra-el-cambio-climatico-con-el-challenge-forclimate","status":"publish","type":"post","link":"https:\/\/super-news.info\/es\/tiktok-se-suma-a-la-lucha-contra-el-cambio-climatico-con-el-challenge-forclimate\/","title":{"rendered":"TikTok se suma a la lucha contra el cambio clim\u00e1tico con el challenge #ForClimate"},"content":{"rendered":"<p>\t\t\t\t\t\t\t\t\t\tLa plataforma busca concienciar a sus usuarios sobre la crisis clim\u00e1tica a trav\u00e9s de stickers y concursos sobre el medio ambiente.<\/p>\n<p>La plataforma para v\u00eddeos m\u00f3viles en formato corto TikTok se ha unido a la Federaci\u00f3n Internacional de Sociedades de la Cruz Roja y de la Media Luna Roja (IFRC) en su batalla contra el cambio clim\u00e1tico, que durante la semana que viene alcanzar\u00e1 un especial protagonismo con motivo de la cumbre de la ONU en Nueva York, un encuentro al que asistir\u00e1n un representante de TikTok y la IFRC.<br \/>\nLa plataforma y la Federaci\u00f3n han lanzado el challenge #ForClimate, un reto que pretende concienciar sobre la problem\u00e1tica del cambio clim\u00e1tico a ritmo de creatividad. TikTok se une as\u00ed a la iniciativa global de IFRC #FacesofClimateChallenge.<br \/>\nDurante este challenge, que se alargar\u00e1 hasta el 30 de septiembre, los usuarios de TikTok podr\u00e1n utilizar 3 stickers dise\u00f1adas para la campa\u00f1a y que representan condiciones climatol\u00f3gicas extremas, como tormentas torrenciales, nevadas intensas y el calentamiento global.<br \/>\n\u201cLa plataforma social de TikTok es perfecta para compartir mensajes importantes de manera impactante, inspiradora y en\u00e9rgica. Esperamos ver a muchos j\u00f3venes compartiendo sus historias con una audiencia global&#8221;, ha dicho la Dr. Jemilah Mahmood, subsecretaria general para las asociaciones de IFRC, que ya ha querido participar en el desaf\u00edo subiendo su propio v\u00eddeo.<\/p>\n<p>TikTok ha lanzado tambi\u00e9n un concurso para que los usuarios demuestren su conocimiento sobre el cuidado de medio ambiente y compartan las acciones que realicen para cambiar la triste realidad que vive el planeta. El concurso consta de 15 preguntas, entre las que se encuentran &#8220;\u00bfdeber\u00edan prohibirse las bolsas de pl\u00e1stico?&#8221; y &#8220;\u00bfcomprar\u00edas art\u00edculos de segunda mano?&#8221;.<br \/>\n&#8220;La comunidad global de TikTok permite a los usuarios expresar sus ideas creativas a trav\u00e9s de\u00a0v\u00eddeos cortos. Estamos emocionados de compartir con la Federaci\u00f3n Internacional de\u00a0Sociedades de la Cruz Roja y de la Media Luna Roja el challenge #ForClimate, que empodera\u00a0a la comunidad para mostrar de manera creativa su compromiso con el cambio clim\u00e1tico y\u00a0permite crear conciencia sobre la importancia de proteger nuestro planeta&#8221;, ha se\u00f1alado Helena\u00a0Lersch, directora de pol\u00edticas p\u00fablicas de TikTok.<br \/>\nLa campa\u00f1a est\u00e1 disponible para los usuarios de TikTok en m\u00e1s de 100 pa\u00edses y forma parte del compromiso de la compa\u00f1\u00eda por realizar iniciativas de responsabilidad civil, al igual que hizo con su participaci\u00f3n en #SaveOurOceans.<\/p>\n<p>\t\t\t\t\t\t\t\t\t\t\tNo te pierdas nada de MarketingDirecto.com y \u00fanete a nuestro Telegram t.me\/MarketingDirecto<\/p>\n<p>\n<!--noindex--><br \/>\n<a href=\"https:\/\/www.marketingdirecto.com\/anunciantes-general\/anunciantes\/tiktok-se-suma-a-la-lucha-contra-el-cambio-climatico-con-el-challenge-forclimate\" rel=\"nofollow\">Source link <\/a><br \/>\n<!--\/noindex--><\/p>\n","protected":false},"excerpt":{"rendered":"<p>La plataforma busca concienciar a sus usuarios sobre la crisis clim\u00e1tica a trav\u00e9s de stickers y concursos sobre el medio ambiente. La plataforma para v\u00eddeos m\u00f3viles en formato corto TikTok se ha unido a la Federaci\u00f3n Internacional de Sociedades de la Cruz Roja y de la Media Luna Roja (IFRC) en su batalla contra el [&hellip;]<\/p>\n","protected":false},"author":2,"featured_media":11564,"comment_status":"open","ping_status":"open","sticky":false,"template":"","format":"standard","meta":{"footnotes":""},"categories":[2],"tags":[],"class_list":["post-11563","post","type-post","status-publish","format-standard","has-post-thumbnail","hentry","category-noticias-de-marketing-digital"],"yoast_head":"<!-- This site is optimized with the Yoast SEO plugin v27.4 - https:\/\/yoast.com\/product\/yoast-seo-wordpress\/ -->\n<title>TikTok se suma a la lucha contra el cambio clim\u00e1tico con el challenge #ForClimate - Super News<\/title>\n<meta name=\"robots\" content=\"index, follow, max-snippet:-1, max-image-preview:large, max-video-preview:-1\" \/>\n<link rel=\"canonical\" href=\"https:\/\/super-news.info\/es\/tiktok-se-suma-a-la-lucha-contra-el-cambio-climatico-con-el-challenge-forclimate\/\" \/>\n<meta property=\"og:locale\" content=\"en_US\" \/>\n<meta property=\"og:type\" content=\"article\" \/>\n<meta property=\"og:title\" content=\"TikTok se suma a la lucha contra el cambio clim\u00e1tico con el challenge #ForClimate - Super News\" \/>\n<meta property=\"og:description\" content=\"La plataforma busca concienciar a sus usuarios sobre la crisis clim\u00e1tica a trav\u00e9s de stickers y concursos sobre el medio ambiente. La plataforma para v\u00eddeos m\u00f3viles en formato corto TikTok se ha unido a la Federaci\u00f3n Internacional de Sociedades de la Cruz Roja y de la Media Luna Roja (IFRC) en su batalla contra el [&hellip;]\" \/>\n<meta property=\"og:url\" content=\"https:\/\/super-news.info\/es\/tiktok-se-suma-a-la-lucha-contra-el-cambio-climatico-con-el-challenge-forclimate\/\" \/>\n<meta property=\"og:site_name\" content=\"Super News\" \/>\n<meta property=\"article:published_time\" content=\"2019-09-20T10:40:30+00:00\" \/>\n<meta property=\"article:modified_time\" content=\"2019-09-20T10:40:31+00:00\" \/>\n<meta property=\"og:image\" content=\"https:\/\/super-news.info\/es\/wp-content\/uploads\/sites\/4\/2019\/09\/TikTok-se-suma-a-la-lucha-contra-el-cambio-clim-tico.jpg\" \/>\n\t<meta property=\"og:image:width\" content=\"626\" \/>\n\t<meta property=\"og:image:height\" content=\"364\" \/>\n\t<meta property=\"og:image:type\" content=\"image\/jpeg\" \/>\n<meta name=\"author\" content=\"super-news\" \/>\n<meta name=\"twitter:card\" content=\"summary_large_image\" \/>\n<meta name=\"twitter:label1\" content=\"Written by\" \/>\n\t<meta name=\"twitter:data1\" content=\"super-news\" \/>\n\t<meta name=\"twitter:label2\" content=\"Est. reading time\" \/>\n\t<meta name=\"twitter:data2\" content=\"2 minutes\" \/>\n<script type=\"application\/ld+json\" class=\"yoast-schema-graph\">{\"@context\":\"https:\\\/\\\/schema.org\",\"@graph\":[{\"@type\":\"Article\",\"@id\":\"https:\\\/\\\/super-news.info\\\/es\\\/tiktok-se-suma-a-la-lucha-contra-el-cambio-climatico-con-el-challenge-forclimate\\\/#article\",\"isPartOf\":{\"@id\":\"https:\\\/\\\/super-news.info\\\/es\\\/tiktok-se-suma-a-la-lucha-contra-el-cambio-climatico-con-el-challenge-forclimate\\\/\"},\"author\":{\"name\":\"super-news\",\"@id\":\"https:\\\/\\\/super-news.info\\\/es\\\/#\\\/schema\\\/person\\\/2d4068cb2f39cd10008c2fce578a7356\"},\"headline\":\"TikTok se suma a la lucha contra el cambio clim\u00e1tico con el challenge #ForClimate\",\"datePublished\":\"2019-09-20T10:40:30+00:00\",\"dateModified\":\"2019-09-20T10:40:31+00:00\",\"mainEntityOfPage\":{\"@id\":\"https:\\\/\\\/super-news.info\\\/es\\\/tiktok-se-suma-a-la-lucha-contra-el-cambio-climatico-con-el-challenge-forclimate\\\/\"},\"wordCount\":453,\"commentCount\":0,\"image\":{\"@id\":\"https:\\\/\\\/super-news.info\\\/es\\\/tiktok-se-suma-a-la-lucha-contra-el-cambio-climatico-con-el-challenge-forclimate\\\/#primaryimage\"},\"thumbnailUrl\":\"https:\\\/\\\/super-news.info\\\/es\\\/wp-content\\\/uploads\\\/sites\\\/4\\\/2019\\\/09\\\/TikTok-se-suma-a-la-lucha-contra-el-cambio-clim-tico.jpg\",\"articleSection\":[\"NOTICIAS DE MARKETING DIGITAL\"],\"inLanguage\":\"en-US\",\"potentialAction\":[{\"@type\":\"CommentAction\",\"name\":\"Comment\",\"target\":[\"https:\\\/\\\/super-news.info\\\/es\\\/tiktok-se-suma-a-la-lucha-contra-el-cambio-climatico-con-el-challenge-forclimate\\\/#respond\"]}]},{\"@type\":\"WebPage\",\"@id\":\"https:\\\/\\\/super-news.info\\\/es\\\/tiktok-se-suma-a-la-lucha-contra-el-cambio-climatico-con-el-challenge-forclimate\\\/\",\"url\":\"https:\\\/\\\/super-news.info\\\/es\\\/tiktok-se-suma-a-la-lucha-contra-el-cambio-climatico-con-el-challenge-forclimate\\\/\",\"name\":\"TikTok se suma a la lucha contra el cambio clim\u00e1tico con el challenge #ForClimate - Super News\",\"isPartOf\":{\"@id\":\"https:\\\/\\\/super-news.info\\\/es\\\/#website\"},\"primaryImageOfPage\":{\"@id\":\"https:\\\/\\\/super-news.info\\\/es\\\/tiktok-se-suma-a-la-lucha-contra-el-cambio-climatico-con-el-challenge-forclimate\\\/#primaryimage\"},\"image\":{\"@id\":\"https:\\\/\\\/super-news.info\\\/es\\\/tiktok-se-suma-a-la-lucha-contra-el-cambio-climatico-con-el-challenge-forclimate\\\/#primaryimage\"},\"thumbnailUrl\":\"https:\\\/\\\/super-news.info\\\/es\\\/wp-content\\\/uploads\\\/sites\\\/4\\\/2019\\\/09\\\/TikTok-se-suma-a-la-lucha-contra-el-cambio-clim-tico.jpg\",\"datePublished\":\"2019-09-20T10:40:30+00:00\",\"dateModified\":\"2019-09-20T10:40:31+00:00\",\"author\":{\"@id\":\"https:\\\/\\\/super-news.info\\\/es\\\/#\\\/schema\\\/person\\\/2d4068cb2f39cd10008c2fce578a7356\"},\"breadcrumb\":{\"@id\":\"https:\\\/\\\/super-news.info\\\/es\\\/tiktok-se-suma-a-la-lucha-contra-el-cambio-climatico-con-el-challenge-forclimate\\\/#breadcrumb\"},\"inLanguage\":\"en-US\",\"potentialAction\":[{\"@type\":\"ReadAction\",\"target\":[\"https:\\\/\\\/super-news.info\\\/es\\\/tiktok-se-suma-a-la-lucha-contra-el-cambio-climatico-con-el-challenge-forclimate\\\/\"]}]},{\"@type\":\"ImageObject\",\"inLanguage\":\"en-US\",\"@id\":\"https:\\\/\\\/super-news.info\\\/es\\\/tiktok-se-suma-a-la-lucha-contra-el-cambio-climatico-con-el-challenge-forclimate\\\/#primaryimage\",\"url\":\"https:\\\/\\\/super-news.info\\\/es\\\/wp-content\\\/uploads\\\/sites\\\/4\\\/2019\\\/09\\\/TikTok-se-suma-a-la-lucha-contra-el-cambio-clim-tico.jpg\",\"contentUrl\":\"https:\\\/\\\/super-news.info\\\/es\\\/wp-content\\\/uploads\\\/sites\\\/4\\\/2019\\\/09\\\/TikTok-se-suma-a-la-lucha-contra-el-cambio-clim-tico.jpg\",\"width\":626,\"height\":364,\"caption\":\"TikTok\"},{\"@type\":\"BreadcrumbList\",\"@id\":\"https:\\\/\\\/super-news.info\\\/es\\\/tiktok-se-suma-a-la-lucha-contra-el-cambio-climatico-con-el-challenge-forclimate\\\/#breadcrumb\",\"itemListElement\":[{\"@type\":\"ListItem\",\"position\":1,\"name\":\"\u0413\u043b\u0430\u0432\u043d\u0430\u044f \u0441\u0442\u0440\u0430\u043d\u0438\u0446\u0430\",\"item\":\"https:\\\/\\\/super-news.info\\\/es\\\/\"},{\"@type\":\"ListItem\",\"position\":2,\"name\":\"TikTok se suma a la lucha contra el cambio clim\u00e1tico con el challenge #ForClimate\"}]},{\"@type\":\"WebSite\",\"@id\":\"https:\\\/\\\/super-news.info\\\/es\\\/#website\",\"url\":\"https:\\\/\\\/super-news.info\\\/es\\\/\",\"name\":\"Super News\",\"description\":\"Super News Espa\u00f1a\",\"potentialAction\":[{\"@type\":\"SearchAction\",\"target\":{\"@type\":\"EntryPoint\",\"urlTemplate\":\"https:\\\/\\\/super-news.info\\\/es\\\/?s={search_term_string}\"},\"query-input\":{\"@type\":\"PropertyValueSpecification\",\"valueRequired\":true,\"valueName\":\"search_term_string\"}}],\"inLanguage\":\"en-US\"},{\"@type\":\"Person\",\"@id\":\"https:\\\/\\\/super-news.info\\\/es\\\/#\\\/schema\\\/person\\\/2d4068cb2f39cd10008c2fce578a7356\",\"name\":\"super-news\",\"image\":{\"@type\":\"ImageObject\",\"inLanguage\":\"en-US\",\"@id\":\"https:\\\/\\\/secure.gravatar.com\\\/avatar\\\/64ebac40b93f26a154f8a9b5b6fdccfc46f442b26b3dd6756dbff3bf9dc76fd7?s=96&d=mm&r=g\",\"url\":\"https:\\\/\\\/secure.gravatar.com\\\/avatar\\\/64ebac40b93f26a154f8a9b5b6fdccfc46f442b26b3dd6756dbff3bf9dc76fd7?s=96&d=mm&r=g\",\"contentUrl\":\"https:\\\/\\\/secure.gravatar.com\\\/avatar\\\/64ebac40b93f26a154f8a9b5b6fdccfc46f442b26b3dd6756dbff3bf9dc76fd7?s=96&d=mm&r=g\",\"caption\":\"super-news\"},\"url\":\"https:\\\/\\\/super-news.info\\\/es\\\/author\\\/pt\\\/\"}]}<\/script>\n<!-- \/ Yoast SEO plugin. -->","yoast_head_json":{"title":"TikTok se suma a la lucha contra el cambio clim\u00e1tico con el challenge #ForClimate - Super News","robots":{"index":"index","follow":"follow","max-snippet":"max-snippet:-1","max-image-preview":"max-image-preview:large","max-video-preview":"max-video-preview:-1"},"canonical":"https:\/\/super-news.info\/es\/tiktok-se-suma-a-la-lucha-contra-el-cambio-climatico-con-el-challenge-forclimate\/","og_locale":"en_US","og_type":"article","og_title":"TikTok se suma a la lucha contra el cambio clim\u00e1tico con el challenge #ForClimate - Super News","og_description":"La plataforma busca concienciar a sus usuarios sobre la crisis clim\u00e1tica a trav\u00e9s de stickers y concursos sobre el medio ambiente. La plataforma para v\u00eddeos m\u00f3viles en formato corto TikTok se ha unido a la Federaci\u00f3n Internacional de Sociedades de la Cruz Roja y de la Media Luna Roja (IFRC) en su batalla contra el [&hellip;]","og_url":"https:\/\/super-news.info\/es\/tiktok-se-suma-a-la-lucha-contra-el-cambio-climatico-con-el-challenge-forclimate\/","og_site_name":"Super News","article_published_time":"2019-09-20T10:40:30+00:00","article_modified_time":"2019-09-20T10:40:31+00:00","og_image":[{"width":626,"height":364,"url":"https:\/\/super-news.info\/es\/wp-content\/uploads\/sites\/4\/2019\/09\/TikTok-se-suma-a-la-lucha-contra-el-cambio-clim-tico.jpg","type":"image\/jpeg"}],"author":"super-news","twitter_card":"summary_large_image","twitter_misc":{"Written by":"super-news","Est. reading time":"2 minutes"},"schema":{"@context":"https:\/\/schema.org","@graph":[{"@type":"Article","@id":"https:\/\/super-news.info\/es\/tiktok-se-suma-a-la-lucha-contra-el-cambio-climatico-con-el-challenge-forclimate\/#article","isPartOf":{"@id":"https:\/\/super-news.info\/es\/tiktok-se-suma-a-la-lucha-contra-el-cambio-climatico-con-el-challenge-forclimate\/"},"author":{"name":"super-news","@id":"https:\/\/super-news.info\/es\/#\/schema\/person\/2d4068cb2f39cd10008c2fce578a7356"},"headline":"TikTok se suma a la lucha contra el cambio clim\u00e1tico con el challenge #ForClimate","datePublished":"2019-09-20T10:40:30+00:00","dateModified":"2019-09-20T10:40:31+00:00","mainEntityOfPage":{"@id":"https:\/\/super-news.info\/es\/tiktok-se-suma-a-la-lucha-contra-el-cambio-climatico-con-el-challenge-forclimate\/"},"wordCount":453,"commentCount":0,"image":{"@id":"https:\/\/super-news.info\/es\/tiktok-se-suma-a-la-lucha-contra-el-cambio-climatico-con-el-challenge-forclimate\/#primaryimage"},"thumbnailUrl":"https:\/\/super-news.info\/es\/wp-content\/uploads\/sites\/4\/2019\/09\/TikTok-se-suma-a-la-lucha-contra-el-cambio-clim-tico.jpg","articleSection":["NOTICIAS DE MARKETING DIGITAL"],"inLanguage":"en-US","potentialAction":[{"@type":"CommentAction","name":"Comment","target":["https:\/\/super-news.info\/es\/tiktok-se-suma-a-la-lucha-contra-el-cambio-climatico-con-el-challenge-forclimate\/#respond"]}]},{"@type":"WebPage","@id":"https:\/\/super-news.info\/es\/tiktok-se-suma-a-la-lucha-contra-el-cambio-climatico-con-el-challenge-forclimate\/","url":"https:\/\/super-news.info\/es\/tiktok-se-suma-a-la-lucha-contra-el-cambio-climatico-con-el-challenge-forclimate\/","name":"TikTok se suma a la lucha contra el cambio clim\u00e1tico con el challenge #ForClimate - Super News","isPartOf":{"@id":"https:\/\/super-news.info\/es\/#website"},"primaryImageOfPage":{"@id":"https:\/\/super-news.info\/es\/tiktok-se-suma-a-la-lucha-contra-el-cambio-climatico-con-el-challenge-forclimate\/#primaryimage"},"image":{"@id":"https:\/\/super-news.info\/es\/tiktok-se-suma-a-la-lucha-contra-el-cambio-climatico-con-el-challenge-forclimate\/#primaryimage"},"thumbnailUrl":"https:\/\/super-news.info\/es\/wp-content\/uploads\/sites\/4\/2019\/09\/TikTok-se-suma-a-la-lucha-contra-el-cambio-clim-tico.jpg","datePublished":"2019-09-20T10:40:30+00:00","dateModified":"2019-09-20T10:40:31+00:00","author":{"@id":"https:\/\/super-news.info\/es\/#\/schema\/person\/2d4068cb2f39cd10008c2fce578a7356"},"breadcrumb":{"@id":"https:\/\/super-news.info\/es\/tiktok-se-suma-a-la-lucha-contra-el-cambio-climatico-con-el-challenge-forclimate\/#breadcrumb"},"inLanguage":"en-US","potentialAction":[{"@type":"ReadAction","target":["https:\/\/super-news.info\/es\/tiktok-se-suma-a-la-lucha-contra-el-cambio-climatico-con-el-challenge-forclimate\/"]}]},{"@type":"ImageObject","inLanguage":"en-US","@id":"https:\/\/super-news.info\/es\/tiktok-se-suma-a-la-lucha-contra-el-cambio-climatico-con-el-challenge-forclimate\/#primaryimage","url":"https:\/\/super-news.info\/es\/wp-content\/uploads\/sites\/4\/2019\/09\/TikTok-se-suma-a-la-lucha-contra-el-cambio-clim-tico.jpg","contentUrl":"https:\/\/super-news.info\/es\/wp-content\/uploads\/sites\/4\/2019\/09\/TikTok-se-suma-a-la-lucha-contra-el-cambio-clim-tico.jpg","width":626,"height":364,"caption":"TikTok"},{"@type":"BreadcrumbList","@id":"https:\/\/super-news.info\/es\/tiktok-se-suma-a-la-lucha-contra-el-cambio-climatico-con-el-challenge-forclimate\/#breadcrumb","itemListElement":[{"@type":"ListItem","position":1,"name":"\u0413\u043b\u0430\u0432\u043d\u0430\u044f \u0441\u0442\u0440\u0430\u043d\u0438\u0446\u0430","item":"https:\/\/super-news.info\/es\/"},{"@type":"ListItem","position":2,"name":"TikTok se suma a la lucha contra el cambio clim\u00e1tico con el challenge #ForClimate"}]},{"@type":"WebSite","@id":"https:\/\/super-news.info\/es\/#website","url":"https:\/\/super-news.info\/es\/","name":"Super News","description":"Super News Espa\u00f1a","potentialAction":[{"@type":"SearchAction","target":{"@type":"EntryPoint","urlTemplate":"https:\/\/super-news.info\/es\/?s={search_term_string}"},"query-input":{"@type":"PropertyValueSpecification","valueRequired":true,"valueName":"search_term_string"}}],"inLanguage":"en-US"},{"@type":"Person","@id":"https:\/\/super-news.info\/es\/#\/schema\/person\/2d4068cb2f39cd10008c2fce578a7356","name":"super-news","image":{"@type":"ImageObject","inLanguage":"en-US","@id":"https:\/\/secure.gravatar.com\/avatar\/64ebac40b93f26a154f8a9b5b6fdccfc46f442b26b3dd6756dbff3bf9dc76fd7?s=96&d=mm&r=g","url":"https:\/\/secure.gravatar.com\/avatar\/64ebac40b93f26a154f8a9b5b6fdccfc46f442b26b3dd6756dbff3bf9dc76fd7?s=96&d=mm&r=g","contentUrl":"https:\/\/secure.gravatar.com\/avatar\/64ebac40b93f26a154f8a9b5b6fdccfc46f442b26b3dd6756dbff3bf9dc76fd7?s=96&d=mm&r=g","caption":"super-news"},"url":"https:\/\/super-news.info\/es\/author\/pt\/"}]}},"_links":{"self":[{"href":"https:\/\/super-news.info\/es\/wp-json\/wp\/v2\/posts\/11563","targetHints":{"allow":["GET"]}}],"collection":[{"href":"https:\/\/super-news.info\/es\/wp-json\/wp\/v2\/posts"}],"about":[{"href":"https:\/\/super-news.info\/es\/wp-json\/wp\/v2\/types\/post"}],"author":[{"embeddable":true,"href":"https:\/\/super-news.info\/es\/wp-json\/wp\/v2\/users\/2"}],"replies":[{"embeddable":true,"href":"https:\/\/super-news.info\/es\/wp-json\/wp\/v2\/comments?post=11563"}],"version-history":[{"count":1,"href":"https:\/\/super-news.info\/es\/wp-json\/wp\/v2\/posts\/11563\/revisions"}],"predecessor-version":[{"id":11565,"href":"https:\/\/super-news.info\/es\/wp-json\/wp\/v2\/posts\/11563\/revisions\/11565"}],"wp:featuredmedia":[{"embeddable":true,"href":"https:\/\/super-news.info\/es\/wp-json\/wp\/v2\/media\/11564"}],"wp:attachment":[{"href":"https:\/\/super-news.info\/es\/wp-json\/wp\/v2\/media?parent=11563"}],"wp:term":[{"taxonomy":"category","embeddable":true,"href":"https:\/\/super-news.info\/es\/wp-json\/wp\/v2\/categories?post=11563"},{"taxonomy":"post_tag","embeddable":true,"href":"https:\/\/super-news.info\/es\/wp-json\/wp\/v2\/tags?post=11563"}],"curies":[{"name":"wp","href":"https:\/\/api.w.org\/{rel}","templated":true}]}}