{"id":11454,"date":"2019-09-19T10:41:27","date_gmt":"2019-09-19T07:41:27","guid":{"rendered":"https:\/\/super-news.info\/es\/reyes-y-abrines-invitados-a-la-presentacion-de-dazn\/"},"modified":"2019-09-19T10:41:28","modified_gmt":"2019-09-19T07:41:28","slug":"reyes-y-abrines-invitados-a-la-presentacion-de-dazn","status":"publish","type":"post","link":"https:\/\/super-news.info\/es\/reyes-y-abrines-invitados-a-la-presentacion-de-dazn\/","title":{"rendered":"Reyes y Abrines invitados a la presentaci\u00f3n de #DAZN"},"content":{"rendered":"<p>La plataforma DAZN presenta la retransmisi\u00f3n en directo de la #Euroliga.<br \/>\nLa presentaci\u00f3n se ha llevado a cabo esta misma ma\u00f1ana con unos invitados de lujo.<br \/>\nFelipe Reyes, el capit\u00e1n del #RealMadrid que se retir\u00f3 hace dos a\u00f1os, y los jugadores \u00c1lex Abrines, Fernando San Emeterio y Jayson Granger han estado presente en el evento para hablar del presente y futuro del baloncesto.<\/p>\n<p>\n<!--noindex--><br \/>\n<a href=\"https:\/\/www.marketingdirecto.com\/videos-2\/reyes-y-abrines-invitados-a-la-presentacion-de-dazn\" rel=\"nofollow\">Source link <\/a><br \/>\n<!--\/noindex--><\/p>\n","protected":false},"excerpt":{"rendered":"<p>La plataforma DAZN presenta la retransmisi\u00f3n en directo de la #Euroliga. La presentaci\u00f3n se ha llevado a cabo esta misma ma\u00f1ana con unos invitados de lujo. Felipe Reyes, el capit\u00e1n del #RealMadrid que se retir\u00f3 hace dos a\u00f1os, y los jugadores \u00c1lex Abrines, Fernando San Emeterio y Jayson Granger han estado presente en el evento [&hellip;]<\/p>\n","protected":false},"author":2,"featured_media":7239,"comment_status":"open","ping_status":"open","sticky":false,"template":"","format":"standard","meta":{"footnotes":""},"categories":[2],"tags":[],"class_list":["post-11454","post","type-post","status-publish","format-standard","has-post-thumbnail","hentry","category-noticias-de-marketing-digital"],"yoast_head":"<!-- This site is optimized with the Yoast SEO plugin v27.4 - https:\/\/yoast.com\/product\/yoast-seo-wordpress\/ -->\n<title>Reyes y Abrines invitados a la presentaci\u00f3n de #DAZN - Super News<\/title>\n<meta name=\"robots\" content=\"index, follow, max-snippet:-1, max-image-preview:large, max-video-preview:-1\" \/>\n<link rel=\"canonical\" href=\"https:\/\/super-news.info\/es\/reyes-y-abrines-invitados-a-la-presentacion-de-dazn\/\" \/>\n<meta property=\"og:locale\" content=\"en_US\" \/>\n<meta property=\"og:type\" content=\"article\" \/>\n<meta property=\"og:title\" content=\"Reyes y Abrines invitados a la presentaci\u00f3n de #DAZN - Super News\" \/>\n<meta property=\"og:description\" content=\"La plataforma DAZN presenta la retransmisi\u00f3n en directo de la #Euroliga. La presentaci\u00f3n se ha llevado a cabo esta misma ma\u00f1ana con unos invitados de lujo. Felipe Reyes, el capit\u00e1n del #RealMadrid que se retir\u00f3 hace dos a\u00f1os, y los jugadores \u00c1lex Abrines, Fernando San Emeterio y Jayson Granger han estado presente en el evento [&hellip;]\" \/>\n<meta property=\"og:url\" content=\"https:\/\/super-news.info\/es\/reyes-y-abrines-invitados-a-la-presentacion-de-dazn\/\" \/>\n<meta property=\"og:site_name\" content=\"Super News\" \/>\n<meta property=\"article:published_time\" content=\"2019-09-19T07:41:27+00:00\" \/>\n<meta property=\"article:modified_time\" content=\"2019-09-19T07:41:28+00:00\" \/>\n<meta property=\"og:image\" content=\"https:\/\/super-news.info\/es\/wp-content\/uploads\/sites\/4\/2019\/07\/Los-usuarios-de-DAZN-han-visto-m\u00e1s-de-128-millones.jpg\" \/>\n\t<meta property=\"og:image:width\" content=\"626\" \/>\n\t<meta property=\"og:image:height\" content=\"364\" \/>\n\t<meta property=\"og:image:type\" content=\"image\/jpeg\" \/>\n<meta name=\"author\" content=\"super-news\" \/>\n<meta name=\"twitter:card\" content=\"summary_large_image\" \/>\n<meta name=\"twitter:label1\" content=\"Written by\" \/>\n\t<meta name=\"twitter:data1\" content=\"super-news\" \/>\n<script type=\"application\/ld+json\" class=\"yoast-schema-graph\">{\"@context\":\"https:\\\/\\\/schema.org\",\"@graph\":[{\"@type\":\"Article\",\"@id\":\"https:\\\/\\\/super-news.info\\\/es\\\/reyes-y-abrines-invitados-a-la-presentacion-de-dazn\\\/#article\",\"isPartOf\":{\"@id\":\"https:\\\/\\\/super-news.info\\\/es\\\/reyes-y-abrines-invitados-a-la-presentacion-de-dazn\\\/\"},\"author\":{\"name\":\"super-news\",\"@id\":\"https:\\\/\\\/super-news.info\\\/es\\\/#\\\/schema\\\/person\\\/2d4068cb2f39cd10008c2fce578a7356\"},\"headline\":\"Reyes y Abrines invitados a la presentaci\u00f3n de #DAZN\",\"datePublished\":\"2019-09-19T07:41:27+00:00\",\"dateModified\":\"2019-09-19T07:41:28+00:00\",\"mainEntityOfPage\":{\"@id\":\"https:\\\/\\\/super-news.info\\\/es\\\/reyes-y-abrines-invitados-a-la-presentacion-de-dazn\\\/\"},\"wordCount\":80,\"commentCount\":0,\"image\":{\"@id\":\"https:\\\/\\\/super-news.info\\\/es\\\/reyes-y-abrines-invitados-a-la-presentacion-de-dazn\\\/#primaryimage\"},\"thumbnailUrl\":\"https:\\\/\\\/super-news.info\\\/es\\\/wp-content\\\/uploads\\\/sites\\\/4\\\/2019\\\/07\\\/Los-usuarios-de-DAZN-han-visto-m\u00e1s-de-128-millones.jpg\",\"articleSection\":[\"NOTICIAS DE MARKETING DIGITAL\"],\"inLanguage\":\"en-US\",\"potentialAction\":[{\"@type\":\"CommentAction\",\"name\":\"Comment\",\"target\":[\"https:\\\/\\\/super-news.info\\\/es\\\/reyes-y-abrines-invitados-a-la-presentacion-de-dazn\\\/#respond\"]}]},{\"@type\":\"WebPage\",\"@id\":\"https:\\\/\\\/super-news.info\\\/es\\\/reyes-y-abrines-invitados-a-la-presentacion-de-dazn\\\/\",\"url\":\"https:\\\/\\\/super-news.info\\\/es\\\/reyes-y-abrines-invitados-a-la-presentacion-de-dazn\\\/\",\"name\":\"Reyes y Abrines invitados a la presentaci\u00f3n de #DAZN - Super News\",\"isPartOf\":{\"@id\":\"https:\\\/\\\/super-news.info\\\/es\\\/#website\"},\"primaryImageOfPage\":{\"@id\":\"https:\\\/\\\/super-news.info\\\/es\\\/reyes-y-abrines-invitados-a-la-presentacion-de-dazn\\\/#primaryimage\"},\"image\":{\"@id\":\"https:\\\/\\\/super-news.info\\\/es\\\/reyes-y-abrines-invitados-a-la-presentacion-de-dazn\\\/#primaryimage\"},\"thumbnailUrl\":\"https:\\\/\\\/super-news.info\\\/es\\\/wp-content\\\/uploads\\\/sites\\\/4\\\/2019\\\/07\\\/Los-usuarios-de-DAZN-han-visto-m\u00e1s-de-128-millones.jpg\",\"datePublished\":\"2019-09-19T07:41:27+00:00\",\"dateModified\":\"2019-09-19T07:41:28+00:00\",\"author\":{\"@id\":\"https:\\\/\\\/super-news.info\\\/es\\\/#\\\/schema\\\/person\\\/2d4068cb2f39cd10008c2fce578a7356\"},\"breadcrumb\":{\"@id\":\"https:\\\/\\\/super-news.info\\\/es\\\/reyes-y-abrines-invitados-a-la-presentacion-de-dazn\\\/#breadcrumb\"},\"inLanguage\":\"en-US\",\"potentialAction\":[{\"@type\":\"ReadAction\",\"target\":[\"https:\\\/\\\/super-news.info\\\/es\\\/reyes-y-abrines-invitados-a-la-presentacion-de-dazn\\\/\"]}]},{\"@type\":\"ImageObject\",\"inLanguage\":\"en-US\",\"@id\":\"https:\\\/\\\/super-news.info\\\/es\\\/reyes-y-abrines-invitados-a-la-presentacion-de-dazn\\\/#primaryimage\",\"url\":\"https:\\\/\\\/super-news.info\\\/es\\\/wp-content\\\/uploads\\\/sites\\\/4\\\/2019\\\/07\\\/Los-usuarios-de-DAZN-han-visto-m\u00e1s-de-128-millones.jpg\",\"contentUrl\":\"https:\\\/\\\/super-news.info\\\/es\\\/wp-content\\\/uploads\\\/sites\\\/4\\\/2019\\\/07\\\/Los-usuarios-de-DAZN-han-visto-m\u00e1s-de-128-millones.jpg\",\"width\":626,\"height\":364,\"caption\":\"dazn\"},{\"@type\":\"BreadcrumbList\",\"@id\":\"https:\\\/\\\/super-news.info\\\/es\\\/reyes-y-abrines-invitados-a-la-presentacion-de-dazn\\\/#breadcrumb\",\"itemListElement\":[{\"@type\":\"ListItem\",\"position\":1,\"name\":\"\u0413\u043b\u0430\u0432\u043d\u0430\u044f \u0441\u0442\u0440\u0430\u043d\u0438\u0446\u0430\",\"item\":\"https:\\\/\\\/super-news.info\\\/es\\\/\"},{\"@type\":\"ListItem\",\"position\":2,\"name\":\"Reyes y Abrines invitados a la presentaci\u00f3n de #DAZN\"}]},{\"@type\":\"WebSite\",\"@id\":\"https:\\\/\\\/super-news.info\\\/es\\\/#website\",\"url\":\"https:\\\/\\\/super-news.info\\\/es\\\/\",\"name\":\"Super News\",\"description\":\"Super News Espa\u00f1a\",\"potentialAction\":[{\"@type\":\"SearchAction\",\"target\":{\"@type\":\"EntryPoint\",\"urlTemplate\":\"https:\\\/\\\/super-news.info\\\/es\\\/?s={search_term_string}\"},\"query-input\":{\"@type\":\"PropertyValueSpecification\",\"valueRequired\":true,\"valueName\":\"search_term_string\"}}],\"inLanguage\":\"en-US\"},{\"@type\":\"Person\",\"@id\":\"https:\\\/\\\/super-news.info\\\/es\\\/#\\\/schema\\\/person\\\/2d4068cb2f39cd10008c2fce578a7356\",\"name\":\"super-news\",\"image\":{\"@type\":\"ImageObject\",\"inLanguage\":\"en-US\",\"@id\":\"https:\\\/\\\/secure.gravatar.com\\\/avatar\\\/64ebac40b93f26a154f8a9b5b6fdccfc46f442b26b3dd6756dbff3bf9dc76fd7?s=96&d=mm&r=g\",\"url\":\"https:\\\/\\\/secure.gravatar.com\\\/avatar\\\/64ebac40b93f26a154f8a9b5b6fdccfc46f442b26b3dd6756dbff3bf9dc76fd7?s=96&d=mm&r=g\",\"contentUrl\":\"https:\\\/\\\/secure.gravatar.com\\\/avatar\\\/64ebac40b93f26a154f8a9b5b6fdccfc46f442b26b3dd6756dbff3bf9dc76fd7?s=96&d=mm&r=g\",\"caption\":\"super-news\"},\"url\":\"https:\\\/\\\/super-news.info\\\/es\\\/author\\\/pt\\\/\"}]}<\/script>\n<!-- \/ Yoast SEO plugin. -->","yoast_head_json":{"title":"Reyes y Abrines invitados a la presentaci\u00f3n de #DAZN - Super News","robots":{"index":"index","follow":"follow","max-snippet":"max-snippet:-1","max-image-preview":"max-image-preview:large","max-video-preview":"max-video-preview:-1"},"canonical":"https:\/\/super-news.info\/es\/reyes-y-abrines-invitados-a-la-presentacion-de-dazn\/","og_locale":"en_US","og_type":"article","og_title":"Reyes y Abrines invitados a la presentaci\u00f3n de #DAZN - Super News","og_description":"La plataforma DAZN presenta la retransmisi\u00f3n en directo de la #Euroliga. La presentaci\u00f3n se ha llevado a cabo esta misma ma\u00f1ana con unos invitados de lujo. Felipe Reyes, el capit\u00e1n del #RealMadrid que se retir\u00f3 hace dos a\u00f1os, y los jugadores \u00c1lex Abrines, Fernando San Emeterio y Jayson Granger han estado presente en el evento [&hellip;]","og_url":"https:\/\/super-news.info\/es\/reyes-y-abrines-invitados-a-la-presentacion-de-dazn\/","og_site_name":"Super News","article_published_time":"2019-09-19T07:41:27+00:00","article_modified_time":"2019-09-19T07:41:28+00:00","og_image":[{"width":626,"height":364,"url":"https:\/\/super-news.info\/es\/wp-content\/uploads\/sites\/4\/2019\/07\/Los-usuarios-de-DAZN-han-visto-m\u00e1s-de-128-millones.jpg","type":"image\/jpeg"}],"author":"super-news","twitter_card":"summary_large_image","twitter_misc":{"Written by":"super-news"},"schema":{"@context":"https:\/\/schema.org","@graph":[{"@type":"Article","@id":"https:\/\/super-news.info\/es\/reyes-y-abrines-invitados-a-la-presentacion-de-dazn\/#article","isPartOf":{"@id":"https:\/\/super-news.info\/es\/reyes-y-abrines-invitados-a-la-presentacion-de-dazn\/"},"author":{"name":"super-news","@id":"https:\/\/super-news.info\/es\/#\/schema\/person\/2d4068cb2f39cd10008c2fce578a7356"},"headline":"Reyes y Abrines invitados a la presentaci\u00f3n de #DAZN","datePublished":"2019-09-19T07:41:27+00:00","dateModified":"2019-09-19T07:41:28+00:00","mainEntityOfPage":{"@id":"https:\/\/super-news.info\/es\/reyes-y-abrines-invitados-a-la-presentacion-de-dazn\/"},"wordCount":80,"commentCount":0,"image":{"@id":"https:\/\/super-news.info\/es\/reyes-y-abrines-invitados-a-la-presentacion-de-dazn\/#primaryimage"},"thumbnailUrl":"https:\/\/super-news.info\/es\/wp-content\/uploads\/sites\/4\/2019\/07\/Los-usuarios-de-DAZN-han-visto-m\u00e1s-de-128-millones.jpg","articleSection":["NOTICIAS DE MARKETING DIGITAL"],"inLanguage":"en-US","potentialAction":[{"@type":"CommentAction","name":"Comment","target":["https:\/\/super-news.info\/es\/reyes-y-abrines-invitados-a-la-presentacion-de-dazn\/#respond"]}]},{"@type":"WebPage","@id":"https:\/\/super-news.info\/es\/reyes-y-abrines-invitados-a-la-presentacion-de-dazn\/","url":"https:\/\/super-news.info\/es\/reyes-y-abrines-invitados-a-la-presentacion-de-dazn\/","name":"Reyes y Abrines invitados a la presentaci\u00f3n de #DAZN - Super News","isPartOf":{"@id":"https:\/\/super-news.info\/es\/#website"},"primaryImageOfPage":{"@id":"https:\/\/super-news.info\/es\/reyes-y-abrines-invitados-a-la-presentacion-de-dazn\/#primaryimage"},"image":{"@id":"https:\/\/super-news.info\/es\/reyes-y-abrines-invitados-a-la-presentacion-de-dazn\/#primaryimage"},"thumbnailUrl":"https:\/\/super-news.info\/es\/wp-content\/uploads\/sites\/4\/2019\/07\/Los-usuarios-de-DAZN-han-visto-m\u00e1s-de-128-millones.jpg","datePublished":"2019-09-19T07:41:27+00:00","dateModified":"2019-09-19T07:41:28+00:00","author":{"@id":"https:\/\/super-news.info\/es\/#\/schema\/person\/2d4068cb2f39cd10008c2fce578a7356"},"breadcrumb":{"@id":"https:\/\/super-news.info\/es\/reyes-y-abrines-invitados-a-la-presentacion-de-dazn\/#breadcrumb"},"inLanguage":"en-US","potentialAction":[{"@type":"ReadAction","target":["https:\/\/super-news.info\/es\/reyes-y-abrines-invitados-a-la-presentacion-de-dazn\/"]}]},{"@type":"ImageObject","inLanguage":"en-US","@id":"https:\/\/super-news.info\/es\/reyes-y-abrines-invitados-a-la-presentacion-de-dazn\/#primaryimage","url":"https:\/\/super-news.info\/es\/wp-content\/uploads\/sites\/4\/2019\/07\/Los-usuarios-de-DAZN-han-visto-m\u00e1s-de-128-millones.jpg","contentUrl":"https:\/\/super-news.info\/es\/wp-content\/uploads\/sites\/4\/2019\/07\/Los-usuarios-de-DAZN-han-visto-m\u00e1s-de-128-millones.jpg","width":626,"height":364,"caption":"dazn"},{"@type":"BreadcrumbList","@id":"https:\/\/super-news.info\/es\/reyes-y-abrines-invitados-a-la-presentacion-de-dazn\/#breadcrumb","itemListElement":[{"@type":"ListItem","position":1,"name":"\u0413\u043b\u0430\u0432\u043d\u0430\u044f \u0441\u0442\u0440\u0430\u043d\u0438\u0446\u0430","item":"https:\/\/super-news.info\/es\/"},{"@type":"ListItem","position":2,"name":"Reyes y Abrines invitados a la presentaci\u00f3n de #DAZN"}]},{"@type":"WebSite","@id":"https:\/\/super-news.info\/es\/#website","url":"https:\/\/super-news.info\/es\/","name":"Super News","description":"Super News Espa\u00f1a","potentialAction":[{"@type":"SearchAction","target":{"@type":"EntryPoint","urlTemplate":"https:\/\/super-news.info\/es\/?s={search_term_string}"},"query-input":{"@type":"PropertyValueSpecification","valueRequired":true,"valueName":"search_term_string"}}],"inLanguage":"en-US"},{"@type":"Person","@id":"https:\/\/super-news.info\/es\/#\/schema\/person\/2d4068cb2f39cd10008c2fce578a7356","name":"super-news","image":{"@type":"ImageObject","inLanguage":"en-US","@id":"https:\/\/secure.gravatar.com\/avatar\/64ebac40b93f26a154f8a9b5b6fdccfc46f442b26b3dd6756dbff3bf9dc76fd7?s=96&d=mm&r=g","url":"https:\/\/secure.gravatar.com\/avatar\/64ebac40b93f26a154f8a9b5b6fdccfc46f442b26b3dd6756dbff3bf9dc76fd7?s=96&d=mm&r=g","contentUrl":"https:\/\/secure.gravatar.com\/avatar\/64ebac40b93f26a154f8a9b5b6fdccfc46f442b26b3dd6756dbff3bf9dc76fd7?s=96&d=mm&r=g","caption":"super-news"},"url":"https:\/\/super-news.info\/es\/author\/pt\/"}]}},"_links":{"self":[{"href":"https:\/\/super-news.info\/es\/wp-json\/wp\/v2\/posts\/11454","targetHints":{"allow":["GET"]}}],"collection":[{"href":"https:\/\/super-news.info\/es\/wp-json\/wp\/v2\/posts"}],"about":[{"href":"https:\/\/super-news.info\/es\/wp-json\/wp\/v2\/types\/post"}],"author":[{"embeddable":true,"href":"https:\/\/super-news.info\/es\/wp-json\/wp\/v2\/users\/2"}],"replies":[{"embeddable":true,"href":"https:\/\/super-news.info\/es\/wp-json\/wp\/v2\/comments?post=11454"}],"version-history":[{"count":1,"href":"https:\/\/super-news.info\/es\/wp-json\/wp\/v2\/posts\/11454\/revisions"}],"predecessor-version":[{"id":11455,"href":"https:\/\/super-news.info\/es\/wp-json\/wp\/v2\/posts\/11454\/revisions\/11455"}],"wp:featuredmedia":[{"embeddable":true,"href":"https:\/\/super-news.info\/es\/wp-json\/wp\/v2\/media\/7239"}],"wp:attachment":[{"href":"https:\/\/super-news.info\/es\/wp-json\/wp\/v2\/media?parent=11454"}],"wp:term":[{"taxonomy":"category","embeddable":true,"href":"https:\/\/super-news.info\/es\/wp-json\/wp\/v2\/categories?post=11454"},{"taxonomy":"post_tag","embeddable":true,"href":"https:\/\/super-news.info\/es\/wp-json\/wp\/v2\/tags?post=11454"}],"curies":[{"name":"wp","href":"https:\/\/api.w.org\/{rel}","templated":true}]}}