{"id":11352,"date":"2019-09-18T03:10:35","date_gmt":"2019-09-18T00:10:35","guid":{"rendered":"https:\/\/super-news.info\/es\/cabify-lanza-en-espana-una-campana-que-integra-los-servicios-de-vtc-taxi-motos-y-patinetes-electricos\/"},"modified":"2019-09-18T03:10:36","modified_gmt":"2019-09-18T00:10:36","slug":"cabify-lanza-en-espana-una-campana-que-integra-los-servicios-de-vtc-taxi-motos-y-patinetes-electricos","status":"publish","type":"post","link":"https:\/\/super-news.info\/es\/cabify-lanza-en-espana-una-campana-que-integra-los-servicios-de-vtc-taxi-motos-y-patinetes-electricos\/","title":{"rendered":"Cabify lanza en Espa\u00f1a una campa\u00f1a que integra los servicios de VTC, taxi, motos y patinetes el\u00e9ctricos"},"content":{"rendered":"<p>\t\t\t\t\t\t\t\t\t\tCabify quiere ampliar las opciones de movilidad a nuevas ciudades e integrar en mayor medida los servicios de movilidad a partir de acuerdos de colaboraci\u00f3n<\/p>\n<p>La empresa espa\u00f1ola de movilidad Cabify anunci\u00f3 hoy el lanzamiento de una campa\u00f1a que por vez primera en Espa\u00f1a integra los servicios de veh\u00edculos de transporte con conductor (VTC), taxis y las motos y patinetes el\u00e9ctricos de MOVO. Es la apuesta m\u00e1s ambiciosa realizada hasta ahora en Espa\u00f1a por una compa\u00f1\u00eda de movilidad para mostrar una oferta multimodal, integral e inclusiva de diferentes opciones de movilidad desde una \u00fanica aplicaci\u00f3n y dar la oportunidad al usuario de poder escoger en cada momento la m\u00e1s conveniente a sus necesidades.<br \/>\nLa campa\u00f1a &#8220;Tus decisiones te mueven&#8221; se produce despu\u00e9s de haber incluido el servicio del taxi en la aplicaci\u00f3n de Cabify en ciudades como Madrid, Valencia y Santander, as\u00ed como patinetes y motos el\u00e9ctricas en Madrid, motos el\u00e9ctricas en Barcelona y patinetes en M\u00e1laga y Valencia, presentes en esta ciudad a trav\u00e9s de la aplicaci\u00f3n MOVO y en pocas semanas tambi\u00e9n en Cabify.<br \/>\nCabify tiene un firme compromiso con seguir avanzando en el Mobility as a Service (MaaS) como eje estrat\u00e9gico en Espa\u00f1a, el mercado que le vio nacer y que en 2018 arroj\u00f3 fuertes crecimientos del 114% en el n\u00famero de usuarios, del 116% en el n\u00famero de viajes y del 98% en su cifra de negocios, que alcanz\u00f3 los 114 millones de euros.<br \/>\nTodo ello condujo a la creaci\u00f3n de 6.500 empleos directos e indirectos en 2018. Tras haber alcanzado sus primeros acuerdos de colaboraci\u00f3n con el sector del taxi en algunas ciudades, Cabify quiere seguir impulsando nuevos acuerdos y llevarlos a m\u00e1s ciudades para seguir completando su oferta de movilidad de manera paulatina, siempre respetando y adapt\u00e1ndose a las normativas en cada territorio.<br \/>\n&#8220;Nuestro compromiso con la movilidad como servicio es total y por ello seguimos trabajando para lograr nuevos acuerdos con el sector del taxi, que nos permita ofrecer el mayor n\u00famero posible de opciones para moverse por las ciudades espa\u00f1olas y que sea el usuario quien escoja en cada momento la que m\u00e1s le conviene&#8221;, afirm\u00f3 Marino Silveyra, presidente de Cabify Europa.<br \/>\n&#8220;Con este tipo de campa\u00f1as y especialmente coincidiendo con la Semana Europea de la Movilidad, Cabify apuesta por contribuir en el dise\u00f1o de las smart cities ofreciendo diversas alternativas de movilidad que den respuestas a las inquietudes de los ciudadanos de una manera sostenible y efectiva&#8221;, explic\u00f3 Daniel Rodrigo, Head of Marketing, Outreach and Awareness de Cabify.<br \/>\nComo primera empresa de movilidad neutra en carbono en Europa y Am\u00e9rica Latina, Cabify reafirma adem\u00e1s mediante esta campa\u00f1a su compromiso de acompa\u00f1ar a los ciudadanos hacia un futuro m\u00e1s sostenible, impulsando nuevos h\u00e1bitos de consumo que contribuyan a convertir las ciudades en mejores lugares para vivir.<br \/>\nBajo el concepto &#8220;Tus decisiones te mueven&#8221;, la campa\u00f1a tiene el prop\u00f3sito de promover que las personas se muevan en la direcci\u00f3n adecuada, hacia una movilidad que\u00a0 favorece cuidado del medioambiente perfilando la eficiencia urbana del ma\u00f1ana. Madrid, Barcelona, Valencia, Sevilla y M\u00e1laga, son algunas de las ciudades donde se ha impulsado la campa\u00f1a a trav\u00e9s de pantallas, lonas y mobiliario urbano y digital:<\/p>\n<p>&#8211; &#8220;Atajar por el parque en pat\u00edn para que la ciudad respire. Tus decisiones te mueven, elige c\u00f3mo&#8221;.<br \/>\n&#8211; &#8220;No ser parte de los atascos cogiendo una moto distinta cada d\u00eda. Tus decisiones te mueven, elige c\u00f3mo&#8221;.<br \/>\n&#8211; &#8220;Eligiendo Cabify, eliges reducir el tr\u00e1fico en Madrid. Tus decisiones te mueven, elige c\u00f3mo&#8221;.<br \/>\n&#8211; &#8220;No es solo ir al Liceu, es ir a apoyar la cultura de tu ciudad. Tus decisiones te mueven, elige c\u00f3mo&#8221;.<br \/>\nEstos son algunos de los mensajes principales que se pueden visualizar a partir de hoy: Cabify, el partner estrat\u00e9gico de movilidad por excelencia, tiene como prop\u00f3sito convertir a las ciudades en las que opera en mejores entornos para vivir, donde el concepto Mobility as a Service (MaaS) lidere esta transformaci\u00f3n que permita la evoluci\u00f3n de la movilidad, la optimizaci\u00f3n de la tecnolog\u00eda, la interconectividad de los datos de desplazamiento y la protecci\u00f3n del entorno en el que vivimos.<br \/>\nNota de prensa.<\/p>\n<p>\t\t\t\t\t\t\t\t\t\t\tNo te pierdas nada de MarketingDirecto.com y \u00fanete a nuestro Telegram t.me\/MarketingDirecto<\/p>\n<p>\n<!--noindex--><br \/>\n<a href=\"https:\/\/www.marketingdirecto.com\/marketing-general\/publicidad\/cabify-lanza-en-espana-una-campana-que-integra-los-servicios-de-vtc-taxi-motos-y-patinetes-electricos\" rel=\"nofollow\">Source link <\/a><br \/>\n<!--\/noindex--><\/p>\n","protected":false},"excerpt":{"rendered":"<p>Cabify quiere ampliar las opciones de movilidad a nuevas ciudades e integrar en mayor medida los servicios de movilidad a partir de acuerdos de colaboraci\u00f3n La empresa espa\u00f1ola de movilidad Cabify anunci\u00f3 hoy el lanzamiento de una campa\u00f1a que por vez primera en Espa\u00f1a integra los servicios de veh\u00edculos de transporte con conductor (VTC), taxis [&hellip;]<\/p>\n","protected":false},"author":2,"featured_media":11353,"comment_status":"open","ping_status":"open","sticky":false,"template":"","format":"standard","meta":{"footnotes":""},"categories":[2],"tags":[],"class_list":["post-11352","post","type-post","status-publish","format-standard","has-post-thumbnail","hentry","category-noticias-de-marketing-digital"],"yoast_head":"<!-- This site is optimized with the Yoast SEO plugin v27.4 - https:\/\/yoast.com\/product\/yoast-seo-wordpress\/ -->\n<title>Cabify lanza en Espa\u00f1a una campa\u00f1a que integra los servicios de VTC, taxi, motos y patinetes el\u00e9ctricos - Super News<\/title>\n<meta name=\"robots\" content=\"index, follow, max-snippet:-1, max-image-preview:large, max-video-preview:-1\" \/>\n<link rel=\"canonical\" href=\"https:\/\/super-news.info\/es\/cabify-lanza-en-espana-una-campana-que-integra-los-servicios-de-vtc-taxi-motos-y-patinetes-electricos\/\" \/>\n<meta property=\"og:locale\" content=\"en_US\" \/>\n<meta property=\"og:type\" content=\"article\" \/>\n<meta property=\"og:title\" content=\"Cabify lanza en Espa\u00f1a una campa\u00f1a que integra los servicios de VTC, taxi, motos y patinetes el\u00e9ctricos - Super News\" \/>\n<meta property=\"og:description\" content=\"Cabify quiere ampliar las opciones de movilidad a nuevas ciudades e integrar en mayor medida los servicios de movilidad a partir de acuerdos de colaboraci\u00f3n La empresa espa\u00f1ola de movilidad Cabify anunci\u00f3 hoy el lanzamiento de una campa\u00f1a que por vez primera en Espa\u00f1a integra los servicios de veh\u00edculos de transporte con conductor (VTC), taxis [&hellip;]\" \/>\n<meta property=\"og:url\" content=\"https:\/\/super-news.info\/es\/cabify-lanza-en-espana-una-campana-que-integra-los-servicios-de-vtc-taxi-motos-y-patinetes-electricos\/\" \/>\n<meta property=\"og:site_name\" content=\"Super News\" \/>\n<meta property=\"article:published_time\" content=\"2019-09-18T00:10:35+00:00\" \/>\n<meta property=\"article:modified_time\" content=\"2019-09-18T00:10:36+00:00\" \/>\n<meta property=\"og:image\" content=\"https:\/\/super-news.info\/es\/wp-content\/uploads\/sites\/4\/2019\/09\/Cabify-lanza-en-Espa-a-una-campa-a-que-integra-los-servicios.jpg\" \/>\n\t<meta property=\"og:image:width\" content=\"626\" \/>\n\t<meta property=\"og:image:height\" content=\"364\" \/>\n\t<meta property=\"og:image:type\" content=\"image\/jpeg\" \/>\n<meta name=\"author\" content=\"super-news\" \/>\n<meta name=\"twitter:card\" content=\"summary_large_image\" \/>\n<meta name=\"twitter:label1\" content=\"Written by\" \/>\n\t<meta name=\"twitter:data1\" content=\"super-news\" \/>\n\t<meta name=\"twitter:label2\" content=\"Est. reading time\" \/>\n\t<meta name=\"twitter:data2\" content=\"4 minutes\" \/>\n<script type=\"application\/ld+json\" class=\"yoast-schema-graph\">{\"@context\":\"https:\\\/\\\/schema.org\",\"@graph\":[{\"@type\":\"Article\",\"@id\":\"https:\\\/\\\/super-news.info\\\/es\\\/cabify-lanza-en-espana-una-campana-que-integra-los-servicios-de-vtc-taxi-motos-y-patinetes-electricos\\\/#article\",\"isPartOf\":{\"@id\":\"https:\\\/\\\/super-news.info\\\/es\\\/cabify-lanza-en-espana-una-campana-que-integra-los-servicios-de-vtc-taxi-motos-y-patinetes-electricos\\\/\"},\"author\":{\"name\":\"super-news\",\"@id\":\"https:\\\/\\\/super-news.info\\\/es\\\/#\\\/schema\\\/person\\\/2d4068cb2f39cd10008c2fce578a7356\"},\"headline\":\"Cabify lanza en Espa\u00f1a una campa\u00f1a que integra los servicios de VTC, taxi, motos y patinetes el\u00e9ctricos\",\"datePublished\":\"2019-09-18T00:10:35+00:00\",\"dateModified\":\"2019-09-18T00:10:36+00:00\",\"mainEntityOfPage\":{\"@id\":\"https:\\\/\\\/super-news.info\\\/es\\\/cabify-lanza-en-espana-una-campana-que-integra-los-servicios-de-vtc-taxi-motos-y-patinetes-electricos\\\/\"},\"wordCount\":773,\"commentCount\":0,\"image\":{\"@id\":\"https:\\\/\\\/super-news.info\\\/es\\\/cabify-lanza-en-espana-una-campana-que-integra-los-servicios-de-vtc-taxi-motos-y-patinetes-electricos\\\/#primaryimage\"},\"thumbnailUrl\":\"https:\\\/\\\/super-news.info\\\/es\\\/wp-content\\\/uploads\\\/sites\\\/4\\\/2019\\\/09\\\/Cabify-lanza-en-Espa-a-una-campa-a-que-integra-los-servicios.jpg\",\"articleSection\":[\"NOTICIAS DE MARKETING DIGITAL\"],\"inLanguage\":\"en-US\",\"potentialAction\":[{\"@type\":\"CommentAction\",\"name\":\"Comment\",\"target\":[\"https:\\\/\\\/super-news.info\\\/es\\\/cabify-lanza-en-espana-una-campana-que-integra-los-servicios-de-vtc-taxi-motos-y-patinetes-electricos\\\/#respond\"]}]},{\"@type\":\"WebPage\",\"@id\":\"https:\\\/\\\/super-news.info\\\/es\\\/cabify-lanza-en-espana-una-campana-que-integra-los-servicios-de-vtc-taxi-motos-y-patinetes-electricos\\\/\",\"url\":\"https:\\\/\\\/super-news.info\\\/es\\\/cabify-lanza-en-espana-una-campana-que-integra-los-servicios-de-vtc-taxi-motos-y-patinetes-electricos\\\/\",\"name\":\"Cabify lanza en Espa\u00f1a una campa\u00f1a que integra los servicios de VTC, taxi, motos y patinetes el\u00e9ctricos - Super News\",\"isPartOf\":{\"@id\":\"https:\\\/\\\/super-news.info\\\/es\\\/#website\"},\"primaryImageOfPage\":{\"@id\":\"https:\\\/\\\/super-news.info\\\/es\\\/cabify-lanza-en-espana-una-campana-que-integra-los-servicios-de-vtc-taxi-motos-y-patinetes-electricos\\\/#primaryimage\"},\"image\":{\"@id\":\"https:\\\/\\\/super-news.info\\\/es\\\/cabify-lanza-en-espana-una-campana-que-integra-los-servicios-de-vtc-taxi-motos-y-patinetes-electricos\\\/#primaryimage\"},\"thumbnailUrl\":\"https:\\\/\\\/super-news.info\\\/es\\\/wp-content\\\/uploads\\\/sites\\\/4\\\/2019\\\/09\\\/Cabify-lanza-en-Espa-a-una-campa-a-que-integra-los-servicios.jpg\",\"datePublished\":\"2019-09-18T00:10:35+00:00\",\"dateModified\":\"2019-09-18T00:10:36+00:00\",\"author\":{\"@id\":\"https:\\\/\\\/super-news.info\\\/es\\\/#\\\/schema\\\/person\\\/2d4068cb2f39cd10008c2fce578a7356\"},\"breadcrumb\":{\"@id\":\"https:\\\/\\\/super-news.info\\\/es\\\/cabify-lanza-en-espana-una-campana-que-integra-los-servicios-de-vtc-taxi-motos-y-patinetes-electricos\\\/#breadcrumb\"},\"inLanguage\":\"en-US\",\"potentialAction\":[{\"@type\":\"ReadAction\",\"target\":[\"https:\\\/\\\/super-news.info\\\/es\\\/cabify-lanza-en-espana-una-campana-que-integra-los-servicios-de-vtc-taxi-motos-y-patinetes-electricos\\\/\"]}]},{\"@type\":\"ImageObject\",\"inLanguage\":\"en-US\",\"@id\":\"https:\\\/\\\/super-news.info\\\/es\\\/cabify-lanza-en-espana-una-campana-que-integra-los-servicios-de-vtc-taxi-motos-y-patinetes-electricos\\\/#primaryimage\",\"url\":\"https:\\\/\\\/super-news.info\\\/es\\\/wp-content\\\/uploads\\\/sites\\\/4\\\/2019\\\/09\\\/Cabify-lanza-en-Espa-a-una-campa-a-que-integra-los-servicios.jpg\",\"contentUrl\":\"https:\\\/\\\/super-news.info\\\/es\\\/wp-content\\\/uploads\\\/sites\\\/4\\\/2019\\\/09\\\/Cabify-lanza-en-Espa-a-una-campa-a-que-integra-los-servicios.jpg\",\"width\":626,\"height\":364,\"caption\":\"tus decisiones te mueven\"},{\"@type\":\"BreadcrumbList\",\"@id\":\"https:\\\/\\\/super-news.info\\\/es\\\/cabify-lanza-en-espana-una-campana-que-integra-los-servicios-de-vtc-taxi-motos-y-patinetes-electricos\\\/#breadcrumb\",\"itemListElement\":[{\"@type\":\"ListItem\",\"position\":1,\"name\":\"\u0413\u043b\u0430\u0432\u043d\u0430\u044f \u0441\u0442\u0440\u0430\u043d\u0438\u0446\u0430\",\"item\":\"https:\\\/\\\/super-news.info\\\/es\\\/\"},{\"@type\":\"ListItem\",\"position\":2,\"name\":\"Cabify lanza en Espa\u00f1a una campa\u00f1a que integra los servicios de VTC, taxi, motos y patinetes el\u00e9ctricos\"}]},{\"@type\":\"WebSite\",\"@id\":\"https:\\\/\\\/super-news.info\\\/es\\\/#website\",\"url\":\"https:\\\/\\\/super-news.info\\\/es\\\/\",\"name\":\"Super News\",\"description\":\"Super News Espa\u00f1a\",\"potentialAction\":[{\"@type\":\"SearchAction\",\"target\":{\"@type\":\"EntryPoint\",\"urlTemplate\":\"https:\\\/\\\/super-news.info\\\/es\\\/?s={search_term_string}\"},\"query-input\":{\"@type\":\"PropertyValueSpecification\",\"valueRequired\":true,\"valueName\":\"search_term_string\"}}],\"inLanguage\":\"en-US\"},{\"@type\":\"Person\",\"@id\":\"https:\\\/\\\/super-news.info\\\/es\\\/#\\\/schema\\\/person\\\/2d4068cb2f39cd10008c2fce578a7356\",\"name\":\"super-news\",\"image\":{\"@type\":\"ImageObject\",\"inLanguage\":\"en-US\",\"@id\":\"https:\\\/\\\/secure.gravatar.com\\\/avatar\\\/64ebac40b93f26a154f8a9b5b6fdccfc46f442b26b3dd6756dbff3bf9dc76fd7?s=96&d=mm&r=g\",\"url\":\"https:\\\/\\\/secure.gravatar.com\\\/avatar\\\/64ebac40b93f26a154f8a9b5b6fdccfc46f442b26b3dd6756dbff3bf9dc76fd7?s=96&d=mm&r=g\",\"contentUrl\":\"https:\\\/\\\/secure.gravatar.com\\\/avatar\\\/64ebac40b93f26a154f8a9b5b6fdccfc46f442b26b3dd6756dbff3bf9dc76fd7?s=96&d=mm&r=g\",\"caption\":\"super-news\"},\"url\":\"https:\\\/\\\/super-news.info\\\/es\\\/author\\\/pt\\\/\"}]}<\/script>\n<!-- \/ Yoast SEO plugin. -->","yoast_head_json":{"title":"Cabify lanza en Espa\u00f1a una campa\u00f1a que integra los servicios de VTC, taxi, motos y patinetes el\u00e9ctricos - Super News","robots":{"index":"index","follow":"follow","max-snippet":"max-snippet:-1","max-image-preview":"max-image-preview:large","max-video-preview":"max-video-preview:-1"},"canonical":"https:\/\/super-news.info\/es\/cabify-lanza-en-espana-una-campana-que-integra-los-servicios-de-vtc-taxi-motos-y-patinetes-electricos\/","og_locale":"en_US","og_type":"article","og_title":"Cabify lanza en Espa\u00f1a una campa\u00f1a que integra los servicios de VTC, taxi, motos y patinetes el\u00e9ctricos - Super News","og_description":"Cabify quiere ampliar las opciones de movilidad a nuevas ciudades e integrar en mayor medida los servicios de movilidad a partir de acuerdos de colaboraci\u00f3n La empresa espa\u00f1ola de movilidad Cabify anunci\u00f3 hoy el lanzamiento de una campa\u00f1a que por vez primera en Espa\u00f1a integra los servicios de veh\u00edculos de transporte con conductor (VTC), taxis [&hellip;]","og_url":"https:\/\/super-news.info\/es\/cabify-lanza-en-espana-una-campana-que-integra-los-servicios-de-vtc-taxi-motos-y-patinetes-electricos\/","og_site_name":"Super News","article_published_time":"2019-09-18T00:10:35+00:00","article_modified_time":"2019-09-18T00:10:36+00:00","og_image":[{"width":626,"height":364,"url":"https:\/\/super-news.info\/es\/wp-content\/uploads\/sites\/4\/2019\/09\/Cabify-lanza-en-Espa-a-una-campa-a-que-integra-los-servicios.jpg","type":"image\/jpeg"}],"author":"super-news","twitter_card":"summary_large_image","twitter_misc":{"Written by":"super-news","Est. reading time":"4 minutes"},"schema":{"@context":"https:\/\/schema.org","@graph":[{"@type":"Article","@id":"https:\/\/super-news.info\/es\/cabify-lanza-en-espana-una-campana-que-integra-los-servicios-de-vtc-taxi-motos-y-patinetes-electricos\/#article","isPartOf":{"@id":"https:\/\/super-news.info\/es\/cabify-lanza-en-espana-una-campana-que-integra-los-servicios-de-vtc-taxi-motos-y-patinetes-electricos\/"},"author":{"name":"super-news","@id":"https:\/\/super-news.info\/es\/#\/schema\/person\/2d4068cb2f39cd10008c2fce578a7356"},"headline":"Cabify lanza en Espa\u00f1a una campa\u00f1a que integra los servicios de VTC, taxi, motos y patinetes el\u00e9ctricos","datePublished":"2019-09-18T00:10:35+00:00","dateModified":"2019-09-18T00:10:36+00:00","mainEntityOfPage":{"@id":"https:\/\/super-news.info\/es\/cabify-lanza-en-espana-una-campana-que-integra-los-servicios-de-vtc-taxi-motos-y-patinetes-electricos\/"},"wordCount":773,"commentCount":0,"image":{"@id":"https:\/\/super-news.info\/es\/cabify-lanza-en-espana-una-campana-que-integra-los-servicios-de-vtc-taxi-motos-y-patinetes-electricos\/#primaryimage"},"thumbnailUrl":"https:\/\/super-news.info\/es\/wp-content\/uploads\/sites\/4\/2019\/09\/Cabify-lanza-en-Espa-a-una-campa-a-que-integra-los-servicios.jpg","articleSection":["NOTICIAS DE MARKETING DIGITAL"],"inLanguage":"en-US","potentialAction":[{"@type":"CommentAction","name":"Comment","target":["https:\/\/super-news.info\/es\/cabify-lanza-en-espana-una-campana-que-integra-los-servicios-de-vtc-taxi-motos-y-patinetes-electricos\/#respond"]}]},{"@type":"WebPage","@id":"https:\/\/super-news.info\/es\/cabify-lanza-en-espana-una-campana-que-integra-los-servicios-de-vtc-taxi-motos-y-patinetes-electricos\/","url":"https:\/\/super-news.info\/es\/cabify-lanza-en-espana-una-campana-que-integra-los-servicios-de-vtc-taxi-motos-y-patinetes-electricos\/","name":"Cabify lanza en Espa\u00f1a una campa\u00f1a que integra los servicios de VTC, taxi, motos y patinetes el\u00e9ctricos - Super News","isPartOf":{"@id":"https:\/\/super-news.info\/es\/#website"},"primaryImageOfPage":{"@id":"https:\/\/super-news.info\/es\/cabify-lanza-en-espana-una-campana-que-integra-los-servicios-de-vtc-taxi-motos-y-patinetes-electricos\/#primaryimage"},"image":{"@id":"https:\/\/super-news.info\/es\/cabify-lanza-en-espana-una-campana-que-integra-los-servicios-de-vtc-taxi-motos-y-patinetes-electricos\/#primaryimage"},"thumbnailUrl":"https:\/\/super-news.info\/es\/wp-content\/uploads\/sites\/4\/2019\/09\/Cabify-lanza-en-Espa-a-una-campa-a-que-integra-los-servicios.jpg","datePublished":"2019-09-18T00:10:35+00:00","dateModified":"2019-09-18T00:10:36+00:00","author":{"@id":"https:\/\/super-news.info\/es\/#\/schema\/person\/2d4068cb2f39cd10008c2fce578a7356"},"breadcrumb":{"@id":"https:\/\/super-news.info\/es\/cabify-lanza-en-espana-una-campana-que-integra-los-servicios-de-vtc-taxi-motos-y-patinetes-electricos\/#breadcrumb"},"inLanguage":"en-US","potentialAction":[{"@type":"ReadAction","target":["https:\/\/super-news.info\/es\/cabify-lanza-en-espana-una-campana-que-integra-los-servicios-de-vtc-taxi-motos-y-patinetes-electricos\/"]}]},{"@type":"ImageObject","inLanguage":"en-US","@id":"https:\/\/super-news.info\/es\/cabify-lanza-en-espana-una-campana-que-integra-los-servicios-de-vtc-taxi-motos-y-patinetes-electricos\/#primaryimage","url":"https:\/\/super-news.info\/es\/wp-content\/uploads\/sites\/4\/2019\/09\/Cabify-lanza-en-Espa-a-una-campa-a-que-integra-los-servicios.jpg","contentUrl":"https:\/\/super-news.info\/es\/wp-content\/uploads\/sites\/4\/2019\/09\/Cabify-lanza-en-Espa-a-una-campa-a-que-integra-los-servicios.jpg","width":626,"height":364,"caption":"tus decisiones te mueven"},{"@type":"BreadcrumbList","@id":"https:\/\/super-news.info\/es\/cabify-lanza-en-espana-una-campana-que-integra-los-servicios-de-vtc-taxi-motos-y-patinetes-electricos\/#breadcrumb","itemListElement":[{"@type":"ListItem","position":1,"name":"\u0413\u043b\u0430\u0432\u043d\u0430\u044f \u0441\u0442\u0440\u0430\u043d\u0438\u0446\u0430","item":"https:\/\/super-news.info\/es\/"},{"@type":"ListItem","position":2,"name":"Cabify lanza en Espa\u00f1a una campa\u00f1a que integra los servicios de VTC, taxi, motos y patinetes el\u00e9ctricos"}]},{"@type":"WebSite","@id":"https:\/\/super-news.info\/es\/#website","url":"https:\/\/super-news.info\/es\/","name":"Super News","description":"Super News Espa\u00f1a","potentialAction":[{"@type":"SearchAction","target":{"@type":"EntryPoint","urlTemplate":"https:\/\/super-news.info\/es\/?s={search_term_string}"},"query-input":{"@type":"PropertyValueSpecification","valueRequired":true,"valueName":"search_term_string"}}],"inLanguage":"en-US"},{"@type":"Person","@id":"https:\/\/super-news.info\/es\/#\/schema\/person\/2d4068cb2f39cd10008c2fce578a7356","name":"super-news","image":{"@type":"ImageObject","inLanguage":"en-US","@id":"https:\/\/secure.gravatar.com\/avatar\/64ebac40b93f26a154f8a9b5b6fdccfc46f442b26b3dd6756dbff3bf9dc76fd7?s=96&d=mm&r=g","url":"https:\/\/secure.gravatar.com\/avatar\/64ebac40b93f26a154f8a9b5b6fdccfc46f442b26b3dd6756dbff3bf9dc76fd7?s=96&d=mm&r=g","contentUrl":"https:\/\/secure.gravatar.com\/avatar\/64ebac40b93f26a154f8a9b5b6fdccfc46f442b26b3dd6756dbff3bf9dc76fd7?s=96&d=mm&r=g","caption":"super-news"},"url":"https:\/\/super-news.info\/es\/author\/pt\/"}]}},"_links":{"self":[{"href":"https:\/\/super-news.info\/es\/wp-json\/wp\/v2\/posts\/11352","targetHints":{"allow":["GET"]}}],"collection":[{"href":"https:\/\/super-news.info\/es\/wp-json\/wp\/v2\/posts"}],"about":[{"href":"https:\/\/super-news.info\/es\/wp-json\/wp\/v2\/types\/post"}],"author":[{"embeddable":true,"href":"https:\/\/super-news.info\/es\/wp-json\/wp\/v2\/users\/2"}],"replies":[{"embeddable":true,"href":"https:\/\/super-news.info\/es\/wp-json\/wp\/v2\/comments?post=11352"}],"version-history":[{"count":1,"href":"https:\/\/super-news.info\/es\/wp-json\/wp\/v2\/posts\/11352\/revisions"}],"predecessor-version":[{"id":11354,"href":"https:\/\/super-news.info\/es\/wp-json\/wp\/v2\/posts\/11352\/revisions\/11354"}],"wp:featuredmedia":[{"embeddable":true,"href":"https:\/\/super-news.info\/es\/wp-json\/wp\/v2\/media\/11353"}],"wp:attachment":[{"href":"https:\/\/super-news.info\/es\/wp-json\/wp\/v2\/media?parent=11352"}],"wp:term":[{"taxonomy":"category","embeddable":true,"href":"https:\/\/super-news.info\/es\/wp-json\/wp\/v2\/categories?post=11352"},{"taxonomy":"post_tag","embeddable":true,"href":"https:\/\/super-news.info\/es\/wp-json\/wp\/v2\/tags?post=11352"}],"curies":[{"name":"wp","href":"https:\/\/api.w.org\/{rel}","templated":true}]}}