{"id":11337,"date":"2019-09-17T21:10:25","date_gmt":"2019-09-17T18:10:25","guid":{"rendered":"https:\/\/super-news.info\/es\/miriam-fatmi-directa-a-la-final-de-europa-tras-ganar-la-final-de-espana-de-ria-talent-fest\/"},"modified":"2019-09-17T21:10:26","modified_gmt":"2019-09-17T18:10:26","slug":"miriam-fatmi-directa-a-la-final-de-europa-tras-ganar-la-final-de-espana-de-ria-talent-fest","status":"publish","type":"post","link":"https:\/\/super-news.info\/es\/miriam-fatmi-directa-a-la-final-de-europa-tras-ganar-la-final-de-espana-de-ria-talent-fest\/","title":{"rendered":"Miriam Fatmi, directa a la final de Europa tras ganar la final de Espa\u00f1a de &#8216;Ria Talent Fest&#8217;"},"content":{"rendered":"<p>\t\t\t\t\t\t\t\t\t\tMiriam Fatmi representar\u00e1 a Espa\u00f1a en la gran final europea del concurso por los 10.000\u20ac del premio total el pr\u00f3ximo 27 de septiembre, en Madrid<\/p>\n<p>Este pasado viernes se celebr\u00f3, dentro de la ciudad de Madrid en el teatro Gymage, la final espa\u00f1ola del &#8216;Ria Talent Fest&#8217;; el concurso internacional de talentos destacado por la multiculturalidad y la integraci\u00f3n de los participantes. Un evento que consigui\u00f3 acoger talentos, tanto a nivel amateur de los concursantes, como un nivel profesional de artistas invitados. Una noche llena de sorpresas, espect\u00e1culos, magia y emotivas historias.<br \/>\nLos invitados fueron los m\u00e1s recompensados de la noche, ya que disfrutaron de una gala con espect\u00e1culos muy variopintos entre s\u00ed, y eso fue lo mismo que hizo dif\u00edcil al jurado tomar una decisi\u00f3n. Los diez finalistas tambi\u00e9n demostraron en el escenario tener un talento especial y las actuaciones fueron completamente diferentes entre s\u00ed por la pluralidad de destrezas que llegaron a la final, desde el canto hasta el deporte, una complicada decisi\u00f3n al comparar entre tan distintos talentos. A\u00fan as\u00ed, gracias a la profesionalidad y experiencia de los componentes del jurado: Dama, Jes\u00fas Yanes, Factory, Carlos Mart\u00edn y, como portavoz, Fernando Labrador, proclamaron en conjunto a la ganadora, Miriam Fatmi con criterio y objetividad<br \/>\nMiriam Fatmi, de origen marroqu\u00ed, llev\u00f3 el espect\u00e1culo &#8220;sobre ruedas&#8221; literalmente. Con sus patines en l\u00ednea hizo una demostraci\u00f3n al p\u00fablico sublime y gracias a ello, no solo se llev\u00f3 5.000\u20ac en su premio, sino que ahora va a competir en la gran final europea por 10.000\u20ac m\u00e1s. Una noche donde las emociones estuvieron a flor de piel continuamente para la ganadora, ya que su abuela acudi\u00f3 a la gala para mostrarla su apoyo en un d\u00eda tan especial como su 88 cumplea\u00f1os, una fecha que ahora seguro ya no podr\u00e1n olvidar.<\/p>\n<p>La multiculturalidad y la pluralidad forman parte del ADN de Ria, al igual que el inter\u00e9s por compartir y premiar la cultura y el talento. De esa vocaci\u00f3n naci\u00f3 el &#8216;Ria Talent Fest&#8217;: una iniciativa para continuar ofreciendo oportunidades a los clientes que conf\u00edan en la compa\u00f1\u00eda para hacer llegar dinero a sus familias que se encuentran sus pa\u00edses natales. Sin lugar a duda, consiguieron empapar al p\u00fablico de esta esencia llevando artistas invitados que representaron la multiculturalidad asociada a la marca: el grupo de percusi\u00f3n africano Culumba, parte de la l\u00ednea ecuatorial pudimos ver a Factory, una gran artista de la bachata originaria de Rep\u00fablica Dominicana fue Dama dotando el baile con su carisma y, por \u00faltimo, un artista emergente del genero urbano Mario Cassado. Una noche en la que no falt\u00f3 ning\u00fan detalle por parte de Ria Talent Fest para demostrar sus valores.<br \/>\nAhora, Miriam Fatmi tiene la oportunidad de representar a Espa\u00f1a en la final europea del Ria Talent Festival. En este \u00faltimo concurso, el ganador competir\u00e1 con los finalistas de Francia, Italia, Inglaterra, Suiza, Alemania y Austria por el gran premio de 10.000\u20ac. Este 27 de septiembre el Gymage de Madrid volver\u00e1 a llenarse de talentos, pero esta vez, venidos de todas partes de Europa.<br \/>\nNota de prensa.<\/p>\n<p>\t\t\t\t\t\t\t\t\t\t\tNo te pierdas nada de MarketingDirecto.com y \u00fanete a nuestro Telegram t.me\/MarketingDirecto<\/p>\n<p>\n<!--noindex--><br \/>\n<a href=\"https:\/\/www.marketingdirecto.com\/marketing-general\/tendencias\/miriam-fatmi-directa-a-la-final-de-europa-tras-ganar-la-final-de-espana-de-ria-talent-fest\" rel=\"nofollow\">Source link <\/a><br \/>\n<!--\/noindex--><\/p>\n","protected":false},"excerpt":{"rendered":"<p>Miriam Fatmi representar\u00e1 a Espa\u00f1a en la gran final europea del concurso por los 10.000\u20ac del premio total el pr\u00f3ximo 27 de septiembre, en Madrid Este pasado viernes se celebr\u00f3, dentro de la ciudad de Madrid en el teatro Gymage, la final espa\u00f1ola del &#8216;Ria Talent Fest&#8217;; el concurso internacional de talentos destacado por la [&hellip;]<\/p>\n","protected":false},"author":2,"featured_media":11338,"comment_status":"open","ping_status":"open","sticky":false,"template":"","format":"standard","meta":{"footnotes":""},"categories":[2],"tags":[],"class_list":["post-11337","post","type-post","status-publish","format-standard","has-post-thumbnail","hentry","category-noticias-de-marketing-digital"],"yoast_head":"<!-- This site is optimized with the Yoast SEO plugin v27.4 - https:\/\/yoast.com\/product\/yoast-seo-wordpress\/ -->\n<title>Miriam Fatmi, directa a la final de Europa tras ganar la final de Espa\u00f1a de &#039;Ria Talent Fest&#039; - Super News<\/title>\n<meta name=\"robots\" content=\"index, follow, max-snippet:-1, max-image-preview:large, max-video-preview:-1\" \/>\n<link rel=\"canonical\" href=\"https:\/\/super-news.info\/es\/miriam-fatmi-directa-a-la-final-de-europa-tras-ganar-la-final-de-espana-de-ria-talent-fest\/\" \/>\n<meta property=\"og:locale\" content=\"en_US\" \/>\n<meta property=\"og:type\" content=\"article\" \/>\n<meta property=\"og:title\" content=\"Miriam Fatmi, directa a la final de Europa tras ganar la final de Espa\u00f1a de &#039;Ria Talent Fest&#039; - Super News\" \/>\n<meta property=\"og:description\" content=\"Miriam Fatmi representar\u00e1 a Espa\u00f1a en la gran final europea del concurso por los 10.000\u20ac del premio total el pr\u00f3ximo 27 de septiembre, en Madrid Este pasado viernes se celebr\u00f3, dentro de la ciudad de Madrid en el teatro Gymage, la final espa\u00f1ola del &#8216;Ria Talent Fest&#8217;; el concurso internacional de talentos destacado por la [&hellip;]\" \/>\n<meta property=\"og:url\" content=\"https:\/\/super-news.info\/es\/miriam-fatmi-directa-a-la-final-de-europa-tras-ganar-la-final-de-espana-de-ria-talent-fest\/\" \/>\n<meta property=\"og:site_name\" content=\"Super News\" \/>\n<meta property=\"article:published_time\" content=\"2019-09-17T18:10:25+00:00\" \/>\n<meta property=\"article:modified_time\" content=\"2019-09-17T18:10:26+00:00\" \/>\n<meta property=\"og:image\" content=\"https:\/\/super-news.info\/es\/wp-content\/uploads\/sites\/4\/2019\/09\/Miriam-Fatmi-directa-a-la-final-de-Europa-tras-ganar.jpg\" \/>\n\t<meta property=\"og:image:width\" content=\"626\" \/>\n\t<meta property=\"og:image:height\" content=\"364\" \/>\n\t<meta property=\"og:image:type\" content=\"image\/jpeg\" \/>\n<meta name=\"author\" content=\"super-news\" \/>\n<meta name=\"twitter:card\" content=\"summary_large_image\" \/>\n<meta name=\"twitter:label1\" content=\"Written by\" \/>\n\t<meta name=\"twitter:data1\" content=\"super-news\" \/>\n\t<meta name=\"twitter:label2\" content=\"Est. reading time\" \/>\n\t<meta name=\"twitter:data2\" content=\"3 minutes\" \/>\n<script type=\"application\/ld+json\" class=\"yoast-schema-graph\">{\"@context\":\"https:\\\/\\\/schema.org\",\"@graph\":[{\"@type\":\"Article\",\"@id\":\"https:\\\/\\\/super-news.info\\\/es\\\/miriam-fatmi-directa-a-la-final-de-europa-tras-ganar-la-final-de-espana-de-ria-talent-fest\\\/#article\",\"isPartOf\":{\"@id\":\"https:\\\/\\\/super-news.info\\\/es\\\/miriam-fatmi-directa-a-la-final-de-europa-tras-ganar-la-final-de-espana-de-ria-talent-fest\\\/\"},\"author\":{\"name\":\"super-news\",\"@id\":\"https:\\\/\\\/super-news.info\\\/es\\\/#\\\/schema\\\/person\\\/2d4068cb2f39cd10008c2fce578a7356\"},\"headline\":\"Miriam Fatmi, directa a la final de Europa tras ganar la final de Espa\u00f1a de &#8216;Ria Talent Fest&#8217;\",\"datePublished\":\"2019-09-17T18:10:25+00:00\",\"dateModified\":\"2019-09-17T18:10:26+00:00\",\"mainEntityOfPage\":{\"@id\":\"https:\\\/\\\/super-news.info\\\/es\\\/miriam-fatmi-directa-a-la-final-de-europa-tras-ganar-la-final-de-espana-de-ria-talent-fest\\\/\"},\"wordCount\":573,\"commentCount\":0,\"image\":{\"@id\":\"https:\\\/\\\/super-news.info\\\/es\\\/miriam-fatmi-directa-a-la-final-de-europa-tras-ganar-la-final-de-espana-de-ria-talent-fest\\\/#primaryimage\"},\"thumbnailUrl\":\"https:\\\/\\\/super-news.info\\\/es\\\/wp-content\\\/uploads\\\/sites\\\/4\\\/2019\\\/09\\\/Miriam-Fatmi-directa-a-la-final-de-Europa-tras-ganar.jpg\",\"articleSection\":[\"NOTICIAS DE MARKETING DIGITAL\"],\"inLanguage\":\"en-US\",\"potentialAction\":[{\"@type\":\"CommentAction\",\"name\":\"Comment\",\"target\":[\"https:\\\/\\\/super-news.info\\\/es\\\/miriam-fatmi-directa-a-la-final-de-europa-tras-ganar-la-final-de-espana-de-ria-talent-fest\\\/#respond\"]}]},{\"@type\":\"WebPage\",\"@id\":\"https:\\\/\\\/super-news.info\\\/es\\\/miriam-fatmi-directa-a-la-final-de-europa-tras-ganar-la-final-de-espana-de-ria-talent-fest\\\/\",\"url\":\"https:\\\/\\\/super-news.info\\\/es\\\/miriam-fatmi-directa-a-la-final-de-europa-tras-ganar-la-final-de-espana-de-ria-talent-fest\\\/\",\"name\":\"Miriam Fatmi, directa a la final de Europa tras ganar la final de Espa\u00f1a de 'Ria Talent Fest' - Super News\",\"isPartOf\":{\"@id\":\"https:\\\/\\\/super-news.info\\\/es\\\/#website\"},\"primaryImageOfPage\":{\"@id\":\"https:\\\/\\\/super-news.info\\\/es\\\/miriam-fatmi-directa-a-la-final-de-europa-tras-ganar-la-final-de-espana-de-ria-talent-fest\\\/#primaryimage\"},\"image\":{\"@id\":\"https:\\\/\\\/super-news.info\\\/es\\\/miriam-fatmi-directa-a-la-final-de-europa-tras-ganar-la-final-de-espana-de-ria-talent-fest\\\/#primaryimage\"},\"thumbnailUrl\":\"https:\\\/\\\/super-news.info\\\/es\\\/wp-content\\\/uploads\\\/sites\\\/4\\\/2019\\\/09\\\/Miriam-Fatmi-directa-a-la-final-de-Europa-tras-ganar.jpg\",\"datePublished\":\"2019-09-17T18:10:25+00:00\",\"dateModified\":\"2019-09-17T18:10:26+00:00\",\"author\":{\"@id\":\"https:\\\/\\\/super-news.info\\\/es\\\/#\\\/schema\\\/person\\\/2d4068cb2f39cd10008c2fce578a7356\"},\"breadcrumb\":{\"@id\":\"https:\\\/\\\/super-news.info\\\/es\\\/miriam-fatmi-directa-a-la-final-de-europa-tras-ganar-la-final-de-espana-de-ria-talent-fest\\\/#breadcrumb\"},\"inLanguage\":\"en-US\",\"potentialAction\":[{\"@type\":\"ReadAction\",\"target\":[\"https:\\\/\\\/super-news.info\\\/es\\\/miriam-fatmi-directa-a-la-final-de-europa-tras-ganar-la-final-de-espana-de-ria-talent-fest\\\/\"]}]},{\"@type\":\"ImageObject\",\"inLanguage\":\"en-US\",\"@id\":\"https:\\\/\\\/super-news.info\\\/es\\\/miriam-fatmi-directa-a-la-final-de-europa-tras-ganar-la-final-de-espana-de-ria-talent-fest\\\/#primaryimage\",\"url\":\"https:\\\/\\\/super-news.info\\\/es\\\/wp-content\\\/uploads\\\/sites\\\/4\\\/2019\\\/09\\\/Miriam-Fatmi-directa-a-la-final-de-Europa-tras-ganar.jpg\",\"contentUrl\":\"https:\\\/\\\/super-news.info\\\/es\\\/wp-content\\\/uploads\\\/sites\\\/4\\\/2019\\\/09\\\/Miriam-Fatmi-directa-a-la-final-de-Europa-tras-ganar.jpg\",\"width\":626,\"height\":364,\"caption\":\"ganadoramiriamfatmi\"},{\"@type\":\"BreadcrumbList\",\"@id\":\"https:\\\/\\\/super-news.info\\\/es\\\/miriam-fatmi-directa-a-la-final-de-europa-tras-ganar-la-final-de-espana-de-ria-talent-fest\\\/#breadcrumb\",\"itemListElement\":[{\"@type\":\"ListItem\",\"position\":1,\"name\":\"\u0413\u043b\u0430\u0432\u043d\u0430\u044f \u0441\u0442\u0440\u0430\u043d\u0438\u0446\u0430\",\"item\":\"https:\\\/\\\/super-news.info\\\/es\\\/\"},{\"@type\":\"ListItem\",\"position\":2,\"name\":\"Miriam Fatmi, directa a la final de Europa tras ganar la final de Espa\u00f1a de &#8216;Ria Talent Fest&#8217;\"}]},{\"@type\":\"WebSite\",\"@id\":\"https:\\\/\\\/super-news.info\\\/es\\\/#website\",\"url\":\"https:\\\/\\\/super-news.info\\\/es\\\/\",\"name\":\"Super News\",\"description\":\"Super News Espa\u00f1a\",\"potentialAction\":[{\"@type\":\"SearchAction\",\"target\":{\"@type\":\"EntryPoint\",\"urlTemplate\":\"https:\\\/\\\/super-news.info\\\/es\\\/?s={search_term_string}\"},\"query-input\":{\"@type\":\"PropertyValueSpecification\",\"valueRequired\":true,\"valueName\":\"search_term_string\"}}],\"inLanguage\":\"en-US\"},{\"@type\":\"Person\",\"@id\":\"https:\\\/\\\/super-news.info\\\/es\\\/#\\\/schema\\\/person\\\/2d4068cb2f39cd10008c2fce578a7356\",\"name\":\"super-news\",\"image\":{\"@type\":\"ImageObject\",\"inLanguage\":\"en-US\",\"@id\":\"https:\\\/\\\/secure.gravatar.com\\\/avatar\\\/64ebac40b93f26a154f8a9b5b6fdccfc46f442b26b3dd6756dbff3bf9dc76fd7?s=96&d=mm&r=g\",\"url\":\"https:\\\/\\\/secure.gravatar.com\\\/avatar\\\/64ebac40b93f26a154f8a9b5b6fdccfc46f442b26b3dd6756dbff3bf9dc76fd7?s=96&d=mm&r=g\",\"contentUrl\":\"https:\\\/\\\/secure.gravatar.com\\\/avatar\\\/64ebac40b93f26a154f8a9b5b6fdccfc46f442b26b3dd6756dbff3bf9dc76fd7?s=96&d=mm&r=g\",\"caption\":\"super-news\"},\"url\":\"https:\\\/\\\/super-news.info\\\/es\\\/author\\\/pt\\\/\"}]}<\/script>\n<!-- \/ Yoast SEO plugin. -->","yoast_head_json":{"title":"Miriam Fatmi, directa a la final de Europa tras ganar la final de Espa\u00f1a de 'Ria Talent Fest' - Super News","robots":{"index":"index","follow":"follow","max-snippet":"max-snippet:-1","max-image-preview":"max-image-preview:large","max-video-preview":"max-video-preview:-1"},"canonical":"https:\/\/super-news.info\/es\/miriam-fatmi-directa-a-la-final-de-europa-tras-ganar-la-final-de-espana-de-ria-talent-fest\/","og_locale":"en_US","og_type":"article","og_title":"Miriam Fatmi, directa a la final de Europa tras ganar la final de Espa\u00f1a de 'Ria Talent Fest' - Super News","og_description":"Miriam Fatmi representar\u00e1 a Espa\u00f1a en la gran final europea del concurso por los 10.000\u20ac del premio total el pr\u00f3ximo 27 de septiembre, en Madrid Este pasado viernes se celebr\u00f3, dentro de la ciudad de Madrid en el teatro Gymage, la final espa\u00f1ola del &#8216;Ria Talent Fest&#8217;; el concurso internacional de talentos destacado por la [&hellip;]","og_url":"https:\/\/super-news.info\/es\/miriam-fatmi-directa-a-la-final-de-europa-tras-ganar-la-final-de-espana-de-ria-talent-fest\/","og_site_name":"Super News","article_published_time":"2019-09-17T18:10:25+00:00","article_modified_time":"2019-09-17T18:10:26+00:00","og_image":[{"width":626,"height":364,"url":"https:\/\/super-news.info\/es\/wp-content\/uploads\/sites\/4\/2019\/09\/Miriam-Fatmi-directa-a-la-final-de-Europa-tras-ganar.jpg","type":"image\/jpeg"}],"author":"super-news","twitter_card":"summary_large_image","twitter_misc":{"Written by":"super-news","Est. reading time":"3 minutes"},"schema":{"@context":"https:\/\/schema.org","@graph":[{"@type":"Article","@id":"https:\/\/super-news.info\/es\/miriam-fatmi-directa-a-la-final-de-europa-tras-ganar-la-final-de-espana-de-ria-talent-fest\/#article","isPartOf":{"@id":"https:\/\/super-news.info\/es\/miriam-fatmi-directa-a-la-final-de-europa-tras-ganar-la-final-de-espana-de-ria-talent-fest\/"},"author":{"name":"super-news","@id":"https:\/\/super-news.info\/es\/#\/schema\/person\/2d4068cb2f39cd10008c2fce578a7356"},"headline":"Miriam Fatmi, directa a la final de Europa tras ganar la final de Espa\u00f1a de &#8216;Ria Talent Fest&#8217;","datePublished":"2019-09-17T18:10:25+00:00","dateModified":"2019-09-17T18:10:26+00:00","mainEntityOfPage":{"@id":"https:\/\/super-news.info\/es\/miriam-fatmi-directa-a-la-final-de-europa-tras-ganar-la-final-de-espana-de-ria-talent-fest\/"},"wordCount":573,"commentCount":0,"image":{"@id":"https:\/\/super-news.info\/es\/miriam-fatmi-directa-a-la-final-de-europa-tras-ganar-la-final-de-espana-de-ria-talent-fest\/#primaryimage"},"thumbnailUrl":"https:\/\/super-news.info\/es\/wp-content\/uploads\/sites\/4\/2019\/09\/Miriam-Fatmi-directa-a-la-final-de-Europa-tras-ganar.jpg","articleSection":["NOTICIAS DE MARKETING DIGITAL"],"inLanguage":"en-US","potentialAction":[{"@type":"CommentAction","name":"Comment","target":["https:\/\/super-news.info\/es\/miriam-fatmi-directa-a-la-final-de-europa-tras-ganar-la-final-de-espana-de-ria-talent-fest\/#respond"]}]},{"@type":"WebPage","@id":"https:\/\/super-news.info\/es\/miriam-fatmi-directa-a-la-final-de-europa-tras-ganar-la-final-de-espana-de-ria-talent-fest\/","url":"https:\/\/super-news.info\/es\/miriam-fatmi-directa-a-la-final-de-europa-tras-ganar-la-final-de-espana-de-ria-talent-fest\/","name":"Miriam Fatmi, directa a la final de Europa tras ganar la final de Espa\u00f1a de 'Ria Talent Fest' - Super News","isPartOf":{"@id":"https:\/\/super-news.info\/es\/#website"},"primaryImageOfPage":{"@id":"https:\/\/super-news.info\/es\/miriam-fatmi-directa-a-la-final-de-europa-tras-ganar-la-final-de-espana-de-ria-talent-fest\/#primaryimage"},"image":{"@id":"https:\/\/super-news.info\/es\/miriam-fatmi-directa-a-la-final-de-europa-tras-ganar-la-final-de-espana-de-ria-talent-fest\/#primaryimage"},"thumbnailUrl":"https:\/\/super-news.info\/es\/wp-content\/uploads\/sites\/4\/2019\/09\/Miriam-Fatmi-directa-a-la-final-de-Europa-tras-ganar.jpg","datePublished":"2019-09-17T18:10:25+00:00","dateModified":"2019-09-17T18:10:26+00:00","author":{"@id":"https:\/\/super-news.info\/es\/#\/schema\/person\/2d4068cb2f39cd10008c2fce578a7356"},"breadcrumb":{"@id":"https:\/\/super-news.info\/es\/miriam-fatmi-directa-a-la-final-de-europa-tras-ganar-la-final-de-espana-de-ria-talent-fest\/#breadcrumb"},"inLanguage":"en-US","potentialAction":[{"@type":"ReadAction","target":["https:\/\/super-news.info\/es\/miriam-fatmi-directa-a-la-final-de-europa-tras-ganar-la-final-de-espana-de-ria-talent-fest\/"]}]},{"@type":"ImageObject","inLanguage":"en-US","@id":"https:\/\/super-news.info\/es\/miriam-fatmi-directa-a-la-final-de-europa-tras-ganar-la-final-de-espana-de-ria-talent-fest\/#primaryimage","url":"https:\/\/super-news.info\/es\/wp-content\/uploads\/sites\/4\/2019\/09\/Miriam-Fatmi-directa-a-la-final-de-Europa-tras-ganar.jpg","contentUrl":"https:\/\/super-news.info\/es\/wp-content\/uploads\/sites\/4\/2019\/09\/Miriam-Fatmi-directa-a-la-final-de-Europa-tras-ganar.jpg","width":626,"height":364,"caption":"ganadoramiriamfatmi"},{"@type":"BreadcrumbList","@id":"https:\/\/super-news.info\/es\/miriam-fatmi-directa-a-la-final-de-europa-tras-ganar-la-final-de-espana-de-ria-talent-fest\/#breadcrumb","itemListElement":[{"@type":"ListItem","position":1,"name":"\u0413\u043b\u0430\u0432\u043d\u0430\u044f \u0441\u0442\u0440\u0430\u043d\u0438\u0446\u0430","item":"https:\/\/super-news.info\/es\/"},{"@type":"ListItem","position":2,"name":"Miriam Fatmi, directa a la final de Europa tras ganar la final de Espa\u00f1a de &#8216;Ria Talent Fest&#8217;"}]},{"@type":"WebSite","@id":"https:\/\/super-news.info\/es\/#website","url":"https:\/\/super-news.info\/es\/","name":"Super News","description":"Super News Espa\u00f1a","potentialAction":[{"@type":"SearchAction","target":{"@type":"EntryPoint","urlTemplate":"https:\/\/super-news.info\/es\/?s={search_term_string}"},"query-input":{"@type":"PropertyValueSpecification","valueRequired":true,"valueName":"search_term_string"}}],"inLanguage":"en-US"},{"@type":"Person","@id":"https:\/\/super-news.info\/es\/#\/schema\/person\/2d4068cb2f39cd10008c2fce578a7356","name":"super-news","image":{"@type":"ImageObject","inLanguage":"en-US","@id":"https:\/\/secure.gravatar.com\/avatar\/64ebac40b93f26a154f8a9b5b6fdccfc46f442b26b3dd6756dbff3bf9dc76fd7?s=96&d=mm&r=g","url":"https:\/\/secure.gravatar.com\/avatar\/64ebac40b93f26a154f8a9b5b6fdccfc46f442b26b3dd6756dbff3bf9dc76fd7?s=96&d=mm&r=g","contentUrl":"https:\/\/secure.gravatar.com\/avatar\/64ebac40b93f26a154f8a9b5b6fdccfc46f442b26b3dd6756dbff3bf9dc76fd7?s=96&d=mm&r=g","caption":"super-news"},"url":"https:\/\/super-news.info\/es\/author\/pt\/"}]}},"_links":{"self":[{"href":"https:\/\/super-news.info\/es\/wp-json\/wp\/v2\/posts\/11337","targetHints":{"allow":["GET"]}}],"collection":[{"href":"https:\/\/super-news.info\/es\/wp-json\/wp\/v2\/posts"}],"about":[{"href":"https:\/\/super-news.info\/es\/wp-json\/wp\/v2\/types\/post"}],"author":[{"embeddable":true,"href":"https:\/\/super-news.info\/es\/wp-json\/wp\/v2\/users\/2"}],"replies":[{"embeddable":true,"href":"https:\/\/super-news.info\/es\/wp-json\/wp\/v2\/comments?post=11337"}],"version-history":[{"count":1,"href":"https:\/\/super-news.info\/es\/wp-json\/wp\/v2\/posts\/11337\/revisions"}],"predecessor-version":[{"id":11339,"href":"https:\/\/super-news.info\/es\/wp-json\/wp\/v2\/posts\/11337\/revisions\/11339"}],"wp:featuredmedia":[{"embeddable":true,"href":"https:\/\/super-news.info\/es\/wp-json\/wp\/v2\/media\/11338"}],"wp:attachment":[{"href":"https:\/\/super-news.info\/es\/wp-json\/wp\/v2\/media?parent=11337"}],"wp:term":[{"taxonomy":"category","embeddable":true,"href":"https:\/\/super-news.info\/es\/wp-json\/wp\/v2\/categories?post=11337"},{"taxonomy":"post_tag","embeddable":true,"href":"https:\/\/super-news.info\/es\/wp-json\/wp\/v2\/tags?post=11337"}],"curies":[{"name":"wp","href":"https:\/\/api.w.org\/{rel}","templated":true}]}}