{"id":11271,"date":"2019-09-17T04:44:14","date_gmt":"2019-09-17T01:44:14","guid":{"rendered":"https:\/\/super-news.info\/es\/twitter-pide-perdon-por-llevar-muy-lejos-su-ultima-campana-en-san-francisco\/"},"modified":"2020-02-21T16:47:15","modified_gmt":"2020-02-21T13:47:15","slug":"twitter-pide-perdon-por-llevar-muy-lejos-su-ultima-campana-en-san-francisco","status":"publish","type":"post","link":"https:\/\/super-news.info\/es\/twitter-pide-perdon-por-llevar-muy-lejos-su-ultima-campana-en-san-francisco\/","title":{"rendered":"Twitter pide perd\u00f3n por llevar muy lejos su \u00faltima campa\u00f1a en San Francisco"},"content":{"rendered":"<p>Pese a que algunos usuarios han aplaudido el marketing de la red social, el departamento de Obras P\u00fablicas de la ciudad no est\u00e1 tan contento, incluso han tildado la campa\u00f1a de &#8220;ilegal&#8221;.<\/p>\n<p>Cien tuits hablando de Twitter han llenado las calles de San Francisco durante los \u00faltimos d\u00edas. Pero no lo han hecho de la forma que le hubiera gustado a los que se encargan de la limpieza de la ciudad. Twitter ha sacado las tizas y el spray de pintura y se ha dedicado a replicar publicaciones de la compa\u00f1\u00eda por las calles del lugar en el que se encuentra su sede.Pese a que algunos usuarios han aplaudido la forma que ha tenido la red social del p\u00e1jaro azul de hacer marketing, el departamento de Obras P\u00fablicas de la ciudad no est\u00e1 tan contento, incluso han tildado la campa\u00f1a de &#8220;ilegal&#8221;.&#8221;Estos anuncios no est\u00e1n sancionados pero nuestras aceras no deben usarse como vallas publicitarias. Nuestros equipos de limpieza e inspecci\u00f3n de calles han sido informados de estos anuncios ilegales y, si es necesario que los eliminemos, enviaremos una factura al infractor&#8221;, ha manifestado a CNET Rachel Gordon, portavoz del departamento.Por su parte, la directora de marketing de Twitter comparti\u00f3 alguna de im\u00e1genes de las pintadas en su perfil antes de que la bola se hiciera lo suficientemente grande como para que las administraciones tomaran parte en el asunto.<\/p>\n<p>? pic.twitter.com\/KQM2aMbpj9\u2014 Leslie Berland (@leslieberland) September 9, 2019Un portavoz de la compa\u00f1\u00eda ha declarado a trav\u00e9s de un correo electr\u00f3nico que analizar\u00e1n lo sucedido: &#8220;Identificaremos los fallos en el proceso para cumplir con los requisitos de las ciudades para nuestras plantillas. Lamentamos que esto haya sucedido. Estamos comprometidos a trabajar en total conformidad con todas las regulaciones de la ciudad y estamos implementando procesos para evitar que algo as\u00ed vuelva a suceder&#8221;.Gordon ha expresado tambi\u00e9n que &#8220;Twitter tiene los recursos para usar lugares apropiados para anunciar su empresa&#8221;. De hecho, estas pintadas forman parte de una campa\u00f1a mayor que ha comenzado en San Francisco y Nueva York en la vallas publicitarias de algunas estaciones de tr\u00e1nsito r\u00e1pido (BART).Outfront Media, que maneja la publicidad de BART, le dijo al San Francisco Chronicle que el tipo de campa\u00f1a que Twitter est\u00e1 ejecutando en la estaci\u00f3n de Powell Street durar\u00e1 un mes y cuesta 236.000 d\u00f3lares m\u00e1s 85.000 de la producci\u00f3n.<\/p>\n<p>No te pierdas nada de MarketingDirecto.com y \u00fanete a nuestro Telegram t.me\/MarketingDirecto<\/p>\n<p><a href=\"https:\/\/www.marketingdirecto.com\/marketing-general\/publicidad\/twitter-pide-perdon-por-llevar-muy-lejos-su-ultima-campana-en-san-francisco\" rel=\"nofollow\">Source link <\/a><!--\/noindex--><\/p>\n","protected":false},"excerpt":{"rendered":"<p>Pese a que algunos usuarios han aplaudido el marketing de la red social, el departamento de Obras P\u00fablicas de la ciudad no est\u00e1 tan contento, incluso han tildado la campa\u00f1a de &#8220;ilegal&#8221;. Cien tuits hablando de Twitter han llenado las calles de San Francisco durante los \u00faltimos d\u00edas. Pero no lo han hecho de la [&hellip;]<\/p>\n","protected":false},"author":2,"featured_media":11272,"comment_status":"open","ping_status":"open","sticky":false,"template":"","format":"standard","meta":{"footnotes":""},"categories":[2],"tags":[],"class_list":["post-11271","post","type-post","status-publish","format-standard","has-post-thumbnail","hentry","category-noticias-de-marketing-digital"],"yoast_head":"<!-- This site is optimized with the Yoast SEO plugin v27.4 - https:\/\/yoast.com\/product\/yoast-seo-wordpress\/ -->\n<title>Twitter pide perd\u00f3n por llevar muy lejos su \u00faltima campa\u00f1a en San Francisco - Super News<\/title>\n<meta name=\"robots\" content=\"index, follow, max-snippet:-1, max-image-preview:large, max-video-preview:-1\" \/>\n<link rel=\"canonical\" href=\"https:\/\/super-news.info\/es\/twitter-pide-perdon-por-llevar-muy-lejos-su-ultima-campana-en-san-francisco\/\" \/>\n<meta property=\"og:locale\" content=\"en_US\" \/>\n<meta property=\"og:type\" content=\"article\" \/>\n<meta property=\"og:title\" content=\"Twitter pide perd\u00f3n por llevar muy lejos su \u00faltima campa\u00f1a en San Francisco - Super News\" \/>\n<meta property=\"og:description\" content=\"Pese a que algunos usuarios han aplaudido el marketing de la red social, el departamento de Obras P\u00fablicas de la ciudad no est\u00e1 tan contento, incluso han tildado la campa\u00f1a de &#8220;ilegal&#8221;. Cien tuits hablando de Twitter han llenado las calles de San Francisco durante los \u00faltimos d\u00edas. Pero no lo han hecho de la [&hellip;]\" \/>\n<meta property=\"og:url\" content=\"https:\/\/super-news.info\/es\/twitter-pide-perdon-por-llevar-muy-lejos-su-ultima-campana-en-san-francisco\/\" \/>\n<meta property=\"og:site_name\" content=\"Super News\" \/>\n<meta property=\"article:published_time\" content=\"2019-09-17T01:44:14+00:00\" \/>\n<meta property=\"article:modified_time\" content=\"2020-02-21T13:47:15+00:00\" \/>\n<meta property=\"og:image\" content=\"https:\/\/super-news.info\/es\/wp-content\/uploads\/sites\/4\/2019\/09\/Twitter-pide-perd-n-por-llevar-muy-lejos-su-ltima-campa-a.jpg\" \/>\n\t<meta property=\"og:image:width\" content=\"626\" \/>\n\t<meta property=\"og:image:height\" content=\"364\" \/>\n\t<meta property=\"og:image:type\" content=\"image\/jpeg\" \/>\n<meta name=\"author\" content=\"super-news\" \/>\n<meta name=\"twitter:card\" content=\"summary_large_image\" \/>\n<meta name=\"twitter:label1\" content=\"Written by\" \/>\n\t<meta name=\"twitter:data1\" content=\"super-news\" \/>\n\t<meta name=\"twitter:label2\" content=\"Est. reading time\" \/>\n\t<meta name=\"twitter:data2\" content=\"2 minutes\" \/>\n<script type=\"application\/ld+json\" class=\"yoast-schema-graph\">{\"@context\":\"https:\\\/\\\/schema.org\",\"@graph\":[{\"@type\":\"Article\",\"@id\":\"https:\\\/\\\/super-news.info\\\/es\\\/twitter-pide-perdon-por-llevar-muy-lejos-su-ultima-campana-en-san-francisco\\\/#article\",\"isPartOf\":{\"@id\":\"https:\\\/\\\/super-news.info\\\/es\\\/twitter-pide-perdon-por-llevar-muy-lejos-su-ultima-campana-en-san-francisco\\\/\"},\"author\":{\"name\":\"super-news\",\"@id\":\"https:\\\/\\\/super-news.info\\\/es\\\/#\\\/schema\\\/person\\\/2d4068cb2f39cd10008c2fce578a7356\"},\"headline\":\"Twitter pide perd\u00f3n por llevar muy lejos su \u00faltima campa\u00f1a en San Francisco\",\"datePublished\":\"2019-09-17T01:44:14+00:00\",\"dateModified\":\"2020-02-21T13:47:15+00:00\",\"mainEntityOfPage\":{\"@id\":\"https:\\\/\\\/super-news.info\\\/es\\\/twitter-pide-perdon-por-llevar-muy-lejos-su-ultima-campana-en-san-francisco\\\/\"},\"wordCount\":447,\"commentCount\":0,\"image\":{\"@id\":\"https:\\\/\\\/super-news.info\\\/es\\\/twitter-pide-perdon-por-llevar-muy-lejos-su-ultima-campana-en-san-francisco\\\/#primaryimage\"},\"thumbnailUrl\":\"https:\\\/\\\/super-news.info\\\/es\\\/wp-content\\\/uploads\\\/sites\\\/4\\\/2019\\\/09\\\/Twitter-pide-perd-n-por-llevar-muy-lejos-su-ltima-campa-a.jpg\",\"articleSection\":[\"NOTICIAS DE MARKETING DIGITAL\"],\"inLanguage\":\"en-US\",\"potentialAction\":[{\"@type\":\"CommentAction\",\"name\":\"Comment\",\"target\":[\"https:\\\/\\\/super-news.info\\\/es\\\/twitter-pide-perdon-por-llevar-muy-lejos-su-ultima-campana-en-san-francisco\\\/#respond\"]}]},{\"@type\":\"WebPage\",\"@id\":\"https:\\\/\\\/super-news.info\\\/es\\\/twitter-pide-perdon-por-llevar-muy-lejos-su-ultima-campana-en-san-francisco\\\/\",\"url\":\"https:\\\/\\\/super-news.info\\\/es\\\/twitter-pide-perdon-por-llevar-muy-lejos-su-ultima-campana-en-san-francisco\\\/\",\"name\":\"Twitter pide perd\u00f3n por llevar muy lejos su \u00faltima campa\u00f1a en San Francisco - Super News\",\"isPartOf\":{\"@id\":\"https:\\\/\\\/super-news.info\\\/es\\\/#website\"},\"primaryImageOfPage\":{\"@id\":\"https:\\\/\\\/super-news.info\\\/es\\\/twitter-pide-perdon-por-llevar-muy-lejos-su-ultima-campana-en-san-francisco\\\/#primaryimage\"},\"image\":{\"@id\":\"https:\\\/\\\/super-news.info\\\/es\\\/twitter-pide-perdon-por-llevar-muy-lejos-su-ultima-campana-en-san-francisco\\\/#primaryimage\"},\"thumbnailUrl\":\"https:\\\/\\\/super-news.info\\\/es\\\/wp-content\\\/uploads\\\/sites\\\/4\\\/2019\\\/09\\\/Twitter-pide-perd-n-por-llevar-muy-lejos-su-ltima-campa-a.jpg\",\"datePublished\":\"2019-09-17T01:44:14+00:00\",\"dateModified\":\"2020-02-21T13:47:15+00:00\",\"author\":{\"@id\":\"https:\\\/\\\/super-news.info\\\/es\\\/#\\\/schema\\\/person\\\/2d4068cb2f39cd10008c2fce578a7356\"},\"breadcrumb\":{\"@id\":\"https:\\\/\\\/super-news.info\\\/es\\\/twitter-pide-perdon-por-llevar-muy-lejos-su-ultima-campana-en-san-francisco\\\/#breadcrumb\"},\"inLanguage\":\"en-US\",\"potentialAction\":[{\"@type\":\"ReadAction\",\"target\":[\"https:\\\/\\\/super-news.info\\\/es\\\/twitter-pide-perdon-por-llevar-muy-lejos-su-ultima-campana-en-san-francisco\\\/\"]}]},{\"@type\":\"ImageObject\",\"inLanguage\":\"en-US\",\"@id\":\"https:\\\/\\\/super-news.info\\\/es\\\/twitter-pide-perdon-por-llevar-muy-lejos-su-ultima-campana-en-san-francisco\\\/#primaryimage\",\"url\":\"https:\\\/\\\/super-news.info\\\/es\\\/wp-content\\\/uploads\\\/sites\\\/4\\\/2019\\\/09\\\/Twitter-pide-perd-n-por-llevar-muy-lejos-su-ltima-campa-a.jpg\",\"contentUrl\":\"https:\\\/\\\/super-news.info\\\/es\\\/wp-content\\\/uploads\\\/sites\\\/4\\\/2019\\\/09\\\/Twitter-pide-perd-n-por-llevar-muy-lejos-su-ltima-campa-a.jpg\",\"width\":626,\"height\":364,\"caption\":\"twitter san francisco\"},{\"@type\":\"BreadcrumbList\",\"@id\":\"https:\\\/\\\/super-news.info\\\/es\\\/twitter-pide-perdon-por-llevar-muy-lejos-su-ultima-campana-en-san-francisco\\\/#breadcrumb\",\"itemListElement\":[{\"@type\":\"ListItem\",\"position\":1,\"name\":\"\u0413\u043b\u0430\u0432\u043d\u0430\u044f \u0441\u0442\u0440\u0430\u043d\u0438\u0446\u0430\",\"item\":\"https:\\\/\\\/super-news.info\\\/es\\\/\"},{\"@type\":\"ListItem\",\"position\":2,\"name\":\"Twitter pide perd\u00f3n por llevar muy lejos su \u00faltima campa\u00f1a en San Francisco\"}]},{\"@type\":\"WebSite\",\"@id\":\"https:\\\/\\\/super-news.info\\\/es\\\/#website\",\"url\":\"https:\\\/\\\/super-news.info\\\/es\\\/\",\"name\":\"Super News\",\"description\":\"Super News Espa\u00f1a\",\"potentialAction\":[{\"@type\":\"SearchAction\",\"target\":{\"@type\":\"EntryPoint\",\"urlTemplate\":\"https:\\\/\\\/super-news.info\\\/es\\\/?s={search_term_string}\"},\"query-input\":{\"@type\":\"PropertyValueSpecification\",\"valueRequired\":true,\"valueName\":\"search_term_string\"}}],\"inLanguage\":\"en-US\"},{\"@type\":\"Person\",\"@id\":\"https:\\\/\\\/super-news.info\\\/es\\\/#\\\/schema\\\/person\\\/2d4068cb2f39cd10008c2fce578a7356\",\"name\":\"super-news\",\"image\":{\"@type\":\"ImageObject\",\"inLanguage\":\"en-US\",\"@id\":\"https:\\\/\\\/secure.gravatar.com\\\/avatar\\\/64ebac40b93f26a154f8a9b5b6fdccfc46f442b26b3dd6756dbff3bf9dc76fd7?s=96&d=mm&r=g\",\"url\":\"https:\\\/\\\/secure.gravatar.com\\\/avatar\\\/64ebac40b93f26a154f8a9b5b6fdccfc46f442b26b3dd6756dbff3bf9dc76fd7?s=96&d=mm&r=g\",\"contentUrl\":\"https:\\\/\\\/secure.gravatar.com\\\/avatar\\\/64ebac40b93f26a154f8a9b5b6fdccfc46f442b26b3dd6756dbff3bf9dc76fd7?s=96&d=mm&r=g\",\"caption\":\"super-news\"},\"url\":\"https:\\\/\\\/super-news.info\\\/es\\\/author\\\/pt\\\/\"}]}<\/script>\n<!-- \/ Yoast SEO plugin. -->","yoast_head_json":{"title":"Twitter pide perd\u00f3n por llevar muy lejos su \u00faltima campa\u00f1a en San Francisco - Super News","robots":{"index":"index","follow":"follow","max-snippet":"max-snippet:-1","max-image-preview":"max-image-preview:large","max-video-preview":"max-video-preview:-1"},"canonical":"https:\/\/super-news.info\/es\/twitter-pide-perdon-por-llevar-muy-lejos-su-ultima-campana-en-san-francisco\/","og_locale":"en_US","og_type":"article","og_title":"Twitter pide perd\u00f3n por llevar muy lejos su \u00faltima campa\u00f1a en San Francisco - Super News","og_description":"Pese a que algunos usuarios han aplaudido el marketing de la red social, el departamento de Obras P\u00fablicas de la ciudad no est\u00e1 tan contento, incluso han tildado la campa\u00f1a de &#8220;ilegal&#8221;. Cien tuits hablando de Twitter han llenado las calles de San Francisco durante los \u00faltimos d\u00edas. Pero no lo han hecho de la [&hellip;]","og_url":"https:\/\/super-news.info\/es\/twitter-pide-perdon-por-llevar-muy-lejos-su-ultima-campana-en-san-francisco\/","og_site_name":"Super News","article_published_time":"2019-09-17T01:44:14+00:00","article_modified_time":"2020-02-21T13:47:15+00:00","og_image":[{"width":626,"height":364,"url":"https:\/\/super-news.info\/es\/wp-content\/uploads\/sites\/4\/2019\/09\/Twitter-pide-perd-n-por-llevar-muy-lejos-su-ltima-campa-a.jpg","type":"image\/jpeg"}],"author":"super-news","twitter_card":"summary_large_image","twitter_misc":{"Written by":"super-news","Est. reading time":"2 minutes"},"schema":{"@context":"https:\/\/schema.org","@graph":[{"@type":"Article","@id":"https:\/\/super-news.info\/es\/twitter-pide-perdon-por-llevar-muy-lejos-su-ultima-campana-en-san-francisco\/#article","isPartOf":{"@id":"https:\/\/super-news.info\/es\/twitter-pide-perdon-por-llevar-muy-lejos-su-ultima-campana-en-san-francisco\/"},"author":{"name":"super-news","@id":"https:\/\/super-news.info\/es\/#\/schema\/person\/2d4068cb2f39cd10008c2fce578a7356"},"headline":"Twitter pide perd\u00f3n por llevar muy lejos su \u00faltima campa\u00f1a en San Francisco","datePublished":"2019-09-17T01:44:14+00:00","dateModified":"2020-02-21T13:47:15+00:00","mainEntityOfPage":{"@id":"https:\/\/super-news.info\/es\/twitter-pide-perdon-por-llevar-muy-lejos-su-ultima-campana-en-san-francisco\/"},"wordCount":447,"commentCount":0,"image":{"@id":"https:\/\/super-news.info\/es\/twitter-pide-perdon-por-llevar-muy-lejos-su-ultima-campana-en-san-francisco\/#primaryimage"},"thumbnailUrl":"https:\/\/super-news.info\/es\/wp-content\/uploads\/sites\/4\/2019\/09\/Twitter-pide-perd-n-por-llevar-muy-lejos-su-ltima-campa-a.jpg","articleSection":["NOTICIAS DE MARKETING DIGITAL"],"inLanguage":"en-US","potentialAction":[{"@type":"CommentAction","name":"Comment","target":["https:\/\/super-news.info\/es\/twitter-pide-perdon-por-llevar-muy-lejos-su-ultima-campana-en-san-francisco\/#respond"]}]},{"@type":"WebPage","@id":"https:\/\/super-news.info\/es\/twitter-pide-perdon-por-llevar-muy-lejos-su-ultima-campana-en-san-francisco\/","url":"https:\/\/super-news.info\/es\/twitter-pide-perdon-por-llevar-muy-lejos-su-ultima-campana-en-san-francisco\/","name":"Twitter pide perd\u00f3n por llevar muy lejos su \u00faltima campa\u00f1a en San Francisco - Super News","isPartOf":{"@id":"https:\/\/super-news.info\/es\/#website"},"primaryImageOfPage":{"@id":"https:\/\/super-news.info\/es\/twitter-pide-perdon-por-llevar-muy-lejos-su-ultima-campana-en-san-francisco\/#primaryimage"},"image":{"@id":"https:\/\/super-news.info\/es\/twitter-pide-perdon-por-llevar-muy-lejos-su-ultima-campana-en-san-francisco\/#primaryimage"},"thumbnailUrl":"https:\/\/super-news.info\/es\/wp-content\/uploads\/sites\/4\/2019\/09\/Twitter-pide-perd-n-por-llevar-muy-lejos-su-ltima-campa-a.jpg","datePublished":"2019-09-17T01:44:14+00:00","dateModified":"2020-02-21T13:47:15+00:00","author":{"@id":"https:\/\/super-news.info\/es\/#\/schema\/person\/2d4068cb2f39cd10008c2fce578a7356"},"breadcrumb":{"@id":"https:\/\/super-news.info\/es\/twitter-pide-perdon-por-llevar-muy-lejos-su-ultima-campana-en-san-francisco\/#breadcrumb"},"inLanguage":"en-US","potentialAction":[{"@type":"ReadAction","target":["https:\/\/super-news.info\/es\/twitter-pide-perdon-por-llevar-muy-lejos-su-ultima-campana-en-san-francisco\/"]}]},{"@type":"ImageObject","inLanguage":"en-US","@id":"https:\/\/super-news.info\/es\/twitter-pide-perdon-por-llevar-muy-lejos-su-ultima-campana-en-san-francisco\/#primaryimage","url":"https:\/\/super-news.info\/es\/wp-content\/uploads\/sites\/4\/2019\/09\/Twitter-pide-perd-n-por-llevar-muy-lejos-su-ltima-campa-a.jpg","contentUrl":"https:\/\/super-news.info\/es\/wp-content\/uploads\/sites\/4\/2019\/09\/Twitter-pide-perd-n-por-llevar-muy-lejos-su-ltima-campa-a.jpg","width":626,"height":364,"caption":"twitter san francisco"},{"@type":"BreadcrumbList","@id":"https:\/\/super-news.info\/es\/twitter-pide-perdon-por-llevar-muy-lejos-su-ultima-campana-en-san-francisco\/#breadcrumb","itemListElement":[{"@type":"ListItem","position":1,"name":"\u0413\u043b\u0430\u0432\u043d\u0430\u044f \u0441\u0442\u0440\u0430\u043d\u0438\u0446\u0430","item":"https:\/\/super-news.info\/es\/"},{"@type":"ListItem","position":2,"name":"Twitter pide perd\u00f3n por llevar muy lejos su \u00faltima campa\u00f1a en San Francisco"}]},{"@type":"WebSite","@id":"https:\/\/super-news.info\/es\/#website","url":"https:\/\/super-news.info\/es\/","name":"Super News","description":"Super News Espa\u00f1a","potentialAction":[{"@type":"SearchAction","target":{"@type":"EntryPoint","urlTemplate":"https:\/\/super-news.info\/es\/?s={search_term_string}"},"query-input":{"@type":"PropertyValueSpecification","valueRequired":true,"valueName":"search_term_string"}}],"inLanguage":"en-US"},{"@type":"Person","@id":"https:\/\/super-news.info\/es\/#\/schema\/person\/2d4068cb2f39cd10008c2fce578a7356","name":"super-news","image":{"@type":"ImageObject","inLanguage":"en-US","@id":"https:\/\/secure.gravatar.com\/avatar\/64ebac40b93f26a154f8a9b5b6fdccfc46f442b26b3dd6756dbff3bf9dc76fd7?s=96&d=mm&r=g","url":"https:\/\/secure.gravatar.com\/avatar\/64ebac40b93f26a154f8a9b5b6fdccfc46f442b26b3dd6756dbff3bf9dc76fd7?s=96&d=mm&r=g","contentUrl":"https:\/\/secure.gravatar.com\/avatar\/64ebac40b93f26a154f8a9b5b6fdccfc46f442b26b3dd6756dbff3bf9dc76fd7?s=96&d=mm&r=g","caption":"super-news"},"url":"https:\/\/super-news.info\/es\/author\/pt\/"}]}},"_links":{"self":[{"href":"https:\/\/super-news.info\/es\/wp-json\/wp\/v2\/posts\/11271","targetHints":{"allow":["GET"]}}],"collection":[{"href":"https:\/\/super-news.info\/es\/wp-json\/wp\/v2\/posts"}],"about":[{"href":"https:\/\/super-news.info\/es\/wp-json\/wp\/v2\/types\/post"}],"author":[{"embeddable":true,"href":"https:\/\/super-news.info\/es\/wp-json\/wp\/v2\/users\/2"}],"replies":[{"embeddable":true,"href":"https:\/\/super-news.info\/es\/wp-json\/wp\/v2\/comments?post=11271"}],"version-history":[{"count":2,"href":"https:\/\/super-news.info\/es\/wp-json\/wp\/v2\/posts\/11271\/revisions"}],"predecessor-version":[{"id":11923,"href":"https:\/\/super-news.info\/es\/wp-json\/wp\/v2\/posts\/11271\/revisions\/11923"}],"wp:featuredmedia":[{"embeddable":true,"href":"https:\/\/super-news.info\/es\/wp-json\/wp\/v2\/media\/11272"}],"wp:attachment":[{"href":"https:\/\/super-news.info\/es\/wp-json\/wp\/v2\/media?parent=11271"}],"wp:term":[{"taxonomy":"category","embeddable":true,"href":"https:\/\/super-news.info\/es\/wp-json\/wp\/v2\/categories?post=11271"},{"taxonomy":"post_tag","embeddable":true,"href":"https:\/\/super-news.info\/es\/wp-json\/wp\/v2\/tags?post=11271"}],"curies":[{"name":"wp","href":"https:\/\/api.w.org\/{rel}","templated":true}]}}