{"id":11238,"date":"2019-09-16T19:47:13","date_gmt":"2019-09-16T16:47:13","guid":{"rendered":"https:\/\/super-news.info\/es\/tomas-ostiglia-y-soy-cardo-inauguran-la-temporada-en-brother-madrid\/"},"modified":"2019-09-16T19:47:15","modified_gmt":"2019-09-16T16:47:15","slug":"tomas-ostiglia-y-soy-cardo-inauguran-la-temporada-en-brother-madrid","status":"publish","type":"post","link":"https:\/\/super-news.info\/es\/tomas-ostiglia-y-soy-cardo-inauguran-la-temporada-en-brother-madrid\/","title":{"rendered":"Tom\u00e1s Ostiglia y Soy Cardo inauguran la temporada en Brother Madrid"},"content":{"rendered":"<p>\t\t\t\t\t\t\t\t\t\tBrother Madrid da el pistoletazo de salida al nuevo curso con una gran fiesta de bienvenida, que dar\u00e1 cita a referentes de la vanguardia publicitaria<\/p>\n<p>Como cada a\u00f1o, Brother Madrid da el pistoletazo de salida al nuevo curso con una gran fiesta de bienvenida, que dar\u00e1 cita a potent\u00edsimos referentes de la vanguardia publicitaria.<br \/>\nPara esta inauguraci\u00f3n, comandada por el Director Global de Brother Mauro Su\u00e1rez, la escuela de creativos contar\u00e1 con las charlas de Tom\u00e1s Ostiglia, Director Creativo Ejecutivo en LOLA MullenLowe, y la ilustrada y agitadora de redes Soy Cardo; que ofrecer\u00e1n su visi\u00f3n sobre el presente y el futuro de la publicidad y la creaci\u00f3n de contenidos.<br \/>\nAdem\u00e1s, Iv\u00e1n Parlorio, PR Director en el Ruso de Rocky, y Sarah Okrent, Head of Communications en LOLA MullenLowe, contar\u00e1n c\u00f3mo el PR se convertir\u00e1 en una cuesti\u00f3n fundamental en la evoluci\u00f3n de las agencias de publicidad.<br \/>\nPero como el objetivo principal de este evento es mostrar la esencia de Brother, los asistentes podr\u00e1n cerrar la jornada bailando con Guacamayo Tropical (el colectivo musical que ha conseguido llenar Madrid de la mejor cumbia), y tomarse unas cervezas gracias al auspicio de San Miguel.<br \/>\nEl evento tambi\u00e9n tendr\u00e1 un showroom, con el que la escuela quiere dar visibilidad a marcas j\u00f3venes, algunas de ellas creadas por antiguos alumnos, como Gotel\u00e9, Bien de Vintage, Jazzy Dope, Spilu-Earrings, Mar\u00eda Lempicka y All Ears.<br \/>\nLa cita ser\u00e1 el jueves 19 de septiembre a las 7 pm en la sede de Brother en Madrid (Calle de las Huerta, 48), totalmente gratuita.<br \/>\nNota de prensa.<\/p>\n<p>\t\t\t\t\t\t\t\t\t\t\tNo te pierdas nada de MarketingDirecto.com y \u00fanete a nuestro Telegram t.me\/MarketingDirecto<\/p>\n<p>\n<!--noindex--><br \/>\n<a href=\"https:\/\/www.marketingdirecto.com\/marketing-general\/eventos-y-formacion\/tomas-ostigliay-soy-cardo-inauguran-la-temporada-en-brother-madrid\" rel=\"nofollow\">Source link <\/a><br \/>\n<!--\/noindex--><\/p>\n","protected":false},"excerpt":{"rendered":"<p>Brother Madrid da el pistoletazo de salida al nuevo curso con una gran fiesta de bienvenida, que dar\u00e1 cita a referentes de la vanguardia publicitaria Como cada a\u00f1o, Brother Madrid da el pistoletazo de salida al nuevo curso con una gran fiesta de bienvenida, que dar\u00e1 cita a potent\u00edsimos referentes de la vanguardia publicitaria. Para [&hellip;]<\/p>\n","protected":false},"author":2,"featured_media":11239,"comment_status":"open","ping_status":"open","sticky":false,"template":"","format":"standard","meta":{"footnotes":""},"categories":[2],"tags":[],"class_list":["post-11238","post","type-post","status-publish","format-standard","has-post-thumbnail","hentry","category-noticias-de-marketing-digital"],"yoast_head":"<!-- This site is optimized with the Yoast SEO plugin v27.4 - https:\/\/yoast.com\/product\/yoast-seo-wordpress\/ -->\n<title>Tom\u00e1s Ostiglia y Soy Cardo inauguran la temporada en Brother Madrid - Super News<\/title>\n<meta name=\"robots\" content=\"index, follow, max-snippet:-1, max-image-preview:large, max-video-preview:-1\" \/>\n<link rel=\"canonical\" href=\"https:\/\/super-news.info\/es\/tomas-ostiglia-y-soy-cardo-inauguran-la-temporada-en-brother-madrid\/\" \/>\n<meta property=\"og:locale\" content=\"en_US\" \/>\n<meta property=\"og:type\" content=\"article\" \/>\n<meta property=\"og:title\" content=\"Tom\u00e1s Ostiglia y Soy Cardo inauguran la temporada en Brother Madrid - Super News\" \/>\n<meta property=\"og:description\" content=\"Brother Madrid da el pistoletazo de salida al nuevo curso con una gran fiesta de bienvenida, que dar\u00e1 cita a referentes de la vanguardia publicitaria Como cada a\u00f1o, Brother Madrid da el pistoletazo de salida al nuevo curso con una gran fiesta de bienvenida, que dar\u00e1 cita a potent\u00edsimos referentes de la vanguardia publicitaria. Para [&hellip;]\" \/>\n<meta property=\"og:url\" content=\"https:\/\/super-news.info\/es\/tomas-ostiglia-y-soy-cardo-inauguran-la-temporada-en-brother-madrid\/\" \/>\n<meta property=\"og:site_name\" content=\"Super News\" \/>\n<meta property=\"article:published_time\" content=\"2019-09-16T16:47:13+00:00\" \/>\n<meta property=\"article:modified_time\" content=\"2019-09-16T16:47:15+00:00\" \/>\n<meta property=\"og:image\" content=\"https:\/\/super-news.info\/es\/wp-content\/uploads\/sites\/4\/2019\/09\/Tom-s-Ostiglia-y-Soy-Cardo-inauguran-la-temporada-en-Brother.jpg\" \/>\n\t<meta property=\"og:image:width\" content=\"626\" \/>\n\t<meta property=\"og:image:height\" content=\"364\" \/>\n\t<meta property=\"og:image:type\" content=\"image\/jpeg\" \/>\n<meta name=\"author\" content=\"super-news\" \/>\n<meta name=\"twitter:card\" content=\"summary_large_image\" \/>\n<meta name=\"twitter:label1\" content=\"Written by\" \/>\n\t<meta name=\"twitter:data1\" content=\"super-news\" \/>\n\t<meta name=\"twitter:label2\" content=\"Est. reading time\" \/>\n\t<meta name=\"twitter:data2\" content=\"1 minute\" \/>\n<script type=\"application\/ld+json\" class=\"yoast-schema-graph\">{\"@context\":\"https:\\\/\\\/schema.org\",\"@graph\":[{\"@type\":\"Article\",\"@id\":\"https:\\\/\\\/super-news.info\\\/es\\\/tomas-ostiglia-y-soy-cardo-inauguran-la-temporada-en-brother-madrid\\\/#article\",\"isPartOf\":{\"@id\":\"https:\\\/\\\/super-news.info\\\/es\\\/tomas-ostiglia-y-soy-cardo-inauguran-la-temporada-en-brother-madrid\\\/\"},\"author\":{\"name\":\"super-news\",\"@id\":\"https:\\\/\\\/super-news.info\\\/es\\\/#\\\/schema\\\/person\\\/2d4068cb2f39cd10008c2fce578a7356\"},\"headline\":\"Tom\u00e1s Ostiglia y Soy Cardo inauguran la temporada en Brother Madrid\",\"datePublished\":\"2019-09-16T16:47:13+00:00\",\"dateModified\":\"2019-09-16T16:47:15+00:00\",\"mainEntityOfPage\":{\"@id\":\"https:\\\/\\\/super-news.info\\\/es\\\/tomas-ostiglia-y-soy-cardo-inauguran-la-temporada-en-brother-madrid\\\/\"},\"wordCount\":303,\"commentCount\":0,\"image\":{\"@id\":\"https:\\\/\\\/super-news.info\\\/es\\\/tomas-ostiglia-y-soy-cardo-inauguran-la-temporada-en-brother-madrid\\\/#primaryimage\"},\"thumbnailUrl\":\"https:\\\/\\\/super-news.info\\\/es\\\/wp-content\\\/uploads\\\/sites\\\/4\\\/2019\\\/09\\\/Tom-s-Ostiglia-y-Soy-Cardo-inauguran-la-temporada-en-Brother.jpg\",\"articleSection\":[\"NOTICIAS DE MARKETING DIGITAL\"],\"inLanguage\":\"en-US\",\"potentialAction\":[{\"@type\":\"CommentAction\",\"name\":\"Comment\",\"target\":[\"https:\\\/\\\/super-news.info\\\/es\\\/tomas-ostiglia-y-soy-cardo-inauguran-la-temporada-en-brother-madrid\\\/#respond\"]}]},{\"@type\":\"WebPage\",\"@id\":\"https:\\\/\\\/super-news.info\\\/es\\\/tomas-ostiglia-y-soy-cardo-inauguran-la-temporada-en-brother-madrid\\\/\",\"url\":\"https:\\\/\\\/super-news.info\\\/es\\\/tomas-ostiglia-y-soy-cardo-inauguran-la-temporada-en-brother-madrid\\\/\",\"name\":\"Tom\u00e1s Ostiglia y Soy Cardo inauguran la temporada en Brother Madrid - Super News\",\"isPartOf\":{\"@id\":\"https:\\\/\\\/super-news.info\\\/es\\\/#website\"},\"primaryImageOfPage\":{\"@id\":\"https:\\\/\\\/super-news.info\\\/es\\\/tomas-ostiglia-y-soy-cardo-inauguran-la-temporada-en-brother-madrid\\\/#primaryimage\"},\"image\":{\"@id\":\"https:\\\/\\\/super-news.info\\\/es\\\/tomas-ostiglia-y-soy-cardo-inauguran-la-temporada-en-brother-madrid\\\/#primaryimage\"},\"thumbnailUrl\":\"https:\\\/\\\/super-news.info\\\/es\\\/wp-content\\\/uploads\\\/sites\\\/4\\\/2019\\\/09\\\/Tom-s-Ostiglia-y-Soy-Cardo-inauguran-la-temporada-en-Brother.jpg\",\"datePublished\":\"2019-09-16T16:47:13+00:00\",\"dateModified\":\"2019-09-16T16:47:15+00:00\",\"author\":{\"@id\":\"https:\\\/\\\/super-news.info\\\/es\\\/#\\\/schema\\\/person\\\/2d4068cb2f39cd10008c2fce578a7356\"},\"breadcrumb\":{\"@id\":\"https:\\\/\\\/super-news.info\\\/es\\\/tomas-ostiglia-y-soy-cardo-inauguran-la-temporada-en-brother-madrid\\\/#breadcrumb\"},\"inLanguage\":\"en-US\",\"potentialAction\":[{\"@type\":\"ReadAction\",\"target\":[\"https:\\\/\\\/super-news.info\\\/es\\\/tomas-ostiglia-y-soy-cardo-inauguran-la-temporada-en-brother-madrid\\\/\"]}]},{\"@type\":\"ImageObject\",\"inLanguage\":\"en-US\",\"@id\":\"https:\\\/\\\/super-news.info\\\/es\\\/tomas-ostiglia-y-soy-cardo-inauguran-la-temporada-en-brother-madrid\\\/#primaryimage\",\"url\":\"https:\\\/\\\/super-news.info\\\/es\\\/wp-content\\\/uploads\\\/sites\\\/4\\\/2019\\\/09\\\/Tom-s-Ostiglia-y-Soy-Cardo-inauguran-la-temporada-en-Brother.jpg\",\"contentUrl\":\"https:\\\/\\\/super-news.info\\\/es\\\/wp-content\\\/uploads\\\/sites\\\/4\\\/2019\\\/09\\\/Tom-s-Ostiglia-y-Soy-Cardo-inauguran-la-temporada-en-Brother.jpg\",\"width\":626,\"height\":364,\"caption\":\"open day guacamayo\"},{\"@type\":\"BreadcrumbList\",\"@id\":\"https:\\\/\\\/super-news.info\\\/es\\\/tomas-ostiglia-y-soy-cardo-inauguran-la-temporada-en-brother-madrid\\\/#breadcrumb\",\"itemListElement\":[{\"@type\":\"ListItem\",\"position\":1,\"name\":\"\u0413\u043b\u0430\u0432\u043d\u0430\u044f \u0441\u0442\u0440\u0430\u043d\u0438\u0446\u0430\",\"item\":\"https:\\\/\\\/super-news.info\\\/es\\\/\"},{\"@type\":\"ListItem\",\"position\":2,\"name\":\"Tom\u00e1s Ostiglia y Soy Cardo inauguran la temporada en Brother Madrid\"}]},{\"@type\":\"WebSite\",\"@id\":\"https:\\\/\\\/super-news.info\\\/es\\\/#website\",\"url\":\"https:\\\/\\\/super-news.info\\\/es\\\/\",\"name\":\"Super News\",\"description\":\"Super News Espa\u00f1a\",\"potentialAction\":[{\"@type\":\"SearchAction\",\"target\":{\"@type\":\"EntryPoint\",\"urlTemplate\":\"https:\\\/\\\/super-news.info\\\/es\\\/?s={search_term_string}\"},\"query-input\":{\"@type\":\"PropertyValueSpecification\",\"valueRequired\":true,\"valueName\":\"search_term_string\"}}],\"inLanguage\":\"en-US\"},{\"@type\":\"Person\",\"@id\":\"https:\\\/\\\/super-news.info\\\/es\\\/#\\\/schema\\\/person\\\/2d4068cb2f39cd10008c2fce578a7356\",\"name\":\"super-news\",\"image\":{\"@type\":\"ImageObject\",\"inLanguage\":\"en-US\",\"@id\":\"https:\\\/\\\/secure.gravatar.com\\\/avatar\\\/64ebac40b93f26a154f8a9b5b6fdccfc46f442b26b3dd6756dbff3bf9dc76fd7?s=96&d=mm&r=g\",\"url\":\"https:\\\/\\\/secure.gravatar.com\\\/avatar\\\/64ebac40b93f26a154f8a9b5b6fdccfc46f442b26b3dd6756dbff3bf9dc76fd7?s=96&d=mm&r=g\",\"contentUrl\":\"https:\\\/\\\/secure.gravatar.com\\\/avatar\\\/64ebac40b93f26a154f8a9b5b6fdccfc46f442b26b3dd6756dbff3bf9dc76fd7?s=96&d=mm&r=g\",\"caption\":\"super-news\"},\"url\":\"https:\\\/\\\/super-news.info\\\/es\\\/author\\\/pt\\\/\"}]}<\/script>\n<!-- \/ Yoast SEO plugin. -->","yoast_head_json":{"title":"Tom\u00e1s Ostiglia y Soy Cardo inauguran la temporada en Brother Madrid - Super News","robots":{"index":"index","follow":"follow","max-snippet":"max-snippet:-1","max-image-preview":"max-image-preview:large","max-video-preview":"max-video-preview:-1"},"canonical":"https:\/\/super-news.info\/es\/tomas-ostiglia-y-soy-cardo-inauguran-la-temporada-en-brother-madrid\/","og_locale":"en_US","og_type":"article","og_title":"Tom\u00e1s Ostiglia y Soy Cardo inauguran la temporada en Brother Madrid - Super News","og_description":"Brother Madrid da el pistoletazo de salida al nuevo curso con una gran fiesta de bienvenida, que dar\u00e1 cita a referentes de la vanguardia publicitaria Como cada a\u00f1o, Brother Madrid da el pistoletazo de salida al nuevo curso con una gran fiesta de bienvenida, que dar\u00e1 cita a potent\u00edsimos referentes de la vanguardia publicitaria. Para [&hellip;]","og_url":"https:\/\/super-news.info\/es\/tomas-ostiglia-y-soy-cardo-inauguran-la-temporada-en-brother-madrid\/","og_site_name":"Super News","article_published_time":"2019-09-16T16:47:13+00:00","article_modified_time":"2019-09-16T16:47:15+00:00","og_image":[{"width":626,"height":364,"url":"https:\/\/super-news.info\/es\/wp-content\/uploads\/sites\/4\/2019\/09\/Tom-s-Ostiglia-y-Soy-Cardo-inauguran-la-temporada-en-Brother.jpg","type":"image\/jpeg"}],"author":"super-news","twitter_card":"summary_large_image","twitter_misc":{"Written by":"super-news","Est. reading time":"1 minute"},"schema":{"@context":"https:\/\/schema.org","@graph":[{"@type":"Article","@id":"https:\/\/super-news.info\/es\/tomas-ostiglia-y-soy-cardo-inauguran-la-temporada-en-brother-madrid\/#article","isPartOf":{"@id":"https:\/\/super-news.info\/es\/tomas-ostiglia-y-soy-cardo-inauguran-la-temporada-en-brother-madrid\/"},"author":{"name":"super-news","@id":"https:\/\/super-news.info\/es\/#\/schema\/person\/2d4068cb2f39cd10008c2fce578a7356"},"headline":"Tom\u00e1s Ostiglia y Soy Cardo inauguran la temporada en Brother Madrid","datePublished":"2019-09-16T16:47:13+00:00","dateModified":"2019-09-16T16:47:15+00:00","mainEntityOfPage":{"@id":"https:\/\/super-news.info\/es\/tomas-ostiglia-y-soy-cardo-inauguran-la-temporada-en-brother-madrid\/"},"wordCount":303,"commentCount":0,"image":{"@id":"https:\/\/super-news.info\/es\/tomas-ostiglia-y-soy-cardo-inauguran-la-temporada-en-brother-madrid\/#primaryimage"},"thumbnailUrl":"https:\/\/super-news.info\/es\/wp-content\/uploads\/sites\/4\/2019\/09\/Tom-s-Ostiglia-y-Soy-Cardo-inauguran-la-temporada-en-Brother.jpg","articleSection":["NOTICIAS DE MARKETING DIGITAL"],"inLanguage":"en-US","potentialAction":[{"@type":"CommentAction","name":"Comment","target":["https:\/\/super-news.info\/es\/tomas-ostiglia-y-soy-cardo-inauguran-la-temporada-en-brother-madrid\/#respond"]}]},{"@type":"WebPage","@id":"https:\/\/super-news.info\/es\/tomas-ostiglia-y-soy-cardo-inauguran-la-temporada-en-brother-madrid\/","url":"https:\/\/super-news.info\/es\/tomas-ostiglia-y-soy-cardo-inauguran-la-temporada-en-brother-madrid\/","name":"Tom\u00e1s Ostiglia y Soy Cardo inauguran la temporada en Brother Madrid - Super News","isPartOf":{"@id":"https:\/\/super-news.info\/es\/#website"},"primaryImageOfPage":{"@id":"https:\/\/super-news.info\/es\/tomas-ostiglia-y-soy-cardo-inauguran-la-temporada-en-brother-madrid\/#primaryimage"},"image":{"@id":"https:\/\/super-news.info\/es\/tomas-ostiglia-y-soy-cardo-inauguran-la-temporada-en-brother-madrid\/#primaryimage"},"thumbnailUrl":"https:\/\/super-news.info\/es\/wp-content\/uploads\/sites\/4\/2019\/09\/Tom-s-Ostiglia-y-Soy-Cardo-inauguran-la-temporada-en-Brother.jpg","datePublished":"2019-09-16T16:47:13+00:00","dateModified":"2019-09-16T16:47:15+00:00","author":{"@id":"https:\/\/super-news.info\/es\/#\/schema\/person\/2d4068cb2f39cd10008c2fce578a7356"},"breadcrumb":{"@id":"https:\/\/super-news.info\/es\/tomas-ostiglia-y-soy-cardo-inauguran-la-temporada-en-brother-madrid\/#breadcrumb"},"inLanguage":"en-US","potentialAction":[{"@type":"ReadAction","target":["https:\/\/super-news.info\/es\/tomas-ostiglia-y-soy-cardo-inauguran-la-temporada-en-brother-madrid\/"]}]},{"@type":"ImageObject","inLanguage":"en-US","@id":"https:\/\/super-news.info\/es\/tomas-ostiglia-y-soy-cardo-inauguran-la-temporada-en-brother-madrid\/#primaryimage","url":"https:\/\/super-news.info\/es\/wp-content\/uploads\/sites\/4\/2019\/09\/Tom-s-Ostiglia-y-Soy-Cardo-inauguran-la-temporada-en-Brother.jpg","contentUrl":"https:\/\/super-news.info\/es\/wp-content\/uploads\/sites\/4\/2019\/09\/Tom-s-Ostiglia-y-Soy-Cardo-inauguran-la-temporada-en-Brother.jpg","width":626,"height":364,"caption":"open day guacamayo"},{"@type":"BreadcrumbList","@id":"https:\/\/super-news.info\/es\/tomas-ostiglia-y-soy-cardo-inauguran-la-temporada-en-brother-madrid\/#breadcrumb","itemListElement":[{"@type":"ListItem","position":1,"name":"\u0413\u043b\u0430\u0432\u043d\u0430\u044f \u0441\u0442\u0440\u0430\u043d\u0438\u0446\u0430","item":"https:\/\/super-news.info\/es\/"},{"@type":"ListItem","position":2,"name":"Tom\u00e1s Ostiglia y Soy Cardo inauguran la temporada en Brother Madrid"}]},{"@type":"WebSite","@id":"https:\/\/super-news.info\/es\/#website","url":"https:\/\/super-news.info\/es\/","name":"Super News","description":"Super News Espa\u00f1a","potentialAction":[{"@type":"SearchAction","target":{"@type":"EntryPoint","urlTemplate":"https:\/\/super-news.info\/es\/?s={search_term_string}"},"query-input":{"@type":"PropertyValueSpecification","valueRequired":true,"valueName":"search_term_string"}}],"inLanguage":"en-US"},{"@type":"Person","@id":"https:\/\/super-news.info\/es\/#\/schema\/person\/2d4068cb2f39cd10008c2fce578a7356","name":"super-news","image":{"@type":"ImageObject","inLanguage":"en-US","@id":"https:\/\/secure.gravatar.com\/avatar\/64ebac40b93f26a154f8a9b5b6fdccfc46f442b26b3dd6756dbff3bf9dc76fd7?s=96&d=mm&r=g","url":"https:\/\/secure.gravatar.com\/avatar\/64ebac40b93f26a154f8a9b5b6fdccfc46f442b26b3dd6756dbff3bf9dc76fd7?s=96&d=mm&r=g","contentUrl":"https:\/\/secure.gravatar.com\/avatar\/64ebac40b93f26a154f8a9b5b6fdccfc46f442b26b3dd6756dbff3bf9dc76fd7?s=96&d=mm&r=g","caption":"super-news"},"url":"https:\/\/super-news.info\/es\/author\/pt\/"}]}},"_links":{"self":[{"href":"https:\/\/super-news.info\/es\/wp-json\/wp\/v2\/posts\/11238","targetHints":{"allow":["GET"]}}],"collection":[{"href":"https:\/\/super-news.info\/es\/wp-json\/wp\/v2\/posts"}],"about":[{"href":"https:\/\/super-news.info\/es\/wp-json\/wp\/v2\/types\/post"}],"author":[{"embeddable":true,"href":"https:\/\/super-news.info\/es\/wp-json\/wp\/v2\/users\/2"}],"replies":[{"embeddable":true,"href":"https:\/\/super-news.info\/es\/wp-json\/wp\/v2\/comments?post=11238"}],"version-history":[{"count":1,"href":"https:\/\/super-news.info\/es\/wp-json\/wp\/v2\/posts\/11238\/revisions"}],"predecessor-version":[{"id":11240,"href":"https:\/\/super-news.info\/es\/wp-json\/wp\/v2\/posts\/11238\/revisions\/11240"}],"wp:featuredmedia":[{"embeddable":true,"href":"https:\/\/super-news.info\/es\/wp-json\/wp\/v2\/media\/11239"}],"wp:attachment":[{"href":"https:\/\/super-news.info\/es\/wp-json\/wp\/v2\/media?parent=11238"}],"wp:term":[{"taxonomy":"category","embeddable":true,"href":"https:\/\/super-news.info\/es\/wp-json\/wp\/v2\/categories?post=11238"},{"taxonomy":"post_tag","embeddable":true,"href":"https:\/\/super-news.info\/es\/wp-json\/wp\/v2\/tags?post=11238"}],"curies":[{"name":"wp","href":"https:\/\/api.w.org\/{rel}","templated":true}]}}