{"id":11229,"date":"2019-09-16T18:17:55","date_gmt":"2019-09-16T15:17:55","guid":{"rendered":"https:\/\/super-news.info\/es\/vodafone-pone-en-manos-de-dentsu-aegis-network-su-cuenta-mundial-de-medios\/"},"modified":"2019-09-16T18:17:56","modified_gmt":"2019-09-16T15:17:56","slug":"vodafone-pone-en-manos-de-dentsu-aegis-network-su-cuenta-mundial-de-medios","status":"publish","type":"post","link":"https:\/\/super-news.info\/es\/vodafone-pone-en-manos-de-dentsu-aegis-network-su-cuenta-mundial-de-medios\/","title":{"rendered":"Vodafone pone en manos de Dentsu Aegis Network su cuenta mundial de medios"},"content":{"rendered":"<p>\t\t\t\t\t\t\t\t\t\tEn Espa\u00f1a la soluci\u00f3n que el grupo ofrecer\u00e1 a la marca estar\u00e1 gestionada por Ymedia Vizeum y WINK. Estas dos agencias trabajan en el \u00e1mbito digital y los contenidos del grupo, adem\u00e1s de la marca Lowi.<\/p>\n<p>Vodafone ha tomado la decisi\u00f3n de dejar en manos del grupo Dentsu Aegis Network su cuenta mundial de medios. En Espa\u00f1a la soluci\u00f3n que el grupo ofrecer\u00e1 a la marca estar\u00e1 gestionada por Ymedia Vizeum y WINK.<br \/>\nEstas dos agencias trabajan en el \u00e1mbito digital y los contenidos del grupo, adem\u00e1s de la marca Lowi. De forma global ser\u00e1 liderada por Carat y los equipos implicados ser\u00e1n los responsables de la negociaci\u00f3n y compra de medios en asociaci\u00f3n con su equipo in-house responsable de la compra de medios.<br \/>\n&#8220;Celebramos esta gran noticia que es producto del gran trabajo que hemos realizado juntamente con nuestros compa\u00f1eros de internacional. En Espa\u00f1a ya tenemos una experiencia probada de grandes resultados con Vodafone y esto no hace m\u00e1s que afianzar nuestra ya excelente relaci\u00f3n&#8221;, ha expresado Jaime L\u00f3pez Francos, presidente de media &amp; performance en Dentsu Aegis Network Espa\u00f1a.<br \/>\nDentsu Aegis Network est\u00e1 innovando en la manera en que se construyen las marcas para sus clientes, poniendo a su disposici\u00f3n el mejor conocimiento y experiencia en medios, digital y comunicaci\u00f3n creativa.<br \/>\nPor su parte, Will Swayne -chief cliente officer, media &amp; performance de Dentsu Aegis Network- ha comentado que: &#8220;Vodafone es una organizaci\u00f3n centrada en el futuro, retando al viejo sistema para hacer las cosas de manera diferente mientras que son pioneros en lo nuevo y maximizando las oportunidades que nos brinda la econom\u00eda digital. Estamos encantados de convertirnos en sus socios, integrando lo mejor de nuestras capacidades para acelerar la evoluci\u00f3n de Vodafone para convertirse en l\u00edder del mercado en el \u00e1mbito de marketing digital y su compra de medios interna&#8221;.<\/p>\n<p>\t\t\t\t\t\t\t\t\t\t\tNo te pierdas nada de MarketingDirecto.com y \u00fanete a nuestro Telegram t.me\/MarketingDirecto<\/p>\n<p>\n<!--noindex--><br \/>\n<a href=\"https:\/\/www.marketingdirecto.com\/marketing-general\/agencias\/vodafone-pone-en-manos-de-dentsu-aegis-network-su-cuenta-mundial-de-medios\" rel=\"nofollow\">Source link <\/a><br \/>\n<!--\/noindex--><\/p>\n","protected":false},"excerpt":{"rendered":"<p>En Espa\u00f1a la soluci\u00f3n que el grupo ofrecer\u00e1 a la marca estar\u00e1 gestionada por Ymedia Vizeum y WINK. Estas dos agencias trabajan en el \u00e1mbito digital y los contenidos del grupo, adem\u00e1s de la marca Lowi. Vodafone ha tomado la decisi\u00f3n de dejar en manos del grupo Dentsu Aegis Network su cuenta mundial de medios. [&hellip;]<\/p>\n","protected":false},"author":2,"featured_media":11230,"comment_status":"open","ping_status":"open","sticky":false,"template":"","format":"standard","meta":{"footnotes":""},"categories":[2],"tags":[],"class_list":["post-11229","post","type-post","status-publish","format-standard","has-post-thumbnail","hentry","category-noticias-de-marketing-digital"],"yoast_head":"<!-- This site is optimized with the Yoast SEO plugin v27.4 - https:\/\/yoast.com\/product\/yoast-seo-wordpress\/ -->\n<title>Vodafone pone en manos de Dentsu Aegis Network su cuenta mundial de medios - Super News<\/title>\n<meta name=\"robots\" content=\"index, follow, max-snippet:-1, max-image-preview:large, max-video-preview:-1\" \/>\n<link rel=\"canonical\" href=\"https:\/\/super-news.info\/es\/vodafone-pone-en-manos-de-dentsu-aegis-network-su-cuenta-mundial-de-medios\/\" \/>\n<meta property=\"og:locale\" content=\"en_US\" \/>\n<meta property=\"og:type\" content=\"article\" \/>\n<meta property=\"og:title\" content=\"Vodafone pone en manos de Dentsu Aegis Network su cuenta mundial de medios - Super News\" \/>\n<meta property=\"og:description\" content=\"En Espa\u00f1a la soluci\u00f3n que el grupo ofrecer\u00e1 a la marca estar\u00e1 gestionada por Ymedia Vizeum y WINK. Estas dos agencias trabajan en el \u00e1mbito digital y los contenidos del grupo, adem\u00e1s de la marca Lowi. Vodafone ha tomado la decisi\u00f3n de dejar en manos del grupo Dentsu Aegis Network su cuenta mundial de medios. [&hellip;]\" \/>\n<meta property=\"og:url\" content=\"https:\/\/super-news.info\/es\/vodafone-pone-en-manos-de-dentsu-aegis-network-su-cuenta-mundial-de-medios\/\" \/>\n<meta property=\"og:site_name\" content=\"Super News\" \/>\n<meta property=\"article:published_time\" content=\"2019-09-16T15:17:55+00:00\" \/>\n<meta property=\"article:modified_time\" content=\"2019-09-16T15:17:56+00:00\" \/>\n<meta property=\"og:image\" content=\"https:\/\/super-news.info\/es\/wp-content\/uploads\/sites\/4\/2019\/09\/Vodafone-pone-en-manos-de-Dentsu-Aegis-Network-su-cuenta.jpg\" \/>\n\t<meta property=\"og:image:width\" content=\"626\" \/>\n\t<meta property=\"og:image:height\" content=\"364\" \/>\n\t<meta property=\"og:image:type\" content=\"image\/jpeg\" \/>\n<meta name=\"author\" content=\"super-news\" \/>\n<meta name=\"twitter:card\" content=\"summary_large_image\" \/>\n<meta name=\"twitter:label1\" content=\"Written by\" \/>\n\t<meta name=\"twitter:data1\" content=\"super-news\" \/>\n\t<meta name=\"twitter:label2\" content=\"Est. reading time\" \/>\n\t<meta name=\"twitter:data2\" content=\"2 minutes\" \/>\n<script type=\"application\/ld+json\" class=\"yoast-schema-graph\">{\"@context\":\"https:\\\/\\\/schema.org\",\"@graph\":[{\"@type\":\"Article\",\"@id\":\"https:\\\/\\\/super-news.info\\\/es\\\/vodafone-pone-en-manos-de-dentsu-aegis-network-su-cuenta-mundial-de-medios\\\/#article\",\"isPartOf\":{\"@id\":\"https:\\\/\\\/super-news.info\\\/es\\\/vodafone-pone-en-manos-de-dentsu-aegis-network-su-cuenta-mundial-de-medios\\\/\"},\"author\":{\"name\":\"super-news\",\"@id\":\"https:\\\/\\\/super-news.info\\\/es\\\/#\\\/schema\\\/person\\\/2d4068cb2f39cd10008c2fce578a7356\"},\"headline\":\"Vodafone pone en manos de Dentsu Aegis Network su cuenta mundial de medios\",\"datePublished\":\"2019-09-16T15:17:55+00:00\",\"dateModified\":\"2019-09-16T15:17:56+00:00\",\"mainEntityOfPage\":{\"@id\":\"https:\\\/\\\/super-news.info\\\/es\\\/vodafone-pone-en-manos-de-dentsu-aegis-network-su-cuenta-mundial-de-medios\\\/\"},\"wordCount\":356,\"commentCount\":0,\"image\":{\"@id\":\"https:\\\/\\\/super-news.info\\\/es\\\/vodafone-pone-en-manos-de-dentsu-aegis-network-su-cuenta-mundial-de-medios\\\/#primaryimage\"},\"thumbnailUrl\":\"https:\\\/\\\/super-news.info\\\/es\\\/wp-content\\\/uploads\\\/sites\\\/4\\\/2019\\\/09\\\/Vodafone-pone-en-manos-de-Dentsu-Aegis-Network-su-cuenta.jpg\",\"articleSection\":[\"NOTICIAS DE MARKETING DIGITAL\"],\"inLanguage\":\"en-US\",\"potentialAction\":[{\"@type\":\"CommentAction\",\"name\":\"Comment\",\"target\":[\"https:\\\/\\\/super-news.info\\\/es\\\/vodafone-pone-en-manos-de-dentsu-aegis-network-su-cuenta-mundial-de-medios\\\/#respond\"]}]},{\"@type\":\"WebPage\",\"@id\":\"https:\\\/\\\/super-news.info\\\/es\\\/vodafone-pone-en-manos-de-dentsu-aegis-network-su-cuenta-mundial-de-medios\\\/\",\"url\":\"https:\\\/\\\/super-news.info\\\/es\\\/vodafone-pone-en-manos-de-dentsu-aegis-network-su-cuenta-mundial-de-medios\\\/\",\"name\":\"Vodafone pone en manos de Dentsu Aegis Network su cuenta mundial de medios - Super News\",\"isPartOf\":{\"@id\":\"https:\\\/\\\/super-news.info\\\/es\\\/#website\"},\"primaryImageOfPage\":{\"@id\":\"https:\\\/\\\/super-news.info\\\/es\\\/vodafone-pone-en-manos-de-dentsu-aegis-network-su-cuenta-mundial-de-medios\\\/#primaryimage\"},\"image\":{\"@id\":\"https:\\\/\\\/super-news.info\\\/es\\\/vodafone-pone-en-manos-de-dentsu-aegis-network-su-cuenta-mundial-de-medios\\\/#primaryimage\"},\"thumbnailUrl\":\"https:\\\/\\\/super-news.info\\\/es\\\/wp-content\\\/uploads\\\/sites\\\/4\\\/2019\\\/09\\\/Vodafone-pone-en-manos-de-Dentsu-Aegis-Network-su-cuenta.jpg\",\"datePublished\":\"2019-09-16T15:17:55+00:00\",\"dateModified\":\"2019-09-16T15:17:56+00:00\",\"author\":{\"@id\":\"https:\\\/\\\/super-news.info\\\/es\\\/#\\\/schema\\\/person\\\/2d4068cb2f39cd10008c2fce578a7356\"},\"breadcrumb\":{\"@id\":\"https:\\\/\\\/super-news.info\\\/es\\\/vodafone-pone-en-manos-de-dentsu-aegis-network-su-cuenta-mundial-de-medios\\\/#breadcrumb\"},\"inLanguage\":\"en-US\",\"potentialAction\":[{\"@type\":\"ReadAction\",\"target\":[\"https:\\\/\\\/super-news.info\\\/es\\\/vodafone-pone-en-manos-de-dentsu-aegis-network-su-cuenta-mundial-de-medios\\\/\"]}]},{\"@type\":\"ImageObject\",\"inLanguage\":\"en-US\",\"@id\":\"https:\\\/\\\/super-news.info\\\/es\\\/vodafone-pone-en-manos-de-dentsu-aegis-network-su-cuenta-mundial-de-medios\\\/#primaryimage\",\"url\":\"https:\\\/\\\/super-news.info\\\/es\\\/wp-content\\\/uploads\\\/sites\\\/4\\\/2019\\\/09\\\/Vodafone-pone-en-manos-de-Dentsu-Aegis-Network-su-cuenta.jpg\",\"contentUrl\":\"https:\\\/\\\/super-news.info\\\/es\\\/wp-content\\\/uploads\\\/sites\\\/4\\\/2019\\\/09\\\/Vodafone-pone-en-manos-de-Dentsu-Aegis-Network-su-cuenta.jpg\",\"width\":626,\"height\":364,\"caption\":\"vodafone dentsu aegis\"},{\"@type\":\"BreadcrumbList\",\"@id\":\"https:\\\/\\\/super-news.info\\\/es\\\/vodafone-pone-en-manos-de-dentsu-aegis-network-su-cuenta-mundial-de-medios\\\/#breadcrumb\",\"itemListElement\":[{\"@type\":\"ListItem\",\"position\":1,\"name\":\"\u0413\u043b\u0430\u0432\u043d\u0430\u044f \u0441\u0442\u0440\u0430\u043d\u0438\u0446\u0430\",\"item\":\"https:\\\/\\\/super-news.info\\\/es\\\/\"},{\"@type\":\"ListItem\",\"position\":2,\"name\":\"Vodafone pone en manos de Dentsu Aegis Network su cuenta mundial de medios\"}]},{\"@type\":\"WebSite\",\"@id\":\"https:\\\/\\\/super-news.info\\\/es\\\/#website\",\"url\":\"https:\\\/\\\/super-news.info\\\/es\\\/\",\"name\":\"Super News\",\"description\":\"Super News Espa\u00f1a\",\"potentialAction\":[{\"@type\":\"SearchAction\",\"target\":{\"@type\":\"EntryPoint\",\"urlTemplate\":\"https:\\\/\\\/super-news.info\\\/es\\\/?s={search_term_string}\"},\"query-input\":{\"@type\":\"PropertyValueSpecification\",\"valueRequired\":true,\"valueName\":\"search_term_string\"}}],\"inLanguage\":\"en-US\"},{\"@type\":\"Person\",\"@id\":\"https:\\\/\\\/super-news.info\\\/es\\\/#\\\/schema\\\/person\\\/2d4068cb2f39cd10008c2fce578a7356\",\"name\":\"super-news\",\"image\":{\"@type\":\"ImageObject\",\"inLanguage\":\"en-US\",\"@id\":\"https:\\\/\\\/secure.gravatar.com\\\/avatar\\\/64ebac40b93f26a154f8a9b5b6fdccfc46f442b26b3dd6756dbff3bf9dc76fd7?s=96&d=mm&r=g\",\"url\":\"https:\\\/\\\/secure.gravatar.com\\\/avatar\\\/64ebac40b93f26a154f8a9b5b6fdccfc46f442b26b3dd6756dbff3bf9dc76fd7?s=96&d=mm&r=g\",\"contentUrl\":\"https:\\\/\\\/secure.gravatar.com\\\/avatar\\\/64ebac40b93f26a154f8a9b5b6fdccfc46f442b26b3dd6756dbff3bf9dc76fd7?s=96&d=mm&r=g\",\"caption\":\"super-news\"},\"url\":\"https:\\\/\\\/super-news.info\\\/es\\\/author\\\/pt\\\/\"}]}<\/script>\n<!-- \/ Yoast SEO plugin. -->","yoast_head_json":{"title":"Vodafone pone en manos de Dentsu Aegis Network su cuenta mundial de medios - Super News","robots":{"index":"index","follow":"follow","max-snippet":"max-snippet:-1","max-image-preview":"max-image-preview:large","max-video-preview":"max-video-preview:-1"},"canonical":"https:\/\/super-news.info\/es\/vodafone-pone-en-manos-de-dentsu-aegis-network-su-cuenta-mundial-de-medios\/","og_locale":"en_US","og_type":"article","og_title":"Vodafone pone en manos de Dentsu Aegis Network su cuenta mundial de medios - Super News","og_description":"En Espa\u00f1a la soluci\u00f3n que el grupo ofrecer\u00e1 a la marca estar\u00e1 gestionada por Ymedia Vizeum y WINK. Estas dos agencias trabajan en el \u00e1mbito digital y los contenidos del grupo, adem\u00e1s de la marca Lowi. Vodafone ha tomado la decisi\u00f3n de dejar en manos del grupo Dentsu Aegis Network su cuenta mundial de medios. [&hellip;]","og_url":"https:\/\/super-news.info\/es\/vodafone-pone-en-manos-de-dentsu-aegis-network-su-cuenta-mundial-de-medios\/","og_site_name":"Super News","article_published_time":"2019-09-16T15:17:55+00:00","article_modified_time":"2019-09-16T15:17:56+00:00","og_image":[{"width":626,"height":364,"url":"https:\/\/super-news.info\/es\/wp-content\/uploads\/sites\/4\/2019\/09\/Vodafone-pone-en-manos-de-Dentsu-Aegis-Network-su-cuenta.jpg","type":"image\/jpeg"}],"author":"super-news","twitter_card":"summary_large_image","twitter_misc":{"Written by":"super-news","Est. reading time":"2 minutes"},"schema":{"@context":"https:\/\/schema.org","@graph":[{"@type":"Article","@id":"https:\/\/super-news.info\/es\/vodafone-pone-en-manos-de-dentsu-aegis-network-su-cuenta-mundial-de-medios\/#article","isPartOf":{"@id":"https:\/\/super-news.info\/es\/vodafone-pone-en-manos-de-dentsu-aegis-network-su-cuenta-mundial-de-medios\/"},"author":{"name":"super-news","@id":"https:\/\/super-news.info\/es\/#\/schema\/person\/2d4068cb2f39cd10008c2fce578a7356"},"headline":"Vodafone pone en manos de Dentsu Aegis Network su cuenta mundial de medios","datePublished":"2019-09-16T15:17:55+00:00","dateModified":"2019-09-16T15:17:56+00:00","mainEntityOfPage":{"@id":"https:\/\/super-news.info\/es\/vodafone-pone-en-manos-de-dentsu-aegis-network-su-cuenta-mundial-de-medios\/"},"wordCount":356,"commentCount":0,"image":{"@id":"https:\/\/super-news.info\/es\/vodafone-pone-en-manos-de-dentsu-aegis-network-su-cuenta-mundial-de-medios\/#primaryimage"},"thumbnailUrl":"https:\/\/super-news.info\/es\/wp-content\/uploads\/sites\/4\/2019\/09\/Vodafone-pone-en-manos-de-Dentsu-Aegis-Network-su-cuenta.jpg","articleSection":["NOTICIAS DE MARKETING DIGITAL"],"inLanguage":"en-US","potentialAction":[{"@type":"CommentAction","name":"Comment","target":["https:\/\/super-news.info\/es\/vodafone-pone-en-manos-de-dentsu-aegis-network-su-cuenta-mundial-de-medios\/#respond"]}]},{"@type":"WebPage","@id":"https:\/\/super-news.info\/es\/vodafone-pone-en-manos-de-dentsu-aegis-network-su-cuenta-mundial-de-medios\/","url":"https:\/\/super-news.info\/es\/vodafone-pone-en-manos-de-dentsu-aegis-network-su-cuenta-mundial-de-medios\/","name":"Vodafone pone en manos de Dentsu Aegis Network su cuenta mundial de medios - Super News","isPartOf":{"@id":"https:\/\/super-news.info\/es\/#website"},"primaryImageOfPage":{"@id":"https:\/\/super-news.info\/es\/vodafone-pone-en-manos-de-dentsu-aegis-network-su-cuenta-mundial-de-medios\/#primaryimage"},"image":{"@id":"https:\/\/super-news.info\/es\/vodafone-pone-en-manos-de-dentsu-aegis-network-su-cuenta-mundial-de-medios\/#primaryimage"},"thumbnailUrl":"https:\/\/super-news.info\/es\/wp-content\/uploads\/sites\/4\/2019\/09\/Vodafone-pone-en-manos-de-Dentsu-Aegis-Network-su-cuenta.jpg","datePublished":"2019-09-16T15:17:55+00:00","dateModified":"2019-09-16T15:17:56+00:00","author":{"@id":"https:\/\/super-news.info\/es\/#\/schema\/person\/2d4068cb2f39cd10008c2fce578a7356"},"breadcrumb":{"@id":"https:\/\/super-news.info\/es\/vodafone-pone-en-manos-de-dentsu-aegis-network-su-cuenta-mundial-de-medios\/#breadcrumb"},"inLanguage":"en-US","potentialAction":[{"@type":"ReadAction","target":["https:\/\/super-news.info\/es\/vodafone-pone-en-manos-de-dentsu-aegis-network-su-cuenta-mundial-de-medios\/"]}]},{"@type":"ImageObject","inLanguage":"en-US","@id":"https:\/\/super-news.info\/es\/vodafone-pone-en-manos-de-dentsu-aegis-network-su-cuenta-mundial-de-medios\/#primaryimage","url":"https:\/\/super-news.info\/es\/wp-content\/uploads\/sites\/4\/2019\/09\/Vodafone-pone-en-manos-de-Dentsu-Aegis-Network-su-cuenta.jpg","contentUrl":"https:\/\/super-news.info\/es\/wp-content\/uploads\/sites\/4\/2019\/09\/Vodafone-pone-en-manos-de-Dentsu-Aegis-Network-su-cuenta.jpg","width":626,"height":364,"caption":"vodafone dentsu aegis"},{"@type":"BreadcrumbList","@id":"https:\/\/super-news.info\/es\/vodafone-pone-en-manos-de-dentsu-aegis-network-su-cuenta-mundial-de-medios\/#breadcrumb","itemListElement":[{"@type":"ListItem","position":1,"name":"\u0413\u043b\u0430\u0432\u043d\u0430\u044f \u0441\u0442\u0440\u0430\u043d\u0438\u0446\u0430","item":"https:\/\/super-news.info\/es\/"},{"@type":"ListItem","position":2,"name":"Vodafone pone en manos de Dentsu Aegis Network su cuenta mundial de medios"}]},{"@type":"WebSite","@id":"https:\/\/super-news.info\/es\/#website","url":"https:\/\/super-news.info\/es\/","name":"Super News","description":"Super News Espa\u00f1a","potentialAction":[{"@type":"SearchAction","target":{"@type":"EntryPoint","urlTemplate":"https:\/\/super-news.info\/es\/?s={search_term_string}"},"query-input":{"@type":"PropertyValueSpecification","valueRequired":true,"valueName":"search_term_string"}}],"inLanguage":"en-US"},{"@type":"Person","@id":"https:\/\/super-news.info\/es\/#\/schema\/person\/2d4068cb2f39cd10008c2fce578a7356","name":"super-news","image":{"@type":"ImageObject","inLanguage":"en-US","@id":"https:\/\/secure.gravatar.com\/avatar\/64ebac40b93f26a154f8a9b5b6fdccfc46f442b26b3dd6756dbff3bf9dc76fd7?s=96&d=mm&r=g","url":"https:\/\/secure.gravatar.com\/avatar\/64ebac40b93f26a154f8a9b5b6fdccfc46f442b26b3dd6756dbff3bf9dc76fd7?s=96&d=mm&r=g","contentUrl":"https:\/\/secure.gravatar.com\/avatar\/64ebac40b93f26a154f8a9b5b6fdccfc46f442b26b3dd6756dbff3bf9dc76fd7?s=96&d=mm&r=g","caption":"super-news"},"url":"https:\/\/super-news.info\/es\/author\/pt\/"}]}},"_links":{"self":[{"href":"https:\/\/super-news.info\/es\/wp-json\/wp\/v2\/posts\/11229","targetHints":{"allow":["GET"]}}],"collection":[{"href":"https:\/\/super-news.info\/es\/wp-json\/wp\/v2\/posts"}],"about":[{"href":"https:\/\/super-news.info\/es\/wp-json\/wp\/v2\/types\/post"}],"author":[{"embeddable":true,"href":"https:\/\/super-news.info\/es\/wp-json\/wp\/v2\/users\/2"}],"replies":[{"embeddable":true,"href":"https:\/\/super-news.info\/es\/wp-json\/wp\/v2\/comments?post=11229"}],"version-history":[{"count":1,"href":"https:\/\/super-news.info\/es\/wp-json\/wp\/v2\/posts\/11229\/revisions"}],"predecessor-version":[{"id":11231,"href":"https:\/\/super-news.info\/es\/wp-json\/wp\/v2\/posts\/11229\/revisions\/11231"}],"wp:featuredmedia":[{"embeddable":true,"href":"https:\/\/super-news.info\/es\/wp-json\/wp\/v2\/media\/11230"}],"wp:attachment":[{"href":"https:\/\/super-news.info\/es\/wp-json\/wp\/v2\/media?parent=11229"}],"wp:term":[{"taxonomy":"category","embeddable":true,"href":"https:\/\/super-news.info\/es\/wp-json\/wp\/v2\/categories?post=11229"},{"taxonomy":"post_tag","embeddable":true,"href":"https:\/\/super-news.info\/es\/wp-json\/wp\/v2\/tags?post=11229"}],"curies":[{"name":"wp","href":"https:\/\/api.w.org\/{rel}","templated":true}]}}