{"id":11185,"date":"2019-09-16T06:20:12","date_gmt":"2019-09-16T03:20:12","guid":{"rendered":"https:\/\/super-news.info\/es\/la-despensa-es-la-nueva-agencia-creativa-de-cabify-para-espana-y-portugal\/"},"modified":"2019-09-16T06:20:13","modified_gmt":"2019-09-16T03:20:13","slug":"la-despensa-es-la-nueva-agencia-creativa-de-cabify-para-espana-y-portugal","status":"publish","type":"post","link":"https:\/\/super-news.info\/es\/la-despensa-es-la-nueva-agencia-creativa-de-cabify-para-espana-y-portugal\/","title":{"rendered":"La Despensa es la nueva agencia creativa de Cabify para Espa\u00f1a y Portugal"},"content":{"rendered":"<p>\t\t\t\t\t\t\t\t\t\tLa Despensa ha sido elegida por Cabify como su nueva agencia creativa tras la celebraci\u00f3n de un concurso en el que participaron varias agencias<br \/>\n\t\t\t\t\t\t\t\t\t\t\t\t\t\t\t\t\t\t\t\t\u00a0<\/p>\n<p>La Despensa ha sido elegida por Cabify como su nueva agencia creativa para Espa\u00f1a y Portugal. La cuenta se ha adjudicado tras la celebraci\u00f3n de un concurso en el que participaron varias agencias.<br \/>\n&#8220;Estamos muy ilusionados con la llegada de Cabify. Tenemos ante nosotros un reto muy importante: escribir la historia de una nueva era de la movilidad de la mano de la empresa l\u00edder espa\u00f1ola. Una marca, adem\u00e1s, que no tiene miedo de arriesgar y apostar por las ideas. Esperamos hacer grandes cosas juntos&#8221;, se\u00f1ala Javier Carrasco, fundador y director general creativo de la agencia.<br \/>\nLa Despensa y Cabify ya trabajaron juntos en el desarrollo de la campa\u00f1a #HaciaD\u00f3ndeNosMovemos, que ret\u00f3 a todos los agentes implicados en la movilidad a hablar sobre el futuro de las ciudades.<br \/>\n&#8220;Realmente estamos muy entusiasmados por esta nueva colaboraci\u00f3n entre La Despensa y Cabify, y que ella nos permita poder seguir alimentando el v\u00ednculo emocional que hemos logrado construir entre nuestros usuarios y nuestra marca&#8221;, afirma Mariano Silveyra, presidente de Cabify Europa.<br \/>\nActualmente, agencia y marca se encuentran inmersos en el desarrollo de la primera campa\u00f1a de esta colaboraci\u00f3n que ver\u00e1 la luz en las pr\u00f3ximas semanas.<br \/>\nNota de prensa<\/p>\n<p>\t\t\t\t\t\t\t\t\t\t\tNo te pierdas nada de MarketingDirecto.com y \u00fanete a nuestro Telegram t.me\/MarketingDirecto<\/p>\n<p>\n<!--noindex--><br \/>\n<a href=\"https:\/\/www.marketingdirecto.com\/marketing-general\/agencias\/la-despensa-es-la-nueva-agencia-creativa-de-cabify-para-espana-y-portugal\" rel=\"nofollow\">Source link <\/a><br \/>\n<!--\/noindex--><\/p>\n","protected":false},"excerpt":{"rendered":"<p>La Despensa ha sido elegida por Cabify como su nueva agencia creativa tras la celebraci\u00f3n de un concurso en el que participaron varias agencias \u00a0 La Despensa ha sido elegida por Cabify como su nueva agencia creativa para Espa\u00f1a y Portugal. La cuenta se ha adjudicado tras la celebraci\u00f3n de un concurso en el que [&hellip;]<\/p>\n","protected":false},"author":2,"featured_media":11186,"comment_status":"open","ping_status":"open","sticky":false,"template":"","format":"standard","meta":{"footnotes":""},"categories":[2],"tags":[],"class_list":["post-11185","post","type-post","status-publish","format-standard","has-post-thumbnail","hentry","category-noticias-de-marketing-digital"],"yoast_head":"<!-- This site is optimized with the Yoast SEO plugin v27.4 - https:\/\/yoast.com\/product\/yoast-seo-wordpress\/ -->\n<title>La Despensa es la nueva agencia creativa de Cabify para Espa\u00f1a y Portugal - Super News<\/title>\n<meta name=\"robots\" content=\"index, follow, max-snippet:-1, max-image-preview:large, max-video-preview:-1\" \/>\n<link rel=\"canonical\" href=\"https:\/\/super-news.info\/es\/la-despensa-es-la-nueva-agencia-creativa-de-cabify-para-espana-y-portugal\/\" \/>\n<meta property=\"og:locale\" content=\"en_US\" \/>\n<meta property=\"og:type\" content=\"article\" \/>\n<meta property=\"og:title\" content=\"La Despensa es la nueva agencia creativa de Cabify para Espa\u00f1a y Portugal - Super News\" \/>\n<meta property=\"og:description\" content=\"La Despensa ha sido elegida por Cabify como su nueva agencia creativa tras la celebraci\u00f3n de un concurso en el que participaron varias agencias \u00a0 La Despensa ha sido elegida por Cabify como su nueva agencia creativa para Espa\u00f1a y Portugal. La cuenta se ha adjudicado tras la celebraci\u00f3n de un concurso en el que [&hellip;]\" \/>\n<meta property=\"og:url\" content=\"https:\/\/super-news.info\/es\/la-despensa-es-la-nueva-agencia-creativa-de-cabify-para-espana-y-portugal\/\" \/>\n<meta property=\"og:site_name\" content=\"Super News\" \/>\n<meta property=\"article:published_time\" content=\"2019-09-16T03:20:12+00:00\" \/>\n<meta property=\"article:modified_time\" content=\"2019-09-16T03:20:13+00:00\" \/>\n<meta property=\"og:image\" content=\"https:\/\/super-news.info\/es\/wp-content\/uploads\/sites\/4\/2019\/09\/La-Despensa-es-la-nueva-agencia-creativa-de-Cabify-para.jpg\" \/>\n\t<meta property=\"og:image:width\" content=\"626\" \/>\n\t<meta property=\"og:image:height\" content=\"364\" \/>\n\t<meta property=\"og:image:type\" content=\"image\/jpeg\" \/>\n<meta name=\"author\" content=\"super-news\" \/>\n<meta name=\"twitter:card\" content=\"summary_large_image\" \/>\n<meta name=\"twitter:label1\" content=\"Written by\" \/>\n\t<meta name=\"twitter:data1\" content=\"super-news\" \/>\n\t<meta name=\"twitter:label2\" content=\"Est. reading time\" \/>\n\t<meta name=\"twitter:data2\" content=\"1 minute\" \/>\n<script type=\"application\/ld+json\" class=\"yoast-schema-graph\">{\"@context\":\"https:\\\/\\\/schema.org\",\"@graph\":[{\"@type\":\"Article\",\"@id\":\"https:\\\/\\\/super-news.info\\\/es\\\/la-despensa-es-la-nueva-agencia-creativa-de-cabify-para-espana-y-portugal\\\/#article\",\"isPartOf\":{\"@id\":\"https:\\\/\\\/super-news.info\\\/es\\\/la-despensa-es-la-nueva-agencia-creativa-de-cabify-para-espana-y-portugal\\\/\"},\"author\":{\"name\":\"super-news\",\"@id\":\"https:\\\/\\\/super-news.info\\\/es\\\/#\\\/schema\\\/person\\\/2d4068cb2f39cd10008c2fce578a7356\"},\"headline\":\"La Despensa es la nueva agencia creativa de Cabify para Espa\u00f1a y Portugal\",\"datePublished\":\"2019-09-16T03:20:12+00:00\",\"dateModified\":\"2019-09-16T03:20:13+00:00\",\"mainEntityOfPage\":{\"@id\":\"https:\\\/\\\/super-news.info\\\/es\\\/la-despensa-es-la-nueva-agencia-creativa-de-cabify-para-espana-y-portugal\\\/\"},\"wordCount\":266,\"commentCount\":0,\"image\":{\"@id\":\"https:\\\/\\\/super-news.info\\\/es\\\/la-despensa-es-la-nueva-agencia-creativa-de-cabify-para-espana-y-portugal\\\/#primaryimage\"},\"thumbnailUrl\":\"https:\\\/\\\/super-news.info\\\/es\\\/wp-content\\\/uploads\\\/sites\\\/4\\\/2019\\\/09\\\/La-Despensa-es-la-nueva-agencia-creativa-de-Cabify-para.jpg\",\"articleSection\":[\"NOTICIAS DE MARKETING DIGITAL\"],\"inLanguage\":\"en-US\",\"potentialAction\":[{\"@type\":\"CommentAction\",\"name\":\"Comment\",\"target\":[\"https:\\\/\\\/super-news.info\\\/es\\\/la-despensa-es-la-nueva-agencia-creativa-de-cabify-para-espana-y-portugal\\\/#respond\"]}]},{\"@type\":\"WebPage\",\"@id\":\"https:\\\/\\\/super-news.info\\\/es\\\/la-despensa-es-la-nueva-agencia-creativa-de-cabify-para-espana-y-portugal\\\/\",\"url\":\"https:\\\/\\\/super-news.info\\\/es\\\/la-despensa-es-la-nueva-agencia-creativa-de-cabify-para-espana-y-portugal\\\/\",\"name\":\"La Despensa es la nueva agencia creativa de Cabify para Espa\u00f1a y Portugal - Super News\",\"isPartOf\":{\"@id\":\"https:\\\/\\\/super-news.info\\\/es\\\/#website\"},\"primaryImageOfPage\":{\"@id\":\"https:\\\/\\\/super-news.info\\\/es\\\/la-despensa-es-la-nueva-agencia-creativa-de-cabify-para-espana-y-portugal\\\/#primaryimage\"},\"image\":{\"@id\":\"https:\\\/\\\/super-news.info\\\/es\\\/la-despensa-es-la-nueva-agencia-creativa-de-cabify-para-espana-y-portugal\\\/#primaryimage\"},\"thumbnailUrl\":\"https:\\\/\\\/super-news.info\\\/es\\\/wp-content\\\/uploads\\\/sites\\\/4\\\/2019\\\/09\\\/La-Despensa-es-la-nueva-agencia-creativa-de-Cabify-para.jpg\",\"datePublished\":\"2019-09-16T03:20:12+00:00\",\"dateModified\":\"2019-09-16T03:20:13+00:00\",\"author\":{\"@id\":\"https:\\\/\\\/super-news.info\\\/es\\\/#\\\/schema\\\/person\\\/2d4068cb2f39cd10008c2fce578a7356\"},\"breadcrumb\":{\"@id\":\"https:\\\/\\\/super-news.info\\\/es\\\/la-despensa-es-la-nueva-agencia-creativa-de-cabify-para-espana-y-portugal\\\/#breadcrumb\"},\"inLanguage\":\"en-US\",\"potentialAction\":[{\"@type\":\"ReadAction\",\"target\":[\"https:\\\/\\\/super-news.info\\\/es\\\/la-despensa-es-la-nueva-agencia-creativa-de-cabify-para-espana-y-portugal\\\/\"]}]},{\"@type\":\"ImageObject\",\"inLanguage\":\"en-US\",\"@id\":\"https:\\\/\\\/super-news.info\\\/es\\\/la-despensa-es-la-nueva-agencia-creativa-de-cabify-para-espana-y-portugal\\\/#primaryimage\",\"url\":\"https:\\\/\\\/super-news.info\\\/es\\\/wp-content\\\/uploads\\\/sites\\\/4\\\/2019\\\/09\\\/La-Despensa-es-la-nueva-agencia-creativa-de-Cabify-para.jpg\",\"contentUrl\":\"https:\\\/\\\/super-news.info\\\/es\\\/wp-content\\\/uploads\\\/sites\\\/4\\\/2019\\\/09\\\/La-Despensa-es-la-nueva-agencia-creativa-de-Cabify-para.jpg\",\"width\":626,\"height\":364,\"caption\":\"cabify y la depensa\"},{\"@type\":\"BreadcrumbList\",\"@id\":\"https:\\\/\\\/super-news.info\\\/es\\\/la-despensa-es-la-nueva-agencia-creativa-de-cabify-para-espana-y-portugal\\\/#breadcrumb\",\"itemListElement\":[{\"@type\":\"ListItem\",\"position\":1,\"name\":\"\u0413\u043b\u0430\u0432\u043d\u0430\u044f \u0441\u0442\u0440\u0430\u043d\u0438\u0446\u0430\",\"item\":\"https:\\\/\\\/super-news.info\\\/es\\\/\"},{\"@type\":\"ListItem\",\"position\":2,\"name\":\"La Despensa es la nueva agencia creativa de Cabify para Espa\u00f1a y Portugal\"}]},{\"@type\":\"WebSite\",\"@id\":\"https:\\\/\\\/super-news.info\\\/es\\\/#website\",\"url\":\"https:\\\/\\\/super-news.info\\\/es\\\/\",\"name\":\"Super News\",\"description\":\"Super News Espa\u00f1a\",\"potentialAction\":[{\"@type\":\"SearchAction\",\"target\":{\"@type\":\"EntryPoint\",\"urlTemplate\":\"https:\\\/\\\/super-news.info\\\/es\\\/?s={search_term_string}\"},\"query-input\":{\"@type\":\"PropertyValueSpecification\",\"valueRequired\":true,\"valueName\":\"search_term_string\"}}],\"inLanguage\":\"en-US\"},{\"@type\":\"Person\",\"@id\":\"https:\\\/\\\/super-news.info\\\/es\\\/#\\\/schema\\\/person\\\/2d4068cb2f39cd10008c2fce578a7356\",\"name\":\"super-news\",\"image\":{\"@type\":\"ImageObject\",\"inLanguage\":\"en-US\",\"@id\":\"https:\\\/\\\/secure.gravatar.com\\\/avatar\\\/64ebac40b93f26a154f8a9b5b6fdccfc46f442b26b3dd6756dbff3bf9dc76fd7?s=96&d=mm&r=g\",\"url\":\"https:\\\/\\\/secure.gravatar.com\\\/avatar\\\/64ebac40b93f26a154f8a9b5b6fdccfc46f442b26b3dd6756dbff3bf9dc76fd7?s=96&d=mm&r=g\",\"contentUrl\":\"https:\\\/\\\/secure.gravatar.com\\\/avatar\\\/64ebac40b93f26a154f8a9b5b6fdccfc46f442b26b3dd6756dbff3bf9dc76fd7?s=96&d=mm&r=g\",\"caption\":\"super-news\"},\"url\":\"https:\\\/\\\/super-news.info\\\/es\\\/author\\\/pt\\\/\"}]}<\/script>\n<!-- \/ Yoast SEO plugin. -->","yoast_head_json":{"title":"La Despensa es la nueva agencia creativa de Cabify para Espa\u00f1a y Portugal - Super News","robots":{"index":"index","follow":"follow","max-snippet":"max-snippet:-1","max-image-preview":"max-image-preview:large","max-video-preview":"max-video-preview:-1"},"canonical":"https:\/\/super-news.info\/es\/la-despensa-es-la-nueva-agencia-creativa-de-cabify-para-espana-y-portugal\/","og_locale":"en_US","og_type":"article","og_title":"La Despensa es la nueva agencia creativa de Cabify para Espa\u00f1a y Portugal - Super News","og_description":"La Despensa ha sido elegida por Cabify como su nueva agencia creativa tras la celebraci\u00f3n de un concurso en el que participaron varias agencias \u00a0 La Despensa ha sido elegida por Cabify como su nueva agencia creativa para Espa\u00f1a y Portugal. La cuenta se ha adjudicado tras la celebraci\u00f3n de un concurso en el que [&hellip;]","og_url":"https:\/\/super-news.info\/es\/la-despensa-es-la-nueva-agencia-creativa-de-cabify-para-espana-y-portugal\/","og_site_name":"Super News","article_published_time":"2019-09-16T03:20:12+00:00","article_modified_time":"2019-09-16T03:20:13+00:00","og_image":[{"width":626,"height":364,"url":"https:\/\/super-news.info\/es\/wp-content\/uploads\/sites\/4\/2019\/09\/La-Despensa-es-la-nueva-agencia-creativa-de-Cabify-para.jpg","type":"image\/jpeg"}],"author":"super-news","twitter_card":"summary_large_image","twitter_misc":{"Written by":"super-news","Est. reading time":"1 minute"},"schema":{"@context":"https:\/\/schema.org","@graph":[{"@type":"Article","@id":"https:\/\/super-news.info\/es\/la-despensa-es-la-nueva-agencia-creativa-de-cabify-para-espana-y-portugal\/#article","isPartOf":{"@id":"https:\/\/super-news.info\/es\/la-despensa-es-la-nueva-agencia-creativa-de-cabify-para-espana-y-portugal\/"},"author":{"name":"super-news","@id":"https:\/\/super-news.info\/es\/#\/schema\/person\/2d4068cb2f39cd10008c2fce578a7356"},"headline":"La Despensa es la nueva agencia creativa de Cabify para Espa\u00f1a y Portugal","datePublished":"2019-09-16T03:20:12+00:00","dateModified":"2019-09-16T03:20:13+00:00","mainEntityOfPage":{"@id":"https:\/\/super-news.info\/es\/la-despensa-es-la-nueva-agencia-creativa-de-cabify-para-espana-y-portugal\/"},"wordCount":266,"commentCount":0,"image":{"@id":"https:\/\/super-news.info\/es\/la-despensa-es-la-nueva-agencia-creativa-de-cabify-para-espana-y-portugal\/#primaryimage"},"thumbnailUrl":"https:\/\/super-news.info\/es\/wp-content\/uploads\/sites\/4\/2019\/09\/La-Despensa-es-la-nueva-agencia-creativa-de-Cabify-para.jpg","articleSection":["NOTICIAS DE MARKETING DIGITAL"],"inLanguage":"en-US","potentialAction":[{"@type":"CommentAction","name":"Comment","target":["https:\/\/super-news.info\/es\/la-despensa-es-la-nueva-agencia-creativa-de-cabify-para-espana-y-portugal\/#respond"]}]},{"@type":"WebPage","@id":"https:\/\/super-news.info\/es\/la-despensa-es-la-nueva-agencia-creativa-de-cabify-para-espana-y-portugal\/","url":"https:\/\/super-news.info\/es\/la-despensa-es-la-nueva-agencia-creativa-de-cabify-para-espana-y-portugal\/","name":"La Despensa es la nueva agencia creativa de Cabify para Espa\u00f1a y Portugal - Super News","isPartOf":{"@id":"https:\/\/super-news.info\/es\/#website"},"primaryImageOfPage":{"@id":"https:\/\/super-news.info\/es\/la-despensa-es-la-nueva-agencia-creativa-de-cabify-para-espana-y-portugal\/#primaryimage"},"image":{"@id":"https:\/\/super-news.info\/es\/la-despensa-es-la-nueva-agencia-creativa-de-cabify-para-espana-y-portugal\/#primaryimage"},"thumbnailUrl":"https:\/\/super-news.info\/es\/wp-content\/uploads\/sites\/4\/2019\/09\/La-Despensa-es-la-nueva-agencia-creativa-de-Cabify-para.jpg","datePublished":"2019-09-16T03:20:12+00:00","dateModified":"2019-09-16T03:20:13+00:00","author":{"@id":"https:\/\/super-news.info\/es\/#\/schema\/person\/2d4068cb2f39cd10008c2fce578a7356"},"breadcrumb":{"@id":"https:\/\/super-news.info\/es\/la-despensa-es-la-nueva-agencia-creativa-de-cabify-para-espana-y-portugal\/#breadcrumb"},"inLanguage":"en-US","potentialAction":[{"@type":"ReadAction","target":["https:\/\/super-news.info\/es\/la-despensa-es-la-nueva-agencia-creativa-de-cabify-para-espana-y-portugal\/"]}]},{"@type":"ImageObject","inLanguage":"en-US","@id":"https:\/\/super-news.info\/es\/la-despensa-es-la-nueva-agencia-creativa-de-cabify-para-espana-y-portugal\/#primaryimage","url":"https:\/\/super-news.info\/es\/wp-content\/uploads\/sites\/4\/2019\/09\/La-Despensa-es-la-nueva-agencia-creativa-de-Cabify-para.jpg","contentUrl":"https:\/\/super-news.info\/es\/wp-content\/uploads\/sites\/4\/2019\/09\/La-Despensa-es-la-nueva-agencia-creativa-de-Cabify-para.jpg","width":626,"height":364,"caption":"cabify y la depensa"},{"@type":"BreadcrumbList","@id":"https:\/\/super-news.info\/es\/la-despensa-es-la-nueva-agencia-creativa-de-cabify-para-espana-y-portugal\/#breadcrumb","itemListElement":[{"@type":"ListItem","position":1,"name":"\u0413\u043b\u0430\u0432\u043d\u0430\u044f \u0441\u0442\u0440\u0430\u043d\u0438\u0446\u0430","item":"https:\/\/super-news.info\/es\/"},{"@type":"ListItem","position":2,"name":"La Despensa es la nueva agencia creativa de Cabify para Espa\u00f1a y Portugal"}]},{"@type":"WebSite","@id":"https:\/\/super-news.info\/es\/#website","url":"https:\/\/super-news.info\/es\/","name":"Super News","description":"Super News Espa\u00f1a","potentialAction":[{"@type":"SearchAction","target":{"@type":"EntryPoint","urlTemplate":"https:\/\/super-news.info\/es\/?s={search_term_string}"},"query-input":{"@type":"PropertyValueSpecification","valueRequired":true,"valueName":"search_term_string"}}],"inLanguage":"en-US"},{"@type":"Person","@id":"https:\/\/super-news.info\/es\/#\/schema\/person\/2d4068cb2f39cd10008c2fce578a7356","name":"super-news","image":{"@type":"ImageObject","inLanguage":"en-US","@id":"https:\/\/secure.gravatar.com\/avatar\/64ebac40b93f26a154f8a9b5b6fdccfc46f442b26b3dd6756dbff3bf9dc76fd7?s=96&d=mm&r=g","url":"https:\/\/secure.gravatar.com\/avatar\/64ebac40b93f26a154f8a9b5b6fdccfc46f442b26b3dd6756dbff3bf9dc76fd7?s=96&d=mm&r=g","contentUrl":"https:\/\/secure.gravatar.com\/avatar\/64ebac40b93f26a154f8a9b5b6fdccfc46f442b26b3dd6756dbff3bf9dc76fd7?s=96&d=mm&r=g","caption":"super-news"},"url":"https:\/\/super-news.info\/es\/author\/pt\/"}]}},"_links":{"self":[{"href":"https:\/\/super-news.info\/es\/wp-json\/wp\/v2\/posts\/11185","targetHints":{"allow":["GET"]}}],"collection":[{"href":"https:\/\/super-news.info\/es\/wp-json\/wp\/v2\/posts"}],"about":[{"href":"https:\/\/super-news.info\/es\/wp-json\/wp\/v2\/types\/post"}],"author":[{"embeddable":true,"href":"https:\/\/super-news.info\/es\/wp-json\/wp\/v2\/users\/2"}],"replies":[{"embeddable":true,"href":"https:\/\/super-news.info\/es\/wp-json\/wp\/v2\/comments?post=11185"}],"version-history":[{"count":1,"href":"https:\/\/super-news.info\/es\/wp-json\/wp\/v2\/posts\/11185\/revisions"}],"predecessor-version":[{"id":11187,"href":"https:\/\/super-news.info\/es\/wp-json\/wp\/v2\/posts\/11185\/revisions\/11187"}],"wp:featuredmedia":[{"embeddable":true,"href":"https:\/\/super-news.info\/es\/wp-json\/wp\/v2\/media\/11186"}],"wp:attachment":[{"href":"https:\/\/super-news.info\/es\/wp-json\/wp\/v2\/media?parent=11185"}],"wp:term":[{"taxonomy":"category","embeddable":true,"href":"https:\/\/super-news.info\/es\/wp-json\/wp\/v2\/categories?post=11185"},{"taxonomy":"post_tag","embeddable":true,"href":"https:\/\/super-news.info\/es\/wp-json\/wp\/v2\/tags?post=11185"}],"curies":[{"name":"wp","href":"https:\/\/api.w.org\/{rel}","templated":true}]}}