{"id":11164,"date":"2019-09-15T19:52:56","date_gmt":"2019-09-15T16:52:56","guid":{"rendered":"https:\/\/super-news.info\/es\/de-fan-a-hater-el-inversor-de-facebook-roger-mcnamee-echa-pestes-de-la-red-social-en-dmexco\/"},"modified":"2020-02-21T15:49:13","modified_gmt":"2020-02-21T12:49:13","slug":"de-fan-a-hater-el-inversor-de-facebook-roger-mcnamee-echa-pestes-de-la-red-social-en-dmexco","status":"publish","type":"post","link":"https:\/\/super-news.info\/es\/de-fan-a-hater-el-inversor-de-facebook-roger-mcnamee-echa-pestes-de-la-red-social-en-dmexco\/","title":{"rendered":"De fan a &#8220;hater&#8221;: el inversor de Facebook Roger McNamee echa pestes de la red social en DMEXCO"},"content":{"rendered":"<p>Aunque fue uno de los primeros inversores que Facebook tuvo a su vera, Roger McNamee ha dejado de contemplar con buenos ojos esta red social, a la que ech\u00f3 ayer un buen rapapolvo en DMEXCO.El giro de pensamiento protagonizado en los \u00faltimos tiempos por el inversor y empresario estadounidense Roger McNamee llama inevitablemente la atenci\u00f3n. Durante a\u00f1os el bueno de McNamee se ha llenado los bolsillos a costa de Facebook, donde un d\u00eda tuvo a bien invertir (con muy buen ojo dicho sea de paso), pero actualmente se ha erigido en uno de los mayores cr\u00edticos de la red social m\u00e1s grande mundo. Que McNamee no ve efectivamente con buenos ojos a Facebook qued\u00f3 demostrado ayer en DMEXCO.En una conversaci\u00f3n mantenida con Edward Roussel, chief innovation officer de Dow Jones, McNamee confesaba este jueves en DMEXCO que en \u00e9l comenzaron a aflorar las primeras dudas sobre Facebook en enero de 2016, s\u00f3lo unos meses antes de que se celebraran al otro lado del charco las elecciones presidenciales que llevaron a Donald Trump a la Casa Blanca (con la ayuda de sucias argucias que encontraron al parecer en la red social a su mejor compinche).Este fue el comienzo de un viaje en el que McNamee, otrora &#8220;cheerleader&#8221; de Facebook, comenz\u00f3 a ser consciente de los peligros solapados a esta red social y otros gigantes tecnol\u00f3gicos como Google y Amazon.<\/p>\n<p>Roger McNamee talking about why the big platforms are so dangerous for society &#8211; @martinsorrell listening. @dmexco #DMEXCO19 #dmexco2019 pic.twitter.com\/8dyHe9kNU7\u2014 Kai Diekmann (@KaiDiekmann) September 12, 2019<\/p>\n<p>McNamee, que fue uno de los primeros inversores que Facebook tuvo a su vera, advirti\u00f3 ante el nutrido p\u00fablico reunido ayer en el Congress Hall de DMEXCO que, pese a su apariencia arrebatadoramente &#8220;cool&#8221;, las grandes empresas tecnol\u00f3gicas encierran en sus entra\u00f1as grav\u00edsimos problemas para la sociedad.&#8221;Puedo entender lo fant\u00e1sticas que son las empresas tecnol\u00f3gicas para todos vosotros&#8221;, reconoci\u00f3 el inversor y capitalista de riesgo para a continuaci\u00f3n advertir de los riesgos (en absoluto balad\u00edes) que hay alojados en estas plataformas.Que McNamee predique a d\u00eda hoy sobre lo da\u00f1inas que son potencialmente Facebook y otras compa\u00f1\u00edas tecnolog\u00edas (por haber osado incursionar en todos y cada uno de los recovecos vitales de sus usuarios) es llamativo si tenemos en cuenta el rol absolutamente crucial que el inversor y capitalista de riesgo tuvo en el pasado en el devenir de Facebook.En 2006 McNamee disuadi\u00f3 a Mark Zuckerberg de vender por 1.000 millones de d\u00f3lares su por entonces jovenc\u00edsima empresa a Microsoft. Adem\u00e1s ayud\u00f3 a Zuckerberg a reclutar a la actual directora de operaciones de Facebook: Sheryl Sandberg.Facebook, \u00bfel mayor peligro para la civilizaci\u00f3n sobre la faz de la Tierra?A d\u00eda de hoy McNamee no est\u00e1 involucrado en modo alguno en la direcci\u00f3n operativa de Facebook, pero no se ha desprendido tampoco de sus participaciones en la red social.Actualmente McNamee est\u00e1 al frente junto a Bono, el cantante de U2, de la empresa de inversi\u00f3n Elevation Partners. Y hace s\u00f3lo unos meses public\u00f3 el libro Zucked, donde defiende su tesis (compartida por muchos) de que Facebook constituye el mayor peligro para nuestra civilizaci\u00f3n.En DMEXCO McNamee asegur\u00f3 ayer que los desarrollos que se est\u00e1n produciendo actualmente en el ramo tecnol\u00f3gico tendr\u00e1n consecuencias nefastas para la econom\u00eda en su conjunto. Actualmente, denunci\u00f3 el inversor, son las empresas tecnol\u00f3gicas y sus algoritmos quienes marcan las reglas del juego. &#8220;Es necesario que haya m\u00e1s alternativas&#8221;, subray\u00f3. &#8220;Y nuestros gobiernos deben asegurarse de que as\u00ed sea&#8221;, agreg\u00f3.<\/p>\n<p>Roger McNamee talking about why the big platforms are so dangerous for society &#8211; @martinsorrell listening. @dmexco #DMEXCO19 #dmexco2019 pic.twitter.com\/8dyHe9kNU7\u2014 Kai Diekmann (@KaiDiekmann) September 12, 2019<\/p>\n<p>McNamee se las ingeni\u00f3 para convencer de sus tesis a los participantes en DMEXCO en un momento (extraordinariamente propicio) en el que el poder, a todas luces desmesurado, de los gigantes tecnol\u00f3gicos est\u00e1n cada vez m\u00e1s entredicho.<\/p>\n<p>Si no visualiza correctamente el v\u00eddeo embedded, haga clic aqu\u00edSe da la circunstancia de que justo despu\u00e9s de que McNamee se bajara del escenario ocup\u00f3 su lugar Martin Sorrell, que otrora muy cr\u00edtico con Facebook y compa\u00f1\u00eda parece haber limado asperezas en los \u00faltimos tiempo con los titanes de internet. &#8220;No creo que estas empresas puedan reemplazar a las agencias. Y no quieren tampoco asumir su papel&#8221;, se\u00f1al\u00f3 el que fuera consejero delegado de WPP.Sorrell apostill\u00f3 adem\u00e1s que &#8220;Facebook y Google no son ajenos a los problemas que han creado. Y son poco a poco conscientes de su responsabilidad&#8221;.<\/p>\n<p>Si no visualiza correctamente el v\u00eddeo embedded, haga clic aqu\u00ed<\/p>\n<p>No te pierdas nada de MarketingDirecto.com y \u00fanete a nuestro Telegram t.me\/MarketingDirecto<\/p>\n<p><a href=\"https:\/\/www.marketingdirecto.com\/especiales\/dmexco\/fan-hater-inversor-facebook-roger-mcnamee-echa-pestes-red-social-dmexco\" rel=\"nofollow\">Source link <\/a><!--\/noindex--><\/p>\n","protected":false},"excerpt":{"rendered":"<p>Aunque fue uno de los primeros inversores que Facebook tuvo a su vera, Roger McNamee ha dejado de contemplar con buenos ojos esta red social, a la que ech\u00f3 ayer un buen rapapolvo en DMEXCO.El giro de pensamiento protagonizado en los \u00faltimos tiempos por el inversor y empresario estadounidense Roger McNamee llama inevitablemente la atenci\u00f3n. [&hellip;]<\/p>\n","protected":false},"author":2,"featured_media":11165,"comment_status":"open","ping_status":"open","sticky":false,"template":"","format":"standard","meta":{"footnotes":""},"categories":[2],"tags":[],"class_list":["post-11164","post","type-post","status-publish","format-standard","has-post-thumbnail","hentry","category-noticias-de-marketing-digital"],"yoast_head":"<!-- This site is optimized with the Yoast SEO plugin v27.4 - https:\/\/yoast.com\/product\/yoast-seo-wordpress\/ -->\n<title>De fan a &quot;hater&quot;: el inversor de Facebook Roger McNamee echa pestes de la red social en DMEXCO - Super News<\/title>\n<meta name=\"robots\" content=\"index, follow, max-snippet:-1, max-image-preview:large, max-video-preview:-1\" \/>\n<link rel=\"canonical\" href=\"https:\/\/super-news.info\/es\/de-fan-a-hater-el-inversor-de-facebook-roger-mcnamee-echa-pestes-de-la-red-social-en-dmexco\/\" \/>\n<meta property=\"og:locale\" content=\"en_US\" \/>\n<meta property=\"og:type\" content=\"article\" \/>\n<meta property=\"og:title\" content=\"De fan a &quot;hater&quot;: el inversor de Facebook Roger McNamee echa pestes de la red social en DMEXCO - Super News\" \/>\n<meta property=\"og:description\" content=\"Aunque fue uno de los primeros inversores que Facebook tuvo a su vera, Roger McNamee ha dejado de contemplar con buenos ojos esta red social, a la que ech\u00f3 ayer un buen rapapolvo en DMEXCO.El giro de pensamiento protagonizado en los \u00faltimos tiempos por el inversor y empresario estadounidense Roger McNamee llama inevitablemente la atenci\u00f3n. [&hellip;]\" \/>\n<meta property=\"og:url\" content=\"https:\/\/super-news.info\/es\/de-fan-a-hater-el-inversor-de-facebook-roger-mcnamee-echa-pestes-de-la-red-social-en-dmexco\/\" \/>\n<meta property=\"og:site_name\" content=\"Super News\" \/>\n<meta property=\"article:published_time\" content=\"2019-09-15T16:52:56+00:00\" \/>\n<meta property=\"article:modified_time\" content=\"2020-02-21T12:49:13+00:00\" \/>\n<meta property=\"og:image\" content=\"https:\/\/super-news.info\/es\/wp-content\/uploads\/sites\/4\/2019\/09\/De-fan-a-hater-el-inversor-de-Facebook-Roger-McNamee.jpg\" \/>\n\t<meta property=\"og:image:width\" content=\"626\" \/>\n\t<meta property=\"og:image:height\" content=\"364\" \/>\n\t<meta property=\"og:image:type\" content=\"image\/jpeg\" \/>\n<meta name=\"author\" content=\"super-news\" \/>\n<meta name=\"twitter:card\" content=\"summary_large_image\" \/>\n<meta name=\"twitter:label1\" content=\"Written by\" \/>\n\t<meta name=\"twitter:data1\" content=\"super-news\" \/>\n\t<meta name=\"twitter:label2\" content=\"Est. reading time\" \/>\n\t<meta name=\"twitter:data2\" content=\"4 minutes\" \/>\n<script type=\"application\/ld+json\" class=\"yoast-schema-graph\">{\"@context\":\"https:\\\/\\\/schema.org\",\"@graph\":[{\"@type\":\"Article\",\"@id\":\"https:\\\/\\\/super-news.info\\\/es\\\/de-fan-a-hater-el-inversor-de-facebook-roger-mcnamee-echa-pestes-de-la-red-social-en-dmexco\\\/#article\",\"isPartOf\":{\"@id\":\"https:\\\/\\\/super-news.info\\\/es\\\/de-fan-a-hater-el-inversor-de-facebook-roger-mcnamee-echa-pestes-de-la-red-social-en-dmexco\\\/\"},\"author\":{\"name\":\"super-news\",\"@id\":\"https:\\\/\\\/super-news.info\\\/es\\\/#\\\/schema\\\/person\\\/2d4068cb2f39cd10008c2fce578a7356\"},\"headline\":\"De fan a &#8220;hater&#8221;: el inversor de Facebook Roger McNamee echa pestes de la red social en DMEXCO\",\"datePublished\":\"2019-09-15T16:52:56+00:00\",\"dateModified\":\"2020-02-21T12:49:13+00:00\",\"mainEntityOfPage\":{\"@id\":\"https:\\\/\\\/super-news.info\\\/es\\\/de-fan-a-hater-el-inversor-de-facebook-roger-mcnamee-echa-pestes-de-la-red-social-en-dmexco\\\/\"},\"wordCount\":838,\"commentCount\":0,\"image\":{\"@id\":\"https:\\\/\\\/super-news.info\\\/es\\\/de-fan-a-hater-el-inversor-de-facebook-roger-mcnamee-echa-pestes-de-la-red-social-en-dmexco\\\/#primaryimage\"},\"thumbnailUrl\":\"https:\\\/\\\/super-news.info\\\/es\\\/wp-content\\\/uploads\\\/sites\\\/4\\\/2019\\\/09\\\/De-fan-a-hater-el-inversor-de-Facebook-Roger-McNamee.jpg\",\"articleSection\":[\"NOTICIAS DE MARKETING DIGITAL\"],\"inLanguage\":\"en-US\",\"potentialAction\":[{\"@type\":\"CommentAction\",\"name\":\"Comment\",\"target\":[\"https:\\\/\\\/super-news.info\\\/es\\\/de-fan-a-hater-el-inversor-de-facebook-roger-mcnamee-echa-pestes-de-la-red-social-en-dmexco\\\/#respond\"]}]},{\"@type\":\"WebPage\",\"@id\":\"https:\\\/\\\/super-news.info\\\/es\\\/de-fan-a-hater-el-inversor-de-facebook-roger-mcnamee-echa-pestes-de-la-red-social-en-dmexco\\\/\",\"url\":\"https:\\\/\\\/super-news.info\\\/es\\\/de-fan-a-hater-el-inversor-de-facebook-roger-mcnamee-echa-pestes-de-la-red-social-en-dmexco\\\/\",\"name\":\"De fan a \\\"hater\\\": el inversor de Facebook Roger McNamee echa pestes de la red social en DMEXCO - Super News\",\"isPartOf\":{\"@id\":\"https:\\\/\\\/super-news.info\\\/es\\\/#website\"},\"primaryImageOfPage\":{\"@id\":\"https:\\\/\\\/super-news.info\\\/es\\\/de-fan-a-hater-el-inversor-de-facebook-roger-mcnamee-echa-pestes-de-la-red-social-en-dmexco\\\/#primaryimage\"},\"image\":{\"@id\":\"https:\\\/\\\/super-news.info\\\/es\\\/de-fan-a-hater-el-inversor-de-facebook-roger-mcnamee-echa-pestes-de-la-red-social-en-dmexco\\\/#primaryimage\"},\"thumbnailUrl\":\"https:\\\/\\\/super-news.info\\\/es\\\/wp-content\\\/uploads\\\/sites\\\/4\\\/2019\\\/09\\\/De-fan-a-hater-el-inversor-de-Facebook-Roger-McNamee.jpg\",\"datePublished\":\"2019-09-15T16:52:56+00:00\",\"dateModified\":\"2020-02-21T12:49:13+00:00\",\"author\":{\"@id\":\"https:\\\/\\\/super-news.info\\\/es\\\/#\\\/schema\\\/person\\\/2d4068cb2f39cd10008c2fce578a7356\"},\"breadcrumb\":{\"@id\":\"https:\\\/\\\/super-news.info\\\/es\\\/de-fan-a-hater-el-inversor-de-facebook-roger-mcnamee-echa-pestes-de-la-red-social-en-dmexco\\\/#breadcrumb\"},\"inLanguage\":\"en-US\",\"potentialAction\":[{\"@type\":\"ReadAction\",\"target\":[\"https:\\\/\\\/super-news.info\\\/es\\\/de-fan-a-hater-el-inversor-de-facebook-roger-mcnamee-echa-pestes-de-la-red-social-en-dmexco\\\/\"]}]},{\"@type\":\"ImageObject\",\"inLanguage\":\"en-US\",\"@id\":\"https:\\\/\\\/super-news.info\\\/es\\\/de-fan-a-hater-el-inversor-de-facebook-roger-mcnamee-echa-pestes-de-la-red-social-en-dmexco\\\/#primaryimage\",\"url\":\"https:\\\/\\\/super-news.info\\\/es\\\/wp-content\\\/uploads\\\/sites\\\/4\\\/2019\\\/09\\\/De-fan-a-hater-el-inversor-de-Facebook-Roger-McNamee.jpg\",\"contentUrl\":\"https:\\\/\\\/super-news.info\\\/es\\\/wp-content\\\/uploads\\\/sites\\\/4\\\/2019\\\/09\\\/De-fan-a-hater-el-inversor-de-Facebook-Roger-McNamee.jpg\",\"width\":626,\"height\":364,\"caption\":\"facebook roger mcnamee\"},{\"@type\":\"BreadcrumbList\",\"@id\":\"https:\\\/\\\/super-news.info\\\/es\\\/de-fan-a-hater-el-inversor-de-facebook-roger-mcnamee-echa-pestes-de-la-red-social-en-dmexco\\\/#breadcrumb\",\"itemListElement\":[{\"@type\":\"ListItem\",\"position\":1,\"name\":\"\u0413\u043b\u0430\u0432\u043d\u0430\u044f \u0441\u0442\u0440\u0430\u043d\u0438\u0446\u0430\",\"item\":\"https:\\\/\\\/super-news.info\\\/es\\\/\"},{\"@type\":\"ListItem\",\"position\":2,\"name\":\"De fan a &#8220;hater&#8221;: el inversor de Facebook Roger McNamee echa pestes de la red social en DMEXCO\"}]},{\"@type\":\"WebSite\",\"@id\":\"https:\\\/\\\/super-news.info\\\/es\\\/#website\",\"url\":\"https:\\\/\\\/super-news.info\\\/es\\\/\",\"name\":\"Super News\",\"description\":\"Super News Espa\u00f1a\",\"potentialAction\":[{\"@type\":\"SearchAction\",\"target\":{\"@type\":\"EntryPoint\",\"urlTemplate\":\"https:\\\/\\\/super-news.info\\\/es\\\/?s={search_term_string}\"},\"query-input\":{\"@type\":\"PropertyValueSpecification\",\"valueRequired\":true,\"valueName\":\"search_term_string\"}}],\"inLanguage\":\"en-US\"},{\"@type\":\"Person\",\"@id\":\"https:\\\/\\\/super-news.info\\\/es\\\/#\\\/schema\\\/person\\\/2d4068cb2f39cd10008c2fce578a7356\",\"name\":\"super-news\",\"image\":{\"@type\":\"ImageObject\",\"inLanguage\":\"en-US\",\"@id\":\"https:\\\/\\\/secure.gravatar.com\\\/avatar\\\/64ebac40b93f26a154f8a9b5b6fdccfc46f442b26b3dd6756dbff3bf9dc76fd7?s=96&d=mm&r=g\",\"url\":\"https:\\\/\\\/secure.gravatar.com\\\/avatar\\\/64ebac40b93f26a154f8a9b5b6fdccfc46f442b26b3dd6756dbff3bf9dc76fd7?s=96&d=mm&r=g\",\"contentUrl\":\"https:\\\/\\\/secure.gravatar.com\\\/avatar\\\/64ebac40b93f26a154f8a9b5b6fdccfc46f442b26b3dd6756dbff3bf9dc76fd7?s=96&d=mm&r=g\",\"caption\":\"super-news\"},\"url\":\"https:\\\/\\\/super-news.info\\\/es\\\/author\\\/pt\\\/\"}]}<\/script>\n<!-- \/ Yoast SEO plugin. -->","yoast_head_json":{"title":"De fan a \"hater\": el inversor de Facebook Roger McNamee echa pestes de la red social en DMEXCO - Super News","robots":{"index":"index","follow":"follow","max-snippet":"max-snippet:-1","max-image-preview":"max-image-preview:large","max-video-preview":"max-video-preview:-1"},"canonical":"https:\/\/super-news.info\/es\/de-fan-a-hater-el-inversor-de-facebook-roger-mcnamee-echa-pestes-de-la-red-social-en-dmexco\/","og_locale":"en_US","og_type":"article","og_title":"De fan a \"hater\": el inversor de Facebook Roger McNamee echa pestes de la red social en DMEXCO - Super News","og_description":"Aunque fue uno de los primeros inversores que Facebook tuvo a su vera, Roger McNamee ha dejado de contemplar con buenos ojos esta red social, a la que ech\u00f3 ayer un buen rapapolvo en DMEXCO.El giro de pensamiento protagonizado en los \u00faltimos tiempos por el inversor y empresario estadounidense Roger McNamee llama inevitablemente la atenci\u00f3n. [&hellip;]","og_url":"https:\/\/super-news.info\/es\/de-fan-a-hater-el-inversor-de-facebook-roger-mcnamee-echa-pestes-de-la-red-social-en-dmexco\/","og_site_name":"Super News","article_published_time":"2019-09-15T16:52:56+00:00","article_modified_time":"2020-02-21T12:49:13+00:00","og_image":[{"width":626,"height":364,"url":"https:\/\/super-news.info\/es\/wp-content\/uploads\/sites\/4\/2019\/09\/De-fan-a-hater-el-inversor-de-Facebook-Roger-McNamee.jpg","type":"image\/jpeg"}],"author":"super-news","twitter_card":"summary_large_image","twitter_misc":{"Written by":"super-news","Est. reading time":"4 minutes"},"schema":{"@context":"https:\/\/schema.org","@graph":[{"@type":"Article","@id":"https:\/\/super-news.info\/es\/de-fan-a-hater-el-inversor-de-facebook-roger-mcnamee-echa-pestes-de-la-red-social-en-dmexco\/#article","isPartOf":{"@id":"https:\/\/super-news.info\/es\/de-fan-a-hater-el-inversor-de-facebook-roger-mcnamee-echa-pestes-de-la-red-social-en-dmexco\/"},"author":{"name":"super-news","@id":"https:\/\/super-news.info\/es\/#\/schema\/person\/2d4068cb2f39cd10008c2fce578a7356"},"headline":"De fan a &#8220;hater&#8221;: el inversor de Facebook Roger McNamee echa pestes de la red social en DMEXCO","datePublished":"2019-09-15T16:52:56+00:00","dateModified":"2020-02-21T12:49:13+00:00","mainEntityOfPage":{"@id":"https:\/\/super-news.info\/es\/de-fan-a-hater-el-inversor-de-facebook-roger-mcnamee-echa-pestes-de-la-red-social-en-dmexco\/"},"wordCount":838,"commentCount":0,"image":{"@id":"https:\/\/super-news.info\/es\/de-fan-a-hater-el-inversor-de-facebook-roger-mcnamee-echa-pestes-de-la-red-social-en-dmexco\/#primaryimage"},"thumbnailUrl":"https:\/\/super-news.info\/es\/wp-content\/uploads\/sites\/4\/2019\/09\/De-fan-a-hater-el-inversor-de-Facebook-Roger-McNamee.jpg","articleSection":["NOTICIAS DE MARKETING DIGITAL"],"inLanguage":"en-US","potentialAction":[{"@type":"CommentAction","name":"Comment","target":["https:\/\/super-news.info\/es\/de-fan-a-hater-el-inversor-de-facebook-roger-mcnamee-echa-pestes-de-la-red-social-en-dmexco\/#respond"]}]},{"@type":"WebPage","@id":"https:\/\/super-news.info\/es\/de-fan-a-hater-el-inversor-de-facebook-roger-mcnamee-echa-pestes-de-la-red-social-en-dmexco\/","url":"https:\/\/super-news.info\/es\/de-fan-a-hater-el-inversor-de-facebook-roger-mcnamee-echa-pestes-de-la-red-social-en-dmexco\/","name":"De fan a \"hater\": el inversor de Facebook Roger McNamee echa pestes de la red social en DMEXCO - Super News","isPartOf":{"@id":"https:\/\/super-news.info\/es\/#website"},"primaryImageOfPage":{"@id":"https:\/\/super-news.info\/es\/de-fan-a-hater-el-inversor-de-facebook-roger-mcnamee-echa-pestes-de-la-red-social-en-dmexco\/#primaryimage"},"image":{"@id":"https:\/\/super-news.info\/es\/de-fan-a-hater-el-inversor-de-facebook-roger-mcnamee-echa-pestes-de-la-red-social-en-dmexco\/#primaryimage"},"thumbnailUrl":"https:\/\/super-news.info\/es\/wp-content\/uploads\/sites\/4\/2019\/09\/De-fan-a-hater-el-inversor-de-Facebook-Roger-McNamee.jpg","datePublished":"2019-09-15T16:52:56+00:00","dateModified":"2020-02-21T12:49:13+00:00","author":{"@id":"https:\/\/super-news.info\/es\/#\/schema\/person\/2d4068cb2f39cd10008c2fce578a7356"},"breadcrumb":{"@id":"https:\/\/super-news.info\/es\/de-fan-a-hater-el-inversor-de-facebook-roger-mcnamee-echa-pestes-de-la-red-social-en-dmexco\/#breadcrumb"},"inLanguage":"en-US","potentialAction":[{"@type":"ReadAction","target":["https:\/\/super-news.info\/es\/de-fan-a-hater-el-inversor-de-facebook-roger-mcnamee-echa-pestes-de-la-red-social-en-dmexco\/"]}]},{"@type":"ImageObject","inLanguage":"en-US","@id":"https:\/\/super-news.info\/es\/de-fan-a-hater-el-inversor-de-facebook-roger-mcnamee-echa-pestes-de-la-red-social-en-dmexco\/#primaryimage","url":"https:\/\/super-news.info\/es\/wp-content\/uploads\/sites\/4\/2019\/09\/De-fan-a-hater-el-inversor-de-Facebook-Roger-McNamee.jpg","contentUrl":"https:\/\/super-news.info\/es\/wp-content\/uploads\/sites\/4\/2019\/09\/De-fan-a-hater-el-inversor-de-Facebook-Roger-McNamee.jpg","width":626,"height":364,"caption":"facebook roger mcnamee"},{"@type":"BreadcrumbList","@id":"https:\/\/super-news.info\/es\/de-fan-a-hater-el-inversor-de-facebook-roger-mcnamee-echa-pestes-de-la-red-social-en-dmexco\/#breadcrumb","itemListElement":[{"@type":"ListItem","position":1,"name":"\u0413\u043b\u0430\u0432\u043d\u0430\u044f \u0441\u0442\u0440\u0430\u043d\u0438\u0446\u0430","item":"https:\/\/super-news.info\/es\/"},{"@type":"ListItem","position":2,"name":"De fan a &#8220;hater&#8221;: el inversor de Facebook Roger McNamee echa pestes de la red social en DMEXCO"}]},{"@type":"WebSite","@id":"https:\/\/super-news.info\/es\/#website","url":"https:\/\/super-news.info\/es\/","name":"Super News","description":"Super News Espa\u00f1a","potentialAction":[{"@type":"SearchAction","target":{"@type":"EntryPoint","urlTemplate":"https:\/\/super-news.info\/es\/?s={search_term_string}"},"query-input":{"@type":"PropertyValueSpecification","valueRequired":true,"valueName":"search_term_string"}}],"inLanguage":"en-US"},{"@type":"Person","@id":"https:\/\/super-news.info\/es\/#\/schema\/person\/2d4068cb2f39cd10008c2fce578a7356","name":"super-news","image":{"@type":"ImageObject","inLanguage":"en-US","@id":"https:\/\/secure.gravatar.com\/avatar\/64ebac40b93f26a154f8a9b5b6fdccfc46f442b26b3dd6756dbff3bf9dc76fd7?s=96&d=mm&r=g","url":"https:\/\/secure.gravatar.com\/avatar\/64ebac40b93f26a154f8a9b5b6fdccfc46f442b26b3dd6756dbff3bf9dc76fd7?s=96&d=mm&r=g","contentUrl":"https:\/\/secure.gravatar.com\/avatar\/64ebac40b93f26a154f8a9b5b6fdccfc46f442b26b3dd6756dbff3bf9dc76fd7?s=96&d=mm&r=g","caption":"super-news"},"url":"https:\/\/super-news.info\/es\/author\/pt\/"}]}},"_links":{"self":[{"href":"https:\/\/super-news.info\/es\/wp-json\/wp\/v2\/posts\/11164","targetHints":{"allow":["GET"]}}],"collection":[{"href":"https:\/\/super-news.info\/es\/wp-json\/wp\/v2\/posts"}],"about":[{"href":"https:\/\/super-news.info\/es\/wp-json\/wp\/v2\/types\/post"}],"author":[{"embeddable":true,"href":"https:\/\/super-news.info\/es\/wp-json\/wp\/v2\/users\/2"}],"replies":[{"embeddable":true,"href":"https:\/\/super-news.info\/es\/wp-json\/wp\/v2\/comments?post=11164"}],"version-history":[{"count":2,"href":"https:\/\/super-news.info\/es\/wp-json\/wp\/v2\/posts\/11164\/revisions"}],"predecessor-version":[{"id":11898,"href":"https:\/\/super-news.info\/es\/wp-json\/wp\/v2\/posts\/11164\/revisions\/11898"}],"wp:featuredmedia":[{"embeddable":true,"href":"https:\/\/super-news.info\/es\/wp-json\/wp\/v2\/media\/11165"}],"wp:attachment":[{"href":"https:\/\/super-news.info\/es\/wp-json\/wp\/v2\/media?parent=11164"}],"wp:term":[{"taxonomy":"category","embeddable":true,"href":"https:\/\/super-news.info\/es\/wp-json\/wp\/v2\/categories?post=11164"},{"taxonomy":"post_tag","embeddable":true,"href":"https:\/\/super-news.info\/es\/wp-json\/wp\/v2\/tags?post=11164"}],"curies":[{"name":"wp","href":"https:\/\/api.w.org\/{rel}","templated":true}]}}