{"id":11152,"date":"2019-09-15T16:52:07","date_gmt":"2019-09-15T13:52:07","guid":{"rendered":"https:\/\/super-news.info\/es\/guillermo-santaisabel-se-suma-a-mrm-mccann-como-director-creativo-ejecutivo\/"},"modified":"2019-09-15T16:52:08","modified_gmt":"2019-09-15T13:52:08","slug":"guillermo-santaisabel-se-suma-a-mrm-mccann-como-director-creativo-ejecutivo","status":"publish","type":"post","link":"https:\/\/super-news.info\/es\/guillermo-santaisabel-se-suma-a-mrm-mccann-como-director-creativo-ejecutivo\/","title":{"rendered":"Guillermo Santaisabel se suma a MRM\/\/McCann como Director Creativo Ejecutivo"},"content":{"rendered":"<p>\t\t\t\t\t\t\t\t\t\tMRM\/\/McCann acaba de incorporar a Guillermo Santaisabel, como nuevo Director Creativo Ejecutivo en su sede de Madrid<\/p>\n<p>MRM\/\/McCann acaba de incorporar a Guillermo Santaisabel, como nuevo Director Creativo Ejecutivo en su sede de Madrid.<br \/>\nGuillermo procede de DDB New York, donde hasta el momento se desempe\u00f1aba como Director Creativo, agencia a la que se uni\u00f3 tras su paso por la filial madrile\u00f1a en la que trabaj\u00f3 desde 2009 y en la que en 2013 fue nombrado Director Creativo Ejecutivo, coordinando proyectos multidisciplinares para marcas como BBVA, Movistar, Calvo, Volkswagen o Audi. En una etapa anterior, tambi\u00e9n trabaj\u00f3 en Contrapunto Madrid.<br \/>\nSu singular trabajo ha sido reconocido en los festivales creativos m\u00e1s destacados internacionalmente, tales como Cannes Lions, D&amp;AD, The One Show, LIA, el Sol, premios Eficacia, El Ojo de Iberoam\u00e9rica, FIAP, Club de Creativos o Eurobest.<br \/>\nEn relaci\u00f3n a este nuevo fichaje, comenta Miguel Bemfica, Director General creativo de MRM\/\/McCann: &#8220;Estamos encantados de haber sido capaces de convencer a Guillermo para unirse a nuestro proyecto. Su probado talento y contagioso entusiasmo nos ayudar\u00e1 a seguir creciendo y consolid\u00e1ndonos como hub creativo y estrat\u00e9gico de referencia para Europa&#8221;.<br \/>\nNota de prensa.<\/p>\n<p>\t\t\t\t\t\t\t\t\t\t\tNo te pierdas nada de MarketingDirecto.com y \u00fanete a nuestro Telegram t.me\/MarketingDirecto<\/p>\n<p>\n<!--noindex--><br \/>\n<a href=\"https:\/\/www.marketingdirecto.com\/marketing-general\/gente\/guillermo-santaisabel-se-suma-a-mrmmccann-como-director-creativo-ejecutivo\" rel=\"nofollow\">Source link <\/a><br \/>\n<!--\/noindex--><\/p>\n","protected":false},"excerpt":{"rendered":"<p>MRM\/\/McCann acaba de incorporar a Guillermo Santaisabel, como nuevo Director Creativo Ejecutivo en su sede de Madrid MRM\/\/McCann acaba de incorporar a Guillermo Santaisabel, como nuevo Director Creativo Ejecutivo en su sede de Madrid. Guillermo procede de DDB New York, donde hasta el momento se desempe\u00f1aba como Director Creativo, agencia a la que se uni\u00f3 [&hellip;]<\/p>\n","protected":false},"author":2,"featured_media":11153,"comment_status":"open","ping_status":"open","sticky":false,"template":"","format":"standard","meta":{"footnotes":""},"categories":[2],"tags":[],"class_list":["post-11152","post","type-post","status-publish","format-standard","has-post-thumbnail","hentry","category-noticias-de-marketing-digital"],"yoast_head":"<!-- This site is optimized with the Yoast SEO plugin v27.4 - https:\/\/yoast.com\/product\/yoast-seo-wordpress\/ -->\n<title>Guillermo Santaisabel se suma a MRM\/\/McCann como Director Creativo Ejecutivo - Super News<\/title>\n<meta name=\"robots\" content=\"index, follow, max-snippet:-1, max-image-preview:large, max-video-preview:-1\" \/>\n<link rel=\"canonical\" href=\"https:\/\/super-news.info\/es\/guillermo-santaisabel-se-suma-a-mrm-mccann-como-director-creativo-ejecutivo\/\" \/>\n<meta property=\"og:locale\" content=\"en_US\" \/>\n<meta property=\"og:type\" content=\"article\" \/>\n<meta property=\"og:title\" content=\"Guillermo Santaisabel se suma a MRM\/\/McCann como Director Creativo Ejecutivo - Super News\" \/>\n<meta property=\"og:description\" content=\"MRM\/\/McCann acaba de incorporar a Guillermo Santaisabel, como nuevo Director Creativo Ejecutivo en su sede de Madrid MRM\/\/McCann acaba de incorporar a Guillermo Santaisabel, como nuevo Director Creativo Ejecutivo en su sede de Madrid. Guillermo procede de DDB New York, donde hasta el momento se desempe\u00f1aba como Director Creativo, agencia a la que se uni\u00f3 [&hellip;]\" \/>\n<meta property=\"og:url\" content=\"https:\/\/super-news.info\/es\/guillermo-santaisabel-se-suma-a-mrm-mccann-como-director-creativo-ejecutivo\/\" \/>\n<meta property=\"og:site_name\" content=\"Super News\" \/>\n<meta property=\"article:published_time\" content=\"2019-09-15T13:52:07+00:00\" \/>\n<meta property=\"article:modified_time\" content=\"2019-09-15T13:52:08+00:00\" \/>\n<meta property=\"og:image\" content=\"https:\/\/super-news.info\/es\/wp-content\/uploads\/sites\/4\/2019\/09\/Guillermo-Santaisabel-se-suma-a-MRMMcCann-como-Director-Creativo-Ejecutivo.jpg\" \/>\n\t<meta property=\"og:image:width\" content=\"626\" \/>\n\t<meta property=\"og:image:height\" content=\"364\" \/>\n\t<meta property=\"og:image:type\" content=\"image\/jpeg\" \/>\n<meta name=\"author\" content=\"super-news\" \/>\n<meta name=\"twitter:card\" content=\"summary_large_image\" \/>\n<meta name=\"twitter:label1\" content=\"Written by\" \/>\n\t<meta name=\"twitter:data1\" content=\"super-news\" \/>\n\t<meta name=\"twitter:label2\" content=\"Est. reading time\" \/>\n\t<meta name=\"twitter:data2\" content=\"1 minute\" \/>\n<script type=\"application\/ld+json\" class=\"yoast-schema-graph\">{\"@context\":\"https:\\\/\\\/schema.org\",\"@graph\":[{\"@type\":\"Article\",\"@id\":\"https:\\\/\\\/super-news.info\\\/es\\\/guillermo-santaisabel-se-suma-a-mrm-mccann-como-director-creativo-ejecutivo\\\/#article\",\"isPartOf\":{\"@id\":\"https:\\\/\\\/super-news.info\\\/es\\\/guillermo-santaisabel-se-suma-a-mrm-mccann-como-director-creativo-ejecutivo\\\/\"},\"author\":{\"name\":\"super-news\",\"@id\":\"https:\\\/\\\/super-news.info\\\/es\\\/#\\\/schema\\\/person\\\/2d4068cb2f39cd10008c2fce578a7356\"},\"headline\":\"Guillermo Santaisabel se suma a MRM\\\/\\\/McCann como Director Creativo Ejecutivo\",\"datePublished\":\"2019-09-15T13:52:07+00:00\",\"dateModified\":\"2019-09-15T13:52:08+00:00\",\"mainEntityOfPage\":{\"@id\":\"https:\\\/\\\/super-news.info\\\/es\\\/guillermo-santaisabel-se-suma-a-mrm-mccann-como-director-creativo-ejecutivo\\\/\"},\"wordCount\":229,\"commentCount\":0,\"image\":{\"@id\":\"https:\\\/\\\/super-news.info\\\/es\\\/guillermo-santaisabel-se-suma-a-mrm-mccann-como-director-creativo-ejecutivo\\\/#primaryimage\"},\"thumbnailUrl\":\"https:\\\/\\\/super-news.info\\\/es\\\/wp-content\\\/uploads\\\/sites\\\/4\\\/2019\\\/09\\\/Guillermo-Santaisabel-se-suma-a-MRMMcCann-como-Director-Creativo-Ejecutivo.jpg\",\"articleSection\":[\"NOTICIAS DE MARKETING DIGITAL\"],\"inLanguage\":\"en-US\",\"potentialAction\":[{\"@type\":\"CommentAction\",\"name\":\"Comment\",\"target\":[\"https:\\\/\\\/super-news.info\\\/es\\\/guillermo-santaisabel-se-suma-a-mrm-mccann-como-director-creativo-ejecutivo\\\/#respond\"]}]},{\"@type\":\"WebPage\",\"@id\":\"https:\\\/\\\/super-news.info\\\/es\\\/guillermo-santaisabel-se-suma-a-mrm-mccann-como-director-creativo-ejecutivo\\\/\",\"url\":\"https:\\\/\\\/super-news.info\\\/es\\\/guillermo-santaisabel-se-suma-a-mrm-mccann-como-director-creativo-ejecutivo\\\/\",\"name\":\"Guillermo Santaisabel se suma a MRM\\\/\\\/McCann como Director Creativo Ejecutivo - Super News\",\"isPartOf\":{\"@id\":\"https:\\\/\\\/super-news.info\\\/es\\\/#website\"},\"primaryImageOfPage\":{\"@id\":\"https:\\\/\\\/super-news.info\\\/es\\\/guillermo-santaisabel-se-suma-a-mrm-mccann-como-director-creativo-ejecutivo\\\/#primaryimage\"},\"image\":{\"@id\":\"https:\\\/\\\/super-news.info\\\/es\\\/guillermo-santaisabel-se-suma-a-mrm-mccann-como-director-creativo-ejecutivo\\\/#primaryimage\"},\"thumbnailUrl\":\"https:\\\/\\\/super-news.info\\\/es\\\/wp-content\\\/uploads\\\/sites\\\/4\\\/2019\\\/09\\\/Guillermo-Santaisabel-se-suma-a-MRMMcCann-como-Director-Creativo-Ejecutivo.jpg\",\"datePublished\":\"2019-09-15T13:52:07+00:00\",\"dateModified\":\"2019-09-15T13:52:08+00:00\",\"author\":{\"@id\":\"https:\\\/\\\/super-news.info\\\/es\\\/#\\\/schema\\\/person\\\/2d4068cb2f39cd10008c2fce578a7356\"},\"breadcrumb\":{\"@id\":\"https:\\\/\\\/super-news.info\\\/es\\\/guillermo-santaisabel-se-suma-a-mrm-mccann-como-director-creativo-ejecutivo\\\/#breadcrumb\"},\"inLanguage\":\"en-US\",\"potentialAction\":[{\"@type\":\"ReadAction\",\"target\":[\"https:\\\/\\\/super-news.info\\\/es\\\/guillermo-santaisabel-se-suma-a-mrm-mccann-como-director-creativo-ejecutivo\\\/\"]}]},{\"@type\":\"ImageObject\",\"inLanguage\":\"en-US\",\"@id\":\"https:\\\/\\\/super-news.info\\\/es\\\/guillermo-santaisabel-se-suma-a-mrm-mccann-como-director-creativo-ejecutivo\\\/#primaryimage\",\"url\":\"https:\\\/\\\/super-news.info\\\/es\\\/wp-content\\\/uploads\\\/sites\\\/4\\\/2019\\\/09\\\/Guillermo-Santaisabel-se-suma-a-MRMMcCann-como-Director-Creativo-Ejecutivo.jpg\",\"contentUrl\":\"https:\\\/\\\/super-news.info\\\/es\\\/wp-content\\\/uploads\\\/sites\\\/4\\\/2019\\\/09\\\/Guillermo-Santaisabel-se-suma-a-MRMMcCann-como-Director-Creativo-Ejecutivo.jpg\",\"width\":626,\"height\":364,\"caption\":\"Guillermo Santaisabel\"},{\"@type\":\"BreadcrumbList\",\"@id\":\"https:\\\/\\\/super-news.info\\\/es\\\/guillermo-santaisabel-se-suma-a-mrm-mccann-como-director-creativo-ejecutivo\\\/#breadcrumb\",\"itemListElement\":[{\"@type\":\"ListItem\",\"position\":1,\"name\":\"\u0413\u043b\u0430\u0432\u043d\u0430\u044f \u0441\u0442\u0440\u0430\u043d\u0438\u0446\u0430\",\"item\":\"https:\\\/\\\/super-news.info\\\/es\\\/\"},{\"@type\":\"ListItem\",\"position\":2,\"name\":\"Guillermo Santaisabel se suma a MRM\\\/\\\/McCann como Director Creativo Ejecutivo\"}]},{\"@type\":\"WebSite\",\"@id\":\"https:\\\/\\\/super-news.info\\\/es\\\/#website\",\"url\":\"https:\\\/\\\/super-news.info\\\/es\\\/\",\"name\":\"Super News\",\"description\":\"Super News Espa\u00f1a\",\"potentialAction\":[{\"@type\":\"SearchAction\",\"target\":{\"@type\":\"EntryPoint\",\"urlTemplate\":\"https:\\\/\\\/super-news.info\\\/es\\\/?s={search_term_string}\"},\"query-input\":{\"@type\":\"PropertyValueSpecification\",\"valueRequired\":true,\"valueName\":\"search_term_string\"}}],\"inLanguage\":\"en-US\"},{\"@type\":\"Person\",\"@id\":\"https:\\\/\\\/super-news.info\\\/es\\\/#\\\/schema\\\/person\\\/2d4068cb2f39cd10008c2fce578a7356\",\"name\":\"super-news\",\"image\":{\"@type\":\"ImageObject\",\"inLanguage\":\"en-US\",\"@id\":\"https:\\\/\\\/secure.gravatar.com\\\/avatar\\\/64ebac40b93f26a154f8a9b5b6fdccfc46f442b26b3dd6756dbff3bf9dc76fd7?s=96&d=mm&r=g\",\"url\":\"https:\\\/\\\/secure.gravatar.com\\\/avatar\\\/64ebac40b93f26a154f8a9b5b6fdccfc46f442b26b3dd6756dbff3bf9dc76fd7?s=96&d=mm&r=g\",\"contentUrl\":\"https:\\\/\\\/secure.gravatar.com\\\/avatar\\\/64ebac40b93f26a154f8a9b5b6fdccfc46f442b26b3dd6756dbff3bf9dc76fd7?s=96&d=mm&r=g\",\"caption\":\"super-news\"},\"url\":\"https:\\\/\\\/super-news.info\\\/es\\\/author\\\/pt\\\/\"}]}<\/script>\n<!-- \/ Yoast SEO plugin. -->","yoast_head_json":{"title":"Guillermo Santaisabel se suma a MRM\/\/McCann como Director Creativo Ejecutivo - Super News","robots":{"index":"index","follow":"follow","max-snippet":"max-snippet:-1","max-image-preview":"max-image-preview:large","max-video-preview":"max-video-preview:-1"},"canonical":"https:\/\/super-news.info\/es\/guillermo-santaisabel-se-suma-a-mrm-mccann-como-director-creativo-ejecutivo\/","og_locale":"en_US","og_type":"article","og_title":"Guillermo Santaisabel se suma a MRM\/\/McCann como Director Creativo Ejecutivo - Super News","og_description":"MRM\/\/McCann acaba de incorporar a Guillermo Santaisabel, como nuevo Director Creativo Ejecutivo en su sede de Madrid MRM\/\/McCann acaba de incorporar a Guillermo Santaisabel, como nuevo Director Creativo Ejecutivo en su sede de Madrid. Guillermo procede de DDB New York, donde hasta el momento se desempe\u00f1aba como Director Creativo, agencia a la que se uni\u00f3 [&hellip;]","og_url":"https:\/\/super-news.info\/es\/guillermo-santaisabel-se-suma-a-mrm-mccann-como-director-creativo-ejecutivo\/","og_site_name":"Super News","article_published_time":"2019-09-15T13:52:07+00:00","article_modified_time":"2019-09-15T13:52:08+00:00","og_image":[{"width":626,"height":364,"url":"https:\/\/super-news.info\/es\/wp-content\/uploads\/sites\/4\/2019\/09\/Guillermo-Santaisabel-se-suma-a-MRMMcCann-como-Director-Creativo-Ejecutivo.jpg","type":"image\/jpeg"}],"author":"super-news","twitter_card":"summary_large_image","twitter_misc":{"Written by":"super-news","Est. reading time":"1 minute"},"schema":{"@context":"https:\/\/schema.org","@graph":[{"@type":"Article","@id":"https:\/\/super-news.info\/es\/guillermo-santaisabel-se-suma-a-mrm-mccann-como-director-creativo-ejecutivo\/#article","isPartOf":{"@id":"https:\/\/super-news.info\/es\/guillermo-santaisabel-se-suma-a-mrm-mccann-como-director-creativo-ejecutivo\/"},"author":{"name":"super-news","@id":"https:\/\/super-news.info\/es\/#\/schema\/person\/2d4068cb2f39cd10008c2fce578a7356"},"headline":"Guillermo Santaisabel se suma a MRM\/\/McCann como Director Creativo Ejecutivo","datePublished":"2019-09-15T13:52:07+00:00","dateModified":"2019-09-15T13:52:08+00:00","mainEntityOfPage":{"@id":"https:\/\/super-news.info\/es\/guillermo-santaisabel-se-suma-a-mrm-mccann-como-director-creativo-ejecutivo\/"},"wordCount":229,"commentCount":0,"image":{"@id":"https:\/\/super-news.info\/es\/guillermo-santaisabel-se-suma-a-mrm-mccann-como-director-creativo-ejecutivo\/#primaryimage"},"thumbnailUrl":"https:\/\/super-news.info\/es\/wp-content\/uploads\/sites\/4\/2019\/09\/Guillermo-Santaisabel-se-suma-a-MRMMcCann-como-Director-Creativo-Ejecutivo.jpg","articleSection":["NOTICIAS DE MARKETING DIGITAL"],"inLanguage":"en-US","potentialAction":[{"@type":"CommentAction","name":"Comment","target":["https:\/\/super-news.info\/es\/guillermo-santaisabel-se-suma-a-mrm-mccann-como-director-creativo-ejecutivo\/#respond"]}]},{"@type":"WebPage","@id":"https:\/\/super-news.info\/es\/guillermo-santaisabel-se-suma-a-mrm-mccann-como-director-creativo-ejecutivo\/","url":"https:\/\/super-news.info\/es\/guillermo-santaisabel-se-suma-a-mrm-mccann-como-director-creativo-ejecutivo\/","name":"Guillermo Santaisabel se suma a MRM\/\/McCann como Director Creativo Ejecutivo - Super News","isPartOf":{"@id":"https:\/\/super-news.info\/es\/#website"},"primaryImageOfPage":{"@id":"https:\/\/super-news.info\/es\/guillermo-santaisabel-se-suma-a-mrm-mccann-como-director-creativo-ejecutivo\/#primaryimage"},"image":{"@id":"https:\/\/super-news.info\/es\/guillermo-santaisabel-se-suma-a-mrm-mccann-como-director-creativo-ejecutivo\/#primaryimage"},"thumbnailUrl":"https:\/\/super-news.info\/es\/wp-content\/uploads\/sites\/4\/2019\/09\/Guillermo-Santaisabel-se-suma-a-MRMMcCann-como-Director-Creativo-Ejecutivo.jpg","datePublished":"2019-09-15T13:52:07+00:00","dateModified":"2019-09-15T13:52:08+00:00","author":{"@id":"https:\/\/super-news.info\/es\/#\/schema\/person\/2d4068cb2f39cd10008c2fce578a7356"},"breadcrumb":{"@id":"https:\/\/super-news.info\/es\/guillermo-santaisabel-se-suma-a-mrm-mccann-como-director-creativo-ejecutivo\/#breadcrumb"},"inLanguage":"en-US","potentialAction":[{"@type":"ReadAction","target":["https:\/\/super-news.info\/es\/guillermo-santaisabel-se-suma-a-mrm-mccann-como-director-creativo-ejecutivo\/"]}]},{"@type":"ImageObject","inLanguage":"en-US","@id":"https:\/\/super-news.info\/es\/guillermo-santaisabel-se-suma-a-mrm-mccann-como-director-creativo-ejecutivo\/#primaryimage","url":"https:\/\/super-news.info\/es\/wp-content\/uploads\/sites\/4\/2019\/09\/Guillermo-Santaisabel-se-suma-a-MRMMcCann-como-Director-Creativo-Ejecutivo.jpg","contentUrl":"https:\/\/super-news.info\/es\/wp-content\/uploads\/sites\/4\/2019\/09\/Guillermo-Santaisabel-se-suma-a-MRMMcCann-como-Director-Creativo-Ejecutivo.jpg","width":626,"height":364,"caption":"Guillermo Santaisabel"},{"@type":"BreadcrumbList","@id":"https:\/\/super-news.info\/es\/guillermo-santaisabel-se-suma-a-mrm-mccann-como-director-creativo-ejecutivo\/#breadcrumb","itemListElement":[{"@type":"ListItem","position":1,"name":"\u0413\u043b\u0430\u0432\u043d\u0430\u044f \u0441\u0442\u0440\u0430\u043d\u0438\u0446\u0430","item":"https:\/\/super-news.info\/es\/"},{"@type":"ListItem","position":2,"name":"Guillermo Santaisabel se suma a MRM\/\/McCann como Director Creativo Ejecutivo"}]},{"@type":"WebSite","@id":"https:\/\/super-news.info\/es\/#website","url":"https:\/\/super-news.info\/es\/","name":"Super News","description":"Super News Espa\u00f1a","potentialAction":[{"@type":"SearchAction","target":{"@type":"EntryPoint","urlTemplate":"https:\/\/super-news.info\/es\/?s={search_term_string}"},"query-input":{"@type":"PropertyValueSpecification","valueRequired":true,"valueName":"search_term_string"}}],"inLanguage":"en-US"},{"@type":"Person","@id":"https:\/\/super-news.info\/es\/#\/schema\/person\/2d4068cb2f39cd10008c2fce578a7356","name":"super-news","image":{"@type":"ImageObject","inLanguage":"en-US","@id":"https:\/\/secure.gravatar.com\/avatar\/64ebac40b93f26a154f8a9b5b6fdccfc46f442b26b3dd6756dbff3bf9dc76fd7?s=96&d=mm&r=g","url":"https:\/\/secure.gravatar.com\/avatar\/64ebac40b93f26a154f8a9b5b6fdccfc46f442b26b3dd6756dbff3bf9dc76fd7?s=96&d=mm&r=g","contentUrl":"https:\/\/secure.gravatar.com\/avatar\/64ebac40b93f26a154f8a9b5b6fdccfc46f442b26b3dd6756dbff3bf9dc76fd7?s=96&d=mm&r=g","caption":"super-news"},"url":"https:\/\/super-news.info\/es\/author\/pt\/"}]}},"_links":{"self":[{"href":"https:\/\/super-news.info\/es\/wp-json\/wp\/v2\/posts\/11152","targetHints":{"allow":["GET"]}}],"collection":[{"href":"https:\/\/super-news.info\/es\/wp-json\/wp\/v2\/posts"}],"about":[{"href":"https:\/\/super-news.info\/es\/wp-json\/wp\/v2\/types\/post"}],"author":[{"embeddable":true,"href":"https:\/\/super-news.info\/es\/wp-json\/wp\/v2\/users\/2"}],"replies":[{"embeddable":true,"href":"https:\/\/super-news.info\/es\/wp-json\/wp\/v2\/comments?post=11152"}],"version-history":[{"count":1,"href":"https:\/\/super-news.info\/es\/wp-json\/wp\/v2\/posts\/11152\/revisions"}],"predecessor-version":[{"id":11154,"href":"https:\/\/super-news.info\/es\/wp-json\/wp\/v2\/posts\/11152\/revisions\/11154"}],"wp:featuredmedia":[{"embeddable":true,"href":"https:\/\/super-news.info\/es\/wp-json\/wp\/v2\/media\/11153"}],"wp:attachment":[{"href":"https:\/\/super-news.info\/es\/wp-json\/wp\/v2\/media?parent=11152"}],"wp:term":[{"taxonomy":"category","embeddable":true,"href":"https:\/\/super-news.info\/es\/wp-json\/wp\/v2\/categories?post=11152"},{"taxonomy":"post_tag","embeddable":true,"href":"https:\/\/super-news.info\/es\/wp-json\/wp\/v2\/tags?post=11152"}],"curies":[{"name":"wp","href":"https:\/\/api.w.org\/{rel}","templated":true}]}}