{"id":11143,"date":"2019-09-15T15:22:26","date_gmt":"2019-09-15T12:22:26","guid":{"rendered":"https:\/\/super-news.info\/es\/asi-agito-las-busquedas-online-el-posible-fichaje-de-neymar-por-el-real-madrid-y-el-barcelona\/"},"modified":"2019-09-15T15:22:27","modified_gmt":"2019-09-15T12:22:27","slug":"asi-agito-las-busquedas-online-el-posible-fichaje-de-neymar-por-el-real-madrid-y-el-barcelona","status":"publish","type":"post","link":"https:\/\/super-news.info\/es\/asi-agito-las-busquedas-online-el-posible-fichaje-de-neymar-por-el-real-madrid-y-el-barcelona\/","title":{"rendered":"As\u00ed agit\u00f3 las b\u00fasquedas online el posible fichaje de Neymar por el Real Madrid y el Barcelona"},"content":{"rendered":"<p>\t\t\t\t\t\t\t\t\t\tSeg\u00fan los datos recogidos por SEMrush, el fichaje de Neymar por Madrid o Bar\u00e7a este verano agit\u00f3 las b\u00fasquedas online y la interacci\u00f3n en Twitter sobre el futuro del brasile\u00f1o<\/p>\n<p>A pesar de que nunca hubo posibilidades reales de que llegara a buen puerto, la salida de Neymar de su equipo cop\u00f3 las portadas de todos los peri\u00f3dicos deportivos durante el pasado verano. Desde que sali\u00f3 a la luz su supuesta intenci\u00f3n de abandonar la disciplina del Paris Saint-Germain, surgi\u00f3 un aut\u00e9ntico culebr\u00f3n veraniego en torno a la figura y el futuro del brasile\u00f1o. Adem\u00e1s, los dos equipos dispuestos a realizar su fichaje eran Real Madrid y Barcelona, por lo que la repercusi\u00f3n de este asunto en nuestro pa\u00eds fue la m\u00e1xima. Finalmente, las cosas quedaron como estaban, y Neymar permanecer\u00e1 durante al menos otra temporada en la capital francesa.<br \/>\nDebido a su repercusi\u00f3n medi\u00e1tica, SEMrush ha querido analizar este fen\u00f3meno durante los \u00faltimos meses. En concreto, han estudiado el n\u00famero de b\u00fasquedas realizadas en cada Comunidad Aut\u00f3noma durante el \u00faltimo a\u00f1o sobre Neymar y todo lo relacionado con su fichaje. Una de las conclusiones m\u00e1s sorprendente que arroja la investigaci\u00f3n muestra que en Andaluc\u00eda realizaron m\u00e1s b\u00fasquedas sobre Neymar en internet que en comunidades como Madrid.<\/p>\n<p>Los datos de SEMrush estipulan unas 90.500 b\u00fasquedas mensuales para Andaluc\u00eda, mientras en la Comunidad de Madrid ascienden a 60.500. Sin embargo, ambas est\u00e1n situadas muy por debajo de Catalu\u00f1a, donde cerca 110.000 personas al mes estuvieron interesadas en el futuro del astro brasile\u00f1o. La principal raz\u00f3n puede ser el pasado blaugrana del jugador, que dej\u00f3 huella en la Ciudad Condal. Por el contrario, La Rioja y Cantabria son las zonas de Espa\u00f1a donde menos inter\u00e9s despierta, con 2.400 y 5.400 registros respectivamente.<br \/>\nCon respecto a las b\u00fasquedas relacionadas con los dos equipos enfrascados en la pelea por la contrataci\u00f3n de Neymar, el estudio demuestra que el inter\u00e9s de los seguidores del Bar\u00e7a fue superior a los del conjunto merengue. Es posible que esto tenga que ver con el pasado azulgrana del brasile\u00f1o, como ya hemos comentado, y con las preferencias mostradas por el entorno del jugador, que apostaban claramente por una vuelta a Can Bar\u00e7a. De este modo, las b\u00fasquedas se dispararon desde el bando cul\u00e9, alimentadas por la negociaci\u00f3n p\u00fablica que manten\u00edan PSG y F\u00fatbol Club Barcelona, que daba esperanzas a los aficionados.<\/p>\n<p>Para finalizar, SEMrush analiz\u00f3 el sentimiento inherente a las conversaciones y comentarios en Twitter sobre el tema durante la \u00faltima semana de mercado de fichajes antes de su cierre. De esta forma, el an\u00e1lisis establece que los comentarios en relaci\u00f3n al Bar\u00e7a y Neymar fueron curiosamente m\u00e1s negativos (35%) que positivos (29%). Por otro lado, los comentarios relacionados con el Madrid y Neymar iban en sentido contrario, m\u00e1s positivos (36%) que negativos (28%). En conclusi\u00f3n, la \u00faltima semana de mercado supuso una decepci\u00f3n para el aficionado cul\u00e9, mientras el madridista manifest\u00f3 a\u00fan cierta ilusi\u00f3n por el fichaje.<\/p>\n<p>\t\t\t\t\t\t\t\t\t\t\tNo te pierdas nada de MarketingDirecto.com y \u00fanete a nuestro Telegram t.me\/MarketingDirecto<\/p>\n<p>\n<!--noindex--><br \/>\n<a href=\"https:\/\/www.marketingdirecto.com\/marketing-general\/tendencias\/asi-agito-las-busquedas-online-el-posible-fichaje-de-neymar-por-el-real-madrid-y-el-barcelona\" rel=\"nofollow\">Source link <\/a><br \/>\n<!--\/noindex--><\/p>\n","protected":false},"excerpt":{"rendered":"<p>Seg\u00fan los datos recogidos por SEMrush, el fichaje de Neymar por Madrid o Bar\u00e7a este verano agit\u00f3 las b\u00fasquedas online y la interacci\u00f3n en Twitter sobre el futuro del brasile\u00f1o A pesar de que nunca hubo posibilidades reales de que llegara a buen puerto, la salida de Neymar de su equipo cop\u00f3 las portadas de [&hellip;]<\/p>\n","protected":false},"author":2,"featured_media":11144,"comment_status":"open","ping_status":"open","sticky":false,"template":"","format":"standard","meta":{"footnotes":""},"categories":[2],"tags":[],"class_list":["post-11143","post","type-post","status-publish","format-standard","has-post-thumbnail","hentry","category-noticias-de-marketing-digital"],"yoast_head":"<!-- This site is optimized with the Yoast SEO plugin v27.4 - https:\/\/yoast.com\/product\/yoast-seo-wordpress\/ -->\n<title>As\u00ed agit\u00f3 las b\u00fasquedas online el posible fichaje de Neymar por el Real Madrid y el Barcelona - Super News<\/title>\n<meta name=\"robots\" content=\"index, follow, max-snippet:-1, max-image-preview:large, max-video-preview:-1\" \/>\n<link rel=\"canonical\" href=\"https:\/\/super-news.info\/es\/asi-agito-las-busquedas-online-el-posible-fichaje-de-neymar-por-el-real-madrid-y-el-barcelona\/\" \/>\n<meta property=\"og:locale\" content=\"en_US\" \/>\n<meta property=\"og:type\" content=\"article\" \/>\n<meta property=\"og:title\" content=\"As\u00ed agit\u00f3 las b\u00fasquedas online el posible fichaje de Neymar por el Real Madrid y el Barcelona - Super News\" \/>\n<meta property=\"og:description\" content=\"Seg\u00fan los datos recogidos por SEMrush, el fichaje de Neymar por Madrid o Bar\u00e7a este verano agit\u00f3 las b\u00fasquedas online y la interacci\u00f3n en Twitter sobre el futuro del brasile\u00f1o A pesar de que nunca hubo posibilidades reales de que llegara a buen puerto, la salida de Neymar de su equipo cop\u00f3 las portadas de [&hellip;]\" \/>\n<meta property=\"og:url\" content=\"https:\/\/super-news.info\/es\/asi-agito-las-busquedas-online-el-posible-fichaje-de-neymar-por-el-real-madrid-y-el-barcelona\/\" \/>\n<meta property=\"og:site_name\" content=\"Super News\" \/>\n<meta property=\"article:published_time\" content=\"2019-09-15T12:22:26+00:00\" \/>\n<meta property=\"article:modified_time\" content=\"2019-09-15T12:22:27+00:00\" \/>\n<meta property=\"og:image\" content=\"https:\/\/super-news.info\/es\/wp-content\/uploads\/sites\/4\/2019\/09\/As-agit-las-b-squedas-online-el-posible-fichaje-de-Neymar.png\" \/>\n\t<meta property=\"og:image:width\" content=\"626\" \/>\n\t<meta property=\"og:image:height\" content=\"364\" \/>\n\t<meta property=\"og:image:type\" content=\"image\/png\" \/>\n<meta name=\"author\" content=\"super-news\" \/>\n<meta name=\"twitter:card\" content=\"summary_large_image\" \/>\n<meta name=\"twitter:label1\" content=\"Written by\" \/>\n\t<meta name=\"twitter:data1\" content=\"super-news\" \/>\n\t<meta name=\"twitter:label2\" content=\"Est. reading time\" \/>\n\t<meta name=\"twitter:data2\" content=\"3 minutes\" \/>\n<script type=\"application\/ld+json\" class=\"yoast-schema-graph\">{\"@context\":\"https:\\\/\\\/schema.org\",\"@graph\":[{\"@type\":\"Article\",\"@id\":\"https:\\\/\\\/super-news.info\\\/es\\\/asi-agito-las-busquedas-online-el-posible-fichaje-de-neymar-por-el-real-madrid-y-el-barcelona\\\/#article\",\"isPartOf\":{\"@id\":\"https:\\\/\\\/super-news.info\\\/es\\\/asi-agito-las-busquedas-online-el-posible-fichaje-de-neymar-por-el-real-madrid-y-el-barcelona\\\/\"},\"author\":{\"name\":\"super-news\",\"@id\":\"https:\\\/\\\/super-news.info\\\/es\\\/#\\\/schema\\\/person\\\/2d4068cb2f39cd10008c2fce578a7356\"},\"headline\":\"As\u00ed agit\u00f3 las b\u00fasquedas online el posible fichaje de Neymar por el Real Madrid y el Barcelona\",\"datePublished\":\"2019-09-15T12:22:26+00:00\",\"dateModified\":\"2019-09-15T12:22:27+00:00\",\"mainEntityOfPage\":{\"@id\":\"https:\\\/\\\/super-news.info\\\/es\\\/asi-agito-las-busquedas-online-el-posible-fichaje-de-neymar-por-el-real-madrid-y-el-barcelona\\\/\"},\"wordCount\":569,\"commentCount\":0,\"image\":{\"@id\":\"https:\\\/\\\/super-news.info\\\/es\\\/asi-agito-las-busquedas-online-el-posible-fichaje-de-neymar-por-el-real-madrid-y-el-barcelona\\\/#primaryimage\"},\"thumbnailUrl\":\"https:\\\/\\\/super-news.info\\\/es\\\/wp-content\\\/uploads\\\/sites\\\/4\\\/2019\\\/09\\\/As-agit-las-b-squedas-online-el-posible-fichaje-de-Neymar.png\",\"articleSection\":[\"NOTICIAS DE MARKETING DIGITAL\"],\"inLanguage\":\"en-US\",\"potentialAction\":[{\"@type\":\"CommentAction\",\"name\":\"Comment\",\"target\":[\"https:\\\/\\\/super-news.info\\\/es\\\/asi-agito-las-busquedas-online-el-posible-fichaje-de-neymar-por-el-real-madrid-y-el-barcelona\\\/#respond\"]}]},{\"@type\":\"WebPage\",\"@id\":\"https:\\\/\\\/super-news.info\\\/es\\\/asi-agito-las-busquedas-online-el-posible-fichaje-de-neymar-por-el-real-madrid-y-el-barcelona\\\/\",\"url\":\"https:\\\/\\\/super-news.info\\\/es\\\/asi-agito-las-busquedas-online-el-posible-fichaje-de-neymar-por-el-real-madrid-y-el-barcelona\\\/\",\"name\":\"As\u00ed agit\u00f3 las b\u00fasquedas online el posible fichaje de Neymar por el Real Madrid y el Barcelona - Super News\",\"isPartOf\":{\"@id\":\"https:\\\/\\\/super-news.info\\\/es\\\/#website\"},\"primaryImageOfPage\":{\"@id\":\"https:\\\/\\\/super-news.info\\\/es\\\/asi-agito-las-busquedas-online-el-posible-fichaje-de-neymar-por-el-real-madrid-y-el-barcelona\\\/#primaryimage\"},\"image\":{\"@id\":\"https:\\\/\\\/super-news.info\\\/es\\\/asi-agito-las-busquedas-online-el-posible-fichaje-de-neymar-por-el-real-madrid-y-el-barcelona\\\/#primaryimage\"},\"thumbnailUrl\":\"https:\\\/\\\/super-news.info\\\/es\\\/wp-content\\\/uploads\\\/sites\\\/4\\\/2019\\\/09\\\/As-agit-las-b-squedas-online-el-posible-fichaje-de-Neymar.png\",\"datePublished\":\"2019-09-15T12:22:26+00:00\",\"dateModified\":\"2019-09-15T12:22:27+00:00\",\"author\":{\"@id\":\"https:\\\/\\\/super-news.info\\\/es\\\/#\\\/schema\\\/person\\\/2d4068cb2f39cd10008c2fce578a7356\"},\"breadcrumb\":{\"@id\":\"https:\\\/\\\/super-news.info\\\/es\\\/asi-agito-las-busquedas-online-el-posible-fichaje-de-neymar-por-el-real-madrid-y-el-barcelona\\\/#breadcrumb\"},\"inLanguage\":\"en-US\",\"potentialAction\":[{\"@type\":\"ReadAction\",\"target\":[\"https:\\\/\\\/super-news.info\\\/es\\\/asi-agito-las-busquedas-online-el-posible-fichaje-de-neymar-por-el-real-madrid-y-el-barcelona\\\/\"]}]},{\"@type\":\"ImageObject\",\"inLanguage\":\"en-US\",\"@id\":\"https:\\\/\\\/super-news.info\\\/es\\\/asi-agito-las-busquedas-online-el-posible-fichaje-de-neymar-por-el-real-madrid-y-el-barcelona\\\/#primaryimage\",\"url\":\"https:\\\/\\\/super-news.info\\\/es\\\/wp-content\\\/uploads\\\/sites\\\/4\\\/2019\\\/09\\\/As-agit-las-b-squedas-online-el-posible-fichaje-de-Neymar.png\",\"contentUrl\":\"https:\\\/\\\/super-news.info\\\/es\\\/wp-content\\\/uploads\\\/sites\\\/4\\\/2019\\\/09\\\/As-agit-las-b-squedas-online-el-posible-fichaje-de-Neymar.png\",\"width\":626,\"height\":364,\"caption\":\"Diesel Fragances\"},{\"@type\":\"BreadcrumbList\",\"@id\":\"https:\\\/\\\/super-news.info\\\/es\\\/asi-agito-las-busquedas-online-el-posible-fichaje-de-neymar-por-el-real-madrid-y-el-barcelona\\\/#breadcrumb\",\"itemListElement\":[{\"@type\":\"ListItem\",\"position\":1,\"name\":\"\u0413\u043b\u0430\u0432\u043d\u0430\u044f \u0441\u0442\u0440\u0430\u043d\u0438\u0446\u0430\",\"item\":\"https:\\\/\\\/super-news.info\\\/es\\\/\"},{\"@type\":\"ListItem\",\"position\":2,\"name\":\"As\u00ed agit\u00f3 las b\u00fasquedas online el posible fichaje de Neymar por el Real Madrid y el Barcelona\"}]},{\"@type\":\"WebSite\",\"@id\":\"https:\\\/\\\/super-news.info\\\/es\\\/#website\",\"url\":\"https:\\\/\\\/super-news.info\\\/es\\\/\",\"name\":\"Super News\",\"description\":\"Super News Espa\u00f1a\",\"potentialAction\":[{\"@type\":\"SearchAction\",\"target\":{\"@type\":\"EntryPoint\",\"urlTemplate\":\"https:\\\/\\\/super-news.info\\\/es\\\/?s={search_term_string}\"},\"query-input\":{\"@type\":\"PropertyValueSpecification\",\"valueRequired\":true,\"valueName\":\"search_term_string\"}}],\"inLanguage\":\"en-US\"},{\"@type\":\"Person\",\"@id\":\"https:\\\/\\\/super-news.info\\\/es\\\/#\\\/schema\\\/person\\\/2d4068cb2f39cd10008c2fce578a7356\",\"name\":\"super-news\",\"image\":{\"@type\":\"ImageObject\",\"inLanguage\":\"en-US\",\"@id\":\"https:\\\/\\\/secure.gravatar.com\\\/avatar\\\/64ebac40b93f26a154f8a9b5b6fdccfc46f442b26b3dd6756dbff3bf9dc76fd7?s=96&d=mm&r=g\",\"url\":\"https:\\\/\\\/secure.gravatar.com\\\/avatar\\\/64ebac40b93f26a154f8a9b5b6fdccfc46f442b26b3dd6756dbff3bf9dc76fd7?s=96&d=mm&r=g\",\"contentUrl\":\"https:\\\/\\\/secure.gravatar.com\\\/avatar\\\/64ebac40b93f26a154f8a9b5b6fdccfc46f442b26b3dd6756dbff3bf9dc76fd7?s=96&d=mm&r=g\",\"caption\":\"super-news\"},\"url\":\"https:\\\/\\\/super-news.info\\\/es\\\/author\\\/pt\\\/\"}]}<\/script>\n<!-- \/ Yoast SEO plugin. -->","yoast_head_json":{"title":"As\u00ed agit\u00f3 las b\u00fasquedas online el posible fichaje de Neymar por el Real Madrid y el Barcelona - Super News","robots":{"index":"index","follow":"follow","max-snippet":"max-snippet:-1","max-image-preview":"max-image-preview:large","max-video-preview":"max-video-preview:-1"},"canonical":"https:\/\/super-news.info\/es\/asi-agito-las-busquedas-online-el-posible-fichaje-de-neymar-por-el-real-madrid-y-el-barcelona\/","og_locale":"en_US","og_type":"article","og_title":"As\u00ed agit\u00f3 las b\u00fasquedas online el posible fichaje de Neymar por el Real Madrid y el Barcelona - Super News","og_description":"Seg\u00fan los datos recogidos por SEMrush, el fichaje de Neymar por Madrid o Bar\u00e7a este verano agit\u00f3 las b\u00fasquedas online y la interacci\u00f3n en Twitter sobre el futuro del brasile\u00f1o A pesar de que nunca hubo posibilidades reales de que llegara a buen puerto, la salida de Neymar de su equipo cop\u00f3 las portadas de [&hellip;]","og_url":"https:\/\/super-news.info\/es\/asi-agito-las-busquedas-online-el-posible-fichaje-de-neymar-por-el-real-madrid-y-el-barcelona\/","og_site_name":"Super News","article_published_time":"2019-09-15T12:22:26+00:00","article_modified_time":"2019-09-15T12:22:27+00:00","og_image":[{"width":626,"height":364,"url":"https:\/\/super-news.info\/es\/wp-content\/uploads\/sites\/4\/2019\/09\/As-agit-las-b-squedas-online-el-posible-fichaje-de-Neymar.png","type":"image\/png"}],"author":"super-news","twitter_card":"summary_large_image","twitter_misc":{"Written by":"super-news","Est. reading time":"3 minutes"},"schema":{"@context":"https:\/\/schema.org","@graph":[{"@type":"Article","@id":"https:\/\/super-news.info\/es\/asi-agito-las-busquedas-online-el-posible-fichaje-de-neymar-por-el-real-madrid-y-el-barcelona\/#article","isPartOf":{"@id":"https:\/\/super-news.info\/es\/asi-agito-las-busquedas-online-el-posible-fichaje-de-neymar-por-el-real-madrid-y-el-barcelona\/"},"author":{"name":"super-news","@id":"https:\/\/super-news.info\/es\/#\/schema\/person\/2d4068cb2f39cd10008c2fce578a7356"},"headline":"As\u00ed agit\u00f3 las b\u00fasquedas online el posible fichaje de Neymar por el Real Madrid y el Barcelona","datePublished":"2019-09-15T12:22:26+00:00","dateModified":"2019-09-15T12:22:27+00:00","mainEntityOfPage":{"@id":"https:\/\/super-news.info\/es\/asi-agito-las-busquedas-online-el-posible-fichaje-de-neymar-por-el-real-madrid-y-el-barcelona\/"},"wordCount":569,"commentCount":0,"image":{"@id":"https:\/\/super-news.info\/es\/asi-agito-las-busquedas-online-el-posible-fichaje-de-neymar-por-el-real-madrid-y-el-barcelona\/#primaryimage"},"thumbnailUrl":"https:\/\/super-news.info\/es\/wp-content\/uploads\/sites\/4\/2019\/09\/As-agit-las-b-squedas-online-el-posible-fichaje-de-Neymar.png","articleSection":["NOTICIAS DE MARKETING DIGITAL"],"inLanguage":"en-US","potentialAction":[{"@type":"CommentAction","name":"Comment","target":["https:\/\/super-news.info\/es\/asi-agito-las-busquedas-online-el-posible-fichaje-de-neymar-por-el-real-madrid-y-el-barcelona\/#respond"]}]},{"@type":"WebPage","@id":"https:\/\/super-news.info\/es\/asi-agito-las-busquedas-online-el-posible-fichaje-de-neymar-por-el-real-madrid-y-el-barcelona\/","url":"https:\/\/super-news.info\/es\/asi-agito-las-busquedas-online-el-posible-fichaje-de-neymar-por-el-real-madrid-y-el-barcelona\/","name":"As\u00ed agit\u00f3 las b\u00fasquedas online el posible fichaje de Neymar por el Real Madrid y el Barcelona - Super News","isPartOf":{"@id":"https:\/\/super-news.info\/es\/#website"},"primaryImageOfPage":{"@id":"https:\/\/super-news.info\/es\/asi-agito-las-busquedas-online-el-posible-fichaje-de-neymar-por-el-real-madrid-y-el-barcelona\/#primaryimage"},"image":{"@id":"https:\/\/super-news.info\/es\/asi-agito-las-busquedas-online-el-posible-fichaje-de-neymar-por-el-real-madrid-y-el-barcelona\/#primaryimage"},"thumbnailUrl":"https:\/\/super-news.info\/es\/wp-content\/uploads\/sites\/4\/2019\/09\/As-agit-las-b-squedas-online-el-posible-fichaje-de-Neymar.png","datePublished":"2019-09-15T12:22:26+00:00","dateModified":"2019-09-15T12:22:27+00:00","author":{"@id":"https:\/\/super-news.info\/es\/#\/schema\/person\/2d4068cb2f39cd10008c2fce578a7356"},"breadcrumb":{"@id":"https:\/\/super-news.info\/es\/asi-agito-las-busquedas-online-el-posible-fichaje-de-neymar-por-el-real-madrid-y-el-barcelona\/#breadcrumb"},"inLanguage":"en-US","potentialAction":[{"@type":"ReadAction","target":["https:\/\/super-news.info\/es\/asi-agito-las-busquedas-online-el-posible-fichaje-de-neymar-por-el-real-madrid-y-el-barcelona\/"]}]},{"@type":"ImageObject","inLanguage":"en-US","@id":"https:\/\/super-news.info\/es\/asi-agito-las-busquedas-online-el-posible-fichaje-de-neymar-por-el-real-madrid-y-el-barcelona\/#primaryimage","url":"https:\/\/super-news.info\/es\/wp-content\/uploads\/sites\/4\/2019\/09\/As-agit-las-b-squedas-online-el-posible-fichaje-de-Neymar.png","contentUrl":"https:\/\/super-news.info\/es\/wp-content\/uploads\/sites\/4\/2019\/09\/As-agit-las-b-squedas-online-el-posible-fichaje-de-Neymar.png","width":626,"height":364,"caption":"Diesel Fragances"},{"@type":"BreadcrumbList","@id":"https:\/\/super-news.info\/es\/asi-agito-las-busquedas-online-el-posible-fichaje-de-neymar-por-el-real-madrid-y-el-barcelona\/#breadcrumb","itemListElement":[{"@type":"ListItem","position":1,"name":"\u0413\u043b\u0430\u0432\u043d\u0430\u044f \u0441\u0442\u0440\u0430\u043d\u0438\u0446\u0430","item":"https:\/\/super-news.info\/es\/"},{"@type":"ListItem","position":2,"name":"As\u00ed agit\u00f3 las b\u00fasquedas online el posible fichaje de Neymar por el Real Madrid y el Barcelona"}]},{"@type":"WebSite","@id":"https:\/\/super-news.info\/es\/#website","url":"https:\/\/super-news.info\/es\/","name":"Super News","description":"Super News Espa\u00f1a","potentialAction":[{"@type":"SearchAction","target":{"@type":"EntryPoint","urlTemplate":"https:\/\/super-news.info\/es\/?s={search_term_string}"},"query-input":{"@type":"PropertyValueSpecification","valueRequired":true,"valueName":"search_term_string"}}],"inLanguage":"en-US"},{"@type":"Person","@id":"https:\/\/super-news.info\/es\/#\/schema\/person\/2d4068cb2f39cd10008c2fce578a7356","name":"super-news","image":{"@type":"ImageObject","inLanguage":"en-US","@id":"https:\/\/secure.gravatar.com\/avatar\/64ebac40b93f26a154f8a9b5b6fdccfc46f442b26b3dd6756dbff3bf9dc76fd7?s=96&d=mm&r=g","url":"https:\/\/secure.gravatar.com\/avatar\/64ebac40b93f26a154f8a9b5b6fdccfc46f442b26b3dd6756dbff3bf9dc76fd7?s=96&d=mm&r=g","contentUrl":"https:\/\/secure.gravatar.com\/avatar\/64ebac40b93f26a154f8a9b5b6fdccfc46f442b26b3dd6756dbff3bf9dc76fd7?s=96&d=mm&r=g","caption":"super-news"},"url":"https:\/\/super-news.info\/es\/author\/pt\/"}]}},"_links":{"self":[{"href":"https:\/\/super-news.info\/es\/wp-json\/wp\/v2\/posts\/11143","targetHints":{"allow":["GET"]}}],"collection":[{"href":"https:\/\/super-news.info\/es\/wp-json\/wp\/v2\/posts"}],"about":[{"href":"https:\/\/super-news.info\/es\/wp-json\/wp\/v2\/types\/post"}],"author":[{"embeddable":true,"href":"https:\/\/super-news.info\/es\/wp-json\/wp\/v2\/users\/2"}],"replies":[{"embeddable":true,"href":"https:\/\/super-news.info\/es\/wp-json\/wp\/v2\/comments?post=11143"}],"version-history":[{"count":1,"href":"https:\/\/super-news.info\/es\/wp-json\/wp\/v2\/posts\/11143\/revisions"}],"predecessor-version":[{"id":11145,"href":"https:\/\/super-news.info\/es\/wp-json\/wp\/v2\/posts\/11143\/revisions\/11145"}],"wp:featuredmedia":[{"embeddable":true,"href":"https:\/\/super-news.info\/es\/wp-json\/wp\/v2\/media\/11144"}],"wp:attachment":[{"href":"https:\/\/super-news.info\/es\/wp-json\/wp\/v2\/media?parent=11143"}],"wp:term":[{"taxonomy":"category","embeddable":true,"href":"https:\/\/super-news.info\/es\/wp-json\/wp\/v2\/categories?post=11143"},{"taxonomy":"post_tag","embeddable":true,"href":"https:\/\/super-news.info\/es\/wp-json\/wp\/v2\/tags?post=11143"}],"curies":[{"name":"wp","href":"https:\/\/api.w.org\/{rel}","templated":true}]}}