{"id":11071,"date":"2019-09-14T04:50:01","date_gmt":"2019-09-14T01:50:01","guid":{"rendered":"https:\/\/super-news.info\/es\/audi-hace-protagonista-al-silencio-en-su-nuevo-anuncio\/"},"modified":"2019-09-14T04:50:02","modified_gmt":"2019-09-14T01:50:02","slug":"audi-hace-protagonista-al-silencio-en-su-nuevo-anuncio","status":"publish","type":"post","link":"https:\/\/super-news.info\/es\/audi-hace-protagonista-al-silencio-en-su-nuevo-anuncio\/","title":{"rendered":"Audi hace protagonista al silencio en su nuevo anuncio"},"content":{"rendered":"<p>\t\t\t\t\t\t\t\t\t\tEl nuevo anuncio de Audi gira en torno al cine olvidado y rescata la figura del cine mudo para destacar la tracci\u00f3n completamente silenciosa del nuevo Audi e-tron<\/p>\n<p>En la vida, y con el paso del tiempo, todo cambia, incluso el mundo del cine. Y junto a este inexorable cambio, hay personajes, estilos e historias que se transforman, y otros que pasan de moda e inevitablemente caen en el olvido. Esta es la premisa de partida de la nueva pieza publicitaria confeccionada por la agencia DDB para Audi, con motivo de su patrocinio en el Festival de Cine de San Sebasti\u00e1n de este a\u00f1o.<br \/>\nEn esta pieza, de dos minutos de duraci\u00f3n, Audi muestra a un grupo de personajes cuyos papeles han ido quedando obsoletos y han acabado por desaparecer del cine. Para darle m\u00e1s creatividad, el spot plasma una terapia de grupo de la Forgotten Character Association (Asociaci\u00f3n de Personajes Olvidados). En esta asociaci\u00f3n ficticia, cada uno de los protagonistas trata de enfrentar las secuelas del olvido con ayuda de los dem\u00e1s.<\/p>\n<p>Si no visualiza correctamente el v\u00eddeo embedded, haga clic aqu\u00ed.<br \/>\nLa pieza audiovisual termina de forma inesperada, dando un giro dram\u00e1tico que nos presenta a una actriz de cine mudo que viene a despedirse del grupo. De este modo, Audi desliza su mensaje publicitario, ya que la actriz debe decir adi\u00f3s debido a que el silencio vuelve a ser el protagonista. Sin embargo, el silencio es el protagonista gracias a la tracci\u00f3n 100% el\u00e9ctrica y silenciosa del nuevo Audi e-tron.<br \/>\nEste spot ha nacido como la pieza de patrocinio de Audi para el Festival de Cine de San Sebasti\u00e1n, pero est\u00e1 acompa\u00f1ado de otros soportes publicitarios. De esta forma, Audi ha presentado posters, banderolas y gr\u00e1ficas en prensa con visuales inspiradas en los posters del cine mudo m\u00e1s famosos. Por otro lado, la campa\u00f1a cuenta con c\u00e1psulas para redes sociales presentando individualmente a los protagonistas del spot mientras enfrentan sus traumas de forma divertida y amena.<\/p>\n<p>\t\t\t\t\t\t\t\t\t\t\tNo te pierdas nada de MarketingDirecto.com y \u00fanete a nuestro Telegram t.me\/MarketingDirecto<\/p>\n<p>\n<!--noindex--><br \/>\n<a href=\"https:\/\/www.marketingdirecto.com\/anunciantes-general\/anunciantes\/audi-hace-protagonista-al-silencio-en-su-nuevo-anuncio\" rel=\"nofollow\">Source link <\/a><br \/>\n<!--\/noindex--><\/p>\n","protected":false},"excerpt":{"rendered":"<p>El nuevo anuncio de Audi gira en torno al cine olvidado y rescata la figura del cine mudo para destacar la tracci\u00f3n completamente silenciosa del nuevo Audi e-tron En la vida, y con el paso del tiempo, todo cambia, incluso el mundo del cine. Y junto a este inexorable cambio, hay personajes, estilos e historias [&hellip;]<\/p>\n","protected":false},"author":2,"featured_media":11072,"comment_status":"open","ping_status":"open","sticky":false,"template":"","format":"standard","meta":{"footnotes":""},"categories":[2],"tags":[],"class_list":["post-11071","post","type-post","status-publish","format-standard","has-post-thumbnail","hentry","category-noticias-de-marketing-digital"],"yoast_head":"<!-- This site is optimized with the Yoast SEO plugin v27.4 - https:\/\/yoast.com\/product\/yoast-seo-wordpress\/ -->\n<title>Audi hace protagonista al silencio en su nuevo anuncio - Super News<\/title>\n<meta name=\"robots\" content=\"index, follow, max-snippet:-1, max-image-preview:large, max-video-preview:-1\" \/>\n<link rel=\"canonical\" href=\"https:\/\/super-news.info\/es\/audi-hace-protagonista-al-silencio-en-su-nuevo-anuncio\/\" \/>\n<meta property=\"og:locale\" content=\"en_US\" \/>\n<meta property=\"og:type\" content=\"article\" \/>\n<meta property=\"og:title\" content=\"Audi hace protagonista al silencio en su nuevo anuncio - Super News\" \/>\n<meta property=\"og:description\" content=\"El nuevo anuncio de Audi gira en torno al cine olvidado y rescata la figura del cine mudo para destacar la tracci\u00f3n completamente silenciosa del nuevo Audi e-tron En la vida, y con el paso del tiempo, todo cambia, incluso el mundo del cine. Y junto a este inexorable cambio, hay personajes, estilos e historias [&hellip;]\" \/>\n<meta property=\"og:url\" content=\"https:\/\/super-news.info\/es\/audi-hace-protagonista-al-silencio-en-su-nuevo-anuncio\/\" \/>\n<meta property=\"og:site_name\" content=\"Super News\" \/>\n<meta property=\"article:published_time\" content=\"2019-09-14T01:50:01+00:00\" \/>\n<meta property=\"article:modified_time\" content=\"2019-09-14T01:50:02+00:00\" \/>\n<meta property=\"og:image\" content=\"https:\/\/super-news.info\/es\/wp-content\/uploads\/sites\/4\/2019\/09\/Audi-hace-protagonista-al-silencio-en-su-nuevo-anuncio.jpg\" \/>\n\t<meta property=\"og:image:width\" content=\"626\" \/>\n\t<meta property=\"og:image:height\" content=\"364\" \/>\n\t<meta property=\"og:image:type\" content=\"image\/jpeg\" \/>\n<meta name=\"author\" content=\"super-news\" \/>\n<meta name=\"twitter:card\" content=\"summary_large_image\" \/>\n<meta name=\"twitter:label1\" content=\"Written by\" \/>\n\t<meta name=\"twitter:data1\" content=\"super-news\" \/>\n\t<meta name=\"twitter:label2\" content=\"Est. reading time\" \/>\n\t<meta name=\"twitter:data2\" content=\"2 minutes\" \/>\n<script type=\"application\/ld+json\" class=\"yoast-schema-graph\">{\"@context\":\"https:\\\/\\\/schema.org\",\"@graph\":[{\"@type\":\"Article\",\"@id\":\"https:\\\/\\\/super-news.info\\\/es\\\/audi-hace-protagonista-al-silencio-en-su-nuevo-anuncio\\\/#article\",\"isPartOf\":{\"@id\":\"https:\\\/\\\/super-news.info\\\/es\\\/audi-hace-protagonista-al-silencio-en-su-nuevo-anuncio\\\/\"},\"author\":{\"name\":\"super-news\",\"@id\":\"https:\\\/\\\/super-news.info\\\/es\\\/#\\\/schema\\\/person\\\/2d4068cb2f39cd10008c2fce578a7356\"},\"headline\":\"Audi hace protagonista al silencio en su nuevo anuncio\",\"datePublished\":\"2019-09-14T01:50:01+00:00\",\"dateModified\":\"2019-09-14T01:50:02+00:00\",\"mainEntityOfPage\":{\"@id\":\"https:\\\/\\\/super-news.info\\\/es\\\/audi-hace-protagonista-al-silencio-en-su-nuevo-anuncio\\\/\"},\"wordCount\":373,\"commentCount\":0,\"image\":{\"@id\":\"https:\\\/\\\/super-news.info\\\/es\\\/audi-hace-protagonista-al-silencio-en-su-nuevo-anuncio\\\/#primaryimage\"},\"thumbnailUrl\":\"https:\\\/\\\/super-news.info\\\/es\\\/wp-content\\\/uploads\\\/sites\\\/4\\\/2019\\\/09\\\/Audi-hace-protagonista-al-silencio-en-su-nuevo-anuncio.jpg\",\"articleSection\":[\"NOTICIAS DE MARKETING DIGITAL\"],\"inLanguage\":\"en-US\",\"potentialAction\":[{\"@type\":\"CommentAction\",\"name\":\"Comment\",\"target\":[\"https:\\\/\\\/super-news.info\\\/es\\\/audi-hace-protagonista-al-silencio-en-su-nuevo-anuncio\\\/#respond\"]}]},{\"@type\":\"WebPage\",\"@id\":\"https:\\\/\\\/super-news.info\\\/es\\\/audi-hace-protagonista-al-silencio-en-su-nuevo-anuncio\\\/\",\"url\":\"https:\\\/\\\/super-news.info\\\/es\\\/audi-hace-protagonista-al-silencio-en-su-nuevo-anuncio\\\/\",\"name\":\"Audi hace protagonista al silencio en su nuevo anuncio - Super News\",\"isPartOf\":{\"@id\":\"https:\\\/\\\/super-news.info\\\/es\\\/#website\"},\"primaryImageOfPage\":{\"@id\":\"https:\\\/\\\/super-news.info\\\/es\\\/audi-hace-protagonista-al-silencio-en-su-nuevo-anuncio\\\/#primaryimage\"},\"image\":{\"@id\":\"https:\\\/\\\/super-news.info\\\/es\\\/audi-hace-protagonista-al-silencio-en-su-nuevo-anuncio\\\/#primaryimage\"},\"thumbnailUrl\":\"https:\\\/\\\/super-news.info\\\/es\\\/wp-content\\\/uploads\\\/sites\\\/4\\\/2019\\\/09\\\/Audi-hace-protagonista-al-silencio-en-su-nuevo-anuncio.jpg\",\"datePublished\":\"2019-09-14T01:50:01+00:00\",\"dateModified\":\"2019-09-14T01:50:02+00:00\",\"author\":{\"@id\":\"https:\\\/\\\/super-news.info\\\/es\\\/#\\\/schema\\\/person\\\/2d4068cb2f39cd10008c2fce578a7356\"},\"breadcrumb\":{\"@id\":\"https:\\\/\\\/super-news.info\\\/es\\\/audi-hace-protagonista-al-silencio-en-su-nuevo-anuncio\\\/#breadcrumb\"},\"inLanguage\":\"en-US\",\"potentialAction\":[{\"@type\":\"ReadAction\",\"target\":[\"https:\\\/\\\/super-news.info\\\/es\\\/audi-hace-protagonista-al-silencio-en-su-nuevo-anuncio\\\/\"]}]},{\"@type\":\"ImageObject\",\"inLanguage\":\"en-US\",\"@id\":\"https:\\\/\\\/super-news.info\\\/es\\\/audi-hace-protagonista-al-silencio-en-su-nuevo-anuncio\\\/#primaryimage\",\"url\":\"https:\\\/\\\/super-news.info\\\/es\\\/wp-content\\\/uploads\\\/sites\\\/4\\\/2019\\\/09\\\/Audi-hace-protagonista-al-silencio-en-su-nuevo-anuncio.jpg\",\"contentUrl\":\"https:\\\/\\\/super-news.info\\\/es\\\/wp-content\\\/uploads\\\/sites\\\/4\\\/2019\\\/09\\\/Audi-hace-protagonista-al-silencio-en-su-nuevo-anuncio.jpg\",\"width\":626,\"height\":364,\"caption\":\"portada-audi-pieza-ss\"},{\"@type\":\"BreadcrumbList\",\"@id\":\"https:\\\/\\\/super-news.info\\\/es\\\/audi-hace-protagonista-al-silencio-en-su-nuevo-anuncio\\\/#breadcrumb\",\"itemListElement\":[{\"@type\":\"ListItem\",\"position\":1,\"name\":\"\u0413\u043b\u0430\u0432\u043d\u0430\u044f \u0441\u0442\u0440\u0430\u043d\u0438\u0446\u0430\",\"item\":\"https:\\\/\\\/super-news.info\\\/es\\\/\"},{\"@type\":\"ListItem\",\"position\":2,\"name\":\"Audi hace protagonista al silencio en su nuevo anuncio\"}]},{\"@type\":\"WebSite\",\"@id\":\"https:\\\/\\\/super-news.info\\\/es\\\/#website\",\"url\":\"https:\\\/\\\/super-news.info\\\/es\\\/\",\"name\":\"Super News\",\"description\":\"Super News Espa\u00f1a\",\"potentialAction\":[{\"@type\":\"SearchAction\",\"target\":{\"@type\":\"EntryPoint\",\"urlTemplate\":\"https:\\\/\\\/super-news.info\\\/es\\\/?s={search_term_string}\"},\"query-input\":{\"@type\":\"PropertyValueSpecification\",\"valueRequired\":true,\"valueName\":\"search_term_string\"}}],\"inLanguage\":\"en-US\"},{\"@type\":\"Person\",\"@id\":\"https:\\\/\\\/super-news.info\\\/es\\\/#\\\/schema\\\/person\\\/2d4068cb2f39cd10008c2fce578a7356\",\"name\":\"super-news\",\"image\":{\"@type\":\"ImageObject\",\"inLanguage\":\"en-US\",\"@id\":\"https:\\\/\\\/secure.gravatar.com\\\/avatar\\\/64ebac40b93f26a154f8a9b5b6fdccfc46f442b26b3dd6756dbff3bf9dc76fd7?s=96&d=mm&r=g\",\"url\":\"https:\\\/\\\/secure.gravatar.com\\\/avatar\\\/64ebac40b93f26a154f8a9b5b6fdccfc46f442b26b3dd6756dbff3bf9dc76fd7?s=96&d=mm&r=g\",\"contentUrl\":\"https:\\\/\\\/secure.gravatar.com\\\/avatar\\\/64ebac40b93f26a154f8a9b5b6fdccfc46f442b26b3dd6756dbff3bf9dc76fd7?s=96&d=mm&r=g\",\"caption\":\"super-news\"},\"url\":\"https:\\\/\\\/super-news.info\\\/es\\\/author\\\/pt\\\/\"}]}<\/script>\n<!-- \/ Yoast SEO plugin. -->","yoast_head_json":{"title":"Audi hace protagonista al silencio en su nuevo anuncio - Super News","robots":{"index":"index","follow":"follow","max-snippet":"max-snippet:-1","max-image-preview":"max-image-preview:large","max-video-preview":"max-video-preview:-1"},"canonical":"https:\/\/super-news.info\/es\/audi-hace-protagonista-al-silencio-en-su-nuevo-anuncio\/","og_locale":"en_US","og_type":"article","og_title":"Audi hace protagonista al silencio en su nuevo anuncio - Super News","og_description":"El nuevo anuncio de Audi gira en torno al cine olvidado y rescata la figura del cine mudo para destacar la tracci\u00f3n completamente silenciosa del nuevo Audi e-tron En la vida, y con el paso del tiempo, todo cambia, incluso el mundo del cine. Y junto a este inexorable cambio, hay personajes, estilos e historias [&hellip;]","og_url":"https:\/\/super-news.info\/es\/audi-hace-protagonista-al-silencio-en-su-nuevo-anuncio\/","og_site_name":"Super News","article_published_time":"2019-09-14T01:50:01+00:00","article_modified_time":"2019-09-14T01:50:02+00:00","og_image":[{"width":626,"height":364,"url":"https:\/\/super-news.info\/es\/wp-content\/uploads\/sites\/4\/2019\/09\/Audi-hace-protagonista-al-silencio-en-su-nuevo-anuncio.jpg","type":"image\/jpeg"}],"author":"super-news","twitter_card":"summary_large_image","twitter_misc":{"Written by":"super-news","Est. reading time":"2 minutes"},"schema":{"@context":"https:\/\/schema.org","@graph":[{"@type":"Article","@id":"https:\/\/super-news.info\/es\/audi-hace-protagonista-al-silencio-en-su-nuevo-anuncio\/#article","isPartOf":{"@id":"https:\/\/super-news.info\/es\/audi-hace-protagonista-al-silencio-en-su-nuevo-anuncio\/"},"author":{"name":"super-news","@id":"https:\/\/super-news.info\/es\/#\/schema\/person\/2d4068cb2f39cd10008c2fce578a7356"},"headline":"Audi hace protagonista al silencio en su nuevo anuncio","datePublished":"2019-09-14T01:50:01+00:00","dateModified":"2019-09-14T01:50:02+00:00","mainEntityOfPage":{"@id":"https:\/\/super-news.info\/es\/audi-hace-protagonista-al-silencio-en-su-nuevo-anuncio\/"},"wordCount":373,"commentCount":0,"image":{"@id":"https:\/\/super-news.info\/es\/audi-hace-protagonista-al-silencio-en-su-nuevo-anuncio\/#primaryimage"},"thumbnailUrl":"https:\/\/super-news.info\/es\/wp-content\/uploads\/sites\/4\/2019\/09\/Audi-hace-protagonista-al-silencio-en-su-nuevo-anuncio.jpg","articleSection":["NOTICIAS DE MARKETING DIGITAL"],"inLanguage":"en-US","potentialAction":[{"@type":"CommentAction","name":"Comment","target":["https:\/\/super-news.info\/es\/audi-hace-protagonista-al-silencio-en-su-nuevo-anuncio\/#respond"]}]},{"@type":"WebPage","@id":"https:\/\/super-news.info\/es\/audi-hace-protagonista-al-silencio-en-su-nuevo-anuncio\/","url":"https:\/\/super-news.info\/es\/audi-hace-protagonista-al-silencio-en-su-nuevo-anuncio\/","name":"Audi hace protagonista al silencio en su nuevo anuncio - Super News","isPartOf":{"@id":"https:\/\/super-news.info\/es\/#website"},"primaryImageOfPage":{"@id":"https:\/\/super-news.info\/es\/audi-hace-protagonista-al-silencio-en-su-nuevo-anuncio\/#primaryimage"},"image":{"@id":"https:\/\/super-news.info\/es\/audi-hace-protagonista-al-silencio-en-su-nuevo-anuncio\/#primaryimage"},"thumbnailUrl":"https:\/\/super-news.info\/es\/wp-content\/uploads\/sites\/4\/2019\/09\/Audi-hace-protagonista-al-silencio-en-su-nuevo-anuncio.jpg","datePublished":"2019-09-14T01:50:01+00:00","dateModified":"2019-09-14T01:50:02+00:00","author":{"@id":"https:\/\/super-news.info\/es\/#\/schema\/person\/2d4068cb2f39cd10008c2fce578a7356"},"breadcrumb":{"@id":"https:\/\/super-news.info\/es\/audi-hace-protagonista-al-silencio-en-su-nuevo-anuncio\/#breadcrumb"},"inLanguage":"en-US","potentialAction":[{"@type":"ReadAction","target":["https:\/\/super-news.info\/es\/audi-hace-protagonista-al-silencio-en-su-nuevo-anuncio\/"]}]},{"@type":"ImageObject","inLanguage":"en-US","@id":"https:\/\/super-news.info\/es\/audi-hace-protagonista-al-silencio-en-su-nuevo-anuncio\/#primaryimage","url":"https:\/\/super-news.info\/es\/wp-content\/uploads\/sites\/4\/2019\/09\/Audi-hace-protagonista-al-silencio-en-su-nuevo-anuncio.jpg","contentUrl":"https:\/\/super-news.info\/es\/wp-content\/uploads\/sites\/4\/2019\/09\/Audi-hace-protagonista-al-silencio-en-su-nuevo-anuncio.jpg","width":626,"height":364,"caption":"portada-audi-pieza-ss"},{"@type":"BreadcrumbList","@id":"https:\/\/super-news.info\/es\/audi-hace-protagonista-al-silencio-en-su-nuevo-anuncio\/#breadcrumb","itemListElement":[{"@type":"ListItem","position":1,"name":"\u0413\u043b\u0430\u0432\u043d\u0430\u044f \u0441\u0442\u0440\u0430\u043d\u0438\u0446\u0430","item":"https:\/\/super-news.info\/es\/"},{"@type":"ListItem","position":2,"name":"Audi hace protagonista al silencio en su nuevo anuncio"}]},{"@type":"WebSite","@id":"https:\/\/super-news.info\/es\/#website","url":"https:\/\/super-news.info\/es\/","name":"Super News","description":"Super News Espa\u00f1a","potentialAction":[{"@type":"SearchAction","target":{"@type":"EntryPoint","urlTemplate":"https:\/\/super-news.info\/es\/?s={search_term_string}"},"query-input":{"@type":"PropertyValueSpecification","valueRequired":true,"valueName":"search_term_string"}}],"inLanguage":"en-US"},{"@type":"Person","@id":"https:\/\/super-news.info\/es\/#\/schema\/person\/2d4068cb2f39cd10008c2fce578a7356","name":"super-news","image":{"@type":"ImageObject","inLanguage":"en-US","@id":"https:\/\/secure.gravatar.com\/avatar\/64ebac40b93f26a154f8a9b5b6fdccfc46f442b26b3dd6756dbff3bf9dc76fd7?s=96&d=mm&r=g","url":"https:\/\/secure.gravatar.com\/avatar\/64ebac40b93f26a154f8a9b5b6fdccfc46f442b26b3dd6756dbff3bf9dc76fd7?s=96&d=mm&r=g","contentUrl":"https:\/\/secure.gravatar.com\/avatar\/64ebac40b93f26a154f8a9b5b6fdccfc46f442b26b3dd6756dbff3bf9dc76fd7?s=96&d=mm&r=g","caption":"super-news"},"url":"https:\/\/super-news.info\/es\/author\/pt\/"}]}},"_links":{"self":[{"href":"https:\/\/super-news.info\/es\/wp-json\/wp\/v2\/posts\/11071","targetHints":{"allow":["GET"]}}],"collection":[{"href":"https:\/\/super-news.info\/es\/wp-json\/wp\/v2\/posts"}],"about":[{"href":"https:\/\/super-news.info\/es\/wp-json\/wp\/v2\/types\/post"}],"author":[{"embeddable":true,"href":"https:\/\/super-news.info\/es\/wp-json\/wp\/v2\/users\/2"}],"replies":[{"embeddable":true,"href":"https:\/\/super-news.info\/es\/wp-json\/wp\/v2\/comments?post=11071"}],"version-history":[{"count":1,"href":"https:\/\/super-news.info\/es\/wp-json\/wp\/v2\/posts\/11071\/revisions"}],"predecessor-version":[{"id":11073,"href":"https:\/\/super-news.info\/es\/wp-json\/wp\/v2\/posts\/11071\/revisions\/11073"}],"wp:featuredmedia":[{"embeddable":true,"href":"https:\/\/super-news.info\/es\/wp-json\/wp\/v2\/media\/11072"}],"wp:attachment":[{"href":"https:\/\/super-news.info\/es\/wp-json\/wp\/v2\/media?parent=11071"}],"wp:term":[{"taxonomy":"category","embeddable":true,"href":"https:\/\/super-news.info\/es\/wp-json\/wp\/v2\/categories?post=11071"},{"taxonomy":"post_tag","embeddable":true,"href":"https:\/\/super-news.info\/es\/wp-json\/wp\/v2\/tags?post=11071"}],"curies":[{"name":"wp","href":"https:\/\/api.w.org\/{rel}","templated":true}]}}