{"id":11050,"date":"2019-09-13T22:48:33","date_gmt":"2019-09-13T19:48:33","guid":{"rendered":"https:\/\/super-news.info\/es\/el-eurostars-madrid-tower-5-conmemora-su-x-aniversario-con-una-cena-de-gala\/"},"modified":"2019-09-13T22:48:34","modified_gmt":"2019-09-13T19:48:34","slug":"el-eurostars-madrid-tower-5-conmemora-su-x-aniversario-con-una-cena-de-gala","status":"publish","type":"post","link":"https:\/\/super-news.info\/es\/el-eurostars-madrid-tower-5-conmemora-su-x-aniversario-con-una-cena-de-gala\/","title":{"rendered":"El Eurostars Madrid Tower 5* conmemora su X aniversario con una cena de gala"},"content":{"rendered":"<p>\t\t\t\t\t\t\t\t\t\tLa velada, enmarcada en los actos de celebraci\u00f3n de estos primeros 10 a\u00f1os de vida del hotel, homenaje\u00f3 a todos que han hecho posible una d\u00e9cada de \u00e9xitos <\/p>\n<p>El emblem\u00e1tico Eurostars Madrid Tower 5* conmemor\u00f3 ayer su d\u00e9cimo aniversario con la celebraci\u00f3n de una cena de gala concebida para homenajear a todos aquellos clientes, colaboradores y personalidades del \u00e1mbito pol\u00edtico-empresarial que han hecho posible el \u00e9xito de este proyecto.<br \/>\nLa velada, que congreg\u00f3 a cerca de 250 asistentes, cont\u00f3, entre otros, con la presencia de la concejala del \u00e1rea delegada de Turismo, Almudena Ma\u00edllo del Valle; la VP 3\u00aa del Congreso, Ana Pastor o el presidente del C\u00edrculo de Empresarios de Madrid, John de Zulueta. El presidente de Grupo Hotusa, Amancio L\u00f3pez Seijas, fue el encargado de inaugurar el evento con un parlamento centrado en agradecer el esfuerzo e implicaci\u00f3n de todas aquellas personas que han contribuido en este gran proyecto: &#8220;Cada vez que inauguramos un hotel, quiero hacer un homenaje a todas esas personas an\u00f3nimas sin los que no ser\u00eda posible desarrollar proyectos como \u00e9ste&#8221;. Y quiso resaltar que: &#8220;Lo principal y determinante son las personas, lo dem\u00e1s son herramientas y veh\u00edculos que nos facilitan las cosas&#8221;.<br \/>\nPor otro lado, tambi\u00e9n quiso remarcar en su discurso el impacto que tuvo la crisis econ\u00f3mica vivida hace diez a\u00f1os y que afect\u00f3 plenamente en nuestro pa\u00eds. Para L\u00f3pez, esto no fue sin\u00f3nimo de deca\u00edda y siguieron creyendo en el proyecto de hotel Eurostars Madrid Tower a pesar de la ca\u00edda de las ventas y la falta de financiaci\u00f3n. Por este motivo, una d\u00e9cada despu\u00e9s del nacimiento de este proyecto, el presidente de la compa\u00f1\u00eda quiso agradecer a todos los presentes la oportunidad de compartir con ellos un momento tan especial.<\/p>\n<p>L\u00f3pez tambi\u00e9n destac\u00f3 la gran suerte de formar parte de un sector tan importante como es el turismo, que crece a\u00f1o a a\u00f1o, y remarc\u00f3 el gran potencial de la capital: &#8220;Madrid es una ciudad que empresarialmente ha crecido mucho y se ha consolidado como un lugar corporativo, pero tiene que asumir un reto muy importante: poder ser en el futuro una de las grandes capitales del mundo iberoamericano e hispano&#8221;.<br \/>\nTras los parlamentos, los asistentes pudieron disfrutar de una propuesta gastron\u00f3mica compuesta por exquisitos platos de cocina mediterr\u00e1nea con toques innovadores, adem\u00e1s de degustar la tarta conmemorativa del X aniversario que el chef del hotel, Gorka Alonso, elabor\u00f3 exclusivamente para el evento.<br \/>\nEn un a\u00f1o tan importante para el emblem\u00e1tico hotel, el Eurostars Madrid Tower 5* ha querido, adem\u00e1s, contribuir al enriquecimiento y dinamizaci\u00f3n de la actividad art\u00edstica y cultural. Para ello ha organizado la exposici\u00f3n &#8220;Torres de autor&#8221;, una muestra compuesta por diez intervenciones art\u00edsticas de la torre realizadas por varios artistas y que muestran las diferentes visiones e interpretaciones del establecimiento a lo largo de esta d\u00e9cada. Durante la cena de gala los asistentes tuvieron el privilegio de deleitarse con esta presentaci\u00f3n de piezas \u00fanicas que muestran las diferentes visiones e interpretaciones del establecimiento a lo largo de esta d\u00e9cada.<br \/>\nFinalmente, y como broche de oro a la noche, todos los all\u00ed presentes fueron obsequiados con una r\u00e9plica de la torre como recuerdo de esta m\u00e1gica velada.<br \/>\nNota de prensa<\/p>\n<p>\t\t\t\t\t\t\t\t\t\t\tNo te pierdas nada de MarketingDirecto.com y \u00fanete a nuestro Telegram t.me\/MarketingDirecto<\/p>\n<p>\n<!--noindex--><br \/>\n<a href=\"https:\/\/www.marketingdirecto.com\/marketing-general\/eventos-y-formacion\/el-eurostars-madrid-tower-5-conmemora-su-x-aniversario-con-una-cena-de-gala\" rel=\"nofollow\">Source link <\/a><br \/>\n<!--\/noindex--><\/p>\n","protected":false},"excerpt":{"rendered":"<p>La velada, enmarcada en los actos de celebraci\u00f3n de estos primeros 10 a\u00f1os de vida del hotel, homenaje\u00f3 a todos que han hecho posible una d\u00e9cada de \u00e9xitos El emblem\u00e1tico Eurostars Madrid Tower 5* conmemor\u00f3 ayer su d\u00e9cimo aniversario con la celebraci\u00f3n de una cena de gala concebida para homenajear a todos aquellos clientes, colaboradores [&hellip;]<\/p>\n","protected":false},"author":2,"featured_media":11051,"comment_status":"open","ping_status":"open","sticky":false,"template":"","format":"standard","meta":{"footnotes":""},"categories":[2],"tags":[],"class_list":["post-11050","post","type-post","status-publish","format-standard","has-post-thumbnail","hentry","category-noticias-de-marketing-digital"],"yoast_head":"<!-- This site is optimized with the Yoast SEO plugin v27.4 - https:\/\/yoast.com\/product\/yoast-seo-wordpress\/ -->\n<title>El Eurostars Madrid Tower 5* conmemora su X aniversario con una cena de gala - Super News<\/title>\n<meta name=\"robots\" content=\"index, follow, max-snippet:-1, max-image-preview:large, max-video-preview:-1\" \/>\n<link rel=\"canonical\" href=\"https:\/\/super-news.info\/es\/el-eurostars-madrid-tower-5-conmemora-su-x-aniversario-con-una-cena-de-gala\/\" \/>\n<meta property=\"og:locale\" content=\"en_US\" \/>\n<meta property=\"og:type\" content=\"article\" \/>\n<meta property=\"og:title\" content=\"El Eurostars Madrid Tower 5* conmemora su X aniversario con una cena de gala - Super News\" \/>\n<meta property=\"og:description\" content=\"La velada, enmarcada en los actos de celebraci\u00f3n de estos primeros 10 a\u00f1os de vida del hotel, homenaje\u00f3 a todos que han hecho posible una d\u00e9cada de \u00e9xitos El emblem\u00e1tico Eurostars Madrid Tower 5* conmemor\u00f3 ayer su d\u00e9cimo aniversario con la celebraci\u00f3n de una cena de gala concebida para homenajear a todos aquellos clientes, colaboradores [&hellip;]\" \/>\n<meta property=\"og:url\" content=\"https:\/\/super-news.info\/es\/el-eurostars-madrid-tower-5-conmemora-su-x-aniversario-con-una-cena-de-gala\/\" \/>\n<meta property=\"og:site_name\" content=\"Super News\" \/>\n<meta property=\"article:published_time\" content=\"2019-09-13T19:48:33+00:00\" \/>\n<meta property=\"article:modified_time\" content=\"2019-09-13T19:48:34+00:00\" \/>\n<meta property=\"og:image\" content=\"https:\/\/super-news.info\/es\/wp-content\/uploads\/sites\/4\/2019\/09\/El-Eurostars-Madrid-Tower-5-conmemora-su-X-aniversario-con.jpg\" \/>\n\t<meta property=\"og:image:width\" content=\"626\" \/>\n\t<meta property=\"og:image:height\" content=\"363\" \/>\n\t<meta property=\"og:image:type\" content=\"image\/jpeg\" \/>\n<meta name=\"author\" content=\"super-news\" \/>\n<meta name=\"twitter:card\" content=\"summary_large_image\" \/>\n<meta name=\"twitter:label1\" content=\"Written by\" \/>\n\t<meta name=\"twitter:data1\" content=\"super-news\" \/>\n\t<meta name=\"twitter:label2\" content=\"Est. reading time\" \/>\n\t<meta name=\"twitter:data2\" content=\"3 minutes\" \/>\n<script type=\"application\/ld+json\" class=\"yoast-schema-graph\">{\"@context\":\"https:\\\/\\\/schema.org\",\"@graph\":[{\"@type\":\"Article\",\"@id\":\"https:\\\/\\\/super-news.info\\\/es\\\/el-eurostars-madrid-tower-5-conmemora-su-x-aniversario-con-una-cena-de-gala\\\/#article\",\"isPartOf\":{\"@id\":\"https:\\\/\\\/super-news.info\\\/es\\\/el-eurostars-madrid-tower-5-conmemora-su-x-aniversario-con-una-cena-de-gala\\\/\"},\"author\":{\"name\":\"super-news\",\"@id\":\"https:\\\/\\\/super-news.info\\\/es\\\/#\\\/schema\\\/person\\\/2d4068cb2f39cd10008c2fce578a7356\"},\"headline\":\"El Eurostars Madrid Tower 5* conmemora su X aniversario con una cena de gala\",\"datePublished\":\"2019-09-13T19:48:33+00:00\",\"dateModified\":\"2019-09-13T19:48:34+00:00\",\"mainEntityOfPage\":{\"@id\":\"https:\\\/\\\/super-news.info\\\/es\\\/el-eurostars-madrid-tower-5-conmemora-su-x-aniversario-con-una-cena-de-gala\\\/\"},\"wordCount\":603,\"commentCount\":0,\"image\":{\"@id\":\"https:\\\/\\\/super-news.info\\\/es\\\/el-eurostars-madrid-tower-5-conmemora-su-x-aniversario-con-una-cena-de-gala\\\/#primaryimage\"},\"thumbnailUrl\":\"https:\\\/\\\/super-news.info\\\/es\\\/wp-content\\\/uploads\\\/sites\\\/4\\\/2019\\\/09\\\/El-Eurostars-Madrid-Tower-5-conmemora-su-X-aniversario-con.jpg\",\"articleSection\":[\"NOTICIAS DE MARKETING DIGITAL\"],\"inLanguage\":\"en-US\",\"potentialAction\":[{\"@type\":\"CommentAction\",\"name\":\"Comment\",\"target\":[\"https:\\\/\\\/super-news.info\\\/es\\\/el-eurostars-madrid-tower-5-conmemora-su-x-aniversario-con-una-cena-de-gala\\\/#respond\"]}]},{\"@type\":\"WebPage\",\"@id\":\"https:\\\/\\\/super-news.info\\\/es\\\/el-eurostars-madrid-tower-5-conmemora-su-x-aniversario-con-una-cena-de-gala\\\/\",\"url\":\"https:\\\/\\\/super-news.info\\\/es\\\/el-eurostars-madrid-tower-5-conmemora-su-x-aniversario-con-una-cena-de-gala\\\/\",\"name\":\"El Eurostars Madrid Tower 5* conmemora su X aniversario con una cena de gala - Super News\",\"isPartOf\":{\"@id\":\"https:\\\/\\\/super-news.info\\\/es\\\/#website\"},\"primaryImageOfPage\":{\"@id\":\"https:\\\/\\\/super-news.info\\\/es\\\/el-eurostars-madrid-tower-5-conmemora-su-x-aniversario-con-una-cena-de-gala\\\/#primaryimage\"},\"image\":{\"@id\":\"https:\\\/\\\/super-news.info\\\/es\\\/el-eurostars-madrid-tower-5-conmemora-su-x-aniversario-con-una-cena-de-gala\\\/#primaryimage\"},\"thumbnailUrl\":\"https:\\\/\\\/super-news.info\\\/es\\\/wp-content\\\/uploads\\\/sites\\\/4\\\/2019\\\/09\\\/El-Eurostars-Madrid-Tower-5-conmemora-su-X-aniversario-con.jpg\",\"datePublished\":\"2019-09-13T19:48:33+00:00\",\"dateModified\":\"2019-09-13T19:48:34+00:00\",\"author\":{\"@id\":\"https:\\\/\\\/super-news.info\\\/es\\\/#\\\/schema\\\/person\\\/2d4068cb2f39cd10008c2fce578a7356\"},\"breadcrumb\":{\"@id\":\"https:\\\/\\\/super-news.info\\\/es\\\/el-eurostars-madrid-tower-5-conmemora-su-x-aniversario-con-una-cena-de-gala\\\/#breadcrumb\"},\"inLanguage\":\"en-US\",\"potentialAction\":[{\"@type\":\"ReadAction\",\"target\":[\"https:\\\/\\\/super-news.info\\\/es\\\/el-eurostars-madrid-tower-5-conmemora-su-x-aniversario-con-una-cena-de-gala\\\/\"]}]},{\"@type\":\"ImageObject\",\"inLanguage\":\"en-US\",\"@id\":\"https:\\\/\\\/super-news.info\\\/es\\\/el-eurostars-madrid-tower-5-conmemora-su-x-aniversario-con-una-cena-de-gala\\\/#primaryimage\",\"url\":\"https:\\\/\\\/super-news.info\\\/es\\\/wp-content\\\/uploads\\\/sites\\\/4\\\/2019\\\/09\\\/El-Eurostars-Madrid-Tower-5-conmemora-su-X-aniversario-con.jpg\",\"contentUrl\":\"https:\\\/\\\/super-news.info\\\/es\\\/wp-content\\\/uploads\\\/sites\\\/4\\\/2019\\\/09\\\/El-Eurostars-Madrid-Tower-5-conmemora-su-X-aniversario-con.jpg\",\"width\":626,\"height\":363,\"caption\":\"eurostar\"},{\"@type\":\"BreadcrumbList\",\"@id\":\"https:\\\/\\\/super-news.info\\\/es\\\/el-eurostars-madrid-tower-5-conmemora-su-x-aniversario-con-una-cena-de-gala\\\/#breadcrumb\",\"itemListElement\":[{\"@type\":\"ListItem\",\"position\":1,\"name\":\"\u0413\u043b\u0430\u0432\u043d\u0430\u044f \u0441\u0442\u0440\u0430\u043d\u0438\u0446\u0430\",\"item\":\"https:\\\/\\\/super-news.info\\\/es\\\/\"},{\"@type\":\"ListItem\",\"position\":2,\"name\":\"El Eurostars Madrid Tower 5* conmemora su X aniversario con una cena de gala\"}]},{\"@type\":\"WebSite\",\"@id\":\"https:\\\/\\\/super-news.info\\\/es\\\/#website\",\"url\":\"https:\\\/\\\/super-news.info\\\/es\\\/\",\"name\":\"Super News\",\"description\":\"Super News Espa\u00f1a\",\"potentialAction\":[{\"@type\":\"SearchAction\",\"target\":{\"@type\":\"EntryPoint\",\"urlTemplate\":\"https:\\\/\\\/super-news.info\\\/es\\\/?s={search_term_string}\"},\"query-input\":{\"@type\":\"PropertyValueSpecification\",\"valueRequired\":true,\"valueName\":\"search_term_string\"}}],\"inLanguage\":\"en-US\"},{\"@type\":\"Person\",\"@id\":\"https:\\\/\\\/super-news.info\\\/es\\\/#\\\/schema\\\/person\\\/2d4068cb2f39cd10008c2fce578a7356\",\"name\":\"super-news\",\"image\":{\"@type\":\"ImageObject\",\"inLanguage\":\"en-US\",\"@id\":\"https:\\\/\\\/secure.gravatar.com\\\/avatar\\\/64ebac40b93f26a154f8a9b5b6fdccfc46f442b26b3dd6756dbff3bf9dc76fd7?s=96&d=mm&r=g\",\"url\":\"https:\\\/\\\/secure.gravatar.com\\\/avatar\\\/64ebac40b93f26a154f8a9b5b6fdccfc46f442b26b3dd6756dbff3bf9dc76fd7?s=96&d=mm&r=g\",\"contentUrl\":\"https:\\\/\\\/secure.gravatar.com\\\/avatar\\\/64ebac40b93f26a154f8a9b5b6fdccfc46f442b26b3dd6756dbff3bf9dc76fd7?s=96&d=mm&r=g\",\"caption\":\"super-news\"},\"url\":\"https:\\\/\\\/super-news.info\\\/es\\\/author\\\/pt\\\/\"}]}<\/script>\n<!-- \/ Yoast SEO plugin. -->","yoast_head_json":{"title":"El Eurostars Madrid Tower 5* conmemora su X aniversario con una cena de gala - Super News","robots":{"index":"index","follow":"follow","max-snippet":"max-snippet:-1","max-image-preview":"max-image-preview:large","max-video-preview":"max-video-preview:-1"},"canonical":"https:\/\/super-news.info\/es\/el-eurostars-madrid-tower-5-conmemora-su-x-aniversario-con-una-cena-de-gala\/","og_locale":"en_US","og_type":"article","og_title":"El Eurostars Madrid Tower 5* conmemora su X aniversario con una cena de gala - Super News","og_description":"La velada, enmarcada en los actos de celebraci\u00f3n de estos primeros 10 a\u00f1os de vida del hotel, homenaje\u00f3 a todos que han hecho posible una d\u00e9cada de \u00e9xitos El emblem\u00e1tico Eurostars Madrid Tower 5* conmemor\u00f3 ayer su d\u00e9cimo aniversario con la celebraci\u00f3n de una cena de gala concebida para homenajear a todos aquellos clientes, colaboradores [&hellip;]","og_url":"https:\/\/super-news.info\/es\/el-eurostars-madrid-tower-5-conmemora-su-x-aniversario-con-una-cena-de-gala\/","og_site_name":"Super News","article_published_time":"2019-09-13T19:48:33+00:00","article_modified_time":"2019-09-13T19:48:34+00:00","og_image":[{"width":626,"height":363,"url":"https:\/\/super-news.info\/es\/wp-content\/uploads\/sites\/4\/2019\/09\/El-Eurostars-Madrid-Tower-5-conmemora-su-X-aniversario-con.jpg","type":"image\/jpeg"}],"author":"super-news","twitter_card":"summary_large_image","twitter_misc":{"Written by":"super-news","Est. reading time":"3 minutes"},"schema":{"@context":"https:\/\/schema.org","@graph":[{"@type":"Article","@id":"https:\/\/super-news.info\/es\/el-eurostars-madrid-tower-5-conmemora-su-x-aniversario-con-una-cena-de-gala\/#article","isPartOf":{"@id":"https:\/\/super-news.info\/es\/el-eurostars-madrid-tower-5-conmemora-su-x-aniversario-con-una-cena-de-gala\/"},"author":{"name":"super-news","@id":"https:\/\/super-news.info\/es\/#\/schema\/person\/2d4068cb2f39cd10008c2fce578a7356"},"headline":"El Eurostars Madrid Tower 5* conmemora su X aniversario con una cena de gala","datePublished":"2019-09-13T19:48:33+00:00","dateModified":"2019-09-13T19:48:34+00:00","mainEntityOfPage":{"@id":"https:\/\/super-news.info\/es\/el-eurostars-madrid-tower-5-conmemora-su-x-aniversario-con-una-cena-de-gala\/"},"wordCount":603,"commentCount":0,"image":{"@id":"https:\/\/super-news.info\/es\/el-eurostars-madrid-tower-5-conmemora-su-x-aniversario-con-una-cena-de-gala\/#primaryimage"},"thumbnailUrl":"https:\/\/super-news.info\/es\/wp-content\/uploads\/sites\/4\/2019\/09\/El-Eurostars-Madrid-Tower-5-conmemora-su-X-aniversario-con.jpg","articleSection":["NOTICIAS DE MARKETING DIGITAL"],"inLanguage":"en-US","potentialAction":[{"@type":"CommentAction","name":"Comment","target":["https:\/\/super-news.info\/es\/el-eurostars-madrid-tower-5-conmemora-su-x-aniversario-con-una-cena-de-gala\/#respond"]}]},{"@type":"WebPage","@id":"https:\/\/super-news.info\/es\/el-eurostars-madrid-tower-5-conmemora-su-x-aniversario-con-una-cena-de-gala\/","url":"https:\/\/super-news.info\/es\/el-eurostars-madrid-tower-5-conmemora-su-x-aniversario-con-una-cena-de-gala\/","name":"El Eurostars Madrid Tower 5* conmemora su X aniversario con una cena de gala - Super News","isPartOf":{"@id":"https:\/\/super-news.info\/es\/#website"},"primaryImageOfPage":{"@id":"https:\/\/super-news.info\/es\/el-eurostars-madrid-tower-5-conmemora-su-x-aniversario-con-una-cena-de-gala\/#primaryimage"},"image":{"@id":"https:\/\/super-news.info\/es\/el-eurostars-madrid-tower-5-conmemora-su-x-aniversario-con-una-cena-de-gala\/#primaryimage"},"thumbnailUrl":"https:\/\/super-news.info\/es\/wp-content\/uploads\/sites\/4\/2019\/09\/El-Eurostars-Madrid-Tower-5-conmemora-su-X-aniversario-con.jpg","datePublished":"2019-09-13T19:48:33+00:00","dateModified":"2019-09-13T19:48:34+00:00","author":{"@id":"https:\/\/super-news.info\/es\/#\/schema\/person\/2d4068cb2f39cd10008c2fce578a7356"},"breadcrumb":{"@id":"https:\/\/super-news.info\/es\/el-eurostars-madrid-tower-5-conmemora-su-x-aniversario-con-una-cena-de-gala\/#breadcrumb"},"inLanguage":"en-US","potentialAction":[{"@type":"ReadAction","target":["https:\/\/super-news.info\/es\/el-eurostars-madrid-tower-5-conmemora-su-x-aniversario-con-una-cena-de-gala\/"]}]},{"@type":"ImageObject","inLanguage":"en-US","@id":"https:\/\/super-news.info\/es\/el-eurostars-madrid-tower-5-conmemora-su-x-aniversario-con-una-cena-de-gala\/#primaryimage","url":"https:\/\/super-news.info\/es\/wp-content\/uploads\/sites\/4\/2019\/09\/El-Eurostars-Madrid-Tower-5-conmemora-su-X-aniversario-con.jpg","contentUrl":"https:\/\/super-news.info\/es\/wp-content\/uploads\/sites\/4\/2019\/09\/El-Eurostars-Madrid-Tower-5-conmemora-su-X-aniversario-con.jpg","width":626,"height":363,"caption":"eurostar"},{"@type":"BreadcrumbList","@id":"https:\/\/super-news.info\/es\/el-eurostars-madrid-tower-5-conmemora-su-x-aniversario-con-una-cena-de-gala\/#breadcrumb","itemListElement":[{"@type":"ListItem","position":1,"name":"\u0413\u043b\u0430\u0432\u043d\u0430\u044f \u0441\u0442\u0440\u0430\u043d\u0438\u0446\u0430","item":"https:\/\/super-news.info\/es\/"},{"@type":"ListItem","position":2,"name":"El Eurostars Madrid Tower 5* conmemora su X aniversario con una cena de gala"}]},{"@type":"WebSite","@id":"https:\/\/super-news.info\/es\/#website","url":"https:\/\/super-news.info\/es\/","name":"Super News","description":"Super News Espa\u00f1a","potentialAction":[{"@type":"SearchAction","target":{"@type":"EntryPoint","urlTemplate":"https:\/\/super-news.info\/es\/?s={search_term_string}"},"query-input":{"@type":"PropertyValueSpecification","valueRequired":true,"valueName":"search_term_string"}}],"inLanguage":"en-US"},{"@type":"Person","@id":"https:\/\/super-news.info\/es\/#\/schema\/person\/2d4068cb2f39cd10008c2fce578a7356","name":"super-news","image":{"@type":"ImageObject","inLanguage":"en-US","@id":"https:\/\/secure.gravatar.com\/avatar\/64ebac40b93f26a154f8a9b5b6fdccfc46f442b26b3dd6756dbff3bf9dc76fd7?s=96&d=mm&r=g","url":"https:\/\/secure.gravatar.com\/avatar\/64ebac40b93f26a154f8a9b5b6fdccfc46f442b26b3dd6756dbff3bf9dc76fd7?s=96&d=mm&r=g","contentUrl":"https:\/\/secure.gravatar.com\/avatar\/64ebac40b93f26a154f8a9b5b6fdccfc46f442b26b3dd6756dbff3bf9dc76fd7?s=96&d=mm&r=g","caption":"super-news"},"url":"https:\/\/super-news.info\/es\/author\/pt\/"}]}},"_links":{"self":[{"href":"https:\/\/super-news.info\/es\/wp-json\/wp\/v2\/posts\/11050","targetHints":{"allow":["GET"]}}],"collection":[{"href":"https:\/\/super-news.info\/es\/wp-json\/wp\/v2\/posts"}],"about":[{"href":"https:\/\/super-news.info\/es\/wp-json\/wp\/v2\/types\/post"}],"author":[{"embeddable":true,"href":"https:\/\/super-news.info\/es\/wp-json\/wp\/v2\/users\/2"}],"replies":[{"embeddable":true,"href":"https:\/\/super-news.info\/es\/wp-json\/wp\/v2\/comments?post=11050"}],"version-history":[{"count":1,"href":"https:\/\/super-news.info\/es\/wp-json\/wp\/v2\/posts\/11050\/revisions"}],"predecessor-version":[{"id":11052,"href":"https:\/\/super-news.info\/es\/wp-json\/wp\/v2\/posts\/11050\/revisions\/11052"}],"wp:featuredmedia":[{"embeddable":true,"href":"https:\/\/super-news.info\/es\/wp-json\/wp\/v2\/media\/11051"}],"wp:attachment":[{"href":"https:\/\/super-news.info\/es\/wp-json\/wp\/v2\/media?parent=11050"}],"wp:term":[{"taxonomy":"category","embeddable":true,"href":"https:\/\/super-news.info\/es\/wp-json\/wp\/v2\/categories?post=11050"},{"taxonomy":"post_tag","embeddable":true,"href":"https:\/\/super-news.info\/es\/wp-json\/wp\/v2\/tags?post=11050"}],"curies":[{"name":"wp","href":"https:\/\/api.w.org\/{rel}","templated":true}]}}