{"id":110,"date":"2019-04-15T18:59:47","date_gmt":"2019-04-15T15:59:47","guid":{"rendered":"https:\/\/super-news.info\/es\/las-implicaciones-fiscales-del-brexit-para-los-espanoles\/"},"modified":"2019-04-15T18:59:47","modified_gmt":"2019-04-15T15:59:47","slug":"las-implicaciones-fiscales-del-brexit-para-los-espanoles","status":"publish","type":"post","link":"https:\/\/super-news.info\/es\/las-implicaciones-fiscales-del-brexit-para-los-espanoles\/","title":{"rendered":"Las implicaciones fiscales del Brexit para los espa\u00f1oles"},"content":{"rendered":"<p> [ad_1]<\/p>\n<div id=\"CuerpoNoticiav2\" itemprop=\"articleBody\">\n<!--inicio FechaNoticia--><\/p>\n<div class=\"FechaPublicacionNoticia\">Publicado 15\/04\/2019 16:51:07<abbr title=\"Central European Time\">CET<\/abbr><\/div>\n<p><!--fin FechaNoticia--><\/p>\n<p>MADRID, 15 Abr. (EUROPA PRESS) &#8211; <\/p>\n<p itemprop=\"description\">   La salida del Reino Unido de la UE afectar\u00e1 en mayor medida a los impuestos que gravan sobre las propias transacciones econ\u00f3micas que sobre los que gravan la obtenci\u00f3n de renta, aunque podr\u00eda haber alg\u00fan impacto en los impuestos directos en funci\u00f3n de si el pa\u00eds brit\u00e1nico permanece o no en el Espacio Econ\u00f3mico Europeo (EEE).<\/p>\n<p>   As\u00ed se desprende de un documento elaborado por Life Abogados con informaci\u00f3n sobre las implicaciones fiscales para los residentes en Espa\u00f1a de la salida de Reino Unido del club comunitario, despu\u00e9s de que la UE haya acordado con Theresa May una pr\u00f3rroga del Brexit hasta el pr\u00f3ximo 31 de octubre.<\/p>\n<p>   La firma de abogados se\u00f1ala el proceso del Brexit tendr\u00e1 mayor incidencia en los impuestos indirectos, y espec\u00edficamente el IVA es el tributo de mayor relevancia e incidencia pr\u00e1ctica. As\u00ed, entre los cambios en el IVA destaca que las operaciones con el Reino Unido dejar\u00e1n de incluirse en el modelo 349 de &#8216;declaraciones informativa de operaciones intracomunitarias&#8217;.<\/p>\n<p>   En el caso de las entregas de bienes, los movimientos de mercanc\u00edas entre Espa\u00f1a y Reino Unido dejar\u00e1n de ser operaciones intracomunitarias y pasar\u00e1n a estar sujetas a las obligaciones aduaneras.<\/p>\n<p>   Por tanto, en la entrada de bienes en el territorio de aplicaci\u00f3n del IVA espa\u00f1ol, la liquidaci\u00f3n del IVA se producir\u00e1 en el momento de la importaci\u00f3n (salvo opci\u00f3n por el pago del IVA diferido), siendo la base imponible el valor en aduana, con adici\u00f3n de los grav\u00e1menes devengados y gastos accesorios. De su lado, la salida de bienes desde Espa\u00f1a al Reino Unido ser\u00e1 una exportaci\u00f3n y como tal, quedar\u00e1 exenta de IVA.<\/p>\n<p>   Asimismo, se seguir\u00e1n aplicando las reglas de localizaci\u00f3n de la prestaci\u00f3n de servicios en funci\u00f3n de la condici\u00f3n del destinatario (empresario o profesional o consumidor final) teniendo relevancia que dicho destinatario est\u00e9 establecido o tenga residencia en Reino Unido, a efectos de aplicar las reglas especiales que prev\u00e9 la ley del IVA.<\/p>\n<p>   Ser\u00e1 de aplicaci\u00f3n la regla especial del uso efectivo, seg\u00fan la cual se entienden realizados en Espa\u00f1a (y por lo tanto devengan el IVA espa\u00f1ol) determinados servicios localizados en el tercer pa\u00eds seg\u00fan las reglas generales del pa\u00eds brit\u00e1nico, pero cuya utilizaci\u00f3n o explotaci\u00f3n efectiva se realice en el territorio de aplicaci\u00f3n del IVA espa\u00f1ol.<\/p>\n<p>   Life Abogados se\u00f1ala que, en este nuevo contexto, se puede solicitar la autorizaci\u00f3n para ser un operador econ\u00f3mico autorizado con el fin de obtener ventajas en toda la UE, esencialmente en cuando a simplificaciones aduaneras y facilidades de seguridad y protecci\u00f3n, asumiendo como contrapartida las obligaciones legales de esta certificaci\u00f3n.<\/p>\n<p>   Adem\u00e1s, los empresarios establecidos en el Reino Unido que efect\u00faen operaciones sujetas al IVA espa\u00f1ol deber\u00e1n nombrar un representante a efectos del cumplimiento de sus obligaciones en Espa\u00f1a, salvo que exista un instrumento de asistencia mutua entre ambos pa\u00edses.<\/p>\n<h2 class=\"ladillo\">CAMBIOS EN SOCIEDADES  <\/h2>\n<p>   Respecto a los cambios en Sociedades, sobre el &#8216;exit-tax&#8217; se\u00f1ala que  no ser\u00e1 posible aplicar el aplazamiento del pago de la deuda tributaria generada en los casos de cambio de residencia de una entidad residente en Espa\u00f1a al Reino Unido, calculada sobre la diferencia entre el valor normal de mercado y el valor fiscal de los elementos patrimoniales propiedad de la entidad. Este aplazamiento, que opera a solicitud de la propia entidad, \u00fanicamente es aplicable en el seno de la UE o del EEE.<\/p>\n<p>   Adem\u00e1s, la realizaci\u00f3n de actividades de investigaci\u00f3n y desarrollo en el Reino Unido no habilitar\u00e1 a las compa\u00f1\u00edas espa\u00f1olas a beneficiarse de la deducci\u00f3n de hasta el 50% de la cuota tributaria <\/p>\n<p>   Tambi\u00e9n la deducci\u00f3n por inversiones en producciones cinematogr\u00e1ficas, series audiovisuales y espect\u00e1culos en vivo de artes esc\u00e9nicas y musicales contiene la exigencia de residencia fiscal en Espa\u00f1a o en un pa\u00eds de la Uni\u00f3n Europea o el EEE, respecto de los gastos del personal creativo, de manera que la residencia en Reino Unido del personal no permitir\u00e1 aplicar tampoco esta beneficio en el Impuesto sobre Sociedades.<\/p>\n<h2 class=\"ladillo\">CAMBIOS EN IRPF   <\/h2>\n<p>   En lo referido al IRPF, cuando una persona f\u00edsica pierde su condici\u00f3n de contribuyente del IRPF por motivo del cambio de residencia, todas las rentas que est\u00e1n pendientes de imputaci\u00f3n por aplicaci\u00f3n de las reglas de temporalidad de la ley del impuesto deben integrarse en la base imponible y tributar.<\/p>\n<p>   No obstante, si el cambio de residencia se produce a otro Estado de la UE, la imputaci\u00f3n de estas rentas pendientes puede retrasarse y acomodarse a su efectiva percepci\u00f3n. La salida de Reino Unido no permitir\u00e1 aplicar esta regla especial en los cambios de residencia a este pa\u00eds, seg\u00fan Life Abogados.<\/p>\n<p>   De forma paralela al r\u00e9gimen en el Impuesto sobre Sociedades, tampoco en el IRPF ser\u00e1 posible aplicar la excepci\u00f3n y el diferimiento del pago de la deuda tributaria generada en los casos de cambio de residencia de una persona f\u00edsica residente en Espa\u00f1a al Reino Unido, que solo opera para traslados a otros Estados de la UE o el EEE con el que exista un efectivo cambio de informaci\u00f3n tributaria.<\/p>\n<p>   Por \u00faltimo, el Brexit impedir\u00eda aplicar el tipo espec\u00edfico del 20% en premios de loter\u00eda, apuestas y sorteos organizados por organismos que ejerzan actividades de car\u00e1cter social o asistencial sin \u00e1nimo de lucro, de manera que un eventual premio obtenido por residentes espa\u00f1oles de un organismo brit\u00e1nico obligar\u00e1 a incluir esta ganancial en la base general del impuesto, con aplicaci\u00f3n de las escalas de gravamen estatal y auton\u00f3mico correspondiente, en funci\u00f3n de la residencia del ganador.<\/p>\n<\/div>\n<p>[ad_2]<br \/>\n<br \/><a href=\"https:\/\/www.europapress.es\/economia\/fiscal-00347\/noticia-implicaciones-fiscales-brexit-espanoles-20190415165107.html\">Source link <\/a><\/p>\n","protected":false},"excerpt":{"rendered":"<p>[ad_1] Publicado 15\/04\/2019 16:51:07CET MADRID, 15 Abr. (EUROPA PRESS) &#8211; La salida del Reino Unido de la UE afectar\u00e1 en mayor medida a los impuestos que gravan sobre las propias transacciones econ\u00f3micas que sobre los que gravan la obtenci\u00f3n de renta, aunque podr\u00eda haber alg\u00fan impacto en los impuestos directos en funci\u00f3n de si el [&hellip;]<\/p>\n","protected":false},"author":2,"featured_media":111,"comment_status":"open","ping_status":"open","sticky":false,"template":"","format":"standard","meta":{"footnotes":""},"categories":[1],"tags":[],"class_list":["post-110","post","type-post","status-publish","format-standard","has-post-thumbnail","hentry","category-noticias-financieras"],"yoast_head":"<!-- This site is optimized with the Yoast SEO plugin v27.4 - https:\/\/yoast.com\/product\/yoast-seo-wordpress\/ -->\n<title>Las implicaciones fiscales del Brexit para los espa\u00f1oles - Super News<\/title>\n<meta name=\"robots\" content=\"index, follow, max-snippet:-1, max-image-preview:large, max-video-preview:-1\" \/>\n<link rel=\"canonical\" href=\"https:\/\/super-news.info\/es\/las-implicaciones-fiscales-del-brexit-para-los-espanoles\/\" \/>\n<meta property=\"og:locale\" content=\"en_US\" \/>\n<meta property=\"og:type\" content=\"article\" \/>\n<meta property=\"og:title\" content=\"Las implicaciones fiscales del Brexit para los espa\u00f1oles - Super News\" \/>\n<meta property=\"og:description\" content=\"[ad_1] Publicado 15\/04\/2019 16:51:07CET MADRID, 15 Abr. (EUROPA PRESS) &#8211; La salida del Reino Unido de la UE afectar\u00e1 en mayor medida a los impuestos que gravan sobre las propias transacciones econ\u00f3micas que sobre los que gravan la obtenci\u00f3n de renta, aunque podr\u00eda haber alg\u00fan impacto en los impuestos directos en funci\u00f3n de si el [&hellip;]\" \/>\n<meta property=\"og:url\" content=\"https:\/\/super-news.info\/es\/las-implicaciones-fiscales-del-brexit-para-los-espanoles\/\" \/>\n<meta property=\"og:site_name\" content=\"Super News\" \/>\n<meta property=\"article:published_time\" content=\"2019-04-15T15:59:47+00:00\" \/>\n<meta property=\"og:image\" content=\"https:\/\/super-news.info\/es\/wp-content\/uploads\/sites\/4\/2019\/04\/Las-implicaciones-fiscales-del-Brexit-para-los-espa\u00f1oles.jpg\" \/>\n\t<meta property=\"og:image:width\" content=\"120\" \/>\n\t<meta property=\"og:image:height\" content=\"90\" \/>\n\t<meta property=\"og:image:type\" content=\"image\/jpeg\" \/>\n<meta name=\"author\" content=\"super-news\" \/>\n<meta name=\"twitter:card\" content=\"summary_large_image\" \/>\n<meta name=\"twitter:label1\" content=\"Written by\" \/>\n\t<meta name=\"twitter:data1\" content=\"super-news\" \/>\n\t<meta name=\"twitter:label2\" content=\"Est. reading time\" \/>\n\t<meta name=\"twitter:data2\" content=\"5 minutes\" \/>\n<script type=\"application\/ld+json\" class=\"yoast-schema-graph\">{\"@context\":\"https:\\\/\\\/schema.org\",\"@graph\":[{\"@type\":\"Article\",\"@id\":\"https:\\\/\\\/super-news.info\\\/es\\\/las-implicaciones-fiscales-del-brexit-para-los-espanoles\\\/#article\",\"isPartOf\":{\"@id\":\"https:\\\/\\\/super-news.info\\\/es\\\/las-implicaciones-fiscales-del-brexit-para-los-espanoles\\\/\"},\"author\":{\"name\":\"super-news\",\"@id\":\"https:\\\/\\\/super-news.info\\\/es\\\/#\\\/schema\\\/person\\\/2d4068cb2f39cd10008c2fce578a7356\"},\"headline\":\"Las implicaciones fiscales del Brexit para los espa\u00f1oles\",\"datePublished\":\"2019-04-15T15:59:47+00:00\",\"mainEntityOfPage\":{\"@id\":\"https:\\\/\\\/super-news.info\\\/es\\\/las-implicaciones-fiscales-del-brexit-para-los-espanoles\\\/\"},\"wordCount\":1012,\"commentCount\":0,\"image\":{\"@id\":\"https:\\\/\\\/super-news.info\\\/es\\\/las-implicaciones-fiscales-del-brexit-para-los-espanoles\\\/#primaryimage\"},\"thumbnailUrl\":\"https:\\\/\\\/super-news.info\\\/es\\\/wp-content\\\/uploads\\\/sites\\\/4\\\/2019\\\/04\\\/Las-implicaciones-fiscales-del-Brexit-para-los-espa\u00f1oles.jpg\",\"articleSection\":[\"NOTICIAS FINANCIERAS\"],\"inLanguage\":\"en-US\",\"potentialAction\":[{\"@type\":\"CommentAction\",\"name\":\"Comment\",\"target\":[\"https:\\\/\\\/super-news.info\\\/es\\\/las-implicaciones-fiscales-del-brexit-para-los-espanoles\\\/#respond\"]}]},{\"@type\":\"WebPage\",\"@id\":\"https:\\\/\\\/super-news.info\\\/es\\\/las-implicaciones-fiscales-del-brexit-para-los-espanoles\\\/\",\"url\":\"https:\\\/\\\/super-news.info\\\/es\\\/las-implicaciones-fiscales-del-brexit-para-los-espanoles\\\/\",\"name\":\"Las implicaciones fiscales del Brexit para los espa\u00f1oles - Super News\",\"isPartOf\":{\"@id\":\"https:\\\/\\\/super-news.info\\\/es\\\/#website\"},\"primaryImageOfPage\":{\"@id\":\"https:\\\/\\\/super-news.info\\\/es\\\/las-implicaciones-fiscales-del-brexit-para-los-espanoles\\\/#primaryimage\"},\"image\":{\"@id\":\"https:\\\/\\\/super-news.info\\\/es\\\/las-implicaciones-fiscales-del-brexit-para-los-espanoles\\\/#primaryimage\"},\"thumbnailUrl\":\"https:\\\/\\\/super-news.info\\\/es\\\/wp-content\\\/uploads\\\/sites\\\/4\\\/2019\\\/04\\\/Las-implicaciones-fiscales-del-Brexit-para-los-espa\u00f1oles.jpg\",\"datePublished\":\"2019-04-15T15:59:47+00:00\",\"author\":{\"@id\":\"https:\\\/\\\/super-news.info\\\/es\\\/#\\\/schema\\\/person\\\/2d4068cb2f39cd10008c2fce578a7356\"},\"breadcrumb\":{\"@id\":\"https:\\\/\\\/super-news.info\\\/es\\\/las-implicaciones-fiscales-del-brexit-para-los-espanoles\\\/#breadcrumb\"},\"inLanguage\":\"en-US\",\"potentialAction\":[{\"@type\":\"ReadAction\",\"target\":[\"https:\\\/\\\/super-news.info\\\/es\\\/las-implicaciones-fiscales-del-brexit-para-los-espanoles\\\/\"]}]},{\"@type\":\"ImageObject\",\"inLanguage\":\"en-US\",\"@id\":\"https:\\\/\\\/super-news.info\\\/es\\\/las-implicaciones-fiscales-del-brexit-para-los-espanoles\\\/#primaryimage\",\"url\":\"https:\\\/\\\/super-news.info\\\/es\\\/wp-content\\\/uploads\\\/sites\\\/4\\\/2019\\\/04\\\/Las-implicaciones-fiscales-del-Brexit-para-los-espa\u00f1oles.jpg\",\"contentUrl\":\"https:\\\/\\\/super-news.info\\\/es\\\/wp-content\\\/uploads\\\/sites\\\/4\\\/2019\\\/04\\\/Las-implicaciones-fiscales-del-Brexit-para-los-espa\u00f1oles.jpg\",\"width\":120,\"height\":90,\"caption\":\"Las implicaciones fiscales del Brexit para los espa\u00f1oles\"},{\"@type\":\"BreadcrumbList\",\"@id\":\"https:\\\/\\\/super-news.info\\\/es\\\/las-implicaciones-fiscales-del-brexit-para-los-espanoles\\\/#breadcrumb\",\"itemListElement\":[{\"@type\":\"ListItem\",\"position\":1,\"name\":\"\u0413\u043b\u0430\u0432\u043d\u0430\u044f \u0441\u0442\u0440\u0430\u043d\u0438\u0446\u0430\",\"item\":\"https:\\\/\\\/super-news.info\\\/es\\\/\"},{\"@type\":\"ListItem\",\"position\":2,\"name\":\"Las implicaciones fiscales del Brexit para los espa\u00f1oles\"}]},{\"@type\":\"WebSite\",\"@id\":\"https:\\\/\\\/super-news.info\\\/es\\\/#website\",\"url\":\"https:\\\/\\\/super-news.info\\\/es\\\/\",\"name\":\"Super News\",\"description\":\"Super News Espa\u00f1a\",\"potentialAction\":[{\"@type\":\"SearchAction\",\"target\":{\"@type\":\"EntryPoint\",\"urlTemplate\":\"https:\\\/\\\/super-news.info\\\/es\\\/?s={search_term_string}\"},\"query-input\":{\"@type\":\"PropertyValueSpecification\",\"valueRequired\":true,\"valueName\":\"search_term_string\"}}],\"inLanguage\":\"en-US\"},{\"@type\":\"Person\",\"@id\":\"https:\\\/\\\/super-news.info\\\/es\\\/#\\\/schema\\\/person\\\/2d4068cb2f39cd10008c2fce578a7356\",\"name\":\"super-news\",\"image\":{\"@type\":\"ImageObject\",\"inLanguage\":\"en-US\",\"@id\":\"https:\\\/\\\/secure.gravatar.com\\\/avatar\\\/64ebac40b93f26a154f8a9b5b6fdccfc46f442b26b3dd6756dbff3bf9dc76fd7?s=96&d=mm&r=g\",\"url\":\"https:\\\/\\\/secure.gravatar.com\\\/avatar\\\/64ebac40b93f26a154f8a9b5b6fdccfc46f442b26b3dd6756dbff3bf9dc76fd7?s=96&d=mm&r=g\",\"contentUrl\":\"https:\\\/\\\/secure.gravatar.com\\\/avatar\\\/64ebac40b93f26a154f8a9b5b6fdccfc46f442b26b3dd6756dbff3bf9dc76fd7?s=96&d=mm&r=g\",\"caption\":\"super-news\"},\"url\":\"https:\\\/\\\/super-news.info\\\/es\\\/author\\\/pt\\\/\"}]}<\/script>\n<!-- \/ Yoast SEO plugin. -->","yoast_head_json":{"title":"Las implicaciones fiscales del Brexit para los espa\u00f1oles - Super News","robots":{"index":"index","follow":"follow","max-snippet":"max-snippet:-1","max-image-preview":"max-image-preview:large","max-video-preview":"max-video-preview:-1"},"canonical":"https:\/\/super-news.info\/es\/las-implicaciones-fiscales-del-brexit-para-los-espanoles\/","og_locale":"en_US","og_type":"article","og_title":"Las implicaciones fiscales del Brexit para los espa\u00f1oles - Super News","og_description":"[ad_1] Publicado 15\/04\/2019 16:51:07CET MADRID, 15 Abr. (EUROPA PRESS) &#8211; La salida del Reino Unido de la UE afectar\u00e1 en mayor medida a los impuestos que gravan sobre las propias transacciones econ\u00f3micas que sobre los que gravan la obtenci\u00f3n de renta, aunque podr\u00eda haber alg\u00fan impacto en los impuestos directos en funci\u00f3n de si el [&hellip;]","og_url":"https:\/\/super-news.info\/es\/las-implicaciones-fiscales-del-brexit-para-los-espanoles\/","og_site_name":"Super News","article_published_time":"2019-04-15T15:59:47+00:00","og_image":[{"width":120,"height":90,"url":"https:\/\/super-news.info\/es\/wp-content\/uploads\/sites\/4\/2019\/04\/Las-implicaciones-fiscales-del-Brexit-para-los-espa\u00f1oles.jpg","type":"image\/jpeg"}],"author":"super-news","twitter_card":"summary_large_image","twitter_misc":{"Written by":"super-news","Est. reading time":"5 minutes"},"schema":{"@context":"https:\/\/schema.org","@graph":[{"@type":"Article","@id":"https:\/\/super-news.info\/es\/las-implicaciones-fiscales-del-brexit-para-los-espanoles\/#article","isPartOf":{"@id":"https:\/\/super-news.info\/es\/las-implicaciones-fiscales-del-brexit-para-los-espanoles\/"},"author":{"name":"super-news","@id":"https:\/\/super-news.info\/es\/#\/schema\/person\/2d4068cb2f39cd10008c2fce578a7356"},"headline":"Las implicaciones fiscales del Brexit para los espa\u00f1oles","datePublished":"2019-04-15T15:59:47+00:00","mainEntityOfPage":{"@id":"https:\/\/super-news.info\/es\/las-implicaciones-fiscales-del-brexit-para-los-espanoles\/"},"wordCount":1012,"commentCount":0,"image":{"@id":"https:\/\/super-news.info\/es\/las-implicaciones-fiscales-del-brexit-para-los-espanoles\/#primaryimage"},"thumbnailUrl":"https:\/\/super-news.info\/es\/wp-content\/uploads\/sites\/4\/2019\/04\/Las-implicaciones-fiscales-del-Brexit-para-los-espa\u00f1oles.jpg","articleSection":["NOTICIAS FINANCIERAS"],"inLanguage":"en-US","potentialAction":[{"@type":"CommentAction","name":"Comment","target":["https:\/\/super-news.info\/es\/las-implicaciones-fiscales-del-brexit-para-los-espanoles\/#respond"]}]},{"@type":"WebPage","@id":"https:\/\/super-news.info\/es\/las-implicaciones-fiscales-del-brexit-para-los-espanoles\/","url":"https:\/\/super-news.info\/es\/las-implicaciones-fiscales-del-brexit-para-los-espanoles\/","name":"Las implicaciones fiscales del Brexit para los espa\u00f1oles - Super News","isPartOf":{"@id":"https:\/\/super-news.info\/es\/#website"},"primaryImageOfPage":{"@id":"https:\/\/super-news.info\/es\/las-implicaciones-fiscales-del-brexit-para-los-espanoles\/#primaryimage"},"image":{"@id":"https:\/\/super-news.info\/es\/las-implicaciones-fiscales-del-brexit-para-los-espanoles\/#primaryimage"},"thumbnailUrl":"https:\/\/super-news.info\/es\/wp-content\/uploads\/sites\/4\/2019\/04\/Las-implicaciones-fiscales-del-Brexit-para-los-espa\u00f1oles.jpg","datePublished":"2019-04-15T15:59:47+00:00","author":{"@id":"https:\/\/super-news.info\/es\/#\/schema\/person\/2d4068cb2f39cd10008c2fce578a7356"},"breadcrumb":{"@id":"https:\/\/super-news.info\/es\/las-implicaciones-fiscales-del-brexit-para-los-espanoles\/#breadcrumb"},"inLanguage":"en-US","potentialAction":[{"@type":"ReadAction","target":["https:\/\/super-news.info\/es\/las-implicaciones-fiscales-del-brexit-para-los-espanoles\/"]}]},{"@type":"ImageObject","inLanguage":"en-US","@id":"https:\/\/super-news.info\/es\/las-implicaciones-fiscales-del-brexit-para-los-espanoles\/#primaryimage","url":"https:\/\/super-news.info\/es\/wp-content\/uploads\/sites\/4\/2019\/04\/Las-implicaciones-fiscales-del-Brexit-para-los-espa\u00f1oles.jpg","contentUrl":"https:\/\/super-news.info\/es\/wp-content\/uploads\/sites\/4\/2019\/04\/Las-implicaciones-fiscales-del-Brexit-para-los-espa\u00f1oles.jpg","width":120,"height":90,"caption":"Las implicaciones fiscales del Brexit para los espa\u00f1oles"},{"@type":"BreadcrumbList","@id":"https:\/\/super-news.info\/es\/las-implicaciones-fiscales-del-brexit-para-los-espanoles\/#breadcrumb","itemListElement":[{"@type":"ListItem","position":1,"name":"\u0413\u043b\u0430\u0432\u043d\u0430\u044f \u0441\u0442\u0440\u0430\u043d\u0438\u0446\u0430","item":"https:\/\/super-news.info\/es\/"},{"@type":"ListItem","position":2,"name":"Las implicaciones fiscales del Brexit para los espa\u00f1oles"}]},{"@type":"WebSite","@id":"https:\/\/super-news.info\/es\/#website","url":"https:\/\/super-news.info\/es\/","name":"Super News","description":"Super News Espa\u00f1a","potentialAction":[{"@type":"SearchAction","target":{"@type":"EntryPoint","urlTemplate":"https:\/\/super-news.info\/es\/?s={search_term_string}"},"query-input":{"@type":"PropertyValueSpecification","valueRequired":true,"valueName":"search_term_string"}}],"inLanguage":"en-US"},{"@type":"Person","@id":"https:\/\/super-news.info\/es\/#\/schema\/person\/2d4068cb2f39cd10008c2fce578a7356","name":"super-news","image":{"@type":"ImageObject","inLanguage":"en-US","@id":"https:\/\/secure.gravatar.com\/avatar\/64ebac40b93f26a154f8a9b5b6fdccfc46f442b26b3dd6756dbff3bf9dc76fd7?s=96&d=mm&r=g","url":"https:\/\/secure.gravatar.com\/avatar\/64ebac40b93f26a154f8a9b5b6fdccfc46f442b26b3dd6756dbff3bf9dc76fd7?s=96&d=mm&r=g","contentUrl":"https:\/\/secure.gravatar.com\/avatar\/64ebac40b93f26a154f8a9b5b6fdccfc46f442b26b3dd6756dbff3bf9dc76fd7?s=96&d=mm&r=g","caption":"super-news"},"url":"https:\/\/super-news.info\/es\/author\/pt\/"}]}},"_links":{"self":[{"href":"https:\/\/super-news.info\/es\/wp-json\/wp\/v2\/posts\/110","targetHints":{"allow":["GET"]}}],"collection":[{"href":"https:\/\/super-news.info\/es\/wp-json\/wp\/v2\/posts"}],"about":[{"href":"https:\/\/super-news.info\/es\/wp-json\/wp\/v2\/types\/post"}],"author":[{"embeddable":true,"href":"https:\/\/super-news.info\/es\/wp-json\/wp\/v2\/users\/2"}],"replies":[{"embeddable":true,"href":"https:\/\/super-news.info\/es\/wp-json\/wp\/v2\/comments?post=110"}],"version-history":[{"count":1,"href":"https:\/\/super-news.info\/es\/wp-json\/wp\/v2\/posts\/110\/revisions"}],"predecessor-version":[{"id":112,"href":"https:\/\/super-news.info\/es\/wp-json\/wp\/v2\/posts\/110\/revisions\/112"}],"wp:featuredmedia":[{"embeddable":true,"href":"https:\/\/super-news.info\/es\/wp-json\/wp\/v2\/media\/111"}],"wp:attachment":[{"href":"https:\/\/super-news.info\/es\/wp-json\/wp\/v2\/media?parent=110"}],"wp:term":[{"taxonomy":"category","embeddable":true,"href":"https:\/\/super-news.info\/es\/wp-json\/wp\/v2\/categories?post=110"},{"taxonomy":"post_tag","embeddable":true,"href":"https:\/\/super-news.info\/es\/wp-json\/wp\/v2\/tags?post=110"}],"curies":[{"name":"wp","href":"https:\/\/api.w.org\/{rel}","templated":true}]}}