{"id":10219,"date":"2019-09-03T17:03:26","date_gmt":"2019-09-03T14:03:26","guid":{"rendered":"https:\/\/super-news.info\/es\/lg-preve-que-2020-sea-el-ano-en-el-que-explote-la-tecnologia-5g\/"},"modified":"2019-09-03T17:03:27","modified_gmt":"2019-09-03T14:03:27","slug":"lg-preve-que-2020-sea-el-ano-en-el-que-explote-la-tecnologia-5g","status":"publish","type":"post","link":"https:\/\/super-news.info\/es\/lg-preve-que-2020-sea-el-ano-en-el-que-explote-la-tecnologia-5g\/","title":{"rendered":"LG prev\u00e9 que 2020 sea el a\u00f1o en el que explote la tecnolog\u00eda 5G"},"content":{"rendered":"<p> [ad_1]<\/p>\n<div id=\"CuerpoNoticiav2\" itemprop=\"articleBody\">\n<p>SANTANDER, 3 Sep. (EUROPA PRESS) &#8211; <\/p>\n<p itemprop=\"description\">   El presidente y consejero delegado de LG Electronics Iberia, Jaime de Jara\u00edz, ha destacado que en Espa\u00f1a el despliegue de la nueva tecnolog\u00eda m\u00f3vil 5G va &#8220;bien, pero lento&#8221;, al mismo tiempo que ha asegurado que 2020 ser\u00e1 el a\u00f1o en el que explote verdaderamente este tecnolog\u00eda y en el que &#8220;todo ser\u00e1 5G&#8221;.<\/p>\n<p>   En un encuentro con los medios en el marco del 33 Encuentro de la Econom\u00eda Digital y las telecomunicaciones organizado por Ametic, De Jara\u00edz ha recordado que en Espa\u00f1a ya existe la posibilidad de acceder a redes 5G desde junio gracias a Vodafone y ha se\u00f1alado, por ejemplo, que la nueva tecnolog\u00eda m\u00f3vil ha sido &#8220;un \u00e9xito absoluto&#8221; en Corea del Sur.<\/p>\n<p>   Sin embargo, ha resaltado que ser\u00e1 el a\u00f1o que viene cuando esta tecnolog\u00eda &#8220;va a explotar a nivel mundial de forma exponencial&#8221; y habr\u00e1 muchas m\u00e1s ofertas para el consumidor, muchas opciones y muchas oportunidades.<\/p>\n<p>   Por ello, prev\u00e9 que todos los operadores lancen el 5G en Espa\u00f1a el pr\u00f3ximo a\u00f1o, ya que la industria va a favorecer que ocurra &#8220;lo antes posible&#8221;, dado que todo el mundo se est\u00e1 preparando para este salto &#8220;tan grande&#8221; que va a llevar a que 2020 sea el a\u00f1o del 5G.<\/p>\n<p>   Preguntado por si el pr\u00f3ximo a\u00f1o se lanzar\u00e1n m\u00e1s tel\u00e9fonos compatibles con la nueva tecnolog\u00eda m\u00f3vil m\u00e1s all\u00e1 de las gamas altas, el directivo de LG ha se\u00f1alado que va a haber &#8220;mucha m\u00e1s oferta&#8221;, aunque lanzar dispositivos de gama media depender\u00e1 de la estrategia de cada empresa.<\/p>\n<p>   Por otro lado, De Jara\u00edz ha remarcado que LG es una de las empresas que m\u00e1s est\u00e1 invirtiendo en el desarrollo del 5G en todo el mundo y ha destacado que su primer tel\u00e9fono con 5G, el V50 ThinQ 5G, es uno de los dispositivos m\u00e1s exitosos de la empresa con unas ventas &#8220;potent\u00edsimas&#8221; desde el principio.<\/p>\n<h2 class=\"ladillo\">PANTALLA DOBLE<\/h2>\n<p>   Adem\u00e1s, ha se\u00f1alado que dotar a este dispositivo con la doble pantalla (&#8216;dual screen&#8217;), una tendencia &#8220;firme&#8221; en la empresa, ha sido &#8220;una revoluci\u00f3n&#8221;. As\u00ed, ha a\u00f1adido que el 5G va a permitir hacer muchas mas cosas de forma simult\u00e1nea y aumenta exponencialmente el uso de la tecnolog\u00eda, por lo que en ocasiones ser\u00e1 necesario contar con la posibilidad de usar dos pantallas.<\/p>\n<p>   El directivo ha incidido en que el concepto de la doble pantalla en los tel\u00e9fonos m\u00f3viles va m\u00e1s all\u00e1 de las pantallas flexibles, una tecnolog\u00eda en la que est\u00e1n trabajando, pero que considera que todav\u00eda est\u00e1 lo suficientemente madura para que sea fiable para el consumidor y los dispositivos duren tanto como tienen que durar.<\/p>\n<p>   &#8220;Somos una empresa que pensamos que el producto tiene que ser para siempre. No lo ponemos en el mercado hasta que estemos seguros de que no se puede romper&#8221;, ha incidido.<\/p>\n<\/div>\n<p>[ad_2]<br \/>\n<br \/><a href=\"https:\/\/www.europapress.es\/economia\/noticia-lg-preve-2020-sea-ano-explote-tecnologia-5g-20190903133316.html\">Source link <\/a><\/p>\n","protected":false},"excerpt":{"rendered":"<p>[ad_1] SANTANDER, 3 Sep. (EUROPA PRESS) &#8211; El presidente y consejero delegado de LG Electronics Iberia, Jaime de Jara\u00edz, ha destacado que en Espa\u00f1a el despliegue de la nueva tecnolog\u00eda m\u00f3vil 5G va &#8220;bien, pero lento&#8221;, al mismo tiempo que ha asegurado que 2020 ser\u00e1 el a\u00f1o en el que explote verdaderamente este tecnolog\u00eda y [&hellip;]<\/p>\n","protected":false},"author":2,"featured_media":10220,"comment_status":"open","ping_status":"open","sticky":false,"template":"","format":"standard","meta":{"footnotes":""},"categories":[1],"tags":[],"class_list":["post-10219","post","type-post","status-publish","format-standard","has-post-thumbnail","hentry","category-noticias-financieras"],"yoast_head":"<!-- This site is optimized with the Yoast SEO plugin v27.4 - https:\/\/yoast.com\/product\/yoast-seo-wordpress\/ -->\n<title>LG prev\u00e9 que 2020 sea el a\u00f1o en el que explote la tecnolog\u00eda 5G - Super News<\/title>\n<meta name=\"robots\" content=\"index, follow, max-snippet:-1, max-image-preview:large, max-video-preview:-1\" \/>\n<link rel=\"canonical\" href=\"https:\/\/super-news.info\/es\/lg-preve-que-2020-sea-el-ano-en-el-que-explote-la-tecnologia-5g\/\" \/>\n<meta property=\"og:locale\" content=\"en_US\" \/>\n<meta property=\"og:type\" content=\"article\" \/>\n<meta property=\"og:title\" content=\"LG prev\u00e9 que 2020 sea el a\u00f1o en el que explote la tecnolog\u00eda 5G - Super News\" \/>\n<meta property=\"og:description\" content=\"[ad_1] SANTANDER, 3 Sep. (EUROPA PRESS) &#8211; El presidente y consejero delegado de LG Electronics Iberia, Jaime de Jara\u00edz, ha destacado que en Espa\u00f1a el despliegue de la nueva tecnolog\u00eda m\u00f3vil 5G va &#8220;bien, pero lento&#8221;, al mismo tiempo que ha asegurado que 2020 ser\u00e1 el a\u00f1o en el que explote verdaderamente este tecnolog\u00eda y [&hellip;]\" \/>\n<meta property=\"og:url\" content=\"https:\/\/super-news.info\/es\/lg-preve-que-2020-sea-el-ano-en-el-que-explote-la-tecnologia-5g\/\" \/>\n<meta property=\"og:site_name\" content=\"Super News\" \/>\n<meta property=\"article:published_time\" content=\"2019-09-03T14:03:26+00:00\" \/>\n<meta property=\"article:modified_time\" content=\"2019-09-03T14:03:27+00:00\" \/>\n<meta property=\"og:image\" content=\"https:\/\/super-news.info\/es\/wp-content\/uploads\/sites\/4\/2019\/09\/LG-prev-que-2020-sea-el-a-o-en-el-que.jpg\" \/>\n\t<meta property=\"og:image:width\" content=\"120\" \/>\n\t<meta property=\"og:image:height\" content=\"90\" \/>\n\t<meta property=\"og:image:type\" content=\"image\/jpeg\" \/>\n<meta name=\"author\" content=\"super-news\" \/>\n<meta name=\"twitter:card\" content=\"summary_large_image\" \/>\n<meta name=\"twitter:label1\" content=\"Written by\" \/>\n\t<meta name=\"twitter:data1\" content=\"super-news\" \/>\n\t<meta name=\"twitter:label2\" content=\"Est. reading time\" \/>\n\t<meta name=\"twitter:data2\" content=\"3 minutes\" \/>\n<script type=\"application\/ld+json\" class=\"yoast-schema-graph\">{\"@context\":\"https:\\\/\\\/schema.org\",\"@graph\":[{\"@type\":\"Article\",\"@id\":\"https:\\\/\\\/super-news.info\\\/es\\\/lg-preve-que-2020-sea-el-ano-en-el-que-explote-la-tecnologia-5g\\\/#article\",\"isPartOf\":{\"@id\":\"https:\\\/\\\/super-news.info\\\/es\\\/lg-preve-que-2020-sea-el-ano-en-el-que-explote-la-tecnologia-5g\\\/\"},\"author\":{\"name\":\"super-news\",\"@id\":\"https:\\\/\\\/super-news.info\\\/es\\\/#\\\/schema\\\/person\\\/2d4068cb2f39cd10008c2fce578a7356\"},\"headline\":\"LG prev\u00e9 que 2020 sea el a\u00f1o en el que explote la tecnolog\u00eda 5G\",\"datePublished\":\"2019-09-03T14:03:26+00:00\",\"dateModified\":\"2019-09-03T14:03:27+00:00\",\"mainEntityOfPage\":{\"@id\":\"https:\\\/\\\/super-news.info\\\/es\\\/lg-preve-que-2020-sea-el-ano-en-el-que-explote-la-tecnologia-5g\\\/\"},\"wordCount\":526,\"commentCount\":0,\"image\":{\"@id\":\"https:\\\/\\\/super-news.info\\\/es\\\/lg-preve-que-2020-sea-el-ano-en-el-que-explote-la-tecnologia-5g\\\/#primaryimage\"},\"thumbnailUrl\":\"https:\\\/\\\/super-news.info\\\/es\\\/wp-content\\\/uploads\\\/sites\\\/4\\\/2019\\\/09\\\/LG-prev-que-2020-sea-el-a-o-en-el-que.jpg\",\"articleSection\":[\"NOTICIAS FINANCIERAS\"],\"inLanguage\":\"en-US\",\"potentialAction\":[{\"@type\":\"CommentAction\",\"name\":\"Comment\",\"target\":[\"https:\\\/\\\/super-news.info\\\/es\\\/lg-preve-que-2020-sea-el-ano-en-el-que-explote-la-tecnologia-5g\\\/#respond\"]}]},{\"@type\":\"WebPage\",\"@id\":\"https:\\\/\\\/super-news.info\\\/es\\\/lg-preve-que-2020-sea-el-ano-en-el-que-explote-la-tecnologia-5g\\\/\",\"url\":\"https:\\\/\\\/super-news.info\\\/es\\\/lg-preve-que-2020-sea-el-ano-en-el-que-explote-la-tecnologia-5g\\\/\",\"name\":\"LG prev\u00e9 que 2020 sea el a\u00f1o en el que explote la tecnolog\u00eda 5G - Super News\",\"isPartOf\":{\"@id\":\"https:\\\/\\\/super-news.info\\\/es\\\/#website\"},\"primaryImageOfPage\":{\"@id\":\"https:\\\/\\\/super-news.info\\\/es\\\/lg-preve-que-2020-sea-el-ano-en-el-que-explote-la-tecnologia-5g\\\/#primaryimage\"},\"image\":{\"@id\":\"https:\\\/\\\/super-news.info\\\/es\\\/lg-preve-que-2020-sea-el-ano-en-el-que-explote-la-tecnologia-5g\\\/#primaryimage\"},\"thumbnailUrl\":\"https:\\\/\\\/super-news.info\\\/es\\\/wp-content\\\/uploads\\\/sites\\\/4\\\/2019\\\/09\\\/LG-prev-que-2020-sea-el-a-o-en-el-que.jpg\",\"datePublished\":\"2019-09-03T14:03:26+00:00\",\"dateModified\":\"2019-09-03T14:03:27+00:00\",\"author\":{\"@id\":\"https:\\\/\\\/super-news.info\\\/es\\\/#\\\/schema\\\/person\\\/2d4068cb2f39cd10008c2fce578a7356\"},\"breadcrumb\":{\"@id\":\"https:\\\/\\\/super-news.info\\\/es\\\/lg-preve-que-2020-sea-el-ano-en-el-que-explote-la-tecnologia-5g\\\/#breadcrumb\"},\"inLanguage\":\"en-US\",\"potentialAction\":[{\"@type\":\"ReadAction\",\"target\":[\"https:\\\/\\\/super-news.info\\\/es\\\/lg-preve-que-2020-sea-el-ano-en-el-que-explote-la-tecnologia-5g\\\/\"]}]},{\"@type\":\"ImageObject\",\"inLanguage\":\"en-US\",\"@id\":\"https:\\\/\\\/super-news.info\\\/es\\\/lg-preve-que-2020-sea-el-ano-en-el-que-explote-la-tecnologia-5g\\\/#primaryimage\",\"url\":\"https:\\\/\\\/super-news.info\\\/es\\\/wp-content\\\/uploads\\\/sites\\\/4\\\/2019\\\/09\\\/LG-prev-que-2020-sea-el-a-o-en-el-que.jpg\",\"contentUrl\":\"https:\\\/\\\/super-news.info\\\/es\\\/wp-content\\\/uploads\\\/sites\\\/4\\\/2019\\\/09\\\/LG-prev-que-2020-sea-el-a-o-en-el-que.jpg\",\"width\":120,\"height\":90,\"caption\":\"LG prev\u00e9 que 2020 sea el a\u00f1o en el que explote la tecnolog\u00eda 5G\"},{\"@type\":\"BreadcrumbList\",\"@id\":\"https:\\\/\\\/super-news.info\\\/es\\\/lg-preve-que-2020-sea-el-ano-en-el-que-explote-la-tecnologia-5g\\\/#breadcrumb\",\"itemListElement\":[{\"@type\":\"ListItem\",\"position\":1,\"name\":\"\u0413\u043b\u0430\u0432\u043d\u0430\u044f \u0441\u0442\u0440\u0430\u043d\u0438\u0446\u0430\",\"item\":\"https:\\\/\\\/super-news.info\\\/es\\\/\"},{\"@type\":\"ListItem\",\"position\":2,\"name\":\"LG prev\u00e9 que 2020 sea el a\u00f1o en el que explote la tecnolog\u00eda 5G\"}]},{\"@type\":\"WebSite\",\"@id\":\"https:\\\/\\\/super-news.info\\\/es\\\/#website\",\"url\":\"https:\\\/\\\/super-news.info\\\/es\\\/\",\"name\":\"Super News\",\"description\":\"Super News Espa\u00f1a\",\"potentialAction\":[{\"@type\":\"SearchAction\",\"target\":{\"@type\":\"EntryPoint\",\"urlTemplate\":\"https:\\\/\\\/super-news.info\\\/es\\\/?s={search_term_string}\"},\"query-input\":{\"@type\":\"PropertyValueSpecification\",\"valueRequired\":true,\"valueName\":\"search_term_string\"}}],\"inLanguage\":\"en-US\"},{\"@type\":\"Person\",\"@id\":\"https:\\\/\\\/super-news.info\\\/es\\\/#\\\/schema\\\/person\\\/2d4068cb2f39cd10008c2fce578a7356\",\"name\":\"super-news\",\"image\":{\"@type\":\"ImageObject\",\"inLanguage\":\"en-US\",\"@id\":\"https:\\\/\\\/secure.gravatar.com\\\/avatar\\\/64ebac40b93f26a154f8a9b5b6fdccfc46f442b26b3dd6756dbff3bf9dc76fd7?s=96&d=mm&r=g\",\"url\":\"https:\\\/\\\/secure.gravatar.com\\\/avatar\\\/64ebac40b93f26a154f8a9b5b6fdccfc46f442b26b3dd6756dbff3bf9dc76fd7?s=96&d=mm&r=g\",\"contentUrl\":\"https:\\\/\\\/secure.gravatar.com\\\/avatar\\\/64ebac40b93f26a154f8a9b5b6fdccfc46f442b26b3dd6756dbff3bf9dc76fd7?s=96&d=mm&r=g\",\"caption\":\"super-news\"},\"url\":\"https:\\\/\\\/super-news.info\\\/es\\\/author\\\/pt\\\/\"}]}<\/script>\n<!-- \/ Yoast SEO plugin. -->","yoast_head_json":{"title":"LG prev\u00e9 que 2020 sea el a\u00f1o en el que explote la tecnolog\u00eda 5G - Super News","robots":{"index":"index","follow":"follow","max-snippet":"max-snippet:-1","max-image-preview":"max-image-preview:large","max-video-preview":"max-video-preview:-1"},"canonical":"https:\/\/super-news.info\/es\/lg-preve-que-2020-sea-el-ano-en-el-que-explote-la-tecnologia-5g\/","og_locale":"en_US","og_type":"article","og_title":"LG prev\u00e9 que 2020 sea el a\u00f1o en el que explote la tecnolog\u00eda 5G - Super News","og_description":"[ad_1] SANTANDER, 3 Sep. (EUROPA PRESS) &#8211; El presidente y consejero delegado de LG Electronics Iberia, Jaime de Jara\u00edz, ha destacado que en Espa\u00f1a el despliegue de la nueva tecnolog\u00eda m\u00f3vil 5G va &#8220;bien, pero lento&#8221;, al mismo tiempo que ha asegurado que 2020 ser\u00e1 el a\u00f1o en el que explote verdaderamente este tecnolog\u00eda y [&hellip;]","og_url":"https:\/\/super-news.info\/es\/lg-preve-que-2020-sea-el-ano-en-el-que-explote-la-tecnologia-5g\/","og_site_name":"Super News","article_published_time":"2019-09-03T14:03:26+00:00","article_modified_time":"2019-09-03T14:03:27+00:00","og_image":[{"width":120,"height":90,"url":"https:\/\/super-news.info\/es\/wp-content\/uploads\/sites\/4\/2019\/09\/LG-prev-que-2020-sea-el-a-o-en-el-que.jpg","type":"image\/jpeg"}],"author":"super-news","twitter_card":"summary_large_image","twitter_misc":{"Written by":"super-news","Est. reading time":"3 minutes"},"schema":{"@context":"https:\/\/schema.org","@graph":[{"@type":"Article","@id":"https:\/\/super-news.info\/es\/lg-preve-que-2020-sea-el-ano-en-el-que-explote-la-tecnologia-5g\/#article","isPartOf":{"@id":"https:\/\/super-news.info\/es\/lg-preve-que-2020-sea-el-ano-en-el-que-explote-la-tecnologia-5g\/"},"author":{"name":"super-news","@id":"https:\/\/super-news.info\/es\/#\/schema\/person\/2d4068cb2f39cd10008c2fce578a7356"},"headline":"LG prev\u00e9 que 2020 sea el a\u00f1o en el que explote la tecnolog\u00eda 5G","datePublished":"2019-09-03T14:03:26+00:00","dateModified":"2019-09-03T14:03:27+00:00","mainEntityOfPage":{"@id":"https:\/\/super-news.info\/es\/lg-preve-que-2020-sea-el-ano-en-el-que-explote-la-tecnologia-5g\/"},"wordCount":526,"commentCount":0,"image":{"@id":"https:\/\/super-news.info\/es\/lg-preve-que-2020-sea-el-ano-en-el-que-explote-la-tecnologia-5g\/#primaryimage"},"thumbnailUrl":"https:\/\/super-news.info\/es\/wp-content\/uploads\/sites\/4\/2019\/09\/LG-prev-que-2020-sea-el-a-o-en-el-que.jpg","articleSection":["NOTICIAS FINANCIERAS"],"inLanguage":"en-US","potentialAction":[{"@type":"CommentAction","name":"Comment","target":["https:\/\/super-news.info\/es\/lg-preve-que-2020-sea-el-ano-en-el-que-explote-la-tecnologia-5g\/#respond"]}]},{"@type":"WebPage","@id":"https:\/\/super-news.info\/es\/lg-preve-que-2020-sea-el-ano-en-el-que-explote-la-tecnologia-5g\/","url":"https:\/\/super-news.info\/es\/lg-preve-que-2020-sea-el-ano-en-el-que-explote-la-tecnologia-5g\/","name":"LG prev\u00e9 que 2020 sea el a\u00f1o en el que explote la tecnolog\u00eda 5G - Super News","isPartOf":{"@id":"https:\/\/super-news.info\/es\/#website"},"primaryImageOfPage":{"@id":"https:\/\/super-news.info\/es\/lg-preve-que-2020-sea-el-ano-en-el-que-explote-la-tecnologia-5g\/#primaryimage"},"image":{"@id":"https:\/\/super-news.info\/es\/lg-preve-que-2020-sea-el-ano-en-el-que-explote-la-tecnologia-5g\/#primaryimage"},"thumbnailUrl":"https:\/\/super-news.info\/es\/wp-content\/uploads\/sites\/4\/2019\/09\/LG-prev-que-2020-sea-el-a-o-en-el-que.jpg","datePublished":"2019-09-03T14:03:26+00:00","dateModified":"2019-09-03T14:03:27+00:00","author":{"@id":"https:\/\/super-news.info\/es\/#\/schema\/person\/2d4068cb2f39cd10008c2fce578a7356"},"breadcrumb":{"@id":"https:\/\/super-news.info\/es\/lg-preve-que-2020-sea-el-ano-en-el-que-explote-la-tecnologia-5g\/#breadcrumb"},"inLanguage":"en-US","potentialAction":[{"@type":"ReadAction","target":["https:\/\/super-news.info\/es\/lg-preve-que-2020-sea-el-ano-en-el-que-explote-la-tecnologia-5g\/"]}]},{"@type":"ImageObject","inLanguage":"en-US","@id":"https:\/\/super-news.info\/es\/lg-preve-que-2020-sea-el-ano-en-el-que-explote-la-tecnologia-5g\/#primaryimage","url":"https:\/\/super-news.info\/es\/wp-content\/uploads\/sites\/4\/2019\/09\/LG-prev-que-2020-sea-el-a-o-en-el-que.jpg","contentUrl":"https:\/\/super-news.info\/es\/wp-content\/uploads\/sites\/4\/2019\/09\/LG-prev-que-2020-sea-el-a-o-en-el-que.jpg","width":120,"height":90,"caption":"LG prev\u00e9 que 2020 sea el a\u00f1o en el que explote la tecnolog\u00eda 5G"},{"@type":"BreadcrumbList","@id":"https:\/\/super-news.info\/es\/lg-preve-que-2020-sea-el-ano-en-el-que-explote-la-tecnologia-5g\/#breadcrumb","itemListElement":[{"@type":"ListItem","position":1,"name":"\u0413\u043b\u0430\u0432\u043d\u0430\u044f \u0441\u0442\u0440\u0430\u043d\u0438\u0446\u0430","item":"https:\/\/super-news.info\/es\/"},{"@type":"ListItem","position":2,"name":"LG prev\u00e9 que 2020 sea el a\u00f1o en el que explote la tecnolog\u00eda 5G"}]},{"@type":"WebSite","@id":"https:\/\/super-news.info\/es\/#website","url":"https:\/\/super-news.info\/es\/","name":"Super News","description":"Super News Espa\u00f1a","potentialAction":[{"@type":"SearchAction","target":{"@type":"EntryPoint","urlTemplate":"https:\/\/super-news.info\/es\/?s={search_term_string}"},"query-input":{"@type":"PropertyValueSpecification","valueRequired":true,"valueName":"search_term_string"}}],"inLanguage":"en-US"},{"@type":"Person","@id":"https:\/\/super-news.info\/es\/#\/schema\/person\/2d4068cb2f39cd10008c2fce578a7356","name":"super-news","image":{"@type":"ImageObject","inLanguage":"en-US","@id":"https:\/\/secure.gravatar.com\/avatar\/64ebac40b93f26a154f8a9b5b6fdccfc46f442b26b3dd6756dbff3bf9dc76fd7?s=96&d=mm&r=g","url":"https:\/\/secure.gravatar.com\/avatar\/64ebac40b93f26a154f8a9b5b6fdccfc46f442b26b3dd6756dbff3bf9dc76fd7?s=96&d=mm&r=g","contentUrl":"https:\/\/secure.gravatar.com\/avatar\/64ebac40b93f26a154f8a9b5b6fdccfc46f442b26b3dd6756dbff3bf9dc76fd7?s=96&d=mm&r=g","caption":"super-news"},"url":"https:\/\/super-news.info\/es\/author\/pt\/"}]}},"_links":{"self":[{"href":"https:\/\/super-news.info\/es\/wp-json\/wp\/v2\/posts\/10219","targetHints":{"allow":["GET"]}}],"collection":[{"href":"https:\/\/super-news.info\/es\/wp-json\/wp\/v2\/posts"}],"about":[{"href":"https:\/\/super-news.info\/es\/wp-json\/wp\/v2\/types\/post"}],"author":[{"embeddable":true,"href":"https:\/\/super-news.info\/es\/wp-json\/wp\/v2\/users\/2"}],"replies":[{"embeddable":true,"href":"https:\/\/super-news.info\/es\/wp-json\/wp\/v2\/comments?post=10219"}],"version-history":[{"count":1,"href":"https:\/\/super-news.info\/es\/wp-json\/wp\/v2\/posts\/10219\/revisions"}],"predecessor-version":[{"id":10221,"href":"https:\/\/super-news.info\/es\/wp-json\/wp\/v2\/posts\/10219\/revisions\/10221"}],"wp:featuredmedia":[{"embeddable":true,"href":"https:\/\/super-news.info\/es\/wp-json\/wp\/v2\/media\/10220"}],"wp:attachment":[{"href":"https:\/\/super-news.info\/es\/wp-json\/wp\/v2\/media?parent=10219"}],"wp:term":[{"taxonomy":"category","embeddable":true,"href":"https:\/\/super-news.info\/es\/wp-json\/wp\/v2\/categories?post=10219"},{"taxonomy":"post_tag","embeddable":true,"href":"https:\/\/super-news.info\/es\/wp-json\/wp\/v2\/tags?post=10219"}],"curies":[{"name":"wp","href":"https:\/\/api.w.org\/{rel}","templated":true}]}}