{"id":10211,"date":"2019-09-03T14:51:56","date_gmt":"2019-09-03T11:51:56","guid":{"rendered":"https:\/\/super-news.info\/es\/el-pp-insiste-en-liberar-fondos-para-las-autonomias-porque-congelarlos-es-una-anomalia-inaceptable\/"},"modified":"2019-09-03T14:51:57","modified_gmt":"2019-09-03T11:51:57","slug":"el-pp-insiste-en-liberar-fondos-para-las-autonomias-porque-congelarlos-es-una-anomalia-inaceptable","status":"publish","type":"post","link":"https:\/\/super-news.info\/es\/el-pp-insiste-en-liberar-fondos-para-las-autonomias-porque-congelarlos-es-una-anomalia-inaceptable\/","title":{"rendered":"El PP insiste en liberar fondos para las autonom\u00edas porque congelarlos es &#8220;una anomal\u00eda inaceptable&#8221;"},"content":{"rendered":"<p> [ad_1]<\/p>\n<div id=\"CuerpoNoticiav2\" itemprop=\"articleBody\">\n<p>MADRID, 3 Sep. (EUROPA PRESS) &#8211; <\/p>\n<p itemprop=\"description\">   El PP ha registrado en el Congreso una nueva tanda de iniciativas insistiendo en la necesidad de desbloquear la financiaci\u00f3n de las autonom\u00edas, pues considera que &#8220;no existen argumentos solventes&#8221; que justifiquen el &#8220;impago&#8221; y sostiene que la falta de libramiento de los fondos resulta una &#8220;anomal\u00eda inaceptable del sistema&#8221; que perturbar\u00eda la acci\u00f3n ordinaria de las comunidades.<\/p>\n<p>   A falta de conocer formalmente el informe emitido por la Abogac\u00eda General del Estado, invocado por la ministra de Hacienda para negar la posibilidad del Gobierno en funciones de proceder a la actualizaci\u00f3n de dichas entregas a cuenta, el PP considera que el Ejecutivo est\u00e1 inmerso en una &#8220;maniobra pol\u00edtica con una base argumental insolvente&#8221;.<\/p>\n<p>   En ese contexto, el Grupo Popular ha registrado varias preguntas parlamentarias y nuevas solicitudes de informes al Gobierno pidiendo explicaciones detalladas sobre los criterios del informe de la  Abogac\u00eda General del Estado que esgrime la ministra de Hacienda cuando afirma que, por estar en funciones, el Ejecutivo de S\u00e1nchez no puede actualizar las entregas a cuenta de r\u00e9gimen com\u00fan para 2019, y pagar ya a las Comunidades Aut\u00f3nomas las cantidades que les adeuda.<\/p>\n<h2 class=\"ladillo\">NO SE CREEN LOS ARGUMENTOS DEL GOBIERNO EN FUNCIONES<\/h2>\n<p>   Las iniciativas, firmadas por los portavoces adjuntos de Econom\u00eda, Mario Garc\u00e9s, y Constitucional, Carlos Rojas, parten de la base de que la &#8220;actualizaci\u00f3n es un procedimiento de ajuste de recursos objetivo, no discrecional y legalmente establecido con anterioridad&#8221; y que &#8220;la falta de libramiento de estos fondos de financiaci\u00f3n a las distintas regiones constituir\u00e1 una anomal\u00eda inaceptable del sistema que s\u00ed perturbar\u00eda el despacho ordinario de asuntos de las CC.AA.&#8221;.<\/p>\n<p>   En concreto, el Grupo Popular solicita &#8220;todos los informes emitidos por todas las unidades dependientes de la Abogac\u00eda General del Estado-Direcci\u00f3n del Servicio Jur\u00eddico del Estado, desde que el Gobierno est\u00e1 en funciones en 2019, a petici\u00f3n de cualquier \u00f3rgano o entidad de la Administraci\u00f3n del Estado, que hayan tenido por objeto pedir opini\u00f3n sobre si los actos, normas o cualesquiera actuaciones a desarrollar por los centros directivos pod\u00edan llevarse a cabo en el marco de actuaci\u00f3n de un Gobierno en funciones&#8221;.<\/p>\n<p>   Por otro lado, ha preguntado por escrito al Gobierno si existe alguna instrucci\u00f3n, circular o doctrina interna acu\u00f1ada por la Abogac\u00eda General del Estado, m\u00e1s all\u00e1 de la jurisprudencia del Tribunal Supremo, para perfilar la opini\u00f3n que se debe emitir en los casos de las iniciativas que puede desarrollar un Gobierno en funciones.<\/p>\n<p>   El grupo que capitanea Cayetana \u00c1lvarez de Toledo tambi\u00e9n interpela al Ejecutivo sobre si considera una pr\u00e1ctica habitual que durante pr\u00e1cticamente ocho meses s\u00f3lo se hayan despachado consultas verbales con la Abogac\u00eda, de ser cierta la afirmaci\u00f3n de la ministra de Hacienda en contra de los pagos. Y, en caso de serlo, pide si podr\u00eda indicar los d\u00edas en que tuvieron lugar esas consultas verbales, qui\u00e9n las formul\u00f3 y desde que unidad de ese centro directivo se respondieron.<\/p>\n<p>   A trav\u00e9s de una nota de prensa recogida por Europa Press, el Grupo Popular reclama en definitiva que el Gobierno d\u00e9 cuenta a los representantes de la soberan\u00eda nacional de los criterios objetivos por los que impide que las Comunidades Aut\u00f3nomas cuenten con los recursos que les corresponden para financiar servicios tan esenciales para el conjunto de los espa\u00f1oles como la sanidad o la educaci\u00f3n. Y exige que esas explicaciones se den con urgencia.<\/p>\n<\/div>\n<p>[ad_2]<br \/>\n<br \/><a href=\"https:\/\/www.europapress.es\/economia\/macroeconomia-00338\/noticia-pp-insiste-liberar-fondos-autonomias-porque-congelarlos-anomalia-inaceptable-20190903130306.html\">Source link <\/a><\/p>\n","protected":false},"excerpt":{"rendered":"<p>[ad_1] MADRID, 3 Sep. (EUROPA PRESS) &#8211; El PP ha registrado en el Congreso una nueva tanda de iniciativas insistiendo en la necesidad de desbloquear la financiaci\u00f3n de las autonom\u00edas, pues considera que &#8220;no existen argumentos solventes&#8221; que justifiquen el &#8220;impago&#8221; y sostiene que la falta de libramiento de los fondos resulta una &#8220;anomal\u00eda inaceptable [&hellip;]<\/p>\n","protected":false},"author":2,"featured_media":10212,"comment_status":"open","ping_status":"open","sticky":false,"template":"","format":"standard","meta":{"footnotes":""},"categories":[1],"tags":[],"class_list":["post-10211","post","type-post","status-publish","format-standard","has-post-thumbnail","hentry","category-noticias-financieras"],"yoast_head":"<!-- This site is optimized with the Yoast SEO plugin v27.4 - https:\/\/yoast.com\/product\/yoast-seo-wordpress\/ -->\n<title>El PP insiste en liberar fondos para las autonom\u00edas porque congelarlos es &quot;una anomal\u00eda inaceptable&quot; - Super News<\/title>\n<meta name=\"robots\" content=\"index, follow, max-snippet:-1, max-image-preview:large, max-video-preview:-1\" \/>\n<link rel=\"canonical\" href=\"https:\/\/super-news.info\/es\/el-pp-insiste-en-liberar-fondos-para-las-autonomias-porque-congelarlos-es-una-anomalia-inaceptable\/\" \/>\n<meta property=\"og:locale\" content=\"en_US\" \/>\n<meta property=\"og:type\" content=\"article\" \/>\n<meta property=\"og:title\" content=\"El PP insiste en liberar fondos para las autonom\u00edas porque congelarlos es &quot;una anomal\u00eda inaceptable&quot; - Super News\" \/>\n<meta property=\"og:description\" content=\"[ad_1] MADRID, 3 Sep. (EUROPA PRESS) &#8211; El PP ha registrado en el Congreso una nueva tanda de iniciativas insistiendo en la necesidad de desbloquear la financiaci\u00f3n de las autonom\u00edas, pues considera que &#8220;no existen argumentos solventes&#8221; que justifiquen el &#8220;impago&#8221; y sostiene que la falta de libramiento de los fondos resulta una &#8220;anomal\u00eda inaceptable [&hellip;]\" \/>\n<meta property=\"og:url\" content=\"https:\/\/super-news.info\/es\/el-pp-insiste-en-liberar-fondos-para-las-autonomias-porque-congelarlos-es-una-anomalia-inaceptable\/\" \/>\n<meta property=\"og:site_name\" content=\"Super News\" \/>\n<meta property=\"article:published_time\" content=\"2019-09-03T11:51:56+00:00\" \/>\n<meta property=\"article:modified_time\" content=\"2019-09-03T11:51:57+00:00\" \/>\n<meta property=\"og:image\" content=\"https:\/\/super-news.info\/es\/wp-content\/uploads\/sites\/4\/2019\/09\/El-PP-insiste-en-liberar-fondos-para-las-autonom-as-porque.jpg\" \/>\n\t<meta property=\"og:image:width\" content=\"120\" \/>\n\t<meta property=\"og:image:height\" content=\"80\" \/>\n\t<meta property=\"og:image:type\" content=\"image\/jpeg\" \/>\n<meta name=\"author\" content=\"super-news\" \/>\n<meta name=\"twitter:card\" content=\"summary_large_image\" \/>\n<meta name=\"twitter:label1\" content=\"Written by\" \/>\n\t<meta name=\"twitter:data1\" content=\"super-news\" \/>\n\t<meta name=\"twitter:label2\" content=\"Est. reading time\" \/>\n\t<meta name=\"twitter:data2\" content=\"3 minutes\" \/>\n<script type=\"application\/ld+json\" class=\"yoast-schema-graph\">{\"@context\":\"https:\\\/\\\/schema.org\",\"@graph\":[{\"@type\":\"Article\",\"@id\":\"https:\\\/\\\/super-news.info\\\/es\\\/el-pp-insiste-en-liberar-fondos-para-las-autonomias-porque-congelarlos-es-una-anomalia-inaceptable\\\/#article\",\"isPartOf\":{\"@id\":\"https:\\\/\\\/super-news.info\\\/es\\\/el-pp-insiste-en-liberar-fondos-para-las-autonomias-porque-congelarlos-es-una-anomalia-inaceptable\\\/\"},\"author\":{\"name\":\"super-news\",\"@id\":\"https:\\\/\\\/super-news.info\\\/es\\\/#\\\/schema\\\/person\\\/2d4068cb2f39cd10008c2fce578a7356\"},\"headline\":\"El PP insiste en liberar fondos para las autonom\u00edas porque congelarlos es &#8220;una anomal\u00eda inaceptable&#8221;\",\"datePublished\":\"2019-09-03T11:51:56+00:00\",\"dateModified\":\"2019-09-03T11:51:57+00:00\",\"mainEntityOfPage\":{\"@id\":\"https:\\\/\\\/super-news.info\\\/es\\\/el-pp-insiste-en-liberar-fondos-para-las-autonomias-porque-congelarlos-es-una-anomalia-inaceptable\\\/\"},\"wordCount\":623,\"commentCount\":0,\"image\":{\"@id\":\"https:\\\/\\\/super-news.info\\\/es\\\/el-pp-insiste-en-liberar-fondos-para-las-autonomias-porque-congelarlos-es-una-anomalia-inaceptable\\\/#primaryimage\"},\"thumbnailUrl\":\"https:\\\/\\\/super-news.info\\\/es\\\/wp-content\\\/uploads\\\/sites\\\/4\\\/2019\\\/09\\\/El-PP-insiste-en-liberar-fondos-para-las-autonom-as-porque.jpg\",\"articleSection\":[\"NOTICIAS FINANCIERAS\"],\"inLanguage\":\"en-US\",\"potentialAction\":[{\"@type\":\"CommentAction\",\"name\":\"Comment\",\"target\":[\"https:\\\/\\\/super-news.info\\\/es\\\/el-pp-insiste-en-liberar-fondos-para-las-autonomias-porque-congelarlos-es-una-anomalia-inaceptable\\\/#respond\"]}]},{\"@type\":\"WebPage\",\"@id\":\"https:\\\/\\\/super-news.info\\\/es\\\/el-pp-insiste-en-liberar-fondos-para-las-autonomias-porque-congelarlos-es-una-anomalia-inaceptable\\\/\",\"url\":\"https:\\\/\\\/super-news.info\\\/es\\\/el-pp-insiste-en-liberar-fondos-para-las-autonomias-porque-congelarlos-es-una-anomalia-inaceptable\\\/\",\"name\":\"El PP insiste en liberar fondos para las autonom\u00edas porque congelarlos es \\\"una anomal\u00eda inaceptable\\\" - Super News\",\"isPartOf\":{\"@id\":\"https:\\\/\\\/super-news.info\\\/es\\\/#website\"},\"primaryImageOfPage\":{\"@id\":\"https:\\\/\\\/super-news.info\\\/es\\\/el-pp-insiste-en-liberar-fondos-para-las-autonomias-porque-congelarlos-es-una-anomalia-inaceptable\\\/#primaryimage\"},\"image\":{\"@id\":\"https:\\\/\\\/super-news.info\\\/es\\\/el-pp-insiste-en-liberar-fondos-para-las-autonomias-porque-congelarlos-es-una-anomalia-inaceptable\\\/#primaryimage\"},\"thumbnailUrl\":\"https:\\\/\\\/super-news.info\\\/es\\\/wp-content\\\/uploads\\\/sites\\\/4\\\/2019\\\/09\\\/El-PP-insiste-en-liberar-fondos-para-las-autonom-as-porque.jpg\",\"datePublished\":\"2019-09-03T11:51:56+00:00\",\"dateModified\":\"2019-09-03T11:51:57+00:00\",\"author\":{\"@id\":\"https:\\\/\\\/super-news.info\\\/es\\\/#\\\/schema\\\/person\\\/2d4068cb2f39cd10008c2fce578a7356\"},\"breadcrumb\":{\"@id\":\"https:\\\/\\\/super-news.info\\\/es\\\/el-pp-insiste-en-liberar-fondos-para-las-autonomias-porque-congelarlos-es-una-anomalia-inaceptable\\\/#breadcrumb\"},\"inLanguage\":\"en-US\",\"potentialAction\":[{\"@type\":\"ReadAction\",\"target\":[\"https:\\\/\\\/super-news.info\\\/es\\\/el-pp-insiste-en-liberar-fondos-para-las-autonomias-porque-congelarlos-es-una-anomalia-inaceptable\\\/\"]}]},{\"@type\":\"ImageObject\",\"inLanguage\":\"en-US\",\"@id\":\"https:\\\/\\\/super-news.info\\\/es\\\/el-pp-insiste-en-liberar-fondos-para-las-autonomias-porque-congelarlos-es-una-anomalia-inaceptable\\\/#primaryimage\",\"url\":\"https:\\\/\\\/super-news.info\\\/es\\\/wp-content\\\/uploads\\\/sites\\\/4\\\/2019\\\/09\\\/El-PP-insiste-en-liberar-fondos-para-las-autonom-as-porque.jpg\",\"contentUrl\":\"https:\\\/\\\/super-news.info\\\/es\\\/wp-content\\\/uploads\\\/sites\\\/4\\\/2019\\\/09\\\/El-PP-insiste-en-liberar-fondos-para-las-autonom-as-porque.jpg\",\"width\":120,\"height\":80,\"caption\":\"El PP insiste en liberar fondos para las autonom\u00edas porque congelarlos es \\\"una anomal\u00eda inaceptable\\\"\"},{\"@type\":\"BreadcrumbList\",\"@id\":\"https:\\\/\\\/super-news.info\\\/es\\\/el-pp-insiste-en-liberar-fondos-para-las-autonomias-porque-congelarlos-es-una-anomalia-inaceptable\\\/#breadcrumb\",\"itemListElement\":[{\"@type\":\"ListItem\",\"position\":1,\"name\":\"\u0413\u043b\u0430\u0432\u043d\u0430\u044f \u0441\u0442\u0440\u0430\u043d\u0438\u0446\u0430\",\"item\":\"https:\\\/\\\/super-news.info\\\/es\\\/\"},{\"@type\":\"ListItem\",\"position\":2,\"name\":\"El PP insiste en liberar fondos para las autonom\u00edas porque congelarlos es &#8220;una anomal\u00eda inaceptable&#8221;\"}]},{\"@type\":\"WebSite\",\"@id\":\"https:\\\/\\\/super-news.info\\\/es\\\/#website\",\"url\":\"https:\\\/\\\/super-news.info\\\/es\\\/\",\"name\":\"Super News\",\"description\":\"Super News Espa\u00f1a\",\"potentialAction\":[{\"@type\":\"SearchAction\",\"target\":{\"@type\":\"EntryPoint\",\"urlTemplate\":\"https:\\\/\\\/super-news.info\\\/es\\\/?s={search_term_string}\"},\"query-input\":{\"@type\":\"PropertyValueSpecification\",\"valueRequired\":true,\"valueName\":\"search_term_string\"}}],\"inLanguage\":\"en-US\"},{\"@type\":\"Person\",\"@id\":\"https:\\\/\\\/super-news.info\\\/es\\\/#\\\/schema\\\/person\\\/2d4068cb2f39cd10008c2fce578a7356\",\"name\":\"super-news\",\"image\":{\"@type\":\"ImageObject\",\"inLanguage\":\"en-US\",\"@id\":\"https:\\\/\\\/secure.gravatar.com\\\/avatar\\\/64ebac40b93f26a154f8a9b5b6fdccfc46f442b26b3dd6756dbff3bf9dc76fd7?s=96&d=mm&r=g\",\"url\":\"https:\\\/\\\/secure.gravatar.com\\\/avatar\\\/64ebac40b93f26a154f8a9b5b6fdccfc46f442b26b3dd6756dbff3bf9dc76fd7?s=96&d=mm&r=g\",\"contentUrl\":\"https:\\\/\\\/secure.gravatar.com\\\/avatar\\\/64ebac40b93f26a154f8a9b5b6fdccfc46f442b26b3dd6756dbff3bf9dc76fd7?s=96&d=mm&r=g\",\"caption\":\"super-news\"},\"url\":\"https:\\\/\\\/super-news.info\\\/es\\\/author\\\/pt\\\/\"}]}<\/script>\n<!-- \/ Yoast SEO plugin. -->","yoast_head_json":{"title":"El PP insiste en liberar fondos para las autonom\u00edas porque congelarlos es \"una anomal\u00eda inaceptable\" - Super News","robots":{"index":"index","follow":"follow","max-snippet":"max-snippet:-1","max-image-preview":"max-image-preview:large","max-video-preview":"max-video-preview:-1"},"canonical":"https:\/\/super-news.info\/es\/el-pp-insiste-en-liberar-fondos-para-las-autonomias-porque-congelarlos-es-una-anomalia-inaceptable\/","og_locale":"en_US","og_type":"article","og_title":"El PP insiste en liberar fondos para las autonom\u00edas porque congelarlos es \"una anomal\u00eda inaceptable\" - Super News","og_description":"[ad_1] MADRID, 3 Sep. (EUROPA PRESS) &#8211; El PP ha registrado en el Congreso una nueva tanda de iniciativas insistiendo en la necesidad de desbloquear la financiaci\u00f3n de las autonom\u00edas, pues considera que &#8220;no existen argumentos solventes&#8221; que justifiquen el &#8220;impago&#8221; y sostiene que la falta de libramiento de los fondos resulta una &#8220;anomal\u00eda inaceptable [&hellip;]","og_url":"https:\/\/super-news.info\/es\/el-pp-insiste-en-liberar-fondos-para-las-autonomias-porque-congelarlos-es-una-anomalia-inaceptable\/","og_site_name":"Super News","article_published_time":"2019-09-03T11:51:56+00:00","article_modified_time":"2019-09-03T11:51:57+00:00","og_image":[{"width":120,"height":80,"url":"https:\/\/super-news.info\/es\/wp-content\/uploads\/sites\/4\/2019\/09\/El-PP-insiste-en-liberar-fondos-para-las-autonom-as-porque.jpg","type":"image\/jpeg"}],"author":"super-news","twitter_card":"summary_large_image","twitter_misc":{"Written by":"super-news","Est. reading time":"3 minutes"},"schema":{"@context":"https:\/\/schema.org","@graph":[{"@type":"Article","@id":"https:\/\/super-news.info\/es\/el-pp-insiste-en-liberar-fondos-para-las-autonomias-porque-congelarlos-es-una-anomalia-inaceptable\/#article","isPartOf":{"@id":"https:\/\/super-news.info\/es\/el-pp-insiste-en-liberar-fondos-para-las-autonomias-porque-congelarlos-es-una-anomalia-inaceptable\/"},"author":{"name":"super-news","@id":"https:\/\/super-news.info\/es\/#\/schema\/person\/2d4068cb2f39cd10008c2fce578a7356"},"headline":"El PP insiste en liberar fondos para las autonom\u00edas porque congelarlos es &#8220;una anomal\u00eda inaceptable&#8221;","datePublished":"2019-09-03T11:51:56+00:00","dateModified":"2019-09-03T11:51:57+00:00","mainEntityOfPage":{"@id":"https:\/\/super-news.info\/es\/el-pp-insiste-en-liberar-fondos-para-las-autonomias-porque-congelarlos-es-una-anomalia-inaceptable\/"},"wordCount":623,"commentCount":0,"image":{"@id":"https:\/\/super-news.info\/es\/el-pp-insiste-en-liberar-fondos-para-las-autonomias-porque-congelarlos-es-una-anomalia-inaceptable\/#primaryimage"},"thumbnailUrl":"https:\/\/super-news.info\/es\/wp-content\/uploads\/sites\/4\/2019\/09\/El-PP-insiste-en-liberar-fondos-para-las-autonom-as-porque.jpg","articleSection":["NOTICIAS FINANCIERAS"],"inLanguage":"en-US","potentialAction":[{"@type":"CommentAction","name":"Comment","target":["https:\/\/super-news.info\/es\/el-pp-insiste-en-liberar-fondos-para-las-autonomias-porque-congelarlos-es-una-anomalia-inaceptable\/#respond"]}]},{"@type":"WebPage","@id":"https:\/\/super-news.info\/es\/el-pp-insiste-en-liberar-fondos-para-las-autonomias-porque-congelarlos-es-una-anomalia-inaceptable\/","url":"https:\/\/super-news.info\/es\/el-pp-insiste-en-liberar-fondos-para-las-autonomias-porque-congelarlos-es-una-anomalia-inaceptable\/","name":"El PP insiste en liberar fondos para las autonom\u00edas porque congelarlos es \"una anomal\u00eda inaceptable\" - Super News","isPartOf":{"@id":"https:\/\/super-news.info\/es\/#website"},"primaryImageOfPage":{"@id":"https:\/\/super-news.info\/es\/el-pp-insiste-en-liberar-fondos-para-las-autonomias-porque-congelarlos-es-una-anomalia-inaceptable\/#primaryimage"},"image":{"@id":"https:\/\/super-news.info\/es\/el-pp-insiste-en-liberar-fondos-para-las-autonomias-porque-congelarlos-es-una-anomalia-inaceptable\/#primaryimage"},"thumbnailUrl":"https:\/\/super-news.info\/es\/wp-content\/uploads\/sites\/4\/2019\/09\/El-PP-insiste-en-liberar-fondos-para-las-autonom-as-porque.jpg","datePublished":"2019-09-03T11:51:56+00:00","dateModified":"2019-09-03T11:51:57+00:00","author":{"@id":"https:\/\/super-news.info\/es\/#\/schema\/person\/2d4068cb2f39cd10008c2fce578a7356"},"breadcrumb":{"@id":"https:\/\/super-news.info\/es\/el-pp-insiste-en-liberar-fondos-para-las-autonomias-porque-congelarlos-es-una-anomalia-inaceptable\/#breadcrumb"},"inLanguage":"en-US","potentialAction":[{"@type":"ReadAction","target":["https:\/\/super-news.info\/es\/el-pp-insiste-en-liberar-fondos-para-las-autonomias-porque-congelarlos-es-una-anomalia-inaceptable\/"]}]},{"@type":"ImageObject","inLanguage":"en-US","@id":"https:\/\/super-news.info\/es\/el-pp-insiste-en-liberar-fondos-para-las-autonomias-porque-congelarlos-es-una-anomalia-inaceptable\/#primaryimage","url":"https:\/\/super-news.info\/es\/wp-content\/uploads\/sites\/4\/2019\/09\/El-PP-insiste-en-liberar-fondos-para-las-autonom-as-porque.jpg","contentUrl":"https:\/\/super-news.info\/es\/wp-content\/uploads\/sites\/4\/2019\/09\/El-PP-insiste-en-liberar-fondos-para-las-autonom-as-porque.jpg","width":120,"height":80,"caption":"El PP insiste en liberar fondos para las autonom\u00edas porque congelarlos es \"una anomal\u00eda inaceptable\""},{"@type":"BreadcrumbList","@id":"https:\/\/super-news.info\/es\/el-pp-insiste-en-liberar-fondos-para-las-autonomias-porque-congelarlos-es-una-anomalia-inaceptable\/#breadcrumb","itemListElement":[{"@type":"ListItem","position":1,"name":"\u0413\u043b\u0430\u0432\u043d\u0430\u044f \u0441\u0442\u0440\u0430\u043d\u0438\u0446\u0430","item":"https:\/\/super-news.info\/es\/"},{"@type":"ListItem","position":2,"name":"El PP insiste en liberar fondos para las autonom\u00edas porque congelarlos es &#8220;una anomal\u00eda inaceptable&#8221;"}]},{"@type":"WebSite","@id":"https:\/\/super-news.info\/es\/#website","url":"https:\/\/super-news.info\/es\/","name":"Super News","description":"Super News Espa\u00f1a","potentialAction":[{"@type":"SearchAction","target":{"@type":"EntryPoint","urlTemplate":"https:\/\/super-news.info\/es\/?s={search_term_string}"},"query-input":{"@type":"PropertyValueSpecification","valueRequired":true,"valueName":"search_term_string"}}],"inLanguage":"en-US"},{"@type":"Person","@id":"https:\/\/super-news.info\/es\/#\/schema\/person\/2d4068cb2f39cd10008c2fce578a7356","name":"super-news","image":{"@type":"ImageObject","inLanguage":"en-US","@id":"https:\/\/secure.gravatar.com\/avatar\/64ebac40b93f26a154f8a9b5b6fdccfc46f442b26b3dd6756dbff3bf9dc76fd7?s=96&d=mm&r=g","url":"https:\/\/secure.gravatar.com\/avatar\/64ebac40b93f26a154f8a9b5b6fdccfc46f442b26b3dd6756dbff3bf9dc76fd7?s=96&d=mm&r=g","contentUrl":"https:\/\/secure.gravatar.com\/avatar\/64ebac40b93f26a154f8a9b5b6fdccfc46f442b26b3dd6756dbff3bf9dc76fd7?s=96&d=mm&r=g","caption":"super-news"},"url":"https:\/\/super-news.info\/es\/author\/pt\/"}]}},"_links":{"self":[{"href":"https:\/\/super-news.info\/es\/wp-json\/wp\/v2\/posts\/10211","targetHints":{"allow":["GET"]}}],"collection":[{"href":"https:\/\/super-news.info\/es\/wp-json\/wp\/v2\/posts"}],"about":[{"href":"https:\/\/super-news.info\/es\/wp-json\/wp\/v2\/types\/post"}],"author":[{"embeddable":true,"href":"https:\/\/super-news.info\/es\/wp-json\/wp\/v2\/users\/2"}],"replies":[{"embeddable":true,"href":"https:\/\/super-news.info\/es\/wp-json\/wp\/v2\/comments?post=10211"}],"version-history":[{"count":1,"href":"https:\/\/super-news.info\/es\/wp-json\/wp\/v2\/posts\/10211\/revisions"}],"predecessor-version":[{"id":10213,"href":"https:\/\/super-news.info\/es\/wp-json\/wp\/v2\/posts\/10211\/revisions\/10213"}],"wp:featuredmedia":[{"embeddable":true,"href":"https:\/\/super-news.info\/es\/wp-json\/wp\/v2\/media\/10212"}],"wp:attachment":[{"href":"https:\/\/super-news.info\/es\/wp-json\/wp\/v2\/media?parent=10211"}],"wp:term":[{"taxonomy":"category","embeddable":true,"href":"https:\/\/super-news.info\/es\/wp-json\/wp\/v2\/categories?post=10211"},{"taxonomy":"post_tag","embeddable":true,"href":"https:\/\/super-news.info\/es\/wp-json\/wp\/v2\/tags?post=10211"}],"curies":[{"name":"wp","href":"https:\/\/api.w.org\/{rel}","templated":true}]}}