{"id":10205,"date":"2019-09-03T13:45:30","date_gmt":"2019-09-03T10:45:30","guid":{"rendered":"https:\/\/super-news.info\/es\/el-psoe-se-compromete-a-frenar-las-subidas-abusivas-del-alquiler-con-medidas-normativas-y-fiscales\/"},"modified":"2019-09-03T13:45:31","modified_gmt":"2019-09-03T10:45:31","slug":"el-psoe-se-compromete-a-frenar-las-subidas-abusivas-del-alquiler-con-medidas-normativas-y-fiscales","status":"publish","type":"post","link":"https:\/\/super-news.info\/es\/el-psoe-se-compromete-a-frenar-las-subidas-abusivas-del-alquiler-con-medidas-normativas-y-fiscales\/","title":{"rendered":"El PSOE se compromete a &#8220;frenar las subidas abusivas del alquiler&#8221; con medidas normativas y fiscales"},"content":{"rendered":"<p> [ad_1]<\/p>\n<div id=\"CuerpoNoticiav2\" itemprop=\"articleBody\">\n<h3 class=\"subsubhead\">Quiere definir el concepto de &#8220;vivienda vac\u00eda&#8221; y dotar de herramientas a comunidades y ayuntamientos para movilizarlas con fines sociales<\/h3>\n<p>   MADRID, 3 Sep. (EUROPA PRESS) &#8211; <\/p>\n<p itemprop=\"description\">   El PSOE se compromete en su programa de propuestas a Podemos para negociar un gobierno progresista a &#8220;frenar las subidas abusivas del alquiler&#8221;, estudiando nuevas opciones de car\u00e1cter normativo, fiscal y estad\u00edstico, como el \u00edndice estatal de rentas de referencia.<\/p>\n<p>   Asimismo, apuesta por fomentar el alquiler social para las personas que, tras haber cedido o perdido en ejecuci\u00f3n hipotecaria su vivienda \u00fanica y habitual, no dispongan de alternativa habitacional, evitando las situaciones &#8220;de desamparo y exclusi\u00f3n residencial&#8221;.<\/p>\n<p>   Tambi\u00e9n quiere reforzar la funci\u00f3n social de la vivienda y para ello establecer\u00e1 un marco legal que defina la vivienda vac\u00eda y al gran tenedor de vivienda, y que ponga a disposici\u00f3n de comunidades y ayuntamientos &#8220;distintas herramientas&#8221; para su detecci\u00f3n y para movilizar estas viviendas con fines sociales a precios razonables.<\/p>\n<p>   El PSOE apuesta, asimismo, por impulsar nuevas medidas de car\u00e1cter normativo que refuercen la protecci\u00f3n de las personas hipotecadas, la transparencia de las condiciones de contrataci\u00f3n y de sus implicaciones econ\u00f3micas y jur\u00eddicas, y se reforzar\u00e1 la coordinaci\u00f3n entre los \u00f3rganos judiciales y los servicios sociales en caso de<br \/>ejecuci\u00f3n hipotecaria.<\/p>\n<h2 class=\"ladillo\">REDEFINE LA RENTA B\u00c1SICA DE EMANCIPACI\u00d3N PARA J\u00d3VENES<\/h2>\n<p>   La renta b\u00e1sica de emancipaci\u00f3n para j\u00f3venes que inclu\u00eda el PSOE en su programa electoral se convierte en este nuevo programa en un Plan Nacional de Fomento de la Emancipaci\u00f3n Juvenil, con el objetivo de facilitar el<br \/>acceso a la vivienda en todas las comunidades aut\u00f3nomas, que incluir\u00e1 &#8220;de manera espec\u00edfica&#8221; medidas para facilitar el acceso al alquiler.<\/p>\n<p>   Tambi\u00e9n propone reforzar el Observatorio de la Vivienda con el objetivo de investigar y analizar la situaci\u00f3n de la vivienda en Espa\u00f1a (parque de alquiler privado, vivienda vac\u00eda, necesidades habitacionales o situaciones de riesgos de exclusi\u00f3n residencial), y que permita una auditor\u00eda p\u00fablica de la oferta y calidad de<br \/>las viviendas p\u00fablicas.<\/p>\n<p>   El PSOE vuelve a plantear la ampliaci\u00f3n de la oferta de vivienda asequible, apostando por la rehabilitaci\u00f3n y el alquiler, junto con la creaci\u00f3n de un gran parque de alquiler p\u00fablico de precio asequible, as\u00ed como el impulso de una Ley Estatal de Vivienda.<\/p>\n<p>   Las propuestas socialistas en materia de vivienda tambi\u00e9n incluyen un Plan Estatal para la Rehabilitaci\u00f3n de Viviendas, regular y controlar el uso de la vivienda con fines tur\u00edstico y reforzar el papel de SEPES, el ICO y la Sareb en la pol\u00edtica de vivienda para mejorar el alquiler social.<\/p>\n<\/div>\n<p>[ad_2]<br \/>\n<br \/><a href=\"https:\/\/www.europapress.es\/economia\/construccion-y-vivienda-00342\/noticia-psoe-compromete-frenar-subidas-abusivas-alquiler-medidas-normativas-fiscales-20190903123405.html\">Source link <\/a><\/p>\n","protected":false},"excerpt":{"rendered":"<p>[ad_1] Quiere definir el concepto de &#8220;vivienda vac\u00eda&#8221; y dotar de herramientas a comunidades y ayuntamientos para movilizarlas con fines sociales MADRID, 3 Sep. (EUROPA PRESS) &#8211; El PSOE se compromete en su programa de propuestas a Podemos para negociar un gobierno progresista a &#8220;frenar las subidas abusivas del alquiler&#8221;, estudiando nuevas opciones de car\u00e1cter [&hellip;]<\/p>\n","protected":false},"author":2,"featured_media":10206,"comment_status":"open","ping_status":"open","sticky":false,"template":"","format":"standard","meta":{"footnotes":""},"categories":[1],"tags":[],"class_list":["post-10205","post","type-post","status-publish","format-standard","has-post-thumbnail","hentry","category-noticias-financieras"],"yoast_head":"<!-- This site is optimized with the Yoast SEO plugin v27.4 - https:\/\/yoast.com\/product\/yoast-seo-wordpress\/ -->\n<title>El PSOE se compromete a &quot;frenar las subidas abusivas del alquiler&quot; con medidas normativas y fiscales - Super News<\/title>\n<meta name=\"robots\" content=\"index, follow, max-snippet:-1, max-image-preview:large, max-video-preview:-1\" \/>\n<link rel=\"canonical\" href=\"https:\/\/super-news.info\/es\/el-psoe-se-compromete-a-frenar-las-subidas-abusivas-del-alquiler-con-medidas-normativas-y-fiscales\/\" \/>\n<meta property=\"og:locale\" content=\"en_US\" \/>\n<meta property=\"og:type\" content=\"article\" \/>\n<meta property=\"og:title\" content=\"El PSOE se compromete a &quot;frenar las subidas abusivas del alquiler&quot; con medidas normativas y fiscales - Super News\" \/>\n<meta property=\"og:description\" content=\"[ad_1] Quiere definir el concepto de &#8220;vivienda vac\u00eda&#8221; y dotar de herramientas a comunidades y ayuntamientos para movilizarlas con fines sociales MADRID, 3 Sep. (EUROPA PRESS) &#8211; El PSOE se compromete en su programa de propuestas a Podemos para negociar un gobierno progresista a &#8220;frenar las subidas abusivas del alquiler&#8221;, estudiando nuevas opciones de car\u00e1cter [&hellip;]\" \/>\n<meta property=\"og:url\" content=\"https:\/\/super-news.info\/es\/el-psoe-se-compromete-a-frenar-las-subidas-abusivas-del-alquiler-con-medidas-normativas-y-fiscales\/\" \/>\n<meta property=\"og:site_name\" content=\"Super News\" \/>\n<meta property=\"article:published_time\" content=\"2019-09-03T10:45:30+00:00\" \/>\n<meta property=\"article:modified_time\" content=\"2019-09-03T10:45:31+00:00\" \/>\n<meta property=\"og:image\" content=\"https:\/\/super-news.info\/es\/wp-content\/uploads\/sites\/4\/2019\/09\/El-PSOE-se-compromete-a-frenar-las-subidas-abusivas-del.jpg\" \/>\n\t<meta property=\"og:image:width\" content=\"120\" \/>\n\t<meta property=\"og:image:height\" content=\"80\" \/>\n\t<meta property=\"og:image:type\" content=\"image\/jpeg\" \/>\n<meta name=\"author\" content=\"super-news\" \/>\n<meta name=\"twitter:card\" content=\"summary_large_image\" \/>\n<meta name=\"twitter:label1\" content=\"Written by\" \/>\n\t<meta name=\"twitter:data1\" content=\"super-news\" \/>\n\t<meta name=\"twitter:label2\" content=\"Est. reading time\" \/>\n\t<meta name=\"twitter:data2\" content=\"2 minutes\" \/>\n<script type=\"application\/ld+json\" class=\"yoast-schema-graph\">{\"@context\":\"https:\\\/\\\/schema.org\",\"@graph\":[{\"@type\":\"Article\",\"@id\":\"https:\\\/\\\/super-news.info\\\/es\\\/el-psoe-se-compromete-a-frenar-las-subidas-abusivas-del-alquiler-con-medidas-normativas-y-fiscales\\\/#article\",\"isPartOf\":{\"@id\":\"https:\\\/\\\/super-news.info\\\/es\\\/el-psoe-se-compromete-a-frenar-las-subidas-abusivas-del-alquiler-con-medidas-normativas-y-fiscales\\\/\"},\"author\":{\"name\":\"super-news\",\"@id\":\"https:\\\/\\\/super-news.info\\\/es\\\/#\\\/schema\\\/person\\\/2d4068cb2f39cd10008c2fce578a7356\"},\"headline\":\"El PSOE se compromete a &#8220;frenar las subidas abusivas del alquiler&#8221; con medidas normativas y fiscales\",\"datePublished\":\"2019-09-03T10:45:30+00:00\",\"dateModified\":\"2019-09-03T10:45:31+00:00\",\"mainEntityOfPage\":{\"@id\":\"https:\\\/\\\/super-news.info\\\/es\\\/el-psoe-se-compromete-a-frenar-las-subidas-abusivas-del-alquiler-con-medidas-normativas-y-fiscales\\\/\"},\"wordCount\":476,\"commentCount\":0,\"image\":{\"@id\":\"https:\\\/\\\/super-news.info\\\/es\\\/el-psoe-se-compromete-a-frenar-las-subidas-abusivas-del-alquiler-con-medidas-normativas-y-fiscales\\\/#primaryimage\"},\"thumbnailUrl\":\"https:\\\/\\\/super-news.info\\\/es\\\/wp-content\\\/uploads\\\/sites\\\/4\\\/2019\\\/09\\\/El-PSOE-se-compromete-a-frenar-las-subidas-abusivas-del.jpg\",\"articleSection\":[\"NOTICIAS FINANCIERAS\"],\"inLanguage\":\"en-US\",\"potentialAction\":[{\"@type\":\"CommentAction\",\"name\":\"Comment\",\"target\":[\"https:\\\/\\\/super-news.info\\\/es\\\/el-psoe-se-compromete-a-frenar-las-subidas-abusivas-del-alquiler-con-medidas-normativas-y-fiscales\\\/#respond\"]}]},{\"@type\":\"WebPage\",\"@id\":\"https:\\\/\\\/super-news.info\\\/es\\\/el-psoe-se-compromete-a-frenar-las-subidas-abusivas-del-alquiler-con-medidas-normativas-y-fiscales\\\/\",\"url\":\"https:\\\/\\\/super-news.info\\\/es\\\/el-psoe-se-compromete-a-frenar-las-subidas-abusivas-del-alquiler-con-medidas-normativas-y-fiscales\\\/\",\"name\":\"El PSOE se compromete a \\\"frenar las subidas abusivas del alquiler\\\" con medidas normativas y fiscales - Super News\",\"isPartOf\":{\"@id\":\"https:\\\/\\\/super-news.info\\\/es\\\/#website\"},\"primaryImageOfPage\":{\"@id\":\"https:\\\/\\\/super-news.info\\\/es\\\/el-psoe-se-compromete-a-frenar-las-subidas-abusivas-del-alquiler-con-medidas-normativas-y-fiscales\\\/#primaryimage\"},\"image\":{\"@id\":\"https:\\\/\\\/super-news.info\\\/es\\\/el-psoe-se-compromete-a-frenar-las-subidas-abusivas-del-alquiler-con-medidas-normativas-y-fiscales\\\/#primaryimage\"},\"thumbnailUrl\":\"https:\\\/\\\/super-news.info\\\/es\\\/wp-content\\\/uploads\\\/sites\\\/4\\\/2019\\\/09\\\/El-PSOE-se-compromete-a-frenar-las-subidas-abusivas-del.jpg\",\"datePublished\":\"2019-09-03T10:45:30+00:00\",\"dateModified\":\"2019-09-03T10:45:31+00:00\",\"author\":{\"@id\":\"https:\\\/\\\/super-news.info\\\/es\\\/#\\\/schema\\\/person\\\/2d4068cb2f39cd10008c2fce578a7356\"},\"breadcrumb\":{\"@id\":\"https:\\\/\\\/super-news.info\\\/es\\\/el-psoe-se-compromete-a-frenar-las-subidas-abusivas-del-alquiler-con-medidas-normativas-y-fiscales\\\/#breadcrumb\"},\"inLanguage\":\"en-US\",\"potentialAction\":[{\"@type\":\"ReadAction\",\"target\":[\"https:\\\/\\\/super-news.info\\\/es\\\/el-psoe-se-compromete-a-frenar-las-subidas-abusivas-del-alquiler-con-medidas-normativas-y-fiscales\\\/\"]}]},{\"@type\":\"ImageObject\",\"inLanguage\":\"en-US\",\"@id\":\"https:\\\/\\\/super-news.info\\\/es\\\/el-psoe-se-compromete-a-frenar-las-subidas-abusivas-del-alquiler-con-medidas-normativas-y-fiscales\\\/#primaryimage\",\"url\":\"https:\\\/\\\/super-news.info\\\/es\\\/wp-content\\\/uploads\\\/sites\\\/4\\\/2019\\\/09\\\/El-PSOE-se-compromete-a-frenar-las-subidas-abusivas-del.jpg\",\"contentUrl\":\"https:\\\/\\\/super-news.info\\\/es\\\/wp-content\\\/uploads\\\/sites\\\/4\\\/2019\\\/09\\\/El-PSOE-se-compromete-a-frenar-las-subidas-abusivas-del.jpg\",\"width\":120,\"height\":80,\"caption\":\"El PSOE se compromete a \\\"frenar las subidas abusivas del alquiler\\\" con medidas normativas y fiscales\"},{\"@type\":\"BreadcrumbList\",\"@id\":\"https:\\\/\\\/super-news.info\\\/es\\\/el-psoe-se-compromete-a-frenar-las-subidas-abusivas-del-alquiler-con-medidas-normativas-y-fiscales\\\/#breadcrumb\",\"itemListElement\":[{\"@type\":\"ListItem\",\"position\":1,\"name\":\"\u0413\u043b\u0430\u0432\u043d\u0430\u044f \u0441\u0442\u0440\u0430\u043d\u0438\u0446\u0430\",\"item\":\"https:\\\/\\\/super-news.info\\\/es\\\/\"},{\"@type\":\"ListItem\",\"position\":2,\"name\":\"El PSOE se compromete a &#8220;frenar las subidas abusivas del alquiler&#8221; con medidas normativas y fiscales\"}]},{\"@type\":\"WebSite\",\"@id\":\"https:\\\/\\\/super-news.info\\\/es\\\/#website\",\"url\":\"https:\\\/\\\/super-news.info\\\/es\\\/\",\"name\":\"Super News\",\"description\":\"Super News Espa\u00f1a\",\"potentialAction\":[{\"@type\":\"SearchAction\",\"target\":{\"@type\":\"EntryPoint\",\"urlTemplate\":\"https:\\\/\\\/super-news.info\\\/es\\\/?s={search_term_string}\"},\"query-input\":{\"@type\":\"PropertyValueSpecification\",\"valueRequired\":true,\"valueName\":\"search_term_string\"}}],\"inLanguage\":\"en-US\"},{\"@type\":\"Person\",\"@id\":\"https:\\\/\\\/super-news.info\\\/es\\\/#\\\/schema\\\/person\\\/2d4068cb2f39cd10008c2fce578a7356\",\"name\":\"super-news\",\"image\":{\"@type\":\"ImageObject\",\"inLanguage\":\"en-US\",\"@id\":\"https:\\\/\\\/secure.gravatar.com\\\/avatar\\\/64ebac40b93f26a154f8a9b5b6fdccfc46f442b26b3dd6756dbff3bf9dc76fd7?s=96&d=mm&r=g\",\"url\":\"https:\\\/\\\/secure.gravatar.com\\\/avatar\\\/64ebac40b93f26a154f8a9b5b6fdccfc46f442b26b3dd6756dbff3bf9dc76fd7?s=96&d=mm&r=g\",\"contentUrl\":\"https:\\\/\\\/secure.gravatar.com\\\/avatar\\\/64ebac40b93f26a154f8a9b5b6fdccfc46f442b26b3dd6756dbff3bf9dc76fd7?s=96&d=mm&r=g\",\"caption\":\"super-news\"},\"url\":\"https:\\\/\\\/super-news.info\\\/es\\\/author\\\/pt\\\/\"}]}<\/script>\n<!-- \/ Yoast SEO plugin. -->","yoast_head_json":{"title":"El PSOE se compromete a \"frenar las subidas abusivas del alquiler\" con medidas normativas y fiscales - Super News","robots":{"index":"index","follow":"follow","max-snippet":"max-snippet:-1","max-image-preview":"max-image-preview:large","max-video-preview":"max-video-preview:-1"},"canonical":"https:\/\/super-news.info\/es\/el-psoe-se-compromete-a-frenar-las-subidas-abusivas-del-alquiler-con-medidas-normativas-y-fiscales\/","og_locale":"en_US","og_type":"article","og_title":"El PSOE se compromete a \"frenar las subidas abusivas del alquiler\" con medidas normativas y fiscales - Super News","og_description":"[ad_1] Quiere definir el concepto de &#8220;vivienda vac\u00eda&#8221; y dotar de herramientas a comunidades y ayuntamientos para movilizarlas con fines sociales MADRID, 3 Sep. (EUROPA PRESS) &#8211; El PSOE se compromete en su programa de propuestas a Podemos para negociar un gobierno progresista a &#8220;frenar las subidas abusivas del alquiler&#8221;, estudiando nuevas opciones de car\u00e1cter [&hellip;]","og_url":"https:\/\/super-news.info\/es\/el-psoe-se-compromete-a-frenar-las-subidas-abusivas-del-alquiler-con-medidas-normativas-y-fiscales\/","og_site_name":"Super News","article_published_time":"2019-09-03T10:45:30+00:00","article_modified_time":"2019-09-03T10:45:31+00:00","og_image":[{"width":120,"height":80,"url":"https:\/\/super-news.info\/es\/wp-content\/uploads\/sites\/4\/2019\/09\/El-PSOE-se-compromete-a-frenar-las-subidas-abusivas-del.jpg","type":"image\/jpeg"}],"author":"super-news","twitter_card":"summary_large_image","twitter_misc":{"Written by":"super-news","Est. reading time":"2 minutes"},"schema":{"@context":"https:\/\/schema.org","@graph":[{"@type":"Article","@id":"https:\/\/super-news.info\/es\/el-psoe-se-compromete-a-frenar-las-subidas-abusivas-del-alquiler-con-medidas-normativas-y-fiscales\/#article","isPartOf":{"@id":"https:\/\/super-news.info\/es\/el-psoe-se-compromete-a-frenar-las-subidas-abusivas-del-alquiler-con-medidas-normativas-y-fiscales\/"},"author":{"name":"super-news","@id":"https:\/\/super-news.info\/es\/#\/schema\/person\/2d4068cb2f39cd10008c2fce578a7356"},"headline":"El PSOE se compromete a &#8220;frenar las subidas abusivas del alquiler&#8221; con medidas normativas y fiscales","datePublished":"2019-09-03T10:45:30+00:00","dateModified":"2019-09-03T10:45:31+00:00","mainEntityOfPage":{"@id":"https:\/\/super-news.info\/es\/el-psoe-se-compromete-a-frenar-las-subidas-abusivas-del-alquiler-con-medidas-normativas-y-fiscales\/"},"wordCount":476,"commentCount":0,"image":{"@id":"https:\/\/super-news.info\/es\/el-psoe-se-compromete-a-frenar-las-subidas-abusivas-del-alquiler-con-medidas-normativas-y-fiscales\/#primaryimage"},"thumbnailUrl":"https:\/\/super-news.info\/es\/wp-content\/uploads\/sites\/4\/2019\/09\/El-PSOE-se-compromete-a-frenar-las-subidas-abusivas-del.jpg","articleSection":["NOTICIAS FINANCIERAS"],"inLanguage":"en-US","potentialAction":[{"@type":"CommentAction","name":"Comment","target":["https:\/\/super-news.info\/es\/el-psoe-se-compromete-a-frenar-las-subidas-abusivas-del-alquiler-con-medidas-normativas-y-fiscales\/#respond"]}]},{"@type":"WebPage","@id":"https:\/\/super-news.info\/es\/el-psoe-se-compromete-a-frenar-las-subidas-abusivas-del-alquiler-con-medidas-normativas-y-fiscales\/","url":"https:\/\/super-news.info\/es\/el-psoe-se-compromete-a-frenar-las-subidas-abusivas-del-alquiler-con-medidas-normativas-y-fiscales\/","name":"El PSOE se compromete a \"frenar las subidas abusivas del alquiler\" con medidas normativas y fiscales - Super News","isPartOf":{"@id":"https:\/\/super-news.info\/es\/#website"},"primaryImageOfPage":{"@id":"https:\/\/super-news.info\/es\/el-psoe-se-compromete-a-frenar-las-subidas-abusivas-del-alquiler-con-medidas-normativas-y-fiscales\/#primaryimage"},"image":{"@id":"https:\/\/super-news.info\/es\/el-psoe-se-compromete-a-frenar-las-subidas-abusivas-del-alquiler-con-medidas-normativas-y-fiscales\/#primaryimage"},"thumbnailUrl":"https:\/\/super-news.info\/es\/wp-content\/uploads\/sites\/4\/2019\/09\/El-PSOE-se-compromete-a-frenar-las-subidas-abusivas-del.jpg","datePublished":"2019-09-03T10:45:30+00:00","dateModified":"2019-09-03T10:45:31+00:00","author":{"@id":"https:\/\/super-news.info\/es\/#\/schema\/person\/2d4068cb2f39cd10008c2fce578a7356"},"breadcrumb":{"@id":"https:\/\/super-news.info\/es\/el-psoe-se-compromete-a-frenar-las-subidas-abusivas-del-alquiler-con-medidas-normativas-y-fiscales\/#breadcrumb"},"inLanguage":"en-US","potentialAction":[{"@type":"ReadAction","target":["https:\/\/super-news.info\/es\/el-psoe-se-compromete-a-frenar-las-subidas-abusivas-del-alquiler-con-medidas-normativas-y-fiscales\/"]}]},{"@type":"ImageObject","inLanguage":"en-US","@id":"https:\/\/super-news.info\/es\/el-psoe-se-compromete-a-frenar-las-subidas-abusivas-del-alquiler-con-medidas-normativas-y-fiscales\/#primaryimage","url":"https:\/\/super-news.info\/es\/wp-content\/uploads\/sites\/4\/2019\/09\/El-PSOE-se-compromete-a-frenar-las-subidas-abusivas-del.jpg","contentUrl":"https:\/\/super-news.info\/es\/wp-content\/uploads\/sites\/4\/2019\/09\/El-PSOE-se-compromete-a-frenar-las-subidas-abusivas-del.jpg","width":120,"height":80,"caption":"El PSOE se compromete a \"frenar las subidas abusivas del alquiler\" con medidas normativas y fiscales"},{"@type":"BreadcrumbList","@id":"https:\/\/super-news.info\/es\/el-psoe-se-compromete-a-frenar-las-subidas-abusivas-del-alquiler-con-medidas-normativas-y-fiscales\/#breadcrumb","itemListElement":[{"@type":"ListItem","position":1,"name":"\u0413\u043b\u0430\u0432\u043d\u0430\u044f \u0441\u0442\u0440\u0430\u043d\u0438\u0446\u0430","item":"https:\/\/super-news.info\/es\/"},{"@type":"ListItem","position":2,"name":"El PSOE se compromete a &#8220;frenar las subidas abusivas del alquiler&#8221; con medidas normativas y fiscales"}]},{"@type":"WebSite","@id":"https:\/\/super-news.info\/es\/#website","url":"https:\/\/super-news.info\/es\/","name":"Super News","description":"Super News Espa\u00f1a","potentialAction":[{"@type":"SearchAction","target":{"@type":"EntryPoint","urlTemplate":"https:\/\/super-news.info\/es\/?s={search_term_string}"},"query-input":{"@type":"PropertyValueSpecification","valueRequired":true,"valueName":"search_term_string"}}],"inLanguage":"en-US"},{"@type":"Person","@id":"https:\/\/super-news.info\/es\/#\/schema\/person\/2d4068cb2f39cd10008c2fce578a7356","name":"super-news","image":{"@type":"ImageObject","inLanguage":"en-US","@id":"https:\/\/secure.gravatar.com\/avatar\/64ebac40b93f26a154f8a9b5b6fdccfc46f442b26b3dd6756dbff3bf9dc76fd7?s=96&d=mm&r=g","url":"https:\/\/secure.gravatar.com\/avatar\/64ebac40b93f26a154f8a9b5b6fdccfc46f442b26b3dd6756dbff3bf9dc76fd7?s=96&d=mm&r=g","contentUrl":"https:\/\/secure.gravatar.com\/avatar\/64ebac40b93f26a154f8a9b5b6fdccfc46f442b26b3dd6756dbff3bf9dc76fd7?s=96&d=mm&r=g","caption":"super-news"},"url":"https:\/\/super-news.info\/es\/author\/pt\/"}]}},"_links":{"self":[{"href":"https:\/\/super-news.info\/es\/wp-json\/wp\/v2\/posts\/10205","targetHints":{"allow":["GET"]}}],"collection":[{"href":"https:\/\/super-news.info\/es\/wp-json\/wp\/v2\/posts"}],"about":[{"href":"https:\/\/super-news.info\/es\/wp-json\/wp\/v2\/types\/post"}],"author":[{"embeddable":true,"href":"https:\/\/super-news.info\/es\/wp-json\/wp\/v2\/users\/2"}],"replies":[{"embeddable":true,"href":"https:\/\/super-news.info\/es\/wp-json\/wp\/v2\/comments?post=10205"}],"version-history":[{"count":1,"href":"https:\/\/super-news.info\/es\/wp-json\/wp\/v2\/posts\/10205\/revisions"}],"predecessor-version":[{"id":10207,"href":"https:\/\/super-news.info\/es\/wp-json\/wp\/v2\/posts\/10205\/revisions\/10207"}],"wp:featuredmedia":[{"embeddable":true,"href":"https:\/\/super-news.info\/es\/wp-json\/wp\/v2\/media\/10206"}],"wp:attachment":[{"href":"https:\/\/super-news.info\/es\/wp-json\/wp\/v2\/media?parent=10205"}],"wp:term":[{"taxonomy":"category","embeddable":true,"href":"https:\/\/super-news.info\/es\/wp-json\/wp\/v2\/categories?post=10205"},{"taxonomy":"post_tag","embeddable":true,"href":"https:\/\/super-news.info\/es\/wp-json\/wp\/v2\/tags?post=10205"}],"curies":[{"name":"wp","href":"https:\/\/api.w.org\/{rel}","templated":true}]}}