{"id":10040,"date":"2019-09-01T12:20:48","date_gmt":"2019-09-01T09:20:48","guid":{"rendered":"https:\/\/super-news.info\/es\/ugt-alerta-de-que-el-fraude-en-la-contratacion-es-lo-que-provoca-la-subida-del-paro-en-agosto\/"},"modified":"2019-09-01T12:20:50","modified_gmt":"2019-09-01T09:20:50","slug":"ugt-alerta-de-que-el-fraude-en-la-contratacion-es-lo-que-provoca-la-subida-del-paro-en-agosto","status":"publish","type":"post","link":"https:\/\/super-news.info\/es\/ugt-alerta-de-que-el-fraude-en-la-contratacion-es-lo-que-provoca-la-subida-del-paro-en-agosto\/","title":{"rendered":"UGT alerta de que el fraude en la contrataci\u00f3n es lo que provoca la subida del paro en agosto"},"content":{"rendered":"<p> [ad_1]<br \/>\n<\/p>\n<div id=\"CuerpoNoticiav2\" itemprop=\"articleBody\">\n<p>MADRID, 1 Sep. (EUROPA PRESS) &#8211; <\/p>\n<p itemprop=\"description\">   UGT ha alertado de que el fraude generalizado en la contrataci\u00f3n por el que no se cubren los puestos de trabajo con contratos adecuados es lo que provoca la subida del paro todos los meses de agosto, seg\u00fan ha se\u00f1alado en un comunicado.<\/p>\n<p>   En concreto, desde 2001, el n\u00famero de afiliados a la Seguridad Social ha descendido en agosto todos los a\u00f1os y con una cuant\u00eda media que ha rondado los 145.834 afiliados menos. As\u00ed, siempre se han registrado aumentos de paro, menos en 2013 que se redujo en 31 personas, y la media de incremento desde 2001 se ha situado en 39.639 personas.<\/p>\n<p>   La organizaci\u00f3n sindical ha destacado que, por razones estacionales, agosto, junto con enero, es uno de los meses en los que m\u00e1s empleo se destruye.<\/p>\n<p>   &#8220;En muchos casos se utilizan contratos de car\u00e1cter temporal que se rescinden en estas fechas de baja actividad, en lugar de mantener contratos indefinidos o fijos discontinuos como determina la Ley por la naturaleza de los puestos de trabajo&#8221;, ha remarcado el sindicato, que ha insistido en que esto es lo que provoca que Espa\u00f1a tenga unos niveles de temporalidad y rotaci\u00f3n &#8220;an\u00f3malamente elevados&#8221;.<\/p>\n<p>   Por sectores, el de la educaci\u00f3n es donde las empresas rescinden m\u00e1s contratos de trabajadores cuando comienza el periodo estival y cesan las clases para darlos de alta de nuevo en septiembre. De hecho, esta suele ser la actividad donde m\u00e1s aumenta el paro en verano.<\/p>\n<p>   En los \u00faltimos cinco a\u00f1os, el sector de la educaci\u00f3n ha perdido entre 180.000 y 231.000 empleos cada a\u00f1o en los meses que van de junio a agosto. Solo en agosto, las p\u00e9rdidas han oscilado entre los 50.000 y los 61.000 empleos.<\/p>\n<p>   Sin embargo, este no es el \u00fanico sector donde el empleo cae en verano. Tambi\u00e9n destacan el de la construcci\u00f3n, la industria manufacturera, los servicios para el empleo, servicios sociales sin alojamiento o las actividades deportivas, recreativas y de entretenimiento.<\/p>\n<p>   En concreto, el a\u00f1o pasado en estos sectores se registraron descensos del empleo que fueron desde los 26.746 de los servicios para el empleo a los 25.858 de la industria manufacturera, pasando por las ca\u00eddas de 22.562 personas de la construcci\u00f3n, de 14.512 del sector de las actividades deportivas, que incluye a gimnasios y clubes deportivos, y los 4.433 de los servicios sociales sin alojamiento.<\/p>\n<h2 class=\"ladillo\">INSEGURIDAD LABORAL &#8220;INADMISIBLE&#8221;<\/h2>\n<p>   UGT ha se\u00f1alado que en realidad estos trabajadores desempe\u00f1an un trabajo permanente y estructural, por lo que &#8220;deber\u00eda cubrirse con un contrato indefinido&#8221;.<\/p>\n<p>   &#8220;Esta situaci\u00f3n de inseguridad laboral es inadmisible y tiene costes importantes tanto para el trabajador como para la Seguridad Social&#8221;, ha denunciado el sindicato.<\/p>\n<p>   La organizaci\u00f3n que lidera Pepe \u00c1lvarez ha afirmado que estas recurrentes fluctuaciones de empleo en este mes ponen de relieve el &#8220;reiterado incumplimiento de la legalidad de las empresas en materia de contrataci\u00f3n&#8221;.<\/p>\n<p>   Por todo ello, UGT cree que deber\u00eda realizarse una revisi\u00f3n y un an\u00e1lisis detallado del uso efectivo de la contrataci\u00f3n temporal en el conjunto del sistema productivo, &#8220;con el objetivo de reducir el nivel general de la precariedad en el empleo en el sistema laboral espa\u00f1ol&#8221;.<\/p>\n<\/div>\n<p>[ad_2]<br \/>\n<br \/><a href=\"https:\/\/www.europapress.es\/economia\/noticia-ugt-alerta-fraude-contratacion-provoca-subida-paro-agosto-20190901075950.html\">Source link <\/a><\/p>\n","protected":false},"excerpt":{"rendered":"<p>[ad_1] MADRID, 1 Sep. (EUROPA PRESS) &#8211; UGT ha alertado de que el fraude generalizado en la contrataci\u00f3n por el que no se cubren los puestos de trabajo con contratos adecuados es lo que provoca la subida del paro todos los meses de agosto, seg\u00fan ha se\u00f1alado en un comunicado. En concreto, desde 2001, el [&hellip;]<\/p>\n","protected":false},"author":2,"featured_media":180,"comment_status":"open","ping_status":"open","sticky":false,"template":"","format":"standard","meta":{"footnotes":""},"categories":[1],"tags":[],"class_list":["post-10040","post","type-post","status-publish","format-standard","has-post-thumbnail","hentry","category-noticias-financieras"],"yoast_head":"<!-- This site is optimized with the Yoast SEO plugin v27.4 - https:\/\/yoast.com\/product\/yoast-seo-wordpress\/ -->\n<title>UGT alerta de que el fraude en la contrataci\u00f3n es lo que provoca la subida del paro en agosto - Super News<\/title>\n<meta name=\"robots\" content=\"index, follow, max-snippet:-1, max-image-preview:large, max-video-preview:-1\" \/>\n<link rel=\"canonical\" href=\"https:\/\/super-news.info\/es\/ugt-alerta-de-que-el-fraude-en-la-contratacion-es-lo-que-provoca-la-subida-del-paro-en-agosto\/\" \/>\n<meta property=\"og:locale\" content=\"en_US\" \/>\n<meta property=\"og:type\" content=\"article\" \/>\n<meta property=\"og:title\" content=\"UGT alerta de que el fraude en la contrataci\u00f3n es lo que provoca la subida del paro en agosto - Super News\" \/>\n<meta property=\"og:description\" content=\"[ad_1] MADRID, 1 Sep. (EUROPA PRESS) &#8211; UGT ha alertado de que el fraude generalizado en la contrataci\u00f3n por el que no se cubren los puestos de trabajo con contratos adecuados es lo que provoca la subida del paro todos los meses de agosto, seg\u00fan ha se\u00f1alado en un comunicado. En concreto, desde 2001, el [&hellip;]\" \/>\n<meta property=\"og:url\" content=\"https:\/\/super-news.info\/es\/ugt-alerta-de-que-el-fraude-en-la-contratacion-es-lo-que-provoca-la-subida-del-paro-en-agosto\/\" \/>\n<meta property=\"og:site_name\" content=\"Super News\" \/>\n<meta property=\"article:published_time\" content=\"2019-09-01T09:20:48+00:00\" \/>\n<meta property=\"article:modified_time\" content=\"2019-09-01T09:20:50+00:00\" \/>\n<meta property=\"og:image\" content=\"https:\/\/super-news.info\/es\/wp-content\/uploads\/sites\/4\/2019\/04\/La-tasa-de-empleo-de-la-OCDE-registr\u00f3-un-r\u00e9cord.jpg\" \/>\n\t<meta property=\"og:image:width\" content=\"1024\" \/>\n\t<meta property=\"og:image:height\" content=\"512\" \/>\n\t<meta property=\"og:image:type\" content=\"image\/jpeg\" \/>\n<meta name=\"author\" content=\"super-news\" \/>\n<meta name=\"twitter:card\" content=\"summary_large_image\" \/>\n<meta name=\"twitter:label1\" content=\"Written by\" \/>\n\t<meta name=\"twitter:data1\" content=\"super-news\" \/>\n\t<meta name=\"twitter:label2\" content=\"Est. reading time\" \/>\n\t<meta name=\"twitter:data2\" content=\"3 minutes\" \/>\n<script type=\"application\/ld+json\" class=\"yoast-schema-graph\">{\"@context\":\"https:\\\/\\\/schema.org\",\"@graph\":[{\"@type\":\"Article\",\"@id\":\"https:\\\/\\\/super-news.info\\\/es\\\/ugt-alerta-de-que-el-fraude-en-la-contratacion-es-lo-que-provoca-la-subida-del-paro-en-agosto\\\/#article\",\"isPartOf\":{\"@id\":\"https:\\\/\\\/super-news.info\\\/es\\\/ugt-alerta-de-que-el-fraude-en-la-contratacion-es-lo-que-provoca-la-subida-del-paro-en-agosto\\\/\"},\"author\":{\"name\":\"super-news\",\"@id\":\"https:\\\/\\\/super-news.info\\\/es\\\/#\\\/schema\\\/person\\\/2d4068cb2f39cd10008c2fce578a7356\"},\"headline\":\"UGT alerta de que el fraude en la contrataci\u00f3n es lo que provoca la subida del paro en agosto\",\"datePublished\":\"2019-09-01T09:20:48+00:00\",\"dateModified\":\"2019-09-01T09:20:50+00:00\",\"mainEntityOfPage\":{\"@id\":\"https:\\\/\\\/super-news.info\\\/es\\\/ugt-alerta-de-que-el-fraude-en-la-contratacion-es-lo-que-provoca-la-subida-del-paro-en-agosto\\\/\"},\"wordCount\":564,\"commentCount\":0,\"image\":{\"@id\":\"https:\\\/\\\/super-news.info\\\/es\\\/ugt-alerta-de-que-el-fraude-en-la-contratacion-es-lo-que-provoca-la-subida-del-paro-en-agosto\\\/#primaryimage\"},\"thumbnailUrl\":\"https:\\\/\\\/super-news.info\\\/es\\\/wp-content\\\/uploads\\\/sites\\\/4\\\/2019\\\/04\\\/La-tasa-de-empleo-de-la-OCDE-registr\u00f3-un-r\u00e9cord.jpg\",\"articleSection\":[\"NOTICIAS FINANCIERAS\"],\"inLanguage\":\"en-US\",\"potentialAction\":[{\"@type\":\"CommentAction\",\"name\":\"Comment\",\"target\":[\"https:\\\/\\\/super-news.info\\\/es\\\/ugt-alerta-de-que-el-fraude-en-la-contratacion-es-lo-que-provoca-la-subida-del-paro-en-agosto\\\/#respond\"]}]},{\"@type\":\"WebPage\",\"@id\":\"https:\\\/\\\/super-news.info\\\/es\\\/ugt-alerta-de-que-el-fraude-en-la-contratacion-es-lo-que-provoca-la-subida-del-paro-en-agosto\\\/\",\"url\":\"https:\\\/\\\/super-news.info\\\/es\\\/ugt-alerta-de-que-el-fraude-en-la-contratacion-es-lo-que-provoca-la-subida-del-paro-en-agosto\\\/\",\"name\":\"UGT alerta de que el fraude en la contrataci\u00f3n es lo que provoca la subida del paro en agosto - Super News\",\"isPartOf\":{\"@id\":\"https:\\\/\\\/super-news.info\\\/es\\\/#website\"},\"primaryImageOfPage\":{\"@id\":\"https:\\\/\\\/super-news.info\\\/es\\\/ugt-alerta-de-que-el-fraude-en-la-contratacion-es-lo-que-provoca-la-subida-del-paro-en-agosto\\\/#primaryimage\"},\"image\":{\"@id\":\"https:\\\/\\\/super-news.info\\\/es\\\/ugt-alerta-de-que-el-fraude-en-la-contratacion-es-lo-que-provoca-la-subida-del-paro-en-agosto\\\/#primaryimage\"},\"thumbnailUrl\":\"https:\\\/\\\/super-news.info\\\/es\\\/wp-content\\\/uploads\\\/sites\\\/4\\\/2019\\\/04\\\/La-tasa-de-empleo-de-la-OCDE-registr\u00f3-un-r\u00e9cord.jpg\",\"datePublished\":\"2019-09-01T09:20:48+00:00\",\"dateModified\":\"2019-09-01T09:20:50+00:00\",\"author\":{\"@id\":\"https:\\\/\\\/super-news.info\\\/es\\\/#\\\/schema\\\/person\\\/2d4068cb2f39cd10008c2fce578a7356\"},\"breadcrumb\":{\"@id\":\"https:\\\/\\\/super-news.info\\\/es\\\/ugt-alerta-de-que-el-fraude-en-la-contratacion-es-lo-que-provoca-la-subida-del-paro-en-agosto\\\/#breadcrumb\"},\"inLanguage\":\"en-US\",\"potentialAction\":[{\"@type\":\"ReadAction\",\"target\":[\"https:\\\/\\\/super-news.info\\\/es\\\/ugt-alerta-de-que-el-fraude-en-la-contratacion-es-lo-que-provoca-la-subida-del-paro-en-agosto\\\/\"]}]},{\"@type\":\"ImageObject\",\"inLanguage\":\"en-US\",\"@id\":\"https:\\\/\\\/super-news.info\\\/es\\\/ugt-alerta-de-que-el-fraude-en-la-contratacion-es-lo-que-provoca-la-subida-del-paro-en-agosto\\\/#primaryimage\",\"url\":\"https:\\\/\\\/super-news.info\\\/es\\\/wp-content\\\/uploads\\\/sites\\\/4\\\/2019\\\/04\\\/La-tasa-de-empleo-de-la-OCDE-registr\u00f3-un-r\u00e9cord.jpg\",\"contentUrl\":\"https:\\\/\\\/super-news.info\\\/es\\\/wp-content\\\/uploads\\\/sites\\\/4\\\/2019\\\/04\\\/La-tasa-de-empleo-de-la-OCDE-registr\u00f3-un-r\u00e9cord.jpg\",\"width\":1024,\"height\":512,\"caption\":\"La tasa de empleo de la OCDE registr\u00f3 un r\u00e9cord del 68,6% al cierre de 2018\"},{\"@type\":\"BreadcrumbList\",\"@id\":\"https:\\\/\\\/super-news.info\\\/es\\\/ugt-alerta-de-que-el-fraude-en-la-contratacion-es-lo-que-provoca-la-subida-del-paro-en-agosto\\\/#breadcrumb\",\"itemListElement\":[{\"@type\":\"ListItem\",\"position\":1,\"name\":\"\u0413\u043b\u0430\u0432\u043d\u0430\u044f \u0441\u0442\u0440\u0430\u043d\u0438\u0446\u0430\",\"item\":\"https:\\\/\\\/super-news.info\\\/es\\\/\"},{\"@type\":\"ListItem\",\"position\":2,\"name\":\"UGT alerta de que el fraude en la contrataci\u00f3n es lo que provoca la subida del paro en agosto\"}]},{\"@type\":\"WebSite\",\"@id\":\"https:\\\/\\\/super-news.info\\\/es\\\/#website\",\"url\":\"https:\\\/\\\/super-news.info\\\/es\\\/\",\"name\":\"Super News\",\"description\":\"Super News Espa\u00f1a\",\"potentialAction\":[{\"@type\":\"SearchAction\",\"target\":{\"@type\":\"EntryPoint\",\"urlTemplate\":\"https:\\\/\\\/super-news.info\\\/es\\\/?s={search_term_string}\"},\"query-input\":{\"@type\":\"PropertyValueSpecification\",\"valueRequired\":true,\"valueName\":\"search_term_string\"}}],\"inLanguage\":\"en-US\"},{\"@type\":\"Person\",\"@id\":\"https:\\\/\\\/super-news.info\\\/es\\\/#\\\/schema\\\/person\\\/2d4068cb2f39cd10008c2fce578a7356\",\"name\":\"super-news\",\"image\":{\"@type\":\"ImageObject\",\"inLanguage\":\"en-US\",\"@id\":\"https:\\\/\\\/secure.gravatar.com\\\/avatar\\\/64ebac40b93f26a154f8a9b5b6fdccfc46f442b26b3dd6756dbff3bf9dc76fd7?s=96&d=mm&r=g\",\"url\":\"https:\\\/\\\/secure.gravatar.com\\\/avatar\\\/64ebac40b93f26a154f8a9b5b6fdccfc46f442b26b3dd6756dbff3bf9dc76fd7?s=96&d=mm&r=g\",\"contentUrl\":\"https:\\\/\\\/secure.gravatar.com\\\/avatar\\\/64ebac40b93f26a154f8a9b5b6fdccfc46f442b26b3dd6756dbff3bf9dc76fd7?s=96&d=mm&r=g\",\"caption\":\"super-news\"},\"url\":\"https:\\\/\\\/super-news.info\\\/es\\\/author\\\/pt\\\/\"}]}<\/script>\n<!-- \/ Yoast SEO plugin. -->","yoast_head_json":{"title":"UGT alerta de que el fraude en la contrataci\u00f3n es lo que provoca la subida del paro en agosto - Super News","robots":{"index":"index","follow":"follow","max-snippet":"max-snippet:-1","max-image-preview":"max-image-preview:large","max-video-preview":"max-video-preview:-1"},"canonical":"https:\/\/super-news.info\/es\/ugt-alerta-de-que-el-fraude-en-la-contratacion-es-lo-que-provoca-la-subida-del-paro-en-agosto\/","og_locale":"en_US","og_type":"article","og_title":"UGT alerta de que el fraude en la contrataci\u00f3n es lo que provoca la subida del paro en agosto - Super News","og_description":"[ad_1] MADRID, 1 Sep. (EUROPA PRESS) &#8211; UGT ha alertado de que el fraude generalizado en la contrataci\u00f3n por el que no se cubren los puestos de trabajo con contratos adecuados es lo que provoca la subida del paro todos los meses de agosto, seg\u00fan ha se\u00f1alado en un comunicado. En concreto, desde 2001, el [&hellip;]","og_url":"https:\/\/super-news.info\/es\/ugt-alerta-de-que-el-fraude-en-la-contratacion-es-lo-que-provoca-la-subida-del-paro-en-agosto\/","og_site_name":"Super News","article_published_time":"2019-09-01T09:20:48+00:00","article_modified_time":"2019-09-01T09:20:50+00:00","og_image":[{"width":1024,"height":512,"url":"https:\/\/super-news.info\/es\/wp-content\/uploads\/sites\/4\/2019\/04\/La-tasa-de-empleo-de-la-OCDE-registr\u00f3-un-r\u00e9cord.jpg","type":"image\/jpeg"}],"author":"super-news","twitter_card":"summary_large_image","twitter_misc":{"Written by":"super-news","Est. reading time":"3 minutes"},"schema":{"@context":"https:\/\/schema.org","@graph":[{"@type":"Article","@id":"https:\/\/super-news.info\/es\/ugt-alerta-de-que-el-fraude-en-la-contratacion-es-lo-que-provoca-la-subida-del-paro-en-agosto\/#article","isPartOf":{"@id":"https:\/\/super-news.info\/es\/ugt-alerta-de-que-el-fraude-en-la-contratacion-es-lo-que-provoca-la-subida-del-paro-en-agosto\/"},"author":{"name":"super-news","@id":"https:\/\/super-news.info\/es\/#\/schema\/person\/2d4068cb2f39cd10008c2fce578a7356"},"headline":"UGT alerta de que el fraude en la contrataci\u00f3n es lo que provoca la subida del paro en agosto","datePublished":"2019-09-01T09:20:48+00:00","dateModified":"2019-09-01T09:20:50+00:00","mainEntityOfPage":{"@id":"https:\/\/super-news.info\/es\/ugt-alerta-de-que-el-fraude-en-la-contratacion-es-lo-que-provoca-la-subida-del-paro-en-agosto\/"},"wordCount":564,"commentCount":0,"image":{"@id":"https:\/\/super-news.info\/es\/ugt-alerta-de-que-el-fraude-en-la-contratacion-es-lo-que-provoca-la-subida-del-paro-en-agosto\/#primaryimage"},"thumbnailUrl":"https:\/\/super-news.info\/es\/wp-content\/uploads\/sites\/4\/2019\/04\/La-tasa-de-empleo-de-la-OCDE-registr\u00f3-un-r\u00e9cord.jpg","articleSection":["NOTICIAS FINANCIERAS"],"inLanguage":"en-US","potentialAction":[{"@type":"CommentAction","name":"Comment","target":["https:\/\/super-news.info\/es\/ugt-alerta-de-que-el-fraude-en-la-contratacion-es-lo-que-provoca-la-subida-del-paro-en-agosto\/#respond"]}]},{"@type":"WebPage","@id":"https:\/\/super-news.info\/es\/ugt-alerta-de-que-el-fraude-en-la-contratacion-es-lo-que-provoca-la-subida-del-paro-en-agosto\/","url":"https:\/\/super-news.info\/es\/ugt-alerta-de-que-el-fraude-en-la-contratacion-es-lo-que-provoca-la-subida-del-paro-en-agosto\/","name":"UGT alerta de que el fraude en la contrataci\u00f3n es lo que provoca la subida del paro en agosto - Super News","isPartOf":{"@id":"https:\/\/super-news.info\/es\/#website"},"primaryImageOfPage":{"@id":"https:\/\/super-news.info\/es\/ugt-alerta-de-que-el-fraude-en-la-contratacion-es-lo-que-provoca-la-subida-del-paro-en-agosto\/#primaryimage"},"image":{"@id":"https:\/\/super-news.info\/es\/ugt-alerta-de-que-el-fraude-en-la-contratacion-es-lo-que-provoca-la-subida-del-paro-en-agosto\/#primaryimage"},"thumbnailUrl":"https:\/\/super-news.info\/es\/wp-content\/uploads\/sites\/4\/2019\/04\/La-tasa-de-empleo-de-la-OCDE-registr\u00f3-un-r\u00e9cord.jpg","datePublished":"2019-09-01T09:20:48+00:00","dateModified":"2019-09-01T09:20:50+00:00","author":{"@id":"https:\/\/super-news.info\/es\/#\/schema\/person\/2d4068cb2f39cd10008c2fce578a7356"},"breadcrumb":{"@id":"https:\/\/super-news.info\/es\/ugt-alerta-de-que-el-fraude-en-la-contratacion-es-lo-que-provoca-la-subida-del-paro-en-agosto\/#breadcrumb"},"inLanguage":"en-US","potentialAction":[{"@type":"ReadAction","target":["https:\/\/super-news.info\/es\/ugt-alerta-de-que-el-fraude-en-la-contratacion-es-lo-que-provoca-la-subida-del-paro-en-agosto\/"]}]},{"@type":"ImageObject","inLanguage":"en-US","@id":"https:\/\/super-news.info\/es\/ugt-alerta-de-que-el-fraude-en-la-contratacion-es-lo-que-provoca-la-subida-del-paro-en-agosto\/#primaryimage","url":"https:\/\/super-news.info\/es\/wp-content\/uploads\/sites\/4\/2019\/04\/La-tasa-de-empleo-de-la-OCDE-registr\u00f3-un-r\u00e9cord.jpg","contentUrl":"https:\/\/super-news.info\/es\/wp-content\/uploads\/sites\/4\/2019\/04\/La-tasa-de-empleo-de-la-OCDE-registr\u00f3-un-r\u00e9cord.jpg","width":1024,"height":512,"caption":"La tasa de empleo de la OCDE registr\u00f3 un r\u00e9cord del 68,6% al cierre de 2018"},{"@type":"BreadcrumbList","@id":"https:\/\/super-news.info\/es\/ugt-alerta-de-que-el-fraude-en-la-contratacion-es-lo-que-provoca-la-subida-del-paro-en-agosto\/#breadcrumb","itemListElement":[{"@type":"ListItem","position":1,"name":"\u0413\u043b\u0430\u0432\u043d\u0430\u044f \u0441\u0442\u0440\u0430\u043d\u0438\u0446\u0430","item":"https:\/\/super-news.info\/es\/"},{"@type":"ListItem","position":2,"name":"UGT alerta de que el fraude en la contrataci\u00f3n es lo que provoca la subida del paro en agosto"}]},{"@type":"WebSite","@id":"https:\/\/super-news.info\/es\/#website","url":"https:\/\/super-news.info\/es\/","name":"Super News","description":"Super News Espa\u00f1a","potentialAction":[{"@type":"SearchAction","target":{"@type":"EntryPoint","urlTemplate":"https:\/\/super-news.info\/es\/?s={search_term_string}"},"query-input":{"@type":"PropertyValueSpecification","valueRequired":true,"valueName":"search_term_string"}}],"inLanguage":"en-US"},{"@type":"Person","@id":"https:\/\/super-news.info\/es\/#\/schema\/person\/2d4068cb2f39cd10008c2fce578a7356","name":"super-news","image":{"@type":"ImageObject","inLanguage":"en-US","@id":"https:\/\/secure.gravatar.com\/avatar\/64ebac40b93f26a154f8a9b5b6fdccfc46f442b26b3dd6756dbff3bf9dc76fd7?s=96&d=mm&r=g","url":"https:\/\/secure.gravatar.com\/avatar\/64ebac40b93f26a154f8a9b5b6fdccfc46f442b26b3dd6756dbff3bf9dc76fd7?s=96&d=mm&r=g","contentUrl":"https:\/\/secure.gravatar.com\/avatar\/64ebac40b93f26a154f8a9b5b6fdccfc46f442b26b3dd6756dbff3bf9dc76fd7?s=96&d=mm&r=g","caption":"super-news"},"url":"https:\/\/super-news.info\/es\/author\/pt\/"}]}},"_links":{"self":[{"href":"https:\/\/super-news.info\/es\/wp-json\/wp\/v2\/posts\/10040","targetHints":{"allow":["GET"]}}],"collection":[{"href":"https:\/\/super-news.info\/es\/wp-json\/wp\/v2\/posts"}],"about":[{"href":"https:\/\/super-news.info\/es\/wp-json\/wp\/v2\/types\/post"}],"author":[{"embeddable":true,"href":"https:\/\/super-news.info\/es\/wp-json\/wp\/v2\/users\/2"}],"replies":[{"embeddable":true,"href":"https:\/\/super-news.info\/es\/wp-json\/wp\/v2\/comments?post=10040"}],"version-history":[{"count":1,"href":"https:\/\/super-news.info\/es\/wp-json\/wp\/v2\/posts\/10040\/revisions"}],"predecessor-version":[{"id":10041,"href":"https:\/\/super-news.info\/es\/wp-json\/wp\/v2\/posts\/10040\/revisions\/10041"}],"wp:featuredmedia":[{"embeddable":true,"href":"https:\/\/super-news.info\/es\/wp-json\/wp\/v2\/media\/180"}],"wp:attachment":[{"href":"https:\/\/super-news.info\/es\/wp-json\/wp\/v2\/media?parent=10040"}],"wp:term":[{"taxonomy":"category","embeddable":true,"href":"https:\/\/super-news.info\/es\/wp-json\/wp\/v2\/categories?post=10040"},{"taxonomy":"post_tag","embeddable":true,"href":"https:\/\/super-news.info\/es\/wp-json\/wp\/v2\/tags?post=10040"}],"curies":[{"name":"wp","href":"https:\/\/api.w.org\/{rel}","templated":true}]}}