{"id":434,"date":"2020-11-18T11:07:07","date_gmt":"2020-11-18T11:07:07","guid":{"rendered":"https:\/\/super-news.info\/de\/twitter-fleets-recycling-stagniert-daimler-geely-absatzwirtschaft\/"},"modified":"2020-11-18T11:07:10","modified_gmt":"2020-11-18T11:07:10","slug":"twitter-fleets-recycling-stagniert-daimler-geely-absatzwirtschaft","status":"publish","type":"post","link":"https:\/\/super-news.info\/de\/twitter-fleets-recycling-stagniert-daimler-geely-absatzwirtschaft\/","title":{"rendered":"Twitter-&#8222;Fleets&#8220;, Recycling stagniert, Daimler, Geely \u203a absatzwirtschaft"},"content":{"rendered":"<p> [ad_1]<br \/>\n<\/p>\n<p>\t\t\t\t\t\tT\u00e4glich prasseln unz\u00e4hlige Nachrichten auf die Marketingbranche ein, die je nach Aufgabengebiet mehr oder weniger Interesse wecken. Wir fassen die wichtigsten Business-News kompakt zusammen. Diesmal im Angebot: stagnierendes Recycling, Twitter rollt neue &#8222;Fleets&#8220;-Funktion aus und Daimler baut mit Geely einen Benzinmotor.<\/p>\n<p>\t\t\t\t\tVon Henning Eberhardt<br \/>\n\t\t\t\t\tDie neuesten ausgew\u00e4hlten Business-News drehen sich heute um<br \/>\ndie folgenden Themen:<\/p>\n<p>\u201cFleets\u201d: Twitter macht Tweets mit Verfallsdatum weltweit verf\u00fcgbarAmazon startet Online-ApothekeStudie: Recycling stagniert in DeutschlandDaimler und Geely entwickeln neuen BenzinmotorDeutsche Post will Anzahl ihrer Packstationen verdoppeln<\/p>\n<p>\u201cFleets\u201d: Twitter macht Tweets mit Verfallsdatum weltweit verf\u00fcgbar<\/p>\n<p>Twitter entwickelt seine Plattform mit von alleine verschwindenden Tweets weiter. Die neuen \u201cFleets\u201d l\u00f6schen sich automatisch nach 24 Stunden, sie k\u00f6nnen nicht retweetet oder mit Likes versehen werden. Eine Antwort darauf kann man nur als Direktnachricht verfassen, aber nicht in der \u00f6ffentlichen Timeline, wie Produktchef Kayvon Keykpour zum weltweiten Start am Dienstag erl\u00e4uterte.<\/p>\n<p>Die Idee dahinter sei, noch zur\u00fcckhaltenden Nutzern die Angst<br \/>\nvorm Twittern zu nehmen. Bei Tests in Brasilien, Italien, Indien und S\u00fcdkorea<br \/>\nhabe man gesehen, dass Leute, die neu bei Twitter seien oder selten twitterten,<br \/>\ndas Format gut aufgenommen h\u00e4tten, betonte Beykpour.<\/p>\n<p>Das Format lehnt stark an die \u201cStories\u201d-Funktion von Snapchat an, die inzwischen auch bereits quer durch die Facebook-Apps wie unter anderem Whats App und Instagram kopiert wurde. Die Wortsch\u00f6pfung \u201cFleets\u201d steht f\u00fcr \u201cfleeting tweets\u201d (\u201cfl\u00fcchtige Tweets\u201d).<\/p>\n<p>Twitter experimentiert \u00fcber seine klassischen Formate wie die inzwischen 280 langen Textbeitr\u00e4ge hinaus unter anderem auch mit gesprochenen Tweets und Sprach-Direktnachrichten.<\/p>\n<p>Amazon startet Online-Apotheke<\/p>\n<p>Der weltgr\u00f6\u00dfte Onlineh\u00e4ndler Amazon greift im<br \/>\nUS-Arzneimittelmarkt an. \u00dcber den neuen Service \u00abAmazon Pharmacy\u00bb k\u00f6nnen Kunden<br \/>\nin den Vereinigten Staaten k\u00fcnftig verschreibungspflichtige Medikamente<br \/>\nbestellen, wie der Internet-Gigant am Dienstag in Seattle mitteilte.<\/p>\n<p>An der B\u00f6rse brachte der Vorsto\u00df die gro\u00dfen US-Drogerie- und<br \/>\n-Apothekenketten CVS, Walgreens und Rite Aid heftig unter Druck. Dass Amazon es<br \/>\nauf den riesigen US-Arzneimittelmarkt abgesehen hat, war schon l\u00e4nger klar. Der<br \/>\nKonzern hatte den Einstieg seit Jahren vorbereitet und 2018 bereits die<br \/>\nOnline-Apotheke Pillpack \u00fcbernommen.<\/p>\n<p>Studie: Recycling stagniert in Deutschland<\/p>\n<p>Das Recycling in Deutschland stagniert ungeachtet ehrgeiziger politischer Wunschvorstellungen. Der Einsatz von \u201cSekund\u00e4rrohstoffen\u201d in der deutschen Wirtschaft hat laut dem neuen \u201cStatusbericht der deutschen Kreislaufwirtschaft\u201d seit Ende der 1980er Jahre keine Fortschritte mehr gemacht und verharrt bei einem Anteil von 12 bis 13 Prozent. Das beklagen die Autoren der am Dienstag in M\u00fcnchen ver\u00f6ffentlichten Untersuchung.<\/p>\n<p>\u201cWir sehen an vielen Stellen, dass wir uns eigentlich nicht mehr weiterentwickeln, dass eigentlich nichts Grundlegendes passiert\u201d, sagte Jochen Hoffmeister, Partner des an dem Bericht ma\u00dfgeblich beteiligten Prognos-Instituts.<\/p>\n<p>Dabei geht es keineswegs nur um den Abfall, der in<br \/>\nM\u00fclltonnen oder Glas- und Papiercontainern landet. Weit mehr als die H\u00e4lfte des<br \/>\nj\u00e4hrlichen Abfalls in Deutschland stammt von Baustellen \u2013 in Form von Bauschutt<br \/>\nund Abbruchtr\u00fcmmern. 2017 \u2013 neuere Zahlen lagen f\u00fcr den Bericht noch nicht vor<br \/>\n\u2013 wurden demnach 409 Millionen Tonnen M\u00fcll entsorgt, davon 221 Millionen Tonnen<br \/>\nBauabf\u00e4lle. Die Bauindustrie verwendet wiederaufgearbeitete Abf\u00e4lle aber selten<br \/>\nals Baustoffe.<\/p>\n<p>Auftraggeber des Statusberichts waren insgesamt 15 Verb\u00e4nde<br \/>\nund Unternehmen, zum gro\u00dfen Teil aus der Recycling-Branche.<\/p>\n<p>Daimler und Geely entwickeln neuen Benzinmotor<\/p>\n<p>Der Autokonzern Daimler baut die Zusammenarbeit mit seinem<br \/>\nchinesischen Gro\u00dfaktion\u00e4r Geely aus. Beide Unternehmen planen nach<br \/>\nDaimler-Angaben vom Dienstag die Entwicklung eines neuen Benzinmotors, der in<br \/>\nEuropa und China hergestellt werden solle und dann auch in Fahrzeugen mit<br \/>\nHybridantrieb zum Einsatz kommen k\u00f6nne.<\/p>\n<p>Es ist die erste Zusammenarbeit zwischen Daimler und Geely<br \/>\nbei Motoren. Beide Konzerne kooperieren allerdings bereits seit l\u00e4ngerem in<br \/>\nmehreren anderen Bereichen. Die gemeinsam entwickelten Motoren sollen laut dem<br \/>\nStuttgarter Autobauer dann nicht nur in Daimler-Fahrzeugen, sondern auch in<br \/>\nVolvo-Autos zum Einsatz kommen. Geely und Volvo sind eng miteinander<br \/>\nverflochten.<\/p>\n<p>Das \u201cHandelsblatt\u201d schrieb, den Planungen zufolge sollten im Jahr 2024 die ersten dieser neuen Motoren gefertigt werden und dann einige Hunderttausend pro Jahr. Daimler \u00e4u\u00dferte nicht zu Details, sondern teilte nur mit, die Kooperation habe das Ziel, die Wettbewerbsf\u00e4higkeit zu verbessern. Geely wollte sich gar nicht \u00e4u\u00dfern. Der Gro\u00dfaktion\u00e4r h\u00e4lt 9,7 Prozent der Daimler-Aktien.<\/p>\n<p>Deutsche Post will Anzahl ihrer Packstationen bis 2023<br \/>\nverdoppeln<\/p>\n<p>Wegen hoher Nachfrage will die Deutsche Post DHL ihr Netz an<br \/>\nPackstationen stark ausbauen. Von derzeit etwa 6000 soll die Zahl der Anlagen<br \/>\nbis Ende 2023 auf mindestens 12.000 steigen, wie das Unternehmen am Dienstag in<br \/>\nBonn mitteilte. Besonders in Corona-Zeiten nutzen nach Firmenangaben nicht nur<br \/>\nimmer mehr Kunden dieses Angebot, sondern die Bestandskunden tun dies auch<br \/>\nimmer h\u00e4ufiger.<\/p>\n<p>Derzeit hat nach DHL-Angaben fast die H\u00e4lfte der Haushalte in Deutschland eine Packstation in ihrer N\u00e4he, also im Umkreis von einem Kilometer Entfernung. K\u00fcnftig soll der Anteil steigen. Der Bonner Konzern gab Pl\u00e4ne f\u00fcr einen stufenweisen Ausbau bekannt: Ende dieses Jahres sind es planm\u00e4\u00dfig 6500 \u2013 das w\u00e4ren 2100 mehr als 2019. Ende 2021 sind mindestens 8500 eingeplant, ein Jahr sp\u00e4ter 10.500 und Ende 2023 dann insgesamt mindestens 12.000. Wie viel der Ausbau kostet, teilte das Unternehmen nicht mit.<\/p>\n<p>mit Material von der dpa<\/p>\n<p>Sie wollen weitere relevante Informationen und spannende Hintergr\u00fcnde f\u00fcr Ihre t\u00e4gliche Arbeit im Marketing? Dann\u00a0abonnieren Sie jetzt hier\u00a0unseren kostenfreien Newsletter. <\/p>\n<p>[ad_2]<br \/>\n<br \/><a href=\"https:\/\/www.absatzwirtschaft.de\/business-news-twitter-fleets-recycling-stagniert-daimler-geely-176156\/\">Source link <\/a><\/p>\n","protected":false},"excerpt":{"rendered":"<p>[ad_1] T\u00e4glich prasseln unz\u00e4hlige Nachrichten auf die Marketingbranche ein, die je nach Aufgabengebiet mehr oder weniger Interesse wecken. Wir fassen die wichtigsten Business-News kompakt zusammen. Diesmal im Angebot: stagnierendes Recycling, Twitter rollt neue &#8222;Fleets&#8220;-Funktion aus und Daimler baut mit Geely einen Benzinmotor. Von Henning Eberhardt Die neuesten ausgew\u00e4hlten Business-News drehen sich heute um die folgenden [&hellip;]<\/p>\n","protected":false},"author":1,"featured_media":435,"comment_status":"open","ping_status":"open","sticky":false,"template":"","format":"standard","meta":{"footnotes":""},"categories":[5],"tags":[],"class_list":["post-434","post","type-post","status-publish","format-standard","has-post-thumbnail","hentry","category-marketing-news"],"yoast_head":"<!-- This site is optimized with the Yoast SEO plugin v27.4 - https:\/\/yoast.com\/product\/yoast-seo-wordpress\/ -->\n<title>Twitter-&quot;Fleets&quot;, Recycling stagniert, Daimler, Geely \u203a absatzwirtschaft - Super News<\/title>\n<meta name=\"robots\" content=\"index, follow, max-snippet:-1, max-image-preview:large, max-video-preview:-1\" \/>\n<link rel=\"canonical\" href=\"https:\/\/super-news.info\/de\/twitter-fleets-recycling-stagniert-daimler-geely-absatzwirtschaft\/\" \/>\n<meta property=\"og:locale\" content=\"de_DE\" \/>\n<meta property=\"og:type\" content=\"article\" \/>\n<meta property=\"og:title\" content=\"Twitter-&quot;Fleets&quot;, Recycling stagniert, Daimler, Geely \u203a absatzwirtschaft - Super News\" \/>\n<meta property=\"og:description\" content=\"[ad_1] T\u00e4glich prasseln unz\u00e4hlige Nachrichten auf die Marketingbranche ein, die je nach Aufgabengebiet mehr oder weniger Interesse wecken. Wir fassen die wichtigsten Business-News kompakt zusammen. Diesmal im Angebot: stagnierendes Recycling, Twitter rollt neue &#8222;Fleets&#8220;-Funktion aus und Daimler baut mit Geely einen Benzinmotor. Von Henning Eberhardt Die neuesten ausgew\u00e4hlten Business-News drehen sich heute um die folgenden [&hellip;]\" \/>\n<meta property=\"og:url\" content=\"https:\/\/super-news.info\/de\/twitter-fleets-recycling-stagniert-daimler-geely-absatzwirtschaft\/\" \/>\n<meta property=\"og:site_name\" content=\"Super News\" \/>\n<meta property=\"article:published_time\" content=\"2020-11-18T11:07:07+00:00\" \/>\n<meta property=\"article:modified_time\" content=\"2020-11-18T11:07:10+00:00\" \/>\n<meta property=\"og:image\" content=\"https:\/\/super-news.info\/de\/wp-content\/uploads\/sites\/13\/2020\/11\/Twitter-Fleets-Recycling-stagniert-Daimler-Geely-absatzwirtschaft.jpg\" \/>\n\t<meta property=\"og:image:width\" content=\"630\" \/>\n\t<meta property=\"og:image:height\" content=\"354\" \/>\n\t<meta property=\"og:image:type\" content=\"image\/jpeg\" \/>\n<meta name=\"author\" content=\"super news\" \/>\n<meta name=\"twitter:card\" content=\"summary_large_image\" \/>\n<meta name=\"twitter:label1\" content=\"Verfasst von\" \/>\n\t<meta name=\"twitter:data1\" content=\"super news\" \/>\n\t<meta name=\"twitter:label2\" content=\"Gesch\u00e4tzte Lesezeit\" \/>\n\t<meta name=\"twitter:data2\" content=\"4\u00a0Minuten\" \/>\n<script type=\"application\/ld+json\" class=\"yoast-schema-graph\">{\"@context\":\"https:\\\/\\\/schema.org\",\"@graph\":[{\"@type\":\"Article\",\"@id\":\"https:\\\/\\\/super-news.info\\\/de\\\/twitter-fleets-recycling-stagniert-daimler-geely-absatzwirtschaft\\\/#article\",\"isPartOf\":{\"@id\":\"https:\\\/\\\/super-news.info\\\/de\\\/twitter-fleets-recycling-stagniert-daimler-geely-absatzwirtschaft\\\/\"},\"author\":{\"name\":\"super news\",\"@id\":\"https:\\\/\\\/super-news.info\\\/de\\\/#\\\/schema\\\/person\\\/2b9ff946d06444e803cb306ffcfd1045\"},\"headline\":\"Twitter-&#8222;Fleets&#8220;, Recycling stagniert, Daimler, Geely \u203a absatzwirtschaft\",\"datePublished\":\"2020-11-18T11:07:07+00:00\",\"dateModified\":\"2020-11-18T11:07:10+00:00\",\"mainEntityOfPage\":{\"@id\":\"https:\\\/\\\/super-news.info\\\/de\\\/twitter-fleets-recycling-stagniert-daimler-geely-absatzwirtschaft\\\/\"},\"wordCount\":864,\"commentCount\":0,\"image\":{\"@id\":\"https:\\\/\\\/super-news.info\\\/de\\\/twitter-fleets-recycling-stagniert-daimler-geely-absatzwirtschaft\\\/#primaryimage\"},\"thumbnailUrl\":\"https:\\\/\\\/super-news.info\\\/de\\\/wp-content\\\/uploads\\\/sites\\\/13\\\/2020\\\/11\\\/Twitter-Fleets-Recycling-stagniert-Daimler-Geely-absatzwirtschaft.jpg\",\"articleSection\":[\"MARKETING NEWS\"],\"inLanguage\":\"de\",\"potentialAction\":[{\"@type\":\"CommentAction\",\"name\":\"Comment\",\"target\":[\"https:\\\/\\\/super-news.info\\\/de\\\/twitter-fleets-recycling-stagniert-daimler-geely-absatzwirtschaft\\\/#respond\"]}]},{\"@type\":\"WebPage\",\"@id\":\"https:\\\/\\\/super-news.info\\\/de\\\/twitter-fleets-recycling-stagniert-daimler-geely-absatzwirtschaft\\\/\",\"url\":\"https:\\\/\\\/super-news.info\\\/de\\\/twitter-fleets-recycling-stagniert-daimler-geely-absatzwirtschaft\\\/\",\"name\":\"Twitter-\\\"Fleets\\\", Recycling stagniert, Daimler, Geely \u203a absatzwirtschaft - Super News\",\"isPartOf\":{\"@id\":\"https:\\\/\\\/super-news.info\\\/de\\\/#website\"},\"primaryImageOfPage\":{\"@id\":\"https:\\\/\\\/super-news.info\\\/de\\\/twitter-fleets-recycling-stagniert-daimler-geely-absatzwirtschaft\\\/#primaryimage\"},\"image\":{\"@id\":\"https:\\\/\\\/super-news.info\\\/de\\\/twitter-fleets-recycling-stagniert-daimler-geely-absatzwirtschaft\\\/#primaryimage\"},\"thumbnailUrl\":\"https:\\\/\\\/super-news.info\\\/de\\\/wp-content\\\/uploads\\\/sites\\\/13\\\/2020\\\/11\\\/Twitter-Fleets-Recycling-stagniert-Daimler-Geely-absatzwirtschaft.jpg\",\"datePublished\":\"2020-11-18T11:07:07+00:00\",\"dateModified\":\"2020-11-18T11:07:10+00:00\",\"author\":{\"@id\":\"https:\\\/\\\/super-news.info\\\/de\\\/#\\\/schema\\\/person\\\/2b9ff946d06444e803cb306ffcfd1045\"},\"breadcrumb\":{\"@id\":\"https:\\\/\\\/super-news.info\\\/de\\\/twitter-fleets-recycling-stagniert-daimler-geely-absatzwirtschaft\\\/#breadcrumb\"},\"inLanguage\":\"de\",\"potentialAction\":[{\"@type\":\"ReadAction\",\"target\":[\"https:\\\/\\\/super-news.info\\\/de\\\/twitter-fleets-recycling-stagniert-daimler-geely-absatzwirtschaft\\\/\"]}]},{\"@type\":\"ImageObject\",\"inLanguage\":\"de\",\"@id\":\"https:\\\/\\\/super-news.info\\\/de\\\/twitter-fleets-recycling-stagniert-daimler-geely-absatzwirtschaft\\\/#primaryimage\",\"url\":\"https:\\\/\\\/super-news.info\\\/de\\\/wp-content\\\/uploads\\\/sites\\\/13\\\/2020\\\/11\\\/Twitter-Fleets-Recycling-stagniert-Daimler-Geely-absatzwirtschaft.jpg\",\"contentUrl\":\"https:\\\/\\\/super-news.info\\\/de\\\/wp-content\\\/uploads\\\/sites\\\/13\\\/2020\\\/11\\\/Twitter-Fleets-Recycling-stagniert-Daimler-Geely-absatzwirtschaft.jpg\",\"width\":630,\"height\":354,\"caption\":\"Twitter-\\\"Fleets\\\", Recycling stagniert, Daimler, Geely \u203a absatzwirtschaft\"},{\"@type\":\"BreadcrumbList\",\"@id\":\"https:\\\/\\\/super-news.info\\\/de\\\/twitter-fleets-recycling-stagniert-daimler-geely-absatzwirtschaft\\\/#breadcrumb\",\"itemListElement\":[{\"@type\":\"ListItem\",\"position\":1,\"name\":\"Home\",\"item\":\"https:\\\/\\\/super-news.info\\\/de\\\/\"},{\"@type\":\"ListItem\",\"position\":2,\"name\":\"Twitter-&#8222;Fleets&#8220;, Recycling stagniert, Daimler, Geely \u203a absatzwirtschaft\"}]},{\"@type\":\"WebSite\",\"@id\":\"https:\\\/\\\/super-news.info\\\/de\\\/#website\",\"url\":\"https:\\\/\\\/super-news.info\\\/de\\\/\",\"name\":\"Super News\",\"description\":\"Super News Germany\",\"potentialAction\":[{\"@type\":\"SearchAction\",\"target\":{\"@type\":\"EntryPoint\",\"urlTemplate\":\"https:\\\/\\\/super-news.info\\\/de\\\/?s={search_term_string}\"},\"query-input\":{\"@type\":\"PropertyValueSpecification\",\"valueRequired\":true,\"valueName\":\"search_term_string\"}}],\"inLanguage\":\"de\"},{\"@type\":\"Person\",\"@id\":\"https:\\\/\\\/super-news.info\\\/de\\\/#\\\/schema\\\/person\\\/2b9ff946d06444e803cb306ffcfd1045\",\"name\":\"super news\",\"image\":{\"@type\":\"ImageObject\",\"inLanguage\":\"de\",\"@id\":\"https:\\\/\\\/secure.gravatar.com\\\/avatar\\\/98e0b303f300d45b2a94684c5e4dda8baa4a5e9710b579f7493c8612061d08bf?s=96&d=mm&r=g\",\"url\":\"https:\\\/\\\/secure.gravatar.com\\\/avatar\\\/98e0b303f300d45b2a94684c5e4dda8baa4a5e9710b579f7493c8612061d08bf?s=96&d=mm&r=g\",\"contentUrl\":\"https:\\\/\\\/secure.gravatar.com\\\/avatar\\\/98e0b303f300d45b2a94684c5e4dda8baa4a5e9710b579f7493c8612061d08bf?s=96&d=mm&r=g\",\"caption\":\"super news\"},\"url\":\"https:\\\/\\\/super-news.info\\\/de\\\/author\\\/manuel\\\/\"}]}<\/script>\n<!-- \/ Yoast SEO plugin. -->","yoast_head_json":{"title":"Twitter-\"Fleets\", Recycling stagniert, Daimler, Geely \u203a absatzwirtschaft - Super News","robots":{"index":"index","follow":"follow","max-snippet":"max-snippet:-1","max-image-preview":"max-image-preview:large","max-video-preview":"max-video-preview:-1"},"canonical":"https:\/\/super-news.info\/de\/twitter-fleets-recycling-stagniert-daimler-geely-absatzwirtschaft\/","og_locale":"de_DE","og_type":"article","og_title":"Twitter-\"Fleets\", Recycling stagniert, Daimler, Geely \u203a absatzwirtschaft - Super News","og_description":"[ad_1] T\u00e4glich prasseln unz\u00e4hlige Nachrichten auf die Marketingbranche ein, die je nach Aufgabengebiet mehr oder weniger Interesse wecken. Wir fassen die wichtigsten Business-News kompakt zusammen. Diesmal im Angebot: stagnierendes Recycling, Twitter rollt neue &#8222;Fleets&#8220;-Funktion aus und Daimler baut mit Geely einen Benzinmotor. Von Henning Eberhardt Die neuesten ausgew\u00e4hlten Business-News drehen sich heute um die folgenden [&hellip;]","og_url":"https:\/\/super-news.info\/de\/twitter-fleets-recycling-stagniert-daimler-geely-absatzwirtschaft\/","og_site_name":"Super News","article_published_time":"2020-11-18T11:07:07+00:00","article_modified_time":"2020-11-18T11:07:10+00:00","og_image":[{"width":630,"height":354,"url":"https:\/\/super-news.info\/de\/wp-content\/uploads\/sites\/13\/2020\/11\/Twitter-Fleets-Recycling-stagniert-Daimler-Geely-absatzwirtschaft.jpg","type":"image\/jpeg"}],"author":"super news","twitter_card":"summary_large_image","twitter_misc":{"Verfasst von":"super news","Gesch\u00e4tzte Lesezeit":"4\u00a0Minuten"},"schema":{"@context":"https:\/\/schema.org","@graph":[{"@type":"Article","@id":"https:\/\/super-news.info\/de\/twitter-fleets-recycling-stagniert-daimler-geely-absatzwirtschaft\/#article","isPartOf":{"@id":"https:\/\/super-news.info\/de\/twitter-fleets-recycling-stagniert-daimler-geely-absatzwirtschaft\/"},"author":{"name":"super news","@id":"https:\/\/super-news.info\/de\/#\/schema\/person\/2b9ff946d06444e803cb306ffcfd1045"},"headline":"Twitter-&#8222;Fleets&#8220;, Recycling stagniert, Daimler, Geely \u203a absatzwirtschaft","datePublished":"2020-11-18T11:07:07+00:00","dateModified":"2020-11-18T11:07:10+00:00","mainEntityOfPage":{"@id":"https:\/\/super-news.info\/de\/twitter-fleets-recycling-stagniert-daimler-geely-absatzwirtschaft\/"},"wordCount":864,"commentCount":0,"image":{"@id":"https:\/\/super-news.info\/de\/twitter-fleets-recycling-stagniert-daimler-geely-absatzwirtschaft\/#primaryimage"},"thumbnailUrl":"https:\/\/super-news.info\/de\/wp-content\/uploads\/sites\/13\/2020\/11\/Twitter-Fleets-Recycling-stagniert-Daimler-Geely-absatzwirtschaft.jpg","articleSection":["MARKETING NEWS"],"inLanguage":"de","potentialAction":[{"@type":"CommentAction","name":"Comment","target":["https:\/\/super-news.info\/de\/twitter-fleets-recycling-stagniert-daimler-geely-absatzwirtschaft\/#respond"]}]},{"@type":"WebPage","@id":"https:\/\/super-news.info\/de\/twitter-fleets-recycling-stagniert-daimler-geely-absatzwirtschaft\/","url":"https:\/\/super-news.info\/de\/twitter-fleets-recycling-stagniert-daimler-geely-absatzwirtschaft\/","name":"Twitter-\"Fleets\", Recycling stagniert, Daimler, Geely \u203a absatzwirtschaft - Super News","isPartOf":{"@id":"https:\/\/super-news.info\/de\/#website"},"primaryImageOfPage":{"@id":"https:\/\/super-news.info\/de\/twitter-fleets-recycling-stagniert-daimler-geely-absatzwirtschaft\/#primaryimage"},"image":{"@id":"https:\/\/super-news.info\/de\/twitter-fleets-recycling-stagniert-daimler-geely-absatzwirtschaft\/#primaryimage"},"thumbnailUrl":"https:\/\/super-news.info\/de\/wp-content\/uploads\/sites\/13\/2020\/11\/Twitter-Fleets-Recycling-stagniert-Daimler-Geely-absatzwirtschaft.jpg","datePublished":"2020-11-18T11:07:07+00:00","dateModified":"2020-11-18T11:07:10+00:00","author":{"@id":"https:\/\/super-news.info\/de\/#\/schema\/person\/2b9ff946d06444e803cb306ffcfd1045"},"breadcrumb":{"@id":"https:\/\/super-news.info\/de\/twitter-fleets-recycling-stagniert-daimler-geely-absatzwirtschaft\/#breadcrumb"},"inLanguage":"de","potentialAction":[{"@type":"ReadAction","target":["https:\/\/super-news.info\/de\/twitter-fleets-recycling-stagniert-daimler-geely-absatzwirtschaft\/"]}]},{"@type":"ImageObject","inLanguage":"de","@id":"https:\/\/super-news.info\/de\/twitter-fleets-recycling-stagniert-daimler-geely-absatzwirtschaft\/#primaryimage","url":"https:\/\/super-news.info\/de\/wp-content\/uploads\/sites\/13\/2020\/11\/Twitter-Fleets-Recycling-stagniert-Daimler-Geely-absatzwirtschaft.jpg","contentUrl":"https:\/\/super-news.info\/de\/wp-content\/uploads\/sites\/13\/2020\/11\/Twitter-Fleets-Recycling-stagniert-Daimler-Geely-absatzwirtschaft.jpg","width":630,"height":354,"caption":"Twitter-\"Fleets\", Recycling stagniert, Daimler, Geely \u203a absatzwirtschaft"},{"@type":"BreadcrumbList","@id":"https:\/\/super-news.info\/de\/twitter-fleets-recycling-stagniert-daimler-geely-absatzwirtschaft\/#breadcrumb","itemListElement":[{"@type":"ListItem","position":1,"name":"Home","item":"https:\/\/super-news.info\/de\/"},{"@type":"ListItem","position":2,"name":"Twitter-&#8222;Fleets&#8220;, Recycling stagniert, Daimler, Geely \u203a absatzwirtschaft"}]},{"@type":"WebSite","@id":"https:\/\/super-news.info\/de\/#website","url":"https:\/\/super-news.info\/de\/","name":"Super News","description":"Super News Germany","potentialAction":[{"@type":"SearchAction","target":{"@type":"EntryPoint","urlTemplate":"https:\/\/super-news.info\/de\/?s={search_term_string}"},"query-input":{"@type":"PropertyValueSpecification","valueRequired":true,"valueName":"search_term_string"}}],"inLanguage":"de"},{"@type":"Person","@id":"https:\/\/super-news.info\/de\/#\/schema\/person\/2b9ff946d06444e803cb306ffcfd1045","name":"super news","image":{"@type":"ImageObject","inLanguage":"de","@id":"https:\/\/secure.gravatar.com\/avatar\/98e0b303f300d45b2a94684c5e4dda8baa4a5e9710b579f7493c8612061d08bf?s=96&d=mm&r=g","url":"https:\/\/secure.gravatar.com\/avatar\/98e0b303f300d45b2a94684c5e4dda8baa4a5e9710b579f7493c8612061d08bf?s=96&d=mm&r=g","contentUrl":"https:\/\/secure.gravatar.com\/avatar\/98e0b303f300d45b2a94684c5e4dda8baa4a5e9710b579f7493c8612061d08bf?s=96&d=mm&r=g","caption":"super news"},"url":"https:\/\/super-news.info\/de\/author\/manuel\/"}]}},"_links":{"self":[{"href":"https:\/\/super-news.info\/de\/wp-json\/wp\/v2\/posts\/434","targetHints":{"allow":["GET"]}}],"collection":[{"href":"https:\/\/super-news.info\/de\/wp-json\/wp\/v2\/posts"}],"about":[{"href":"https:\/\/super-news.info\/de\/wp-json\/wp\/v2\/types\/post"}],"author":[{"embeddable":true,"href":"https:\/\/super-news.info\/de\/wp-json\/wp\/v2\/users\/1"}],"replies":[{"embeddable":true,"href":"https:\/\/super-news.info\/de\/wp-json\/wp\/v2\/comments?post=434"}],"version-history":[{"count":1,"href":"https:\/\/super-news.info\/de\/wp-json\/wp\/v2\/posts\/434\/revisions"}],"predecessor-version":[{"id":436,"href":"https:\/\/super-news.info\/de\/wp-json\/wp\/v2\/posts\/434\/revisions\/436"}],"wp:featuredmedia":[{"embeddable":true,"href":"https:\/\/super-news.info\/de\/wp-json\/wp\/v2\/media\/435"}],"wp:attachment":[{"href":"https:\/\/super-news.info\/de\/wp-json\/wp\/v2\/media?parent=434"}],"wp:term":[{"taxonomy":"category","embeddable":true,"href":"https:\/\/super-news.info\/de\/wp-json\/wp\/v2\/categories?post=434"},{"taxonomy":"post_tag","embeddable":true,"href":"https:\/\/super-news.info\/de\/wp-json\/wp\/v2\/tags?post=434"}],"curies":[{"name":"wp","href":"https:\/\/api.w.org\/{rel}","templated":true}]}}