{"id":419,"date":"2020-11-17T09:22:51","date_gmt":"2020-11-17T09:22:51","guid":{"rendered":"https:\/\/super-news.info\/de\/kaufland-real-vw-gehaelter-von-dax-vorstaenden-absatzwirtschaft\/"},"modified":"2020-11-17T09:22:54","modified_gmt":"2020-11-17T09:22:54","slug":"kaufland-real-vw-gehaelter-von-dax-vorstaenden-absatzwirtschaft","status":"publish","type":"post","link":"https:\/\/super-news.info\/de\/kaufland-real-vw-gehaelter-von-dax-vorstaenden-absatzwirtschaft\/","title":{"rendered":"Kaufland, Real, VW, Geh\u00e4lter von Dax-Vorst\u00e4nden \u203a absatzwirtschaft"},"content":{"rendered":"<p> [ad_1]<br \/>\n<\/p>\n<p>\t\t\t\t\t\tT\u00e4glich prasseln unz\u00e4hlige Nachrichten auf die Marketingbranche ein, die je nach Aufgabengebiet mehr oder weniger Interesse wecken. Wir fassen die wichtigsten Business-News kompakt zusammen. Diesmal im Angebot: Kartellrechtliche Bedenken bei Real-\u00dcbernahme, neue Aufgabe f\u00fcr Ex-VW-Digitalvorstand Senger und Geh\u00e4lter von Dax-Vorst\u00e4nden.<\/p>\n<p>\t\t\t\t\tVon Henning Eberhardt<br \/>\n\t\t\t\t\tDie neuesten ausgew\u00e4hlten Business-News drehen sich heute um<br \/>\ndie folgenden Themen:<\/p>\n<p>Kartellamt hat Bedenken bei Real-\u00dcbernahme durch KauflandEx-VW-Digitalvorstand leitet Entwicklung des autonomen FahrensFrauen im Vorstand von Dax-Firmen verdienen mehr als M\u00e4nner<\/p>\n<p>Real: Kartellamt hat Bedenken gegen \u00dcbernahmepl\u00e4ne durch<br \/>\nKaufland<\/p>\n<p>Die Pl\u00e4ne des Gro\u00dffl\u00e4chen-Discounters Kaufland zur \u00dcbernahme<br \/>\nvon bis zu 101 Filialen des Wettbewerbers Real sto\u00dfen beim Bundeskartellamt auf<br \/>\nBedenken. Nach eingehender Analyse sei bei neun Real-M\u00e4rkten durch die<br \/>\n\u00dcbernahme eine erhebliche Behinderung des regionalen Wettbewerbs zu erwarten,<br \/>\nteilte die Aufsichtsbeh\u00f6rde am Montag mit. Au\u00dferdem \u00e4u\u00dferten die<br \/>\nWettbewerbsh\u00fcter Sorge wegen der wachsenden Einkaufsmacht des Handelsriesen<br \/>\ngegen\u00fcber Lebensmittelherstellern und Lieferanten.<\/p>\n<p>Das Bundeskartellamt sei mit Kaufland und dem<br \/>\nReal-Eigent\u00fcmer SCP in Verhandlungen \u00fcber m\u00f6gliche L\u00f6sungen, hie\u00df es in Bonn.<br \/>\nKaufland und SCP h\u00e4tten der Wettbewerbsbeh\u00f6rde bereits erste Vorschl\u00e4ge<br \/>\ngemacht, um die Bedenken des Kartellamts auszur\u00e4umen. Die Frist f\u00fcr eine<br \/>\nabschlie\u00dfende Entscheidung sei deshalb bis zum 30. Dezember verl\u00e4ngert worden.<br \/>\nEine besondere Bedeutung kommt nach Einsch\u00e4tzung der Wettbewerbsbeh\u00f6rde dabei<br \/>\nder Beteiligung von mittelst\u00e4ndischen H\u00e4ndlern an der Ver\u00e4u\u00dferung der<br \/>\nReal-Standorte zu.<\/p>\n<p>Kaufland ist Teil der Schwarz-Gruppe, zu der auch der<br \/>\nDiscounter Lidl geh\u00f6rt. Die Schwarz-Gruppe ist mit einem Umsatz von mehr als<br \/>\n113 Milliarden Euro schon heute europaweit der mit Abstand gr\u00f6\u00dfte<br \/>\nLebensmitteleinzelh\u00e4ndler.<\/p>\n<p>Der russische Real-Eigent\u00fcmer SCP hatte die angeschlagene SB-Warenhauskette von der Metro erworben, um sie zu zerschlagen und weiterzuverkaufen. SCP zeigte sich trotz der Bedenken des Kartellamts optimistisch, das Verfahren wie geplant bis zum Jahresende abschlie\u00dfen zu k\u00f6nnen.<\/p>\n<p>Neben Kaufland interessiert sich unter anderem auch<br \/>\nDeutschlands gr\u00f6\u00dfter Lebensmittelh\u00e4ndler Edeka f\u00fcr bis zu 72 Real-Standorte.<br \/>\nHier hat das Bundeskartellamt noch Zeit bis zum 21. Dezember, um die<br \/>\n\u00dcbernahmepl\u00e4ne zu pr\u00fcfen.<\/p>\n<p>Ex-VW-Digitalvorstand Senger leitet Entwicklung des<br \/>\nautonomen Fahrens<\/p>\n<p>Der fr\u00fchere Volkswagen-Digitalvorstand Christian Senger<br \/>\nleitet nun die Entwicklung von Technologien zum autonomen Fahren und von<br \/>\nMobilit\u00e4tsdienstleistungen bei den leichten Nutzfahrzeugen im Konzern. Wie die<br \/>\nTochter VWN am Montag mitteilte, \u00fcbernimmt zudem Kai Gr\u00fcnitz die technische<br \/>\nGesamtentwicklung bei der Marke mit Hauptsitz in Hannover.<\/p>\n<p>Senger hatte zun\u00e4chst die neue Software-Sparte in der VW-Gruppe aufgebaut, bei der in den kommenden Jahren Milliarden investiert und ein internes Expertennetz geschaffen werden sollen. Nachdem er Ende Juni den Start der \u201cSoftware-Org\u201d und die Entwicklung eines eigenen Auto-Betriebssystems angek\u00fcndigt hatte, \u00fcbertrug Konzernchef Herbert Diess kurz darauf die Zust\u00e4ndigkeit an Audi-Chef Markus Duesmann \u2013 dieser verantwortet die \u00fcbergreifenden Technik- und IT-Themen.<\/p>\n<p>Nach der \u00fcberraschenden Abberufung hie\u00df es, f\u00fcr Senger werde eine neue Position im Konzern gesucht. Das autonome Fahren im engeren Sinne ist bei VWN angesiedelt, wo der gelernte Maschinenbauer jetzt seine Arbeit zu diesem Teilbereich fortsetzen soll. Volkswagen kooperiert auch mit dem US-Autobauer Ford \u2013 bei dessen Tochter Argo AI, spezialisiert auf K\u00fcnstliche Intelligenz, wollen sich beide Unternehmen die Entwicklungskosten teilen. Au\u00dferdem sind gemeinsame Fahrzeugprojekte mit Ford geplant, f\u00fcr die Gr\u00fcnitz zust\u00e4ndig ist.<\/p>\n<p>Studie: Frauen im Vorstand von Dax-Firmen verdienen mehr<br \/>\nals M\u00e4nner<\/p>\n<p>Frauen in der Topetage b\u00f6rsennotierter deutscher Firmen<br \/>\nhaben trotz Gehaltseinbu\u00dfen 2019 im Schnitt mehr als M\u00e4nner verdient. Nach<br \/>\neiner Auswertung des Beratungs- und Pr\u00fcfungsunternehmens EY wurden weibliche<br \/>\nVorstandsmitglieder erstmals in allen B\u00f6rsenindizes der Dax-Familie besser<br \/>\nbezahlt als ihre Kollegen. Als einen wichtigen Grund nannte EY-Experte Jens<br \/>\nMassmann das wachsende Bestreben der Unternehmen, Frauen f\u00fcr ihr oberstes<br \/>\nF\u00fchrungsgremium zu gewinnen. Da Kandidatinnen knapp seien, erh\u00f6he sich ihr<br \/>\nMarktwert und damit auch ihr Sal\u00e4r.<\/p>\n<p>In der obersten B\u00f6rsenliga der 30 Dax-Konzerne, verdienten<br \/>\nVorstandsfrauen im vergangenen Jahr demnach im Schnitt etwa 2,93 Millionen Euro<br \/>\nund damit im Mittel rund 30.000 Euro mehr als die m\u00e4nnlichen Top-Manager.<br \/>\nFrauen werden den Angaben zufolge dort seit vier Jahren durchschnittlich besser<br \/>\nbezahlt.<\/p>\n<p>Bei den 60 Firmen im MDax war das Gehalt der<br \/>\nTop-Managerinnen mit 1,44 Millionen Euro im Schnitt um etwa 115.000 Euro h\u00f6her.<br \/>\nIm SDax lagen den Angaben zufolge erstmals seit Beginn der Untersuchung im Jahr<br \/>\n2013 Frauen betr\u00e4chtlich vorn. Ihre durchschnittliche Gesamtdirektverg\u00fctung<br \/>\nfiel mit rund 1,07 Millionen Euro etwa sieben Prozent h\u00f6her aus als die der<br \/>\nm\u00e4nnlichen Vorstandsmitglieder.<\/p>\n<p>Im Dax waren EY zufolge 2019 gut zw\u00f6lf Prozent aller<br \/>\nVorstandsmitglieder weiblich, im MDax sieben Prozent und im SDax f\u00fcnf Prozent.<br \/>\nVorstandschefs wurden bei dem Vergleich nicht ber\u00fccksichtigt.<\/p>\n<p>mit Material von der dpa<\/p>\n<p>Sie wollen weitere relevante Informationen und spannende Hintergr\u00fcnde f\u00fcr Ihre t\u00e4gliche Arbeit im Marketing? Dann\u00a0abonnieren Sie jetzt hier\u00a0unseren kostenfreien Newsletter.<\/p>\n<p>[ad_2]<br \/>\n<br \/><a href=\"https:\/\/www.absatzwirtschaft.de\/business-news-kaufland-real-vw-gehaelter-von-dax-vorstaenden-176106\/\">Source link <\/a><\/p>\n","protected":false},"excerpt":{"rendered":"<p>[ad_1] T\u00e4glich prasseln unz\u00e4hlige Nachrichten auf die Marketingbranche ein, die je nach Aufgabengebiet mehr oder weniger Interesse wecken. Wir fassen die wichtigsten Business-News kompakt zusammen. Diesmal im Angebot: Kartellrechtliche Bedenken bei Real-\u00dcbernahme, neue Aufgabe f\u00fcr Ex-VW-Digitalvorstand Senger und Geh\u00e4lter von Dax-Vorst\u00e4nden. Von Henning Eberhardt Die neuesten ausgew\u00e4hlten Business-News drehen sich heute um die folgenden Themen: [&hellip;]<\/p>\n","protected":false},"author":1,"featured_media":420,"comment_status":"open","ping_status":"open","sticky":false,"template":"","format":"standard","meta":{"footnotes":""},"categories":[5],"tags":[],"class_list":["post-419","post","type-post","status-publish","format-standard","has-post-thumbnail","hentry","category-marketing-news"],"yoast_head":"<!-- This site is optimized with the Yoast SEO plugin v27.4 - https:\/\/yoast.com\/product\/yoast-seo-wordpress\/ -->\n<title>Kaufland, Real, VW, Geh\u00e4lter von Dax-Vorst\u00e4nden \u203a absatzwirtschaft - Super News<\/title>\n<meta name=\"robots\" content=\"index, follow, max-snippet:-1, max-image-preview:large, max-video-preview:-1\" \/>\n<link rel=\"canonical\" href=\"https:\/\/super-news.info\/de\/kaufland-real-vw-gehaelter-von-dax-vorstaenden-absatzwirtschaft\/\" \/>\n<meta property=\"og:locale\" content=\"de_DE\" \/>\n<meta property=\"og:type\" content=\"article\" \/>\n<meta property=\"og:title\" content=\"Kaufland, Real, VW, Geh\u00e4lter von Dax-Vorst\u00e4nden \u203a absatzwirtschaft - Super News\" \/>\n<meta property=\"og:description\" content=\"[ad_1] T\u00e4glich prasseln unz\u00e4hlige Nachrichten auf die Marketingbranche ein, die je nach Aufgabengebiet mehr oder weniger Interesse wecken. Wir fassen die wichtigsten Business-News kompakt zusammen. Diesmal im Angebot: Kartellrechtliche Bedenken bei Real-\u00dcbernahme, neue Aufgabe f\u00fcr Ex-VW-Digitalvorstand Senger und Geh\u00e4lter von Dax-Vorst\u00e4nden. Von Henning Eberhardt Die neuesten ausgew\u00e4hlten Business-News drehen sich heute um die folgenden Themen: [&hellip;]\" \/>\n<meta property=\"og:url\" content=\"https:\/\/super-news.info\/de\/kaufland-real-vw-gehaelter-von-dax-vorstaenden-absatzwirtschaft\/\" \/>\n<meta property=\"og:site_name\" content=\"Super News\" \/>\n<meta property=\"article:published_time\" content=\"2020-11-17T09:22:51+00:00\" \/>\n<meta property=\"article:modified_time\" content=\"2020-11-17T09:22:54+00:00\" \/>\n<meta property=\"og:image\" content=\"https:\/\/super-news.info\/de\/wp-content\/uploads\/sites\/13\/2020\/11\/Kaufland-Real-VW-Geh-lter-von-Dax-Vorst-nden-absatzwirtschaft.jpg\" \/>\n\t<meta property=\"og:image:width\" content=\"630\" \/>\n\t<meta property=\"og:image:height\" content=\"354\" \/>\n\t<meta property=\"og:image:type\" content=\"image\/jpeg\" \/>\n<meta name=\"author\" content=\"super news\" \/>\n<meta name=\"twitter:card\" content=\"summary_large_image\" \/>\n<meta name=\"twitter:label1\" content=\"Verfasst von\" \/>\n\t<meta name=\"twitter:data1\" content=\"super news\" \/>\n\t<meta name=\"twitter:label2\" content=\"Gesch\u00e4tzte Lesezeit\" \/>\n\t<meta name=\"twitter:data2\" content=\"4\u00a0Minuten\" \/>\n<script type=\"application\/ld+json\" class=\"yoast-schema-graph\">{\"@context\":\"https:\\\/\\\/schema.org\",\"@graph\":[{\"@type\":\"Article\",\"@id\":\"https:\\\/\\\/super-news.info\\\/de\\\/kaufland-real-vw-gehaelter-von-dax-vorstaenden-absatzwirtschaft\\\/#article\",\"isPartOf\":{\"@id\":\"https:\\\/\\\/super-news.info\\\/de\\\/kaufland-real-vw-gehaelter-von-dax-vorstaenden-absatzwirtschaft\\\/\"},\"author\":{\"name\":\"super news\",\"@id\":\"https:\\\/\\\/super-news.info\\\/de\\\/#\\\/schema\\\/person\\\/2b9ff946d06444e803cb306ffcfd1045\"},\"headline\":\"Kaufland, Real, VW, Geh\u00e4lter von Dax-Vorst\u00e4nden \u203a absatzwirtschaft\",\"datePublished\":\"2020-11-17T09:22:51+00:00\",\"dateModified\":\"2020-11-17T09:22:54+00:00\",\"mainEntityOfPage\":{\"@id\":\"https:\\\/\\\/super-news.info\\\/de\\\/kaufland-real-vw-gehaelter-von-dax-vorstaenden-absatzwirtschaft\\\/\"},\"wordCount\":810,\"commentCount\":0,\"image\":{\"@id\":\"https:\\\/\\\/super-news.info\\\/de\\\/kaufland-real-vw-gehaelter-von-dax-vorstaenden-absatzwirtschaft\\\/#primaryimage\"},\"thumbnailUrl\":\"https:\\\/\\\/super-news.info\\\/de\\\/wp-content\\\/uploads\\\/sites\\\/13\\\/2020\\\/11\\\/Kaufland-Real-VW-Geh-lter-von-Dax-Vorst-nden-absatzwirtschaft.jpg\",\"articleSection\":[\"MARKETING NEWS\"],\"inLanguage\":\"de\",\"potentialAction\":[{\"@type\":\"CommentAction\",\"name\":\"Comment\",\"target\":[\"https:\\\/\\\/super-news.info\\\/de\\\/kaufland-real-vw-gehaelter-von-dax-vorstaenden-absatzwirtschaft\\\/#respond\"]}]},{\"@type\":\"WebPage\",\"@id\":\"https:\\\/\\\/super-news.info\\\/de\\\/kaufland-real-vw-gehaelter-von-dax-vorstaenden-absatzwirtschaft\\\/\",\"url\":\"https:\\\/\\\/super-news.info\\\/de\\\/kaufland-real-vw-gehaelter-von-dax-vorstaenden-absatzwirtschaft\\\/\",\"name\":\"Kaufland, Real, VW, Geh\u00e4lter von Dax-Vorst\u00e4nden \u203a absatzwirtschaft - Super News\",\"isPartOf\":{\"@id\":\"https:\\\/\\\/super-news.info\\\/de\\\/#website\"},\"primaryImageOfPage\":{\"@id\":\"https:\\\/\\\/super-news.info\\\/de\\\/kaufland-real-vw-gehaelter-von-dax-vorstaenden-absatzwirtschaft\\\/#primaryimage\"},\"image\":{\"@id\":\"https:\\\/\\\/super-news.info\\\/de\\\/kaufland-real-vw-gehaelter-von-dax-vorstaenden-absatzwirtschaft\\\/#primaryimage\"},\"thumbnailUrl\":\"https:\\\/\\\/super-news.info\\\/de\\\/wp-content\\\/uploads\\\/sites\\\/13\\\/2020\\\/11\\\/Kaufland-Real-VW-Geh-lter-von-Dax-Vorst-nden-absatzwirtschaft.jpg\",\"datePublished\":\"2020-11-17T09:22:51+00:00\",\"dateModified\":\"2020-11-17T09:22:54+00:00\",\"author\":{\"@id\":\"https:\\\/\\\/super-news.info\\\/de\\\/#\\\/schema\\\/person\\\/2b9ff946d06444e803cb306ffcfd1045\"},\"breadcrumb\":{\"@id\":\"https:\\\/\\\/super-news.info\\\/de\\\/kaufland-real-vw-gehaelter-von-dax-vorstaenden-absatzwirtschaft\\\/#breadcrumb\"},\"inLanguage\":\"de\",\"potentialAction\":[{\"@type\":\"ReadAction\",\"target\":[\"https:\\\/\\\/super-news.info\\\/de\\\/kaufland-real-vw-gehaelter-von-dax-vorstaenden-absatzwirtschaft\\\/\"]}]},{\"@type\":\"ImageObject\",\"inLanguage\":\"de\",\"@id\":\"https:\\\/\\\/super-news.info\\\/de\\\/kaufland-real-vw-gehaelter-von-dax-vorstaenden-absatzwirtschaft\\\/#primaryimage\",\"url\":\"https:\\\/\\\/super-news.info\\\/de\\\/wp-content\\\/uploads\\\/sites\\\/13\\\/2020\\\/11\\\/Kaufland-Real-VW-Geh-lter-von-Dax-Vorst-nden-absatzwirtschaft.jpg\",\"contentUrl\":\"https:\\\/\\\/super-news.info\\\/de\\\/wp-content\\\/uploads\\\/sites\\\/13\\\/2020\\\/11\\\/Kaufland-Real-VW-Geh-lter-von-Dax-Vorst-nden-absatzwirtschaft.jpg\",\"width\":630,\"height\":354,\"caption\":\"Kaufland, Real, VW, Geh\u00e4lter von Dax-Vorst\u00e4nden \u203a absatzwirtschaft\"},{\"@type\":\"BreadcrumbList\",\"@id\":\"https:\\\/\\\/super-news.info\\\/de\\\/kaufland-real-vw-gehaelter-von-dax-vorstaenden-absatzwirtschaft\\\/#breadcrumb\",\"itemListElement\":[{\"@type\":\"ListItem\",\"position\":1,\"name\":\"Home\",\"item\":\"https:\\\/\\\/super-news.info\\\/de\\\/\"},{\"@type\":\"ListItem\",\"position\":2,\"name\":\"Kaufland, Real, VW, Geh\u00e4lter von Dax-Vorst\u00e4nden \u203a absatzwirtschaft\"}]},{\"@type\":\"WebSite\",\"@id\":\"https:\\\/\\\/super-news.info\\\/de\\\/#website\",\"url\":\"https:\\\/\\\/super-news.info\\\/de\\\/\",\"name\":\"Super News\",\"description\":\"Super News Germany\",\"potentialAction\":[{\"@type\":\"SearchAction\",\"target\":{\"@type\":\"EntryPoint\",\"urlTemplate\":\"https:\\\/\\\/super-news.info\\\/de\\\/?s={search_term_string}\"},\"query-input\":{\"@type\":\"PropertyValueSpecification\",\"valueRequired\":true,\"valueName\":\"search_term_string\"}}],\"inLanguage\":\"de\"},{\"@type\":\"Person\",\"@id\":\"https:\\\/\\\/super-news.info\\\/de\\\/#\\\/schema\\\/person\\\/2b9ff946d06444e803cb306ffcfd1045\",\"name\":\"super news\",\"image\":{\"@type\":\"ImageObject\",\"inLanguage\":\"de\",\"@id\":\"https:\\\/\\\/secure.gravatar.com\\\/avatar\\\/98e0b303f300d45b2a94684c5e4dda8baa4a5e9710b579f7493c8612061d08bf?s=96&d=mm&r=g\",\"url\":\"https:\\\/\\\/secure.gravatar.com\\\/avatar\\\/98e0b303f300d45b2a94684c5e4dda8baa4a5e9710b579f7493c8612061d08bf?s=96&d=mm&r=g\",\"contentUrl\":\"https:\\\/\\\/secure.gravatar.com\\\/avatar\\\/98e0b303f300d45b2a94684c5e4dda8baa4a5e9710b579f7493c8612061d08bf?s=96&d=mm&r=g\",\"caption\":\"super news\"},\"url\":\"https:\\\/\\\/super-news.info\\\/de\\\/author\\\/manuel\\\/\"}]}<\/script>\n<!-- \/ Yoast SEO plugin. -->","yoast_head_json":{"title":"Kaufland, Real, VW, Geh\u00e4lter von Dax-Vorst\u00e4nden \u203a absatzwirtschaft - Super News","robots":{"index":"index","follow":"follow","max-snippet":"max-snippet:-1","max-image-preview":"max-image-preview:large","max-video-preview":"max-video-preview:-1"},"canonical":"https:\/\/super-news.info\/de\/kaufland-real-vw-gehaelter-von-dax-vorstaenden-absatzwirtschaft\/","og_locale":"de_DE","og_type":"article","og_title":"Kaufland, Real, VW, Geh\u00e4lter von Dax-Vorst\u00e4nden \u203a absatzwirtschaft - Super News","og_description":"[ad_1] T\u00e4glich prasseln unz\u00e4hlige Nachrichten auf die Marketingbranche ein, die je nach Aufgabengebiet mehr oder weniger Interesse wecken. Wir fassen die wichtigsten Business-News kompakt zusammen. Diesmal im Angebot: Kartellrechtliche Bedenken bei Real-\u00dcbernahme, neue Aufgabe f\u00fcr Ex-VW-Digitalvorstand Senger und Geh\u00e4lter von Dax-Vorst\u00e4nden. Von Henning Eberhardt Die neuesten ausgew\u00e4hlten Business-News drehen sich heute um die folgenden Themen: [&hellip;]","og_url":"https:\/\/super-news.info\/de\/kaufland-real-vw-gehaelter-von-dax-vorstaenden-absatzwirtschaft\/","og_site_name":"Super News","article_published_time":"2020-11-17T09:22:51+00:00","article_modified_time":"2020-11-17T09:22:54+00:00","og_image":[{"width":630,"height":354,"url":"https:\/\/super-news.info\/de\/wp-content\/uploads\/sites\/13\/2020\/11\/Kaufland-Real-VW-Geh-lter-von-Dax-Vorst-nden-absatzwirtschaft.jpg","type":"image\/jpeg"}],"author":"super news","twitter_card":"summary_large_image","twitter_misc":{"Verfasst von":"super news","Gesch\u00e4tzte Lesezeit":"4\u00a0Minuten"},"schema":{"@context":"https:\/\/schema.org","@graph":[{"@type":"Article","@id":"https:\/\/super-news.info\/de\/kaufland-real-vw-gehaelter-von-dax-vorstaenden-absatzwirtschaft\/#article","isPartOf":{"@id":"https:\/\/super-news.info\/de\/kaufland-real-vw-gehaelter-von-dax-vorstaenden-absatzwirtschaft\/"},"author":{"name":"super news","@id":"https:\/\/super-news.info\/de\/#\/schema\/person\/2b9ff946d06444e803cb306ffcfd1045"},"headline":"Kaufland, Real, VW, Geh\u00e4lter von Dax-Vorst\u00e4nden \u203a absatzwirtschaft","datePublished":"2020-11-17T09:22:51+00:00","dateModified":"2020-11-17T09:22:54+00:00","mainEntityOfPage":{"@id":"https:\/\/super-news.info\/de\/kaufland-real-vw-gehaelter-von-dax-vorstaenden-absatzwirtschaft\/"},"wordCount":810,"commentCount":0,"image":{"@id":"https:\/\/super-news.info\/de\/kaufland-real-vw-gehaelter-von-dax-vorstaenden-absatzwirtschaft\/#primaryimage"},"thumbnailUrl":"https:\/\/super-news.info\/de\/wp-content\/uploads\/sites\/13\/2020\/11\/Kaufland-Real-VW-Geh-lter-von-Dax-Vorst-nden-absatzwirtschaft.jpg","articleSection":["MARKETING NEWS"],"inLanguage":"de","potentialAction":[{"@type":"CommentAction","name":"Comment","target":["https:\/\/super-news.info\/de\/kaufland-real-vw-gehaelter-von-dax-vorstaenden-absatzwirtschaft\/#respond"]}]},{"@type":"WebPage","@id":"https:\/\/super-news.info\/de\/kaufland-real-vw-gehaelter-von-dax-vorstaenden-absatzwirtschaft\/","url":"https:\/\/super-news.info\/de\/kaufland-real-vw-gehaelter-von-dax-vorstaenden-absatzwirtschaft\/","name":"Kaufland, Real, VW, Geh\u00e4lter von Dax-Vorst\u00e4nden \u203a absatzwirtschaft - Super News","isPartOf":{"@id":"https:\/\/super-news.info\/de\/#website"},"primaryImageOfPage":{"@id":"https:\/\/super-news.info\/de\/kaufland-real-vw-gehaelter-von-dax-vorstaenden-absatzwirtschaft\/#primaryimage"},"image":{"@id":"https:\/\/super-news.info\/de\/kaufland-real-vw-gehaelter-von-dax-vorstaenden-absatzwirtschaft\/#primaryimage"},"thumbnailUrl":"https:\/\/super-news.info\/de\/wp-content\/uploads\/sites\/13\/2020\/11\/Kaufland-Real-VW-Geh-lter-von-Dax-Vorst-nden-absatzwirtschaft.jpg","datePublished":"2020-11-17T09:22:51+00:00","dateModified":"2020-11-17T09:22:54+00:00","author":{"@id":"https:\/\/super-news.info\/de\/#\/schema\/person\/2b9ff946d06444e803cb306ffcfd1045"},"breadcrumb":{"@id":"https:\/\/super-news.info\/de\/kaufland-real-vw-gehaelter-von-dax-vorstaenden-absatzwirtschaft\/#breadcrumb"},"inLanguage":"de","potentialAction":[{"@type":"ReadAction","target":["https:\/\/super-news.info\/de\/kaufland-real-vw-gehaelter-von-dax-vorstaenden-absatzwirtschaft\/"]}]},{"@type":"ImageObject","inLanguage":"de","@id":"https:\/\/super-news.info\/de\/kaufland-real-vw-gehaelter-von-dax-vorstaenden-absatzwirtschaft\/#primaryimage","url":"https:\/\/super-news.info\/de\/wp-content\/uploads\/sites\/13\/2020\/11\/Kaufland-Real-VW-Geh-lter-von-Dax-Vorst-nden-absatzwirtschaft.jpg","contentUrl":"https:\/\/super-news.info\/de\/wp-content\/uploads\/sites\/13\/2020\/11\/Kaufland-Real-VW-Geh-lter-von-Dax-Vorst-nden-absatzwirtschaft.jpg","width":630,"height":354,"caption":"Kaufland, Real, VW, Geh\u00e4lter von Dax-Vorst\u00e4nden \u203a absatzwirtschaft"},{"@type":"BreadcrumbList","@id":"https:\/\/super-news.info\/de\/kaufland-real-vw-gehaelter-von-dax-vorstaenden-absatzwirtschaft\/#breadcrumb","itemListElement":[{"@type":"ListItem","position":1,"name":"Home","item":"https:\/\/super-news.info\/de\/"},{"@type":"ListItem","position":2,"name":"Kaufland, Real, VW, Geh\u00e4lter von Dax-Vorst\u00e4nden \u203a absatzwirtschaft"}]},{"@type":"WebSite","@id":"https:\/\/super-news.info\/de\/#website","url":"https:\/\/super-news.info\/de\/","name":"Super News","description":"Super News Germany","potentialAction":[{"@type":"SearchAction","target":{"@type":"EntryPoint","urlTemplate":"https:\/\/super-news.info\/de\/?s={search_term_string}"},"query-input":{"@type":"PropertyValueSpecification","valueRequired":true,"valueName":"search_term_string"}}],"inLanguage":"de"},{"@type":"Person","@id":"https:\/\/super-news.info\/de\/#\/schema\/person\/2b9ff946d06444e803cb306ffcfd1045","name":"super news","image":{"@type":"ImageObject","inLanguage":"de","@id":"https:\/\/secure.gravatar.com\/avatar\/98e0b303f300d45b2a94684c5e4dda8baa4a5e9710b579f7493c8612061d08bf?s=96&d=mm&r=g","url":"https:\/\/secure.gravatar.com\/avatar\/98e0b303f300d45b2a94684c5e4dda8baa4a5e9710b579f7493c8612061d08bf?s=96&d=mm&r=g","contentUrl":"https:\/\/secure.gravatar.com\/avatar\/98e0b303f300d45b2a94684c5e4dda8baa4a5e9710b579f7493c8612061d08bf?s=96&d=mm&r=g","caption":"super news"},"url":"https:\/\/super-news.info\/de\/author\/manuel\/"}]}},"_links":{"self":[{"href":"https:\/\/super-news.info\/de\/wp-json\/wp\/v2\/posts\/419","targetHints":{"allow":["GET"]}}],"collection":[{"href":"https:\/\/super-news.info\/de\/wp-json\/wp\/v2\/posts"}],"about":[{"href":"https:\/\/super-news.info\/de\/wp-json\/wp\/v2\/types\/post"}],"author":[{"embeddable":true,"href":"https:\/\/super-news.info\/de\/wp-json\/wp\/v2\/users\/1"}],"replies":[{"embeddable":true,"href":"https:\/\/super-news.info\/de\/wp-json\/wp\/v2\/comments?post=419"}],"version-history":[{"count":1,"href":"https:\/\/super-news.info\/de\/wp-json\/wp\/v2\/posts\/419\/revisions"}],"predecessor-version":[{"id":421,"href":"https:\/\/super-news.info\/de\/wp-json\/wp\/v2\/posts\/419\/revisions\/421"}],"wp:featuredmedia":[{"embeddable":true,"href":"https:\/\/super-news.info\/de\/wp-json\/wp\/v2\/media\/420"}],"wp:attachment":[{"href":"https:\/\/super-news.info\/de\/wp-json\/wp\/v2\/media?parent=419"}],"wp:term":[{"taxonomy":"category","embeddable":true,"href":"https:\/\/super-news.info\/de\/wp-json\/wp\/v2\/categories?post=419"},{"taxonomy":"post_tag","embeddable":true,"href":"https:\/\/super-news.info\/de\/wp-json\/wp\/v2\/tags?post=419"}],"curies":[{"name":"wp","href":"https:\/\/api.w.org\/{rel}","templated":true}]}}