{"id":407,"date":"2020-11-16T09:04:41","date_gmt":"2020-11-16T09:04:41","guid":{"rendered":"https:\/\/super-news.info\/de\/marketingleiterin-von-mirbach-wird-chefin-von-mini-deutschland-absatzwirtschaft\/"},"modified":"2020-11-16T09:04:43","modified_gmt":"2020-11-16T09:04:43","slug":"marketingleiterin-von-mirbach-wird-chefin-von-mini-deutschland-absatzwirtschaft","status":"publish","type":"post","link":"https:\/\/super-news.info\/de\/marketingleiterin-von-mirbach-wird-chefin-von-mini-deutschland-absatzwirtschaft\/","title":{"rendered":"Marketingleiterin von Mirbach wird Chefin von Mini Deutschland \u203a absatzwirtschaft"},"content":{"rendered":"<p> [ad_1]<br \/>\n<\/p>\n<p>\t  \t\t\t\t\t\t\t  \t\t\t\t\t\t\t\tMarketingleiterin Ulrike von Mirbach steigt bei Mini zur Deutschlandchefin auf.<br \/>\n\t  \t\t\t\t\t\t\t\t  \t\t\t\t\t\t\t  \t\t\t\t\t\t\t\t\t \u00a9 BMW Group<\/p>\n<p>\t\t\t\t\t\tUlrike von Mirbach wird zum 1. Januar 2021 die Leitung von Mini Deutschland \u00fcbernehmen. Sie tritt damit die Nachfolge von Wolfgang B\u00fcchel an, der zum gleichen Zeitpunkt die Leitung der Vertriebsgesellschaft BMW Australien \u00fcbernehmen wird.<\/p>\n<p>\t\t\t\t\t\tAnzeige<\/p>\n<p>\t\t\t\t\tVon Henning Eberhardt<br \/>\n\t\t\t\t\tUlrike von Mirbach wird neue Chefin von Mini Deutschland. Im<br \/>\nstrategischen Mittelpunkt der Marke sollen unter ihrer F\u00fchrung der Ausbau der<br \/>\nElektromobilit\u00e4t und ein verst\u00e4rktes Engagement im Crossover- und im<br \/>\nPremium-Kompaktsegment stehen.<\/p>\n<p>Von Mirbach verantwortete in den vergangenen f\u00fcnf Jahren das<br \/>\nMarketing und Produktmanagement der britischen Marke in Deutschland. Die<br \/>\n41-j\u00e4hrige Diplomkauffrau arbeitet bereits seit \u00fcber 15 Jahren f\u00fcr die BMW<br \/>\nGroup. Sie war unter anderem zust\u00e4ndig f\u00fcr die Marketingstrategie der Marke BMW<br \/>\nim deutschen Markt und verantwortete Events und Messen sowie die<br \/>\nHandelskommunikation von BMW Deutschland.<\/p>\n<p>Wer von Mirbachs Nachfolge in der Marketingleitung von Mini<br \/>\nDeutschland \u00fcbernehmen wird, steht bisher noch nicht fest.<\/p>\n<p>Wolfgang B\u00fcchel wechselt zu BMW Australien <\/p>\n<p>Von Mirbachs Vorg\u00e4nger als Leiter von Mini Deutschland, Wolfgang B\u00fcchel, wird ab dem 1. Januar 2021 die Leitung der Vertriebsgesellschaft BMW Australien \u00fcbernehmen. Der 51-j\u00e4hrige Diplom-Kulturwirt verantwortete en den vergangenen drei Jahren die Marke Mini in Deutschland, dem zweitgr\u00f6\u00dften Absatzmarkt der Marke. <\/p>\n<p>absatzwirtschaft+<\/p>\n<p>Sie wollen weitere relevante Informationen und spannende Hintergr\u00fcnde f\u00fcr Ihre t\u00e4gliche Arbeit im Marketing? Dann\u00a0abonnieren Sie jetzt hier\u00a0unseren kostenfreien Newsletter.<\/p>\n<p>[ad_2]<br \/>\n<br \/><a href=\"https:\/\/www.absatzwirtschaft.de\/marketingleiterin-von-mirbach-wird-chefin-von-mini-deutschland-176085\/\">Source link <\/a><\/p>\n","protected":false},"excerpt":{"rendered":"<p>[ad_1] Marketingleiterin Ulrike von Mirbach steigt bei Mini zur Deutschlandchefin auf. \u00a9 BMW Group Ulrike von Mirbach wird zum 1. Januar 2021 die Leitung von Mini Deutschland \u00fcbernehmen. Sie tritt damit die Nachfolge von Wolfgang B\u00fcchel an, der zum gleichen Zeitpunkt die Leitung der Vertriebsgesellschaft BMW Australien \u00fcbernehmen wird. Anzeige Von Henning Eberhardt Ulrike von [&hellip;]<\/p>\n","protected":false},"author":1,"featured_media":408,"comment_status":"open","ping_status":"open","sticky":false,"template":"","format":"standard","meta":{"footnotes":""},"categories":[5],"tags":[],"class_list":["post-407","post","type-post","status-publish","format-standard","has-post-thumbnail","hentry","category-marketing-news"],"yoast_head":"<!-- This site is optimized with the Yoast SEO plugin v27.4 - https:\/\/yoast.com\/product\/yoast-seo-wordpress\/ -->\n<title>Marketingleiterin von Mirbach wird Chefin von Mini Deutschland \u203a absatzwirtschaft - Super News<\/title>\n<meta name=\"robots\" content=\"index, follow, max-snippet:-1, max-image-preview:large, max-video-preview:-1\" \/>\n<link rel=\"canonical\" href=\"https:\/\/super-news.info\/de\/marketingleiterin-von-mirbach-wird-chefin-von-mini-deutschland-absatzwirtschaft\/\" \/>\n<meta property=\"og:locale\" content=\"de_DE\" \/>\n<meta property=\"og:type\" content=\"article\" \/>\n<meta property=\"og:title\" content=\"Marketingleiterin von Mirbach wird Chefin von Mini Deutschland \u203a absatzwirtschaft - Super News\" \/>\n<meta property=\"og:description\" content=\"[ad_1] Marketingleiterin Ulrike von Mirbach steigt bei Mini zur Deutschlandchefin auf. \u00a9 BMW Group Ulrike von Mirbach wird zum 1. Januar 2021 die Leitung von Mini Deutschland \u00fcbernehmen. Sie tritt damit die Nachfolge von Wolfgang B\u00fcchel an, der zum gleichen Zeitpunkt die Leitung der Vertriebsgesellschaft BMW Australien \u00fcbernehmen wird. Anzeige Von Henning Eberhardt Ulrike von [&hellip;]\" \/>\n<meta property=\"og:url\" content=\"https:\/\/super-news.info\/de\/marketingleiterin-von-mirbach-wird-chefin-von-mini-deutschland-absatzwirtschaft\/\" \/>\n<meta property=\"og:site_name\" content=\"Super News\" \/>\n<meta property=\"article:published_time\" content=\"2020-11-16T09:04:41+00:00\" \/>\n<meta property=\"article:modified_time\" content=\"2020-11-16T09:04:43+00:00\" \/>\n<meta property=\"og:image\" content=\"https:\/\/super-news.info\/de\/wp-content\/uploads\/sites\/13\/2020\/11\/Marketingleiterin-von-Mirbach-wird-Chefin-von-Mini-Deutschland-absatzwirtschaft.jpg\" \/>\n\t<meta property=\"og:image:width\" content=\"630\" \/>\n\t<meta property=\"og:image:height\" content=\"354\" \/>\n\t<meta property=\"og:image:type\" content=\"image\/jpeg\" \/>\n<meta name=\"author\" content=\"super news\" \/>\n<meta name=\"twitter:card\" content=\"summary_large_image\" \/>\n<meta name=\"twitter:label1\" content=\"Verfasst von\" \/>\n\t<meta name=\"twitter:data1\" content=\"super news\" \/>\n\t<meta name=\"twitter:label2\" content=\"Gesch\u00e4tzte Lesezeit\" \/>\n\t<meta name=\"twitter:data2\" content=\"1\u00a0Minute\" \/>\n<script type=\"application\/ld+json\" class=\"yoast-schema-graph\">{\"@context\":\"https:\\\/\\\/schema.org\",\"@graph\":[{\"@type\":\"Article\",\"@id\":\"https:\\\/\\\/super-news.info\\\/de\\\/marketingleiterin-von-mirbach-wird-chefin-von-mini-deutschland-absatzwirtschaft\\\/#article\",\"isPartOf\":{\"@id\":\"https:\\\/\\\/super-news.info\\\/de\\\/marketingleiterin-von-mirbach-wird-chefin-von-mini-deutschland-absatzwirtschaft\\\/\"},\"author\":{\"name\":\"super news\",\"@id\":\"https:\\\/\\\/super-news.info\\\/de\\\/#\\\/schema\\\/person\\\/2b9ff946d06444e803cb306ffcfd1045\"},\"headline\":\"Marketingleiterin von Mirbach wird Chefin von Mini Deutschland \u203a absatzwirtschaft\",\"datePublished\":\"2020-11-16T09:04:41+00:00\",\"dateModified\":\"2020-11-16T09:04:43+00:00\",\"mainEntityOfPage\":{\"@id\":\"https:\\\/\\\/super-news.info\\\/de\\\/marketingleiterin-von-mirbach-wird-chefin-von-mini-deutschland-absatzwirtschaft\\\/\"},\"wordCount\":251,\"commentCount\":0,\"image\":{\"@id\":\"https:\\\/\\\/super-news.info\\\/de\\\/marketingleiterin-von-mirbach-wird-chefin-von-mini-deutschland-absatzwirtschaft\\\/#primaryimage\"},\"thumbnailUrl\":\"https:\\\/\\\/super-news.info\\\/de\\\/wp-content\\\/uploads\\\/sites\\\/13\\\/2020\\\/11\\\/Marketingleiterin-von-Mirbach-wird-Chefin-von-Mini-Deutschland-absatzwirtschaft.jpg\",\"articleSection\":[\"MARKETING NEWS\"],\"inLanguage\":\"de\",\"potentialAction\":[{\"@type\":\"CommentAction\",\"name\":\"Comment\",\"target\":[\"https:\\\/\\\/super-news.info\\\/de\\\/marketingleiterin-von-mirbach-wird-chefin-von-mini-deutschland-absatzwirtschaft\\\/#respond\"]}]},{\"@type\":\"WebPage\",\"@id\":\"https:\\\/\\\/super-news.info\\\/de\\\/marketingleiterin-von-mirbach-wird-chefin-von-mini-deutschland-absatzwirtschaft\\\/\",\"url\":\"https:\\\/\\\/super-news.info\\\/de\\\/marketingleiterin-von-mirbach-wird-chefin-von-mini-deutschland-absatzwirtschaft\\\/\",\"name\":\"Marketingleiterin von Mirbach wird Chefin von Mini Deutschland \u203a absatzwirtschaft - Super News\",\"isPartOf\":{\"@id\":\"https:\\\/\\\/super-news.info\\\/de\\\/#website\"},\"primaryImageOfPage\":{\"@id\":\"https:\\\/\\\/super-news.info\\\/de\\\/marketingleiterin-von-mirbach-wird-chefin-von-mini-deutschland-absatzwirtschaft\\\/#primaryimage\"},\"image\":{\"@id\":\"https:\\\/\\\/super-news.info\\\/de\\\/marketingleiterin-von-mirbach-wird-chefin-von-mini-deutschland-absatzwirtschaft\\\/#primaryimage\"},\"thumbnailUrl\":\"https:\\\/\\\/super-news.info\\\/de\\\/wp-content\\\/uploads\\\/sites\\\/13\\\/2020\\\/11\\\/Marketingleiterin-von-Mirbach-wird-Chefin-von-Mini-Deutschland-absatzwirtschaft.jpg\",\"datePublished\":\"2020-11-16T09:04:41+00:00\",\"dateModified\":\"2020-11-16T09:04:43+00:00\",\"author\":{\"@id\":\"https:\\\/\\\/super-news.info\\\/de\\\/#\\\/schema\\\/person\\\/2b9ff946d06444e803cb306ffcfd1045\"},\"breadcrumb\":{\"@id\":\"https:\\\/\\\/super-news.info\\\/de\\\/marketingleiterin-von-mirbach-wird-chefin-von-mini-deutschland-absatzwirtschaft\\\/#breadcrumb\"},\"inLanguage\":\"de\",\"potentialAction\":[{\"@type\":\"ReadAction\",\"target\":[\"https:\\\/\\\/super-news.info\\\/de\\\/marketingleiterin-von-mirbach-wird-chefin-von-mini-deutschland-absatzwirtschaft\\\/\"]}]},{\"@type\":\"ImageObject\",\"inLanguage\":\"de\",\"@id\":\"https:\\\/\\\/super-news.info\\\/de\\\/marketingleiterin-von-mirbach-wird-chefin-von-mini-deutschland-absatzwirtschaft\\\/#primaryimage\",\"url\":\"https:\\\/\\\/super-news.info\\\/de\\\/wp-content\\\/uploads\\\/sites\\\/13\\\/2020\\\/11\\\/Marketingleiterin-von-Mirbach-wird-Chefin-von-Mini-Deutschland-absatzwirtschaft.jpg\",\"contentUrl\":\"https:\\\/\\\/super-news.info\\\/de\\\/wp-content\\\/uploads\\\/sites\\\/13\\\/2020\\\/11\\\/Marketingleiterin-von-Mirbach-wird-Chefin-von-Mini-Deutschland-absatzwirtschaft.jpg\",\"width\":630,\"height\":354,\"caption\":\"Marketingleiterin von Mirbach wird Chefin von Mini Deutschland \u203a absatzwirtschaft\"},{\"@type\":\"BreadcrumbList\",\"@id\":\"https:\\\/\\\/super-news.info\\\/de\\\/marketingleiterin-von-mirbach-wird-chefin-von-mini-deutschland-absatzwirtschaft\\\/#breadcrumb\",\"itemListElement\":[{\"@type\":\"ListItem\",\"position\":1,\"name\":\"Home\",\"item\":\"https:\\\/\\\/super-news.info\\\/de\\\/\"},{\"@type\":\"ListItem\",\"position\":2,\"name\":\"Marketingleiterin von Mirbach wird Chefin von Mini Deutschland \u203a absatzwirtschaft\"}]},{\"@type\":\"WebSite\",\"@id\":\"https:\\\/\\\/super-news.info\\\/de\\\/#website\",\"url\":\"https:\\\/\\\/super-news.info\\\/de\\\/\",\"name\":\"Super News\",\"description\":\"Super News Germany\",\"potentialAction\":[{\"@type\":\"SearchAction\",\"target\":{\"@type\":\"EntryPoint\",\"urlTemplate\":\"https:\\\/\\\/super-news.info\\\/de\\\/?s={search_term_string}\"},\"query-input\":{\"@type\":\"PropertyValueSpecification\",\"valueRequired\":true,\"valueName\":\"search_term_string\"}}],\"inLanguage\":\"de\"},{\"@type\":\"Person\",\"@id\":\"https:\\\/\\\/super-news.info\\\/de\\\/#\\\/schema\\\/person\\\/2b9ff946d06444e803cb306ffcfd1045\",\"name\":\"super news\",\"image\":{\"@type\":\"ImageObject\",\"inLanguage\":\"de\",\"@id\":\"https:\\\/\\\/secure.gravatar.com\\\/avatar\\\/98e0b303f300d45b2a94684c5e4dda8baa4a5e9710b579f7493c8612061d08bf?s=96&d=mm&r=g\",\"url\":\"https:\\\/\\\/secure.gravatar.com\\\/avatar\\\/98e0b303f300d45b2a94684c5e4dda8baa4a5e9710b579f7493c8612061d08bf?s=96&d=mm&r=g\",\"contentUrl\":\"https:\\\/\\\/secure.gravatar.com\\\/avatar\\\/98e0b303f300d45b2a94684c5e4dda8baa4a5e9710b579f7493c8612061d08bf?s=96&d=mm&r=g\",\"caption\":\"super news\"},\"url\":\"https:\\\/\\\/super-news.info\\\/de\\\/author\\\/manuel\\\/\"}]}<\/script>\n<!-- \/ Yoast SEO plugin. -->","yoast_head_json":{"title":"Marketingleiterin von Mirbach wird Chefin von Mini Deutschland \u203a absatzwirtschaft - Super News","robots":{"index":"index","follow":"follow","max-snippet":"max-snippet:-1","max-image-preview":"max-image-preview:large","max-video-preview":"max-video-preview:-1"},"canonical":"https:\/\/super-news.info\/de\/marketingleiterin-von-mirbach-wird-chefin-von-mini-deutschland-absatzwirtschaft\/","og_locale":"de_DE","og_type":"article","og_title":"Marketingleiterin von Mirbach wird Chefin von Mini Deutschland \u203a absatzwirtschaft - Super News","og_description":"[ad_1] Marketingleiterin Ulrike von Mirbach steigt bei Mini zur Deutschlandchefin auf. \u00a9 BMW Group Ulrike von Mirbach wird zum 1. Januar 2021 die Leitung von Mini Deutschland \u00fcbernehmen. Sie tritt damit die Nachfolge von Wolfgang B\u00fcchel an, der zum gleichen Zeitpunkt die Leitung der Vertriebsgesellschaft BMW Australien \u00fcbernehmen wird. Anzeige Von Henning Eberhardt Ulrike von [&hellip;]","og_url":"https:\/\/super-news.info\/de\/marketingleiterin-von-mirbach-wird-chefin-von-mini-deutschland-absatzwirtschaft\/","og_site_name":"Super News","article_published_time":"2020-11-16T09:04:41+00:00","article_modified_time":"2020-11-16T09:04:43+00:00","og_image":[{"width":630,"height":354,"url":"https:\/\/super-news.info\/de\/wp-content\/uploads\/sites\/13\/2020\/11\/Marketingleiterin-von-Mirbach-wird-Chefin-von-Mini-Deutschland-absatzwirtschaft.jpg","type":"image\/jpeg"}],"author":"super news","twitter_card":"summary_large_image","twitter_misc":{"Verfasst von":"super news","Gesch\u00e4tzte Lesezeit":"1\u00a0Minute"},"schema":{"@context":"https:\/\/schema.org","@graph":[{"@type":"Article","@id":"https:\/\/super-news.info\/de\/marketingleiterin-von-mirbach-wird-chefin-von-mini-deutschland-absatzwirtschaft\/#article","isPartOf":{"@id":"https:\/\/super-news.info\/de\/marketingleiterin-von-mirbach-wird-chefin-von-mini-deutschland-absatzwirtschaft\/"},"author":{"name":"super news","@id":"https:\/\/super-news.info\/de\/#\/schema\/person\/2b9ff946d06444e803cb306ffcfd1045"},"headline":"Marketingleiterin von Mirbach wird Chefin von Mini Deutschland \u203a absatzwirtschaft","datePublished":"2020-11-16T09:04:41+00:00","dateModified":"2020-11-16T09:04:43+00:00","mainEntityOfPage":{"@id":"https:\/\/super-news.info\/de\/marketingleiterin-von-mirbach-wird-chefin-von-mini-deutschland-absatzwirtschaft\/"},"wordCount":251,"commentCount":0,"image":{"@id":"https:\/\/super-news.info\/de\/marketingleiterin-von-mirbach-wird-chefin-von-mini-deutschland-absatzwirtschaft\/#primaryimage"},"thumbnailUrl":"https:\/\/super-news.info\/de\/wp-content\/uploads\/sites\/13\/2020\/11\/Marketingleiterin-von-Mirbach-wird-Chefin-von-Mini-Deutschland-absatzwirtschaft.jpg","articleSection":["MARKETING NEWS"],"inLanguage":"de","potentialAction":[{"@type":"CommentAction","name":"Comment","target":["https:\/\/super-news.info\/de\/marketingleiterin-von-mirbach-wird-chefin-von-mini-deutschland-absatzwirtschaft\/#respond"]}]},{"@type":"WebPage","@id":"https:\/\/super-news.info\/de\/marketingleiterin-von-mirbach-wird-chefin-von-mini-deutschland-absatzwirtschaft\/","url":"https:\/\/super-news.info\/de\/marketingleiterin-von-mirbach-wird-chefin-von-mini-deutschland-absatzwirtschaft\/","name":"Marketingleiterin von Mirbach wird Chefin von Mini Deutschland \u203a absatzwirtschaft - Super News","isPartOf":{"@id":"https:\/\/super-news.info\/de\/#website"},"primaryImageOfPage":{"@id":"https:\/\/super-news.info\/de\/marketingleiterin-von-mirbach-wird-chefin-von-mini-deutschland-absatzwirtschaft\/#primaryimage"},"image":{"@id":"https:\/\/super-news.info\/de\/marketingleiterin-von-mirbach-wird-chefin-von-mini-deutschland-absatzwirtschaft\/#primaryimage"},"thumbnailUrl":"https:\/\/super-news.info\/de\/wp-content\/uploads\/sites\/13\/2020\/11\/Marketingleiterin-von-Mirbach-wird-Chefin-von-Mini-Deutschland-absatzwirtschaft.jpg","datePublished":"2020-11-16T09:04:41+00:00","dateModified":"2020-11-16T09:04:43+00:00","author":{"@id":"https:\/\/super-news.info\/de\/#\/schema\/person\/2b9ff946d06444e803cb306ffcfd1045"},"breadcrumb":{"@id":"https:\/\/super-news.info\/de\/marketingleiterin-von-mirbach-wird-chefin-von-mini-deutschland-absatzwirtschaft\/#breadcrumb"},"inLanguage":"de","potentialAction":[{"@type":"ReadAction","target":["https:\/\/super-news.info\/de\/marketingleiterin-von-mirbach-wird-chefin-von-mini-deutschland-absatzwirtschaft\/"]}]},{"@type":"ImageObject","inLanguage":"de","@id":"https:\/\/super-news.info\/de\/marketingleiterin-von-mirbach-wird-chefin-von-mini-deutschland-absatzwirtschaft\/#primaryimage","url":"https:\/\/super-news.info\/de\/wp-content\/uploads\/sites\/13\/2020\/11\/Marketingleiterin-von-Mirbach-wird-Chefin-von-Mini-Deutschland-absatzwirtschaft.jpg","contentUrl":"https:\/\/super-news.info\/de\/wp-content\/uploads\/sites\/13\/2020\/11\/Marketingleiterin-von-Mirbach-wird-Chefin-von-Mini-Deutschland-absatzwirtschaft.jpg","width":630,"height":354,"caption":"Marketingleiterin von Mirbach wird Chefin von Mini Deutschland \u203a absatzwirtschaft"},{"@type":"BreadcrumbList","@id":"https:\/\/super-news.info\/de\/marketingleiterin-von-mirbach-wird-chefin-von-mini-deutschland-absatzwirtschaft\/#breadcrumb","itemListElement":[{"@type":"ListItem","position":1,"name":"Home","item":"https:\/\/super-news.info\/de\/"},{"@type":"ListItem","position":2,"name":"Marketingleiterin von Mirbach wird Chefin von Mini Deutschland \u203a absatzwirtschaft"}]},{"@type":"WebSite","@id":"https:\/\/super-news.info\/de\/#website","url":"https:\/\/super-news.info\/de\/","name":"Super News","description":"Super News Germany","potentialAction":[{"@type":"SearchAction","target":{"@type":"EntryPoint","urlTemplate":"https:\/\/super-news.info\/de\/?s={search_term_string}"},"query-input":{"@type":"PropertyValueSpecification","valueRequired":true,"valueName":"search_term_string"}}],"inLanguage":"de"},{"@type":"Person","@id":"https:\/\/super-news.info\/de\/#\/schema\/person\/2b9ff946d06444e803cb306ffcfd1045","name":"super news","image":{"@type":"ImageObject","inLanguage":"de","@id":"https:\/\/secure.gravatar.com\/avatar\/98e0b303f300d45b2a94684c5e4dda8baa4a5e9710b579f7493c8612061d08bf?s=96&d=mm&r=g","url":"https:\/\/secure.gravatar.com\/avatar\/98e0b303f300d45b2a94684c5e4dda8baa4a5e9710b579f7493c8612061d08bf?s=96&d=mm&r=g","contentUrl":"https:\/\/secure.gravatar.com\/avatar\/98e0b303f300d45b2a94684c5e4dda8baa4a5e9710b579f7493c8612061d08bf?s=96&d=mm&r=g","caption":"super news"},"url":"https:\/\/super-news.info\/de\/author\/manuel\/"}]}},"_links":{"self":[{"href":"https:\/\/super-news.info\/de\/wp-json\/wp\/v2\/posts\/407","targetHints":{"allow":["GET"]}}],"collection":[{"href":"https:\/\/super-news.info\/de\/wp-json\/wp\/v2\/posts"}],"about":[{"href":"https:\/\/super-news.info\/de\/wp-json\/wp\/v2\/types\/post"}],"author":[{"embeddable":true,"href":"https:\/\/super-news.info\/de\/wp-json\/wp\/v2\/users\/1"}],"replies":[{"embeddable":true,"href":"https:\/\/super-news.info\/de\/wp-json\/wp\/v2\/comments?post=407"}],"version-history":[{"count":1,"href":"https:\/\/super-news.info\/de\/wp-json\/wp\/v2\/posts\/407\/revisions"}],"predecessor-version":[{"id":409,"href":"https:\/\/super-news.info\/de\/wp-json\/wp\/v2\/posts\/407\/revisions\/409"}],"wp:featuredmedia":[{"embeddable":true,"href":"https:\/\/super-news.info\/de\/wp-json\/wp\/v2\/media\/408"}],"wp:attachment":[{"href":"https:\/\/super-news.info\/de\/wp-json\/wp\/v2\/media?parent=407"}],"wp:term":[{"taxonomy":"category","embeddable":true,"href":"https:\/\/super-news.info\/de\/wp-json\/wp\/v2\/categories?post=407"},{"taxonomy":"post_tag","embeddable":true,"href":"https:\/\/super-news.info\/de\/wp-json\/wp\/v2\/tags?post=407"}],"curies":[{"name":"wp","href":"https:\/\/api.w.org\/{rel}","templated":true}]}}