{"id":390,"date":"2020-11-14T20:40:33","date_gmt":"2020-11-14T20:40:33","guid":{"rendered":"https:\/\/super-news.info\/de\/lufttaxis-ikea-umsaetze-lufthansa-cfo-absatzwirtschaft\/"},"modified":"2020-11-14T20:40:34","modified_gmt":"2020-11-14T20:40:34","slug":"lufttaxis-ikea-umsaetze-lufthansa-cfo-absatzwirtschaft","status":"publish","type":"post","link":"https:\/\/super-news.info\/de\/lufttaxis-ikea-umsaetze-lufthansa-cfo-absatzwirtschaft\/","title":{"rendered":"Lufttaxis, Ikea-Ums\u00e4tze, Lufthansa-CFO \u203a absatzwirtschaft"},"content":{"rendered":"<p> [ad_1]<br \/>\n<\/p>\n<p>\t\t\t\t\t\tT\u00e4glich prasseln unz\u00e4hlige Nachrichten auf die Marketingbranche ein, die je nach Aufgabengebiet mehr oder weniger Interesse wecken. Wir fassen die wichtigsten Business-News kompakt zusammen. Diesmal im Angebot: Lufttaxis in S\u00fcdkorea, Ikea h\u00e4lt Umsatz trotz Corona, Lufthansa mit neuem CFO und BMW mit neuem, vollelektrischen SUV.<\/p>\n<p>\t\t\t\t\tVon Henning Eberhardt<br \/>\n\t\t\t\t\tDie neuesten ausgew\u00e4hlten Business-News drehen sich heute um<br \/>\ndie folgenden Themen:<\/p>\n<p>S\u00fcdkorea will bis 2025 Lufttaxi-Service<br \/>\nstartenM\u00f6belh\u00e4ndler Ikea h\u00e4lt Umsatz trotz<br \/>\nCoronaLufthansa bekommt neuen FinanzchefBMW pr\u00e4sentiert vollelektrischen<br \/>\nOberklasse-SUV<\/p>\n<p>S\u00fcdkorea will bis 2025 Lufttaxi-Service starten<\/p>\n<p>S\u00fcdkorea will m\u00f6glichst bis zum Jahr 2025 die ersten<br \/>\nTransportdienste mit Flugtaxis starten. In der Hauptstadt Seoul stellte die<br \/>\nStadtverwaltung zusammen mit dem Transportministerium am Mittwoch eigenen<br \/>\nAngaben zufolge einen Demonstrationsflug vor, bei der eine zweisitzige<br \/>\npilotfreie Drohne sieben Minuten lang etwa 1,8 Kilometer zur\u00fcckgelegt haben<br \/>\nsoll. Es waren keine Passagiere an Bord.<\/p>\n<p>Es war demnach die erste derartige \u00f6ffentliche<br \/>\nFlugdemonstration eines Lufttaxis in Seoul. F\u00fcr den Flug kam ein elektrisch<br \/>\nangetriebenes Flugger\u00e4t des Typs EH 216 des chinesischen Herstellers EHang zum<br \/>\nEinsatz. Bei der Veranstaltung stellten auch s\u00fcdkoreanische Firmen<br \/>\neinschlie\u00dflich des Autoherstellers Hyundai sowie Hanwha Systems eigene<br \/>\nModell-Flugtaxis aus.<\/p>\n<p>Im Gegensatz zur bestehenden Luftfahrtindustrie sei die \u201cst\u00e4dtische Luftmobilit\u00e4t\u201d (UAM) ein Bereich, in dem \u201cweder internationale F\u00fchrung noch technische Standards\u201d etabliert seien, teilte die Stadt mit. Die Zentralregierung habe daher einen umfassenden Fahrplan f\u00fcr die Vermarktung aufgestellt. Vorgesehen sei, die gesetzlichen Voraussetzungen f\u00fcr die Vermarktung von elektrischen Luftfahrzeugen, die senkrecht starten und landen k\u00f6nnen, so bald wie m\u00f6glich zu schaffen.<\/p>\n<p>Transportministerin Kim Hyun Mi \u00e4u\u00dferte die Hoffnung, dass<br \/>\nbis 2025 die kommerzielle UAM-Nutzung \u00fcber die Zusammenarbeit von Industrie und<br \/>\nWissenschaft gelinge. Autonome Flugtaxis sind ein integraler Bestandteil des<br \/>\nUAM-Konzepts. Viele St\u00e4dte weltweit hoffen, damit in Zukunft auch Probleme mit<br \/>\nStra\u00dfenstaus l\u00f6sen zu k\u00f6nnen.<\/p>\n<p>M\u00f6belh\u00e4ndler Ikea h\u00e4lt Umsatz trotz Corona<\/p>\n<p>Der M\u00f6belh\u00e4ndler Ikea hat trotz der Corona-Krise seinen<br \/>\nUmsatz im wichtigsten Einzelmarkt Deutschland gehalten. Erl\u00f6se von 5,33<br \/>\nMilliarden Euro im Gesch\u00e4ftsjahr 2019\/2020 (30. August) bedeuteten ein Plus von<br \/>\n0,9 Prozent im Vergleich zum Vorjahr, wie Ikea-Deutschland-Chef Dennis Balslev<br \/>\nam Mittwoch in Hofheim bei Frankfurt mitteilte.<\/p>\n<p>Insbesondere in den Zeiten des Shutdowns habe der steigende<br \/>\nOnline-Umsatz die Ausf\u00e4lle in den 54 M\u00f6belh\u00e4usern und Restaurants mehr als<br \/>\nausgeglichen. Der Anteil des im Internet erzielten Umsatzes kletterte im<br \/>\nJahresvergleich von 9,4 auf 16,2 Prozent. Besonders gefragt waren Dinge f\u00fcr den<br \/>\nAu\u00dfenbereich sowie B\u00fcroausstattung. Weltweit hatte die<br \/>\nIkea-Einzelhandelsorganisation Ingka einen Umsatzr\u00fcckgang verzeichnet.<\/p>\n<p>Im Gesch\u00e4ftsjahr 2019\/20 hat der gr\u00f6\u00dfte M\u00f6belh\u00e4ndler<br \/>\nDeutschlands lediglich ein neues M\u00f6belhaus in Karlsruhe aufgemacht. Die Zahl<br \/>\nder Besch\u00e4ftigten stieg laut Firmenangaben auf 20 125 Menschen bei voller<br \/>\nBezahlung, ohne dass staatliche Unterst\u00fctzung etwa \u00fcber Kurzarbeit genutzt<br \/>\nwerden musste. Balslev k\u00fcndigte weitere Kleingesch\u00e4fte mit Planungshilfen in<br \/>\nBerlin und M\u00fcnchen sowie einen Ausbau der Online-Sparte an.<\/p>\n<p>Nach Wiederer\u00f6ffnung der Restaurants setzt das Unternehmen gro\u00dfe Hoffnungen auf vegetarische Hackb\u00e4llchen, die den Fleisch-Klassiker \u201cK\u00f6ttbullar\u201d erg\u00e4nzen sollen. Aktuell k\u00e4mpfe man wie jeder Einzelh\u00e4ndler mit Lieferschwierigkeiten, sagte Balslev. In den wieder ge\u00f6ffneten Gesch\u00e4ften erziele man derzeit aber sehr hohe Ums\u00e4tze.<\/p>\n<p>Lufthansa bekommt neuen Finanzchef<\/p>\n<p>Die Lufthansa hat nach zwei Personalabg\u00e4ngen einen neuen Chef f\u00fcr das in der Corona-Krise geforderte Finanzressort gefunden. Der bisherige Finanzchef des Schweizer Schokoladenherstellers Barry Callebaut, der Niederl\u00e4nder Remco Steenbergen (52), werde zum 1. Januar neuer Finanzvorstand (CFO) des Airline-Konzerns, teilte die Lufthansa am Mittwoch in Frankfurt mit. \u201cGerade jetzt, in dieser schwierigen Pandemie mit ihren gravierenden Folgen f\u00fcr den Luftverkehr, ist ein international erfahrener und anerkannter CFO f\u00fcr die Lufthansa Group wichtiger denn je\u201d, sagte Aufsichtsratschef Karl-Ludwig Kley.<\/p>\n<p>W\u00e4hrend der Pandemie waren der Lufthansa gleich zwei<br \/>\nwichtige Finanzmanager von Bord gegangen. Anfang April legte Finanzchef Ulrik<br \/>\nSvensson seinen Posten aus gesundheitlichen Gr\u00fcnden nieder. Sein<br \/>\nVorstandskollege Thorsten Dirks \u00fcbernahm daraufhin zun\u00e4chst wichtige Teile des<br \/>\nRessorts, trat nach der Rettung des Konzerns durch den Staat aber ebenfalls<br \/>\nzur\u00fcck. Seither f\u00fchrt Vorstandschef Carsten Spohr den Bereich zus\u00e4tzlich zu<br \/>\nseinen eigentlichen<\/p>\n<p>BMW pr\u00e4sentiert vollelektrischen Oberklasse-SUV<\/p>\n<p>BMW hat bei einer Online-Premiere sein drittes vollelektrisches Auto vorgestellt: den Oberklasse-SUV iX mit mehr als 600 Kilometer Reichweite. Mit neuem Antrieb und neuer Sensorik leitet das Fahrzeug nach den Worten von Vorstandschef Oliver Zipse \u201ceine neue \u00c4ra bei BMW ein\u201d.<\/p>\n<p>Der iX soll im niederbayerischen Dingolfing gebaut werden<br \/>\nund im November 2021 auf den Markt kommen. In den Au\u00dfenma\u00dfen entspricht er dem<br \/>\nSUV X5, aber er solle den X5 mit Verbrennermotor nicht ersetzen, sagte Zipse am<br \/>\nMittwoch. Als Hauptkonkurrenten sehen Branchenexperten den Tesla Model X und<br \/>\nden vollelektrischen Audi e-tron.<\/p>\n<p>Beim Design fallen die extrem schmalen Scheinwerfer, das eckige Lenkrad und ein frei stehendes Display anstelle des Armaturenbretts auf. Der iX sei \u201cals erstes Premiumfahrzeug mit dem 5G-Mobilfunkstandard\u201d ausgestattet und habe 20 Mal mehr Rechenleistung als bisherige BMW-Autos, teilte das Unternehmen mit. Technisch kann der iX aber noch nicht hochautomatisiert mit Level-3-Standard fahren, der Fahrer kann die Verantwortung also noch nicht an das Fahrzeug \u00fcbergeben.<\/p>\n<p>mit Material von der dpa<\/p>\n<p>Sie wollen weitere relevante Informationen und spannende Hintergr\u00fcnde f\u00fcr Ihre t\u00e4gliche Arbeit im Marketing? Dann\u00a0abonnieren Sie jetzt hier\u00a0unseren kostenfreien Newsletter. <\/p>\n<p>[ad_2]<br \/>\n<br \/><a href=\"https:\/\/www.absatzwirtschaft.de\/business-news-lufttaxis-ikea-umsaetze-lufthansa-cfo-176049\/\">Source link <\/a><\/p>\n","protected":false},"excerpt":{"rendered":"<p>[ad_1] T\u00e4glich prasseln unz\u00e4hlige Nachrichten auf die Marketingbranche ein, die je nach Aufgabengebiet mehr oder weniger Interesse wecken. Wir fassen die wichtigsten Business-News kompakt zusammen. Diesmal im Angebot: Lufttaxis in S\u00fcdkorea, Ikea h\u00e4lt Umsatz trotz Corona, Lufthansa mit neuem CFO und BMW mit neuem, vollelektrischen SUV. Von Henning Eberhardt Die neuesten ausgew\u00e4hlten Business-News drehen sich [&hellip;]<\/p>\n","protected":false},"author":1,"featured_media":391,"comment_status":"open","ping_status":"open","sticky":false,"template":"","format":"standard","meta":{"footnotes":""},"categories":[5],"tags":[],"class_list":["post-390","post","type-post","status-publish","format-standard","has-post-thumbnail","hentry","category-marketing-news"],"yoast_head":"<!-- This site is optimized with the Yoast SEO plugin v27.4 - https:\/\/yoast.com\/product\/yoast-seo-wordpress\/ -->\n<title>Lufttaxis, Ikea-Ums\u00e4tze, Lufthansa-CFO \u203a absatzwirtschaft - Super News<\/title>\n<meta name=\"robots\" content=\"index, follow, max-snippet:-1, max-image-preview:large, max-video-preview:-1\" \/>\n<link rel=\"canonical\" href=\"https:\/\/super-news.info\/de\/lufttaxis-ikea-umsaetze-lufthansa-cfo-absatzwirtschaft\/\" \/>\n<meta property=\"og:locale\" content=\"de_DE\" \/>\n<meta property=\"og:type\" content=\"article\" \/>\n<meta property=\"og:title\" content=\"Lufttaxis, Ikea-Ums\u00e4tze, Lufthansa-CFO \u203a absatzwirtschaft - Super News\" \/>\n<meta property=\"og:description\" content=\"[ad_1] T\u00e4glich prasseln unz\u00e4hlige Nachrichten auf die Marketingbranche ein, die je nach Aufgabengebiet mehr oder weniger Interesse wecken. Wir fassen die wichtigsten Business-News kompakt zusammen. Diesmal im Angebot: Lufttaxis in S\u00fcdkorea, Ikea h\u00e4lt Umsatz trotz Corona, Lufthansa mit neuem CFO und BMW mit neuem, vollelektrischen SUV. Von Henning Eberhardt Die neuesten ausgew\u00e4hlten Business-News drehen sich [&hellip;]\" \/>\n<meta property=\"og:url\" content=\"https:\/\/super-news.info\/de\/lufttaxis-ikea-umsaetze-lufthansa-cfo-absatzwirtschaft\/\" \/>\n<meta property=\"og:site_name\" content=\"Super News\" \/>\n<meta property=\"article:published_time\" content=\"2020-11-14T20:40:33+00:00\" \/>\n<meta property=\"article:modified_time\" content=\"2020-11-14T20:40:34+00:00\" \/>\n<meta property=\"og:image\" content=\"https:\/\/super-news.info\/de\/wp-content\/uploads\/sites\/13\/2020\/11\/Lufttaxis-Ikea-Ums-tze-Lufthansa-CFO-absatzwirtschaft.jpg\" \/>\n\t<meta property=\"og:image:width\" content=\"630\" \/>\n\t<meta property=\"og:image:height\" content=\"354\" \/>\n\t<meta property=\"og:image:type\" content=\"image\/jpeg\" \/>\n<meta name=\"author\" content=\"super news\" \/>\n<meta name=\"twitter:card\" content=\"summary_large_image\" \/>\n<meta name=\"twitter:label1\" content=\"Verfasst von\" \/>\n\t<meta name=\"twitter:data1\" content=\"super news\" \/>\n\t<meta name=\"twitter:label2\" content=\"Gesch\u00e4tzte Lesezeit\" \/>\n\t<meta name=\"twitter:data2\" content=\"4\u00a0Minuten\" \/>\n<script type=\"application\/ld+json\" class=\"yoast-schema-graph\">{\"@context\":\"https:\\\/\\\/schema.org\",\"@graph\":[{\"@type\":\"Article\",\"@id\":\"https:\\\/\\\/super-news.info\\\/de\\\/lufttaxis-ikea-umsaetze-lufthansa-cfo-absatzwirtschaft\\\/#article\",\"isPartOf\":{\"@id\":\"https:\\\/\\\/super-news.info\\\/de\\\/lufttaxis-ikea-umsaetze-lufthansa-cfo-absatzwirtschaft\\\/\"},\"author\":{\"name\":\"super news\",\"@id\":\"https:\\\/\\\/super-news.info\\\/de\\\/#\\\/schema\\\/person\\\/2b9ff946d06444e803cb306ffcfd1045\"},\"headline\":\"Lufttaxis, Ikea-Ums\u00e4tze, Lufthansa-CFO \u203a absatzwirtschaft\",\"datePublished\":\"2020-11-14T20:40:33+00:00\",\"dateModified\":\"2020-11-14T20:40:34+00:00\",\"mainEntityOfPage\":{\"@id\":\"https:\\\/\\\/super-news.info\\\/de\\\/lufttaxis-ikea-umsaetze-lufthansa-cfo-absatzwirtschaft\\\/\"},\"wordCount\":882,\"commentCount\":0,\"image\":{\"@id\":\"https:\\\/\\\/super-news.info\\\/de\\\/lufttaxis-ikea-umsaetze-lufthansa-cfo-absatzwirtschaft\\\/#primaryimage\"},\"thumbnailUrl\":\"https:\\\/\\\/super-news.info\\\/de\\\/wp-content\\\/uploads\\\/sites\\\/13\\\/2020\\\/11\\\/Lufttaxis-Ikea-Ums-tze-Lufthansa-CFO-absatzwirtschaft.jpg\",\"articleSection\":[\"MARKETING NEWS\"],\"inLanguage\":\"de\",\"potentialAction\":[{\"@type\":\"CommentAction\",\"name\":\"Comment\",\"target\":[\"https:\\\/\\\/super-news.info\\\/de\\\/lufttaxis-ikea-umsaetze-lufthansa-cfo-absatzwirtschaft\\\/#respond\"]}]},{\"@type\":\"WebPage\",\"@id\":\"https:\\\/\\\/super-news.info\\\/de\\\/lufttaxis-ikea-umsaetze-lufthansa-cfo-absatzwirtschaft\\\/\",\"url\":\"https:\\\/\\\/super-news.info\\\/de\\\/lufttaxis-ikea-umsaetze-lufthansa-cfo-absatzwirtschaft\\\/\",\"name\":\"Lufttaxis, Ikea-Ums\u00e4tze, Lufthansa-CFO \u203a absatzwirtschaft - Super News\",\"isPartOf\":{\"@id\":\"https:\\\/\\\/super-news.info\\\/de\\\/#website\"},\"primaryImageOfPage\":{\"@id\":\"https:\\\/\\\/super-news.info\\\/de\\\/lufttaxis-ikea-umsaetze-lufthansa-cfo-absatzwirtschaft\\\/#primaryimage\"},\"image\":{\"@id\":\"https:\\\/\\\/super-news.info\\\/de\\\/lufttaxis-ikea-umsaetze-lufthansa-cfo-absatzwirtschaft\\\/#primaryimage\"},\"thumbnailUrl\":\"https:\\\/\\\/super-news.info\\\/de\\\/wp-content\\\/uploads\\\/sites\\\/13\\\/2020\\\/11\\\/Lufttaxis-Ikea-Ums-tze-Lufthansa-CFO-absatzwirtschaft.jpg\",\"datePublished\":\"2020-11-14T20:40:33+00:00\",\"dateModified\":\"2020-11-14T20:40:34+00:00\",\"author\":{\"@id\":\"https:\\\/\\\/super-news.info\\\/de\\\/#\\\/schema\\\/person\\\/2b9ff946d06444e803cb306ffcfd1045\"},\"breadcrumb\":{\"@id\":\"https:\\\/\\\/super-news.info\\\/de\\\/lufttaxis-ikea-umsaetze-lufthansa-cfo-absatzwirtschaft\\\/#breadcrumb\"},\"inLanguage\":\"de\",\"potentialAction\":[{\"@type\":\"ReadAction\",\"target\":[\"https:\\\/\\\/super-news.info\\\/de\\\/lufttaxis-ikea-umsaetze-lufthansa-cfo-absatzwirtschaft\\\/\"]}]},{\"@type\":\"ImageObject\",\"inLanguage\":\"de\",\"@id\":\"https:\\\/\\\/super-news.info\\\/de\\\/lufttaxis-ikea-umsaetze-lufthansa-cfo-absatzwirtschaft\\\/#primaryimage\",\"url\":\"https:\\\/\\\/super-news.info\\\/de\\\/wp-content\\\/uploads\\\/sites\\\/13\\\/2020\\\/11\\\/Lufttaxis-Ikea-Ums-tze-Lufthansa-CFO-absatzwirtschaft.jpg\",\"contentUrl\":\"https:\\\/\\\/super-news.info\\\/de\\\/wp-content\\\/uploads\\\/sites\\\/13\\\/2020\\\/11\\\/Lufttaxis-Ikea-Ums-tze-Lufthansa-CFO-absatzwirtschaft.jpg\",\"width\":630,\"height\":354,\"caption\":\"Lufttaxis, Ikea-Ums\u00e4tze, Lufthansa-CFO \u203a absatzwirtschaft\"},{\"@type\":\"BreadcrumbList\",\"@id\":\"https:\\\/\\\/super-news.info\\\/de\\\/lufttaxis-ikea-umsaetze-lufthansa-cfo-absatzwirtschaft\\\/#breadcrumb\",\"itemListElement\":[{\"@type\":\"ListItem\",\"position\":1,\"name\":\"Home\",\"item\":\"https:\\\/\\\/super-news.info\\\/de\\\/\"},{\"@type\":\"ListItem\",\"position\":2,\"name\":\"Lufttaxis, Ikea-Ums\u00e4tze, Lufthansa-CFO \u203a absatzwirtschaft\"}]},{\"@type\":\"WebSite\",\"@id\":\"https:\\\/\\\/super-news.info\\\/de\\\/#website\",\"url\":\"https:\\\/\\\/super-news.info\\\/de\\\/\",\"name\":\"Super News\",\"description\":\"Super News Germany\",\"potentialAction\":[{\"@type\":\"SearchAction\",\"target\":{\"@type\":\"EntryPoint\",\"urlTemplate\":\"https:\\\/\\\/super-news.info\\\/de\\\/?s={search_term_string}\"},\"query-input\":{\"@type\":\"PropertyValueSpecification\",\"valueRequired\":true,\"valueName\":\"search_term_string\"}}],\"inLanguage\":\"de\"},{\"@type\":\"Person\",\"@id\":\"https:\\\/\\\/super-news.info\\\/de\\\/#\\\/schema\\\/person\\\/2b9ff946d06444e803cb306ffcfd1045\",\"name\":\"super news\",\"image\":{\"@type\":\"ImageObject\",\"inLanguage\":\"de\",\"@id\":\"https:\\\/\\\/secure.gravatar.com\\\/avatar\\\/98e0b303f300d45b2a94684c5e4dda8baa4a5e9710b579f7493c8612061d08bf?s=96&d=mm&r=g\",\"url\":\"https:\\\/\\\/secure.gravatar.com\\\/avatar\\\/98e0b303f300d45b2a94684c5e4dda8baa4a5e9710b579f7493c8612061d08bf?s=96&d=mm&r=g\",\"contentUrl\":\"https:\\\/\\\/secure.gravatar.com\\\/avatar\\\/98e0b303f300d45b2a94684c5e4dda8baa4a5e9710b579f7493c8612061d08bf?s=96&d=mm&r=g\",\"caption\":\"super news\"},\"url\":\"https:\\\/\\\/super-news.info\\\/de\\\/author\\\/manuel\\\/\"}]}<\/script>\n<!-- \/ Yoast SEO plugin. -->","yoast_head_json":{"title":"Lufttaxis, Ikea-Ums\u00e4tze, Lufthansa-CFO \u203a absatzwirtschaft - Super News","robots":{"index":"index","follow":"follow","max-snippet":"max-snippet:-1","max-image-preview":"max-image-preview:large","max-video-preview":"max-video-preview:-1"},"canonical":"https:\/\/super-news.info\/de\/lufttaxis-ikea-umsaetze-lufthansa-cfo-absatzwirtschaft\/","og_locale":"de_DE","og_type":"article","og_title":"Lufttaxis, Ikea-Ums\u00e4tze, Lufthansa-CFO \u203a absatzwirtschaft - Super News","og_description":"[ad_1] T\u00e4glich prasseln unz\u00e4hlige Nachrichten auf die Marketingbranche ein, die je nach Aufgabengebiet mehr oder weniger Interesse wecken. Wir fassen die wichtigsten Business-News kompakt zusammen. Diesmal im Angebot: Lufttaxis in S\u00fcdkorea, Ikea h\u00e4lt Umsatz trotz Corona, Lufthansa mit neuem CFO und BMW mit neuem, vollelektrischen SUV. Von Henning Eberhardt Die neuesten ausgew\u00e4hlten Business-News drehen sich [&hellip;]","og_url":"https:\/\/super-news.info\/de\/lufttaxis-ikea-umsaetze-lufthansa-cfo-absatzwirtschaft\/","og_site_name":"Super News","article_published_time":"2020-11-14T20:40:33+00:00","article_modified_time":"2020-11-14T20:40:34+00:00","og_image":[{"width":630,"height":354,"url":"https:\/\/super-news.info\/de\/wp-content\/uploads\/sites\/13\/2020\/11\/Lufttaxis-Ikea-Ums-tze-Lufthansa-CFO-absatzwirtschaft.jpg","type":"image\/jpeg"}],"author":"super news","twitter_card":"summary_large_image","twitter_misc":{"Verfasst von":"super news","Gesch\u00e4tzte Lesezeit":"4\u00a0Minuten"},"schema":{"@context":"https:\/\/schema.org","@graph":[{"@type":"Article","@id":"https:\/\/super-news.info\/de\/lufttaxis-ikea-umsaetze-lufthansa-cfo-absatzwirtschaft\/#article","isPartOf":{"@id":"https:\/\/super-news.info\/de\/lufttaxis-ikea-umsaetze-lufthansa-cfo-absatzwirtschaft\/"},"author":{"name":"super news","@id":"https:\/\/super-news.info\/de\/#\/schema\/person\/2b9ff946d06444e803cb306ffcfd1045"},"headline":"Lufttaxis, Ikea-Ums\u00e4tze, Lufthansa-CFO \u203a absatzwirtschaft","datePublished":"2020-11-14T20:40:33+00:00","dateModified":"2020-11-14T20:40:34+00:00","mainEntityOfPage":{"@id":"https:\/\/super-news.info\/de\/lufttaxis-ikea-umsaetze-lufthansa-cfo-absatzwirtschaft\/"},"wordCount":882,"commentCount":0,"image":{"@id":"https:\/\/super-news.info\/de\/lufttaxis-ikea-umsaetze-lufthansa-cfo-absatzwirtschaft\/#primaryimage"},"thumbnailUrl":"https:\/\/super-news.info\/de\/wp-content\/uploads\/sites\/13\/2020\/11\/Lufttaxis-Ikea-Ums-tze-Lufthansa-CFO-absatzwirtschaft.jpg","articleSection":["MARKETING NEWS"],"inLanguage":"de","potentialAction":[{"@type":"CommentAction","name":"Comment","target":["https:\/\/super-news.info\/de\/lufttaxis-ikea-umsaetze-lufthansa-cfo-absatzwirtschaft\/#respond"]}]},{"@type":"WebPage","@id":"https:\/\/super-news.info\/de\/lufttaxis-ikea-umsaetze-lufthansa-cfo-absatzwirtschaft\/","url":"https:\/\/super-news.info\/de\/lufttaxis-ikea-umsaetze-lufthansa-cfo-absatzwirtschaft\/","name":"Lufttaxis, Ikea-Ums\u00e4tze, Lufthansa-CFO \u203a absatzwirtschaft - Super News","isPartOf":{"@id":"https:\/\/super-news.info\/de\/#website"},"primaryImageOfPage":{"@id":"https:\/\/super-news.info\/de\/lufttaxis-ikea-umsaetze-lufthansa-cfo-absatzwirtschaft\/#primaryimage"},"image":{"@id":"https:\/\/super-news.info\/de\/lufttaxis-ikea-umsaetze-lufthansa-cfo-absatzwirtschaft\/#primaryimage"},"thumbnailUrl":"https:\/\/super-news.info\/de\/wp-content\/uploads\/sites\/13\/2020\/11\/Lufttaxis-Ikea-Ums-tze-Lufthansa-CFO-absatzwirtschaft.jpg","datePublished":"2020-11-14T20:40:33+00:00","dateModified":"2020-11-14T20:40:34+00:00","author":{"@id":"https:\/\/super-news.info\/de\/#\/schema\/person\/2b9ff946d06444e803cb306ffcfd1045"},"breadcrumb":{"@id":"https:\/\/super-news.info\/de\/lufttaxis-ikea-umsaetze-lufthansa-cfo-absatzwirtschaft\/#breadcrumb"},"inLanguage":"de","potentialAction":[{"@type":"ReadAction","target":["https:\/\/super-news.info\/de\/lufttaxis-ikea-umsaetze-lufthansa-cfo-absatzwirtschaft\/"]}]},{"@type":"ImageObject","inLanguage":"de","@id":"https:\/\/super-news.info\/de\/lufttaxis-ikea-umsaetze-lufthansa-cfo-absatzwirtschaft\/#primaryimage","url":"https:\/\/super-news.info\/de\/wp-content\/uploads\/sites\/13\/2020\/11\/Lufttaxis-Ikea-Ums-tze-Lufthansa-CFO-absatzwirtschaft.jpg","contentUrl":"https:\/\/super-news.info\/de\/wp-content\/uploads\/sites\/13\/2020\/11\/Lufttaxis-Ikea-Ums-tze-Lufthansa-CFO-absatzwirtschaft.jpg","width":630,"height":354,"caption":"Lufttaxis, Ikea-Ums\u00e4tze, Lufthansa-CFO \u203a absatzwirtschaft"},{"@type":"BreadcrumbList","@id":"https:\/\/super-news.info\/de\/lufttaxis-ikea-umsaetze-lufthansa-cfo-absatzwirtschaft\/#breadcrumb","itemListElement":[{"@type":"ListItem","position":1,"name":"Home","item":"https:\/\/super-news.info\/de\/"},{"@type":"ListItem","position":2,"name":"Lufttaxis, Ikea-Ums\u00e4tze, Lufthansa-CFO \u203a absatzwirtschaft"}]},{"@type":"WebSite","@id":"https:\/\/super-news.info\/de\/#website","url":"https:\/\/super-news.info\/de\/","name":"Super News","description":"Super News Germany","potentialAction":[{"@type":"SearchAction","target":{"@type":"EntryPoint","urlTemplate":"https:\/\/super-news.info\/de\/?s={search_term_string}"},"query-input":{"@type":"PropertyValueSpecification","valueRequired":true,"valueName":"search_term_string"}}],"inLanguage":"de"},{"@type":"Person","@id":"https:\/\/super-news.info\/de\/#\/schema\/person\/2b9ff946d06444e803cb306ffcfd1045","name":"super news","image":{"@type":"ImageObject","inLanguage":"de","@id":"https:\/\/secure.gravatar.com\/avatar\/98e0b303f300d45b2a94684c5e4dda8baa4a5e9710b579f7493c8612061d08bf?s=96&d=mm&r=g","url":"https:\/\/secure.gravatar.com\/avatar\/98e0b303f300d45b2a94684c5e4dda8baa4a5e9710b579f7493c8612061d08bf?s=96&d=mm&r=g","contentUrl":"https:\/\/secure.gravatar.com\/avatar\/98e0b303f300d45b2a94684c5e4dda8baa4a5e9710b579f7493c8612061d08bf?s=96&d=mm&r=g","caption":"super news"},"url":"https:\/\/super-news.info\/de\/author\/manuel\/"}]}},"_links":{"self":[{"href":"https:\/\/super-news.info\/de\/wp-json\/wp\/v2\/posts\/390","targetHints":{"allow":["GET"]}}],"collection":[{"href":"https:\/\/super-news.info\/de\/wp-json\/wp\/v2\/posts"}],"about":[{"href":"https:\/\/super-news.info\/de\/wp-json\/wp\/v2\/types\/post"}],"author":[{"embeddable":true,"href":"https:\/\/super-news.info\/de\/wp-json\/wp\/v2\/users\/1"}],"replies":[{"embeddable":true,"href":"https:\/\/super-news.info\/de\/wp-json\/wp\/v2\/comments?post=390"}],"version-history":[{"count":1,"href":"https:\/\/super-news.info\/de\/wp-json\/wp\/v2\/posts\/390\/revisions"}],"predecessor-version":[{"id":392,"href":"https:\/\/super-news.info\/de\/wp-json\/wp\/v2\/posts\/390\/revisions\/392"}],"wp:featuredmedia":[{"embeddable":true,"href":"https:\/\/super-news.info\/de\/wp-json\/wp\/v2\/media\/391"}],"wp:attachment":[{"href":"https:\/\/super-news.info\/de\/wp-json\/wp\/v2\/media?parent=390"}],"wp:term":[{"taxonomy":"category","embeddable":true,"href":"https:\/\/super-news.info\/de\/wp-json\/wp\/v2\/categories?post=390"},{"taxonomy":"post_tag","embeddable":true,"href":"https:\/\/super-news.info\/de\/wp-json\/wp\/v2\/tags?post=390"}],"curies":[{"name":"wp","href":"https:\/\/api.w.org\/{rel}","templated":true}]}}