{"id":378,"date":"2020-11-13T20:05:14","date_gmt":"2020-11-13T20:05:14","guid":{"rendered":"https:\/\/super-news.info\/de\/gen-z-und-millennials-waehrend-corona-absatzwirtschaft\/"},"modified":"2020-11-13T20:05:16","modified_gmt":"2020-11-13T20:05:16","slug":"gen-z-und-millennials-waehrend-corona-absatzwirtschaft","status":"publish","type":"post","link":"https:\/\/super-news.info\/de\/gen-z-und-millennials-waehrend-corona-absatzwirtschaft\/","title":{"rendered":"Gen Z und Millennials w\u00e4hrend Corona \u203a absatzwirtschaft"},"content":{"rendered":"<p> [ad_1]<br \/>\n<\/p>\n<p>\t\t\t\t\t\tAktuelle Studien liefern wichtige Erkenntnisse dar\u00fcber, wie sich der Blick der Gen Z und Millennials auf ihr zu Hause durch die Corona-Pandemie ver\u00e4ndert. Sie r\u00fcsten ihre Wohnung und H\u00e4user geradezu auf. Das bietet Marketingverantwortlichen enorme Chancen.<\/p>\n<p>\t\t\t\t\tVon Anne-Kathrin Velten<br \/>\n\t\t\t\t\tGalten Gen Z und<br \/>\nMillennials lange Zeit als unabh\u00e4ngige, den eigenen Besitz lieber klein<br \/>\nhaltende, freiheitsliebende Generationen, zeigt die Coronavirus-Pandemie einen<br \/>\nechten Wandel mit gro\u00dfer Bedeutung f\u00fcr das Marketing.<\/p>\n<p>Ein Bericht der Jugendmarketing-Experten \u201cY Pulse\u201d mit dem Titel \u201cNo Place Like Home\u201d liefert wichtige neue Erkenntnisse dar\u00fcber, wie Covid-19 die Art und Weise ver\u00e4ndert hat, wie Gen Z und Millennials ihr zu Hause betrachten.<\/p>\n<p>Klimawandel,<br \/>\nStudienschulden, Corona \u2013 junge Generationen im Stress<\/p>\n<p>Zugegeben, auch vor Corona gab es bereits erste Tendenzen, dass Millennials sich zur\u00fcckziehen. 67 Prozent der 19- bis 37-J\u00e4hrigen sagten \u201cY Pulse\u201d bereits im Januar dieses Jahres, dass sie lieber an den Wochenenden daheimbleiben w\u00fcrden, als hinauszugehen.<\/p>\n<p>Sowohl Millennials als auch Gen Z, die weithin als am meisten gestresste Generation in der Geschichte gelten, sahen das Haus zuletzt verst\u00e4rkt als Zufluchtsort an. Viele von ihnen f\u00fchlen sich durch Themen wie Klimawandel, Studienschulden und jetzt Covid-19 gestresst. \u201cWenn junge Menschen ihre eigenen R\u00e4ume als R\u00fcckzugsorte f\u00fcr psychische Gesundheit betrachten, bekommen die Gegenst\u00e4nde und Dienstleistungen darin, die tr\u00f6sten oder ein Gef\u00fchl der Flucht vor der Au\u00dfenwelt f\u00f6rdern, eine ganz neue Resonanz\u201d, so die Quintessenz der Studie.<\/p>\n<p>Die Chancen, die f\u00fcr<br \/>\nVermarkter daraus folgen, liegen auf der Hand. Drei Punkte sind besonders<br \/>\nwichtig.<\/p>\n<p>1. Das Zuhause wird<br \/>\nanders genutzt<\/p>\n<p>Eine Mehrheit von Millennials und der Gen Z haben inzwischen das Ziel, ein Haus zu besitzen. Damit wird sich auch die Art und Weise \u00e4ndern, wie sie diese H\u00e4user nutzen. \u201cY Pulse\u201d weist in diesem Zusammenhang auf mehrere Covid-bezogene Schwerpunktverschiebungen bei Investitionen und W\u00fcnschen der j\u00fcngeren Verbraucher hin:<\/p>\n<p>Voll<br \/>\nausgestattete Homeoffices mit Sitzgelegenheiten,<br \/>\nBeleuchtung, Schreibtischen und im Idealfall durch Smart-Home-betriebene<br \/>\nTemperaturregelungen. Viele Befragte gaben an, dass sie auch nach der Pandemie<br \/>\nlieber zu Hause arbeiten wollen.<\/p>\n<p>Fitnessr\u00e4ume und<br \/>\nentsprechende Ausr\u00fcstung: 63 Prozent<br \/>\ngaben an, dass sie auch k\u00fcnftig eher daheim trainieren wollen.<\/p>\n<p>Privater<br \/>\nAu\u00dfenbereich: Ebenfalls ziehen es die<br \/>\nBefragten auch nach Covid vor, einen eigenen privaten Raum zu haben, anstatt<br \/>\n\u00f6ffentliche Parks zur Entspannung zu nutzen.<\/p>\n<p>Kochutensilien<br \/>\nund gut ausgestattete K\u00fcchen: W\u00e4hrend<br \/>\ndie Nachfrage nach Essen immer da ist, hat sich die Tendenz, Kochen zum Hobby<br \/>\nzu machen, noch einmal verst\u00e4rkt. <\/p>\n<p>Spielbereich<br \/>\nf\u00fcr Kinder: Dies ist eine Folge des<br \/>\nUnterrichts zu Hause. Eltern versuchen verst\u00e4rkt, das Zuhause zu einem<br \/>\nproduktiven Lernort f\u00fcr ihre Kinder zu machen. <\/p>\n<p>2. Betonung von Komfort und<br \/>\neinfachem Design<\/p>\n<p>\u201cY Pulse\u201d berichtet des Weiteren, dass w\u00e4hrend der Corona-Pandemie 80 Prozent der jungen Menschen in Quarant\u00e4ne waren \u2013 ob selbstgew\u00e4hlt oder verordnet. 83 Prozent davon berichten, dass ihr Zuhause ihnen w\u00e4hrend der Pandemie Trost gegeben hat. Dar\u00fcber hinaus geben 71 Prozent an, dass sie es durch die Erfahrung w\u00e4hrend der Pandemie genie\u00dfen, zus\u00e4tzliche Zeit zu Hause verbringen zu k\u00f6nnen.<\/p>\n<p>Dieser \u201cSchutz vor dem Sturm\u201d, wie \u201cY Pulse\u201d es ausdr\u00fcckt, bringt ein verst\u00e4rktes Wohlgef\u00fchl f\u00fcr junge Verbraucher, die ihr ideales Zuhause als komfortabel, gem\u00fctlich, sicher und beruhigend beschreiben. Begleitet werden diese Gef\u00fchle von dem Wunsch nach einer vereinfachten Einrichtung, die eine \u00fcbersichtliche Umgebung widerspiegelt. Der Bericht legt nahe, dass \u201cgem\u00fctliche und unaufgeregte Anzeigen f\u00fcr junge Verbraucher relevanter denn je\u201d seien.<\/p>\n<p>Das \u201cKomfort\u201d-Element des Hauses l\u00e4sst junge Verbraucher st\u00e4rker ins Zuhause investieren oder selbst Hand anlegen. 64 Prozent der jungen Verbraucher wollen ihr Zuhause verbessern. Do-it-yourself (DIY) kann kurzfristig besonders wichtig sein, da die jungen Verbraucher zum Teil begrenzte Mittel zur Verf\u00fcgung haben. <\/p>\n<p>3. Wechsel von urban zu vorst\u00e4dtisch<\/p>\n<p>Vor der Pandemie besa\u00dfen<br \/>\n34 Prozent der Millennials und acht Prozent der Gen-Z-Konsumenten ihre eigenen Immobilien,<br \/>\nw\u00e4hrend 46 Prozent der Millennials und neun Prozent der Gen-Z-Kunden zur Miete<br \/>\nwohnten.<\/p>\n<p>Mittlerweile scheint es<br \/>\nein klares Ziel beider Generationen zu sein, in Zukunft ein eigenes Haus zu<br \/>\nbesitzen. 85 Prozent der jungen Menschen geben an, dass sie planen, irgendwann<br \/>\nein Haus zu kaufen.<\/p>\n<p>Der Bericht von \u201cY Pulse\u201d zeigt, dass 48 Prozent der 19- bis 37-J\u00e4hrigen, die bei ihren Eltern leben oder deren Eltern ihre Miete zahlen, den Kauf eines Eigenheims aufgrund der Corona-Pandemie aufschieben. Wo werden sie also leben? Ein bemerkenswerter Trend ist, dass mehr urbane Millennials erw\u00e4gen oder planen, in eine Vorstadt oder l\u00e4ndliche Gegend zu ziehen.<\/p>\n<p>Laut \u201cY Pulse\u201d gibt es f\u00fcr diese Stimmung unterschiedliche Gr\u00fcnde:<\/p>\n<p>niedrigere<br \/>\nWohnkostenniedrige<br \/>\nKriminalit\u00e4tsratendie N\u00e4he zu<br \/>\nFreundendie M\u00f6glichkeit,<br \/>\nsich ein gr\u00f6\u00dferes Zuhause leisten zu k\u00f6nnenmehr Platz im<br \/>\nFreien<\/p>\n<p>Die Studie stellt fest: \u201cDie Abwanderung aus den St\u00e4dten ist ein Traum f\u00fcr junge Menschen, da er f\u00fcr sie wie ein Plan f\u00fcr eine neue Zukunft wirkt.\u201d Wenn nach der Corona-Pandemie generell mehr Arbeit von zu Hause aus m\u00f6glich ist, k\u00f6nnte dies f\u00fcr viele junge Menschen zu einem sehr realistischen Traum werden. <\/p>\n<p>absatzwirtschaft+<\/p>\n<p>Sie wollen weitere relevante Informationen und spannende Hintergr\u00fcnde f\u00fcr Ihre t\u00e4gliche Arbeit im Marketing? Dann\u00a0abonnieren Sie jetzt hier\u00a0unseren kostenfreien Newsletter.<\/p>\n<p>[ad_2]<br \/>\n<br \/><a href=\"https:\/\/www.absatzwirtschaft.de\/my-home-is-my-castle-gen-z-und-millennials-waehrend-corona-176016\/\">Source link <\/a><\/p>\n","protected":false},"excerpt":{"rendered":"<p>[ad_1] Aktuelle Studien liefern wichtige Erkenntnisse dar\u00fcber, wie sich der Blick der Gen Z und Millennials auf ihr zu Hause durch die Corona-Pandemie ver\u00e4ndert. Sie r\u00fcsten ihre Wohnung und H\u00e4user geradezu auf. Das bietet Marketingverantwortlichen enorme Chancen. Von Anne-Kathrin Velten Galten Gen Z und Millennials lange Zeit als unabh\u00e4ngige, den eigenen Besitz lieber klein haltende, [&hellip;]<\/p>\n","protected":false},"author":1,"featured_media":379,"comment_status":"open","ping_status":"open","sticky":false,"template":"","format":"standard","meta":{"footnotes":""},"categories":[5],"tags":[],"class_list":["post-378","post","type-post","status-publish","format-standard","has-post-thumbnail","hentry","category-marketing-news"],"yoast_head":"<!-- This site is optimized with the Yoast SEO plugin v27.4 - https:\/\/yoast.com\/product\/yoast-seo-wordpress\/ -->\n<title>Gen Z und Millennials w\u00e4hrend Corona \u203a absatzwirtschaft - Super News<\/title>\n<meta name=\"robots\" content=\"index, follow, max-snippet:-1, max-image-preview:large, max-video-preview:-1\" \/>\n<link rel=\"canonical\" href=\"https:\/\/super-news.info\/de\/gen-z-und-millennials-waehrend-corona-absatzwirtschaft\/\" \/>\n<meta property=\"og:locale\" content=\"de_DE\" \/>\n<meta property=\"og:type\" content=\"article\" \/>\n<meta property=\"og:title\" content=\"Gen Z und Millennials w\u00e4hrend Corona \u203a absatzwirtschaft - Super News\" \/>\n<meta property=\"og:description\" content=\"[ad_1] Aktuelle Studien liefern wichtige Erkenntnisse dar\u00fcber, wie sich der Blick der Gen Z und Millennials auf ihr zu Hause durch die Corona-Pandemie ver\u00e4ndert. Sie r\u00fcsten ihre Wohnung und H\u00e4user geradezu auf. Das bietet Marketingverantwortlichen enorme Chancen. Von Anne-Kathrin Velten Galten Gen Z und Millennials lange Zeit als unabh\u00e4ngige, den eigenen Besitz lieber klein haltende, [&hellip;]\" \/>\n<meta property=\"og:url\" content=\"https:\/\/super-news.info\/de\/gen-z-und-millennials-waehrend-corona-absatzwirtschaft\/\" \/>\n<meta property=\"og:site_name\" content=\"Super News\" \/>\n<meta property=\"article:published_time\" content=\"2020-11-13T20:05:14+00:00\" \/>\n<meta property=\"article:modified_time\" content=\"2020-11-13T20:05:16+00:00\" \/>\n<meta property=\"og:image\" content=\"https:\/\/super-news.info\/de\/wp-content\/uploads\/sites\/13\/2020\/11\/Gen-Z-und-Millennials-w-hrend-Corona-absatzwirtschaft.jpg\" \/>\n\t<meta property=\"og:image:width\" content=\"630\" \/>\n\t<meta property=\"og:image:height\" content=\"354\" \/>\n\t<meta property=\"og:image:type\" content=\"image\/jpeg\" \/>\n<meta name=\"author\" content=\"super news\" \/>\n<meta name=\"twitter:card\" content=\"summary_large_image\" \/>\n<meta name=\"twitter:label1\" content=\"Verfasst von\" \/>\n\t<meta name=\"twitter:data1\" content=\"super news\" \/>\n\t<meta name=\"twitter:label2\" content=\"Gesch\u00e4tzte Lesezeit\" \/>\n\t<meta name=\"twitter:data2\" content=\"4\u00a0Minuten\" \/>\n<script type=\"application\/ld+json\" class=\"yoast-schema-graph\">{\"@context\":\"https:\\\/\\\/schema.org\",\"@graph\":[{\"@type\":\"Article\",\"@id\":\"https:\\\/\\\/super-news.info\\\/de\\\/gen-z-und-millennials-waehrend-corona-absatzwirtschaft\\\/#article\",\"isPartOf\":{\"@id\":\"https:\\\/\\\/super-news.info\\\/de\\\/gen-z-und-millennials-waehrend-corona-absatzwirtschaft\\\/\"},\"author\":{\"name\":\"super news\",\"@id\":\"https:\\\/\\\/super-news.info\\\/de\\\/#\\\/schema\\\/person\\\/2b9ff946d06444e803cb306ffcfd1045\"},\"headline\":\"Gen Z und Millennials w\u00e4hrend Corona \u203a absatzwirtschaft\",\"datePublished\":\"2020-11-13T20:05:14+00:00\",\"dateModified\":\"2020-11-13T20:05:16+00:00\",\"mainEntityOfPage\":{\"@id\":\"https:\\\/\\\/super-news.info\\\/de\\\/gen-z-und-millennials-waehrend-corona-absatzwirtschaft\\\/\"},\"wordCount\":883,\"commentCount\":0,\"image\":{\"@id\":\"https:\\\/\\\/super-news.info\\\/de\\\/gen-z-und-millennials-waehrend-corona-absatzwirtschaft\\\/#primaryimage\"},\"thumbnailUrl\":\"https:\\\/\\\/super-news.info\\\/de\\\/wp-content\\\/uploads\\\/sites\\\/13\\\/2020\\\/11\\\/Gen-Z-und-Millennials-w-hrend-Corona-absatzwirtschaft.jpg\",\"articleSection\":[\"MARKETING NEWS\"],\"inLanguage\":\"de\",\"potentialAction\":[{\"@type\":\"CommentAction\",\"name\":\"Comment\",\"target\":[\"https:\\\/\\\/super-news.info\\\/de\\\/gen-z-und-millennials-waehrend-corona-absatzwirtschaft\\\/#respond\"]}]},{\"@type\":\"WebPage\",\"@id\":\"https:\\\/\\\/super-news.info\\\/de\\\/gen-z-und-millennials-waehrend-corona-absatzwirtschaft\\\/\",\"url\":\"https:\\\/\\\/super-news.info\\\/de\\\/gen-z-und-millennials-waehrend-corona-absatzwirtschaft\\\/\",\"name\":\"Gen Z und Millennials w\u00e4hrend Corona \u203a absatzwirtschaft - Super News\",\"isPartOf\":{\"@id\":\"https:\\\/\\\/super-news.info\\\/de\\\/#website\"},\"primaryImageOfPage\":{\"@id\":\"https:\\\/\\\/super-news.info\\\/de\\\/gen-z-und-millennials-waehrend-corona-absatzwirtschaft\\\/#primaryimage\"},\"image\":{\"@id\":\"https:\\\/\\\/super-news.info\\\/de\\\/gen-z-und-millennials-waehrend-corona-absatzwirtschaft\\\/#primaryimage\"},\"thumbnailUrl\":\"https:\\\/\\\/super-news.info\\\/de\\\/wp-content\\\/uploads\\\/sites\\\/13\\\/2020\\\/11\\\/Gen-Z-und-Millennials-w-hrend-Corona-absatzwirtschaft.jpg\",\"datePublished\":\"2020-11-13T20:05:14+00:00\",\"dateModified\":\"2020-11-13T20:05:16+00:00\",\"author\":{\"@id\":\"https:\\\/\\\/super-news.info\\\/de\\\/#\\\/schema\\\/person\\\/2b9ff946d06444e803cb306ffcfd1045\"},\"breadcrumb\":{\"@id\":\"https:\\\/\\\/super-news.info\\\/de\\\/gen-z-und-millennials-waehrend-corona-absatzwirtschaft\\\/#breadcrumb\"},\"inLanguage\":\"de\",\"potentialAction\":[{\"@type\":\"ReadAction\",\"target\":[\"https:\\\/\\\/super-news.info\\\/de\\\/gen-z-und-millennials-waehrend-corona-absatzwirtschaft\\\/\"]}]},{\"@type\":\"ImageObject\",\"inLanguage\":\"de\",\"@id\":\"https:\\\/\\\/super-news.info\\\/de\\\/gen-z-und-millennials-waehrend-corona-absatzwirtschaft\\\/#primaryimage\",\"url\":\"https:\\\/\\\/super-news.info\\\/de\\\/wp-content\\\/uploads\\\/sites\\\/13\\\/2020\\\/11\\\/Gen-Z-und-Millennials-w-hrend-Corona-absatzwirtschaft.jpg\",\"contentUrl\":\"https:\\\/\\\/super-news.info\\\/de\\\/wp-content\\\/uploads\\\/sites\\\/13\\\/2020\\\/11\\\/Gen-Z-und-Millennials-w-hrend-Corona-absatzwirtschaft.jpg\",\"width\":630,\"height\":354,\"caption\":\"Gen Z und Millennials w\u00e4hrend Corona \u203a absatzwirtschaft\"},{\"@type\":\"BreadcrumbList\",\"@id\":\"https:\\\/\\\/super-news.info\\\/de\\\/gen-z-und-millennials-waehrend-corona-absatzwirtschaft\\\/#breadcrumb\",\"itemListElement\":[{\"@type\":\"ListItem\",\"position\":1,\"name\":\"Home\",\"item\":\"https:\\\/\\\/super-news.info\\\/de\\\/\"},{\"@type\":\"ListItem\",\"position\":2,\"name\":\"Gen Z und Millennials w\u00e4hrend Corona \u203a absatzwirtschaft\"}]},{\"@type\":\"WebSite\",\"@id\":\"https:\\\/\\\/super-news.info\\\/de\\\/#website\",\"url\":\"https:\\\/\\\/super-news.info\\\/de\\\/\",\"name\":\"Super News\",\"description\":\"Super News Germany\",\"potentialAction\":[{\"@type\":\"SearchAction\",\"target\":{\"@type\":\"EntryPoint\",\"urlTemplate\":\"https:\\\/\\\/super-news.info\\\/de\\\/?s={search_term_string}\"},\"query-input\":{\"@type\":\"PropertyValueSpecification\",\"valueRequired\":true,\"valueName\":\"search_term_string\"}}],\"inLanguage\":\"de\"},{\"@type\":\"Person\",\"@id\":\"https:\\\/\\\/super-news.info\\\/de\\\/#\\\/schema\\\/person\\\/2b9ff946d06444e803cb306ffcfd1045\",\"name\":\"super news\",\"image\":{\"@type\":\"ImageObject\",\"inLanguage\":\"de\",\"@id\":\"https:\\\/\\\/secure.gravatar.com\\\/avatar\\\/98e0b303f300d45b2a94684c5e4dda8baa4a5e9710b579f7493c8612061d08bf?s=96&d=mm&r=g\",\"url\":\"https:\\\/\\\/secure.gravatar.com\\\/avatar\\\/98e0b303f300d45b2a94684c5e4dda8baa4a5e9710b579f7493c8612061d08bf?s=96&d=mm&r=g\",\"contentUrl\":\"https:\\\/\\\/secure.gravatar.com\\\/avatar\\\/98e0b303f300d45b2a94684c5e4dda8baa4a5e9710b579f7493c8612061d08bf?s=96&d=mm&r=g\",\"caption\":\"super news\"},\"url\":\"https:\\\/\\\/super-news.info\\\/de\\\/author\\\/manuel\\\/\"}]}<\/script>\n<!-- \/ Yoast SEO plugin. -->","yoast_head_json":{"title":"Gen Z und Millennials w\u00e4hrend Corona \u203a absatzwirtschaft - Super News","robots":{"index":"index","follow":"follow","max-snippet":"max-snippet:-1","max-image-preview":"max-image-preview:large","max-video-preview":"max-video-preview:-1"},"canonical":"https:\/\/super-news.info\/de\/gen-z-und-millennials-waehrend-corona-absatzwirtschaft\/","og_locale":"de_DE","og_type":"article","og_title":"Gen Z und Millennials w\u00e4hrend Corona \u203a absatzwirtschaft - Super News","og_description":"[ad_1] Aktuelle Studien liefern wichtige Erkenntnisse dar\u00fcber, wie sich der Blick der Gen Z und Millennials auf ihr zu Hause durch die Corona-Pandemie ver\u00e4ndert. Sie r\u00fcsten ihre Wohnung und H\u00e4user geradezu auf. Das bietet Marketingverantwortlichen enorme Chancen. Von Anne-Kathrin Velten Galten Gen Z und Millennials lange Zeit als unabh\u00e4ngige, den eigenen Besitz lieber klein haltende, [&hellip;]","og_url":"https:\/\/super-news.info\/de\/gen-z-und-millennials-waehrend-corona-absatzwirtschaft\/","og_site_name":"Super News","article_published_time":"2020-11-13T20:05:14+00:00","article_modified_time":"2020-11-13T20:05:16+00:00","og_image":[{"width":630,"height":354,"url":"https:\/\/super-news.info\/de\/wp-content\/uploads\/sites\/13\/2020\/11\/Gen-Z-und-Millennials-w-hrend-Corona-absatzwirtschaft.jpg","type":"image\/jpeg"}],"author":"super news","twitter_card":"summary_large_image","twitter_misc":{"Verfasst von":"super news","Gesch\u00e4tzte Lesezeit":"4\u00a0Minuten"},"schema":{"@context":"https:\/\/schema.org","@graph":[{"@type":"Article","@id":"https:\/\/super-news.info\/de\/gen-z-und-millennials-waehrend-corona-absatzwirtschaft\/#article","isPartOf":{"@id":"https:\/\/super-news.info\/de\/gen-z-und-millennials-waehrend-corona-absatzwirtschaft\/"},"author":{"name":"super news","@id":"https:\/\/super-news.info\/de\/#\/schema\/person\/2b9ff946d06444e803cb306ffcfd1045"},"headline":"Gen Z und Millennials w\u00e4hrend Corona \u203a absatzwirtschaft","datePublished":"2020-11-13T20:05:14+00:00","dateModified":"2020-11-13T20:05:16+00:00","mainEntityOfPage":{"@id":"https:\/\/super-news.info\/de\/gen-z-und-millennials-waehrend-corona-absatzwirtschaft\/"},"wordCount":883,"commentCount":0,"image":{"@id":"https:\/\/super-news.info\/de\/gen-z-und-millennials-waehrend-corona-absatzwirtschaft\/#primaryimage"},"thumbnailUrl":"https:\/\/super-news.info\/de\/wp-content\/uploads\/sites\/13\/2020\/11\/Gen-Z-und-Millennials-w-hrend-Corona-absatzwirtschaft.jpg","articleSection":["MARKETING NEWS"],"inLanguage":"de","potentialAction":[{"@type":"CommentAction","name":"Comment","target":["https:\/\/super-news.info\/de\/gen-z-und-millennials-waehrend-corona-absatzwirtschaft\/#respond"]}]},{"@type":"WebPage","@id":"https:\/\/super-news.info\/de\/gen-z-und-millennials-waehrend-corona-absatzwirtschaft\/","url":"https:\/\/super-news.info\/de\/gen-z-und-millennials-waehrend-corona-absatzwirtschaft\/","name":"Gen Z und Millennials w\u00e4hrend Corona \u203a absatzwirtschaft - Super News","isPartOf":{"@id":"https:\/\/super-news.info\/de\/#website"},"primaryImageOfPage":{"@id":"https:\/\/super-news.info\/de\/gen-z-und-millennials-waehrend-corona-absatzwirtschaft\/#primaryimage"},"image":{"@id":"https:\/\/super-news.info\/de\/gen-z-und-millennials-waehrend-corona-absatzwirtschaft\/#primaryimage"},"thumbnailUrl":"https:\/\/super-news.info\/de\/wp-content\/uploads\/sites\/13\/2020\/11\/Gen-Z-und-Millennials-w-hrend-Corona-absatzwirtschaft.jpg","datePublished":"2020-11-13T20:05:14+00:00","dateModified":"2020-11-13T20:05:16+00:00","author":{"@id":"https:\/\/super-news.info\/de\/#\/schema\/person\/2b9ff946d06444e803cb306ffcfd1045"},"breadcrumb":{"@id":"https:\/\/super-news.info\/de\/gen-z-und-millennials-waehrend-corona-absatzwirtschaft\/#breadcrumb"},"inLanguage":"de","potentialAction":[{"@type":"ReadAction","target":["https:\/\/super-news.info\/de\/gen-z-und-millennials-waehrend-corona-absatzwirtschaft\/"]}]},{"@type":"ImageObject","inLanguage":"de","@id":"https:\/\/super-news.info\/de\/gen-z-und-millennials-waehrend-corona-absatzwirtschaft\/#primaryimage","url":"https:\/\/super-news.info\/de\/wp-content\/uploads\/sites\/13\/2020\/11\/Gen-Z-und-Millennials-w-hrend-Corona-absatzwirtschaft.jpg","contentUrl":"https:\/\/super-news.info\/de\/wp-content\/uploads\/sites\/13\/2020\/11\/Gen-Z-und-Millennials-w-hrend-Corona-absatzwirtschaft.jpg","width":630,"height":354,"caption":"Gen Z und Millennials w\u00e4hrend Corona \u203a absatzwirtschaft"},{"@type":"BreadcrumbList","@id":"https:\/\/super-news.info\/de\/gen-z-und-millennials-waehrend-corona-absatzwirtschaft\/#breadcrumb","itemListElement":[{"@type":"ListItem","position":1,"name":"Home","item":"https:\/\/super-news.info\/de\/"},{"@type":"ListItem","position":2,"name":"Gen Z und Millennials w\u00e4hrend Corona \u203a absatzwirtschaft"}]},{"@type":"WebSite","@id":"https:\/\/super-news.info\/de\/#website","url":"https:\/\/super-news.info\/de\/","name":"Super News","description":"Super News Germany","potentialAction":[{"@type":"SearchAction","target":{"@type":"EntryPoint","urlTemplate":"https:\/\/super-news.info\/de\/?s={search_term_string}"},"query-input":{"@type":"PropertyValueSpecification","valueRequired":true,"valueName":"search_term_string"}}],"inLanguage":"de"},{"@type":"Person","@id":"https:\/\/super-news.info\/de\/#\/schema\/person\/2b9ff946d06444e803cb306ffcfd1045","name":"super news","image":{"@type":"ImageObject","inLanguage":"de","@id":"https:\/\/secure.gravatar.com\/avatar\/98e0b303f300d45b2a94684c5e4dda8baa4a5e9710b579f7493c8612061d08bf?s=96&d=mm&r=g","url":"https:\/\/secure.gravatar.com\/avatar\/98e0b303f300d45b2a94684c5e4dda8baa4a5e9710b579f7493c8612061d08bf?s=96&d=mm&r=g","contentUrl":"https:\/\/secure.gravatar.com\/avatar\/98e0b303f300d45b2a94684c5e4dda8baa4a5e9710b579f7493c8612061d08bf?s=96&d=mm&r=g","caption":"super news"},"url":"https:\/\/super-news.info\/de\/author\/manuel\/"}]}},"_links":{"self":[{"href":"https:\/\/super-news.info\/de\/wp-json\/wp\/v2\/posts\/378","targetHints":{"allow":["GET"]}}],"collection":[{"href":"https:\/\/super-news.info\/de\/wp-json\/wp\/v2\/posts"}],"about":[{"href":"https:\/\/super-news.info\/de\/wp-json\/wp\/v2\/types\/post"}],"author":[{"embeddable":true,"href":"https:\/\/super-news.info\/de\/wp-json\/wp\/v2\/users\/1"}],"replies":[{"embeddable":true,"href":"https:\/\/super-news.info\/de\/wp-json\/wp\/v2\/comments?post=378"}],"version-history":[{"count":1,"href":"https:\/\/super-news.info\/de\/wp-json\/wp\/v2\/posts\/378\/revisions"}],"predecessor-version":[{"id":380,"href":"https:\/\/super-news.info\/de\/wp-json\/wp\/v2\/posts\/378\/revisions\/380"}],"wp:featuredmedia":[{"embeddable":true,"href":"https:\/\/super-news.info\/de\/wp-json\/wp\/v2\/media\/379"}],"wp:attachment":[{"href":"https:\/\/super-news.info\/de\/wp-json\/wp\/v2\/media?parent=378"}],"wp:term":[{"taxonomy":"category","embeddable":true,"href":"https:\/\/super-news.info\/de\/wp-json\/wp\/v2\/categories?post=378"},{"taxonomy":"post_tag","embeddable":true,"href":"https:\/\/super-news.info\/de\/wp-json\/wp\/v2\/tags?post=378"}],"curies":[{"name":"wp","href":"https:\/\/api.w.org\/{rel}","templated":true}]}}