{"id":366,"date":"2020-11-12T19:19:05","date_gmt":"2020-11-12T19:19:05","guid":{"rendered":"https:\/\/super-news.info\/de\/wir-glauben-an-den-handel-in-den-innenstaedten-absatzwirtschaft\/"},"modified":"2020-11-12T19:19:06","modified_gmt":"2020-11-12T19:19:06","slug":"wir-glauben-an-den-handel-in-den-innenstaedten-absatzwirtschaft","status":"publish","type":"post","link":"https:\/\/super-news.info\/de\/wir-glauben-an-den-handel-in-den-innenstaedten-absatzwirtschaft\/","title":{"rendered":"&#8222;Wir glauben an den Handel in den Innenst\u00e4dten!&#8220; \u203a absatzwirtschaft"},"content":{"rendered":"<p> [ad_1]<br \/>\n<\/p>\n<p>\t\t\t\t\t\tKleinere Fl\u00e4chen, mehr Service: Ikea reagiert mit neuen Filial-Formaten auf ver\u00e4nderte Kundenbed\u00fcrfnisse. Nele Bzdega, Expansionsmanagerin Ikea Deutschland, \u00fcber eilige K\u00e4ufer, Digitalisierung und die Kraft des &#8222;Touch &amp; Feel&#8220;.<\/p>\n<p>\t\t\t\t\tVon Klaus Janke<br \/>\n\t\t\t\t\tFrau Bzdega, Ikea hat vor drei Jahren angefangen, neben<br \/>\nden klassischen Einrichtungsh\u00e4usern auch auf neue Formate zu setzen, die f\u00fcr<br \/>\nInnenst\u00e4dte konzipiert sind. Warum?<\/p>\n<p>NELE BZDEGA: Wir wollen dort vertreten sein, wo wir die<br \/>\nmeisten Menschen treffen. Wir sehen zum Beispiel, dass die Menschen zunehmend<br \/>\nin die gro\u00dfen St\u00e4dte ziehen und kein Auto mehr besitzen oder nutzen. Daher ist<br \/>\nes wichtig, dass wir auch f\u00fcr diese Zielgruppen erreichbar bleiben. Zudem wird<br \/>\nbeim Einkaufen der Convenience-Part wichtiger. Ikea m\u00f6chte mehr Service bieten<br \/>\nund die Kunden beim Einkaufsprozess st\u00e4rker beraten. <\/p>\n<p>Aus diesem Grunde haben Sie im September im Berliner Stadtteil Pankow ein erstes \u201cPlanning Studio\u201d eingerichtet, ein zweites er\u00f6ffnet Ende Oktober in Potsdam. In den kommenden Jahren sollen drei bis f\u00fcnf weitere in Berlin folgen. Wie kam es zu dem Konzept? <\/p>\n<p>Der Planungsprozess etwa f\u00fcr eine neue K\u00fcche ist komplex, er<br \/>\nkann mehrere Termine mit unseren Beratern erfordern. Die Menschen haben aber<br \/>\nimmer weniger Zeit und wollen diese qualitativ nutzen. Deshalb wollen wir mit<br \/>\nden Studios kurze Wege bieten. Wir fokussieren uns auf Fl\u00e4chen zwischen 400 und<br \/>\n800 Quadratmetern klar auf die Planung von K\u00fcchen und Schlafzimmern und bieten<br \/>\nmehr pers\u00f6nlichen Service. Hierf\u00fcr kann der Kunde einen Termin vorab online<br \/>\nbuchen. <\/p>\n<p>Ein weiteres neues Konzept sind die sehr klein<br \/>\ngeschnittenen XS-Formate. Wie schnell wollen Sie diese ausrollen?<\/p>\n<p>Das Format gibt es schon unter anderem in Paris und Moskau.<br \/>\nIn Deutschland suchen wir f\u00fcr den ersten Standort ebenfalls eine Fl\u00e4che in<br \/>\nBerlin, das f\u00fcr uns auch in diesem Fall der Startpunkt ist. <\/p>\n<p>Wie darf man sich eine XS-Filiale vorstellen?<\/p>\n<p>Sie zeigt auf bis zu 10.000 Quadratmetern das gesamte<br \/>\nAngebotsspektrum von Ikea. Der entscheidende Unterschied ist, dass nicht alles<br \/>\nzur Mitnahme zur Verf\u00fcgung stehen wird. M\u00f6bel etwa kann man sich nach Hause<br \/>\nliefern lassen oder in einem der vier Einrichtungsh\u00e4user im Berliner Raum abholen.<br \/>\nBei den XS-Formaten interessieren wir uns f\u00fcr Einzelhandelsgebiete, wo heute<br \/>\nschon Einkaufen stattfindet. Das Layout ist darauf ausgerichtet, dass der Kunde<br \/>\nvielleicht wenig Zeit hat und nur schnell etwas mitnehmen will. Aber auch hier<br \/>\nfindet personalisierter Service statt, also beispielweise Beratung zu modularen<br \/>\nSystemen wie K\u00fcchen oder Aufbewahrungsl\u00f6sungen. <\/p>\n<p>Inwiefern erreichen Sie hier andere Zielgruppen als auf<br \/>\nder gr\u00fcnen Wiese?<\/p>\n<p>In den Innenst\u00e4dten leben vermehrt Singles in allen<br \/>\nAltersgruppen \u2013 weshalb auch der Service wichtig ist: Allein einen<br \/>\nKleiderschrank aufzubauen, das ist f\u00fcr manchen eine echte Herausforderung. <\/p>\n<p>Ist die Expansion der klassischen Einrichtungsh\u00e4user vor<br \/>\ndiesem Hintergrund zun\u00e4chst beendet?<\/p>\n<p>Die neuen Formate erg\u00e4nzen das Netz der klassischen Stores,<br \/>\nsie werden sie nicht ersetzen. Wir haben gerade erst unser 54. Einrichtungshaus<br \/>\nin Karlsruhe er\u00f6ffnet. Bei guter Erreichbarkeit mit dem Auto und enger<br \/>\nAnbindung des \u00d6PNV sind auch weitere Standorte f\u00fcr uns interessant, allerdings<br \/>\nliegt unser Fokus bei Neuansiedelungen im Moment klar auf Innenstadtlagen in<br \/>\nMetropolen.<\/p>\n<p>Inwiefern wird die Digitalisierung neue Fakten schaffen?<\/p>\n<p>Nicht zuletzt in der Corona-Zeit haben wir nat\u00fcrlich einen starken Anstieg des Online-Gesch\u00e4fts gesehen. Auch Click &amp; Collect wurde wichtiger \u2013 man konnte zu Hause bestellen und die Produkte dann vor dem Einrichtungshaus abholen. Das haben die Kunden stark genutzt, auch die Nach-Hause-Lieferung. Aber als wir die H\u00e4user wieder ge\u00f6ffnet haben, gab es dort sofort wieder starken Andrang.<\/p>\n<p>Der Kunde braucht bei vielen Einkaufsprozessen den Support unserer Mitarbeiter, und auch das Gef\u00fchl, etwas anfassen zu k\u00f6nnen, der \u201cTouch &amp; Feel\u201d ist durch das Internet nicht zu ersetzen. Entscheidend wird aber auch k\u00fcnftig sein, physisches und digitales Gesch\u00e4ft optimal aufeinander abzustimmen. Wir wollen einen m\u00f6glichst nahtlosen Einkaufsprozess, auch an unseren Innenstadt-Standorten.<\/p>\n<p>Wie stellen Sie sich die Innenst\u00e4dte in Zukunft vor? Wird<br \/>\nShopping weiterhin eine gro\u00dfe Rolle spielen?<\/p>\n<p>Wir glauben nach wie vor an den Handel in den Innenst\u00e4dten! Daher haben wir unser Angebot darauf ausgerichtet \u2013 aber eben mit einem speziellen Schwerpunkt auf den Themen Service und Nahtlosigkeit. <\/p>\n<p>Das Interview erschien als Teil der Titelgeschichte \u00fcber Strategien f\u00fcr die Innenst\u00e4dte der Zukunft in der November-Ausgabe der absatzwirtschaft.<\/p>\n<p>absatzwirtschaft+<\/p>\n<p>Sie wollen weitere relevante Informationen und spannende Hintergr\u00fcnde f\u00fcr Ihre t\u00e4gliche Arbeit im Marketing? Dann\u00a0abonnieren Sie jetzt hier\u00a0unseren kostenfreien Newsletter.<\/p>\n<p>[ad_2]<br \/>\n<br \/><a href=\"https:\/\/www.absatzwirtschaft.de\/ikea-wir-glauben-an-den-handel-in-den-innenstaedten-175769\/\">Source link <\/a><\/p>\n","protected":false},"excerpt":{"rendered":"<p>[ad_1] Kleinere Fl\u00e4chen, mehr Service: Ikea reagiert mit neuen Filial-Formaten auf ver\u00e4nderte Kundenbed\u00fcrfnisse. Nele Bzdega, Expansionsmanagerin Ikea Deutschland, \u00fcber eilige K\u00e4ufer, Digitalisierung und die Kraft des &#8222;Touch &amp; Feel&#8220;. Von Klaus Janke Frau Bzdega, Ikea hat vor drei Jahren angefangen, neben den klassischen Einrichtungsh\u00e4usern auch auf neue Formate zu setzen, die f\u00fcr Innenst\u00e4dte konzipiert sind. [&hellip;]<\/p>\n","protected":false},"author":1,"featured_media":367,"comment_status":"open","ping_status":"open","sticky":false,"template":"","format":"standard","meta":{"footnotes":""},"categories":[5],"tags":[],"class_list":["post-366","post","type-post","status-publish","format-standard","has-post-thumbnail","hentry","category-marketing-news"],"yoast_head":"<!-- This site is optimized with the Yoast SEO plugin v27.4 - https:\/\/yoast.com\/product\/yoast-seo-wordpress\/ -->\n<title>&quot;Wir glauben an den Handel in den Innenst\u00e4dten!&quot; \u203a absatzwirtschaft - Super News<\/title>\n<meta name=\"robots\" content=\"index, follow, max-snippet:-1, max-image-preview:large, max-video-preview:-1\" \/>\n<link rel=\"canonical\" href=\"https:\/\/super-news.info\/de\/wir-glauben-an-den-handel-in-den-innenstaedten-absatzwirtschaft\/\" \/>\n<meta property=\"og:locale\" content=\"de_DE\" \/>\n<meta property=\"og:type\" content=\"article\" \/>\n<meta property=\"og:title\" content=\"&quot;Wir glauben an den Handel in den Innenst\u00e4dten!&quot; \u203a absatzwirtschaft - Super News\" \/>\n<meta property=\"og:description\" content=\"[ad_1] Kleinere Fl\u00e4chen, mehr Service: Ikea reagiert mit neuen Filial-Formaten auf ver\u00e4nderte Kundenbed\u00fcrfnisse. Nele Bzdega, Expansionsmanagerin Ikea Deutschland, \u00fcber eilige K\u00e4ufer, Digitalisierung und die Kraft des &#8222;Touch &amp; Feel&#8220;. Von Klaus Janke Frau Bzdega, Ikea hat vor drei Jahren angefangen, neben den klassischen Einrichtungsh\u00e4usern auch auf neue Formate zu setzen, die f\u00fcr Innenst\u00e4dte konzipiert sind. [&hellip;]\" \/>\n<meta property=\"og:url\" content=\"https:\/\/super-news.info\/de\/wir-glauben-an-den-handel-in-den-innenstaedten-absatzwirtschaft\/\" \/>\n<meta property=\"og:site_name\" content=\"Super News\" \/>\n<meta property=\"article:published_time\" content=\"2020-11-12T19:19:05+00:00\" \/>\n<meta property=\"article:modified_time\" content=\"2020-11-12T19:19:06+00:00\" \/>\n<meta property=\"og:image\" content=\"https:\/\/super-news.info\/de\/wp-content\/uploads\/sites\/13\/2020\/11\/Wir-glauben-an-den-Handel-in-den-Innenst-dten-absatzwirtschaft.jpg\" \/>\n\t<meta property=\"og:image:width\" content=\"630\" \/>\n\t<meta property=\"og:image:height\" content=\"354\" \/>\n\t<meta property=\"og:image:type\" content=\"image\/jpeg\" \/>\n<meta name=\"author\" content=\"super news\" \/>\n<meta name=\"twitter:card\" content=\"summary_large_image\" \/>\n<meta name=\"twitter:label1\" content=\"Verfasst von\" \/>\n\t<meta name=\"twitter:data1\" content=\"super news\" \/>\n\t<meta name=\"twitter:label2\" content=\"Gesch\u00e4tzte Lesezeit\" \/>\n\t<meta name=\"twitter:data2\" content=\"4\u00a0Minuten\" \/>\n<script type=\"application\/ld+json\" class=\"yoast-schema-graph\">{\"@context\":\"https:\\\/\\\/schema.org\",\"@graph\":[{\"@type\":\"Article\",\"@id\":\"https:\\\/\\\/super-news.info\\\/de\\\/wir-glauben-an-den-handel-in-den-innenstaedten-absatzwirtschaft\\\/#article\",\"isPartOf\":{\"@id\":\"https:\\\/\\\/super-news.info\\\/de\\\/wir-glauben-an-den-handel-in-den-innenstaedten-absatzwirtschaft\\\/\"},\"author\":{\"name\":\"super news\",\"@id\":\"https:\\\/\\\/super-news.info\\\/de\\\/#\\\/schema\\\/person\\\/2b9ff946d06444e803cb306ffcfd1045\"},\"headline\":\"&#8222;Wir glauben an den Handel in den Innenst\u00e4dten!&#8220; \u203a absatzwirtschaft\",\"datePublished\":\"2020-11-12T19:19:05+00:00\",\"dateModified\":\"2020-11-12T19:19:06+00:00\",\"mainEntityOfPage\":{\"@id\":\"https:\\\/\\\/super-news.info\\\/de\\\/wir-glauben-an-den-handel-in-den-innenstaedten-absatzwirtschaft\\\/\"},\"wordCount\":750,\"commentCount\":0,\"image\":{\"@id\":\"https:\\\/\\\/super-news.info\\\/de\\\/wir-glauben-an-den-handel-in-den-innenstaedten-absatzwirtschaft\\\/#primaryimage\"},\"thumbnailUrl\":\"https:\\\/\\\/super-news.info\\\/de\\\/wp-content\\\/uploads\\\/sites\\\/13\\\/2020\\\/11\\\/Wir-glauben-an-den-Handel-in-den-Innenst-dten-absatzwirtschaft.jpg\",\"articleSection\":[\"MARKETING NEWS\"],\"inLanguage\":\"de\",\"potentialAction\":[{\"@type\":\"CommentAction\",\"name\":\"Comment\",\"target\":[\"https:\\\/\\\/super-news.info\\\/de\\\/wir-glauben-an-den-handel-in-den-innenstaedten-absatzwirtschaft\\\/#respond\"]}]},{\"@type\":\"WebPage\",\"@id\":\"https:\\\/\\\/super-news.info\\\/de\\\/wir-glauben-an-den-handel-in-den-innenstaedten-absatzwirtschaft\\\/\",\"url\":\"https:\\\/\\\/super-news.info\\\/de\\\/wir-glauben-an-den-handel-in-den-innenstaedten-absatzwirtschaft\\\/\",\"name\":\"\\\"Wir glauben an den Handel in den Innenst\u00e4dten!\\\" \u203a absatzwirtschaft - Super News\",\"isPartOf\":{\"@id\":\"https:\\\/\\\/super-news.info\\\/de\\\/#website\"},\"primaryImageOfPage\":{\"@id\":\"https:\\\/\\\/super-news.info\\\/de\\\/wir-glauben-an-den-handel-in-den-innenstaedten-absatzwirtschaft\\\/#primaryimage\"},\"image\":{\"@id\":\"https:\\\/\\\/super-news.info\\\/de\\\/wir-glauben-an-den-handel-in-den-innenstaedten-absatzwirtschaft\\\/#primaryimage\"},\"thumbnailUrl\":\"https:\\\/\\\/super-news.info\\\/de\\\/wp-content\\\/uploads\\\/sites\\\/13\\\/2020\\\/11\\\/Wir-glauben-an-den-Handel-in-den-Innenst-dten-absatzwirtschaft.jpg\",\"datePublished\":\"2020-11-12T19:19:05+00:00\",\"dateModified\":\"2020-11-12T19:19:06+00:00\",\"author\":{\"@id\":\"https:\\\/\\\/super-news.info\\\/de\\\/#\\\/schema\\\/person\\\/2b9ff946d06444e803cb306ffcfd1045\"},\"breadcrumb\":{\"@id\":\"https:\\\/\\\/super-news.info\\\/de\\\/wir-glauben-an-den-handel-in-den-innenstaedten-absatzwirtschaft\\\/#breadcrumb\"},\"inLanguage\":\"de\",\"potentialAction\":[{\"@type\":\"ReadAction\",\"target\":[\"https:\\\/\\\/super-news.info\\\/de\\\/wir-glauben-an-den-handel-in-den-innenstaedten-absatzwirtschaft\\\/\"]}]},{\"@type\":\"ImageObject\",\"inLanguage\":\"de\",\"@id\":\"https:\\\/\\\/super-news.info\\\/de\\\/wir-glauben-an-den-handel-in-den-innenstaedten-absatzwirtschaft\\\/#primaryimage\",\"url\":\"https:\\\/\\\/super-news.info\\\/de\\\/wp-content\\\/uploads\\\/sites\\\/13\\\/2020\\\/11\\\/Wir-glauben-an-den-Handel-in-den-Innenst-dten-absatzwirtschaft.jpg\",\"contentUrl\":\"https:\\\/\\\/super-news.info\\\/de\\\/wp-content\\\/uploads\\\/sites\\\/13\\\/2020\\\/11\\\/Wir-glauben-an-den-Handel-in-den-Innenst-dten-absatzwirtschaft.jpg\",\"width\":630,\"height\":354,\"caption\":\"\\\"Wir glauben an den Handel in den Innenst\u00e4dten!\\\" \u203a absatzwirtschaft\"},{\"@type\":\"BreadcrumbList\",\"@id\":\"https:\\\/\\\/super-news.info\\\/de\\\/wir-glauben-an-den-handel-in-den-innenstaedten-absatzwirtschaft\\\/#breadcrumb\",\"itemListElement\":[{\"@type\":\"ListItem\",\"position\":1,\"name\":\"Home\",\"item\":\"https:\\\/\\\/super-news.info\\\/de\\\/\"},{\"@type\":\"ListItem\",\"position\":2,\"name\":\"&#8222;Wir glauben an den Handel in den Innenst\u00e4dten!&#8220; \u203a absatzwirtschaft\"}]},{\"@type\":\"WebSite\",\"@id\":\"https:\\\/\\\/super-news.info\\\/de\\\/#website\",\"url\":\"https:\\\/\\\/super-news.info\\\/de\\\/\",\"name\":\"Super News\",\"description\":\"Super News Germany\",\"potentialAction\":[{\"@type\":\"SearchAction\",\"target\":{\"@type\":\"EntryPoint\",\"urlTemplate\":\"https:\\\/\\\/super-news.info\\\/de\\\/?s={search_term_string}\"},\"query-input\":{\"@type\":\"PropertyValueSpecification\",\"valueRequired\":true,\"valueName\":\"search_term_string\"}}],\"inLanguage\":\"de\"},{\"@type\":\"Person\",\"@id\":\"https:\\\/\\\/super-news.info\\\/de\\\/#\\\/schema\\\/person\\\/2b9ff946d06444e803cb306ffcfd1045\",\"name\":\"super news\",\"image\":{\"@type\":\"ImageObject\",\"inLanguage\":\"de\",\"@id\":\"https:\\\/\\\/secure.gravatar.com\\\/avatar\\\/98e0b303f300d45b2a94684c5e4dda8baa4a5e9710b579f7493c8612061d08bf?s=96&d=mm&r=g\",\"url\":\"https:\\\/\\\/secure.gravatar.com\\\/avatar\\\/98e0b303f300d45b2a94684c5e4dda8baa4a5e9710b579f7493c8612061d08bf?s=96&d=mm&r=g\",\"contentUrl\":\"https:\\\/\\\/secure.gravatar.com\\\/avatar\\\/98e0b303f300d45b2a94684c5e4dda8baa4a5e9710b579f7493c8612061d08bf?s=96&d=mm&r=g\",\"caption\":\"super news\"},\"url\":\"https:\\\/\\\/super-news.info\\\/de\\\/author\\\/manuel\\\/\"}]}<\/script>\n<!-- \/ Yoast SEO plugin. -->","yoast_head_json":{"title":"\"Wir glauben an den Handel in den Innenst\u00e4dten!\" \u203a absatzwirtschaft - Super News","robots":{"index":"index","follow":"follow","max-snippet":"max-snippet:-1","max-image-preview":"max-image-preview:large","max-video-preview":"max-video-preview:-1"},"canonical":"https:\/\/super-news.info\/de\/wir-glauben-an-den-handel-in-den-innenstaedten-absatzwirtschaft\/","og_locale":"de_DE","og_type":"article","og_title":"\"Wir glauben an den Handel in den Innenst\u00e4dten!\" \u203a absatzwirtschaft - Super News","og_description":"[ad_1] Kleinere Fl\u00e4chen, mehr Service: Ikea reagiert mit neuen Filial-Formaten auf ver\u00e4nderte Kundenbed\u00fcrfnisse. Nele Bzdega, Expansionsmanagerin Ikea Deutschland, \u00fcber eilige K\u00e4ufer, Digitalisierung und die Kraft des &#8222;Touch &amp; Feel&#8220;. Von Klaus Janke Frau Bzdega, Ikea hat vor drei Jahren angefangen, neben den klassischen Einrichtungsh\u00e4usern auch auf neue Formate zu setzen, die f\u00fcr Innenst\u00e4dte konzipiert sind. [&hellip;]","og_url":"https:\/\/super-news.info\/de\/wir-glauben-an-den-handel-in-den-innenstaedten-absatzwirtschaft\/","og_site_name":"Super News","article_published_time":"2020-11-12T19:19:05+00:00","article_modified_time":"2020-11-12T19:19:06+00:00","og_image":[{"width":630,"height":354,"url":"https:\/\/super-news.info\/de\/wp-content\/uploads\/sites\/13\/2020\/11\/Wir-glauben-an-den-Handel-in-den-Innenst-dten-absatzwirtschaft.jpg","type":"image\/jpeg"}],"author":"super news","twitter_card":"summary_large_image","twitter_misc":{"Verfasst von":"super news","Gesch\u00e4tzte Lesezeit":"4\u00a0Minuten"},"schema":{"@context":"https:\/\/schema.org","@graph":[{"@type":"Article","@id":"https:\/\/super-news.info\/de\/wir-glauben-an-den-handel-in-den-innenstaedten-absatzwirtschaft\/#article","isPartOf":{"@id":"https:\/\/super-news.info\/de\/wir-glauben-an-den-handel-in-den-innenstaedten-absatzwirtschaft\/"},"author":{"name":"super news","@id":"https:\/\/super-news.info\/de\/#\/schema\/person\/2b9ff946d06444e803cb306ffcfd1045"},"headline":"&#8222;Wir glauben an den Handel in den Innenst\u00e4dten!&#8220; \u203a absatzwirtschaft","datePublished":"2020-11-12T19:19:05+00:00","dateModified":"2020-11-12T19:19:06+00:00","mainEntityOfPage":{"@id":"https:\/\/super-news.info\/de\/wir-glauben-an-den-handel-in-den-innenstaedten-absatzwirtschaft\/"},"wordCount":750,"commentCount":0,"image":{"@id":"https:\/\/super-news.info\/de\/wir-glauben-an-den-handel-in-den-innenstaedten-absatzwirtschaft\/#primaryimage"},"thumbnailUrl":"https:\/\/super-news.info\/de\/wp-content\/uploads\/sites\/13\/2020\/11\/Wir-glauben-an-den-Handel-in-den-Innenst-dten-absatzwirtschaft.jpg","articleSection":["MARKETING NEWS"],"inLanguage":"de","potentialAction":[{"@type":"CommentAction","name":"Comment","target":["https:\/\/super-news.info\/de\/wir-glauben-an-den-handel-in-den-innenstaedten-absatzwirtschaft\/#respond"]}]},{"@type":"WebPage","@id":"https:\/\/super-news.info\/de\/wir-glauben-an-den-handel-in-den-innenstaedten-absatzwirtschaft\/","url":"https:\/\/super-news.info\/de\/wir-glauben-an-den-handel-in-den-innenstaedten-absatzwirtschaft\/","name":"\"Wir glauben an den Handel in den Innenst\u00e4dten!\" \u203a absatzwirtschaft - Super News","isPartOf":{"@id":"https:\/\/super-news.info\/de\/#website"},"primaryImageOfPage":{"@id":"https:\/\/super-news.info\/de\/wir-glauben-an-den-handel-in-den-innenstaedten-absatzwirtschaft\/#primaryimage"},"image":{"@id":"https:\/\/super-news.info\/de\/wir-glauben-an-den-handel-in-den-innenstaedten-absatzwirtschaft\/#primaryimage"},"thumbnailUrl":"https:\/\/super-news.info\/de\/wp-content\/uploads\/sites\/13\/2020\/11\/Wir-glauben-an-den-Handel-in-den-Innenst-dten-absatzwirtschaft.jpg","datePublished":"2020-11-12T19:19:05+00:00","dateModified":"2020-11-12T19:19:06+00:00","author":{"@id":"https:\/\/super-news.info\/de\/#\/schema\/person\/2b9ff946d06444e803cb306ffcfd1045"},"breadcrumb":{"@id":"https:\/\/super-news.info\/de\/wir-glauben-an-den-handel-in-den-innenstaedten-absatzwirtschaft\/#breadcrumb"},"inLanguage":"de","potentialAction":[{"@type":"ReadAction","target":["https:\/\/super-news.info\/de\/wir-glauben-an-den-handel-in-den-innenstaedten-absatzwirtschaft\/"]}]},{"@type":"ImageObject","inLanguage":"de","@id":"https:\/\/super-news.info\/de\/wir-glauben-an-den-handel-in-den-innenstaedten-absatzwirtschaft\/#primaryimage","url":"https:\/\/super-news.info\/de\/wp-content\/uploads\/sites\/13\/2020\/11\/Wir-glauben-an-den-Handel-in-den-Innenst-dten-absatzwirtschaft.jpg","contentUrl":"https:\/\/super-news.info\/de\/wp-content\/uploads\/sites\/13\/2020\/11\/Wir-glauben-an-den-Handel-in-den-Innenst-dten-absatzwirtschaft.jpg","width":630,"height":354,"caption":"\"Wir glauben an den Handel in den Innenst\u00e4dten!\" \u203a absatzwirtschaft"},{"@type":"BreadcrumbList","@id":"https:\/\/super-news.info\/de\/wir-glauben-an-den-handel-in-den-innenstaedten-absatzwirtschaft\/#breadcrumb","itemListElement":[{"@type":"ListItem","position":1,"name":"Home","item":"https:\/\/super-news.info\/de\/"},{"@type":"ListItem","position":2,"name":"&#8222;Wir glauben an den Handel in den Innenst\u00e4dten!&#8220; \u203a absatzwirtschaft"}]},{"@type":"WebSite","@id":"https:\/\/super-news.info\/de\/#website","url":"https:\/\/super-news.info\/de\/","name":"Super News","description":"Super News Germany","potentialAction":[{"@type":"SearchAction","target":{"@type":"EntryPoint","urlTemplate":"https:\/\/super-news.info\/de\/?s={search_term_string}"},"query-input":{"@type":"PropertyValueSpecification","valueRequired":true,"valueName":"search_term_string"}}],"inLanguage":"de"},{"@type":"Person","@id":"https:\/\/super-news.info\/de\/#\/schema\/person\/2b9ff946d06444e803cb306ffcfd1045","name":"super news","image":{"@type":"ImageObject","inLanguage":"de","@id":"https:\/\/secure.gravatar.com\/avatar\/98e0b303f300d45b2a94684c5e4dda8baa4a5e9710b579f7493c8612061d08bf?s=96&d=mm&r=g","url":"https:\/\/secure.gravatar.com\/avatar\/98e0b303f300d45b2a94684c5e4dda8baa4a5e9710b579f7493c8612061d08bf?s=96&d=mm&r=g","contentUrl":"https:\/\/secure.gravatar.com\/avatar\/98e0b303f300d45b2a94684c5e4dda8baa4a5e9710b579f7493c8612061d08bf?s=96&d=mm&r=g","caption":"super news"},"url":"https:\/\/super-news.info\/de\/author\/manuel\/"}]}},"_links":{"self":[{"href":"https:\/\/super-news.info\/de\/wp-json\/wp\/v2\/posts\/366","targetHints":{"allow":["GET"]}}],"collection":[{"href":"https:\/\/super-news.info\/de\/wp-json\/wp\/v2\/posts"}],"about":[{"href":"https:\/\/super-news.info\/de\/wp-json\/wp\/v2\/types\/post"}],"author":[{"embeddable":true,"href":"https:\/\/super-news.info\/de\/wp-json\/wp\/v2\/users\/1"}],"replies":[{"embeddable":true,"href":"https:\/\/super-news.info\/de\/wp-json\/wp\/v2\/comments?post=366"}],"version-history":[{"count":1,"href":"https:\/\/super-news.info\/de\/wp-json\/wp\/v2\/posts\/366\/revisions"}],"predecessor-version":[{"id":368,"href":"https:\/\/super-news.info\/de\/wp-json\/wp\/v2\/posts\/366\/revisions\/368"}],"wp:featuredmedia":[{"embeddable":true,"href":"https:\/\/super-news.info\/de\/wp-json\/wp\/v2\/media\/367"}],"wp:attachment":[{"href":"https:\/\/super-news.info\/de\/wp-json\/wp\/v2\/media?parent=366"}],"wp:term":[{"taxonomy":"category","embeddable":true,"href":"https:\/\/super-news.info\/de\/wp-json\/wp\/v2\/categories?post=366"},{"taxonomy":"post_tag","embeddable":true,"href":"https:\/\/super-news.info\/de\/wp-json\/wp\/v2\/tags?post=366"}],"curies":[{"name":"wp","href":"https:\/\/api.w.org\/{rel}","templated":true}]}}