{"id":332,"date":"2020-11-06T07:42:08","date_gmt":"2020-11-06T07:42:08","guid":{"rendered":"https:\/\/super-news.info\/de\/was-denkt-eigentlich-anke-herbener-absatzwirtschaft\/"},"modified":"2020-11-06T07:42:09","modified_gmt":"2020-11-06T07:42:09","slug":"was-denkt-eigentlich-anke-herbener-absatzwirtschaft","status":"publish","type":"post","link":"https:\/\/super-news.info\/de\/was-denkt-eigentlich-anke-herbener-absatzwirtschaft\/","title":{"rendered":"Was denkt eigentlich \u2026 Anke Herbener? \u203a absatzwirtschaft"},"content":{"rendered":"<p> [ad_1]<br \/>\n<\/p>\n<div itemprop=\"description\">\n<p><span class=\"entry-ressort\"\/><br \/>\n\t\t\t\t\t\tAls CEO der Digitalagentur MRM und Board Member der Mc Cann Worldgroup sieht Anke Herbener f\u00fcr ihre Zunft in der Coronakrise auch etwas Positives. \u00dcber sich selbst sagt die 48-J\u00e4hrige: &#8222;Ich bin tats\u00e4chlich keine Sirene.&#8220;<\/p>\n<\/p><\/div>\n<div itemprop=\"articleBody\">\n<p class=\"entry-author\"><em>Von <span class=\"vcard author\"><span class=\"fn\">Anja Sturm<\/span><\/span><\/em><\/p>\n<p><strong>Frau<br \/>\nHerbener, wie hart trifft die Coronakrise die Digitalagenturen?<\/strong><\/p>\n<p>ANKE HERBENER: Die Krise<br \/>\ntrifft die gesamte Wirtschaft schwer. Es wird noch eine Weile dauern, bis wir<br \/>\ndas verarbeitet haben. Viele Unternehmen brauchen dringend Unterst\u00fctzung bei<br \/>\nihrer weiteren Digitalisierung. Nach allem, was ich h\u00f6re, geht es deshalb<br \/>\nvielen Digitalagenturen gerade jetzt verh\u00e4ltnism\u00e4\u00dfig gut. Mit ihrer Hilfe<br \/>\nwerden zurzeit nicht nur viele neue Transformationsprozesse angesto\u00dfen, sondern<br \/>\nauch nachhaltig und schnell umgesetzt. Das ist vermutlich das einzig Positive<br \/>\nan der Pandemie.<strong\/><\/p>\n<p><strong>Interessant.<br \/>\nGilt das auch f\u00fcr MRM, bei der Sie seit gut einem Jahr CEO, und zus\u00e4tzlich Board Member bei McCann Worldgroup<br \/>\nsind?<\/strong><\/p>\n<p>Uns geht es<br \/>\ngut. Ich bin sehr zufrieden, wie wir die Agentur in das richtige Fahrwasser<br \/>\ngebracht haben und die Herausforderungen meistern. <\/p>\n<p><strong>Das<br \/>\nhei\u00dft, Ihr Gesch\u00e4ft w\u00e4chst trotz oder gerade wegen Corona?<\/strong><\/p>\n<p>Konkrete Zahlen darf ich Ihnen als<br \/>\nb\u00f6rsennotiertes Unternehmen nicht nennen. Aber ich kann Ihnen versichern: Wir<br \/>\nsind zufrieden. Wir haben Innovation und Digital in unserer DNA. Das hilft uns<br \/>\njetzt sehr.<\/p>\n<p><strong>Vor<br \/>\nIhrem Wechsel zu Mc Cann<br \/>\nWorldgroup waren Sie zehn Jahre lang CEO bei DigitasLBi, dann haben Sie ein<br \/>\nzweij\u00e4hriges Intermezzo mit der eigenen Agentur Digital Changers eingelegt. War<br \/>\ndie Selbstst\u00e4ndigkeit nichts f\u00fcr Sie?<\/strong><\/p>\n<p>Ich habe Digital<br \/>\nChangers gegr\u00fcndet, um einen neuen Agenturansatz zu entwickeln, den ich nun bei<br \/>\nMRM einbringe. Letztlich hat es mich auch wieder gereizt, ein gro\u00dfes Team zu<br \/>\nf\u00fchren und Mitglied im Board der Agenturgruppe der Mc Cann Worldgroup in<br \/>\nDeutschland zu sein. Ich hatte noch nie Angst, Verantwortung zu \u00fcbernehmen. <\/p>\n<p><strong>In einem Gastbeitrag zum Weltfrauentag im<br \/>\nM\u00e4rz haben Sie sich f\u00fcr Gleichberechtigung stark gemacht: Wie sehr treibt Sie<br \/>\ndas Thema um?<\/strong><\/p>\n<p>Es ist<br \/>\neines der Themen, die mir sehr wichtig sind \u2013 neben der digitalen<br \/>\nTransformation. Mir geht es darum, mich m\u00f6glichst unverkrampft f\u00fcr<br \/>\nGleichberechtigung stark zu machen, und dass sich Frauen und M\u00e4nner<br \/>\ngleicherma\u00dfen daf\u00fcr einsetzen.<\/p>\n<p><strong>Sie selbst sind sehr erfolgreich und<br \/>\ntrotzdem verglichen mit manch anderer Sirene in der Branche relativ leise<br \/>\nunterwegs.<\/strong><\/p>\n<p>Ich bin<br \/>\ntats\u00e4chlich keine Sirene. Ich melde mich zu Wort, wenn ich etwas zu sagen habe<br \/>\nund das dann auch sehr gerne. Ich spreche regelm\u00e4\u00dfig als Expertin auf<br \/>\nKonferenzen.\u00a0<\/p>\n<p><strong>Im BVDW-Pr\u00e4sidium sind Sie die einzige Frau neben f\u00fcnf M\u00e4nnern. Da m\u00fcsste doch mehr gehen.<\/strong> <\/p>\n<p>Das Ziel ist, weitere Frauen f\u00fcr das Pr\u00e4sidium zu gewinnen. Aber Kandidatinnen und Kandidaten m\u00fcssen die Mitglieder \u00fcberzeugen, und sie m\u00fcssen wissen: Das Ehrenamt im BVDW-Pr\u00e4sidium ist ziemlich intensiv. <\/p>\n<hr class=\"wp-block-separator\"\/>\n<h2><strong>Und sonst so?<\/strong><\/h2>\n<p><strong>Es nervt mich, dass <\/strong>\u2026 es nicht mehr<br \/>\nFrauen an der Spitze von Staaten gibt. Wir sehen gerade jetzt in der Pandemie,<br \/>\nwie gut L\u00e4nder durch die Krise kommen, die von Frauen regiert werden.<\/p>\n<p><strong>Die n\u00e4chste Sau im Dorf hei\u00dft vermutlich <\/strong>\u2026 die neue<br \/>\nArbeitswelt mit und nach Corona. Hier wird sich sehr viel nachhaltig \u00e4ndern.<\/p>\n<p><strong>Nicht mehr h\u00f6ren kann ich <\/strong>\u2026 ehrlich gesagt<br \/>\ngar nichts. Ich h\u00f6re mir immer alles gerne erst einmal an.<\/p>\n<hr class=\"wp-block-separator\"\/>\n<p><em>Das Interview erschien zuerst in der September-Printausgabe der absatzwirtschaft.<\/em><\/p>\n<h2>absatzwirtschaft+<\/h2>\n<p><strong>Sie wollen weitere relevante Informationen und spannende Hintergr\u00fcnde f\u00fcr Ihre t\u00e4gliche Arbeit im Marketing? Dann\u00a0abonnieren Sie jetzt hier\u00a0unseren kostenfreien Newsletter.<\/strong><\/p>\n<\/p><\/div>\n<p><script>(function(d, s, id) {\n\t\t \t var js, fjs = d.getElementsByTagName(s)[0];\n\t\t \t if (d.getElementById(id)) return;\n\t\t\t  js = d.createElement(s); js.id = id;\n\t\t\t  js.src = \"http:\/\/connect.facebook.net\/de_DE\/all.js#xfbml=1\";\n\t\t\t  fjs.parentNode.insertBefore(js, fjs);\n\t\t\t  }(document, 'script', 'facebook-jssdk'));<\/script><br \/>\n<br \/>[ad_2]<br \/>\n<br \/><a href=\"https:\/\/www.absatzwirtschaft.de\/was-denkt-eigentlich-anke-herbener-175470\/\">Source link <\/a><\/p>\n","protected":false},"excerpt":{"rendered":"<p>[ad_1] Als CEO der Digitalagentur MRM und Board Member der Mc Cann Worldgroup sieht Anke Herbener f\u00fcr ihre Zunft in der Coronakrise auch etwas Positives. \u00dcber sich selbst sagt die 48-J\u00e4hrige: &#8222;Ich bin tats\u00e4chlich keine Sirene.&#8220; Von Anja Sturm Frau Herbener, wie hart trifft die Coronakrise die Digitalagenturen? ANKE HERBENER: Die Krise trifft die gesamte [&hellip;]<\/p>\n","protected":false},"author":1,"featured_media":333,"comment_status":"open","ping_status":"open","sticky":false,"template":"","format":"standard","meta":{"footnotes":""},"categories":[5],"tags":[],"class_list":["post-332","post","type-post","status-publish","format-standard","has-post-thumbnail","hentry","category-marketing-news"],"yoast_head":"<!-- This site is optimized with the Yoast SEO plugin v27.4 - https:\/\/yoast.com\/product\/yoast-seo-wordpress\/ -->\n<title>Was denkt eigentlich \u2026 Anke Herbener? \u203a absatzwirtschaft - Super News<\/title>\n<meta name=\"robots\" content=\"index, follow, max-snippet:-1, max-image-preview:large, max-video-preview:-1\" \/>\n<link rel=\"canonical\" href=\"https:\/\/super-news.info\/de\/was-denkt-eigentlich-anke-herbener-absatzwirtschaft\/\" \/>\n<meta property=\"og:locale\" content=\"de_DE\" \/>\n<meta property=\"og:type\" content=\"article\" \/>\n<meta property=\"og:title\" content=\"Was denkt eigentlich \u2026 Anke Herbener? \u203a absatzwirtschaft - Super News\" \/>\n<meta property=\"og:description\" content=\"[ad_1] Als CEO der Digitalagentur MRM und Board Member der Mc Cann Worldgroup sieht Anke Herbener f\u00fcr ihre Zunft in der Coronakrise auch etwas Positives. \u00dcber sich selbst sagt die 48-J\u00e4hrige: &#8222;Ich bin tats\u00e4chlich keine Sirene.&#8220; Von Anja Sturm Frau Herbener, wie hart trifft die Coronakrise die Digitalagenturen? ANKE HERBENER: Die Krise trifft die gesamte [&hellip;]\" \/>\n<meta property=\"og:url\" content=\"https:\/\/super-news.info\/de\/was-denkt-eigentlich-anke-herbener-absatzwirtschaft\/\" \/>\n<meta property=\"og:site_name\" content=\"Super News\" \/>\n<meta property=\"article:published_time\" content=\"2020-11-06T07:42:08+00:00\" \/>\n<meta property=\"article:modified_time\" content=\"2020-11-06T07:42:09+00:00\" \/>\n<meta property=\"og:image\" content=\"https:\/\/super-news.info\/de\/wp-content\/uploads\/sites\/13\/2020\/11\/Was-denkt-eigentlich-Anke-Herbener-absatzwirtschaft.jpg\" \/>\n\t<meta property=\"og:image:width\" content=\"630\" \/>\n\t<meta property=\"og:image:height\" content=\"354\" \/>\n\t<meta property=\"og:image:type\" content=\"image\/jpeg\" \/>\n<meta name=\"author\" content=\"super news\" \/>\n<meta name=\"twitter:card\" content=\"summary_large_image\" \/>\n<meta name=\"twitter:label1\" content=\"Verfasst von\" \/>\n\t<meta name=\"twitter:data1\" content=\"super news\" \/>\n\t<meta name=\"twitter:label2\" content=\"Gesch\u00e4tzte Lesezeit\" \/>\n\t<meta name=\"twitter:data2\" content=\"3\u00a0Minuten\" \/>\n<script type=\"application\/ld+json\" class=\"yoast-schema-graph\">{\"@context\":\"https:\\\/\\\/schema.org\",\"@graph\":[{\"@type\":\"Article\",\"@id\":\"https:\\\/\\\/super-news.info\\\/de\\\/was-denkt-eigentlich-anke-herbener-absatzwirtschaft\\\/#article\",\"isPartOf\":{\"@id\":\"https:\\\/\\\/super-news.info\\\/de\\\/was-denkt-eigentlich-anke-herbener-absatzwirtschaft\\\/\"},\"author\":{\"name\":\"super news\",\"@id\":\"https:\\\/\\\/super-news.info\\\/de\\\/#\\\/schema\\\/person\\\/2b9ff946d06444e803cb306ffcfd1045\"},\"headline\":\"Was denkt eigentlich \u2026 Anke Herbener? \u203a absatzwirtschaft\",\"datePublished\":\"2020-11-06T07:42:08+00:00\",\"dateModified\":\"2020-11-06T07:42:09+00:00\",\"mainEntityOfPage\":{\"@id\":\"https:\\\/\\\/super-news.info\\\/de\\\/was-denkt-eigentlich-anke-herbener-absatzwirtschaft\\\/\"},\"wordCount\":596,\"commentCount\":0,\"image\":{\"@id\":\"https:\\\/\\\/super-news.info\\\/de\\\/was-denkt-eigentlich-anke-herbener-absatzwirtschaft\\\/#primaryimage\"},\"thumbnailUrl\":\"https:\\\/\\\/super-news.info\\\/de\\\/wp-content\\\/uploads\\\/sites\\\/13\\\/2020\\\/11\\\/Was-denkt-eigentlich-Anke-Herbener-absatzwirtschaft.jpg\",\"articleSection\":[\"MARKETING NEWS\"],\"inLanguage\":\"de\",\"potentialAction\":[{\"@type\":\"CommentAction\",\"name\":\"Comment\",\"target\":[\"https:\\\/\\\/super-news.info\\\/de\\\/was-denkt-eigentlich-anke-herbener-absatzwirtschaft\\\/#respond\"]}]},{\"@type\":\"WebPage\",\"@id\":\"https:\\\/\\\/super-news.info\\\/de\\\/was-denkt-eigentlich-anke-herbener-absatzwirtschaft\\\/\",\"url\":\"https:\\\/\\\/super-news.info\\\/de\\\/was-denkt-eigentlich-anke-herbener-absatzwirtschaft\\\/\",\"name\":\"Was denkt eigentlich \u2026 Anke Herbener? \u203a absatzwirtschaft - Super News\",\"isPartOf\":{\"@id\":\"https:\\\/\\\/super-news.info\\\/de\\\/#website\"},\"primaryImageOfPage\":{\"@id\":\"https:\\\/\\\/super-news.info\\\/de\\\/was-denkt-eigentlich-anke-herbener-absatzwirtschaft\\\/#primaryimage\"},\"image\":{\"@id\":\"https:\\\/\\\/super-news.info\\\/de\\\/was-denkt-eigentlich-anke-herbener-absatzwirtschaft\\\/#primaryimage\"},\"thumbnailUrl\":\"https:\\\/\\\/super-news.info\\\/de\\\/wp-content\\\/uploads\\\/sites\\\/13\\\/2020\\\/11\\\/Was-denkt-eigentlich-Anke-Herbener-absatzwirtschaft.jpg\",\"datePublished\":\"2020-11-06T07:42:08+00:00\",\"dateModified\":\"2020-11-06T07:42:09+00:00\",\"author\":{\"@id\":\"https:\\\/\\\/super-news.info\\\/de\\\/#\\\/schema\\\/person\\\/2b9ff946d06444e803cb306ffcfd1045\"},\"breadcrumb\":{\"@id\":\"https:\\\/\\\/super-news.info\\\/de\\\/was-denkt-eigentlich-anke-herbener-absatzwirtschaft\\\/#breadcrumb\"},\"inLanguage\":\"de\",\"potentialAction\":[{\"@type\":\"ReadAction\",\"target\":[\"https:\\\/\\\/super-news.info\\\/de\\\/was-denkt-eigentlich-anke-herbener-absatzwirtschaft\\\/\"]}]},{\"@type\":\"ImageObject\",\"inLanguage\":\"de\",\"@id\":\"https:\\\/\\\/super-news.info\\\/de\\\/was-denkt-eigentlich-anke-herbener-absatzwirtschaft\\\/#primaryimage\",\"url\":\"https:\\\/\\\/super-news.info\\\/de\\\/wp-content\\\/uploads\\\/sites\\\/13\\\/2020\\\/11\\\/Was-denkt-eigentlich-Anke-Herbener-absatzwirtschaft.jpg\",\"contentUrl\":\"https:\\\/\\\/super-news.info\\\/de\\\/wp-content\\\/uploads\\\/sites\\\/13\\\/2020\\\/11\\\/Was-denkt-eigentlich-Anke-Herbener-absatzwirtschaft.jpg\",\"width\":630,\"height\":354,\"caption\":\"Was denkt eigentlich \u2026 Anke Herbener? \u203a absatzwirtschaft\"},{\"@type\":\"BreadcrumbList\",\"@id\":\"https:\\\/\\\/super-news.info\\\/de\\\/was-denkt-eigentlich-anke-herbener-absatzwirtschaft\\\/#breadcrumb\",\"itemListElement\":[{\"@type\":\"ListItem\",\"position\":1,\"name\":\"Home\",\"item\":\"https:\\\/\\\/super-news.info\\\/de\\\/\"},{\"@type\":\"ListItem\",\"position\":2,\"name\":\"Was denkt eigentlich \u2026 Anke Herbener? \u203a absatzwirtschaft\"}]},{\"@type\":\"WebSite\",\"@id\":\"https:\\\/\\\/super-news.info\\\/de\\\/#website\",\"url\":\"https:\\\/\\\/super-news.info\\\/de\\\/\",\"name\":\"Super News\",\"description\":\"Super News Germany\",\"potentialAction\":[{\"@type\":\"SearchAction\",\"target\":{\"@type\":\"EntryPoint\",\"urlTemplate\":\"https:\\\/\\\/super-news.info\\\/de\\\/?s={search_term_string}\"},\"query-input\":{\"@type\":\"PropertyValueSpecification\",\"valueRequired\":true,\"valueName\":\"search_term_string\"}}],\"inLanguage\":\"de\"},{\"@type\":\"Person\",\"@id\":\"https:\\\/\\\/super-news.info\\\/de\\\/#\\\/schema\\\/person\\\/2b9ff946d06444e803cb306ffcfd1045\",\"name\":\"super news\",\"image\":{\"@type\":\"ImageObject\",\"inLanguage\":\"de\",\"@id\":\"https:\\\/\\\/secure.gravatar.com\\\/avatar\\\/98e0b303f300d45b2a94684c5e4dda8baa4a5e9710b579f7493c8612061d08bf?s=96&d=mm&r=g\",\"url\":\"https:\\\/\\\/secure.gravatar.com\\\/avatar\\\/98e0b303f300d45b2a94684c5e4dda8baa4a5e9710b579f7493c8612061d08bf?s=96&d=mm&r=g\",\"contentUrl\":\"https:\\\/\\\/secure.gravatar.com\\\/avatar\\\/98e0b303f300d45b2a94684c5e4dda8baa4a5e9710b579f7493c8612061d08bf?s=96&d=mm&r=g\",\"caption\":\"super news\"},\"url\":\"https:\\\/\\\/super-news.info\\\/de\\\/author\\\/manuel\\\/\"}]}<\/script>\n<!-- \/ Yoast SEO plugin. -->","yoast_head_json":{"title":"Was denkt eigentlich \u2026 Anke Herbener? \u203a absatzwirtschaft - Super News","robots":{"index":"index","follow":"follow","max-snippet":"max-snippet:-1","max-image-preview":"max-image-preview:large","max-video-preview":"max-video-preview:-1"},"canonical":"https:\/\/super-news.info\/de\/was-denkt-eigentlich-anke-herbener-absatzwirtschaft\/","og_locale":"de_DE","og_type":"article","og_title":"Was denkt eigentlich \u2026 Anke Herbener? \u203a absatzwirtschaft - Super News","og_description":"[ad_1] Als CEO der Digitalagentur MRM und Board Member der Mc Cann Worldgroup sieht Anke Herbener f\u00fcr ihre Zunft in der Coronakrise auch etwas Positives. \u00dcber sich selbst sagt die 48-J\u00e4hrige: &#8222;Ich bin tats\u00e4chlich keine Sirene.&#8220; Von Anja Sturm Frau Herbener, wie hart trifft die Coronakrise die Digitalagenturen? ANKE HERBENER: Die Krise trifft die gesamte [&hellip;]","og_url":"https:\/\/super-news.info\/de\/was-denkt-eigentlich-anke-herbener-absatzwirtschaft\/","og_site_name":"Super News","article_published_time":"2020-11-06T07:42:08+00:00","article_modified_time":"2020-11-06T07:42:09+00:00","og_image":[{"width":630,"height":354,"url":"https:\/\/super-news.info\/de\/wp-content\/uploads\/sites\/13\/2020\/11\/Was-denkt-eigentlich-Anke-Herbener-absatzwirtschaft.jpg","type":"image\/jpeg"}],"author":"super news","twitter_card":"summary_large_image","twitter_misc":{"Verfasst von":"super news","Gesch\u00e4tzte Lesezeit":"3\u00a0Minuten"},"schema":{"@context":"https:\/\/schema.org","@graph":[{"@type":"Article","@id":"https:\/\/super-news.info\/de\/was-denkt-eigentlich-anke-herbener-absatzwirtschaft\/#article","isPartOf":{"@id":"https:\/\/super-news.info\/de\/was-denkt-eigentlich-anke-herbener-absatzwirtschaft\/"},"author":{"name":"super news","@id":"https:\/\/super-news.info\/de\/#\/schema\/person\/2b9ff946d06444e803cb306ffcfd1045"},"headline":"Was denkt eigentlich \u2026 Anke Herbener? \u203a absatzwirtschaft","datePublished":"2020-11-06T07:42:08+00:00","dateModified":"2020-11-06T07:42:09+00:00","mainEntityOfPage":{"@id":"https:\/\/super-news.info\/de\/was-denkt-eigentlich-anke-herbener-absatzwirtschaft\/"},"wordCount":596,"commentCount":0,"image":{"@id":"https:\/\/super-news.info\/de\/was-denkt-eigentlich-anke-herbener-absatzwirtschaft\/#primaryimage"},"thumbnailUrl":"https:\/\/super-news.info\/de\/wp-content\/uploads\/sites\/13\/2020\/11\/Was-denkt-eigentlich-Anke-Herbener-absatzwirtschaft.jpg","articleSection":["MARKETING NEWS"],"inLanguage":"de","potentialAction":[{"@type":"CommentAction","name":"Comment","target":["https:\/\/super-news.info\/de\/was-denkt-eigentlich-anke-herbener-absatzwirtschaft\/#respond"]}]},{"@type":"WebPage","@id":"https:\/\/super-news.info\/de\/was-denkt-eigentlich-anke-herbener-absatzwirtschaft\/","url":"https:\/\/super-news.info\/de\/was-denkt-eigentlich-anke-herbener-absatzwirtschaft\/","name":"Was denkt eigentlich \u2026 Anke Herbener? \u203a absatzwirtschaft - Super News","isPartOf":{"@id":"https:\/\/super-news.info\/de\/#website"},"primaryImageOfPage":{"@id":"https:\/\/super-news.info\/de\/was-denkt-eigentlich-anke-herbener-absatzwirtschaft\/#primaryimage"},"image":{"@id":"https:\/\/super-news.info\/de\/was-denkt-eigentlich-anke-herbener-absatzwirtschaft\/#primaryimage"},"thumbnailUrl":"https:\/\/super-news.info\/de\/wp-content\/uploads\/sites\/13\/2020\/11\/Was-denkt-eigentlich-Anke-Herbener-absatzwirtschaft.jpg","datePublished":"2020-11-06T07:42:08+00:00","dateModified":"2020-11-06T07:42:09+00:00","author":{"@id":"https:\/\/super-news.info\/de\/#\/schema\/person\/2b9ff946d06444e803cb306ffcfd1045"},"breadcrumb":{"@id":"https:\/\/super-news.info\/de\/was-denkt-eigentlich-anke-herbener-absatzwirtschaft\/#breadcrumb"},"inLanguage":"de","potentialAction":[{"@type":"ReadAction","target":["https:\/\/super-news.info\/de\/was-denkt-eigentlich-anke-herbener-absatzwirtschaft\/"]}]},{"@type":"ImageObject","inLanguage":"de","@id":"https:\/\/super-news.info\/de\/was-denkt-eigentlich-anke-herbener-absatzwirtschaft\/#primaryimage","url":"https:\/\/super-news.info\/de\/wp-content\/uploads\/sites\/13\/2020\/11\/Was-denkt-eigentlich-Anke-Herbener-absatzwirtschaft.jpg","contentUrl":"https:\/\/super-news.info\/de\/wp-content\/uploads\/sites\/13\/2020\/11\/Was-denkt-eigentlich-Anke-Herbener-absatzwirtschaft.jpg","width":630,"height":354,"caption":"Was denkt eigentlich \u2026 Anke Herbener? \u203a absatzwirtschaft"},{"@type":"BreadcrumbList","@id":"https:\/\/super-news.info\/de\/was-denkt-eigentlich-anke-herbener-absatzwirtschaft\/#breadcrumb","itemListElement":[{"@type":"ListItem","position":1,"name":"Home","item":"https:\/\/super-news.info\/de\/"},{"@type":"ListItem","position":2,"name":"Was denkt eigentlich \u2026 Anke Herbener? \u203a absatzwirtschaft"}]},{"@type":"WebSite","@id":"https:\/\/super-news.info\/de\/#website","url":"https:\/\/super-news.info\/de\/","name":"Super News","description":"Super News Germany","potentialAction":[{"@type":"SearchAction","target":{"@type":"EntryPoint","urlTemplate":"https:\/\/super-news.info\/de\/?s={search_term_string}"},"query-input":{"@type":"PropertyValueSpecification","valueRequired":true,"valueName":"search_term_string"}}],"inLanguage":"de"},{"@type":"Person","@id":"https:\/\/super-news.info\/de\/#\/schema\/person\/2b9ff946d06444e803cb306ffcfd1045","name":"super news","image":{"@type":"ImageObject","inLanguage":"de","@id":"https:\/\/secure.gravatar.com\/avatar\/98e0b303f300d45b2a94684c5e4dda8baa4a5e9710b579f7493c8612061d08bf?s=96&d=mm&r=g","url":"https:\/\/secure.gravatar.com\/avatar\/98e0b303f300d45b2a94684c5e4dda8baa4a5e9710b579f7493c8612061d08bf?s=96&d=mm&r=g","contentUrl":"https:\/\/secure.gravatar.com\/avatar\/98e0b303f300d45b2a94684c5e4dda8baa4a5e9710b579f7493c8612061d08bf?s=96&d=mm&r=g","caption":"super news"},"url":"https:\/\/super-news.info\/de\/author\/manuel\/"}]}},"_links":{"self":[{"href":"https:\/\/super-news.info\/de\/wp-json\/wp\/v2\/posts\/332","targetHints":{"allow":["GET"]}}],"collection":[{"href":"https:\/\/super-news.info\/de\/wp-json\/wp\/v2\/posts"}],"about":[{"href":"https:\/\/super-news.info\/de\/wp-json\/wp\/v2\/types\/post"}],"author":[{"embeddable":true,"href":"https:\/\/super-news.info\/de\/wp-json\/wp\/v2\/users\/1"}],"replies":[{"embeddable":true,"href":"https:\/\/super-news.info\/de\/wp-json\/wp\/v2\/comments?post=332"}],"version-history":[{"count":1,"href":"https:\/\/super-news.info\/de\/wp-json\/wp\/v2\/posts\/332\/revisions"}],"predecessor-version":[{"id":334,"href":"https:\/\/super-news.info\/de\/wp-json\/wp\/v2\/posts\/332\/revisions\/334"}],"wp:featuredmedia":[{"embeddable":true,"href":"https:\/\/super-news.info\/de\/wp-json\/wp\/v2\/media\/333"}],"wp:attachment":[{"href":"https:\/\/super-news.info\/de\/wp-json\/wp\/v2\/media?parent=332"}],"wp:term":[{"taxonomy":"category","embeddable":true,"href":"https:\/\/super-news.info\/de\/wp-json\/wp\/v2\/categories?post=332"},{"taxonomy":"post_tag","embeddable":true,"href":"https:\/\/super-news.info\/de\/wp-json\/wp\/v2\/tags?post=332"}],"curies":[{"name":"wp","href":"https:\/\/api.w.org\/{rel}","templated":true}]}}