{"id":272,"date":"2020-10-13T13:13:25","date_gmt":"2020-10-13T13:13:25","guid":{"rendered":"https:\/\/super-news.info\/de\/wien-kaempft-um-seinen-ruf-absatzwirtschaft\/"},"modified":"2020-10-15T12:56:07","modified_gmt":"2020-10-15T12:56:07","slug":"wien-kaempft-um-seinen-ruf-absatzwirtschaft","status":"publish","type":"post","link":"https:\/\/super-news.info\/de\/wien-kaempft-um-seinen-ruf-absatzwirtschaft\/","title":{"rendered":"Wien k\u00e4mpft um seinen Ruf \u203a absatzwirtschaft"},"content":{"rendered":"<div>\n<p><span class=\"entry-ressort\">An freie Tische haben sich Wiens Traditionsh\u00e4user gew\u00f6hnt. Doch die erneute Reisewarnung trifft Gastronomie und Hotellerie hart. Wien f\u00fcrchtet um seinen Ruf als lebenswerteste Stadt der Welt.<\/span><\/p>\n<\/div>\n<div>\n<p class=\"entry-author\"><em>Von <span class=\"vcard author\"><span class=\"fn\">Anne-Kathrin Velten<\/span><\/span><\/em><\/p>\n<p>Die Schocknachricht kam \u00fcber die betriebseigene App. Mitte<br \/>\nSeptember blinkte auf den Smartphones der Hotel-Sacher-Mitarbeiter die Meldung<br \/>\nauf, dass 140 von ihnen gehen m\u00fcssen. Eigentlich verteilen<br \/>\nAbteilungsmitarbeiter \u00fcber die App Schichtpl\u00e4ne und Neuigkeiten, der<br \/>\nGesch\u00e4ftsf\u00fchrer verschickt Weihnachts- und Geburtstagsgr\u00fc\u00dfe.<\/p>\n<p>Diesmal hie\u00df es: \u201cEin Virus hat die ganze Welt krank gemacht und die Wirtschaft angehalten. Mit Sicherheit sind wir in der schwierigsten Situation der j\u00fcngeren Sacher-Geschichte. Vielleicht stellt sich jetzt gerade die schwerste Aufgabe f\u00fcr Sacher seit 1832 \u00fcberhaupt.\u201d 30 Prozent der Mitarbeiter m\u00fcssen gek\u00fcndigt werden, auch damit die Schlie\u00dfung der Hotels verhindert werden kann. 35 davon m\u00fcssen in Salzburg die Gruppe verlassen, die anderen verlassen das Wiener Stammhaus.<\/p>\n<h2><strong>\u00dcbernachtungen gingen um 88 Prozent zur\u00fcck<\/strong><\/h2>\n<p>Am Hotel Sacher in Wien kommen weder Touristen noch<br \/>\nWiener vorbei. Kaum ein Komplex ist zwischen den drei wichtigen Wiener<br \/>\nInstitutionen Oper, Albertina und K\u00e4rntner Stra\u00dfe so pr\u00e4sent wie das Sacher. 1872<br \/>\nerbaut, macht es heute sechs Geb\u00e4ude aus, beherbergt drei Restaurants, ist auf<br \/>\nsechs Etagen gestreckt. Das Hotel ist Mitglied der Leading Hotels of the World.<br \/>\nWiens bekanntester Kuchen, die Sacher Torte, hat dort seine Heimat. In normalen<br \/>\nZeiten ist es nahezu unm\u00f6glich, ohne Wartezeit ein St\u00fcck davon im Hotel-Caf\u00e9<br \/>\nessen zu k\u00f6nnen. Nun ist das Haus Sinnbild daf\u00fcr, wie sehr Wien mit der<br \/>\nPandemie aber auch um seinen Ruf als lebenswerteste Stadt der Welt k\u00e4mpft.<\/p>\n<p>Um 88 Prozent sind die \u00dcbernachtungen in der Wiener<br \/>\nStadthotellerie im Juni eingebrochen. Im Juli lag das Minus noch bei 73<br \/>\nProzent. Die Auslastung lag w\u00e4hrend der Sommermonate bei weniger als 20<br \/>\nProzent. W\u00e4hrend die Hotels und Gasth\u00e4user in anderen \u00f6sterreichischen<br \/>\nTouristenhochburgen wie am W\u00f6rthersee und im Burgenland im Juli und August<br \/>\nG\u00e4ste zur\u00fcckgewinnen konnten, blieb Wien leer. Dass erst die Schweiz am 11.<br \/>\nSeptember, dann Deutschland und jetzt noch die Niederlande eine Reisewarnung<br \/>\nf\u00fcr Wien herausgaben, machte nur offiziell, was die Hoteliers seit Mitte August<br \/>\nwussten: Herbst und Winter kann man abschreiben.<\/p>\n<p>Schon jetzt rechnen die einzelnen H\u00e4user mit nicht mehr<br \/>\neinholbaren zweistelligen Millionenverlusten f\u00fcr 2020. Die aktuellen Ums\u00e4tze<br \/>\ndecken nicht einmal die laufenden Kosten aus Miete, EDV, Wareneinsatz, oder die<br \/>\nHaustechnik.<\/p>\n<h2><strong>Wien Tourismus: 35.000 von 116.000 Jobs stehen auf der<br \/>\nKippe<\/strong><\/h2>\n<p>Nun steht die Corona-Ampel erneut auf Rot und den Hotels,<br \/>\ndie hart gek\u00e4mpft haben, ihre Mitarbeiter zu halten, bleiben nur K\u00fcndigungen<br \/>\nund im Zweifel Gesch\u00e4ftsaufgaben. Sacher waren die ersten in Wien, die mit<br \/>\nihrem K\u00fcndigungsprogramm an die \u00d6ffentlichkeit gegangen sind. Aber nicht nur<br \/>\nhier m\u00fcssen Mitarbeiter gehen.<\/p>\n<p>Die Schick-Gruppe, die mit dem Hotel Stefanie das \u00e4lteste<br \/>\nHotel der Stadt und vier weitere unterh\u00e4lt, musste am 1. Oktober 100<br \/>\nK\u00fcndigungen aussprechen. Das Intercontinental am Heumarkt baut ebenfalls ab.<br \/>\nWien Tourismus rechnet damit, dass 35.000 der 116.000 Jobs im Service und in<br \/>\nder Hotellerie auf der Kippe stehen. Am 1. Oktober beginnt die dritte Phase der<br \/>\nKurzarbeit. Diese sieht unter anderem vor, dass Mitarbeiter anstatt der<br \/>\nbisherigen zehn mindestens 30 Prozent arbeiten m\u00fcssen. Das bedeutet f\u00fcr Viele<br \/>\nden K\u00fcndigungsgrund. Dachten zun\u00e4chst alle, dass sie zumindest in absehbarer<br \/>\nZeit wiederkommen k\u00f6nnen, ist dies inzwischen mehr als ungewiss.<\/p>\n<h2><strong>Lockdown und \u00d6ffnung: \u00d6sterreich war Deutschland<br \/>\nvoraus<\/strong><\/h2>\n<p>\u00d6sterreich war Deutschland bislang in allen Ma\u00dfnahmen einen Schritt voraus, beim Lockdown genauso wie bei der schrittweisen \u00d6ffnung des Handels. Gerade darum schauen viele deutsche Tourismusmetropolen wie M\u00fcnchen oder Regensburg genau, was in Wien aktuell passiert.<\/p>\n<p>Fest steht: Die gro\u00dfen St\u00e4dte hatten es \u00fcber den Sommer<br \/>\nschwerer, Touristen zur\u00fcckzugewinnen und eine etwaige zweite Welle wird diese<br \/>\nauch wieder h\u00e4rter treffen. Die Hoffnung, die viele Hoteliers dank der geringen,<br \/>\naber immerhin wachsenden Touristenzahlen \u00fcber den Sommer auch in Wien hatten,<br \/>\nist nun zunichte gemacht worden. Die H\u00e4lfte der 435 Wiener Hotels hat im Juni,<br \/>\nals die Covid-Gesetze den Betrieb wieder erlaubt haben gar nicht erst<br \/>\nwiederer\u00f6ffnet.<\/p>\n<p>\u201cWachkoma\u201d, nennt der Gesch\u00e4ftsf\u00fchrer von Wien Tourismus, Norbert Kettner, diesen Zustand vor den Medien. Jeder vierte Betrieb k\u00f6nnte daraus nicht mehr erwachen. Und wer \u00fcberhaupt wieder \u00f6ffnet, tut es im Schonbetrieb. Im Sacher erhalten nur Stammg\u00e4ste Ausnahmen, alle anderen G\u00e4ste d\u00fcrfen nur in zwei bestimmt Stockwerke n\u00e4chtigen. 17,6 Millionen \u00dcbernachtungen in 80.000 G\u00e4stebetten konnte Wien 2019 noch verzeichnen, vier Milliarden Euro bringt der Tourismus der Stadt pro Jahr. Jede Million Euro, die Touristen w\u00e4hrend eines Wienaufenthalts ausgeben, schafft elf Vollzeitarbeitspl\u00e4tze, so die Stadt.<\/p>\n<h2><strong>Hat Wien zu lang auf asiatische und US-G\u00e4ste gesetzt?<\/strong><\/h2>\n<p>Aber \u2013 so lautet die Kritik und damit auch die Lektion<br \/>\nf\u00fcr viele andere St\u00e4dte \u2013 die dramatische Lage liege auch darin begr\u00fcndet, dass<br \/>\nWien zu lange ausschlie\u00dflich auf externe G\u00e4ste gesetzt hat.<\/p>\n<p>Wer Kommunikation und Preisgestaltung ausschlie\u00dflich nach<br \/>\nden asiatischen und US-amerikanischen G\u00e4sten ausrichtet, den trifft jeder<br \/>\nR\u00fcckschlag hart. Diese Erkenntnis wirkt nun zumindest wie ein kleiner<br \/>\nLichtstrahl und als Motivation, ab jetzt viel st\u00e4rker Wiener und \u00d6sterreicher<br \/>\nin das Tourismuskonzept aufzunehmen.<\/p>\n<p>Immerhin bekommen die Wiener selbst derzeit einen<br \/>\nPlatz in ihren Kaffeeh\u00e4usern und Traditionsbetrieben. Und obwohl sie um die<br \/>\nLage der Stadt wissen, sie freut es auch, Wien f\u00fcr sich zu haben. Zumindest die<br \/>\nj\u00fcngsten Werbeaktionen des Hotel Sacher richten sich an das regionale Publikum.<br \/>\nMit dem Konzept, die lebenswerteste Stadt f\u00fcr Wiener selbst zu werden, ist Wien<br \/>\naber noch am Anfang.<\/p>\n<h2>absatzwirtschaft+<\/h2>\n<p><em><strong>Sie wollen weitere relevante Informationen und spannende Hintergr\u00fcnde f\u00fcr Ihre t\u00e4gliche Arbeit im Marketing? Dann&nbsp;abonnieren Sie jetzt hier&nbsp;unseren kostenfreien Newsletter.<\/strong><\/em><\/p>\n<p><a href=\"https:\/\/www.absatzwirtschaft.de\/wien-reisewarnung-tourismus-175213\/\">Source link <\/a><\/p>\n<\/div>\n","protected":false},"excerpt":{"rendered":"<p>An freie Tische haben sich Wiens Traditionsh\u00e4user gew\u00f6hnt. Doch die erneute Reisewarnung trifft Gastronomie und Hotellerie hart. Wien f\u00fcrchtet um seinen Ruf als lebenswerteste Stadt der Welt. Von Anne-Kathrin Velten Die Schocknachricht kam \u00fcber die betriebseigene App. Mitte September blinkte auf den Smartphones der Hotel-Sacher-Mitarbeiter die Meldung auf, dass 140 von ihnen gehen m\u00fcssen. Eigentlich [&hellip;]<\/p>\n","protected":false},"author":1,"featured_media":273,"comment_status":"open","ping_status":"open","sticky":false,"template":"","format":"standard","meta":{"footnotes":""},"categories":[5],"tags":[],"class_list":["post-272","post","type-post","status-publish","format-standard","has-post-thumbnail","hentry","category-marketing-news"],"yoast_head":"<!-- This site is optimized with the Yoast SEO plugin v27.4 - https:\/\/yoast.com\/product\/yoast-seo-wordpress\/ -->\n<title>Wien k\u00e4mpft um seinen Ruf \u203a absatzwirtschaft - Super News<\/title>\n<meta name=\"robots\" content=\"index, follow, max-snippet:-1, max-image-preview:large, max-video-preview:-1\" \/>\n<link rel=\"canonical\" href=\"https:\/\/super-news.info\/de\/wien-kaempft-um-seinen-ruf-absatzwirtschaft\/\" \/>\n<meta property=\"og:locale\" content=\"de_DE\" \/>\n<meta property=\"og:type\" content=\"article\" \/>\n<meta property=\"og:title\" content=\"Wien k\u00e4mpft um seinen Ruf \u203a absatzwirtschaft - Super News\" \/>\n<meta property=\"og:description\" content=\"An freie Tische haben sich Wiens Traditionsh\u00e4user gew\u00f6hnt. Doch die erneute Reisewarnung trifft Gastronomie und Hotellerie hart. Wien f\u00fcrchtet um seinen Ruf als lebenswerteste Stadt der Welt. Von Anne-Kathrin Velten Die Schocknachricht kam \u00fcber die betriebseigene App. Mitte September blinkte auf den Smartphones der Hotel-Sacher-Mitarbeiter die Meldung auf, dass 140 von ihnen gehen m\u00fcssen. Eigentlich [&hellip;]\" \/>\n<meta property=\"og:url\" content=\"https:\/\/super-news.info\/de\/wien-kaempft-um-seinen-ruf-absatzwirtschaft\/\" \/>\n<meta property=\"og:site_name\" content=\"Super News\" \/>\n<meta property=\"article:published_time\" content=\"2020-10-13T13:13:25+00:00\" \/>\n<meta property=\"article:modified_time\" content=\"2020-10-15T12:56:07+00:00\" \/>\n<meta property=\"og:image\" content=\"https:\/\/super-news.info\/de\/wp-content\/uploads\/sites\/13\/2020\/10\/Wien-k-mpft-um-seinen-Ruf-absatzwirtschaft.jpg\" \/>\n\t<meta property=\"og:image:width\" content=\"630\" \/>\n\t<meta property=\"og:image:height\" content=\"354\" \/>\n\t<meta property=\"og:image:type\" content=\"image\/jpeg\" \/>\n<meta name=\"author\" content=\"super news\" \/>\n<meta name=\"twitter:card\" content=\"summary_large_image\" \/>\n<meta name=\"twitter:label1\" content=\"Verfasst von\" \/>\n\t<meta name=\"twitter:data1\" content=\"super news\" \/>\n\t<meta name=\"twitter:label2\" content=\"Gesch\u00e4tzte Lesezeit\" \/>\n\t<meta name=\"twitter:data2\" content=\"5\u00a0Minuten\" \/>\n<script type=\"application\/ld+json\" class=\"yoast-schema-graph\">{\"@context\":\"https:\\\/\\\/schema.org\",\"@graph\":[{\"@type\":\"Article\",\"@id\":\"https:\\\/\\\/super-news.info\\\/de\\\/wien-kaempft-um-seinen-ruf-absatzwirtschaft\\\/#article\",\"isPartOf\":{\"@id\":\"https:\\\/\\\/super-news.info\\\/de\\\/wien-kaempft-um-seinen-ruf-absatzwirtschaft\\\/\"},\"author\":{\"name\":\"super news\",\"@id\":\"https:\\\/\\\/super-news.info\\\/de\\\/#\\\/schema\\\/person\\\/2b9ff946d06444e803cb306ffcfd1045\"},\"headline\":\"Wien k\u00e4mpft um seinen Ruf \u203a absatzwirtschaft\",\"datePublished\":\"2020-10-13T13:13:25+00:00\",\"dateModified\":\"2020-10-15T12:56:07+00:00\",\"mainEntityOfPage\":{\"@id\":\"https:\\\/\\\/super-news.info\\\/de\\\/wien-kaempft-um-seinen-ruf-absatzwirtschaft\\\/\"},\"wordCount\":956,\"commentCount\":0,\"image\":{\"@id\":\"https:\\\/\\\/super-news.info\\\/de\\\/wien-kaempft-um-seinen-ruf-absatzwirtschaft\\\/#primaryimage\"},\"thumbnailUrl\":\"https:\\\/\\\/super-news.info\\\/de\\\/wp-content\\\/uploads\\\/sites\\\/13\\\/2020\\\/10\\\/Wien-k-mpft-um-seinen-Ruf-absatzwirtschaft.jpg\",\"articleSection\":[\"MARKETING NEWS\"],\"inLanguage\":\"de\",\"potentialAction\":[{\"@type\":\"CommentAction\",\"name\":\"Comment\",\"target\":[\"https:\\\/\\\/super-news.info\\\/de\\\/wien-kaempft-um-seinen-ruf-absatzwirtschaft\\\/#respond\"]}]},{\"@type\":\"WebPage\",\"@id\":\"https:\\\/\\\/super-news.info\\\/de\\\/wien-kaempft-um-seinen-ruf-absatzwirtschaft\\\/\",\"url\":\"https:\\\/\\\/super-news.info\\\/de\\\/wien-kaempft-um-seinen-ruf-absatzwirtschaft\\\/\",\"name\":\"Wien k\u00e4mpft um seinen Ruf \u203a absatzwirtschaft - Super News\",\"isPartOf\":{\"@id\":\"https:\\\/\\\/super-news.info\\\/de\\\/#website\"},\"primaryImageOfPage\":{\"@id\":\"https:\\\/\\\/super-news.info\\\/de\\\/wien-kaempft-um-seinen-ruf-absatzwirtschaft\\\/#primaryimage\"},\"image\":{\"@id\":\"https:\\\/\\\/super-news.info\\\/de\\\/wien-kaempft-um-seinen-ruf-absatzwirtschaft\\\/#primaryimage\"},\"thumbnailUrl\":\"https:\\\/\\\/super-news.info\\\/de\\\/wp-content\\\/uploads\\\/sites\\\/13\\\/2020\\\/10\\\/Wien-k-mpft-um-seinen-Ruf-absatzwirtschaft.jpg\",\"datePublished\":\"2020-10-13T13:13:25+00:00\",\"dateModified\":\"2020-10-15T12:56:07+00:00\",\"author\":{\"@id\":\"https:\\\/\\\/super-news.info\\\/de\\\/#\\\/schema\\\/person\\\/2b9ff946d06444e803cb306ffcfd1045\"},\"breadcrumb\":{\"@id\":\"https:\\\/\\\/super-news.info\\\/de\\\/wien-kaempft-um-seinen-ruf-absatzwirtschaft\\\/#breadcrumb\"},\"inLanguage\":\"de\",\"potentialAction\":[{\"@type\":\"ReadAction\",\"target\":[\"https:\\\/\\\/super-news.info\\\/de\\\/wien-kaempft-um-seinen-ruf-absatzwirtschaft\\\/\"]}]},{\"@type\":\"ImageObject\",\"inLanguage\":\"de\",\"@id\":\"https:\\\/\\\/super-news.info\\\/de\\\/wien-kaempft-um-seinen-ruf-absatzwirtschaft\\\/#primaryimage\",\"url\":\"https:\\\/\\\/super-news.info\\\/de\\\/wp-content\\\/uploads\\\/sites\\\/13\\\/2020\\\/10\\\/Wien-k-mpft-um-seinen-Ruf-absatzwirtschaft.jpg\",\"contentUrl\":\"https:\\\/\\\/super-news.info\\\/de\\\/wp-content\\\/uploads\\\/sites\\\/13\\\/2020\\\/10\\\/Wien-k-mpft-um-seinen-Ruf-absatzwirtschaft.jpg\",\"width\":630,\"height\":354,\"caption\":\"Wien k\u00e4mpft um seinen Ruf \u203a absatzwirtschaft\"},{\"@type\":\"BreadcrumbList\",\"@id\":\"https:\\\/\\\/super-news.info\\\/de\\\/wien-kaempft-um-seinen-ruf-absatzwirtschaft\\\/#breadcrumb\",\"itemListElement\":[{\"@type\":\"ListItem\",\"position\":1,\"name\":\"Home\",\"item\":\"https:\\\/\\\/super-news.info\\\/de\\\/\"},{\"@type\":\"ListItem\",\"position\":2,\"name\":\"Wien k\u00e4mpft um seinen Ruf \u203a absatzwirtschaft\"}]},{\"@type\":\"WebSite\",\"@id\":\"https:\\\/\\\/super-news.info\\\/de\\\/#website\",\"url\":\"https:\\\/\\\/super-news.info\\\/de\\\/\",\"name\":\"Super News\",\"description\":\"Super News Germany\",\"potentialAction\":[{\"@type\":\"SearchAction\",\"target\":{\"@type\":\"EntryPoint\",\"urlTemplate\":\"https:\\\/\\\/super-news.info\\\/de\\\/?s={search_term_string}\"},\"query-input\":{\"@type\":\"PropertyValueSpecification\",\"valueRequired\":true,\"valueName\":\"search_term_string\"}}],\"inLanguage\":\"de\"},{\"@type\":\"Person\",\"@id\":\"https:\\\/\\\/super-news.info\\\/de\\\/#\\\/schema\\\/person\\\/2b9ff946d06444e803cb306ffcfd1045\",\"name\":\"super news\",\"image\":{\"@type\":\"ImageObject\",\"inLanguage\":\"de\",\"@id\":\"https:\\\/\\\/secure.gravatar.com\\\/avatar\\\/98e0b303f300d45b2a94684c5e4dda8baa4a5e9710b579f7493c8612061d08bf?s=96&d=mm&r=g\",\"url\":\"https:\\\/\\\/secure.gravatar.com\\\/avatar\\\/98e0b303f300d45b2a94684c5e4dda8baa4a5e9710b579f7493c8612061d08bf?s=96&d=mm&r=g\",\"contentUrl\":\"https:\\\/\\\/secure.gravatar.com\\\/avatar\\\/98e0b303f300d45b2a94684c5e4dda8baa4a5e9710b579f7493c8612061d08bf?s=96&d=mm&r=g\",\"caption\":\"super news\"},\"url\":\"https:\\\/\\\/super-news.info\\\/de\\\/author\\\/manuel\\\/\"}]}<\/script>\n<!-- \/ Yoast SEO plugin. -->","yoast_head_json":{"title":"Wien k\u00e4mpft um seinen Ruf \u203a absatzwirtschaft - Super News","robots":{"index":"index","follow":"follow","max-snippet":"max-snippet:-1","max-image-preview":"max-image-preview:large","max-video-preview":"max-video-preview:-1"},"canonical":"https:\/\/super-news.info\/de\/wien-kaempft-um-seinen-ruf-absatzwirtschaft\/","og_locale":"de_DE","og_type":"article","og_title":"Wien k\u00e4mpft um seinen Ruf \u203a absatzwirtschaft - Super News","og_description":"An freie Tische haben sich Wiens Traditionsh\u00e4user gew\u00f6hnt. Doch die erneute Reisewarnung trifft Gastronomie und Hotellerie hart. Wien f\u00fcrchtet um seinen Ruf als lebenswerteste Stadt der Welt. Von Anne-Kathrin Velten Die Schocknachricht kam \u00fcber die betriebseigene App. Mitte September blinkte auf den Smartphones der Hotel-Sacher-Mitarbeiter die Meldung auf, dass 140 von ihnen gehen m\u00fcssen. Eigentlich [&hellip;]","og_url":"https:\/\/super-news.info\/de\/wien-kaempft-um-seinen-ruf-absatzwirtschaft\/","og_site_name":"Super News","article_published_time":"2020-10-13T13:13:25+00:00","article_modified_time":"2020-10-15T12:56:07+00:00","og_image":[{"width":630,"height":354,"url":"https:\/\/super-news.info\/de\/wp-content\/uploads\/sites\/13\/2020\/10\/Wien-k-mpft-um-seinen-Ruf-absatzwirtschaft.jpg","type":"image\/jpeg"}],"author":"super news","twitter_card":"summary_large_image","twitter_misc":{"Verfasst von":"super news","Gesch\u00e4tzte Lesezeit":"5\u00a0Minuten"},"schema":{"@context":"https:\/\/schema.org","@graph":[{"@type":"Article","@id":"https:\/\/super-news.info\/de\/wien-kaempft-um-seinen-ruf-absatzwirtschaft\/#article","isPartOf":{"@id":"https:\/\/super-news.info\/de\/wien-kaempft-um-seinen-ruf-absatzwirtschaft\/"},"author":{"name":"super news","@id":"https:\/\/super-news.info\/de\/#\/schema\/person\/2b9ff946d06444e803cb306ffcfd1045"},"headline":"Wien k\u00e4mpft um seinen Ruf \u203a absatzwirtschaft","datePublished":"2020-10-13T13:13:25+00:00","dateModified":"2020-10-15T12:56:07+00:00","mainEntityOfPage":{"@id":"https:\/\/super-news.info\/de\/wien-kaempft-um-seinen-ruf-absatzwirtschaft\/"},"wordCount":956,"commentCount":0,"image":{"@id":"https:\/\/super-news.info\/de\/wien-kaempft-um-seinen-ruf-absatzwirtschaft\/#primaryimage"},"thumbnailUrl":"https:\/\/super-news.info\/de\/wp-content\/uploads\/sites\/13\/2020\/10\/Wien-k-mpft-um-seinen-Ruf-absatzwirtschaft.jpg","articleSection":["MARKETING NEWS"],"inLanguage":"de","potentialAction":[{"@type":"CommentAction","name":"Comment","target":["https:\/\/super-news.info\/de\/wien-kaempft-um-seinen-ruf-absatzwirtschaft\/#respond"]}]},{"@type":"WebPage","@id":"https:\/\/super-news.info\/de\/wien-kaempft-um-seinen-ruf-absatzwirtschaft\/","url":"https:\/\/super-news.info\/de\/wien-kaempft-um-seinen-ruf-absatzwirtschaft\/","name":"Wien k\u00e4mpft um seinen Ruf \u203a absatzwirtschaft - Super News","isPartOf":{"@id":"https:\/\/super-news.info\/de\/#website"},"primaryImageOfPage":{"@id":"https:\/\/super-news.info\/de\/wien-kaempft-um-seinen-ruf-absatzwirtschaft\/#primaryimage"},"image":{"@id":"https:\/\/super-news.info\/de\/wien-kaempft-um-seinen-ruf-absatzwirtschaft\/#primaryimage"},"thumbnailUrl":"https:\/\/super-news.info\/de\/wp-content\/uploads\/sites\/13\/2020\/10\/Wien-k-mpft-um-seinen-Ruf-absatzwirtschaft.jpg","datePublished":"2020-10-13T13:13:25+00:00","dateModified":"2020-10-15T12:56:07+00:00","author":{"@id":"https:\/\/super-news.info\/de\/#\/schema\/person\/2b9ff946d06444e803cb306ffcfd1045"},"breadcrumb":{"@id":"https:\/\/super-news.info\/de\/wien-kaempft-um-seinen-ruf-absatzwirtschaft\/#breadcrumb"},"inLanguage":"de","potentialAction":[{"@type":"ReadAction","target":["https:\/\/super-news.info\/de\/wien-kaempft-um-seinen-ruf-absatzwirtschaft\/"]}]},{"@type":"ImageObject","inLanguage":"de","@id":"https:\/\/super-news.info\/de\/wien-kaempft-um-seinen-ruf-absatzwirtschaft\/#primaryimage","url":"https:\/\/super-news.info\/de\/wp-content\/uploads\/sites\/13\/2020\/10\/Wien-k-mpft-um-seinen-Ruf-absatzwirtschaft.jpg","contentUrl":"https:\/\/super-news.info\/de\/wp-content\/uploads\/sites\/13\/2020\/10\/Wien-k-mpft-um-seinen-Ruf-absatzwirtschaft.jpg","width":630,"height":354,"caption":"Wien k\u00e4mpft um seinen Ruf \u203a absatzwirtschaft"},{"@type":"BreadcrumbList","@id":"https:\/\/super-news.info\/de\/wien-kaempft-um-seinen-ruf-absatzwirtschaft\/#breadcrumb","itemListElement":[{"@type":"ListItem","position":1,"name":"Home","item":"https:\/\/super-news.info\/de\/"},{"@type":"ListItem","position":2,"name":"Wien k\u00e4mpft um seinen Ruf \u203a absatzwirtschaft"}]},{"@type":"WebSite","@id":"https:\/\/super-news.info\/de\/#website","url":"https:\/\/super-news.info\/de\/","name":"Super News","description":"Super News Germany","potentialAction":[{"@type":"SearchAction","target":{"@type":"EntryPoint","urlTemplate":"https:\/\/super-news.info\/de\/?s={search_term_string}"},"query-input":{"@type":"PropertyValueSpecification","valueRequired":true,"valueName":"search_term_string"}}],"inLanguage":"de"},{"@type":"Person","@id":"https:\/\/super-news.info\/de\/#\/schema\/person\/2b9ff946d06444e803cb306ffcfd1045","name":"super news","image":{"@type":"ImageObject","inLanguage":"de","@id":"https:\/\/secure.gravatar.com\/avatar\/98e0b303f300d45b2a94684c5e4dda8baa4a5e9710b579f7493c8612061d08bf?s=96&d=mm&r=g","url":"https:\/\/secure.gravatar.com\/avatar\/98e0b303f300d45b2a94684c5e4dda8baa4a5e9710b579f7493c8612061d08bf?s=96&d=mm&r=g","contentUrl":"https:\/\/secure.gravatar.com\/avatar\/98e0b303f300d45b2a94684c5e4dda8baa4a5e9710b579f7493c8612061d08bf?s=96&d=mm&r=g","caption":"super news"},"url":"https:\/\/super-news.info\/de\/author\/manuel\/"}]}},"_links":{"self":[{"href":"https:\/\/super-news.info\/de\/wp-json\/wp\/v2\/posts\/272","targetHints":{"allow":["GET"]}}],"collection":[{"href":"https:\/\/super-news.info\/de\/wp-json\/wp\/v2\/posts"}],"about":[{"href":"https:\/\/super-news.info\/de\/wp-json\/wp\/v2\/types\/post"}],"author":[{"embeddable":true,"href":"https:\/\/super-news.info\/de\/wp-json\/wp\/v2\/users\/1"}],"replies":[{"embeddable":true,"href":"https:\/\/super-news.info\/de\/wp-json\/wp\/v2\/comments?post=272"}],"version-history":[{"count":2,"href":"https:\/\/super-news.info\/de\/wp-json\/wp\/v2\/posts\/272\/revisions"}],"predecessor-version":[{"id":280,"href":"https:\/\/super-news.info\/de\/wp-json\/wp\/v2\/posts\/272\/revisions\/280"}],"wp:featuredmedia":[{"embeddable":true,"href":"https:\/\/super-news.info\/de\/wp-json\/wp\/v2\/media\/273"}],"wp:attachment":[{"href":"https:\/\/super-news.info\/de\/wp-json\/wp\/v2\/media?parent=272"}],"wp:term":[{"taxonomy":"category","embeddable":true,"href":"https:\/\/super-news.info\/de\/wp-json\/wp\/v2\/categories?post=272"},{"taxonomy":"post_tag","embeddable":true,"href":"https:\/\/super-news.info\/de\/wp-json\/wp\/v2\/tags?post=272"}],"curies":[{"name":"wp","href":"https:\/\/api.w.org\/{rel}","templated":true}]}}