{"id":266,"date":"2020-10-10T14:10:33","date_gmt":"2020-10-10T14:10:33","guid":{"rendered":"https:\/\/super-news.info\/de\/black-friday-start-ups-umwelt-kundendaten-absatzwirtschaft\/"},"modified":"2020-10-15T12:55:35","modified_gmt":"2020-10-15T12:55:35","slug":"black-friday-start-ups-umwelt-kundendaten-absatzwirtschaft","status":"publish","type":"post","link":"https:\/\/super-news.info\/de\/black-friday-start-ups-umwelt-kundendaten-absatzwirtschaft\/","title":{"rendered":"Black Friday, Start-ups, Umwelt, Kundendaten \u203a absatzwirtschaft"},"content":{"rendered":"<div>\n<p><span class=\"entry-ressort\">Marktforschung und Wirtschaft ver\u00f6ffentlichen t\u00e4glich neue Studien, die f\u00fcr Unternehmen und Marketer wichtig sein k\u00f6nnen. Die absatzwirtschaft liefert eine Zusammenschau der wichtigsten Ergebnisse der vergangenen Woche.<\/span><\/p>\n<\/div>\n<div>\n<p class=\"entry-author\"><em>Von <span class=\"vcard author\"><span class=\"fn\">Henning Eberhardt<\/span><\/span><\/em><\/p>\n<h2><strong>Deutsche wollen Black Friday nutzen, um<br \/>\nWeihnachtsgeschenke zu kaufen<\/strong><\/h2>\n<p>Im Rahmen des \u201cCorona Consumer Reports\u201d hat das Hamburger Marktforschungsunternehmen Appinio 1000 Teilnehmer zwischen 16-65 Jahren repr\u00e4sentativ (nach Alter und Geschlecht) zu ihrer Konsumlaune hinsichtlich des \u201cBlack Friday\u201d befragt, der in diesem Jahr am 27. November stattfindet.<\/p>\n<p>Die Ergebnisse im \u00dcberblick:<\/p>\n<ul>\n<li>Die allj\u00e4hrlichen Rabattaktionen wie Black Friday oder Cyber Monday scheinen in Deutschland etabliert zu sein: 45 Prozent der Befragten gaben an, im letzten Jahr etwas im Rahmen der Aktionen online bestellt zu haben. Zwar gibt es hier noch einige Unterschiede in Bezug auf die Altersgruppen (\u201cje j\u00fcnger, desto eher wird gekauft\u201d), doch auch selbst in der Altersgruppe 56 bis 65 Jahre gaben 36 Prozent an, den Black Friday f\u00fcr Online-Eink\u00e4ufe im letzten Jahr genutzt zu haben.<\/li>\n<\/ul>\n<ul>\n<li>60 Prozent aller Befragten zwischen 16 und 65<br \/>\nJahren wollen in diesem Jahr beim Black Friday zuschlagen, was einem Wachstum<br \/>\ndes Online-Handels von ganzen 15 Prozent im Vergleich zum Vorjahr bedeuten<br \/>\nw\u00fcrden.<\/li>\n<\/ul>\n<figure class=\"wp-block-image size-large\"><\/figure>\n<ul>\n<li>Verantwortlich f\u00fcr das Wachstum ist vor allen Dingen die Altersgruppe zwischen 56 und 65 Jahren, in der 54 Prozent angeben, dass sie dieses Jahr einen Einkauf an Black Friday planen. Aber auch die j\u00fcngeren Generationen wollen vermehrt \u201cshoppen\u201d \u2013 hier liegt das Wachstum immerhin noch bei +12 Prozent (48 Prozent vs. 60 Prozent).<\/li>\n<li>Besonders Weihnachtsgeschenke werden wohl in den<br \/>\nvirtuellen Einkaufswagen landen \u2013 rund 72 Prozent derjenigen, die angegeben<br \/>\nhaben, etwas an Black Friday zu kaufen, wollen vor allen Dingen (auch)<br \/>\nFeiertags-Pr\u00e4sente kaufen.<\/li>\n<\/ul>\n<p>Jetzt den vollst\u00e4ndigen \u201cCorona Consumer Report\u201d downloaden.<\/p>\n<h2><strong>Umweltbewusstsein beeinflusst Einkaufsverhalten<\/strong><\/h2>\n<p>Die Sorge um die Umwelt ver\u00e4ndert nach einer aktuellen<br \/>\nStudie das Einkaufsverhalten der Menschen. F\u00fcr die Studie befragte das<br \/>\nN\u00fcrnberger Konsumforschungsunternehmens GfK im Juni fast 61.000 Haushalte in<br \/>\nzehn europ\u00e4ischen L\u00e4ndern. 42 Prozent gaben demnach an, dass Umweltthemen eine<br \/>\nwichtige Rolle spielten. Mehr als ein Drittel der Haushalte verzichtet auf<br \/>\nProdukte oder Dienstleistungen, die ihrer Ansicht nach der Umwelt oder der<br \/>\nGesellschaft schaden k\u00f6nnten.<\/p>\n<p>Im Vergleich zu einer \u00e4hnlichen Studie im vergangenen Jahr habe das Umweltbewusstsein bei den Verbraucherinnen und Verbrauchern zugenommen, sagte GfK-Experte Jan-Fredrik Stahlbock am Donnerstag. Drei von zehn Haushalten achteten darauf, dass die von ihnen gekauften Artikel nicht in Plastik verpackt seien. Am st\u00e4rksten ausgepr\u00e4gt sei dies in Deutschland. \u201cAber auch in Frankreich und Spanien werden die Menschen umweltbewusster\u201d, sagte Stahlbock.<\/p>\n<p>Den gr\u00f6\u00dften Einfluss auf das, was im Einkaufskorb landet,<br \/>\nhaben nach der GfK-Studie die Kinder. In den zehn untersuchten L\u00e4ndern sagten<br \/>\n45 Prozent der Befragten, dass ihre Kinder f\u00fcr das umweltfreundliche<br \/>\nKonsumverhalten ausschlaggebend seien, gefolgt von \u2026<\/p>\n<ul>\n<li>Freunden (42 Prozent)<\/li>\n<li>dem Ehepartner (37 Prozent)<\/li>\n<li>den Eltern (19 Prozent)<\/li>\n<\/ul>\n<p>Die gr\u00f6\u00dfte Verantwortung, Umweltsch\u00e4den zu begrenzen, sehen<br \/>\ndie Befragten bei \u2026<\/p>\n<ul>\n<li>den Herstellern: 40 Prozent<\/li>\n<li>den Regierungen: 35 Prozent<\/li>\n<li>sich selbst: 20 Prozent<\/li>\n<\/ul>\n<h2><strong>Breite<br \/>\nUnwissenheit der \u00d6ffentlichkeit \u00fcber die Nutzung ihrer Daten<\/strong><\/h2>\n<p>Publicis<br \/>\nSapient hat eine Studie ver\u00f6ffentlicht, die sich der Datenschutzsensibilit\u00e4t<br \/>\nder Verbraucher widmet. Mehr als die H\u00e4lfte der weltweit Befragten gab an, nur<br \/>\nwenige bis gar keine Kenntnisse zu haben, wof\u00fcr Unternehmen ihre Daten nutzen.<br \/>\nNahezu die H\u00e4lfte der Befragten ist jedoch davon \u00fcberzeugt, dass ihre Daten<br \/>\nmehr wert sind als die Services, die sie im Gegenzug erhalten.<\/p>\n<p><strong>Die Ergebnisse der \u201cData Collection &amp; Consent\u201d-Studie f\u00fcr Deutschland:<\/strong><\/p>\n<ul>\n<li>Eine knappe Mehrheit der Befragten in<br \/>\nDeutschland gibt an, dass Technologie einen positiven Einfluss auf das Leben<br \/>\nder Menschen hat (51 Prozent). Die Deutschen liegen damit sieben Prozentpunkte<br \/>\nunter dem Durchschnitt aller befragten L\u00e4nder.<\/li>\n<\/ul>\n<ul>\n<li>Fast die H\u00e4lfte der Deutschen ist davon<br \/>\n\u00fcberzeugt, dass die Daten, die \u00fcber sie gesammelt werden, w\u00e4hrend sie online<br \/>\nsind, f\u00fcr nachteilige Zwecke verwendet werden (49 Prozent).<\/li>\n<\/ul>\n<ul>\n<li>Zwei von f\u00fcnf Deutschen gaben zudem an, dass<br \/>\nihre Daten mehr wert sind als die im Gegenzug erhaltenen Dienstleistungen (39<br \/>\nProzent).<\/li>\n<\/ul>\n<ul>\n<li>Deutsche sind am ehesten dazu bereit,<br \/>\npers\u00f6nliche Daten wie Rasse und ethnische Herkunft (29 Prozent), pers\u00f6nliche<br \/>\nInformationen (27 Prozent), Wohnort (25 Prozent) und Kontaktinformationen (22<br \/>\nProzent) preiszugeben.<\/li>\n<\/ul>\n<ul>\n<li>Weniger wohl f\u00fchlen sie sich, wenn es um die<br \/>\nWeitergabe von biometrischen Daten (18 Prozent), Identifikationsdokumenten (11<br \/>\nProzent) und IP-Adressen (11 Prozent) geht.<\/li>\n<\/ul>\n<p><em>Alle Ergebnisse der <\/em><strong><em>Data Collection &amp; Consent Studie&nbsp;<\/em><\/strong><em>des Beratungshauses Publicis Sapient.<\/em><\/p>\n<p><strong>\u00dcber die Studie:<\/strong> Die Umfragedaten des \u201cData Collection &amp; Consent\u201d-Reports von Publicis Sapient wurden zwischen dem 18. und 30. Juni 2020 in den USA und zwischen dem 24. Juli und 7. August 2020 in Australien, Frankreich, Deutschland und Gro\u00dfbritannien erhoben. Publicis Sapient beauftragte den Marktforscher Ipsos mit der Befragung von 5007 Erwachsenen ab 18 Jahren aus diesen M\u00e4rkten.<\/p>\n<h2><strong>Umfrage bei<br \/>\nVorst\u00e4nden: Wirtschaft auf Erholungskurs<\/strong><\/h2>\n<p>Die Stimmung in vielen deutschen Konzernen ist nach einer Umfrage der Unternehmensberatung Deloitte \u201c\u00fcberraschend optimistisch\u201d. Deloitte hat nach eigenen Angaben im September 100 Finanzvorst\u00e4nde von Gro\u00dfunternehmen befragt. Ergebnis: \u201cNur bei 23 Prozent herrscht noch der Krisenmanagement-Modus, w\u00e4hrend sich 39 Prozent bereits in der Erholungsphase und weitere 38 Prozent schon zur\u00fcck auf ihrem Vorkrisen-Wachstumskurs sehen.\u201d<\/p>\n<p>Vor allem binnenmarktorientierte Branchen wie die Konsumg\u00fcterbranche und die Immobilienwirtschaft rechneten mit einer raschen R\u00fcckkehr auf das Vorkrisenniveau. Die Investitionspl\u00e4ne der Chemieindustrie seien deutlich positiv. Aber exportorientierte, f\u00fcr die Volkswirtschaft wichtige Branchen wie der Maschinenbau und die Autoindustrie \u201cleiden nach wie vor unter der Krise\u201d, sagte Deloitte-Chefvolkswirt Alexander B\u00f6rsch. Hier erwarte jedes dritte Unternehmen fr\u00fchestens 2022 einen Umsatz wieder auf Vorkrisenniveau. Investitionen w\u00fcrden gek\u00fcrzt.<\/p>\n<p>F\u00fcr die deutsche Konjunktur seien die meisten Finanzvorst\u00e4nde optimistisch, f\u00fcr die Eurozone und die USA pessimistisch. Frankreich, Spanien und Gro\u00dfbritannien seien in wirtschaftlichen Schwierigkeiten. Hinzu k\u00e4men Risiken wie der Brexit, sagte B\u00f6rsch. Daher sei nach dem Konjunkturabsturz und der kr\u00e4ftigen Aufw\u00e4rtsbewegung der deutschen Wirtschaft jetzt \u201cein langsameres Wachstum realistisch\u201d \u2013 vorausgesetzt, es gebe keine neuen Lockdowns. Dass es mehrere Quartale steil aufw\u00e4rtsgehe und das Ausgangsniveau rasch wieder erreicht werde, sei \u201czumindest fraglich\u201d.<\/p>\n<h2><strong>Zahl der<br \/>\nStart-ups stagniert \u2013 Aussichten durchwachsen<\/strong><\/h2>\n<p>In den vergangenen<br \/>\nJahren haben Firmengr\u00fcndungen in Deutschland dank der guten Konjunktur<br \/>\nfloriert. Nun ist der Boom vorerst gestoppt. Aber die Corona-Krise berge nicht<br \/>\nnur Risiken, meine Experten.<\/p>\n<p>Der Aufschwung in<br \/>\nder Gr\u00fcnderszene Deutschlands ist im vergangenen Jahr zum Erliegen gekommen.<br \/>\nDie staatliche F\u00f6rderbank KfW sch\u00e4tzt die Zahl der Start-ups auf rund 70 000 \u2013 ebenso<br \/>\nviele wie 2018. Zuvor war die Zahl kr\u00e4ftig gewachsen: 2016 hatte es 54.000<br \/>\nStart-ups gegeben und 2017 etwa 60.000.<\/p>\n<p>Grund f\u00fcr die<br \/>\nStagnation sei die abgeschw\u00e4chte Konjunktur bei einem zugleich stabilen<br \/>\nArbeitsmarkt, hei\u00dft es in der am Freitag vorgelegten Studie. Gibt es genug<br \/>\noffene Stellen, sehen sich weniger Menschen gezwungen, den Sprung in die<br \/>\nSelbstst\u00e4ndigkeit zu wagen.<\/p>\n<p>Die Aussichten sind durchwachsen: Die Corona-Krise berge gro\u00dfe Risiken f\u00fcr die Gr\u00fcnderlandschaft, aber auch Chancen, betonte die KfW. Einige Start-ups m\u00fcssten wohl aufgeben, zugleich aber r\u00fcckten internetbasierte und digitale Gesch\u00e4ftsmodelle in Zeiten von Homeoffice und Online-Konferenzen st\u00e4rker in den Fokus. Ob ein Zuwachs durch neue Gr\u00fcnder die Schlie\u00dfungen mehr als kompensiere, bleibe abzuwarten. Als Start-up bezeichnet die Bank Firmen, die vor weniger als f\u00fcnf Jahren gegr\u00fcndet wurden, deren Gr\u00fcnder im Vollerwerb dort arbeiten und die innovations- sowie wachstumsgetrieben sind.<\/p>\n<p><em>mit Material von der dpa<\/em><\/p>\n<h2>absatzwirtschaft+<\/h2>\n<p><em><strong>Sie wollen weitere relevante Informationen und spannende Hintergr\u00fcnde f\u00fcr Ihre t\u00e4gliche Arbeit im Marketing? Dann&nbsp;abonnieren Sie jetzt hier&nbsp;unseren kostenfreien Newsletter.<\/strong><\/em><\/p>\n<\/div>\n<p><a href=\"https:\/\/www.absatzwirtschaft.de\/studien-der-woche-black-friday-start-ups-umwelt-kundendaten-175392\/\">Source link <\/a><\/p>\n","protected":false},"excerpt":{"rendered":"<p>Marktforschung und Wirtschaft ver\u00f6ffentlichen t\u00e4glich neue Studien, die f\u00fcr Unternehmen und Marketer wichtig sein k\u00f6nnen. Die absatzwirtschaft liefert eine Zusammenschau der wichtigsten Ergebnisse der vergangenen Woche. Von Henning Eberhardt Deutsche wollen Black Friday nutzen, um Weihnachtsgeschenke zu kaufen Im Rahmen des \u201cCorona Consumer Reports\u201d hat das Hamburger Marktforschungsunternehmen Appinio 1000 Teilnehmer zwischen 16-65 Jahren repr\u00e4sentativ [&hellip;]<\/p>\n","protected":false},"author":1,"featured_media":267,"comment_status":"open","ping_status":"open","sticky":false,"template":"","format":"standard","meta":{"footnotes":""},"categories":[5],"tags":[],"class_list":["post-266","post","type-post","status-publish","format-standard","has-post-thumbnail","hentry","category-marketing-news"],"yoast_head":"<!-- This site is optimized with the Yoast SEO plugin v27.4 - https:\/\/yoast.com\/product\/yoast-seo-wordpress\/ -->\n<title>Black Friday, Start-ups, Umwelt, Kundendaten \u203a absatzwirtschaft - Super News<\/title>\n<meta name=\"robots\" content=\"index, follow, max-snippet:-1, max-image-preview:large, max-video-preview:-1\" \/>\n<link rel=\"canonical\" href=\"https:\/\/super-news.info\/de\/black-friday-start-ups-umwelt-kundendaten-absatzwirtschaft\/\" \/>\n<meta property=\"og:locale\" content=\"de_DE\" \/>\n<meta property=\"og:type\" content=\"article\" \/>\n<meta property=\"og:title\" content=\"Black Friday, Start-ups, Umwelt, Kundendaten \u203a absatzwirtschaft - Super News\" \/>\n<meta property=\"og:description\" content=\"Marktforschung und Wirtschaft ver\u00f6ffentlichen t\u00e4glich neue Studien, die f\u00fcr Unternehmen und Marketer wichtig sein k\u00f6nnen. Die absatzwirtschaft liefert eine Zusammenschau der wichtigsten Ergebnisse der vergangenen Woche. Von Henning Eberhardt Deutsche wollen Black Friday nutzen, um Weihnachtsgeschenke zu kaufen Im Rahmen des \u201cCorona Consumer Reports\u201d hat das Hamburger Marktforschungsunternehmen Appinio 1000 Teilnehmer zwischen 16-65 Jahren repr\u00e4sentativ [&hellip;]\" \/>\n<meta property=\"og:url\" content=\"https:\/\/super-news.info\/de\/black-friday-start-ups-umwelt-kundendaten-absatzwirtschaft\/\" \/>\n<meta property=\"og:site_name\" content=\"Super News\" \/>\n<meta property=\"article:published_time\" content=\"2020-10-10T14:10:33+00:00\" \/>\n<meta property=\"article:modified_time\" content=\"2020-10-15T12:55:35+00:00\" \/>\n<meta property=\"og:image\" content=\"https:\/\/super-news.info\/de\/wp-content\/uploads\/sites\/13\/2020\/10\/Black-Friday-Start-ups-Umwelt-Kundendaten-absatzwirtschaft.jpg\" \/>\n\t<meta property=\"og:image:width\" content=\"630\" \/>\n\t<meta property=\"og:image:height\" content=\"354\" \/>\n\t<meta property=\"og:image:type\" content=\"image\/jpeg\" \/>\n<meta name=\"author\" content=\"super news\" \/>\n<meta name=\"twitter:card\" content=\"summary_large_image\" \/>\n<meta name=\"twitter:label1\" content=\"Verfasst von\" \/>\n\t<meta name=\"twitter:data1\" content=\"super news\" \/>\n\t<meta name=\"twitter:label2\" content=\"Gesch\u00e4tzte Lesezeit\" \/>\n\t<meta name=\"twitter:data2\" content=\"6\u00a0Minuten\" \/>\n<script type=\"application\/ld+json\" class=\"yoast-schema-graph\">{\"@context\":\"https:\\\/\\\/schema.org\",\"@graph\":[{\"@type\":\"Article\",\"@id\":\"https:\\\/\\\/super-news.info\\\/de\\\/black-friday-start-ups-umwelt-kundendaten-absatzwirtschaft\\\/#article\",\"isPartOf\":{\"@id\":\"https:\\\/\\\/super-news.info\\\/de\\\/black-friday-start-ups-umwelt-kundendaten-absatzwirtschaft\\\/\"},\"author\":{\"name\":\"super news\",\"@id\":\"https:\\\/\\\/super-news.info\\\/de\\\/#\\\/schema\\\/person\\\/2b9ff946d06444e803cb306ffcfd1045\"},\"headline\":\"Black Friday, Start-ups, Umwelt, Kundendaten \u203a absatzwirtschaft\",\"datePublished\":\"2020-10-10T14:10:33+00:00\",\"dateModified\":\"2020-10-15T12:55:35+00:00\",\"mainEntityOfPage\":{\"@id\":\"https:\\\/\\\/super-news.info\\\/de\\\/black-friday-start-ups-umwelt-kundendaten-absatzwirtschaft\\\/\"},\"wordCount\":1215,\"commentCount\":0,\"image\":{\"@id\":\"https:\\\/\\\/super-news.info\\\/de\\\/black-friday-start-ups-umwelt-kundendaten-absatzwirtschaft\\\/#primaryimage\"},\"thumbnailUrl\":\"https:\\\/\\\/super-news.info\\\/de\\\/wp-content\\\/uploads\\\/sites\\\/13\\\/2020\\\/10\\\/Black-Friday-Start-ups-Umwelt-Kundendaten-absatzwirtschaft.jpg\",\"articleSection\":[\"MARKETING NEWS\"],\"inLanguage\":\"de\",\"potentialAction\":[{\"@type\":\"CommentAction\",\"name\":\"Comment\",\"target\":[\"https:\\\/\\\/super-news.info\\\/de\\\/black-friday-start-ups-umwelt-kundendaten-absatzwirtschaft\\\/#respond\"]}]},{\"@type\":\"WebPage\",\"@id\":\"https:\\\/\\\/super-news.info\\\/de\\\/black-friday-start-ups-umwelt-kundendaten-absatzwirtschaft\\\/\",\"url\":\"https:\\\/\\\/super-news.info\\\/de\\\/black-friday-start-ups-umwelt-kundendaten-absatzwirtschaft\\\/\",\"name\":\"Black Friday, Start-ups, Umwelt, Kundendaten \u203a absatzwirtschaft - Super News\",\"isPartOf\":{\"@id\":\"https:\\\/\\\/super-news.info\\\/de\\\/#website\"},\"primaryImageOfPage\":{\"@id\":\"https:\\\/\\\/super-news.info\\\/de\\\/black-friday-start-ups-umwelt-kundendaten-absatzwirtschaft\\\/#primaryimage\"},\"image\":{\"@id\":\"https:\\\/\\\/super-news.info\\\/de\\\/black-friday-start-ups-umwelt-kundendaten-absatzwirtschaft\\\/#primaryimage\"},\"thumbnailUrl\":\"https:\\\/\\\/super-news.info\\\/de\\\/wp-content\\\/uploads\\\/sites\\\/13\\\/2020\\\/10\\\/Black-Friday-Start-ups-Umwelt-Kundendaten-absatzwirtschaft.jpg\",\"datePublished\":\"2020-10-10T14:10:33+00:00\",\"dateModified\":\"2020-10-15T12:55:35+00:00\",\"author\":{\"@id\":\"https:\\\/\\\/super-news.info\\\/de\\\/#\\\/schema\\\/person\\\/2b9ff946d06444e803cb306ffcfd1045\"},\"breadcrumb\":{\"@id\":\"https:\\\/\\\/super-news.info\\\/de\\\/black-friday-start-ups-umwelt-kundendaten-absatzwirtschaft\\\/#breadcrumb\"},\"inLanguage\":\"de\",\"potentialAction\":[{\"@type\":\"ReadAction\",\"target\":[\"https:\\\/\\\/super-news.info\\\/de\\\/black-friday-start-ups-umwelt-kundendaten-absatzwirtschaft\\\/\"]}]},{\"@type\":\"ImageObject\",\"inLanguage\":\"de\",\"@id\":\"https:\\\/\\\/super-news.info\\\/de\\\/black-friday-start-ups-umwelt-kundendaten-absatzwirtschaft\\\/#primaryimage\",\"url\":\"https:\\\/\\\/super-news.info\\\/de\\\/wp-content\\\/uploads\\\/sites\\\/13\\\/2020\\\/10\\\/Black-Friday-Start-ups-Umwelt-Kundendaten-absatzwirtschaft.jpg\",\"contentUrl\":\"https:\\\/\\\/super-news.info\\\/de\\\/wp-content\\\/uploads\\\/sites\\\/13\\\/2020\\\/10\\\/Black-Friday-Start-ups-Umwelt-Kundendaten-absatzwirtschaft.jpg\",\"width\":630,\"height\":354,\"caption\":\"Black Friday\"},{\"@type\":\"BreadcrumbList\",\"@id\":\"https:\\\/\\\/super-news.info\\\/de\\\/black-friday-start-ups-umwelt-kundendaten-absatzwirtschaft\\\/#breadcrumb\",\"itemListElement\":[{\"@type\":\"ListItem\",\"position\":1,\"name\":\"Home\",\"item\":\"https:\\\/\\\/super-news.info\\\/de\\\/\"},{\"@type\":\"ListItem\",\"position\":2,\"name\":\"Black Friday, Start-ups, Umwelt, Kundendaten \u203a absatzwirtschaft\"}]},{\"@type\":\"WebSite\",\"@id\":\"https:\\\/\\\/super-news.info\\\/de\\\/#website\",\"url\":\"https:\\\/\\\/super-news.info\\\/de\\\/\",\"name\":\"Super News\",\"description\":\"Super News Germany\",\"potentialAction\":[{\"@type\":\"SearchAction\",\"target\":{\"@type\":\"EntryPoint\",\"urlTemplate\":\"https:\\\/\\\/super-news.info\\\/de\\\/?s={search_term_string}\"},\"query-input\":{\"@type\":\"PropertyValueSpecification\",\"valueRequired\":true,\"valueName\":\"search_term_string\"}}],\"inLanguage\":\"de\"},{\"@type\":\"Person\",\"@id\":\"https:\\\/\\\/super-news.info\\\/de\\\/#\\\/schema\\\/person\\\/2b9ff946d06444e803cb306ffcfd1045\",\"name\":\"super news\",\"image\":{\"@type\":\"ImageObject\",\"inLanguage\":\"de\",\"@id\":\"https:\\\/\\\/secure.gravatar.com\\\/avatar\\\/98e0b303f300d45b2a94684c5e4dda8baa4a5e9710b579f7493c8612061d08bf?s=96&d=mm&r=g\",\"url\":\"https:\\\/\\\/secure.gravatar.com\\\/avatar\\\/98e0b303f300d45b2a94684c5e4dda8baa4a5e9710b579f7493c8612061d08bf?s=96&d=mm&r=g\",\"contentUrl\":\"https:\\\/\\\/secure.gravatar.com\\\/avatar\\\/98e0b303f300d45b2a94684c5e4dda8baa4a5e9710b579f7493c8612061d08bf?s=96&d=mm&r=g\",\"caption\":\"super news\"},\"url\":\"https:\\\/\\\/super-news.info\\\/de\\\/author\\\/manuel\\\/\"}]}<\/script>\n<!-- \/ Yoast SEO plugin. -->","yoast_head_json":{"title":"Black Friday, Start-ups, Umwelt, Kundendaten \u203a absatzwirtschaft - Super News","robots":{"index":"index","follow":"follow","max-snippet":"max-snippet:-1","max-image-preview":"max-image-preview:large","max-video-preview":"max-video-preview:-1"},"canonical":"https:\/\/super-news.info\/de\/black-friday-start-ups-umwelt-kundendaten-absatzwirtschaft\/","og_locale":"de_DE","og_type":"article","og_title":"Black Friday, Start-ups, Umwelt, Kundendaten \u203a absatzwirtschaft - Super News","og_description":"Marktforschung und Wirtschaft ver\u00f6ffentlichen t\u00e4glich neue Studien, die f\u00fcr Unternehmen und Marketer wichtig sein k\u00f6nnen. Die absatzwirtschaft liefert eine Zusammenschau der wichtigsten Ergebnisse der vergangenen Woche. Von Henning Eberhardt Deutsche wollen Black Friday nutzen, um Weihnachtsgeschenke zu kaufen Im Rahmen des \u201cCorona Consumer Reports\u201d hat das Hamburger Marktforschungsunternehmen Appinio 1000 Teilnehmer zwischen 16-65 Jahren repr\u00e4sentativ [&hellip;]","og_url":"https:\/\/super-news.info\/de\/black-friday-start-ups-umwelt-kundendaten-absatzwirtschaft\/","og_site_name":"Super News","article_published_time":"2020-10-10T14:10:33+00:00","article_modified_time":"2020-10-15T12:55:35+00:00","og_image":[{"width":630,"height":354,"url":"https:\/\/super-news.info\/de\/wp-content\/uploads\/sites\/13\/2020\/10\/Black-Friday-Start-ups-Umwelt-Kundendaten-absatzwirtschaft.jpg","type":"image\/jpeg"}],"author":"super news","twitter_card":"summary_large_image","twitter_misc":{"Verfasst von":"super news","Gesch\u00e4tzte Lesezeit":"6\u00a0Minuten"},"schema":{"@context":"https:\/\/schema.org","@graph":[{"@type":"Article","@id":"https:\/\/super-news.info\/de\/black-friday-start-ups-umwelt-kundendaten-absatzwirtschaft\/#article","isPartOf":{"@id":"https:\/\/super-news.info\/de\/black-friday-start-ups-umwelt-kundendaten-absatzwirtschaft\/"},"author":{"name":"super news","@id":"https:\/\/super-news.info\/de\/#\/schema\/person\/2b9ff946d06444e803cb306ffcfd1045"},"headline":"Black Friday, Start-ups, Umwelt, Kundendaten \u203a absatzwirtschaft","datePublished":"2020-10-10T14:10:33+00:00","dateModified":"2020-10-15T12:55:35+00:00","mainEntityOfPage":{"@id":"https:\/\/super-news.info\/de\/black-friday-start-ups-umwelt-kundendaten-absatzwirtschaft\/"},"wordCount":1215,"commentCount":0,"image":{"@id":"https:\/\/super-news.info\/de\/black-friday-start-ups-umwelt-kundendaten-absatzwirtschaft\/#primaryimage"},"thumbnailUrl":"https:\/\/super-news.info\/de\/wp-content\/uploads\/sites\/13\/2020\/10\/Black-Friday-Start-ups-Umwelt-Kundendaten-absatzwirtschaft.jpg","articleSection":["MARKETING NEWS"],"inLanguage":"de","potentialAction":[{"@type":"CommentAction","name":"Comment","target":["https:\/\/super-news.info\/de\/black-friday-start-ups-umwelt-kundendaten-absatzwirtschaft\/#respond"]}]},{"@type":"WebPage","@id":"https:\/\/super-news.info\/de\/black-friday-start-ups-umwelt-kundendaten-absatzwirtschaft\/","url":"https:\/\/super-news.info\/de\/black-friday-start-ups-umwelt-kundendaten-absatzwirtschaft\/","name":"Black Friday, Start-ups, Umwelt, Kundendaten \u203a absatzwirtschaft - Super News","isPartOf":{"@id":"https:\/\/super-news.info\/de\/#website"},"primaryImageOfPage":{"@id":"https:\/\/super-news.info\/de\/black-friday-start-ups-umwelt-kundendaten-absatzwirtschaft\/#primaryimage"},"image":{"@id":"https:\/\/super-news.info\/de\/black-friday-start-ups-umwelt-kundendaten-absatzwirtschaft\/#primaryimage"},"thumbnailUrl":"https:\/\/super-news.info\/de\/wp-content\/uploads\/sites\/13\/2020\/10\/Black-Friday-Start-ups-Umwelt-Kundendaten-absatzwirtschaft.jpg","datePublished":"2020-10-10T14:10:33+00:00","dateModified":"2020-10-15T12:55:35+00:00","author":{"@id":"https:\/\/super-news.info\/de\/#\/schema\/person\/2b9ff946d06444e803cb306ffcfd1045"},"breadcrumb":{"@id":"https:\/\/super-news.info\/de\/black-friday-start-ups-umwelt-kundendaten-absatzwirtschaft\/#breadcrumb"},"inLanguage":"de","potentialAction":[{"@type":"ReadAction","target":["https:\/\/super-news.info\/de\/black-friday-start-ups-umwelt-kundendaten-absatzwirtschaft\/"]}]},{"@type":"ImageObject","inLanguage":"de","@id":"https:\/\/super-news.info\/de\/black-friday-start-ups-umwelt-kundendaten-absatzwirtschaft\/#primaryimage","url":"https:\/\/super-news.info\/de\/wp-content\/uploads\/sites\/13\/2020\/10\/Black-Friday-Start-ups-Umwelt-Kundendaten-absatzwirtschaft.jpg","contentUrl":"https:\/\/super-news.info\/de\/wp-content\/uploads\/sites\/13\/2020\/10\/Black-Friday-Start-ups-Umwelt-Kundendaten-absatzwirtschaft.jpg","width":630,"height":354,"caption":"Black Friday"},{"@type":"BreadcrumbList","@id":"https:\/\/super-news.info\/de\/black-friday-start-ups-umwelt-kundendaten-absatzwirtschaft\/#breadcrumb","itemListElement":[{"@type":"ListItem","position":1,"name":"Home","item":"https:\/\/super-news.info\/de\/"},{"@type":"ListItem","position":2,"name":"Black Friday, Start-ups, Umwelt, Kundendaten \u203a absatzwirtschaft"}]},{"@type":"WebSite","@id":"https:\/\/super-news.info\/de\/#website","url":"https:\/\/super-news.info\/de\/","name":"Super News","description":"Super News Germany","potentialAction":[{"@type":"SearchAction","target":{"@type":"EntryPoint","urlTemplate":"https:\/\/super-news.info\/de\/?s={search_term_string}"},"query-input":{"@type":"PropertyValueSpecification","valueRequired":true,"valueName":"search_term_string"}}],"inLanguage":"de"},{"@type":"Person","@id":"https:\/\/super-news.info\/de\/#\/schema\/person\/2b9ff946d06444e803cb306ffcfd1045","name":"super news","image":{"@type":"ImageObject","inLanguage":"de","@id":"https:\/\/secure.gravatar.com\/avatar\/98e0b303f300d45b2a94684c5e4dda8baa4a5e9710b579f7493c8612061d08bf?s=96&d=mm&r=g","url":"https:\/\/secure.gravatar.com\/avatar\/98e0b303f300d45b2a94684c5e4dda8baa4a5e9710b579f7493c8612061d08bf?s=96&d=mm&r=g","contentUrl":"https:\/\/secure.gravatar.com\/avatar\/98e0b303f300d45b2a94684c5e4dda8baa4a5e9710b579f7493c8612061d08bf?s=96&d=mm&r=g","caption":"super news"},"url":"https:\/\/super-news.info\/de\/author\/manuel\/"}]}},"_links":{"self":[{"href":"https:\/\/super-news.info\/de\/wp-json\/wp\/v2\/posts\/266","targetHints":{"allow":["GET"]}}],"collection":[{"href":"https:\/\/super-news.info\/de\/wp-json\/wp\/v2\/posts"}],"about":[{"href":"https:\/\/super-news.info\/de\/wp-json\/wp\/v2\/types\/post"}],"author":[{"embeddable":true,"href":"https:\/\/super-news.info\/de\/wp-json\/wp\/v2\/users\/1"}],"replies":[{"embeddable":true,"href":"https:\/\/super-news.info\/de\/wp-json\/wp\/v2\/comments?post=266"}],"version-history":[{"count":2,"href":"https:\/\/super-news.info\/de\/wp-json\/wp\/v2\/posts\/266\/revisions"}],"predecessor-version":[{"id":278,"href":"https:\/\/super-news.info\/de\/wp-json\/wp\/v2\/posts\/266\/revisions\/278"}],"wp:featuredmedia":[{"embeddable":true,"href":"https:\/\/super-news.info\/de\/wp-json\/wp\/v2\/media\/267"}],"wp:attachment":[{"href":"https:\/\/super-news.info\/de\/wp-json\/wp\/v2\/media?parent=266"}],"wp:term":[{"taxonomy":"category","embeddable":true,"href":"https:\/\/super-news.info\/de\/wp-json\/wp\/v2\/categories?post=266"},{"taxonomy":"post_tag","embeddable":true,"href":"https:\/\/super-news.info\/de\/wp-json\/wp\/v2\/tags?post=266"}],"curies":[{"name":"wp","href":"https:\/\/api.w.org\/{rel}","templated":true}]}}