{"id":219,"date":"2020-09-22T15:48:05","date_gmt":"2020-09-22T15:48:05","guid":{"rendered":"https:\/\/super-news.info\/de\/pleitewelle-unter-amerikas-haendlern-trifft-auch-kultmarken-absatzwirtschaft\/"},"modified":"2020-09-28T09:35:01","modified_gmt":"2020-09-28T09:35:01","slug":"pleitewelle-unter-amerikas-haendlern-trifft-auch-kultmarken-absatzwirtschaft","status":"publish","type":"post","link":"https:\/\/super-news.info\/de\/pleitewelle-unter-amerikas-haendlern-trifft-auch-kultmarken-absatzwirtschaft\/","title":{"rendered":"Pleitewelle unter Amerikas H\u00e4ndlern trifft auch Kultmarken \u203a absatzwirtschaft"},"content":{"rendered":"<div>\n<p><span class=\"entry-ressort\">Wenig Staatshilfe, Kurzarbeit gibt es nicht: Im Zuge der Corona-Pandemie machen in den USA immer mehr Retailer dicht. Darunter so bekannte Namen wie JC Penney, Brooks Brothers und Century 21.<\/span><\/p>\n<\/div>\n<div>\n<p class=\"entry-author\"><em>Von <span class=\"vcard author\"><span class=\"fn\">Christine Mattauch<\/span><\/span><\/em><\/p>\n<p>Zuletzt traf es Century 21, die New Yorker Discountkette, bei der sich auch deutsche Touristen gern mit Turnschuhen und T-Shirts eindeckten: S\u00e4mtliche 13 Standorte werden geschlossen, bis zu 4000 Angestellte werden ihre Jobs verlieren.<\/p>\n<p>Century 21 ist kein Einzelfall: Die Research-Firma S&amp;P Global Market Intelligence meldete Ende vergangener Woche, dass seit Jahresanfang 46 gro\u00dfe Retailer Insolvenz angemeldet haben. Das ist ein H\u00f6chststand seit 2010, als die Auswirkungen der Finanzkrise besonders sp\u00fcrbar wurden. Zum Vergleich: Im gesamten Jahr 2014 gingen lediglich 20 Handelsfirmen mit einer Bilanzsumme von mindestens zwei Millionen Dollar pleite. Und damit ist das Ende noch nicht erreicht: Weitere 15 gro\u00dfe Retailer f\u00fchrt S&amp;P Global Market Intelligence auf einer so genannten \u201cVulnerability List\u201d, die ein besonders gro\u00dfes Insolvenz-Risiko anzeigt.<\/p>\n<h2><strong>Brooks Brothers, Neiman Marcus, Century 21: Corona-Krise trifft US-Einzelhandel hart<\/strong><\/h2>\n<p>Amerikas Einzelh\u00e4ndler hat die Corona-Krise hart getroffen,<br \/>\n\u00e4hnlich wie viele deutsche Retailer. W\u00e4hrend aber in Deutschland umfangreiche<br \/>\nHilfsprogramme, Kurzarbeit und die vor\u00fcbergehende Aussetzung der<br \/>\nInsolvenzantragspflicht das \u00dcberleben von H\u00e4ndlern erleichtert haben, sieht das<br \/>\nin den USA anders aus. Zum Entsetzen vieler Kunden gehen dort auch<br \/>\nTraditionsh\u00e4ndler in die Pleite, die im konsumfreudigen Amerika den Status von<br \/>\nIkonen genie\u00dfen.<\/p>\n<p>Brooks Brothers zum Beispiel, ein 1818 gegr\u00fcndeter<br \/>\nHerrenausstatter, der neben Schauspielern wie Cary Grant und Clark Gable auch<br \/>\n41 von 45 US-Pr\u00e4sidenten zu seinen Kunden z\u00e4hlte, darunter Barack Obama ebenso<br \/>\nwie Donald Trump. Oder Lord &amp; Taylor, mit ihrem Gr\u00fcndungsjahr 1826 angeblich<br \/>\ndie \u00e4lteste Warenhauskette der USA. Auch Neiman Marcus meldete Insolvenz an, ein<br \/>\n\u00fcber 100 Jahre altes texanisches Edelkaufhaus, das wegen seines Katalogs mit ausgefallenen<br \/>\nWeihnachtsgeschenken ber\u00fchmt wurde: Dort konnten Superreiche einen Getr\u00e4nkeautomaten<br \/>\nf\u00fcr Champagner ebenso bestellen wie ein Unterseebot.<\/p>\n<p>Das Aus f\u00fcr die Kette Century 21 verk\u00fcndete die Gesch\u00e4ftsf\u00fchrung am 10. September. \u201cSie war eine New Yorker Institution\u201d, bedauerte die New York Times. In den Verkaufsr\u00e4umen spielten Szenen der Kultserie \u201cSex and the City\u201d. Raymond Gindi, einer der S\u00f6hne des Gr\u00fcnders, machte f\u00fcr die Insolvenz Versicherer verantwortlich, die den Gesch\u00e4ftsausfall durch den pandemiebedingten Lockdown nicht auffangen wollten, \u201cobwohl wir jedes Jahr hohe Beitr\u00e4ge gezahlt haben, um gegen unvorhergesehene Ereignisse wie dieses abgesichert zu sein\u201d.<\/p>\n<h2><strong>Viele H\u00e4ndler hatten schon vor der Corona-Krise Probleme<\/strong><\/h2>\n<p>Allerdings k\u00e4mpften viele H\u00e4ndler schon vor der Corona-Krise<br \/>\nmit Problemen, vor allem durch E-Commerce-Konkurrenz und gewandelte Anspr\u00fcche<br \/>\nans Sortiment. Einige litten zudem unter einer hohen Verschuldung: Private-Equity-Investoren<br \/>\nhatten ihnen nach der \u00dcbernahme einen Teil des Kaufpreises als Schulden aufgeb\u00fcrdet,<br \/>\num ihre Rendite zu steigern.<\/p>\n<h2><strong>JC Penney: von 10,7 Milliarden Dollar Umsatz in die<br \/>\nPleite<\/strong><\/h2>\n<p>Die bislang gr\u00f6\u00dfte Pleite ist die von JC Penney, einer<br \/>\nTextilkette mit einem Jahresumsatz von 10,7 Milliarden Dollar und rund 85.000<br \/>\nMitarbeitern, die sich \u00fcber Jahrzehnte hinweg einen erbitterten Zweikampf mit Konkurrent<br \/>\nMacy\u2019s geliefert hatte. Weitere bekannte Pleiteh\u00e4ndler sind etwa J. Crew<br \/>\n(Textil), Tailored Brands (Herrenausstatter) und Sur La Table (Haushaltswaren).<\/p>\n<p>Dabei hatte es zuletzt so ausgesehen, als erhole sich die Branche wieder. \u201cIm Juli hatten die Einzelhandelsums\u00e4tze das Niveau vor Ausbruch der Pandemie schon leicht \u00fcberschritten, ein erstaunliches Comeback\u201d, sagt Stephen Stanley, Chef\u00f6konom des New Yorker B\u00f6rsenh\u00e4ndlers Amherst Pierpont. Allerdings liefen unmittelbar danach Hilfen wie eine zus\u00e4tzliche Arbeitslosenunterst\u00fctzung aus, sodass die Kaufkraft sank.<\/p>\n<p>Trotzdem gibt es f\u00fcr einige Traditionsfirmen Hoffnung. So hat der Mall-Betreiber Simon Property angek\u00fcndigt, gemeinsam mit Partnern die Marken Brooks Brothers und JC Penney zu \u00fcbernehmen und einen Teil der L\u00e4den weiterzuf\u00fchren. Wohl auch, damit seine Einkaufspal\u00e4ste nicht noch st\u00e4rker an Attraktivit\u00e4t einb\u00fc\u00dfen.<\/p>\n<h2>absatzwirtschaft+<\/h2>\n<p><em><strong>Sie wollen weitere relevante Informationen und spannende Hintergr\u00fcnde f\u00fcr Ihre t\u00e4gliche Arbeit im Marketing? Dann&nbsp;abonnieren Sie jetzt hier&nbsp;unseren kostenfreien Newsletter.<\/strong><\/em><\/p>\n<p>&nbsp;<\/p>\n<p><a href=\"https:\/\/www.absatzwirtschaft.de\/pleitewelle-unter-amerikas-haendlern-trifft-auch-kultmarken-174796\/\">Source link <\/a><\/p>\n<\/div>\n","protected":false},"excerpt":{"rendered":"<p>Wenig Staatshilfe, Kurzarbeit gibt es nicht: Im Zuge der Corona-Pandemie machen in den USA immer mehr Retailer dicht. Darunter so bekannte Namen wie JC Penney, Brooks Brothers und Century 21. Von Christine Mattauch Zuletzt traf es Century 21, die New Yorker Discountkette, bei der sich auch deutsche Touristen gern mit Turnschuhen und T-Shirts eindeckten: S\u00e4mtliche [&hellip;]<\/p>\n","protected":false},"author":1,"featured_media":220,"comment_status":"open","ping_status":"open","sticky":false,"template":"","format":"standard","meta":{"footnotes":""},"categories":[5],"tags":[],"class_list":["post-219","post","type-post","status-publish","format-standard","has-post-thumbnail","hentry","category-marketing-news"],"yoast_head":"<!-- This site is optimized with the Yoast SEO plugin v27.4 - https:\/\/yoast.com\/product\/yoast-seo-wordpress\/ -->\n<title>Pleitewelle unter Amerikas H\u00e4ndlern trifft auch Kultmarken \u203a absatzwirtschaft - Super News<\/title>\n<meta name=\"robots\" content=\"index, follow, max-snippet:-1, max-image-preview:large, max-video-preview:-1\" \/>\n<link rel=\"canonical\" href=\"https:\/\/super-news.info\/de\/pleitewelle-unter-amerikas-haendlern-trifft-auch-kultmarken-absatzwirtschaft\/\" \/>\n<meta property=\"og:locale\" content=\"de_DE\" \/>\n<meta property=\"og:type\" content=\"article\" \/>\n<meta property=\"og:title\" content=\"Pleitewelle unter Amerikas H\u00e4ndlern trifft auch Kultmarken \u203a absatzwirtschaft - Super News\" \/>\n<meta property=\"og:description\" content=\"Wenig Staatshilfe, Kurzarbeit gibt es nicht: Im Zuge der Corona-Pandemie machen in den USA immer mehr Retailer dicht. Darunter so bekannte Namen wie JC Penney, Brooks Brothers und Century 21. Von Christine Mattauch Zuletzt traf es Century 21, die New Yorker Discountkette, bei der sich auch deutsche Touristen gern mit Turnschuhen und T-Shirts eindeckten: S\u00e4mtliche [&hellip;]\" \/>\n<meta property=\"og:url\" content=\"https:\/\/super-news.info\/de\/pleitewelle-unter-amerikas-haendlern-trifft-auch-kultmarken-absatzwirtschaft\/\" \/>\n<meta property=\"og:site_name\" content=\"Super News\" \/>\n<meta property=\"article:published_time\" content=\"2020-09-22T15:48:05+00:00\" \/>\n<meta property=\"article:modified_time\" content=\"2020-09-28T09:35:01+00:00\" \/>\n<meta property=\"og:image\" content=\"https:\/\/super-news.info\/de\/wp-content\/uploads\/sites\/13\/2020\/09\/Pleitewelle-unter-Amerikas-H-ndlern-trifft-auch-Kultmarken-absatzwirtschaft.jpg\" \/>\n\t<meta property=\"og:image:width\" content=\"630\" \/>\n\t<meta property=\"og:image:height\" content=\"354\" \/>\n\t<meta property=\"og:image:type\" content=\"image\/jpeg\" \/>\n<meta name=\"author\" content=\"super news\" \/>\n<meta name=\"twitter:card\" content=\"summary_large_image\" \/>\n<meta name=\"twitter:label1\" content=\"Verfasst von\" \/>\n\t<meta name=\"twitter:data1\" content=\"super news\" \/>\n\t<meta name=\"twitter:label2\" content=\"Gesch\u00e4tzte Lesezeit\" \/>\n\t<meta name=\"twitter:data2\" content=\"3\u00a0Minuten\" \/>\n<script type=\"application\/ld+json\" class=\"yoast-schema-graph\">{\"@context\":\"https:\\\/\\\/schema.org\",\"@graph\":[{\"@type\":\"Article\",\"@id\":\"https:\\\/\\\/super-news.info\\\/de\\\/pleitewelle-unter-amerikas-haendlern-trifft-auch-kultmarken-absatzwirtschaft\\\/#article\",\"isPartOf\":{\"@id\":\"https:\\\/\\\/super-news.info\\\/de\\\/pleitewelle-unter-amerikas-haendlern-trifft-auch-kultmarken-absatzwirtschaft\\\/\"},\"author\":{\"name\":\"super news\",\"@id\":\"https:\\\/\\\/super-news.info\\\/de\\\/#\\\/schema\\\/person\\\/2b9ff946d06444e803cb306ffcfd1045\"},\"headline\":\"Pleitewelle unter Amerikas H\u00e4ndlern trifft auch Kultmarken \u203a absatzwirtschaft\",\"datePublished\":\"2020-09-22T15:48:05+00:00\",\"dateModified\":\"2020-09-28T09:35:01+00:00\",\"mainEntityOfPage\":{\"@id\":\"https:\\\/\\\/super-news.info\\\/de\\\/pleitewelle-unter-amerikas-haendlern-trifft-auch-kultmarken-absatzwirtschaft\\\/\"},\"wordCount\":661,\"commentCount\":0,\"image\":{\"@id\":\"https:\\\/\\\/super-news.info\\\/de\\\/pleitewelle-unter-amerikas-haendlern-trifft-auch-kultmarken-absatzwirtschaft\\\/#primaryimage\"},\"thumbnailUrl\":\"https:\\\/\\\/super-news.info\\\/de\\\/wp-content\\\/uploads\\\/sites\\\/13\\\/2020\\\/09\\\/Pleitewelle-unter-Amerikas-H-ndlern-trifft-auch-Kultmarken-absatzwirtschaft.jpg\",\"articleSection\":[\"MARKETING NEWS\"],\"inLanguage\":\"de\",\"potentialAction\":[{\"@type\":\"CommentAction\",\"name\":\"Comment\",\"target\":[\"https:\\\/\\\/super-news.info\\\/de\\\/pleitewelle-unter-amerikas-haendlern-trifft-auch-kultmarken-absatzwirtschaft\\\/#respond\"]}]},{\"@type\":\"WebPage\",\"@id\":\"https:\\\/\\\/super-news.info\\\/de\\\/pleitewelle-unter-amerikas-haendlern-trifft-auch-kultmarken-absatzwirtschaft\\\/\",\"url\":\"https:\\\/\\\/super-news.info\\\/de\\\/pleitewelle-unter-amerikas-haendlern-trifft-auch-kultmarken-absatzwirtschaft\\\/\",\"name\":\"Pleitewelle unter Amerikas H\u00e4ndlern trifft auch Kultmarken \u203a absatzwirtschaft - Super News\",\"isPartOf\":{\"@id\":\"https:\\\/\\\/super-news.info\\\/de\\\/#website\"},\"primaryImageOfPage\":{\"@id\":\"https:\\\/\\\/super-news.info\\\/de\\\/pleitewelle-unter-amerikas-haendlern-trifft-auch-kultmarken-absatzwirtschaft\\\/#primaryimage\"},\"image\":{\"@id\":\"https:\\\/\\\/super-news.info\\\/de\\\/pleitewelle-unter-amerikas-haendlern-trifft-auch-kultmarken-absatzwirtschaft\\\/#primaryimage\"},\"thumbnailUrl\":\"https:\\\/\\\/super-news.info\\\/de\\\/wp-content\\\/uploads\\\/sites\\\/13\\\/2020\\\/09\\\/Pleitewelle-unter-Amerikas-H-ndlern-trifft-auch-Kultmarken-absatzwirtschaft.jpg\",\"datePublished\":\"2020-09-22T15:48:05+00:00\",\"dateModified\":\"2020-09-28T09:35:01+00:00\",\"author\":{\"@id\":\"https:\\\/\\\/super-news.info\\\/de\\\/#\\\/schema\\\/person\\\/2b9ff946d06444e803cb306ffcfd1045\"},\"breadcrumb\":{\"@id\":\"https:\\\/\\\/super-news.info\\\/de\\\/pleitewelle-unter-amerikas-haendlern-trifft-auch-kultmarken-absatzwirtschaft\\\/#breadcrumb\"},\"inLanguage\":\"de\",\"potentialAction\":[{\"@type\":\"ReadAction\",\"target\":[\"https:\\\/\\\/super-news.info\\\/de\\\/pleitewelle-unter-amerikas-haendlern-trifft-auch-kultmarken-absatzwirtschaft\\\/\"]}]},{\"@type\":\"ImageObject\",\"inLanguage\":\"de\",\"@id\":\"https:\\\/\\\/super-news.info\\\/de\\\/pleitewelle-unter-amerikas-haendlern-trifft-auch-kultmarken-absatzwirtschaft\\\/#primaryimage\",\"url\":\"https:\\\/\\\/super-news.info\\\/de\\\/wp-content\\\/uploads\\\/sites\\\/13\\\/2020\\\/09\\\/Pleitewelle-unter-Amerikas-H-ndlern-trifft-auch-Kultmarken-absatzwirtschaft.jpg\",\"contentUrl\":\"https:\\\/\\\/super-news.info\\\/de\\\/wp-content\\\/uploads\\\/sites\\\/13\\\/2020\\\/09\\\/Pleitewelle-unter-Amerikas-H-ndlern-trifft-auch-Kultmarken-absatzwirtschaft.jpg\",\"width\":630,\"height\":354,\"caption\":\"Pleitewelle unter Amerikas H\u00e4ndlern trifft auch Kultmarken \u203a absatzwirtschaft\"},{\"@type\":\"BreadcrumbList\",\"@id\":\"https:\\\/\\\/super-news.info\\\/de\\\/pleitewelle-unter-amerikas-haendlern-trifft-auch-kultmarken-absatzwirtschaft\\\/#breadcrumb\",\"itemListElement\":[{\"@type\":\"ListItem\",\"position\":1,\"name\":\"Home\",\"item\":\"https:\\\/\\\/super-news.info\\\/de\\\/\"},{\"@type\":\"ListItem\",\"position\":2,\"name\":\"Pleitewelle unter Amerikas H\u00e4ndlern trifft auch Kultmarken \u203a absatzwirtschaft\"}]},{\"@type\":\"WebSite\",\"@id\":\"https:\\\/\\\/super-news.info\\\/de\\\/#website\",\"url\":\"https:\\\/\\\/super-news.info\\\/de\\\/\",\"name\":\"Super News\",\"description\":\"Super News Germany\",\"potentialAction\":[{\"@type\":\"SearchAction\",\"target\":{\"@type\":\"EntryPoint\",\"urlTemplate\":\"https:\\\/\\\/super-news.info\\\/de\\\/?s={search_term_string}\"},\"query-input\":{\"@type\":\"PropertyValueSpecification\",\"valueRequired\":true,\"valueName\":\"search_term_string\"}}],\"inLanguage\":\"de\"},{\"@type\":\"Person\",\"@id\":\"https:\\\/\\\/super-news.info\\\/de\\\/#\\\/schema\\\/person\\\/2b9ff946d06444e803cb306ffcfd1045\",\"name\":\"super news\",\"image\":{\"@type\":\"ImageObject\",\"inLanguage\":\"de\",\"@id\":\"https:\\\/\\\/secure.gravatar.com\\\/avatar\\\/98e0b303f300d45b2a94684c5e4dda8baa4a5e9710b579f7493c8612061d08bf?s=96&d=mm&r=g\",\"url\":\"https:\\\/\\\/secure.gravatar.com\\\/avatar\\\/98e0b303f300d45b2a94684c5e4dda8baa4a5e9710b579f7493c8612061d08bf?s=96&d=mm&r=g\",\"contentUrl\":\"https:\\\/\\\/secure.gravatar.com\\\/avatar\\\/98e0b303f300d45b2a94684c5e4dda8baa4a5e9710b579f7493c8612061d08bf?s=96&d=mm&r=g\",\"caption\":\"super news\"},\"url\":\"https:\\\/\\\/super-news.info\\\/de\\\/author\\\/manuel\\\/\"}]}<\/script>\n<!-- \/ Yoast SEO plugin. -->","yoast_head_json":{"title":"Pleitewelle unter Amerikas H\u00e4ndlern trifft auch Kultmarken \u203a absatzwirtschaft - Super News","robots":{"index":"index","follow":"follow","max-snippet":"max-snippet:-1","max-image-preview":"max-image-preview:large","max-video-preview":"max-video-preview:-1"},"canonical":"https:\/\/super-news.info\/de\/pleitewelle-unter-amerikas-haendlern-trifft-auch-kultmarken-absatzwirtschaft\/","og_locale":"de_DE","og_type":"article","og_title":"Pleitewelle unter Amerikas H\u00e4ndlern trifft auch Kultmarken \u203a absatzwirtschaft - Super News","og_description":"Wenig Staatshilfe, Kurzarbeit gibt es nicht: Im Zuge der Corona-Pandemie machen in den USA immer mehr Retailer dicht. Darunter so bekannte Namen wie JC Penney, Brooks Brothers und Century 21. Von Christine Mattauch Zuletzt traf es Century 21, die New Yorker Discountkette, bei der sich auch deutsche Touristen gern mit Turnschuhen und T-Shirts eindeckten: S\u00e4mtliche [&hellip;]","og_url":"https:\/\/super-news.info\/de\/pleitewelle-unter-amerikas-haendlern-trifft-auch-kultmarken-absatzwirtschaft\/","og_site_name":"Super News","article_published_time":"2020-09-22T15:48:05+00:00","article_modified_time":"2020-09-28T09:35:01+00:00","og_image":[{"width":630,"height":354,"url":"https:\/\/super-news.info\/de\/wp-content\/uploads\/sites\/13\/2020\/09\/Pleitewelle-unter-Amerikas-H-ndlern-trifft-auch-Kultmarken-absatzwirtschaft.jpg","type":"image\/jpeg"}],"author":"super news","twitter_card":"summary_large_image","twitter_misc":{"Verfasst von":"super news","Gesch\u00e4tzte Lesezeit":"3\u00a0Minuten"},"schema":{"@context":"https:\/\/schema.org","@graph":[{"@type":"Article","@id":"https:\/\/super-news.info\/de\/pleitewelle-unter-amerikas-haendlern-trifft-auch-kultmarken-absatzwirtschaft\/#article","isPartOf":{"@id":"https:\/\/super-news.info\/de\/pleitewelle-unter-amerikas-haendlern-trifft-auch-kultmarken-absatzwirtschaft\/"},"author":{"name":"super news","@id":"https:\/\/super-news.info\/de\/#\/schema\/person\/2b9ff946d06444e803cb306ffcfd1045"},"headline":"Pleitewelle unter Amerikas H\u00e4ndlern trifft auch Kultmarken \u203a absatzwirtschaft","datePublished":"2020-09-22T15:48:05+00:00","dateModified":"2020-09-28T09:35:01+00:00","mainEntityOfPage":{"@id":"https:\/\/super-news.info\/de\/pleitewelle-unter-amerikas-haendlern-trifft-auch-kultmarken-absatzwirtschaft\/"},"wordCount":661,"commentCount":0,"image":{"@id":"https:\/\/super-news.info\/de\/pleitewelle-unter-amerikas-haendlern-trifft-auch-kultmarken-absatzwirtschaft\/#primaryimage"},"thumbnailUrl":"https:\/\/super-news.info\/de\/wp-content\/uploads\/sites\/13\/2020\/09\/Pleitewelle-unter-Amerikas-H-ndlern-trifft-auch-Kultmarken-absatzwirtschaft.jpg","articleSection":["MARKETING NEWS"],"inLanguage":"de","potentialAction":[{"@type":"CommentAction","name":"Comment","target":["https:\/\/super-news.info\/de\/pleitewelle-unter-amerikas-haendlern-trifft-auch-kultmarken-absatzwirtschaft\/#respond"]}]},{"@type":"WebPage","@id":"https:\/\/super-news.info\/de\/pleitewelle-unter-amerikas-haendlern-trifft-auch-kultmarken-absatzwirtschaft\/","url":"https:\/\/super-news.info\/de\/pleitewelle-unter-amerikas-haendlern-trifft-auch-kultmarken-absatzwirtschaft\/","name":"Pleitewelle unter Amerikas H\u00e4ndlern trifft auch Kultmarken \u203a absatzwirtschaft - Super News","isPartOf":{"@id":"https:\/\/super-news.info\/de\/#website"},"primaryImageOfPage":{"@id":"https:\/\/super-news.info\/de\/pleitewelle-unter-amerikas-haendlern-trifft-auch-kultmarken-absatzwirtschaft\/#primaryimage"},"image":{"@id":"https:\/\/super-news.info\/de\/pleitewelle-unter-amerikas-haendlern-trifft-auch-kultmarken-absatzwirtschaft\/#primaryimage"},"thumbnailUrl":"https:\/\/super-news.info\/de\/wp-content\/uploads\/sites\/13\/2020\/09\/Pleitewelle-unter-Amerikas-H-ndlern-trifft-auch-Kultmarken-absatzwirtschaft.jpg","datePublished":"2020-09-22T15:48:05+00:00","dateModified":"2020-09-28T09:35:01+00:00","author":{"@id":"https:\/\/super-news.info\/de\/#\/schema\/person\/2b9ff946d06444e803cb306ffcfd1045"},"breadcrumb":{"@id":"https:\/\/super-news.info\/de\/pleitewelle-unter-amerikas-haendlern-trifft-auch-kultmarken-absatzwirtschaft\/#breadcrumb"},"inLanguage":"de","potentialAction":[{"@type":"ReadAction","target":["https:\/\/super-news.info\/de\/pleitewelle-unter-amerikas-haendlern-trifft-auch-kultmarken-absatzwirtschaft\/"]}]},{"@type":"ImageObject","inLanguage":"de","@id":"https:\/\/super-news.info\/de\/pleitewelle-unter-amerikas-haendlern-trifft-auch-kultmarken-absatzwirtschaft\/#primaryimage","url":"https:\/\/super-news.info\/de\/wp-content\/uploads\/sites\/13\/2020\/09\/Pleitewelle-unter-Amerikas-H-ndlern-trifft-auch-Kultmarken-absatzwirtschaft.jpg","contentUrl":"https:\/\/super-news.info\/de\/wp-content\/uploads\/sites\/13\/2020\/09\/Pleitewelle-unter-Amerikas-H-ndlern-trifft-auch-Kultmarken-absatzwirtschaft.jpg","width":630,"height":354,"caption":"Pleitewelle unter Amerikas H\u00e4ndlern trifft auch Kultmarken \u203a absatzwirtschaft"},{"@type":"BreadcrumbList","@id":"https:\/\/super-news.info\/de\/pleitewelle-unter-amerikas-haendlern-trifft-auch-kultmarken-absatzwirtschaft\/#breadcrumb","itemListElement":[{"@type":"ListItem","position":1,"name":"Home","item":"https:\/\/super-news.info\/de\/"},{"@type":"ListItem","position":2,"name":"Pleitewelle unter Amerikas H\u00e4ndlern trifft auch Kultmarken \u203a absatzwirtschaft"}]},{"@type":"WebSite","@id":"https:\/\/super-news.info\/de\/#website","url":"https:\/\/super-news.info\/de\/","name":"Super News","description":"Super News Germany","potentialAction":[{"@type":"SearchAction","target":{"@type":"EntryPoint","urlTemplate":"https:\/\/super-news.info\/de\/?s={search_term_string}"},"query-input":{"@type":"PropertyValueSpecification","valueRequired":true,"valueName":"search_term_string"}}],"inLanguage":"de"},{"@type":"Person","@id":"https:\/\/super-news.info\/de\/#\/schema\/person\/2b9ff946d06444e803cb306ffcfd1045","name":"super news","image":{"@type":"ImageObject","inLanguage":"de","@id":"https:\/\/secure.gravatar.com\/avatar\/98e0b303f300d45b2a94684c5e4dda8baa4a5e9710b579f7493c8612061d08bf?s=96&d=mm&r=g","url":"https:\/\/secure.gravatar.com\/avatar\/98e0b303f300d45b2a94684c5e4dda8baa4a5e9710b579f7493c8612061d08bf?s=96&d=mm&r=g","contentUrl":"https:\/\/secure.gravatar.com\/avatar\/98e0b303f300d45b2a94684c5e4dda8baa4a5e9710b579f7493c8612061d08bf?s=96&d=mm&r=g","caption":"super news"},"url":"https:\/\/super-news.info\/de\/author\/manuel\/"}]}},"_links":{"self":[{"href":"https:\/\/super-news.info\/de\/wp-json\/wp\/v2\/posts\/219","targetHints":{"allow":["GET"]}}],"collection":[{"href":"https:\/\/super-news.info\/de\/wp-json\/wp\/v2\/posts"}],"about":[{"href":"https:\/\/super-news.info\/de\/wp-json\/wp\/v2\/types\/post"}],"author":[{"embeddable":true,"href":"https:\/\/super-news.info\/de\/wp-json\/wp\/v2\/users\/1"}],"replies":[{"embeddable":true,"href":"https:\/\/super-news.info\/de\/wp-json\/wp\/v2\/comments?post=219"}],"version-history":[{"count":3,"href":"https:\/\/super-news.info\/de\/wp-json\/wp\/v2\/posts\/219\/revisions"}],"predecessor-version":[{"id":237,"href":"https:\/\/super-news.info\/de\/wp-json\/wp\/v2\/posts\/219\/revisions\/237"}],"wp:featuredmedia":[{"embeddable":true,"href":"https:\/\/super-news.info\/de\/wp-json\/wp\/v2\/media\/220"}],"wp:attachment":[{"href":"https:\/\/super-news.info\/de\/wp-json\/wp\/v2\/media?parent=219"}],"wp:term":[{"taxonomy":"category","embeddable":true,"href":"https:\/\/super-news.info\/de\/wp-json\/wp\/v2\/categories?post=219"},{"taxonomy":"post_tag","embeddable":true,"href":"https:\/\/super-news.info\/de\/wp-json\/wp\/v2\/tags?post=219"}],"curies":[{"name":"wp","href":"https:\/\/api.w.org\/{rel}","templated":true}]}}