{"id":202,"date":"2020-09-16T14:54:15","date_gmt":"2020-09-16T14:54:15","guid":{"rendered":"https:\/\/super-news.info\/de\/weindl-leitet-deutschen-markt-absatzwirtschaft\/"},"modified":"2020-09-21T14:49:48","modified_gmt":"2020-09-21T14:49:48","slug":"weindl-leitet-deutschen-markt-absatzwirtschaft","status":"publish","type":"post","link":"https:\/\/super-news.info\/de\/weindl-leitet-deutschen-markt-absatzwirtschaft\/","title":{"rendered":"Weindl leitet deutschen Markt \u203a absatzwirtschaft"},"content":{"rendered":"\n\n<figure>\n<figcaption><strong>Nina Weindl leitet bei Almdudler ab sofort den deutschen Markt.<\/strong><br \/><cite>\u00a9 Almdudler<\/cite><cite><\/cite>\n<p><span class=\"entry-ressort\">Die \u00f6sterreichische Marke Almdudler verst\u00e4rkt erneut ihre Aktivit\u00e4ten f\u00fcr den Hauptexportmarkt Deutschland: Nina Weindl ist ab sofort Teamleiterin f\u00fcr den deutschen Markt. Die 41-J\u00e4hrige unterst\u00fctzt damit Thomas Horak, der seit Juli die Position des Gesamtverkaufsleiters verantwortet.\n\t\t\t\t\t\n<p class=\"entry-author\"><em>Von <span class=\"vcard author\"><span class=\"fn\">Henning Eberhardt<\/span><\/span><\/em><\/p>\n<p>Nina Weindl \u00fcbernimmt bei Almdudler die Verantwortung f\u00fcr<br \/>den deutschen Markt und leitet das wachsende Team der Almdudler-Markenbotschafter<br \/>f\u00fcr Gastronomie &amp; Handel. Zudem ist sie f\u00fcr die Absatz- und Ergebnisplanung<br \/>in Deutschland des 1957 gegr\u00fcndeten Familienunternehmens zust\u00e4ndig.<\/p>\n<p>Weindl verf\u00fcgt \u00fcber langj\u00e4hrige F\u00fchrungserfahrung und<br \/>Expertise im Vertriebsmanagement. Die gelernte Hotelfachfrau startete ihre<br \/>Karriere im Vertrieb, unter anderem als Brandmanagerin f\u00fcr J\u00e4germeister und als<br \/>Verkaufsbezirksleiterin bei Kraft Foods Deutschland. Als Commercial Managerin<br \/>bei Gdp Global Drinks Partnership gestaltete sie die Vermarktung aller Marken<br \/>des Portfolios und wirkte unter anderem an der Strategieentwicklung f\u00fcr<br \/>Wachstum und Kundenentwicklung mit.<\/p>\n<p>Zuletzt war Weindl Verkaufsleiterin Ontrade bei Fritz-Kulturg\u00fcter. Beim Hamburger Unternehmen, das unter anderem f\u00fcr die Marke Fritz-Kola bekannt ist, koordinierte sie den aus 45 Mitarbeitern bestehenden Au\u00dfendienst in drei L\u00e4ndern.<\/p>\n<h2>absatzwirtschaft+<\/h2>\n<p><em><strong>Sie wollen weitere relevante Informationen und spannende Hintergr\u00fcnde f\u00fcr Ihre t\u00e4gliche Arbeit im Marketing? Dann\u00a0abonnieren Sie jetzt hier\u00a0unseren kostenfreien Newsletter.<\/strong><\/em><\/p>\n<\/div>\n<\/div>\n<p><br \/><br \/><a href=\"https:\/\/www.absatzwirtschaft.de\/von-fritz-kola-zu-almdudler-weindl-leitet-deutschen-markt-174699\/\">Source link <\/a><\/p>\n","protected":false},"excerpt":{"rendered":"<p>Nina Weindl leitet bei Almdudler ab sofort den deutschen Markt.\u00a9 Almdudler Die \u00f6sterreichische Marke Almdudler verst\u00e4rkt erneut ihre Aktivit\u00e4ten f\u00fcr den Hauptexportmarkt Deutschland: Nina Weindl ist ab sofort Teamleiterin f\u00fcr den deutschen Markt. Die 41-J\u00e4hrige unterst\u00fctzt damit Thomas Horak, der seit Juli die Position des Gesamtverkaufsleiters verantwortet. Von Henning Eberhardt Nina Weindl \u00fcbernimmt bei Almdudler [&hellip;]<\/p>\n","protected":false},"author":1,"featured_media":203,"comment_status":"open","ping_status":"open","sticky":false,"template":"","format":"standard","meta":{"footnotes":""},"categories":[5],"tags":[],"class_list":["post-202","post","type-post","status-publish","format-standard","has-post-thumbnail","hentry","category-marketing-news"],"yoast_head":"<!-- This site is optimized with the Yoast SEO plugin v27.4 - https:\/\/yoast.com\/product\/yoast-seo-wordpress\/ -->\n<title>Weindl leitet deutschen Markt \u203a absatzwirtschaft - Super News<\/title>\n<meta name=\"robots\" content=\"index, follow, max-snippet:-1, max-image-preview:large, max-video-preview:-1\" \/>\n<link rel=\"canonical\" href=\"https:\/\/super-news.info\/de\/weindl-leitet-deutschen-markt-absatzwirtschaft\/\" \/>\n<meta property=\"og:locale\" content=\"de_DE\" \/>\n<meta property=\"og:type\" content=\"article\" \/>\n<meta property=\"og:title\" content=\"Weindl leitet deutschen Markt \u203a absatzwirtschaft - Super News\" \/>\n<meta property=\"og:description\" content=\"Nina Weindl leitet bei Almdudler ab sofort den deutschen Markt.\u00a9 Almdudler Die \u00f6sterreichische Marke Almdudler verst\u00e4rkt erneut ihre Aktivit\u00e4ten f\u00fcr den Hauptexportmarkt Deutschland: Nina Weindl ist ab sofort Teamleiterin f\u00fcr den deutschen Markt. Die 41-J\u00e4hrige unterst\u00fctzt damit Thomas Horak, der seit Juli die Position des Gesamtverkaufsleiters verantwortet. Von Henning Eberhardt Nina Weindl \u00fcbernimmt bei Almdudler [&hellip;]\" \/>\n<meta property=\"og:url\" content=\"https:\/\/super-news.info\/de\/weindl-leitet-deutschen-markt-absatzwirtschaft\/\" \/>\n<meta property=\"og:site_name\" content=\"Super News\" \/>\n<meta property=\"article:published_time\" content=\"2020-09-16T14:54:15+00:00\" \/>\n<meta property=\"article:modified_time\" content=\"2020-09-21T14:49:48+00:00\" \/>\n<meta property=\"og:image\" content=\"https:\/\/super-news.info\/de\/wp-content\/uploads\/sites\/13\/2020\/09\/1600268057_Weindl-leitet-deutschen-Markt-absatzwirtschaft.jpg\" \/>\n\t<meta property=\"og:image:width\" content=\"630\" \/>\n\t<meta property=\"og:image:height\" content=\"354\" \/>\n\t<meta property=\"og:image:type\" content=\"image\/jpeg\" \/>\n<meta name=\"author\" content=\"super news\" \/>\n<meta name=\"twitter:card\" content=\"summary_large_image\" \/>\n<meta name=\"twitter:label1\" content=\"Verfasst von\" \/>\n\t<meta name=\"twitter:data1\" content=\"super news\" \/>\n\t<meta name=\"twitter:label2\" content=\"Gesch\u00e4tzte Lesezeit\" \/>\n\t<meta name=\"twitter:data2\" content=\"1\u00a0Minute\" \/>\n<script type=\"application\/ld+json\" class=\"yoast-schema-graph\">{\"@context\":\"https:\\\/\\\/schema.org\",\"@graph\":[{\"@type\":\"Article\",\"@id\":\"https:\\\/\\\/super-news.info\\\/de\\\/weindl-leitet-deutschen-markt-absatzwirtschaft\\\/#article\",\"isPartOf\":{\"@id\":\"https:\\\/\\\/super-news.info\\\/de\\\/weindl-leitet-deutschen-markt-absatzwirtschaft\\\/\"},\"author\":{\"name\":\"super news\",\"@id\":\"https:\\\/\\\/super-news.info\\\/de\\\/#\\\/schema\\\/person\\\/2b9ff946d06444e803cb306ffcfd1045\"},\"headline\":\"Weindl leitet deutschen Markt \u203a absatzwirtschaft\",\"datePublished\":\"2020-09-16T14:54:15+00:00\",\"dateModified\":\"2020-09-21T14:49:48+00:00\",\"mainEntityOfPage\":{\"@id\":\"https:\\\/\\\/super-news.info\\\/de\\\/weindl-leitet-deutschen-markt-absatzwirtschaft\\\/\"},\"wordCount\":218,\"commentCount\":0,\"image\":{\"@id\":\"https:\\\/\\\/super-news.info\\\/de\\\/weindl-leitet-deutschen-markt-absatzwirtschaft\\\/#primaryimage\"},\"thumbnailUrl\":\"https:\\\/\\\/super-news.info\\\/de\\\/wp-content\\\/uploads\\\/sites\\\/13\\\/2020\\\/09\\\/1600268057_Weindl-leitet-deutschen-Markt-absatzwirtschaft.jpg\",\"articleSection\":[\"MARKETING NEWS\"],\"inLanguage\":\"de\",\"potentialAction\":[{\"@type\":\"CommentAction\",\"name\":\"Comment\",\"target\":[\"https:\\\/\\\/super-news.info\\\/de\\\/weindl-leitet-deutschen-markt-absatzwirtschaft\\\/#respond\"]}]},{\"@type\":\"WebPage\",\"@id\":\"https:\\\/\\\/super-news.info\\\/de\\\/weindl-leitet-deutschen-markt-absatzwirtschaft\\\/\",\"url\":\"https:\\\/\\\/super-news.info\\\/de\\\/weindl-leitet-deutschen-markt-absatzwirtschaft\\\/\",\"name\":\"Weindl leitet deutschen Markt \u203a absatzwirtschaft - Super News\",\"isPartOf\":{\"@id\":\"https:\\\/\\\/super-news.info\\\/de\\\/#website\"},\"primaryImageOfPage\":{\"@id\":\"https:\\\/\\\/super-news.info\\\/de\\\/weindl-leitet-deutschen-markt-absatzwirtschaft\\\/#primaryimage\"},\"image\":{\"@id\":\"https:\\\/\\\/super-news.info\\\/de\\\/weindl-leitet-deutschen-markt-absatzwirtschaft\\\/#primaryimage\"},\"thumbnailUrl\":\"https:\\\/\\\/super-news.info\\\/de\\\/wp-content\\\/uploads\\\/sites\\\/13\\\/2020\\\/09\\\/1600268057_Weindl-leitet-deutschen-Markt-absatzwirtschaft.jpg\",\"datePublished\":\"2020-09-16T14:54:15+00:00\",\"dateModified\":\"2020-09-21T14:49:48+00:00\",\"author\":{\"@id\":\"https:\\\/\\\/super-news.info\\\/de\\\/#\\\/schema\\\/person\\\/2b9ff946d06444e803cb306ffcfd1045\"},\"breadcrumb\":{\"@id\":\"https:\\\/\\\/super-news.info\\\/de\\\/weindl-leitet-deutschen-markt-absatzwirtschaft\\\/#breadcrumb\"},\"inLanguage\":\"de\",\"potentialAction\":[{\"@type\":\"ReadAction\",\"target\":[\"https:\\\/\\\/super-news.info\\\/de\\\/weindl-leitet-deutschen-markt-absatzwirtschaft\\\/\"]}]},{\"@type\":\"ImageObject\",\"inLanguage\":\"de\",\"@id\":\"https:\\\/\\\/super-news.info\\\/de\\\/weindl-leitet-deutschen-markt-absatzwirtschaft\\\/#primaryimage\",\"url\":\"https:\\\/\\\/super-news.info\\\/de\\\/wp-content\\\/uploads\\\/sites\\\/13\\\/2020\\\/09\\\/1600268057_Weindl-leitet-deutschen-Markt-absatzwirtschaft.jpg\",\"contentUrl\":\"https:\\\/\\\/super-news.info\\\/de\\\/wp-content\\\/uploads\\\/sites\\\/13\\\/2020\\\/09\\\/1600268057_Weindl-leitet-deutschen-Markt-absatzwirtschaft.jpg\",\"width\":630,\"height\":354,\"caption\":\"Weindl leitet deutschen Markt \u203a absatzwirtschaft\"},{\"@type\":\"BreadcrumbList\",\"@id\":\"https:\\\/\\\/super-news.info\\\/de\\\/weindl-leitet-deutschen-markt-absatzwirtschaft\\\/#breadcrumb\",\"itemListElement\":[{\"@type\":\"ListItem\",\"position\":1,\"name\":\"Home\",\"item\":\"https:\\\/\\\/super-news.info\\\/de\\\/\"},{\"@type\":\"ListItem\",\"position\":2,\"name\":\"Weindl leitet deutschen Markt \u203a absatzwirtschaft\"}]},{\"@type\":\"WebSite\",\"@id\":\"https:\\\/\\\/super-news.info\\\/de\\\/#website\",\"url\":\"https:\\\/\\\/super-news.info\\\/de\\\/\",\"name\":\"Super News\",\"description\":\"Super News Germany\",\"potentialAction\":[{\"@type\":\"SearchAction\",\"target\":{\"@type\":\"EntryPoint\",\"urlTemplate\":\"https:\\\/\\\/super-news.info\\\/de\\\/?s={search_term_string}\"},\"query-input\":{\"@type\":\"PropertyValueSpecification\",\"valueRequired\":true,\"valueName\":\"search_term_string\"}}],\"inLanguage\":\"de\"},{\"@type\":\"Person\",\"@id\":\"https:\\\/\\\/super-news.info\\\/de\\\/#\\\/schema\\\/person\\\/2b9ff946d06444e803cb306ffcfd1045\",\"name\":\"super news\",\"image\":{\"@type\":\"ImageObject\",\"inLanguage\":\"de\",\"@id\":\"https:\\\/\\\/secure.gravatar.com\\\/avatar\\\/98e0b303f300d45b2a94684c5e4dda8baa4a5e9710b579f7493c8612061d08bf?s=96&d=mm&r=g\",\"url\":\"https:\\\/\\\/secure.gravatar.com\\\/avatar\\\/98e0b303f300d45b2a94684c5e4dda8baa4a5e9710b579f7493c8612061d08bf?s=96&d=mm&r=g\",\"contentUrl\":\"https:\\\/\\\/secure.gravatar.com\\\/avatar\\\/98e0b303f300d45b2a94684c5e4dda8baa4a5e9710b579f7493c8612061d08bf?s=96&d=mm&r=g\",\"caption\":\"super news\"},\"url\":\"https:\\\/\\\/super-news.info\\\/de\\\/author\\\/manuel\\\/\"}]}<\/script>\n<!-- \/ Yoast SEO plugin. -->","yoast_head_json":{"title":"Weindl leitet deutschen Markt \u203a absatzwirtschaft - Super News","robots":{"index":"index","follow":"follow","max-snippet":"max-snippet:-1","max-image-preview":"max-image-preview:large","max-video-preview":"max-video-preview:-1"},"canonical":"https:\/\/super-news.info\/de\/weindl-leitet-deutschen-markt-absatzwirtschaft\/","og_locale":"de_DE","og_type":"article","og_title":"Weindl leitet deutschen Markt \u203a absatzwirtschaft - Super News","og_description":"Nina Weindl leitet bei Almdudler ab sofort den deutschen Markt.\u00a9 Almdudler Die \u00f6sterreichische Marke Almdudler verst\u00e4rkt erneut ihre Aktivit\u00e4ten f\u00fcr den Hauptexportmarkt Deutschland: Nina Weindl ist ab sofort Teamleiterin f\u00fcr den deutschen Markt. Die 41-J\u00e4hrige unterst\u00fctzt damit Thomas Horak, der seit Juli die Position des Gesamtverkaufsleiters verantwortet. Von Henning Eberhardt Nina Weindl \u00fcbernimmt bei Almdudler [&hellip;]","og_url":"https:\/\/super-news.info\/de\/weindl-leitet-deutschen-markt-absatzwirtschaft\/","og_site_name":"Super News","article_published_time":"2020-09-16T14:54:15+00:00","article_modified_time":"2020-09-21T14:49:48+00:00","og_image":[{"width":630,"height":354,"url":"https:\/\/super-news.info\/de\/wp-content\/uploads\/sites\/13\/2020\/09\/1600268057_Weindl-leitet-deutschen-Markt-absatzwirtschaft.jpg","type":"image\/jpeg"}],"author":"super news","twitter_card":"summary_large_image","twitter_misc":{"Verfasst von":"super news","Gesch\u00e4tzte Lesezeit":"1\u00a0Minute"},"schema":{"@context":"https:\/\/schema.org","@graph":[{"@type":"Article","@id":"https:\/\/super-news.info\/de\/weindl-leitet-deutschen-markt-absatzwirtschaft\/#article","isPartOf":{"@id":"https:\/\/super-news.info\/de\/weindl-leitet-deutschen-markt-absatzwirtschaft\/"},"author":{"name":"super news","@id":"https:\/\/super-news.info\/de\/#\/schema\/person\/2b9ff946d06444e803cb306ffcfd1045"},"headline":"Weindl leitet deutschen Markt \u203a absatzwirtschaft","datePublished":"2020-09-16T14:54:15+00:00","dateModified":"2020-09-21T14:49:48+00:00","mainEntityOfPage":{"@id":"https:\/\/super-news.info\/de\/weindl-leitet-deutschen-markt-absatzwirtschaft\/"},"wordCount":218,"commentCount":0,"image":{"@id":"https:\/\/super-news.info\/de\/weindl-leitet-deutschen-markt-absatzwirtschaft\/#primaryimage"},"thumbnailUrl":"https:\/\/super-news.info\/de\/wp-content\/uploads\/sites\/13\/2020\/09\/1600268057_Weindl-leitet-deutschen-Markt-absatzwirtschaft.jpg","articleSection":["MARKETING NEWS"],"inLanguage":"de","potentialAction":[{"@type":"CommentAction","name":"Comment","target":["https:\/\/super-news.info\/de\/weindl-leitet-deutschen-markt-absatzwirtschaft\/#respond"]}]},{"@type":"WebPage","@id":"https:\/\/super-news.info\/de\/weindl-leitet-deutschen-markt-absatzwirtschaft\/","url":"https:\/\/super-news.info\/de\/weindl-leitet-deutschen-markt-absatzwirtschaft\/","name":"Weindl leitet deutschen Markt \u203a absatzwirtschaft - Super News","isPartOf":{"@id":"https:\/\/super-news.info\/de\/#website"},"primaryImageOfPage":{"@id":"https:\/\/super-news.info\/de\/weindl-leitet-deutschen-markt-absatzwirtschaft\/#primaryimage"},"image":{"@id":"https:\/\/super-news.info\/de\/weindl-leitet-deutschen-markt-absatzwirtschaft\/#primaryimage"},"thumbnailUrl":"https:\/\/super-news.info\/de\/wp-content\/uploads\/sites\/13\/2020\/09\/1600268057_Weindl-leitet-deutschen-Markt-absatzwirtschaft.jpg","datePublished":"2020-09-16T14:54:15+00:00","dateModified":"2020-09-21T14:49:48+00:00","author":{"@id":"https:\/\/super-news.info\/de\/#\/schema\/person\/2b9ff946d06444e803cb306ffcfd1045"},"breadcrumb":{"@id":"https:\/\/super-news.info\/de\/weindl-leitet-deutschen-markt-absatzwirtschaft\/#breadcrumb"},"inLanguage":"de","potentialAction":[{"@type":"ReadAction","target":["https:\/\/super-news.info\/de\/weindl-leitet-deutschen-markt-absatzwirtschaft\/"]}]},{"@type":"ImageObject","inLanguage":"de","@id":"https:\/\/super-news.info\/de\/weindl-leitet-deutschen-markt-absatzwirtschaft\/#primaryimage","url":"https:\/\/super-news.info\/de\/wp-content\/uploads\/sites\/13\/2020\/09\/1600268057_Weindl-leitet-deutschen-Markt-absatzwirtschaft.jpg","contentUrl":"https:\/\/super-news.info\/de\/wp-content\/uploads\/sites\/13\/2020\/09\/1600268057_Weindl-leitet-deutschen-Markt-absatzwirtschaft.jpg","width":630,"height":354,"caption":"Weindl leitet deutschen Markt \u203a absatzwirtschaft"},{"@type":"BreadcrumbList","@id":"https:\/\/super-news.info\/de\/weindl-leitet-deutschen-markt-absatzwirtschaft\/#breadcrumb","itemListElement":[{"@type":"ListItem","position":1,"name":"Home","item":"https:\/\/super-news.info\/de\/"},{"@type":"ListItem","position":2,"name":"Weindl leitet deutschen Markt \u203a absatzwirtschaft"}]},{"@type":"WebSite","@id":"https:\/\/super-news.info\/de\/#website","url":"https:\/\/super-news.info\/de\/","name":"Super News","description":"Super News Germany","potentialAction":[{"@type":"SearchAction","target":{"@type":"EntryPoint","urlTemplate":"https:\/\/super-news.info\/de\/?s={search_term_string}"},"query-input":{"@type":"PropertyValueSpecification","valueRequired":true,"valueName":"search_term_string"}}],"inLanguage":"de"},{"@type":"Person","@id":"https:\/\/super-news.info\/de\/#\/schema\/person\/2b9ff946d06444e803cb306ffcfd1045","name":"super news","image":{"@type":"ImageObject","inLanguage":"de","@id":"https:\/\/secure.gravatar.com\/avatar\/98e0b303f300d45b2a94684c5e4dda8baa4a5e9710b579f7493c8612061d08bf?s=96&d=mm&r=g","url":"https:\/\/secure.gravatar.com\/avatar\/98e0b303f300d45b2a94684c5e4dda8baa4a5e9710b579f7493c8612061d08bf?s=96&d=mm&r=g","contentUrl":"https:\/\/secure.gravatar.com\/avatar\/98e0b303f300d45b2a94684c5e4dda8baa4a5e9710b579f7493c8612061d08bf?s=96&d=mm&r=g","caption":"super news"},"url":"https:\/\/super-news.info\/de\/author\/manuel\/"}]}},"_links":{"self":[{"href":"https:\/\/super-news.info\/de\/wp-json\/wp\/v2\/posts\/202","targetHints":{"allow":["GET"]}}],"collection":[{"href":"https:\/\/super-news.info\/de\/wp-json\/wp\/v2\/posts"}],"about":[{"href":"https:\/\/super-news.info\/de\/wp-json\/wp\/v2\/types\/post"}],"author":[{"embeddable":true,"href":"https:\/\/super-news.info\/de\/wp-json\/wp\/v2\/users\/1"}],"replies":[{"embeddable":true,"href":"https:\/\/super-news.info\/de\/wp-json\/wp\/v2\/comments?post=202"}],"version-history":[{"count":3,"href":"https:\/\/super-news.info\/de\/wp-json\/wp\/v2\/posts\/202\/revisions"}],"predecessor-version":[{"id":218,"href":"https:\/\/super-news.info\/de\/wp-json\/wp\/v2\/posts\/202\/revisions\/218"}],"wp:featuredmedia":[{"embeddable":true,"href":"https:\/\/super-news.info\/de\/wp-json\/wp\/v2\/media\/203"}],"wp:attachment":[{"href":"https:\/\/super-news.info\/de\/wp-json\/wp\/v2\/media?parent=202"}],"wp:term":[{"taxonomy":"category","embeddable":true,"href":"https:\/\/super-news.info\/de\/wp-json\/wp\/v2\/categories?post=202"},{"taxonomy":"post_tag","embeddable":true,"href":"https:\/\/super-news.info\/de\/wp-json\/wp\/v2\/tags?post=202"}],"curies":[{"name":"wp","href":"https:\/\/api.w.org\/{rel}","templated":true}]}}