{"id":1936,"date":"2021-07-03T16:09:43","date_gmt":"2021-07-03T16:09:43","guid":{"rendered":"https:\/\/super-news.info\/de\/news-heute-tokio-kurz-vor-olympia-besorgt-ueber-steigende-infektionen\/"},"modified":"2021-07-03T16:09:45","modified_gmt":"2021-07-03T16:09:45","slug":"news-heute-tokio-kurz-vor-olympia-besorgt-ueber-steigende-infektionen","status":"publish","type":"post","link":"https:\/\/super-news.info\/de\/news-heute-tokio-kurz-vor-olympia-besorgt-ueber-steigende-infektionen\/","title":{"rendered":"News heute: Tokio kurz vor Olympia besorgt \u00fcber steigende Infektionen"},"content":{"rendered":"<p> Die News am Wochenende im stern-Ticker.<\/p>\n<p> Die News am Wochenende im stern-Ticker:\u00a0<br \/>\n 17.48 Uhr:\u00a0300 Besch\u00e4ftigte des italienischen Gesundheitswesens klagen gegen Impfpflicht<\/p>\n<p> 300 Besch\u00e4ftigte des italienischen Gesundheitswesens gehen Medienberichten zufolge gerichtlich gegen die Impfpflicht f\u00fcr medizinisches Personal vor. &#8222;Dies ist kein Kampf von Impfgegnern, sondern ein demokratischer Kampf&#8220;, sagte der Anwalt Daniele Granara der Zeitung &#8222;Il Giornale di Brescia&#8220;. Die Klage wurde von Pflegerinnen und Pflegern in Norditalien eingereicht, f\u00fcr den 14. Juli wurde eine Anh\u00f6rung angesetzt.\u00a0                <\/p>\n<p> &#8222;Wir zwingen Leute, ein Risiko einzugehen unter der Androhung, dass sie ihren Beruf nicht l\u00e4nger aus\u00fcben d\u00fcrfen&#8220;, sagte Granara, der die Klage mit initiierte. Er vertritt zudem Dutzende Pfleger, die vom Dienst suspendiert wurden, weil sie eine Impfung ablehnten.<br \/>\n 17.25 Uhr:\u00a0Sechs Menschen nach Abgang einer Schlammlawine in Japan gerettet<\/p>\n<p> Nach dem Abgang einer gewaltigen Schlammlawine in Japan sind am Samstag sechs Menschen gerettet worden. Sie bef\u00e4nden sich nicht in Lebensgefahr, berichtete der japanische Fernsehsender TBS in der Nacht. Mindestens zwei Frauen kamen bei dem Ungl\u00fcck in dem f\u00fcr seine hei\u00dfen Onsen-B\u00e4der bekannten K\u00fcstenort Atami ums Leben. Mehrere Menschen wurden noch vermisst. Die Rettungs- und Bergungsarbeiten wurden durch die widrigen Wetterumst\u00e4nde erschwert. Die Lawine war durch heftige Regenf\u00e4lle ausgel\u00f6st worden. Zehn H\u00e4user wurden v\u00f6llig zerst\u00f6rt, bis zu 300 weitere besch\u00e4digt. Auch in anderen Teilen des Landes verursachten heftige Regenf\u00e4lle Sch\u00e4den.      <\/p>\n<p> Japan<\/p>\n<p> Heftiger Regen l\u00f6st \u00dcberschwemmungen und Erdrutsche aus \u2013 zwanzig Vermisste <\/p>\n<p> Video00:30<\/p>\n<p> Vor 1 Stunde<\/p>\n<p> 17.15 Uhr:\u00a0Auto st\u00f6\u00dft mit Motorr\u00e4dern zusammen &#8211; zwei Tote und drei Verletzte<\/p>\n<p> Bei einem schweren Unfall in Th\u00fcringen sind zwei Motorradfahrer get\u00f6tet und drei weitere Menschen verletzt worden. Wie die Polizei mitteilte, \u00fcberholte ein Autofahrer auf der Stra\u00dfe zwischen Dreiherrenstein und Neustadt am Rennsteig Motorr\u00e4der. Beim Einordnen geriet der 40-J\u00e4hrige mit seinem Wagen auf den unbefestigten Seitenstreifen. In der Folge brach das Auto aus, schleuderte in den Gegenverkehr und stie\u00df dort mit zwei entgegenkommenden Motorr\u00e4dern zusammen. Dabei seien das Auto und zwei Maschinen ausgebrannt, hie\u00df es. Die beiden Motorradfahrer kamen ums Leben. Der Unfallverursacher erlitt leichte Verletzungen. Zudem wurden noch zwei weitere Kradfahrer verletzt.<br \/>\n 17.00 Uhr:\u00a0Fast 50 Migranten im \u00c4rmelkanal aus Seenot gerettet<\/p>\n<p> Bei mehreren Eins\u00e4tzen an der franz\u00f6sischen \u00c4rmelkanal-K\u00fcste sind zusammen 47 Migranten aus kleinen Booten gerettet worden. Wie die zust\u00e4ndige Meerespr\u00e4fektur in einer Erkl\u00e4rung mitteilte, gab es keine Verletzten. Immer wieder versuchen Menschen, mit kleinen Booten von Frankreich aus nach Gro\u00dfbritannien zu gelangen. Der \u00c4rmelkanal gilt unter anderem wegen niedriger Wassertemperaturen als gef\u00e4hrlich. Erst am Freitag hatten franz\u00f6sische Retter 111 Migranten aus Seenot in Sicherheit gebracht.                <\/p>\n<p> 16.31 Uhr:\u00a0Gleitschirmflieger wird bei Sturz auf Bundesstra\u00dfe schwer verletzt<\/p>\n<p> Ein Gleitschirmflieger ist im rheinland-pf\u00e4lzischen Ediger-Eller aus rund zehn Metern H\u00f6he auf die Bundesstra\u00dfe 49 gest\u00fcrzt und schwer verletzt worden. Wie die Polizei mitteilte, war vermutlich ein Str\u00f6mungsabriss im Landeanflug die Ursache f\u00fcr das Ungl\u00fcck. Der 59 Jahre alte Mann aus dem Hunsr\u00fcck zog sich diverse Frakturen zu und wurde in ein Krankenhaus geflogen. Lebensgefahr bestand nach Angaben der Polizei zun\u00e4chst nicht.<br \/>\n 16.18 Uhr:\u00a0Aktivisten: Sieben Kinder bei Artillerieangriffen der syrischen Armee get\u00f6tet<\/p>\n<p> Bei Artillerieangriffen der syrischen Armee sind nach Angaben von Aktivisten im Nordwesten des Landes mindestens neun Zivilisten get\u00f6tet worden. Unter den Opfern seien sieben Kinder,\u00a0teilte die in Gro\u00dfbritannien ans\u00e4ssige\u00a0Syrische Beobachtungsstelle f\u00fcr Menschenrechte mit. Rund 15 weitere Menschen seien bei den Angriffen in den von Dschihadisten kontrollierten Gebieten in der Provinz Idlib verletzt worden. Zuvor war die Zahl der Toten noch mit acht angegeben worden.<br \/>\n 16.17 Uhr:\u00a0EU hofft auf Aus f\u00fcr die Todesstrafe in den USA<\/p>\n<p> Die Europ\u00e4ische Union begr\u00fc\u00dft die Entscheidung der US-Regierung, Hinrichtungen auf Bundesebene auszusetzen. &#8222;Dies ist ein erfolgversprechender erster Schritt&#8220;, teilte ein Sprecher des EU-Au\u00dfenbeauftragten Josep Borrell mit. Man hoffe, dass er zu einem endg\u00fcltigen Ende der Praxis auf Bundesebene f\u00fchre und den Weg f\u00fcr die fl\u00e4chendeckende Abschaffung der Todesstrafe in den ganzen USA ebne. &#8222;Die Europ\u00e4ische Union lehnt die Todesstrafe jederzeit und unter allen Umst\u00e4nden entschieden ab&#8220;, sagte der Sprecher weiter. Es handele sich um eine grausame und unmenschliche Bestrafung, die keine Abschreckung darstelle und die menschliche W\u00fcrde und Unantastbarkeit auf inakzeptable Weise verleugne.                <\/p>\n<p> 15.44 Uhr:\u00a0Mindestens zehn Tote bei Selbstmordanschlag in Mogadischu<\/p>\n<p> Bei einem Selbstmordanschlag in Somalias Hauptstadt Mogadischu sind mindestens zehn Menschen get\u00f6tet worden. Dutzende weitere wurden bei dem von einem T\u00e4ter mit Sprengstoffweste ver\u00fcbten Angriff am Freitagabend auf ein gut besuchtes Teehaus verletzt, wie das Informationsministerium mitteilte. Das Lokal liegt nur wenige hundert Meter vom Hauptquartier des somalischen Geheimdienstes entfernt und wird oft von somalischen Sicherheitskr\u00e4ften besucht. Zu dem Anschlag bekannte sich die islamistische Al-Schabaab-Miliz. Nach ihren Angaben gab es dabei 15 Tote und 22 Verletzte. Das Informationsministerium machte ebenfalls die Al-Schabaab-Miliz f\u00fcr den Anschlag verantwortlich.\u00a0<br \/>\n 15.33 Uhr:\u00a0Tausende Menschen k\u00e4mpfen gegen heftige Waldbr\u00e4nde in Russland<\/p>\n<p> Tausende Menschen k\u00e4mpfen in Russland gegen heftige Wald- und Fl\u00e4chenbr\u00e4nde mit Schwerpunkt im Osten Sibiriens. Allein in der russischen Teilrepublik Jakutien (Sacha) gebe es 196 Feuer in den W\u00e4ldern, dort sei eine Fl\u00e4che von 288 460 Hektar betroffen, teilten die Beh\u00f6rden mit. Das ist mehr als die Gr\u00f6\u00dfe Luxemburgs. In der d\u00fcnn besiedelten Region gilt der Ausnahmezustand. Die Umweltschutzorganisation Greenpeace schickte freiwillige Helfer in das Gebiet \u2013 auch zum Schutz des Nationalparks mit den ber\u00fchmten Lenafelsen, der seit 2012 zum Welterbe der Unesco geh\u00f6rt. In der schwer zug\u00e4nglichen Region sei die Lage in diesem Jahr besonders schlimm, hie\u00df es.                <\/p>\n<p> Folge der extremen Hitze<\/p>\n<p> &#8222;90 Prozent verbrannt&#8220;: Feuerwalze zerst\u00f6rt kanadischen Ort Lytton \u2013 die Katastrophe in Bildern <\/p>\n<p> 10<br \/>\n Bilder  <\/p>\n<p> 02.07.2021<\/p>\n<p> 14.38 Uhr:\u00a0Bootsungl\u00fcck: Mehr als 40 Migranten vor K\u00fcste Tunesiens vermisst<\/p>\n<p> Nach einem Bootsungl\u00fcck vor der K\u00fcste Tunesiens werden 43 Migranten vermisst. Ihr Boot sei bei der versuchten \u00dcberfahrt aus Libyen in Richtung Europa gesunken, sagte ein Sprecher des tunesischen Roten Halbmonds. 84 Menschen seien bei einem seit Freitag laufenden Einsatz gerettet worden. Diese stammten aus dem Sudan, Eritrea und Bangladesch und seien zum Hafen der tunesischen Stadt Zarzis gebracht worden. Die Unterk\u00fcnfte f\u00fcr Migranten in Tunesien seien \u00fcberf\u00fcllt, sagte der Sprecher.                <\/p>\n<p> 14.21 Uhr:\u00a0Tokio kurz vor Olympia besorgt \u00fcber steigende Infektionen<\/p>\n<p> Drei Wochen vor Beginn der Olympischen Spiele in Tokio bereitet die Infektionslage in der Hauptstadt den Beh\u00f6rden weiter Kopfschmerzen. Am Samstag wurden innerhalb von 24 Stunden 716 Neuinfektionen gemeldet und damit erstmals seit drei Tagen wieder mehr als 700 F\u00e4lle. Das sind zugleich 182 F\u00e4lle mehr als am Samstag vergangener Woche. Damit liegt die Zahl der Neuinfektionen seit nunmehr 14 Tagen jeweils \u00fcber dem Wert des gleichen Tages der Vorwoche. Die Zahl der Infektionen steige derzeit weiter ziemlich an, wurde ein Mitarbeiter der Stadtverwaltung vom Sender NHK zitiert. Die meisten Neuinfektionen gab es demnach unter Menschen in ihren 20ern.<br \/>\n 14.15 Uhr:\u00a0Stromausf\u00e4lle w\u00e4hrend Hitzewelle im Irak \u2013\u00a0bis zu 50 Grad Celsius<\/p>\n<p> Der Irak wird von einer extremen Hitzewelle erfasst, w\u00e4hrend der wiederholte Stromausf\u00e4lle das hei\u00dfe Wetter f\u00fcr viele Menschen noch unertr\u00e4glicher machen. In mehreren Teilen des Landes stiegen die Temperaturen in den vergangenen Tagen auf mehr als 50 Grad Celsius. Am Freitag kamen Stromausf\u00e4lle in Bagdad und weiteren Teilen des Landes hinzu, weshalb h\u00e4ufig auch Klimaanlagen und Wasserpumpen ausfielen. Am Samstag kam es deshalb laut Augenzeugen zu mehreren Protesten etwa nord\u00f6stlich von Bagdad sowie in Nasirija im S\u00fcden. Die Demonstranten fordern von der Regierung, die Krise rasch zu l\u00f6sen.                <\/p>\n<p> 13.50 Uhr:\u00a0Indonesien verh\u00e4ngt Teil-Lockdown im Kampf gegen Anstieg der Corona-Fallzahlen<\/p>\n<p> In Indonesien sind wegen eines alarmierenden Anstiegs der Corona-Neuinfektionen neue Beschr\u00e4nkungen in Kraft getreten. Seit Samstag gilt in der Hauptstadt Jakarta, auf der Hauptinsel Java und auf der Urlaubsinsel Bali ein Teil-Lockdown. Schulen, Moscheen, Restaurants und Einkaufszentren m\u00fcssen geschlossen bleiben. Der Unterricht f\u00fcr Sch\u00fcler findet vorerst nur noch online statt. Unternehmen wurden aufgerufen, ihre Mitarbeiter ins Homeoffice zu schicken.                <\/p>\n<p> Auch der \u00f6ffentliche Nahverkehr wurde eingeschr\u00e4nkt. Inlandsreisen per Bus, Bahn oder Flugzeug sind nur jenen erlaubt, die mindestens eine Impfdosis erhalten haben.\u00a0Die Zahl der Corona-Neuinfektionen in Indonesien hatte sich zuletzt in weniger als einem Montag vervierfacht. Am Freitag wurden mit mehr als 25.000 Ansteckungen und 539 Todesf\u00e4llen binnen 24 Stunden neue H\u00f6chstwerte verzeichnet.\u00a0<br \/>\n 13.40 Uhr:\u00a0Beh\u00f6rden in Italien setzen Schiff von \u00c4rzte ohne Grenzen fest<\/p>\n<p> Die Beh\u00f6rden auf Sizilien haben das Seenotretterschiff &#8222;Geo Barents&#8220; der Organisation \u00c4rzte ohne Grenzen festgesetzt. Am Freitag h\u00e4tten Kontrolleure in der Hafenstadt Augusta das Schiff \u00fcber mehrere Stunden inspiziert, teilte \u00c4rzte ohne Grenzen mit. Die &#8222;Geo Barents&#8220; werde nun wegen M\u00e4ngeln festgehalten. \u00c4rzte ohne Grenzen sieht nach eigenen Angaben hinter den Kontrollen das Ziel der Beh\u00f6rden, gegen Schiffe von privaten Hilfsorganisationen diskriminierend vorzugehen.                <\/p>\n<p> Immer wieder halten die italienischen Beh\u00f6rden Schiffe der privaten Seenotretter fest. Betroffen sind derzeit die &#8222;Sea-Eye 4&#8220; und die &#8222;Sea-Watch 4&#8220;. Die zuletzt festgesetzte &#8222;Sea-Watch 3&#8220; bekam nach Angaben einer Sea-Watch-Sprecherin die Genehmigung, in ihren spanischen Heimathafen Burriana zu fahren, um M\u00e4ngel zu beheben. Oft beanstanden die Beh\u00f6rden ihre Ausr\u00fcstung oder dass sie f\u00fcr ihre Eins\u00e4tze in der falschen Klasse kategorisiert sind.                <\/p>\n<p> 13.16 Uhr:\u00a0Fr\u00fcherer EU-Ratspr\u00e4sident Tusk wird Oppositionsf\u00fchrer in Polen<\/p>\n<p> Der fr\u00fchere EU-Ratspr\u00e4sident Donald Tusk hat in Polen vorl\u00e4ufig die Leitung der oppositionellen B\u00fcrgerplattform (PO) \u00fcbernommen. In einem Votum des PO-Nationalrats wurde Tusk zum kommissarischen Nachfolger des zur\u00fcckgetretenen Parteichef Borys Budka bestimmt, wie ein Parteisprecher mitteilte. Im weiteren Verlauf des Jahres soll dann die neue Parteif\u00fchrung in einer umfassenderen Abstimmung gek\u00fcrt werden.                <\/p>\n<p> &#8222;Ich bin zu 100 Prozent zur\u00fcck&#8220;, sagte Tusk vor klatschenden Parteimitgliedern. Der 64-j\u00e4hrige Tusk ist derzeit Vorsitzender der Europ\u00e4ischen Volkspartei (EVP). Er hatte die liberale PO vor zwei Jahrzehnten mitbegr\u00fcndet und war von 2007 bis 2014 polnischer Ministerpr\u00e4sident.<br \/>\n 12.51 Uhr:\u00a0Wetterdienst warnt vor Gewittern und Starkregen am Sonntag<\/p>\n<p> Am Sonntag m\u00fcssen sich die Menschen in weiten Teilen von Deutschland auf teils heftige Gewitter mit Starkregen einstellen. Der Deutsche Wetterdienst in Offenbach warnte vor \u00f6rtlichen \u00dcberflutungen. Tags\u00fcber treffe es zun\u00e4chst den Westen, bis zum Sonntagabend weiteten sich Schauer und Gewitter auf den S\u00fcden und Teile der Mitte aus. \u00d6stlich der Elbe bleibt es den Voraussagen zufolge trocken.                <\/p>\n<p> In der Osth\u00e4lfte von Deutschland erwarten die Meteorologen f\u00fcr Sonntag Spitzenwerte bei der Temperatur zwischen 25 und 29 Grad. Im Westen w\u00fcrden 20 bis 25 Grad erreicht. Zum Wochenstart am Montag verschieben sich Schauer und Gewitter laut Wetterdienst zunehmend in den Nordosten. In den \u00fcbrigen Landesteilen beruhige sich das Wetter dagegen vorerst bei nur noch einzelnen Schauern und einem Mix aus Sonne und Wolken. Die Temperaturen erreichen 24 Grad bis 27 Grad.<br \/>\n 11.24 Uhr:\u00a0\u00c4rzte warnen vor Aufhebung von Corona-Ma\u00dfnahmen in England Mitte Juli<\/p>\n<p> Wegen der rapiden Ausbreitung der Delta-Variante haben Mediziner vor einer baldigen Aufhebung aller Corona-Ma\u00dfnahmen in England gewarnt. &#8222;Da die Fallzahlen wegen der hohen Ansteckungsrate der Delta-Variante weiterhin alarmierend ansteigen und mehr Menschen sich treffen, macht es keinen Sinn, die Beschr\u00e4nkungen in etwas mehr als zwei Wochen vollst\u00e4ndig aufzuheben&#8220;, sagte Chaand Nagpaul von der British Medical Association dem Sender BBC.                <\/p>\n<p> 8.56 Uhr: Gewaltige Schlammlawine zerst\u00f6rt H\u00e4user in Japan &#8211; Mehrere Vermisste<\/p>\n<p> Eine enorme Schlammlawine infolge sintflutartiger Regenf\u00e4lle hat in Japan mehrere Wohnh\u00e4user mit sich gerissen. Das Schicksal von rund 20 Menschen war zun\u00e4chst ungewiss, wie \u00f6rtliche Medien am Samstag aus dem f\u00fcr seine hei\u00dfen Onsen-B\u00e4der ber\u00fchmten K\u00fcstenort Atami in der s\u00fcdwestlich von Tokio gelegenen Pr\u00e4fektur Shizuoka berichteten. Rettungskr\u00e4fte suchten nach den Vermissten. Die Beh\u00f6rden gaben die h\u00f6chste Warnstufe aus und riefen rund 25.000 Haushalte auf, sich in Sicherheit zu bringen. Das Milit\u00e4r wurde um Unterst\u00fctzung gebeten. Die Regierung richtete einen Krisenstab ein.<br \/>\n 7.00 Uhr: Intensivmediziner: Nicht mehr nur auf Inzidenz schauen<\/p>\n<p> Intensivmediziner sprechen sich daf\u00fcr aus, bei der Pandemiebek\u00e4mpfung nicht mehr ausschlie\u00dflich die Inzidenzwerte in den Fokus zu stellen. &#8222;Mit steigender Impfquote ist der Inzidenzwert alleine weniger aussagekr\u00e4ftig, um die potenzielle Gefahr f\u00fcr das Gesundheitssystem messen zu k\u00f6nnen&#8220;, sagte der Pr\u00e4sident der Deutschen Gesellschaft f\u00fcr Internistische Intensivmedizin und Notfallmedizin (DGIIN), Christian Karagiannidis, der &#8222;Rheinischen Post&#8220;. &#8222;Wir rechnen damit, dass die Inzidenzwerte im Herbst, wie in England aktuell schon der Fall, st\u00e4rker steigen werden als die Zahl der Intensivpatienten&#8220;, so der Intensivmediziner.                <\/p>\n<p> 5.21\u00a0Uhr: RKI meldet niedrigste Corona-Inzidenz seit einem Jahr<\/p>\n<p> Erstmals seit rund elf Monaten ist die Corona-Inzidenz unter 5 gefallen. Das Robert Koch-Institut (RKI) gab den bundesweiten Wert am Morgen mit 4,9 an (Vortag 5,0; Vorwoche 5,9). Zuletzt hatte der Wert am 30. Juli 2020 mit 4,8 unter der 5er-Schwelle gelegen. Die Gesundheits\u00e4mter in Deutschland meldeten zudem binnen eines Tages 671 Corona-Neuinfektionen, wie aus Zahlen vom Morgen hervorgeht, die den Stand des RKI-Dashboards von 05.01 Uhr wiedergeben. Zum Vergleich: Vor einer Woche waren 592 Ansteckungen registriert worden. Deutschlandweit wurden nach diesen Angaben binnen 24 Stunden 16 Todesf\u00e4lle verzeichnet. Vor einer Woche waren es 68 Tote gewesen.<br \/>\n 2.28\u00a0Uhr: Baerbock fordert nach Plagiatsvorw\u00fcrfen mehr Fairness im Bundestagswahlkampf<\/p>\n<p> Gr\u00fcnen-Kanzlerkandidatin Annalena Baerbock hat nach den Plagiatsvorw\u00fcrfen gegen sie mehr Fairness im Bundestagswahlkampf gefordert. Es gebe &#8222;Beharrungskr\u00e4fte, die Ver\u00e4nderung verhindern und sachliche Debatten \u00fcber die besten Ideen f\u00fcr unser Land \u00fcberdecken wollen&#8220;, sagte Baerbock den Zeitungen der Funke Mediengruppe\u00a0und der franz\u00f6sischen Zeitung &#8222;Ouest-France&#8220;. &#8222;Ich finde es wichtig, dass demokratische Parteien in Respekt und Anstand miteinander diskutieren &#8211; vor allem \u00fcber die gro\u00dfen Zukunftsfragen.&#8220;                <\/p>\n<p> 0.05\u00a0Uhr: Haus\u00e4rzte: Gro\u00dfer Mehraufwand wegen Stiko-Empfehlung zu Astrazeneca<\/p>\n<p> Die Haus\u00e4rzte beklagen, dass die neue Empfehlung der St\u00e4ndigen Impfkommission (Stiko) zur Kreuzimpfung mit Astrazeneca sie vor enorme Herausforderungen stellt. &#8222;Patientinnen und Patienten sind verunsichert, erfragen, welchen Impfstoff sie nun bei der Zweitimpfung erhalten werden und wollen auch ihren Termin entsprechend vorziehen. F\u00fcr sie macht es nat\u00fcrlich &#8211; gerade mit Blick auf die anstehenden Sommerferien &#8211; einen gro\u00dfen Unterschied, ob sie neun bis zw\u00f6lf Wochen auf ihre Zweitimpfung warten oder nur vier&#8220;, sagte der Bundesvorsitzende des Deutschen Haus\u00e4rzteverbands, Ulrich Weigeldt, dem RedaktionsNetzwerk Deutschland (RND). Die Anpassung der Empfehlung habe bereits am ersten Tag in vielen Praxen f\u00fcr einen &#8222;enormen Mehraufwand&#8220; gesorgt.<br \/>\n 0.01 Uhr: Erster Atlantik-Hurrikan der Saison fegt durch Karibik<\/p>\n<p> Der erste Atlantik-Hurrikan des Jahres hat in Teilen der Karibik Zerst\u00f6rung verursacht. Auf Barbados lie\u00df der Sturm &#8222;Elsa&#8220; am Freitag B\u00e4ume und Strommasten umst\u00fcrzen, wie die Katastrophenschutzbeh\u00f6rde DEM mitteilte. Nach Angaben des Innenministeriums kam es zu Stromausf\u00e4llen. Die Wasserversorgung f\u00fcr einen gro\u00dfen Teil der Insel sei zum Schutz der Ausr\u00fcstung vorsorglich unterbrochen worden. Am internationalen Flughafen Grantley Adams wurde vor\u00fcbergehend der Betrieb eingestellt. Nach Medienberichten handelte es sich um den ersten Sturm seit mehr als 60 Jahren, der Barbados mit Hurrikan-St\u00e4rke traf.<br \/>\n DPA<br \/>\n AFP<\/p>\n<p> #Themen<\/p>\n<p>\n<!--noindex--><br \/>\n<a href=\"https:\/\/www.stern.de\/panorama\/weltgeschehen\/news-heute--tokio-kurz-vor-olympia-besorgt-ueber-steigende-infektionen-30600144.html?utm_campaign=alle&#038;utm_medium=rss-feed&#038;utm_source=standard\" rel=\"nofollow\">Source link <\/a><br \/>\n<!--\/noindex--><\/p>\n","protected":false},"excerpt":{"rendered":"<p>Die News am Wochenende im stern-Ticker. Die News am Wochenende im stern-Ticker:\u00a0 17.48 Uhr:\u00a0300 Besch\u00e4ftigte des italienischen Gesundheitswesens klagen gegen Impfpflicht 300 Besch\u00e4ftigte des italienischen Gesundheitswesens gehen Medienberichten zufolge gerichtlich gegen die Impfpflicht f\u00fcr medizinisches Personal vor. &#8222;Dies ist kein Kampf von Impfgegnern, sondern ein demokratischer Kampf&#8220;, sagte der Anwalt Daniele Granara der Zeitung &#8222;Il [&hellip;]<\/p>\n","protected":false},"author":1,"featured_media":1937,"comment_status":"open","ping_status":"open","sticky":false,"template":"","format":"standard","meta":{"footnotes":""},"categories":[1],"tags":[],"class_list":["post-1936","post","type-post","status-publish","format-standard","has-post-thumbnail","hentry","category-neuigkeiten"],"yoast_head":"<!-- This site is optimized with the Yoast SEO plugin v27.4 - https:\/\/yoast.com\/product\/yoast-seo-wordpress\/ -->\n<title>News heute: Tokio kurz vor Olympia besorgt \u00fcber steigende Infektionen - Super News<\/title>\n<meta name=\"robots\" content=\"index, follow, max-snippet:-1, max-image-preview:large, max-video-preview:-1\" \/>\n<link rel=\"canonical\" href=\"https:\/\/super-news.info\/de\/news-heute-tokio-kurz-vor-olympia-besorgt-ueber-steigende-infektionen\/\" \/>\n<meta property=\"og:locale\" content=\"de_DE\" \/>\n<meta property=\"og:type\" content=\"article\" \/>\n<meta property=\"og:title\" content=\"News heute: Tokio kurz vor Olympia besorgt \u00fcber steigende Infektionen - Super News\" \/>\n<meta property=\"og:description\" content=\"Die News am Wochenende im stern-Ticker. Die News am Wochenende im stern-Ticker:\u00a0 17.48 Uhr:\u00a0300 Besch\u00e4ftigte des italienischen Gesundheitswesens klagen gegen Impfpflicht 300 Besch\u00e4ftigte des italienischen Gesundheitswesens gehen Medienberichten zufolge gerichtlich gegen die Impfpflicht f\u00fcr medizinisches Personal vor. &#8222;Dies ist kein Kampf von Impfgegnern, sondern ein demokratischer Kampf&#8220;, sagte der Anwalt Daniele Granara der Zeitung &#8222;Il [&hellip;]\" \/>\n<meta property=\"og:url\" content=\"https:\/\/super-news.info\/de\/news-heute-tokio-kurz-vor-olympia-besorgt-ueber-steigende-infektionen\/\" \/>\n<meta property=\"og:site_name\" content=\"Super News\" \/>\n<meta property=\"article:published_time\" content=\"2021-07-03T16:09:43+00:00\" \/>\n<meta property=\"article:modified_time\" content=\"2021-07-03T16:09:45+00:00\" \/>\n<meta property=\"og:image\" content=\"https:\/\/super-news.info\/de\/wp-content\/uploads\/sites\/13\/2021\/07\/News-heute-Tokio-kurz-vor-Olympia-besorgt-ueber-steigende-Infektionen.jpg\" \/>\n\t<meta property=\"og:image:width\" content=\"1440\" \/>\n\t<meta property=\"og:image:height\" content=\"810\" \/>\n\t<meta property=\"og:image:type\" content=\"image\/jpeg\" \/>\n<meta name=\"author\" content=\"super news\" \/>\n<meta name=\"twitter:card\" content=\"summary_large_image\" \/>\n<meta name=\"twitter:label1\" content=\"Verfasst von\" \/>\n\t<meta name=\"twitter:data1\" content=\"super news\" \/>\n\t<meta name=\"twitter:label2\" content=\"Gesch\u00e4tzte Lesezeit\" \/>\n\t<meta name=\"twitter:data2\" content=\"12\u00a0Minuten\" \/>\n<script type=\"application\/ld+json\" class=\"yoast-schema-graph\">{\"@context\":\"https:\\\/\\\/schema.org\",\"@graph\":[{\"@type\":\"Article\",\"@id\":\"https:\\\/\\\/super-news.info\\\/de\\\/news-heute-tokio-kurz-vor-olympia-besorgt-ueber-steigende-infektionen\\\/#article\",\"isPartOf\":{\"@id\":\"https:\\\/\\\/super-news.info\\\/de\\\/news-heute-tokio-kurz-vor-olympia-besorgt-ueber-steigende-infektionen\\\/\"},\"author\":{\"name\":\"super news\",\"@id\":\"https:\\\/\\\/super-news.info\\\/de\\\/#\\\/schema\\\/person\\\/2b9ff946d06444e803cb306ffcfd1045\"},\"headline\":\"News heute: Tokio kurz vor Olympia besorgt \u00fcber steigende Infektionen\",\"datePublished\":\"2021-07-03T16:09:43+00:00\",\"dateModified\":\"2021-07-03T16:09:45+00:00\",\"mainEntityOfPage\":{\"@id\":\"https:\\\/\\\/super-news.info\\\/de\\\/news-heute-tokio-kurz-vor-olympia-besorgt-ueber-steigende-infektionen\\\/\"},\"wordCount\":2451,\"commentCount\":0,\"image\":{\"@id\":\"https:\\\/\\\/super-news.info\\\/de\\\/news-heute-tokio-kurz-vor-olympia-besorgt-ueber-steigende-infektionen\\\/#primaryimage\"},\"thumbnailUrl\":\"https:\\\/\\\/super-news.info\\\/de\\\/wp-content\\\/uploads\\\/sites\\\/13\\\/2021\\\/07\\\/News-heute-Tokio-kurz-vor-Olympia-besorgt-ueber-steigende-Infektionen.jpg\",\"articleSection\":[\"NEUIGKEITEN\"],\"inLanguage\":\"de\",\"potentialAction\":[{\"@type\":\"CommentAction\",\"name\":\"Comment\",\"target\":[\"https:\\\/\\\/super-news.info\\\/de\\\/news-heute-tokio-kurz-vor-olympia-besorgt-ueber-steigende-infektionen\\\/#respond\"]}]},{\"@type\":\"WebPage\",\"@id\":\"https:\\\/\\\/super-news.info\\\/de\\\/news-heute-tokio-kurz-vor-olympia-besorgt-ueber-steigende-infektionen\\\/\",\"url\":\"https:\\\/\\\/super-news.info\\\/de\\\/news-heute-tokio-kurz-vor-olympia-besorgt-ueber-steigende-infektionen\\\/\",\"name\":\"News heute: Tokio kurz vor Olympia besorgt \u00fcber steigende Infektionen - Super News\",\"isPartOf\":{\"@id\":\"https:\\\/\\\/super-news.info\\\/de\\\/#website\"},\"primaryImageOfPage\":{\"@id\":\"https:\\\/\\\/super-news.info\\\/de\\\/news-heute-tokio-kurz-vor-olympia-besorgt-ueber-steigende-infektionen\\\/#primaryimage\"},\"image\":{\"@id\":\"https:\\\/\\\/super-news.info\\\/de\\\/news-heute-tokio-kurz-vor-olympia-besorgt-ueber-steigende-infektionen\\\/#primaryimage\"},\"thumbnailUrl\":\"https:\\\/\\\/super-news.info\\\/de\\\/wp-content\\\/uploads\\\/sites\\\/13\\\/2021\\\/07\\\/News-heute-Tokio-kurz-vor-Olympia-besorgt-ueber-steigende-Infektionen.jpg\",\"datePublished\":\"2021-07-03T16:09:43+00:00\",\"dateModified\":\"2021-07-03T16:09:45+00:00\",\"author\":{\"@id\":\"https:\\\/\\\/super-news.info\\\/de\\\/#\\\/schema\\\/person\\\/2b9ff946d06444e803cb306ffcfd1045\"},\"breadcrumb\":{\"@id\":\"https:\\\/\\\/super-news.info\\\/de\\\/news-heute-tokio-kurz-vor-olympia-besorgt-ueber-steigende-infektionen\\\/#breadcrumb\"},\"inLanguage\":\"de\",\"potentialAction\":[{\"@type\":\"ReadAction\",\"target\":[\"https:\\\/\\\/super-news.info\\\/de\\\/news-heute-tokio-kurz-vor-olympia-besorgt-ueber-steigende-infektionen\\\/\"]}]},{\"@type\":\"ImageObject\",\"inLanguage\":\"de\",\"@id\":\"https:\\\/\\\/super-news.info\\\/de\\\/news-heute-tokio-kurz-vor-olympia-besorgt-ueber-steigende-infektionen\\\/#primaryimage\",\"url\":\"https:\\\/\\\/super-news.info\\\/de\\\/wp-content\\\/uploads\\\/sites\\\/13\\\/2021\\\/07\\\/News-heute-Tokio-kurz-vor-Olympia-besorgt-ueber-steigende-Infektionen.jpg\",\"contentUrl\":\"https:\\\/\\\/super-news.info\\\/de\\\/wp-content\\\/uploads\\\/sites\\\/13\\\/2021\\\/07\\\/News-heute-Tokio-kurz-vor-Olympia-besorgt-ueber-steigende-Infektionen.jpg\",\"width\":1440,\"height\":810,\"caption\":\"News heute: Tokio kurz vor Olympia besorgt \u00fcber steigende Infektionen\"},{\"@type\":\"BreadcrumbList\",\"@id\":\"https:\\\/\\\/super-news.info\\\/de\\\/news-heute-tokio-kurz-vor-olympia-besorgt-ueber-steigende-infektionen\\\/#breadcrumb\",\"itemListElement\":[{\"@type\":\"ListItem\",\"position\":1,\"name\":\"Home\",\"item\":\"https:\\\/\\\/super-news.info\\\/de\\\/\"},{\"@type\":\"ListItem\",\"position\":2,\"name\":\"News heute: Tokio kurz vor Olympia besorgt \u00fcber steigende Infektionen\"}]},{\"@type\":\"WebSite\",\"@id\":\"https:\\\/\\\/super-news.info\\\/de\\\/#website\",\"url\":\"https:\\\/\\\/super-news.info\\\/de\\\/\",\"name\":\"Super News\",\"description\":\"Super News Germany\",\"potentialAction\":[{\"@type\":\"SearchAction\",\"target\":{\"@type\":\"EntryPoint\",\"urlTemplate\":\"https:\\\/\\\/super-news.info\\\/de\\\/?s={search_term_string}\"},\"query-input\":{\"@type\":\"PropertyValueSpecification\",\"valueRequired\":true,\"valueName\":\"search_term_string\"}}],\"inLanguage\":\"de\"},{\"@type\":\"Person\",\"@id\":\"https:\\\/\\\/super-news.info\\\/de\\\/#\\\/schema\\\/person\\\/2b9ff946d06444e803cb306ffcfd1045\",\"name\":\"super news\",\"image\":{\"@type\":\"ImageObject\",\"inLanguage\":\"de\",\"@id\":\"https:\\\/\\\/secure.gravatar.com\\\/avatar\\\/98e0b303f300d45b2a94684c5e4dda8baa4a5e9710b579f7493c8612061d08bf?s=96&d=mm&r=g\",\"url\":\"https:\\\/\\\/secure.gravatar.com\\\/avatar\\\/98e0b303f300d45b2a94684c5e4dda8baa4a5e9710b579f7493c8612061d08bf?s=96&d=mm&r=g\",\"contentUrl\":\"https:\\\/\\\/secure.gravatar.com\\\/avatar\\\/98e0b303f300d45b2a94684c5e4dda8baa4a5e9710b579f7493c8612061d08bf?s=96&d=mm&r=g\",\"caption\":\"super news\"},\"url\":\"https:\\\/\\\/super-news.info\\\/de\\\/author\\\/manuel\\\/\"}]}<\/script>\n<!-- \/ Yoast SEO plugin. -->","yoast_head_json":{"title":"News heute: Tokio kurz vor Olympia besorgt \u00fcber steigende Infektionen - Super News","robots":{"index":"index","follow":"follow","max-snippet":"max-snippet:-1","max-image-preview":"max-image-preview:large","max-video-preview":"max-video-preview:-1"},"canonical":"https:\/\/super-news.info\/de\/news-heute-tokio-kurz-vor-olympia-besorgt-ueber-steigende-infektionen\/","og_locale":"de_DE","og_type":"article","og_title":"News heute: Tokio kurz vor Olympia besorgt \u00fcber steigende Infektionen - Super News","og_description":"Die News am Wochenende im stern-Ticker. Die News am Wochenende im stern-Ticker:\u00a0 17.48 Uhr:\u00a0300 Besch\u00e4ftigte des italienischen Gesundheitswesens klagen gegen Impfpflicht 300 Besch\u00e4ftigte des italienischen Gesundheitswesens gehen Medienberichten zufolge gerichtlich gegen die Impfpflicht f\u00fcr medizinisches Personal vor. &#8222;Dies ist kein Kampf von Impfgegnern, sondern ein demokratischer Kampf&#8220;, sagte der Anwalt Daniele Granara der Zeitung &#8222;Il [&hellip;]","og_url":"https:\/\/super-news.info\/de\/news-heute-tokio-kurz-vor-olympia-besorgt-ueber-steigende-infektionen\/","og_site_name":"Super News","article_published_time":"2021-07-03T16:09:43+00:00","article_modified_time":"2021-07-03T16:09:45+00:00","og_image":[{"width":1440,"height":810,"url":"https:\/\/super-news.info\/de\/wp-content\/uploads\/sites\/13\/2021\/07\/News-heute-Tokio-kurz-vor-Olympia-besorgt-ueber-steigende-Infektionen.jpg","type":"image\/jpeg"}],"author":"super news","twitter_card":"summary_large_image","twitter_misc":{"Verfasst von":"super news","Gesch\u00e4tzte Lesezeit":"12\u00a0Minuten"},"schema":{"@context":"https:\/\/schema.org","@graph":[{"@type":"Article","@id":"https:\/\/super-news.info\/de\/news-heute-tokio-kurz-vor-olympia-besorgt-ueber-steigende-infektionen\/#article","isPartOf":{"@id":"https:\/\/super-news.info\/de\/news-heute-tokio-kurz-vor-olympia-besorgt-ueber-steigende-infektionen\/"},"author":{"name":"super news","@id":"https:\/\/super-news.info\/de\/#\/schema\/person\/2b9ff946d06444e803cb306ffcfd1045"},"headline":"News heute: Tokio kurz vor Olympia besorgt \u00fcber steigende Infektionen","datePublished":"2021-07-03T16:09:43+00:00","dateModified":"2021-07-03T16:09:45+00:00","mainEntityOfPage":{"@id":"https:\/\/super-news.info\/de\/news-heute-tokio-kurz-vor-olympia-besorgt-ueber-steigende-infektionen\/"},"wordCount":2451,"commentCount":0,"image":{"@id":"https:\/\/super-news.info\/de\/news-heute-tokio-kurz-vor-olympia-besorgt-ueber-steigende-infektionen\/#primaryimage"},"thumbnailUrl":"https:\/\/super-news.info\/de\/wp-content\/uploads\/sites\/13\/2021\/07\/News-heute-Tokio-kurz-vor-Olympia-besorgt-ueber-steigende-Infektionen.jpg","articleSection":["NEUIGKEITEN"],"inLanguage":"de","potentialAction":[{"@type":"CommentAction","name":"Comment","target":["https:\/\/super-news.info\/de\/news-heute-tokio-kurz-vor-olympia-besorgt-ueber-steigende-infektionen\/#respond"]}]},{"@type":"WebPage","@id":"https:\/\/super-news.info\/de\/news-heute-tokio-kurz-vor-olympia-besorgt-ueber-steigende-infektionen\/","url":"https:\/\/super-news.info\/de\/news-heute-tokio-kurz-vor-olympia-besorgt-ueber-steigende-infektionen\/","name":"News heute: Tokio kurz vor Olympia besorgt \u00fcber steigende Infektionen - Super News","isPartOf":{"@id":"https:\/\/super-news.info\/de\/#website"},"primaryImageOfPage":{"@id":"https:\/\/super-news.info\/de\/news-heute-tokio-kurz-vor-olympia-besorgt-ueber-steigende-infektionen\/#primaryimage"},"image":{"@id":"https:\/\/super-news.info\/de\/news-heute-tokio-kurz-vor-olympia-besorgt-ueber-steigende-infektionen\/#primaryimage"},"thumbnailUrl":"https:\/\/super-news.info\/de\/wp-content\/uploads\/sites\/13\/2021\/07\/News-heute-Tokio-kurz-vor-Olympia-besorgt-ueber-steigende-Infektionen.jpg","datePublished":"2021-07-03T16:09:43+00:00","dateModified":"2021-07-03T16:09:45+00:00","author":{"@id":"https:\/\/super-news.info\/de\/#\/schema\/person\/2b9ff946d06444e803cb306ffcfd1045"},"breadcrumb":{"@id":"https:\/\/super-news.info\/de\/news-heute-tokio-kurz-vor-olympia-besorgt-ueber-steigende-infektionen\/#breadcrumb"},"inLanguage":"de","potentialAction":[{"@type":"ReadAction","target":["https:\/\/super-news.info\/de\/news-heute-tokio-kurz-vor-olympia-besorgt-ueber-steigende-infektionen\/"]}]},{"@type":"ImageObject","inLanguage":"de","@id":"https:\/\/super-news.info\/de\/news-heute-tokio-kurz-vor-olympia-besorgt-ueber-steigende-infektionen\/#primaryimage","url":"https:\/\/super-news.info\/de\/wp-content\/uploads\/sites\/13\/2021\/07\/News-heute-Tokio-kurz-vor-Olympia-besorgt-ueber-steigende-Infektionen.jpg","contentUrl":"https:\/\/super-news.info\/de\/wp-content\/uploads\/sites\/13\/2021\/07\/News-heute-Tokio-kurz-vor-Olympia-besorgt-ueber-steigende-Infektionen.jpg","width":1440,"height":810,"caption":"News heute: Tokio kurz vor Olympia besorgt \u00fcber steigende Infektionen"},{"@type":"BreadcrumbList","@id":"https:\/\/super-news.info\/de\/news-heute-tokio-kurz-vor-olympia-besorgt-ueber-steigende-infektionen\/#breadcrumb","itemListElement":[{"@type":"ListItem","position":1,"name":"Home","item":"https:\/\/super-news.info\/de\/"},{"@type":"ListItem","position":2,"name":"News heute: Tokio kurz vor Olympia besorgt \u00fcber steigende Infektionen"}]},{"@type":"WebSite","@id":"https:\/\/super-news.info\/de\/#website","url":"https:\/\/super-news.info\/de\/","name":"Super News","description":"Super News Germany","potentialAction":[{"@type":"SearchAction","target":{"@type":"EntryPoint","urlTemplate":"https:\/\/super-news.info\/de\/?s={search_term_string}"},"query-input":{"@type":"PropertyValueSpecification","valueRequired":true,"valueName":"search_term_string"}}],"inLanguage":"de"},{"@type":"Person","@id":"https:\/\/super-news.info\/de\/#\/schema\/person\/2b9ff946d06444e803cb306ffcfd1045","name":"super news","image":{"@type":"ImageObject","inLanguage":"de","@id":"https:\/\/secure.gravatar.com\/avatar\/98e0b303f300d45b2a94684c5e4dda8baa4a5e9710b579f7493c8612061d08bf?s=96&d=mm&r=g","url":"https:\/\/secure.gravatar.com\/avatar\/98e0b303f300d45b2a94684c5e4dda8baa4a5e9710b579f7493c8612061d08bf?s=96&d=mm&r=g","contentUrl":"https:\/\/secure.gravatar.com\/avatar\/98e0b303f300d45b2a94684c5e4dda8baa4a5e9710b579f7493c8612061d08bf?s=96&d=mm&r=g","caption":"super news"},"url":"https:\/\/super-news.info\/de\/author\/manuel\/"}]}},"_links":{"self":[{"href":"https:\/\/super-news.info\/de\/wp-json\/wp\/v2\/posts\/1936","targetHints":{"allow":["GET"]}}],"collection":[{"href":"https:\/\/super-news.info\/de\/wp-json\/wp\/v2\/posts"}],"about":[{"href":"https:\/\/super-news.info\/de\/wp-json\/wp\/v2\/types\/post"}],"author":[{"embeddable":true,"href":"https:\/\/super-news.info\/de\/wp-json\/wp\/v2\/users\/1"}],"replies":[{"embeddable":true,"href":"https:\/\/super-news.info\/de\/wp-json\/wp\/v2\/comments?post=1936"}],"version-history":[{"count":1,"href":"https:\/\/super-news.info\/de\/wp-json\/wp\/v2\/posts\/1936\/revisions"}],"predecessor-version":[{"id":1938,"href":"https:\/\/super-news.info\/de\/wp-json\/wp\/v2\/posts\/1936\/revisions\/1938"}],"wp:featuredmedia":[{"embeddable":true,"href":"https:\/\/super-news.info\/de\/wp-json\/wp\/v2\/media\/1937"}],"wp:attachment":[{"href":"https:\/\/super-news.info\/de\/wp-json\/wp\/v2\/media?parent=1936"}],"wp:term":[{"taxonomy":"category","embeddable":true,"href":"https:\/\/super-news.info\/de\/wp-json\/wp\/v2\/categories?post=1936"},{"taxonomy":"post_tag","embeddable":true,"href":"https:\/\/super-news.info\/de\/wp-json\/wp\/v2\/tags?post=1936"}],"curies":[{"name":"wp","href":"https:\/\/api.w.org\/{rel}","templated":true}]}}