{"id":1930,"date":"2021-07-02T16:05:21","date_gmt":"2021-07-02T16:05:21","guid":{"rendered":"https:\/\/super-news.info\/de\/schiedsrichter-manuel-graefe-klagt-gegen-dfb-deutliche-kritik-im-zdf\/"},"modified":"2021-07-02T16:05:23","modified_gmt":"2021-07-02T16:05:23","slug":"schiedsrichter-manuel-graefe-klagt-gegen-dfb-deutliche-kritik-im-zdf","status":"publish","type":"post","link":"https:\/\/super-news.info\/de\/schiedsrichter-manuel-graefe-klagt-gegen-dfb-deutliche-kritik-im-zdf\/","title":{"rendered":"Schiedsrichter Manuel Gr\u00e4fe klagt gegen DFB \u2013 Deutliche Kritik im ZDF"},"content":{"rendered":"<p> Altersdiskriminierung<br \/>\n Schiedsrichter Manuel Gr\u00e4fe klagt gegen den DFB \u2013 im ZDF kritisiert er das System<\/p>\n<p> Schiedsrichter Manuel Gr\u00e4fe verklagt den DFB. Im ZDF \u00e4u\u00dferte er sich zu den Beweggr\u00fcnden.<br \/>\n \u00a9 Martin Hoffmann \/ Imago Images<\/p>\n<p> Es k\u00f6nnte ein spektakul\u00e4rer Prozess werden: Manuel Gr\u00e4fe zieht vor Gericht. Im TV \u00e4u\u00dferte er sich \u00fcber seine Beweggr\u00fcnde und Reaktionen von anderen Schiedsrichtern.<\/p>\n<p> Die Klage von Ex-Bundesliga-Schiedsrichter\u00a0Manuel Gr\u00e4fe gegen den Deutschen Fu\u00dfball-Bund wegen Altersdiskriminierung ist beim Verband eingegangen. Das wurde der Deutschen Presse-Agentur am Freitag best\u00e4tigt. Der 47-j\u00e4hrige Berliner hatte seine Karriere am Ende der vergangenen Saison nach 289 Bundesliga-Eins\u00e4tzen beenden m\u00fcssen, obwohl er gerne weitergepfiffen h\u00e4tte \u2013 weil er die vorgeschriebene Altersgrenze erreicht hat.\u00a0                <\/p>\n<p> Am fr\u00fchen Abend, vor der EM-Partie der Schweiz gegen Spanien, \u00e4u\u00dferte sich Gr\u00e4fe live im ZDF zu seinen Beweggr\u00fcnden \u2013 der Referee ist w\u00e4hrend des Turniers als TV-Experte t\u00e4tig.\u00a0                <\/p>\n<p> Manuel Gr\u00e4fe: &#8222;Es muss endlich nach Leistung gehen&#8220;<\/p>\n<p> &#8222;Es muss sich irgendwann mal etwas \u00e4ndern. Es muss endlich nach Leistung gehen&#8220;, sagte Gr\u00e4fe. Es k\u00f6nne nicht sein, dass Alter, Geschlecht, Nationalit\u00e4t oder andere Faktoren dar\u00fcber entscheiden, wer seinem Beruf nachgehen d\u00fcrfe und wer nicht. Gr\u00e4fe glaubt aber nicht, selbst noch einmal aktiv an der Pfeife sein zu d\u00fcrfen. Aber er wei\u00df, dass die gleiche Frage schon bald auf andere Kollegen zukommen wird \u2013 und nannte namentlich\u00a0Deniz Aytekin.                <\/p>\n<p> Gr\u00e4fe betonte, es gehe nicht um ihn. Es gehe ums System und ums Grunds\u00e4tzliche. Ihm sei bewusst, dass es keine schnelle Entscheidung geben werde. &#8222;Die Gerichtsm\u00fchlen mahlen langsam&#8220;, sagte er. Er rechne mit einer Terminierung in sechs bis zw\u00f6lf Monaten: &#8222;Das wird ein m\u00fchsamer Weg \u2013 aber hoffentlich \u00e4ndert sich am Ende etwas.&#8220;                      <\/p>\n<p> EM 2021<\/p>\n<p> M\u00fcller ist der gro\u00dfe Verlierer und einer der heimliche Chef \u2013 die Einzelkritik <\/p>\n<p> 14<br \/>\n Bilder  <\/p>\n<p> 29.06.2021<\/p>\n<p> Im ZDF kritisierte Gr\u00e4fe zudem das System und dessen Auswirkungen scharf. &#8222;Dieses Vorgehen wirkt sich auch an der Basis aus.&#8220; Er habe mehrere Emails erhalten, in der junge Schiedsrichter beklagten, ihnen w\u00fcrde der Aufstieg in Richtung Profi-Schiedsrichterei verwehrt, weil sie schon &#8222;zu alt&#8220; seien. &#8222;Das ist einfach falsch&#8220;, sagte Gr\u00e4fe. Viele Kolleginnen und Kollegen w\u00fcrden entnervt hinschmei\u00dfen. Und das werde sich nicht \u00e4ndern \u2013 und dem Verband auf Dauer schaden.<br \/>\n Der DFB will sich nicht zur Klage \u00e4u\u00dfern<\/p>\n<p> Nach dem Eingang der Klage Gr\u00e4fes wird im n\u00e4chsten Schritt der DFB vom Gericht zu einer Stellungnahme aufgefordert werden. \u00d6ffentlich wird\u00a0sich der Verband vorerst aber nicht weiter zu dem Vorgang \u00e4u\u00dfern, teilte der DFB\u00a0mit.\u00a0                <\/p>\n<p> Quellen: ZDF; mit Material der DPA<br \/>\n sw<\/p>\n<p> #Themen<\/p>\n<p>\n<!--noindex--><br \/>\n<a href=\"https:\/\/www.stern.de\/sport\/fussball\/em-2021\/schiedsrichter-manuel-graefe-klagt-gegen-dfb---deutliche-kritik-im-zdf-30600114.html?utm_campaign=alle&#038;utm_medium=rss-feed&#038;utm_source=standard\" rel=\"nofollow\">Source link <\/a><br \/>\n<!--\/noindex--><\/p>\n","protected":false},"excerpt":{"rendered":"<p>Altersdiskriminierung Schiedsrichter Manuel Gr\u00e4fe klagt gegen den DFB \u2013 im ZDF kritisiert er das System Schiedsrichter Manuel Gr\u00e4fe verklagt den DFB. Im ZDF \u00e4u\u00dferte er sich zu den Beweggr\u00fcnden. \u00a9 Martin Hoffmann \/ Imago Images Es k\u00f6nnte ein spektakul\u00e4rer Prozess werden: Manuel Gr\u00e4fe zieht vor Gericht. Im TV \u00e4u\u00dferte er sich \u00fcber seine Beweggr\u00fcnde und [&hellip;]<\/p>\n","protected":false},"author":1,"featured_media":1931,"comment_status":"open","ping_status":"open","sticky":false,"template":"","format":"standard","meta":{"footnotes":""},"categories":[1],"tags":[],"class_list":["post-1930","post","type-post","status-publish","format-standard","has-post-thumbnail","hentry","category-neuigkeiten"],"yoast_head":"<!-- This site is optimized with the Yoast SEO plugin v27.4 - https:\/\/yoast.com\/product\/yoast-seo-wordpress\/ -->\n<title>Schiedsrichter Manuel Gr\u00e4fe klagt gegen DFB \u2013 Deutliche Kritik im ZDF - Super News<\/title>\n<meta name=\"robots\" content=\"index, follow, max-snippet:-1, max-image-preview:large, max-video-preview:-1\" \/>\n<link rel=\"canonical\" href=\"https:\/\/super-news.info\/de\/schiedsrichter-manuel-graefe-klagt-gegen-dfb-deutliche-kritik-im-zdf\/\" \/>\n<meta property=\"og:locale\" content=\"de_DE\" \/>\n<meta property=\"og:type\" content=\"article\" \/>\n<meta property=\"og:title\" content=\"Schiedsrichter Manuel Gr\u00e4fe klagt gegen DFB \u2013 Deutliche Kritik im ZDF - Super News\" \/>\n<meta property=\"og:description\" content=\"Altersdiskriminierung Schiedsrichter Manuel Gr\u00e4fe klagt gegen den DFB \u2013 im ZDF kritisiert er das System Schiedsrichter Manuel Gr\u00e4fe verklagt den DFB. Im ZDF \u00e4u\u00dferte er sich zu den Beweggr\u00fcnden. \u00a9 Martin Hoffmann \/ Imago Images Es k\u00f6nnte ein spektakul\u00e4rer Prozess werden: Manuel Gr\u00e4fe zieht vor Gericht. Im TV \u00e4u\u00dferte er sich \u00fcber seine Beweggr\u00fcnde und [&hellip;]\" \/>\n<meta property=\"og:url\" content=\"https:\/\/super-news.info\/de\/schiedsrichter-manuel-graefe-klagt-gegen-dfb-deutliche-kritik-im-zdf\/\" \/>\n<meta property=\"og:site_name\" content=\"Super News\" \/>\n<meta property=\"article:published_time\" content=\"2021-07-02T16:05:21+00:00\" \/>\n<meta property=\"article:modified_time\" content=\"2021-07-02T16:05:23+00:00\" \/>\n<meta property=\"og:image\" content=\"https:\/\/super-news.info\/de\/wp-content\/uploads\/sites\/13\/2021\/07\/Schiedsrichter-Manuel-Graefe-klagt-gegen-DFB-Deutliche-Kritik-im.jpg\" \/>\n\t<meta property=\"og:image:width\" content=\"1440\" \/>\n\t<meta property=\"og:image:height\" content=\"810\" \/>\n\t<meta property=\"og:image:type\" content=\"image\/jpeg\" \/>\n<meta name=\"author\" content=\"super news\" \/>\n<meta name=\"twitter:card\" content=\"summary_large_image\" \/>\n<meta name=\"twitter:label1\" content=\"Verfasst von\" \/>\n\t<meta name=\"twitter:data1\" content=\"super news\" \/>\n\t<meta name=\"twitter:label2\" content=\"Gesch\u00e4tzte Lesezeit\" \/>\n\t<meta name=\"twitter:data2\" content=\"2\u00a0Minuten\" \/>\n<script type=\"application\/ld+json\" class=\"yoast-schema-graph\">{\"@context\":\"https:\\\/\\\/schema.org\",\"@graph\":[{\"@type\":\"Article\",\"@id\":\"https:\\\/\\\/super-news.info\\\/de\\\/schiedsrichter-manuel-graefe-klagt-gegen-dfb-deutliche-kritik-im-zdf\\\/#article\",\"isPartOf\":{\"@id\":\"https:\\\/\\\/super-news.info\\\/de\\\/schiedsrichter-manuel-graefe-klagt-gegen-dfb-deutliche-kritik-im-zdf\\\/\"},\"author\":{\"name\":\"super news\",\"@id\":\"https:\\\/\\\/super-news.info\\\/de\\\/#\\\/schema\\\/person\\\/2b9ff946d06444e803cb306ffcfd1045\"},\"headline\":\"Schiedsrichter Manuel Gr\u00e4fe klagt gegen DFB \u2013 Deutliche Kritik im ZDF\",\"datePublished\":\"2021-07-02T16:05:21+00:00\",\"dateModified\":\"2021-07-02T16:05:23+00:00\",\"mainEntityOfPage\":{\"@id\":\"https:\\\/\\\/super-news.info\\\/de\\\/schiedsrichter-manuel-graefe-klagt-gegen-dfb-deutliche-kritik-im-zdf\\\/\"},\"wordCount\":458,\"commentCount\":0,\"image\":{\"@id\":\"https:\\\/\\\/super-news.info\\\/de\\\/schiedsrichter-manuel-graefe-klagt-gegen-dfb-deutliche-kritik-im-zdf\\\/#primaryimage\"},\"thumbnailUrl\":\"https:\\\/\\\/super-news.info\\\/de\\\/wp-content\\\/uploads\\\/sites\\\/13\\\/2021\\\/07\\\/Schiedsrichter-Manuel-Graefe-klagt-gegen-DFB-Deutliche-Kritik-im.jpg\",\"articleSection\":[\"NEUIGKEITEN\"],\"inLanguage\":\"de\",\"potentialAction\":[{\"@type\":\"CommentAction\",\"name\":\"Comment\",\"target\":[\"https:\\\/\\\/super-news.info\\\/de\\\/schiedsrichter-manuel-graefe-klagt-gegen-dfb-deutliche-kritik-im-zdf\\\/#respond\"]}]},{\"@type\":\"WebPage\",\"@id\":\"https:\\\/\\\/super-news.info\\\/de\\\/schiedsrichter-manuel-graefe-klagt-gegen-dfb-deutliche-kritik-im-zdf\\\/\",\"url\":\"https:\\\/\\\/super-news.info\\\/de\\\/schiedsrichter-manuel-graefe-klagt-gegen-dfb-deutliche-kritik-im-zdf\\\/\",\"name\":\"Schiedsrichter Manuel Gr\u00e4fe klagt gegen DFB \u2013 Deutliche Kritik im ZDF - Super News\",\"isPartOf\":{\"@id\":\"https:\\\/\\\/super-news.info\\\/de\\\/#website\"},\"primaryImageOfPage\":{\"@id\":\"https:\\\/\\\/super-news.info\\\/de\\\/schiedsrichter-manuel-graefe-klagt-gegen-dfb-deutliche-kritik-im-zdf\\\/#primaryimage\"},\"image\":{\"@id\":\"https:\\\/\\\/super-news.info\\\/de\\\/schiedsrichter-manuel-graefe-klagt-gegen-dfb-deutliche-kritik-im-zdf\\\/#primaryimage\"},\"thumbnailUrl\":\"https:\\\/\\\/super-news.info\\\/de\\\/wp-content\\\/uploads\\\/sites\\\/13\\\/2021\\\/07\\\/Schiedsrichter-Manuel-Graefe-klagt-gegen-DFB-Deutliche-Kritik-im.jpg\",\"datePublished\":\"2021-07-02T16:05:21+00:00\",\"dateModified\":\"2021-07-02T16:05:23+00:00\",\"author\":{\"@id\":\"https:\\\/\\\/super-news.info\\\/de\\\/#\\\/schema\\\/person\\\/2b9ff946d06444e803cb306ffcfd1045\"},\"breadcrumb\":{\"@id\":\"https:\\\/\\\/super-news.info\\\/de\\\/schiedsrichter-manuel-graefe-klagt-gegen-dfb-deutliche-kritik-im-zdf\\\/#breadcrumb\"},\"inLanguage\":\"de\",\"potentialAction\":[{\"@type\":\"ReadAction\",\"target\":[\"https:\\\/\\\/super-news.info\\\/de\\\/schiedsrichter-manuel-graefe-klagt-gegen-dfb-deutliche-kritik-im-zdf\\\/\"]}]},{\"@type\":\"ImageObject\",\"inLanguage\":\"de\",\"@id\":\"https:\\\/\\\/super-news.info\\\/de\\\/schiedsrichter-manuel-graefe-klagt-gegen-dfb-deutliche-kritik-im-zdf\\\/#primaryimage\",\"url\":\"https:\\\/\\\/super-news.info\\\/de\\\/wp-content\\\/uploads\\\/sites\\\/13\\\/2021\\\/07\\\/Schiedsrichter-Manuel-Graefe-klagt-gegen-DFB-Deutliche-Kritik-im.jpg\",\"contentUrl\":\"https:\\\/\\\/super-news.info\\\/de\\\/wp-content\\\/uploads\\\/sites\\\/13\\\/2021\\\/07\\\/Schiedsrichter-Manuel-Graefe-klagt-gegen-DFB-Deutliche-Kritik-im.jpg\",\"width\":1440,\"height\":810,\"caption\":\"Schiedsrichter Manuel Gr\u00e4fe klagt gegen DFB \u2013 Deutliche Kritik im ZDF\"},{\"@type\":\"BreadcrumbList\",\"@id\":\"https:\\\/\\\/super-news.info\\\/de\\\/schiedsrichter-manuel-graefe-klagt-gegen-dfb-deutliche-kritik-im-zdf\\\/#breadcrumb\",\"itemListElement\":[{\"@type\":\"ListItem\",\"position\":1,\"name\":\"Home\",\"item\":\"https:\\\/\\\/super-news.info\\\/de\\\/\"},{\"@type\":\"ListItem\",\"position\":2,\"name\":\"Schiedsrichter Manuel Gr\u00e4fe klagt gegen DFB \u2013 Deutliche Kritik im ZDF\"}]},{\"@type\":\"WebSite\",\"@id\":\"https:\\\/\\\/super-news.info\\\/de\\\/#website\",\"url\":\"https:\\\/\\\/super-news.info\\\/de\\\/\",\"name\":\"Super News\",\"description\":\"Super News Germany\",\"potentialAction\":[{\"@type\":\"SearchAction\",\"target\":{\"@type\":\"EntryPoint\",\"urlTemplate\":\"https:\\\/\\\/super-news.info\\\/de\\\/?s={search_term_string}\"},\"query-input\":{\"@type\":\"PropertyValueSpecification\",\"valueRequired\":true,\"valueName\":\"search_term_string\"}}],\"inLanguage\":\"de\"},{\"@type\":\"Person\",\"@id\":\"https:\\\/\\\/super-news.info\\\/de\\\/#\\\/schema\\\/person\\\/2b9ff946d06444e803cb306ffcfd1045\",\"name\":\"super news\",\"image\":{\"@type\":\"ImageObject\",\"inLanguage\":\"de\",\"@id\":\"https:\\\/\\\/secure.gravatar.com\\\/avatar\\\/98e0b303f300d45b2a94684c5e4dda8baa4a5e9710b579f7493c8612061d08bf?s=96&d=mm&r=g\",\"url\":\"https:\\\/\\\/secure.gravatar.com\\\/avatar\\\/98e0b303f300d45b2a94684c5e4dda8baa4a5e9710b579f7493c8612061d08bf?s=96&d=mm&r=g\",\"contentUrl\":\"https:\\\/\\\/secure.gravatar.com\\\/avatar\\\/98e0b303f300d45b2a94684c5e4dda8baa4a5e9710b579f7493c8612061d08bf?s=96&d=mm&r=g\",\"caption\":\"super news\"},\"url\":\"https:\\\/\\\/super-news.info\\\/de\\\/author\\\/manuel\\\/\"}]}<\/script>\n<!-- \/ Yoast SEO plugin. -->","yoast_head_json":{"title":"Schiedsrichter Manuel Gr\u00e4fe klagt gegen DFB \u2013 Deutliche Kritik im ZDF - Super News","robots":{"index":"index","follow":"follow","max-snippet":"max-snippet:-1","max-image-preview":"max-image-preview:large","max-video-preview":"max-video-preview:-1"},"canonical":"https:\/\/super-news.info\/de\/schiedsrichter-manuel-graefe-klagt-gegen-dfb-deutliche-kritik-im-zdf\/","og_locale":"de_DE","og_type":"article","og_title":"Schiedsrichter Manuel Gr\u00e4fe klagt gegen DFB \u2013 Deutliche Kritik im ZDF - Super News","og_description":"Altersdiskriminierung Schiedsrichter Manuel Gr\u00e4fe klagt gegen den DFB \u2013 im ZDF kritisiert er das System Schiedsrichter Manuel Gr\u00e4fe verklagt den DFB. Im ZDF \u00e4u\u00dferte er sich zu den Beweggr\u00fcnden. \u00a9 Martin Hoffmann \/ Imago Images Es k\u00f6nnte ein spektakul\u00e4rer Prozess werden: Manuel Gr\u00e4fe zieht vor Gericht. Im TV \u00e4u\u00dferte er sich \u00fcber seine Beweggr\u00fcnde und [&hellip;]","og_url":"https:\/\/super-news.info\/de\/schiedsrichter-manuel-graefe-klagt-gegen-dfb-deutliche-kritik-im-zdf\/","og_site_name":"Super News","article_published_time":"2021-07-02T16:05:21+00:00","article_modified_time":"2021-07-02T16:05:23+00:00","og_image":[{"width":1440,"height":810,"url":"https:\/\/super-news.info\/de\/wp-content\/uploads\/sites\/13\/2021\/07\/Schiedsrichter-Manuel-Graefe-klagt-gegen-DFB-Deutliche-Kritik-im.jpg","type":"image\/jpeg"}],"author":"super news","twitter_card":"summary_large_image","twitter_misc":{"Verfasst von":"super news","Gesch\u00e4tzte Lesezeit":"2\u00a0Minuten"},"schema":{"@context":"https:\/\/schema.org","@graph":[{"@type":"Article","@id":"https:\/\/super-news.info\/de\/schiedsrichter-manuel-graefe-klagt-gegen-dfb-deutliche-kritik-im-zdf\/#article","isPartOf":{"@id":"https:\/\/super-news.info\/de\/schiedsrichter-manuel-graefe-klagt-gegen-dfb-deutliche-kritik-im-zdf\/"},"author":{"name":"super news","@id":"https:\/\/super-news.info\/de\/#\/schema\/person\/2b9ff946d06444e803cb306ffcfd1045"},"headline":"Schiedsrichter Manuel Gr\u00e4fe klagt gegen DFB \u2013 Deutliche Kritik im ZDF","datePublished":"2021-07-02T16:05:21+00:00","dateModified":"2021-07-02T16:05:23+00:00","mainEntityOfPage":{"@id":"https:\/\/super-news.info\/de\/schiedsrichter-manuel-graefe-klagt-gegen-dfb-deutliche-kritik-im-zdf\/"},"wordCount":458,"commentCount":0,"image":{"@id":"https:\/\/super-news.info\/de\/schiedsrichter-manuel-graefe-klagt-gegen-dfb-deutliche-kritik-im-zdf\/#primaryimage"},"thumbnailUrl":"https:\/\/super-news.info\/de\/wp-content\/uploads\/sites\/13\/2021\/07\/Schiedsrichter-Manuel-Graefe-klagt-gegen-DFB-Deutliche-Kritik-im.jpg","articleSection":["NEUIGKEITEN"],"inLanguage":"de","potentialAction":[{"@type":"CommentAction","name":"Comment","target":["https:\/\/super-news.info\/de\/schiedsrichter-manuel-graefe-klagt-gegen-dfb-deutliche-kritik-im-zdf\/#respond"]}]},{"@type":"WebPage","@id":"https:\/\/super-news.info\/de\/schiedsrichter-manuel-graefe-klagt-gegen-dfb-deutliche-kritik-im-zdf\/","url":"https:\/\/super-news.info\/de\/schiedsrichter-manuel-graefe-klagt-gegen-dfb-deutliche-kritik-im-zdf\/","name":"Schiedsrichter Manuel Gr\u00e4fe klagt gegen DFB \u2013 Deutliche Kritik im ZDF - Super News","isPartOf":{"@id":"https:\/\/super-news.info\/de\/#website"},"primaryImageOfPage":{"@id":"https:\/\/super-news.info\/de\/schiedsrichter-manuel-graefe-klagt-gegen-dfb-deutliche-kritik-im-zdf\/#primaryimage"},"image":{"@id":"https:\/\/super-news.info\/de\/schiedsrichter-manuel-graefe-klagt-gegen-dfb-deutliche-kritik-im-zdf\/#primaryimage"},"thumbnailUrl":"https:\/\/super-news.info\/de\/wp-content\/uploads\/sites\/13\/2021\/07\/Schiedsrichter-Manuel-Graefe-klagt-gegen-DFB-Deutliche-Kritik-im.jpg","datePublished":"2021-07-02T16:05:21+00:00","dateModified":"2021-07-02T16:05:23+00:00","author":{"@id":"https:\/\/super-news.info\/de\/#\/schema\/person\/2b9ff946d06444e803cb306ffcfd1045"},"breadcrumb":{"@id":"https:\/\/super-news.info\/de\/schiedsrichter-manuel-graefe-klagt-gegen-dfb-deutliche-kritik-im-zdf\/#breadcrumb"},"inLanguage":"de","potentialAction":[{"@type":"ReadAction","target":["https:\/\/super-news.info\/de\/schiedsrichter-manuel-graefe-klagt-gegen-dfb-deutliche-kritik-im-zdf\/"]}]},{"@type":"ImageObject","inLanguage":"de","@id":"https:\/\/super-news.info\/de\/schiedsrichter-manuel-graefe-klagt-gegen-dfb-deutliche-kritik-im-zdf\/#primaryimage","url":"https:\/\/super-news.info\/de\/wp-content\/uploads\/sites\/13\/2021\/07\/Schiedsrichter-Manuel-Graefe-klagt-gegen-DFB-Deutliche-Kritik-im.jpg","contentUrl":"https:\/\/super-news.info\/de\/wp-content\/uploads\/sites\/13\/2021\/07\/Schiedsrichter-Manuel-Graefe-klagt-gegen-DFB-Deutliche-Kritik-im.jpg","width":1440,"height":810,"caption":"Schiedsrichter Manuel Gr\u00e4fe klagt gegen DFB \u2013 Deutliche Kritik im ZDF"},{"@type":"BreadcrumbList","@id":"https:\/\/super-news.info\/de\/schiedsrichter-manuel-graefe-klagt-gegen-dfb-deutliche-kritik-im-zdf\/#breadcrumb","itemListElement":[{"@type":"ListItem","position":1,"name":"Home","item":"https:\/\/super-news.info\/de\/"},{"@type":"ListItem","position":2,"name":"Schiedsrichter Manuel Gr\u00e4fe klagt gegen DFB \u2013 Deutliche Kritik im ZDF"}]},{"@type":"WebSite","@id":"https:\/\/super-news.info\/de\/#website","url":"https:\/\/super-news.info\/de\/","name":"Super News","description":"Super News Germany","potentialAction":[{"@type":"SearchAction","target":{"@type":"EntryPoint","urlTemplate":"https:\/\/super-news.info\/de\/?s={search_term_string}"},"query-input":{"@type":"PropertyValueSpecification","valueRequired":true,"valueName":"search_term_string"}}],"inLanguage":"de"},{"@type":"Person","@id":"https:\/\/super-news.info\/de\/#\/schema\/person\/2b9ff946d06444e803cb306ffcfd1045","name":"super news","image":{"@type":"ImageObject","inLanguage":"de","@id":"https:\/\/secure.gravatar.com\/avatar\/98e0b303f300d45b2a94684c5e4dda8baa4a5e9710b579f7493c8612061d08bf?s=96&d=mm&r=g","url":"https:\/\/secure.gravatar.com\/avatar\/98e0b303f300d45b2a94684c5e4dda8baa4a5e9710b579f7493c8612061d08bf?s=96&d=mm&r=g","contentUrl":"https:\/\/secure.gravatar.com\/avatar\/98e0b303f300d45b2a94684c5e4dda8baa4a5e9710b579f7493c8612061d08bf?s=96&d=mm&r=g","caption":"super news"},"url":"https:\/\/super-news.info\/de\/author\/manuel\/"}]}},"_links":{"self":[{"href":"https:\/\/super-news.info\/de\/wp-json\/wp\/v2\/posts\/1930","targetHints":{"allow":["GET"]}}],"collection":[{"href":"https:\/\/super-news.info\/de\/wp-json\/wp\/v2\/posts"}],"about":[{"href":"https:\/\/super-news.info\/de\/wp-json\/wp\/v2\/types\/post"}],"author":[{"embeddable":true,"href":"https:\/\/super-news.info\/de\/wp-json\/wp\/v2\/users\/1"}],"replies":[{"embeddable":true,"href":"https:\/\/super-news.info\/de\/wp-json\/wp\/v2\/comments?post=1930"}],"version-history":[{"count":1,"href":"https:\/\/super-news.info\/de\/wp-json\/wp\/v2\/posts\/1930\/revisions"}],"predecessor-version":[{"id":1932,"href":"https:\/\/super-news.info\/de\/wp-json\/wp\/v2\/posts\/1930\/revisions\/1932"}],"wp:featuredmedia":[{"embeddable":true,"href":"https:\/\/super-news.info\/de\/wp-json\/wp\/v2\/media\/1931"}],"wp:attachment":[{"href":"https:\/\/super-news.info\/de\/wp-json\/wp\/v2\/media?parent=1930"}],"wp:term":[{"taxonomy":"category","embeddable":true,"href":"https:\/\/super-news.info\/de\/wp-json\/wp\/v2\/categories?post=1930"},{"taxonomy":"post_tag","embeddable":true,"href":"https:\/\/super-news.info\/de\/wp-json\/wp\/v2\/tags?post=1930"}],"curies":[{"name":"wp","href":"https:\/\/api.w.org\/{rel}","templated":true}]}}