{"id":1918,"date":"2021-06-30T15:59:58","date_gmt":"2021-06-30T15:59:58","guid":{"rendered":"https:\/\/super-news.info\/de\/wien-nach-toetung-einer-13-jaehrigen-fordern-regierungsmitglieder-haerte\/"},"modified":"2021-06-30T16:00:00","modified_gmt":"2021-06-30T16:00:00","slug":"wien-nach-toetung-einer-13-jaehrigen-fordern-regierungsmitglieder-haerte","status":"publish","type":"post","link":"https:\/\/super-news.info\/de\/wien-nach-toetung-einer-13-jaehrigen-fordern-regierungsmitglieder-haerte\/","title":{"rendered":"Wien: Nach T\u00f6tung einer 13-J\u00e4hrigen fordern Regierungsmitglieder H\u00e4rte"},"content":{"rendered":"<p> &#8222;Barbarischer Mord&#8220;<br \/>\n Nach T\u00f6tung einer 13-J\u00e4hrigen in \u00d6sterreich: Regierungsmitglieder setzen bei Abschiebung auf H\u00e4rte<\/p>\n<p> Nach dem &#8222;barbarischen Mord&#8220; werde man \u00fcber \u00c4nderungen bei Abschiebungen nachdenken,\u00a0sagte Kanzleramtsministerin Karoline Edtstadler in Wien (Archivbild vom Februar 2021)<br \/>\n \u00a9 Roland Schlager \/ DPA<\/p>\n<p> Der Tod einer 13-J\u00e4hrigen in Wien f\u00fchrte zu politischen Diskussion \u00fcber m\u00f6gliche \u00c4nderungen von Abschieberegelungen. Einzelne Mitglieder der regierenden \u00d6VP fordern nun H\u00e4rte.<\/p>\n<p> Nach der T\u00f6tung einer 13-J\u00e4hrigen in Wien wollen \u00d6sterreichs regierende Konservative Abschiebungen ins Ausland beschleunigen. Die beiden 16 und 18 Jahre alten Verd\u00e4chtigen aus Afghanistan wurden am Mittwoch aus der Polizeihaft in eine Justizanstalt \u00fcberstellt. &#8222;Menschen, die von uns Schutz wollen und unsere Werte mit F\u00fc\u00dfen treten und das auch noch in Taten zum Ausdruck bringen, haben bei uns nichts verloren&#8220;, sagte Kanzleramtsministerin Karoline Edtstadler (\u00d6VP). Nach dem &#8222;barbarischen Mord&#8220; werde man \u00fcber \u00c4nderungen bei Abschiebungen nachdenken.      <\/p>\n<p> Internationale Aktion<\/p>\n<p> Gigantischer Schlag gegen Kriminalit\u00e4t im Darknet: 170 Verhaftungen wegen Drogen und Waffen <\/p>\n<p> 23.09.2020<\/p>\n<p> Kanzler Kurz gegen Abschiebestopp nach Afghanistan<\/p>\n<p> Der 18-J\u00e4hrige war wegen Drogendelikten und Diebstahls vorbestraft. Deshalb wurde ihm sein Status als subsidi\u00e4r Schutzberechtigter aberkannt. Der 16-J\u00e4hrige war Asylbewerber. Die Polizei ermittele zu weiteren m\u00f6glichen Tatverd\u00e4chtigen, sagte ein Sprecher der Deutschen Presse-Agentur. Zu Berichten \u00fcber einen fl\u00fcchtigen jungen Mann sagte er aus ermittlungstaktischen Gr\u00fcnden nichts.                <\/p>\n<p> Edtstadler verwies darauf, dass der 18-J\u00e4hrige trotz dreier Verurteilungen gegen seine Abschiebung Berufung einlegen konnte. \u00d6sterreichs Kanzler Sebastian Kurz (\u00d6VP) sprach sich gegen ein \u00dcberdenken von Abschiebungen in das Krisenland Afghanistan aus, das die mitregierenden Gr\u00fcnen gefordert hatten. &#8222;Einen Abschiebestopp nach Afghanistan wird es mit mir nicht geben&#8220;, sagte er.                <\/p>\n<p> Zahlen des Bundesinnenministeriums<br \/>\n Gewalt, Drogen, Diebstahl: Das sind Deutschlands gef\u00e4hrlichste Bahnh\u00f6fe<\/p>\n<p> Zur\u00fcck<br \/>\n Weiter<\/p>\n<p> Das sind Deutschlands gef\u00e4hrlichste Bahnh\u00f6fe<\/p>\n<p> Platz 1 Gewaltdelikte: Hamburg Hauptbahnhof mit 300 registrierten Taten im zweiten Halbjahr 2020<br \/>\n Mehr<\/p>\n<p> Leiche am Samstag auf Wiener Gr\u00fcnstreifen entdeckt<\/p>\n<p> Nach Ermittlungen der Polizei ging das M\u00e4dchen freiwillig in die Wohnung des 18-J\u00e4hrigen mit. Dort sei sie unter Drogen gesetzt und sexuell missbraucht worden. Gerichtsmediziner stellten den Tod durch Ersticken und viele Bluterg\u00fcsse fest. Die Leiche des M\u00e4dchens wurde am Samstag auf einem Gr\u00fcnstreifen in einer Wohngegend entdeckt.<br \/>\n km<br \/>\n DPA<\/p>\n<p> #Themen<\/p>\n<p>\n<!--noindex--><br \/>\n<a href=\"https:\/\/www.stern.de\/politik\/ausland\/wien--nach-toetung-einer-13-jaehrigen-fordern-regierungsmitglieder-haerte-30595944.html?utm_campaign=alle&#038;utm_medium=rss-feed&#038;utm_source=standard\" rel=\"nofollow\">Source link <\/a><br \/>\n<!--\/noindex--><\/p>\n","protected":false},"excerpt":{"rendered":"<p>&#8222;Barbarischer Mord&#8220; Nach T\u00f6tung einer 13-J\u00e4hrigen in \u00d6sterreich: Regierungsmitglieder setzen bei Abschiebung auf H\u00e4rte Nach dem &#8222;barbarischen Mord&#8220; werde man \u00fcber \u00c4nderungen bei Abschiebungen nachdenken,\u00a0sagte Kanzleramtsministerin Karoline Edtstadler in Wien (Archivbild vom Februar 2021) \u00a9 Roland Schlager \/ DPA Der Tod einer 13-J\u00e4hrigen in Wien f\u00fchrte zu politischen Diskussion \u00fcber m\u00f6gliche \u00c4nderungen von Abschieberegelungen. Einzelne [&hellip;]<\/p>\n","protected":false},"author":1,"featured_media":1919,"comment_status":"open","ping_status":"open","sticky":false,"template":"","format":"standard","meta":{"footnotes":""},"categories":[1],"tags":[],"class_list":["post-1918","post","type-post","status-publish","format-standard","has-post-thumbnail","hentry","category-neuigkeiten"],"yoast_head":"<!-- This site is optimized with the Yoast SEO plugin v27.4 - https:\/\/yoast.com\/product\/yoast-seo-wordpress\/ -->\n<title>Wien: Nach T\u00f6tung einer 13-J\u00e4hrigen fordern Regierungsmitglieder H\u00e4rte - Super News<\/title>\n<meta name=\"robots\" content=\"index, follow, max-snippet:-1, max-image-preview:large, max-video-preview:-1\" \/>\n<link rel=\"canonical\" href=\"https:\/\/super-news.info\/de\/wien-nach-toetung-einer-13-jaehrigen-fordern-regierungsmitglieder-haerte\/\" \/>\n<meta property=\"og:locale\" content=\"de_DE\" \/>\n<meta property=\"og:type\" content=\"article\" \/>\n<meta property=\"og:title\" content=\"Wien: Nach T\u00f6tung einer 13-J\u00e4hrigen fordern Regierungsmitglieder H\u00e4rte - Super News\" \/>\n<meta property=\"og:description\" content=\"&#8222;Barbarischer Mord&#8220; Nach T\u00f6tung einer 13-J\u00e4hrigen in \u00d6sterreich: Regierungsmitglieder setzen bei Abschiebung auf H\u00e4rte Nach dem &#8222;barbarischen Mord&#8220; werde man \u00fcber \u00c4nderungen bei Abschiebungen nachdenken,\u00a0sagte Kanzleramtsministerin Karoline Edtstadler in Wien (Archivbild vom Februar 2021) \u00a9 Roland Schlager \/ DPA Der Tod einer 13-J\u00e4hrigen in Wien f\u00fchrte zu politischen Diskussion \u00fcber m\u00f6gliche \u00c4nderungen von Abschieberegelungen. Einzelne [&hellip;]\" \/>\n<meta property=\"og:url\" content=\"https:\/\/super-news.info\/de\/wien-nach-toetung-einer-13-jaehrigen-fordern-regierungsmitglieder-haerte\/\" \/>\n<meta property=\"og:site_name\" content=\"Super News\" \/>\n<meta property=\"article:published_time\" content=\"2021-06-30T15:59:58+00:00\" \/>\n<meta property=\"article:modified_time\" content=\"2021-06-30T16:00:00+00:00\" \/>\n<meta property=\"og:image\" content=\"https:\/\/super-news.info\/de\/wp-content\/uploads\/sites\/13\/2021\/06\/Wien-Nach-Toetung-einer-13-Jaehrigen-fordern-Regierungsmitglieder-Haerte.jpg\" \/>\n\t<meta property=\"og:image:width\" content=\"1440\" \/>\n\t<meta property=\"og:image:height\" content=\"810\" \/>\n\t<meta property=\"og:image:type\" content=\"image\/jpeg\" \/>\n<meta name=\"author\" content=\"super news\" \/>\n<meta name=\"twitter:card\" content=\"summary_large_image\" \/>\n<meta name=\"twitter:label1\" content=\"Verfasst von\" \/>\n\t<meta name=\"twitter:data1\" content=\"super news\" \/>\n\t<meta name=\"twitter:label2\" content=\"Gesch\u00e4tzte Lesezeit\" \/>\n\t<meta name=\"twitter:data2\" content=\"2\u00a0Minuten\" \/>\n<script type=\"application\/ld+json\" class=\"yoast-schema-graph\">{\"@context\":\"https:\\\/\\\/schema.org\",\"@graph\":[{\"@type\":\"Article\",\"@id\":\"https:\\\/\\\/super-news.info\\\/de\\\/wien-nach-toetung-einer-13-jaehrigen-fordern-regierungsmitglieder-haerte\\\/#article\",\"isPartOf\":{\"@id\":\"https:\\\/\\\/super-news.info\\\/de\\\/wien-nach-toetung-einer-13-jaehrigen-fordern-regierungsmitglieder-haerte\\\/\"},\"author\":{\"name\":\"super news\",\"@id\":\"https:\\\/\\\/super-news.info\\\/de\\\/#\\\/schema\\\/person\\\/2b9ff946d06444e803cb306ffcfd1045\"},\"headline\":\"Wien: Nach T\u00f6tung einer 13-J\u00e4hrigen fordern Regierungsmitglieder H\u00e4rte\",\"datePublished\":\"2021-06-30T15:59:58+00:00\",\"dateModified\":\"2021-06-30T16:00:00+00:00\",\"mainEntityOfPage\":{\"@id\":\"https:\\\/\\\/super-news.info\\\/de\\\/wien-nach-toetung-einer-13-jaehrigen-fordern-regierungsmitglieder-haerte\\\/\"},\"wordCount\":383,\"commentCount\":0,\"image\":{\"@id\":\"https:\\\/\\\/super-news.info\\\/de\\\/wien-nach-toetung-einer-13-jaehrigen-fordern-regierungsmitglieder-haerte\\\/#primaryimage\"},\"thumbnailUrl\":\"https:\\\/\\\/super-news.info\\\/de\\\/wp-content\\\/uploads\\\/sites\\\/13\\\/2021\\\/06\\\/Wien-Nach-Toetung-einer-13-Jaehrigen-fordern-Regierungsmitglieder-Haerte.jpg\",\"articleSection\":[\"NEUIGKEITEN\"],\"inLanguage\":\"de\",\"potentialAction\":[{\"@type\":\"CommentAction\",\"name\":\"Comment\",\"target\":[\"https:\\\/\\\/super-news.info\\\/de\\\/wien-nach-toetung-einer-13-jaehrigen-fordern-regierungsmitglieder-haerte\\\/#respond\"]}]},{\"@type\":\"WebPage\",\"@id\":\"https:\\\/\\\/super-news.info\\\/de\\\/wien-nach-toetung-einer-13-jaehrigen-fordern-regierungsmitglieder-haerte\\\/\",\"url\":\"https:\\\/\\\/super-news.info\\\/de\\\/wien-nach-toetung-einer-13-jaehrigen-fordern-regierungsmitglieder-haerte\\\/\",\"name\":\"Wien: Nach T\u00f6tung einer 13-J\u00e4hrigen fordern Regierungsmitglieder H\u00e4rte - Super News\",\"isPartOf\":{\"@id\":\"https:\\\/\\\/super-news.info\\\/de\\\/#website\"},\"primaryImageOfPage\":{\"@id\":\"https:\\\/\\\/super-news.info\\\/de\\\/wien-nach-toetung-einer-13-jaehrigen-fordern-regierungsmitglieder-haerte\\\/#primaryimage\"},\"image\":{\"@id\":\"https:\\\/\\\/super-news.info\\\/de\\\/wien-nach-toetung-einer-13-jaehrigen-fordern-regierungsmitglieder-haerte\\\/#primaryimage\"},\"thumbnailUrl\":\"https:\\\/\\\/super-news.info\\\/de\\\/wp-content\\\/uploads\\\/sites\\\/13\\\/2021\\\/06\\\/Wien-Nach-Toetung-einer-13-Jaehrigen-fordern-Regierungsmitglieder-Haerte.jpg\",\"datePublished\":\"2021-06-30T15:59:58+00:00\",\"dateModified\":\"2021-06-30T16:00:00+00:00\",\"author\":{\"@id\":\"https:\\\/\\\/super-news.info\\\/de\\\/#\\\/schema\\\/person\\\/2b9ff946d06444e803cb306ffcfd1045\"},\"breadcrumb\":{\"@id\":\"https:\\\/\\\/super-news.info\\\/de\\\/wien-nach-toetung-einer-13-jaehrigen-fordern-regierungsmitglieder-haerte\\\/#breadcrumb\"},\"inLanguage\":\"de\",\"potentialAction\":[{\"@type\":\"ReadAction\",\"target\":[\"https:\\\/\\\/super-news.info\\\/de\\\/wien-nach-toetung-einer-13-jaehrigen-fordern-regierungsmitglieder-haerte\\\/\"]}]},{\"@type\":\"ImageObject\",\"inLanguage\":\"de\",\"@id\":\"https:\\\/\\\/super-news.info\\\/de\\\/wien-nach-toetung-einer-13-jaehrigen-fordern-regierungsmitglieder-haerte\\\/#primaryimage\",\"url\":\"https:\\\/\\\/super-news.info\\\/de\\\/wp-content\\\/uploads\\\/sites\\\/13\\\/2021\\\/06\\\/Wien-Nach-Toetung-einer-13-Jaehrigen-fordern-Regierungsmitglieder-Haerte.jpg\",\"contentUrl\":\"https:\\\/\\\/super-news.info\\\/de\\\/wp-content\\\/uploads\\\/sites\\\/13\\\/2021\\\/06\\\/Wien-Nach-Toetung-einer-13-Jaehrigen-fordern-Regierungsmitglieder-Haerte.jpg\",\"width\":1440,\"height\":810,\"caption\":\"Wien: Nach T\u00f6tung einer 13-J\u00e4hrigen fordern Regierungsmitglieder H\u00e4rte\"},{\"@type\":\"BreadcrumbList\",\"@id\":\"https:\\\/\\\/super-news.info\\\/de\\\/wien-nach-toetung-einer-13-jaehrigen-fordern-regierungsmitglieder-haerte\\\/#breadcrumb\",\"itemListElement\":[{\"@type\":\"ListItem\",\"position\":1,\"name\":\"Home\",\"item\":\"https:\\\/\\\/super-news.info\\\/de\\\/\"},{\"@type\":\"ListItem\",\"position\":2,\"name\":\"Wien: Nach T\u00f6tung einer 13-J\u00e4hrigen fordern Regierungsmitglieder H\u00e4rte\"}]},{\"@type\":\"WebSite\",\"@id\":\"https:\\\/\\\/super-news.info\\\/de\\\/#website\",\"url\":\"https:\\\/\\\/super-news.info\\\/de\\\/\",\"name\":\"Super News\",\"description\":\"Super News Germany\",\"potentialAction\":[{\"@type\":\"SearchAction\",\"target\":{\"@type\":\"EntryPoint\",\"urlTemplate\":\"https:\\\/\\\/super-news.info\\\/de\\\/?s={search_term_string}\"},\"query-input\":{\"@type\":\"PropertyValueSpecification\",\"valueRequired\":true,\"valueName\":\"search_term_string\"}}],\"inLanguage\":\"de\"},{\"@type\":\"Person\",\"@id\":\"https:\\\/\\\/super-news.info\\\/de\\\/#\\\/schema\\\/person\\\/2b9ff946d06444e803cb306ffcfd1045\",\"name\":\"super news\",\"image\":{\"@type\":\"ImageObject\",\"inLanguage\":\"de\",\"@id\":\"https:\\\/\\\/secure.gravatar.com\\\/avatar\\\/98e0b303f300d45b2a94684c5e4dda8baa4a5e9710b579f7493c8612061d08bf?s=96&d=mm&r=g\",\"url\":\"https:\\\/\\\/secure.gravatar.com\\\/avatar\\\/98e0b303f300d45b2a94684c5e4dda8baa4a5e9710b579f7493c8612061d08bf?s=96&d=mm&r=g\",\"contentUrl\":\"https:\\\/\\\/secure.gravatar.com\\\/avatar\\\/98e0b303f300d45b2a94684c5e4dda8baa4a5e9710b579f7493c8612061d08bf?s=96&d=mm&r=g\",\"caption\":\"super news\"},\"url\":\"https:\\\/\\\/super-news.info\\\/de\\\/author\\\/manuel\\\/\"}]}<\/script>\n<!-- \/ Yoast SEO plugin. -->","yoast_head_json":{"title":"Wien: Nach T\u00f6tung einer 13-J\u00e4hrigen fordern Regierungsmitglieder H\u00e4rte - Super News","robots":{"index":"index","follow":"follow","max-snippet":"max-snippet:-1","max-image-preview":"max-image-preview:large","max-video-preview":"max-video-preview:-1"},"canonical":"https:\/\/super-news.info\/de\/wien-nach-toetung-einer-13-jaehrigen-fordern-regierungsmitglieder-haerte\/","og_locale":"de_DE","og_type":"article","og_title":"Wien: Nach T\u00f6tung einer 13-J\u00e4hrigen fordern Regierungsmitglieder H\u00e4rte - Super News","og_description":"&#8222;Barbarischer Mord&#8220; Nach T\u00f6tung einer 13-J\u00e4hrigen in \u00d6sterreich: Regierungsmitglieder setzen bei Abschiebung auf H\u00e4rte Nach dem &#8222;barbarischen Mord&#8220; werde man \u00fcber \u00c4nderungen bei Abschiebungen nachdenken,\u00a0sagte Kanzleramtsministerin Karoline Edtstadler in Wien (Archivbild vom Februar 2021) \u00a9 Roland Schlager \/ DPA Der Tod einer 13-J\u00e4hrigen in Wien f\u00fchrte zu politischen Diskussion \u00fcber m\u00f6gliche \u00c4nderungen von Abschieberegelungen. Einzelne [&hellip;]","og_url":"https:\/\/super-news.info\/de\/wien-nach-toetung-einer-13-jaehrigen-fordern-regierungsmitglieder-haerte\/","og_site_name":"Super News","article_published_time":"2021-06-30T15:59:58+00:00","article_modified_time":"2021-06-30T16:00:00+00:00","og_image":[{"width":1440,"height":810,"url":"https:\/\/super-news.info\/de\/wp-content\/uploads\/sites\/13\/2021\/06\/Wien-Nach-Toetung-einer-13-Jaehrigen-fordern-Regierungsmitglieder-Haerte.jpg","type":"image\/jpeg"}],"author":"super news","twitter_card":"summary_large_image","twitter_misc":{"Verfasst von":"super news","Gesch\u00e4tzte Lesezeit":"2\u00a0Minuten"},"schema":{"@context":"https:\/\/schema.org","@graph":[{"@type":"Article","@id":"https:\/\/super-news.info\/de\/wien-nach-toetung-einer-13-jaehrigen-fordern-regierungsmitglieder-haerte\/#article","isPartOf":{"@id":"https:\/\/super-news.info\/de\/wien-nach-toetung-einer-13-jaehrigen-fordern-regierungsmitglieder-haerte\/"},"author":{"name":"super news","@id":"https:\/\/super-news.info\/de\/#\/schema\/person\/2b9ff946d06444e803cb306ffcfd1045"},"headline":"Wien: Nach T\u00f6tung einer 13-J\u00e4hrigen fordern Regierungsmitglieder H\u00e4rte","datePublished":"2021-06-30T15:59:58+00:00","dateModified":"2021-06-30T16:00:00+00:00","mainEntityOfPage":{"@id":"https:\/\/super-news.info\/de\/wien-nach-toetung-einer-13-jaehrigen-fordern-regierungsmitglieder-haerte\/"},"wordCount":383,"commentCount":0,"image":{"@id":"https:\/\/super-news.info\/de\/wien-nach-toetung-einer-13-jaehrigen-fordern-regierungsmitglieder-haerte\/#primaryimage"},"thumbnailUrl":"https:\/\/super-news.info\/de\/wp-content\/uploads\/sites\/13\/2021\/06\/Wien-Nach-Toetung-einer-13-Jaehrigen-fordern-Regierungsmitglieder-Haerte.jpg","articleSection":["NEUIGKEITEN"],"inLanguage":"de","potentialAction":[{"@type":"CommentAction","name":"Comment","target":["https:\/\/super-news.info\/de\/wien-nach-toetung-einer-13-jaehrigen-fordern-regierungsmitglieder-haerte\/#respond"]}]},{"@type":"WebPage","@id":"https:\/\/super-news.info\/de\/wien-nach-toetung-einer-13-jaehrigen-fordern-regierungsmitglieder-haerte\/","url":"https:\/\/super-news.info\/de\/wien-nach-toetung-einer-13-jaehrigen-fordern-regierungsmitglieder-haerte\/","name":"Wien: Nach T\u00f6tung einer 13-J\u00e4hrigen fordern Regierungsmitglieder H\u00e4rte - Super News","isPartOf":{"@id":"https:\/\/super-news.info\/de\/#website"},"primaryImageOfPage":{"@id":"https:\/\/super-news.info\/de\/wien-nach-toetung-einer-13-jaehrigen-fordern-regierungsmitglieder-haerte\/#primaryimage"},"image":{"@id":"https:\/\/super-news.info\/de\/wien-nach-toetung-einer-13-jaehrigen-fordern-regierungsmitglieder-haerte\/#primaryimage"},"thumbnailUrl":"https:\/\/super-news.info\/de\/wp-content\/uploads\/sites\/13\/2021\/06\/Wien-Nach-Toetung-einer-13-Jaehrigen-fordern-Regierungsmitglieder-Haerte.jpg","datePublished":"2021-06-30T15:59:58+00:00","dateModified":"2021-06-30T16:00:00+00:00","author":{"@id":"https:\/\/super-news.info\/de\/#\/schema\/person\/2b9ff946d06444e803cb306ffcfd1045"},"breadcrumb":{"@id":"https:\/\/super-news.info\/de\/wien-nach-toetung-einer-13-jaehrigen-fordern-regierungsmitglieder-haerte\/#breadcrumb"},"inLanguage":"de","potentialAction":[{"@type":"ReadAction","target":["https:\/\/super-news.info\/de\/wien-nach-toetung-einer-13-jaehrigen-fordern-regierungsmitglieder-haerte\/"]}]},{"@type":"ImageObject","inLanguage":"de","@id":"https:\/\/super-news.info\/de\/wien-nach-toetung-einer-13-jaehrigen-fordern-regierungsmitglieder-haerte\/#primaryimage","url":"https:\/\/super-news.info\/de\/wp-content\/uploads\/sites\/13\/2021\/06\/Wien-Nach-Toetung-einer-13-Jaehrigen-fordern-Regierungsmitglieder-Haerte.jpg","contentUrl":"https:\/\/super-news.info\/de\/wp-content\/uploads\/sites\/13\/2021\/06\/Wien-Nach-Toetung-einer-13-Jaehrigen-fordern-Regierungsmitglieder-Haerte.jpg","width":1440,"height":810,"caption":"Wien: Nach T\u00f6tung einer 13-J\u00e4hrigen fordern Regierungsmitglieder H\u00e4rte"},{"@type":"BreadcrumbList","@id":"https:\/\/super-news.info\/de\/wien-nach-toetung-einer-13-jaehrigen-fordern-regierungsmitglieder-haerte\/#breadcrumb","itemListElement":[{"@type":"ListItem","position":1,"name":"Home","item":"https:\/\/super-news.info\/de\/"},{"@type":"ListItem","position":2,"name":"Wien: Nach T\u00f6tung einer 13-J\u00e4hrigen fordern Regierungsmitglieder H\u00e4rte"}]},{"@type":"WebSite","@id":"https:\/\/super-news.info\/de\/#website","url":"https:\/\/super-news.info\/de\/","name":"Super News","description":"Super News Germany","potentialAction":[{"@type":"SearchAction","target":{"@type":"EntryPoint","urlTemplate":"https:\/\/super-news.info\/de\/?s={search_term_string}"},"query-input":{"@type":"PropertyValueSpecification","valueRequired":true,"valueName":"search_term_string"}}],"inLanguage":"de"},{"@type":"Person","@id":"https:\/\/super-news.info\/de\/#\/schema\/person\/2b9ff946d06444e803cb306ffcfd1045","name":"super news","image":{"@type":"ImageObject","inLanguage":"de","@id":"https:\/\/secure.gravatar.com\/avatar\/98e0b303f300d45b2a94684c5e4dda8baa4a5e9710b579f7493c8612061d08bf?s=96&d=mm&r=g","url":"https:\/\/secure.gravatar.com\/avatar\/98e0b303f300d45b2a94684c5e4dda8baa4a5e9710b579f7493c8612061d08bf?s=96&d=mm&r=g","contentUrl":"https:\/\/secure.gravatar.com\/avatar\/98e0b303f300d45b2a94684c5e4dda8baa4a5e9710b579f7493c8612061d08bf?s=96&d=mm&r=g","caption":"super news"},"url":"https:\/\/super-news.info\/de\/author\/manuel\/"}]}},"_links":{"self":[{"href":"https:\/\/super-news.info\/de\/wp-json\/wp\/v2\/posts\/1918","targetHints":{"allow":["GET"]}}],"collection":[{"href":"https:\/\/super-news.info\/de\/wp-json\/wp\/v2\/posts"}],"about":[{"href":"https:\/\/super-news.info\/de\/wp-json\/wp\/v2\/types\/post"}],"author":[{"embeddable":true,"href":"https:\/\/super-news.info\/de\/wp-json\/wp\/v2\/users\/1"}],"replies":[{"embeddable":true,"href":"https:\/\/super-news.info\/de\/wp-json\/wp\/v2\/comments?post=1918"}],"version-history":[{"count":1,"href":"https:\/\/super-news.info\/de\/wp-json\/wp\/v2\/posts\/1918\/revisions"}],"predecessor-version":[{"id":1920,"href":"https:\/\/super-news.info\/de\/wp-json\/wp\/v2\/posts\/1918\/revisions\/1920"}],"wp:featuredmedia":[{"embeddable":true,"href":"https:\/\/super-news.info\/de\/wp-json\/wp\/v2\/media\/1919"}],"wp:attachment":[{"href":"https:\/\/super-news.info\/de\/wp-json\/wp\/v2\/media?parent=1918"}],"wp:term":[{"taxonomy":"category","embeddable":true,"href":"https:\/\/super-news.info\/de\/wp-json\/wp\/v2\/categories?post=1918"},{"taxonomy":"post_tag","embeddable":true,"href":"https:\/\/super-news.info\/de\/wp-json\/wp\/v2\/tags?post=1918"}],"curies":[{"name":"wp","href":"https:\/\/api.w.org\/{rel}","templated":true}]}}