{"id":1842,"date":"2021-06-19T15:24:47","date_gmt":"2021-06-19T15:24:47","guid":{"rendered":"https:\/\/super-news.info\/de\/deutschland-gegen-portugal-joachim-loew-vertraut-der-frankreich-startelf\/"},"modified":"2021-06-19T15:24:49","modified_gmt":"2021-06-19T15:24:49","slug":"deutschland-gegen-portugal-joachim-loew-vertraut-der-frankreich-startelf","status":"publish","type":"post","link":"https:\/\/super-news.info\/de\/deutschland-gegen-portugal-joachim-loew-vertraut-der-frankreich-startelf\/","title":{"rendered":"Deutschland gegen Portugal: Joachim L\u00f6w vertraut der Frankreich-Startelf"},"content":{"rendered":"<p> EM 2021<br \/>\n &#8222;System ist variabel&#8220; &#8211; dieser Aufstellung vertraut L\u00f6w gegen Portugal<\/p>\n<p> Nationalspieler Joshua Kimmich spielt nat\u00fcrlich auch gegen Portugal &#8211; nur wo, ist noch offen<br \/>\n \u00a9 Matthias Hangst \/ Getty Images<\/p>\n<p> Die deutsche Nationalmannschaft trifft im zweiten Gruppenspiel der EM 2021 auf Portugal. Nach der 0:1-Niederlage gegen Frankreich steht das Team von Joachim L\u00f6w bereits unter Druck. L\u00f6w schickt die Startelf aus dem Frankreich-Spiel auf den Rasen &#8211; ob es eine Systemumstellung gibt, ist noch offen.<\/p>\n<p> \u00dcber nichts wird vor und nach einem Spiel so leidenschaftlich diskutiert wie \u00fcber die Aufstellung. Joachim L\u00f6w kennt das schon aus seinen Jahren als Bundestrainer. Doch noch nie gab es wohl so viele grundlegende Kontroversen wie aktuell bei der EM 2021. Das 3-4-3-System des DFB-Teams steht\u00a0in der Kritik und bei Einzelentscheidungen wie zu Bayern-Mittelfeld-Star Joshua Kimmich, der gegen Frankreich mal wieder auf dem rechten Fl\u00fcgel ranmusste, gab es viele Diskussionen.                <\/p>\n<p> Gegen Portugal (ab 18 Uhr live) schickt Joachim L\u00f6w seine Elf zun\u00e4chst in unver\u00e4nderter Aufstellung aufs Feld.\u00a0&#8222;Als Trainer macht man sich viele Gedanken: Aber \u00fcber rechts ist Kimmich wichtig, er macht dort viel Betrieb&#8220;, sagte L\u00f6w vor dem Spiel im Interview bei der ARD.\u00a0&#8222;Das System ist variabel, wichtig ist, dass wir genug Leute ins letzte Drittel bringen.&#8220; So sieht die Aufstellung aus: Neuer &#8211; R\u00fcdiger, Hummels, Ginter &#8211; Gosens, Kimmich, G\u00fcndogan, Kroos &#8211; M\u00fcller, Havertz, Gnabry. Ob es einen Systemwechsel gibt, zeigt sich vermutlich erst zum Anpfiff. M\u00f6glich w\u00e4re, dass Ginter und Gosens als klassische Au\u00dfenverteidiger in einer Viererkette agieren und Kimmich mit G\u00fcndogan und Kroos ein Dreiermittelfeld bildet.\u00a0                <\/p>\n<p> An dieser Stelle hat unsere Redaktion Inhalte aus Twitter<br \/>\n integriert.<\/p>\n<p> Aufgrund Ihrer Datenschutz-Einstellungen wurden diese Inhalte nicht geladen, um Ihre Privatsph\u00e4re zu sch\u00fctzen.<\/p>\n<p> DATENSCHUTZ-EINSTELLUNGEN    Hier k\u00f6nnen Sie die Einstellungen f\u00fcr die Anbieter \u00e4ndern, deren Inhalte sie anzeigen m\u00f6chten. Diese Anbieter<br \/>\n setzen m\u00f6glicherweise Cookies und sammeln Informationen zu Ihrem Browser und weiteren, vom jeweiligen Anbieter bestimmten Kriterien.<br \/>\n Weitere Informationen finden Sie in den Datenschutzhinweisen.<\/p>\n<p> Ballack: &#8222;Brauchen andere Aufstellung&#8220;<\/p>\n<p> Egal ob ehemalige DFB-Spieler oder kommentierende Pressevertreter: Viele hatten sich im Vorfeld der Partie\u00a0gegen Portugal eine Umstellung gew\u00fcnscht. So hatte sich der fr\u00fchere Kapit\u00e4n Michael Ballack f\u00fcr eine offensive Ausrichtung der\u00a0deutschen Nationalmannschaft im zweiten EM-Gruppenspiel ausgesprochen. Er forderte zudem\u00a0personelle Umstellungen. &#8222;Wir brauchen eine Topmentalit\u00e4t. Und ich sage, dass wir eine andere\u00a0Aufstellung\u00a0brauchen \u2013 dann traue ich dem Team einen Sieg zu&#8220;, sagte der 44-J\u00e4hrige im Interview des &#8222;Sportbuzzer&#8220; vor der Partie\u00a0in M\u00fcnchen.\u00a0Bundestrainer Joachim L\u00f6w habe verschiedene taktische Varianten im Kopf, sagte Ballack. &#8222;Dazu geh\u00f6rt auch das System mit einer Viererkette in der Abwehr und einer offensiven Dreierreihe mit zwei Fl\u00fcgelspielern.&#8220;\u00a0                <\/p>\n<p> Auch der langj\u00e4hrige Nationalmannschafts-Beobachter und &#8222;kicker&#8220;-Chefreporter Karlheinz Wild forderte in seiner Kolumne eine Systemumstellung auf Viererkette. Er schrieb: &#8222;Das deutsche Team braucht Tempo.&#8220; Er forderte daher einen Einsatz von Leroy San\u00e9 oder Timo Werner. Und eine Ver\u00e4nderung im Mittelfeld. Er w\u00fcnscht sich Joshua Kimmich im Zentrum: &#8222;Der Versuch mit Joshua Kimmich rechts blieb nicht mehr als eine Notl\u00f6sung. Der Sechser des FC Bayern darf wieder Sechser des DFB sein und in der Mitte wirken, als Antreiber und Gestalter, aber &#8211; ganz wichtig! &#8211; ebenso als defensive Autorit\u00e4t.&#8220;<br \/>\n DFB-Team: Musiala nicht im Kader &#8211; Portugal ohne Joao\u00a0Felix<\/p>\n<p> Gegen Portugal nicht\u00a0im 23 Spieler umfassenden Aufgebot sind Lukas Klostermann (Muskelfaserriss), Jonas Hofmann (Knie) sowie Jamal Musiala. Der 18-j\u00e4hrige Bayern-Profi hatte in der Vorbereitung etliche Einheiten wegen muskul\u00e4rer Probleme verpasst. Auch gegen Frankreich musste der Offensivspieler bereits auf der Trib\u00fcne Platz nehmen.                <\/p>\n<p> Portugal muss unterdessen auf Joao Felix verzichten. Er steht nicht im 23er Kader. Die Portugiesen spielen so: Rui Patricio &#8211; Nelson Semedo, Pepe, Ruben Dias, Guerreiro &#8211; William Carvalho, Danilo Pereira, Bruno Fernandes &#8211; Bernardo Silva, Cristiano Ronaldo, Diego Jota.        <\/p>\n<p>\n<!--noindex--><br \/>\n<a href=\"https:\/\/www.stern.de\/sport\/fussball\/em-2021\/deutschland-gegen-portugal--joachim-loew-vertraut-der-frankreich-startelf-30579296.html?utm_campaign=alle&#038;utm_medium=rss-feed&#038;utm_source=standard\" rel=\"nofollow\">Source link <\/a><br \/>\n<!--\/noindex--><\/p>\n","protected":false},"excerpt":{"rendered":"<p>EM 2021 &#8222;System ist variabel&#8220; &#8211; dieser Aufstellung vertraut L\u00f6w gegen Portugal Nationalspieler Joshua Kimmich spielt nat\u00fcrlich auch gegen Portugal &#8211; nur wo, ist noch offen \u00a9 Matthias Hangst \/ Getty Images Die deutsche Nationalmannschaft trifft im zweiten Gruppenspiel der EM 2021 auf Portugal. Nach der 0:1-Niederlage gegen Frankreich steht das Team von Joachim L\u00f6w [&hellip;]<\/p>\n","protected":false},"author":1,"featured_media":1843,"comment_status":"open","ping_status":"open","sticky":false,"template":"","format":"standard","meta":{"footnotes":""},"categories":[1],"tags":[],"class_list":["post-1842","post","type-post","status-publish","format-standard","has-post-thumbnail","hentry","category-neuigkeiten"],"yoast_head":"<!-- This site is optimized with the Yoast SEO plugin v27.4 - https:\/\/yoast.com\/product\/yoast-seo-wordpress\/ -->\n<title>Deutschland gegen Portugal: Joachim L\u00f6w vertraut der Frankreich-Startelf - Super News<\/title>\n<meta name=\"robots\" content=\"index, follow, max-snippet:-1, max-image-preview:large, max-video-preview:-1\" \/>\n<link rel=\"canonical\" href=\"https:\/\/super-news.info\/de\/deutschland-gegen-portugal-joachim-loew-vertraut-der-frankreich-startelf\/\" \/>\n<meta property=\"og:locale\" content=\"de_DE\" \/>\n<meta property=\"og:type\" content=\"article\" \/>\n<meta property=\"og:title\" content=\"Deutschland gegen Portugal: Joachim L\u00f6w vertraut der Frankreich-Startelf - Super News\" \/>\n<meta property=\"og:description\" content=\"EM 2021 &#8222;System ist variabel&#8220; &#8211; dieser Aufstellung vertraut L\u00f6w gegen Portugal Nationalspieler Joshua Kimmich spielt nat\u00fcrlich auch gegen Portugal &#8211; nur wo, ist noch offen \u00a9 Matthias Hangst \/ Getty Images Die deutsche Nationalmannschaft trifft im zweiten Gruppenspiel der EM 2021 auf Portugal. Nach der 0:1-Niederlage gegen Frankreich steht das Team von Joachim L\u00f6w [&hellip;]\" \/>\n<meta property=\"og:url\" content=\"https:\/\/super-news.info\/de\/deutschland-gegen-portugal-joachim-loew-vertraut-der-frankreich-startelf\/\" \/>\n<meta property=\"og:site_name\" content=\"Super News\" \/>\n<meta property=\"article:published_time\" content=\"2021-06-19T15:24:47+00:00\" \/>\n<meta property=\"article:modified_time\" content=\"2021-06-19T15:24:49+00:00\" \/>\n<meta property=\"og:image\" content=\"https:\/\/super-news.info\/de\/wp-content\/uploads\/sites\/13\/2021\/06\/Deutschland-gegen-Portugal-Joachim-Loew-vertraut-der-Frankreich-Startelf.jpg\" \/>\n\t<meta property=\"og:image:width\" content=\"1440\" \/>\n\t<meta property=\"og:image:height\" content=\"810\" \/>\n\t<meta property=\"og:image:type\" content=\"image\/jpeg\" \/>\n<meta name=\"author\" content=\"super news\" \/>\n<meta name=\"twitter:card\" content=\"summary_large_image\" \/>\n<meta name=\"twitter:label1\" content=\"Verfasst von\" \/>\n\t<meta name=\"twitter:data1\" content=\"super news\" \/>\n\t<meta name=\"twitter:label2\" content=\"Gesch\u00e4tzte Lesezeit\" \/>\n\t<meta name=\"twitter:data2\" content=\"3\u00a0Minuten\" \/>\n<script type=\"application\/ld+json\" class=\"yoast-schema-graph\">{\"@context\":\"https:\\\/\\\/schema.org\",\"@graph\":[{\"@type\":\"Article\",\"@id\":\"https:\\\/\\\/super-news.info\\\/de\\\/deutschland-gegen-portugal-joachim-loew-vertraut-der-frankreich-startelf\\\/#article\",\"isPartOf\":{\"@id\":\"https:\\\/\\\/super-news.info\\\/de\\\/deutschland-gegen-portugal-joachim-loew-vertraut-der-frankreich-startelf\\\/\"},\"author\":{\"name\":\"super news\",\"@id\":\"https:\\\/\\\/super-news.info\\\/de\\\/#\\\/schema\\\/person\\\/2b9ff946d06444e803cb306ffcfd1045\"},\"headline\":\"Deutschland gegen Portugal: Joachim L\u00f6w vertraut der Frankreich-Startelf\",\"datePublished\":\"2021-06-19T15:24:47+00:00\",\"dateModified\":\"2021-06-19T15:24:49+00:00\",\"mainEntityOfPage\":{\"@id\":\"https:\\\/\\\/super-news.info\\\/de\\\/deutschland-gegen-portugal-joachim-loew-vertraut-der-frankreich-startelf\\\/\"},\"wordCount\":659,\"commentCount\":0,\"image\":{\"@id\":\"https:\\\/\\\/super-news.info\\\/de\\\/deutschland-gegen-portugal-joachim-loew-vertraut-der-frankreich-startelf\\\/#primaryimage\"},\"thumbnailUrl\":\"https:\\\/\\\/super-news.info\\\/de\\\/wp-content\\\/uploads\\\/sites\\\/13\\\/2021\\\/06\\\/Deutschland-gegen-Portugal-Joachim-Loew-vertraut-der-Frankreich-Startelf.jpg\",\"articleSection\":[\"NEUIGKEITEN\"],\"inLanguage\":\"de\",\"potentialAction\":[{\"@type\":\"CommentAction\",\"name\":\"Comment\",\"target\":[\"https:\\\/\\\/super-news.info\\\/de\\\/deutschland-gegen-portugal-joachim-loew-vertraut-der-frankreich-startelf\\\/#respond\"]}]},{\"@type\":\"WebPage\",\"@id\":\"https:\\\/\\\/super-news.info\\\/de\\\/deutschland-gegen-portugal-joachim-loew-vertraut-der-frankreich-startelf\\\/\",\"url\":\"https:\\\/\\\/super-news.info\\\/de\\\/deutschland-gegen-portugal-joachim-loew-vertraut-der-frankreich-startelf\\\/\",\"name\":\"Deutschland gegen Portugal: Joachim L\u00f6w vertraut der Frankreich-Startelf - Super News\",\"isPartOf\":{\"@id\":\"https:\\\/\\\/super-news.info\\\/de\\\/#website\"},\"primaryImageOfPage\":{\"@id\":\"https:\\\/\\\/super-news.info\\\/de\\\/deutschland-gegen-portugal-joachim-loew-vertraut-der-frankreich-startelf\\\/#primaryimage\"},\"image\":{\"@id\":\"https:\\\/\\\/super-news.info\\\/de\\\/deutschland-gegen-portugal-joachim-loew-vertraut-der-frankreich-startelf\\\/#primaryimage\"},\"thumbnailUrl\":\"https:\\\/\\\/super-news.info\\\/de\\\/wp-content\\\/uploads\\\/sites\\\/13\\\/2021\\\/06\\\/Deutschland-gegen-Portugal-Joachim-Loew-vertraut-der-Frankreich-Startelf.jpg\",\"datePublished\":\"2021-06-19T15:24:47+00:00\",\"dateModified\":\"2021-06-19T15:24:49+00:00\",\"author\":{\"@id\":\"https:\\\/\\\/super-news.info\\\/de\\\/#\\\/schema\\\/person\\\/2b9ff946d06444e803cb306ffcfd1045\"},\"breadcrumb\":{\"@id\":\"https:\\\/\\\/super-news.info\\\/de\\\/deutschland-gegen-portugal-joachim-loew-vertraut-der-frankreich-startelf\\\/#breadcrumb\"},\"inLanguage\":\"de\",\"potentialAction\":[{\"@type\":\"ReadAction\",\"target\":[\"https:\\\/\\\/super-news.info\\\/de\\\/deutschland-gegen-portugal-joachim-loew-vertraut-der-frankreich-startelf\\\/\"]}]},{\"@type\":\"ImageObject\",\"inLanguage\":\"de\",\"@id\":\"https:\\\/\\\/super-news.info\\\/de\\\/deutschland-gegen-portugal-joachim-loew-vertraut-der-frankreich-startelf\\\/#primaryimage\",\"url\":\"https:\\\/\\\/super-news.info\\\/de\\\/wp-content\\\/uploads\\\/sites\\\/13\\\/2021\\\/06\\\/Deutschland-gegen-Portugal-Joachim-Loew-vertraut-der-Frankreich-Startelf.jpg\",\"contentUrl\":\"https:\\\/\\\/super-news.info\\\/de\\\/wp-content\\\/uploads\\\/sites\\\/13\\\/2021\\\/06\\\/Deutschland-gegen-Portugal-Joachim-Loew-vertraut-der-Frankreich-Startelf.jpg\",\"width\":1440,\"height\":810,\"caption\":\"Deutschland gegen Portugal: Joachim L\u00f6w vertraut der Frankreich-Startelf\"},{\"@type\":\"BreadcrumbList\",\"@id\":\"https:\\\/\\\/super-news.info\\\/de\\\/deutschland-gegen-portugal-joachim-loew-vertraut-der-frankreich-startelf\\\/#breadcrumb\",\"itemListElement\":[{\"@type\":\"ListItem\",\"position\":1,\"name\":\"Home\",\"item\":\"https:\\\/\\\/super-news.info\\\/de\\\/\"},{\"@type\":\"ListItem\",\"position\":2,\"name\":\"Deutschland gegen Portugal: Joachim L\u00f6w vertraut der Frankreich-Startelf\"}]},{\"@type\":\"WebSite\",\"@id\":\"https:\\\/\\\/super-news.info\\\/de\\\/#website\",\"url\":\"https:\\\/\\\/super-news.info\\\/de\\\/\",\"name\":\"Super News\",\"description\":\"Super News Germany\",\"potentialAction\":[{\"@type\":\"SearchAction\",\"target\":{\"@type\":\"EntryPoint\",\"urlTemplate\":\"https:\\\/\\\/super-news.info\\\/de\\\/?s={search_term_string}\"},\"query-input\":{\"@type\":\"PropertyValueSpecification\",\"valueRequired\":true,\"valueName\":\"search_term_string\"}}],\"inLanguage\":\"de\"},{\"@type\":\"Person\",\"@id\":\"https:\\\/\\\/super-news.info\\\/de\\\/#\\\/schema\\\/person\\\/2b9ff946d06444e803cb306ffcfd1045\",\"name\":\"super news\",\"image\":{\"@type\":\"ImageObject\",\"inLanguage\":\"de\",\"@id\":\"https:\\\/\\\/secure.gravatar.com\\\/avatar\\\/98e0b303f300d45b2a94684c5e4dda8baa4a5e9710b579f7493c8612061d08bf?s=96&d=mm&r=g\",\"url\":\"https:\\\/\\\/secure.gravatar.com\\\/avatar\\\/98e0b303f300d45b2a94684c5e4dda8baa4a5e9710b579f7493c8612061d08bf?s=96&d=mm&r=g\",\"contentUrl\":\"https:\\\/\\\/secure.gravatar.com\\\/avatar\\\/98e0b303f300d45b2a94684c5e4dda8baa4a5e9710b579f7493c8612061d08bf?s=96&d=mm&r=g\",\"caption\":\"super news\"},\"url\":\"https:\\\/\\\/super-news.info\\\/de\\\/author\\\/manuel\\\/\"}]}<\/script>\n<!-- \/ Yoast SEO plugin. -->","yoast_head_json":{"title":"Deutschland gegen Portugal: Joachim L\u00f6w vertraut der Frankreich-Startelf - Super News","robots":{"index":"index","follow":"follow","max-snippet":"max-snippet:-1","max-image-preview":"max-image-preview:large","max-video-preview":"max-video-preview:-1"},"canonical":"https:\/\/super-news.info\/de\/deutschland-gegen-portugal-joachim-loew-vertraut-der-frankreich-startelf\/","og_locale":"de_DE","og_type":"article","og_title":"Deutschland gegen Portugal: Joachim L\u00f6w vertraut der Frankreich-Startelf - Super News","og_description":"EM 2021 &#8222;System ist variabel&#8220; &#8211; dieser Aufstellung vertraut L\u00f6w gegen Portugal Nationalspieler Joshua Kimmich spielt nat\u00fcrlich auch gegen Portugal &#8211; nur wo, ist noch offen \u00a9 Matthias Hangst \/ Getty Images Die deutsche Nationalmannschaft trifft im zweiten Gruppenspiel der EM 2021 auf Portugal. Nach der 0:1-Niederlage gegen Frankreich steht das Team von Joachim L\u00f6w [&hellip;]","og_url":"https:\/\/super-news.info\/de\/deutschland-gegen-portugal-joachim-loew-vertraut-der-frankreich-startelf\/","og_site_name":"Super News","article_published_time":"2021-06-19T15:24:47+00:00","article_modified_time":"2021-06-19T15:24:49+00:00","og_image":[{"width":1440,"height":810,"url":"https:\/\/super-news.info\/de\/wp-content\/uploads\/sites\/13\/2021\/06\/Deutschland-gegen-Portugal-Joachim-Loew-vertraut-der-Frankreich-Startelf.jpg","type":"image\/jpeg"}],"author":"super news","twitter_card":"summary_large_image","twitter_misc":{"Verfasst von":"super news","Gesch\u00e4tzte Lesezeit":"3\u00a0Minuten"},"schema":{"@context":"https:\/\/schema.org","@graph":[{"@type":"Article","@id":"https:\/\/super-news.info\/de\/deutschland-gegen-portugal-joachim-loew-vertraut-der-frankreich-startelf\/#article","isPartOf":{"@id":"https:\/\/super-news.info\/de\/deutschland-gegen-portugal-joachim-loew-vertraut-der-frankreich-startelf\/"},"author":{"name":"super news","@id":"https:\/\/super-news.info\/de\/#\/schema\/person\/2b9ff946d06444e803cb306ffcfd1045"},"headline":"Deutschland gegen Portugal: Joachim L\u00f6w vertraut der Frankreich-Startelf","datePublished":"2021-06-19T15:24:47+00:00","dateModified":"2021-06-19T15:24:49+00:00","mainEntityOfPage":{"@id":"https:\/\/super-news.info\/de\/deutschland-gegen-portugal-joachim-loew-vertraut-der-frankreich-startelf\/"},"wordCount":659,"commentCount":0,"image":{"@id":"https:\/\/super-news.info\/de\/deutschland-gegen-portugal-joachim-loew-vertraut-der-frankreich-startelf\/#primaryimage"},"thumbnailUrl":"https:\/\/super-news.info\/de\/wp-content\/uploads\/sites\/13\/2021\/06\/Deutschland-gegen-Portugal-Joachim-Loew-vertraut-der-Frankreich-Startelf.jpg","articleSection":["NEUIGKEITEN"],"inLanguage":"de","potentialAction":[{"@type":"CommentAction","name":"Comment","target":["https:\/\/super-news.info\/de\/deutschland-gegen-portugal-joachim-loew-vertraut-der-frankreich-startelf\/#respond"]}]},{"@type":"WebPage","@id":"https:\/\/super-news.info\/de\/deutschland-gegen-portugal-joachim-loew-vertraut-der-frankreich-startelf\/","url":"https:\/\/super-news.info\/de\/deutschland-gegen-portugal-joachim-loew-vertraut-der-frankreich-startelf\/","name":"Deutschland gegen Portugal: Joachim L\u00f6w vertraut der Frankreich-Startelf - Super News","isPartOf":{"@id":"https:\/\/super-news.info\/de\/#website"},"primaryImageOfPage":{"@id":"https:\/\/super-news.info\/de\/deutschland-gegen-portugal-joachim-loew-vertraut-der-frankreich-startelf\/#primaryimage"},"image":{"@id":"https:\/\/super-news.info\/de\/deutschland-gegen-portugal-joachim-loew-vertraut-der-frankreich-startelf\/#primaryimage"},"thumbnailUrl":"https:\/\/super-news.info\/de\/wp-content\/uploads\/sites\/13\/2021\/06\/Deutschland-gegen-Portugal-Joachim-Loew-vertraut-der-Frankreich-Startelf.jpg","datePublished":"2021-06-19T15:24:47+00:00","dateModified":"2021-06-19T15:24:49+00:00","author":{"@id":"https:\/\/super-news.info\/de\/#\/schema\/person\/2b9ff946d06444e803cb306ffcfd1045"},"breadcrumb":{"@id":"https:\/\/super-news.info\/de\/deutschland-gegen-portugal-joachim-loew-vertraut-der-frankreich-startelf\/#breadcrumb"},"inLanguage":"de","potentialAction":[{"@type":"ReadAction","target":["https:\/\/super-news.info\/de\/deutschland-gegen-portugal-joachim-loew-vertraut-der-frankreich-startelf\/"]}]},{"@type":"ImageObject","inLanguage":"de","@id":"https:\/\/super-news.info\/de\/deutschland-gegen-portugal-joachim-loew-vertraut-der-frankreich-startelf\/#primaryimage","url":"https:\/\/super-news.info\/de\/wp-content\/uploads\/sites\/13\/2021\/06\/Deutschland-gegen-Portugal-Joachim-Loew-vertraut-der-Frankreich-Startelf.jpg","contentUrl":"https:\/\/super-news.info\/de\/wp-content\/uploads\/sites\/13\/2021\/06\/Deutschland-gegen-Portugal-Joachim-Loew-vertraut-der-Frankreich-Startelf.jpg","width":1440,"height":810,"caption":"Deutschland gegen Portugal: Joachim L\u00f6w vertraut der Frankreich-Startelf"},{"@type":"BreadcrumbList","@id":"https:\/\/super-news.info\/de\/deutschland-gegen-portugal-joachim-loew-vertraut-der-frankreich-startelf\/#breadcrumb","itemListElement":[{"@type":"ListItem","position":1,"name":"Home","item":"https:\/\/super-news.info\/de\/"},{"@type":"ListItem","position":2,"name":"Deutschland gegen Portugal: Joachim L\u00f6w vertraut der Frankreich-Startelf"}]},{"@type":"WebSite","@id":"https:\/\/super-news.info\/de\/#website","url":"https:\/\/super-news.info\/de\/","name":"Super News","description":"Super News Germany","potentialAction":[{"@type":"SearchAction","target":{"@type":"EntryPoint","urlTemplate":"https:\/\/super-news.info\/de\/?s={search_term_string}"},"query-input":{"@type":"PropertyValueSpecification","valueRequired":true,"valueName":"search_term_string"}}],"inLanguage":"de"},{"@type":"Person","@id":"https:\/\/super-news.info\/de\/#\/schema\/person\/2b9ff946d06444e803cb306ffcfd1045","name":"super news","image":{"@type":"ImageObject","inLanguage":"de","@id":"https:\/\/secure.gravatar.com\/avatar\/98e0b303f300d45b2a94684c5e4dda8baa4a5e9710b579f7493c8612061d08bf?s=96&d=mm&r=g","url":"https:\/\/secure.gravatar.com\/avatar\/98e0b303f300d45b2a94684c5e4dda8baa4a5e9710b579f7493c8612061d08bf?s=96&d=mm&r=g","contentUrl":"https:\/\/secure.gravatar.com\/avatar\/98e0b303f300d45b2a94684c5e4dda8baa4a5e9710b579f7493c8612061d08bf?s=96&d=mm&r=g","caption":"super news"},"url":"https:\/\/super-news.info\/de\/author\/manuel\/"}]}},"_links":{"self":[{"href":"https:\/\/super-news.info\/de\/wp-json\/wp\/v2\/posts\/1842","targetHints":{"allow":["GET"]}}],"collection":[{"href":"https:\/\/super-news.info\/de\/wp-json\/wp\/v2\/posts"}],"about":[{"href":"https:\/\/super-news.info\/de\/wp-json\/wp\/v2\/types\/post"}],"author":[{"embeddable":true,"href":"https:\/\/super-news.info\/de\/wp-json\/wp\/v2\/users\/1"}],"replies":[{"embeddable":true,"href":"https:\/\/super-news.info\/de\/wp-json\/wp\/v2\/comments?post=1842"}],"version-history":[{"count":1,"href":"https:\/\/super-news.info\/de\/wp-json\/wp\/v2\/posts\/1842\/revisions"}],"predecessor-version":[{"id":1844,"href":"https:\/\/super-news.info\/de\/wp-json\/wp\/v2\/posts\/1842\/revisions\/1844"}],"wp:featuredmedia":[{"embeddable":true,"href":"https:\/\/super-news.info\/de\/wp-json\/wp\/v2\/media\/1843"}],"wp:attachment":[{"href":"https:\/\/super-news.info\/de\/wp-json\/wp\/v2\/media?parent=1842"}],"wp:term":[{"taxonomy":"category","embeddable":true,"href":"https:\/\/super-news.info\/de\/wp-json\/wp\/v2\/categories?post=1842"},{"taxonomy":"post_tag","embeddable":true,"href":"https:\/\/super-news.info\/de\/wp-json\/wp\/v2\/tags?post=1842"}],"curies":[{"name":"wp","href":"https:\/\/api.w.org\/{rel}","templated":true}]}}