{"id":1806,"date":"2021-06-13T15:08:02","date_gmt":"2021-06-13T15:08:02","guid":{"rendered":"https:\/\/super-news.info\/de\/as-monaco-cesc-fabregas-aleksandr-hleb-ist-am-meisten-unterschaetzt\/"},"modified":"2021-06-13T15:08:05","modified_gmt":"2021-06-13T15:08:05","slug":"as-monaco-cesc-fabregas-aleksandr-hleb-ist-am-meisten-unterschaetzt","status":"publish","type":"post","link":"https:\/\/super-news.info\/de\/as-monaco-cesc-fabregas-aleksandr-hleb-ist-am-meisten-unterschaetzt\/","title":{"rendered":"AS Monaco &#8211; Cesc Fabregas: Aleksandr Hleb ist am meisten untersch\u00e4tzt"},"content":{"rendered":"<p> AS Monaco &#8211; Cesc Fabregas: Aleksandr Hleb ist am meisten untersch\u00e4tzt<\/p>\n<p> Cesc Fabregas<br \/>\n \u00a9 https:,,detail,photo-d&#8217;actualit%C3%A9,monacos-spanish-midfielder-cesc-fabregas-celebrates-photo-dactualit%C3%A9,1229701006 \/ Getty Images<\/p>\n<p> Cesc Fabregas hat \u00fcber seinen am meisten untersch\u00e4tzten Mitspieler gesprochen. Zudem verriet der Ex-Arsenal-Star seine Favoriten bei den Three Lions.<\/p>\n<p> Mittelfeldspieler Cesc Fabregas von der AS Monaco hat auf Twitter Fragen seiner Fans beantwortet. Angesprochen auf den am meisten untersch\u00e4tzten Spieler, mit dem er je zusammengespielt hat, gab der Spanier eine \u00fcberraschende Antwort.                <\/p>\n<p> &#8222;Wahrscheinlich Aleksandr Hleb!&#8220;, erkl\u00e4rte Fabregas, der beim FC Arsenal 116-mal gemeinsam mit dem Offensivspieler auf dem Platz stand. Hleb beendete im vergangenen Jahr im Alter von 38 Jahren seine Karriere beim belarussischen Erstligisten Isloch Minsk. Nach seinem Abgang bei den Gunners 2008 spielte er unter anderem f\u00fcr den FC Barcelona und den VfB Stuttgart.<br \/>\n Fabregas: &#8222;Grealish und Foden sind gro\u00dfe Talente&#8220;<\/p>\n<p> Daneben sprach Fabregas auch \u00fcber die st\u00e4rkste Liga Europas. Der 34-J\u00e4hrige betonte: &#8222;Die kompletteste und anspruchsvollste Liga der Welt ist f\u00fcr mich die Premier League.&#8220; In der englischen Nationalmannschaft ist er derweil vor allem von zwei Spielern beeindruckt, die nicht bei seinem Ex-Klub Chelsea spielen. &#8222;Ich bin neugierig wie Grealish und Foden sich bei einem gro\u00dfen Turnier machen. Sie sind gro\u00dfe Talente&#8220;, schrieb der Weltmeister von 2010.                <\/p>\n<p> Im Januar 2019 wechselte Fabregas f\u00fcr neun Millionen Euro vom FC Chelsea zur AS Monaco, f\u00fcr die er in der abgelaufenen Spielzeit f\u00fcnf Torbeteiligungen in 21 Ligue-1-Eins\u00e4tzen sammelte. Im F\u00fcrstentum verf\u00fcgt der geb\u00fcrtige Katalane noch \u00fcber einen Vertrag bis 2022.<br \/>\n Goal<\/p>\n<p>\n<!--noindex--><br \/>\n<a href=\"https:\/\/www.stern.de\/sport\/fussball\/as-monaco---cesc-fabregas--aleksandr-hleb-ist-am-meisten-unterschaetzt-30569944.html?utm_campaign=alle&#038;utm_medium=rss-feed&#038;utm_source=standard\" rel=\"nofollow\">Source link <\/a><br \/>\n<!--\/noindex--><\/p>\n","protected":false},"excerpt":{"rendered":"<p>AS Monaco &#8211; Cesc Fabregas: Aleksandr Hleb ist am meisten untersch\u00e4tzt Cesc Fabregas \u00a9 https:,,detail,photo-d&#8217;actualit%C3%A9,monacos-spanish-midfielder-cesc-fabregas-celebrates-photo-dactualit%C3%A9,1229701006 \/ Getty Images Cesc Fabregas hat \u00fcber seinen am meisten untersch\u00e4tzten Mitspieler gesprochen. Zudem verriet der Ex-Arsenal-Star seine Favoriten bei den Three Lions. Mittelfeldspieler Cesc Fabregas von der AS Monaco hat auf Twitter Fragen seiner Fans beantwortet. Angesprochen auf den [&hellip;]<\/p>\n","protected":false},"author":1,"featured_media":1807,"comment_status":"open","ping_status":"open","sticky":false,"template":"","format":"standard","meta":{"footnotes":""},"categories":[1],"tags":[],"class_list":["post-1806","post","type-post","status-publish","format-standard","has-post-thumbnail","hentry","category-neuigkeiten"],"yoast_head":"<!-- This site is optimized with the Yoast SEO plugin v27.4 - https:\/\/yoast.com\/product\/yoast-seo-wordpress\/ -->\n<title>AS Monaco - Cesc Fabregas: Aleksandr Hleb ist am meisten untersch\u00e4tzt - Super News<\/title>\n<meta name=\"robots\" content=\"index, follow, max-snippet:-1, max-image-preview:large, max-video-preview:-1\" \/>\n<link rel=\"canonical\" href=\"https:\/\/super-news.info\/de\/as-monaco-cesc-fabregas-aleksandr-hleb-ist-am-meisten-unterschaetzt\/\" \/>\n<meta property=\"og:locale\" content=\"de_DE\" \/>\n<meta property=\"og:type\" content=\"article\" \/>\n<meta property=\"og:title\" content=\"AS Monaco - Cesc Fabregas: Aleksandr Hleb ist am meisten untersch\u00e4tzt - Super News\" \/>\n<meta property=\"og:description\" content=\"AS Monaco &#8211; Cesc Fabregas: Aleksandr Hleb ist am meisten untersch\u00e4tzt Cesc Fabregas \u00a9 https:,,detail,photo-d&#8217;actualit%C3%A9,monacos-spanish-midfielder-cesc-fabregas-celebrates-photo-dactualit%C3%A9,1229701006 \/ Getty Images Cesc Fabregas hat \u00fcber seinen am meisten untersch\u00e4tzten Mitspieler gesprochen. Zudem verriet der Ex-Arsenal-Star seine Favoriten bei den Three Lions. Mittelfeldspieler Cesc Fabregas von der AS Monaco hat auf Twitter Fragen seiner Fans beantwortet. Angesprochen auf den [&hellip;]\" \/>\n<meta property=\"og:url\" content=\"https:\/\/super-news.info\/de\/as-monaco-cesc-fabregas-aleksandr-hleb-ist-am-meisten-unterschaetzt\/\" \/>\n<meta property=\"og:site_name\" content=\"Super News\" \/>\n<meta property=\"article:published_time\" content=\"2021-06-13T15:08:02+00:00\" \/>\n<meta property=\"article:modified_time\" content=\"2021-06-13T15:08:05+00:00\" \/>\n<meta property=\"og:image\" content=\"https:\/\/super-news.info\/de\/wp-content\/uploads\/sites\/13\/2021\/06\/AS-Monaco-Cesc-Fabregas-Aleksandr-Hleb-ist-am-meisten.jpg\" \/>\n\t<meta property=\"og:image:width\" content=\"1440\" \/>\n\t<meta property=\"og:image:height\" content=\"960\" \/>\n\t<meta property=\"og:image:type\" content=\"image\/jpeg\" \/>\n<meta name=\"author\" content=\"super news\" \/>\n<meta name=\"twitter:card\" content=\"summary_large_image\" \/>\n<meta name=\"twitter:label1\" content=\"Verfasst von\" \/>\n\t<meta name=\"twitter:data1\" content=\"super news\" \/>\n\t<meta name=\"twitter:label2\" content=\"Gesch\u00e4tzte Lesezeit\" \/>\n\t<meta name=\"twitter:data2\" content=\"1\u00a0Minute\" \/>\n<script type=\"application\/ld+json\" class=\"yoast-schema-graph\">{\"@context\":\"https:\\\/\\\/schema.org\",\"@graph\":[{\"@type\":\"Article\",\"@id\":\"https:\\\/\\\/super-news.info\\\/de\\\/as-monaco-cesc-fabregas-aleksandr-hleb-ist-am-meisten-unterschaetzt\\\/#article\",\"isPartOf\":{\"@id\":\"https:\\\/\\\/super-news.info\\\/de\\\/as-monaco-cesc-fabregas-aleksandr-hleb-ist-am-meisten-unterschaetzt\\\/\"},\"author\":{\"name\":\"super news\",\"@id\":\"https:\\\/\\\/super-news.info\\\/de\\\/#\\\/schema\\\/person\\\/2b9ff946d06444e803cb306ffcfd1045\"},\"headline\":\"AS Monaco &#8211; Cesc Fabregas: Aleksandr Hleb ist am meisten untersch\u00e4tzt\",\"datePublished\":\"2021-06-13T15:08:02+00:00\",\"dateModified\":\"2021-06-13T15:08:05+00:00\",\"mainEntityOfPage\":{\"@id\":\"https:\\\/\\\/super-news.info\\\/de\\\/as-monaco-cesc-fabregas-aleksandr-hleb-ist-am-meisten-unterschaetzt\\\/\"},\"wordCount\":273,\"commentCount\":0,\"image\":{\"@id\":\"https:\\\/\\\/super-news.info\\\/de\\\/as-monaco-cesc-fabregas-aleksandr-hleb-ist-am-meisten-unterschaetzt\\\/#primaryimage\"},\"thumbnailUrl\":\"https:\\\/\\\/super-news.info\\\/de\\\/wp-content\\\/uploads\\\/sites\\\/13\\\/2021\\\/06\\\/AS-Monaco-Cesc-Fabregas-Aleksandr-Hleb-ist-am-meisten.jpg\",\"articleSection\":[\"NEUIGKEITEN\"],\"inLanguage\":\"de\",\"potentialAction\":[{\"@type\":\"CommentAction\",\"name\":\"Comment\",\"target\":[\"https:\\\/\\\/super-news.info\\\/de\\\/as-monaco-cesc-fabregas-aleksandr-hleb-ist-am-meisten-unterschaetzt\\\/#respond\"]}]},{\"@type\":\"WebPage\",\"@id\":\"https:\\\/\\\/super-news.info\\\/de\\\/as-monaco-cesc-fabregas-aleksandr-hleb-ist-am-meisten-unterschaetzt\\\/\",\"url\":\"https:\\\/\\\/super-news.info\\\/de\\\/as-monaco-cesc-fabregas-aleksandr-hleb-ist-am-meisten-unterschaetzt\\\/\",\"name\":\"AS Monaco - Cesc Fabregas: Aleksandr Hleb ist am meisten untersch\u00e4tzt - Super News\",\"isPartOf\":{\"@id\":\"https:\\\/\\\/super-news.info\\\/de\\\/#website\"},\"primaryImageOfPage\":{\"@id\":\"https:\\\/\\\/super-news.info\\\/de\\\/as-monaco-cesc-fabregas-aleksandr-hleb-ist-am-meisten-unterschaetzt\\\/#primaryimage\"},\"image\":{\"@id\":\"https:\\\/\\\/super-news.info\\\/de\\\/as-monaco-cesc-fabregas-aleksandr-hleb-ist-am-meisten-unterschaetzt\\\/#primaryimage\"},\"thumbnailUrl\":\"https:\\\/\\\/super-news.info\\\/de\\\/wp-content\\\/uploads\\\/sites\\\/13\\\/2021\\\/06\\\/AS-Monaco-Cesc-Fabregas-Aleksandr-Hleb-ist-am-meisten.jpg\",\"datePublished\":\"2021-06-13T15:08:02+00:00\",\"dateModified\":\"2021-06-13T15:08:05+00:00\",\"author\":{\"@id\":\"https:\\\/\\\/super-news.info\\\/de\\\/#\\\/schema\\\/person\\\/2b9ff946d06444e803cb306ffcfd1045\"},\"breadcrumb\":{\"@id\":\"https:\\\/\\\/super-news.info\\\/de\\\/as-monaco-cesc-fabregas-aleksandr-hleb-ist-am-meisten-unterschaetzt\\\/#breadcrumb\"},\"inLanguage\":\"de\",\"potentialAction\":[{\"@type\":\"ReadAction\",\"target\":[\"https:\\\/\\\/super-news.info\\\/de\\\/as-monaco-cesc-fabregas-aleksandr-hleb-ist-am-meisten-unterschaetzt\\\/\"]}]},{\"@type\":\"ImageObject\",\"inLanguage\":\"de\",\"@id\":\"https:\\\/\\\/super-news.info\\\/de\\\/as-monaco-cesc-fabregas-aleksandr-hleb-ist-am-meisten-unterschaetzt\\\/#primaryimage\",\"url\":\"https:\\\/\\\/super-news.info\\\/de\\\/wp-content\\\/uploads\\\/sites\\\/13\\\/2021\\\/06\\\/AS-Monaco-Cesc-Fabregas-Aleksandr-Hleb-ist-am-meisten.jpg\",\"contentUrl\":\"https:\\\/\\\/super-news.info\\\/de\\\/wp-content\\\/uploads\\\/sites\\\/13\\\/2021\\\/06\\\/AS-Monaco-Cesc-Fabregas-Aleksandr-Hleb-ist-am-meisten.jpg\",\"width\":1440,\"height\":960,\"caption\":\"AS Monaco - Cesc Fabregas: Aleksandr Hleb ist am meisten untersch\u00e4tzt\"},{\"@type\":\"BreadcrumbList\",\"@id\":\"https:\\\/\\\/super-news.info\\\/de\\\/as-monaco-cesc-fabregas-aleksandr-hleb-ist-am-meisten-unterschaetzt\\\/#breadcrumb\",\"itemListElement\":[{\"@type\":\"ListItem\",\"position\":1,\"name\":\"Home\",\"item\":\"https:\\\/\\\/super-news.info\\\/de\\\/\"},{\"@type\":\"ListItem\",\"position\":2,\"name\":\"AS Monaco &#8211; Cesc Fabregas: Aleksandr Hleb ist am meisten untersch\u00e4tzt\"}]},{\"@type\":\"WebSite\",\"@id\":\"https:\\\/\\\/super-news.info\\\/de\\\/#website\",\"url\":\"https:\\\/\\\/super-news.info\\\/de\\\/\",\"name\":\"Super News\",\"description\":\"Super News Germany\",\"potentialAction\":[{\"@type\":\"SearchAction\",\"target\":{\"@type\":\"EntryPoint\",\"urlTemplate\":\"https:\\\/\\\/super-news.info\\\/de\\\/?s={search_term_string}\"},\"query-input\":{\"@type\":\"PropertyValueSpecification\",\"valueRequired\":true,\"valueName\":\"search_term_string\"}}],\"inLanguage\":\"de\"},{\"@type\":\"Person\",\"@id\":\"https:\\\/\\\/super-news.info\\\/de\\\/#\\\/schema\\\/person\\\/2b9ff946d06444e803cb306ffcfd1045\",\"name\":\"super news\",\"image\":{\"@type\":\"ImageObject\",\"inLanguage\":\"de\",\"@id\":\"https:\\\/\\\/secure.gravatar.com\\\/avatar\\\/98e0b303f300d45b2a94684c5e4dda8baa4a5e9710b579f7493c8612061d08bf?s=96&d=mm&r=g\",\"url\":\"https:\\\/\\\/secure.gravatar.com\\\/avatar\\\/98e0b303f300d45b2a94684c5e4dda8baa4a5e9710b579f7493c8612061d08bf?s=96&d=mm&r=g\",\"contentUrl\":\"https:\\\/\\\/secure.gravatar.com\\\/avatar\\\/98e0b303f300d45b2a94684c5e4dda8baa4a5e9710b579f7493c8612061d08bf?s=96&d=mm&r=g\",\"caption\":\"super news\"},\"url\":\"https:\\\/\\\/super-news.info\\\/de\\\/author\\\/manuel\\\/\"}]}<\/script>\n<!-- \/ Yoast SEO plugin. -->","yoast_head_json":{"title":"AS Monaco - Cesc Fabregas: Aleksandr Hleb ist am meisten untersch\u00e4tzt - Super News","robots":{"index":"index","follow":"follow","max-snippet":"max-snippet:-1","max-image-preview":"max-image-preview:large","max-video-preview":"max-video-preview:-1"},"canonical":"https:\/\/super-news.info\/de\/as-monaco-cesc-fabregas-aleksandr-hleb-ist-am-meisten-unterschaetzt\/","og_locale":"de_DE","og_type":"article","og_title":"AS Monaco - Cesc Fabregas: Aleksandr Hleb ist am meisten untersch\u00e4tzt - Super News","og_description":"AS Monaco &#8211; Cesc Fabregas: Aleksandr Hleb ist am meisten untersch\u00e4tzt Cesc Fabregas \u00a9 https:,,detail,photo-d&#8217;actualit%C3%A9,monacos-spanish-midfielder-cesc-fabregas-celebrates-photo-dactualit%C3%A9,1229701006 \/ Getty Images Cesc Fabregas hat \u00fcber seinen am meisten untersch\u00e4tzten Mitspieler gesprochen. Zudem verriet der Ex-Arsenal-Star seine Favoriten bei den Three Lions. Mittelfeldspieler Cesc Fabregas von der AS Monaco hat auf Twitter Fragen seiner Fans beantwortet. Angesprochen auf den [&hellip;]","og_url":"https:\/\/super-news.info\/de\/as-monaco-cesc-fabregas-aleksandr-hleb-ist-am-meisten-unterschaetzt\/","og_site_name":"Super News","article_published_time":"2021-06-13T15:08:02+00:00","article_modified_time":"2021-06-13T15:08:05+00:00","og_image":[{"width":1440,"height":960,"url":"https:\/\/super-news.info\/de\/wp-content\/uploads\/sites\/13\/2021\/06\/AS-Monaco-Cesc-Fabregas-Aleksandr-Hleb-ist-am-meisten.jpg","type":"image\/jpeg"}],"author":"super news","twitter_card":"summary_large_image","twitter_misc":{"Verfasst von":"super news","Gesch\u00e4tzte Lesezeit":"1\u00a0Minute"},"schema":{"@context":"https:\/\/schema.org","@graph":[{"@type":"Article","@id":"https:\/\/super-news.info\/de\/as-monaco-cesc-fabregas-aleksandr-hleb-ist-am-meisten-unterschaetzt\/#article","isPartOf":{"@id":"https:\/\/super-news.info\/de\/as-monaco-cesc-fabregas-aleksandr-hleb-ist-am-meisten-unterschaetzt\/"},"author":{"name":"super news","@id":"https:\/\/super-news.info\/de\/#\/schema\/person\/2b9ff946d06444e803cb306ffcfd1045"},"headline":"AS Monaco &#8211; Cesc Fabregas: Aleksandr Hleb ist am meisten untersch\u00e4tzt","datePublished":"2021-06-13T15:08:02+00:00","dateModified":"2021-06-13T15:08:05+00:00","mainEntityOfPage":{"@id":"https:\/\/super-news.info\/de\/as-monaco-cesc-fabregas-aleksandr-hleb-ist-am-meisten-unterschaetzt\/"},"wordCount":273,"commentCount":0,"image":{"@id":"https:\/\/super-news.info\/de\/as-monaco-cesc-fabregas-aleksandr-hleb-ist-am-meisten-unterschaetzt\/#primaryimage"},"thumbnailUrl":"https:\/\/super-news.info\/de\/wp-content\/uploads\/sites\/13\/2021\/06\/AS-Monaco-Cesc-Fabregas-Aleksandr-Hleb-ist-am-meisten.jpg","articleSection":["NEUIGKEITEN"],"inLanguage":"de","potentialAction":[{"@type":"CommentAction","name":"Comment","target":["https:\/\/super-news.info\/de\/as-monaco-cesc-fabregas-aleksandr-hleb-ist-am-meisten-unterschaetzt\/#respond"]}]},{"@type":"WebPage","@id":"https:\/\/super-news.info\/de\/as-monaco-cesc-fabregas-aleksandr-hleb-ist-am-meisten-unterschaetzt\/","url":"https:\/\/super-news.info\/de\/as-monaco-cesc-fabregas-aleksandr-hleb-ist-am-meisten-unterschaetzt\/","name":"AS Monaco - Cesc Fabregas: Aleksandr Hleb ist am meisten untersch\u00e4tzt - Super News","isPartOf":{"@id":"https:\/\/super-news.info\/de\/#website"},"primaryImageOfPage":{"@id":"https:\/\/super-news.info\/de\/as-monaco-cesc-fabregas-aleksandr-hleb-ist-am-meisten-unterschaetzt\/#primaryimage"},"image":{"@id":"https:\/\/super-news.info\/de\/as-monaco-cesc-fabregas-aleksandr-hleb-ist-am-meisten-unterschaetzt\/#primaryimage"},"thumbnailUrl":"https:\/\/super-news.info\/de\/wp-content\/uploads\/sites\/13\/2021\/06\/AS-Monaco-Cesc-Fabregas-Aleksandr-Hleb-ist-am-meisten.jpg","datePublished":"2021-06-13T15:08:02+00:00","dateModified":"2021-06-13T15:08:05+00:00","author":{"@id":"https:\/\/super-news.info\/de\/#\/schema\/person\/2b9ff946d06444e803cb306ffcfd1045"},"breadcrumb":{"@id":"https:\/\/super-news.info\/de\/as-monaco-cesc-fabregas-aleksandr-hleb-ist-am-meisten-unterschaetzt\/#breadcrumb"},"inLanguage":"de","potentialAction":[{"@type":"ReadAction","target":["https:\/\/super-news.info\/de\/as-monaco-cesc-fabregas-aleksandr-hleb-ist-am-meisten-unterschaetzt\/"]}]},{"@type":"ImageObject","inLanguage":"de","@id":"https:\/\/super-news.info\/de\/as-monaco-cesc-fabregas-aleksandr-hleb-ist-am-meisten-unterschaetzt\/#primaryimage","url":"https:\/\/super-news.info\/de\/wp-content\/uploads\/sites\/13\/2021\/06\/AS-Monaco-Cesc-Fabregas-Aleksandr-Hleb-ist-am-meisten.jpg","contentUrl":"https:\/\/super-news.info\/de\/wp-content\/uploads\/sites\/13\/2021\/06\/AS-Monaco-Cesc-Fabregas-Aleksandr-Hleb-ist-am-meisten.jpg","width":1440,"height":960,"caption":"AS Monaco - Cesc Fabregas: Aleksandr Hleb ist am meisten untersch\u00e4tzt"},{"@type":"BreadcrumbList","@id":"https:\/\/super-news.info\/de\/as-monaco-cesc-fabregas-aleksandr-hleb-ist-am-meisten-unterschaetzt\/#breadcrumb","itemListElement":[{"@type":"ListItem","position":1,"name":"Home","item":"https:\/\/super-news.info\/de\/"},{"@type":"ListItem","position":2,"name":"AS Monaco &#8211; Cesc Fabregas: Aleksandr Hleb ist am meisten untersch\u00e4tzt"}]},{"@type":"WebSite","@id":"https:\/\/super-news.info\/de\/#website","url":"https:\/\/super-news.info\/de\/","name":"Super News","description":"Super News Germany","potentialAction":[{"@type":"SearchAction","target":{"@type":"EntryPoint","urlTemplate":"https:\/\/super-news.info\/de\/?s={search_term_string}"},"query-input":{"@type":"PropertyValueSpecification","valueRequired":true,"valueName":"search_term_string"}}],"inLanguage":"de"},{"@type":"Person","@id":"https:\/\/super-news.info\/de\/#\/schema\/person\/2b9ff946d06444e803cb306ffcfd1045","name":"super news","image":{"@type":"ImageObject","inLanguage":"de","@id":"https:\/\/secure.gravatar.com\/avatar\/98e0b303f300d45b2a94684c5e4dda8baa4a5e9710b579f7493c8612061d08bf?s=96&d=mm&r=g","url":"https:\/\/secure.gravatar.com\/avatar\/98e0b303f300d45b2a94684c5e4dda8baa4a5e9710b579f7493c8612061d08bf?s=96&d=mm&r=g","contentUrl":"https:\/\/secure.gravatar.com\/avatar\/98e0b303f300d45b2a94684c5e4dda8baa4a5e9710b579f7493c8612061d08bf?s=96&d=mm&r=g","caption":"super news"},"url":"https:\/\/super-news.info\/de\/author\/manuel\/"}]}},"_links":{"self":[{"href":"https:\/\/super-news.info\/de\/wp-json\/wp\/v2\/posts\/1806","targetHints":{"allow":["GET"]}}],"collection":[{"href":"https:\/\/super-news.info\/de\/wp-json\/wp\/v2\/posts"}],"about":[{"href":"https:\/\/super-news.info\/de\/wp-json\/wp\/v2\/types\/post"}],"author":[{"embeddable":true,"href":"https:\/\/super-news.info\/de\/wp-json\/wp\/v2\/users\/1"}],"replies":[{"embeddable":true,"href":"https:\/\/super-news.info\/de\/wp-json\/wp\/v2\/comments?post=1806"}],"version-history":[{"count":1,"href":"https:\/\/super-news.info\/de\/wp-json\/wp\/v2\/posts\/1806\/revisions"}],"predecessor-version":[{"id":1808,"href":"https:\/\/super-news.info\/de\/wp-json\/wp\/v2\/posts\/1806\/revisions\/1808"}],"wp:featuredmedia":[{"embeddable":true,"href":"https:\/\/super-news.info\/de\/wp-json\/wp\/v2\/media\/1807"}],"wp:attachment":[{"href":"https:\/\/super-news.info\/de\/wp-json\/wp\/v2\/media?parent=1806"}],"wp:term":[{"taxonomy":"category","embeddable":true,"href":"https:\/\/super-news.info\/de\/wp-json\/wp\/v2\/categories?post=1806"},{"taxonomy":"post_tag","embeddable":true,"href":"https:\/\/super-news.info\/de\/wp-json\/wp\/v2\/tags?post=1806"}],"curies":[{"name":"wp","href":"https:\/\/api.w.org\/{rel}","templated":true}]}}