{"id":1776,"date":"2021-06-08T14:39:24","date_gmt":"2021-06-08T14:39:24","guid":{"rendered":"https:\/\/super-news.info\/de\/news-von-heute-un-tribunal-bestaetigt-lebenslange-haft-fuer-ex-general-mladic\/"},"modified":"2021-06-08T14:39:32","modified_gmt":"2021-06-08T14:39:32","slug":"news-von-heute-un-tribunal-bestaetigt-lebenslange-haft-fuer-ex-general-mladic","status":"publish","type":"post","link":"https:\/\/super-news.info\/de\/news-von-heute-un-tribunal-bestaetigt-lebenslange-haft-fuer-ex-general-mladic\/","title":{"rendered":"News von heute: UN-Tribunal best\u00e4tigt lebenslange Haft f\u00fcr Ex-General Mladic"},"content":{"rendered":"<p> Die News von heute im stern-Ticker.<\/p>\n<p> Die News von heute im stern-Ticker:<br \/>\n 16.30 Uhr:\u00a0UN-Tribunal best\u00e4tigt lebenslange Haft f\u00fcr Ex-General Mladic wegen V\u00f6lkermords<\/p>\n<p> Der serbische Ex-General Ratko Mladic ist wegen des V\u00f6lkermords von Srebrenica auch in letzter Instanz zu lebenslanger Haft verurteilt worden. Das UN-Kriegsverbrechertribunal best\u00e4tigte\u00a0das Urteil der ersten Instanz. Mladic war wegen seiner Verantwortung f\u00fcr das Massaker von Srebrenica sowie weiterer Kriegsverbrechen im Bosnien-Krieg zu lebenslanger Haft verurteilt worden und hatte gegen das Urteil Berufung eingelegt.<br \/>\n 16.14 Uhr:\u00a0Sicherheitsrat unterst\u00fctzt UN-Chef Guterres f\u00fcr zweite Amtszeit<\/p>\n<p> Der Sicherheitsrat der Vereinten\u00a0Nationen unterst\u00fctzt die Bewerbung von UN-Generalsekret\u00e4r Ant\u00f3nio Guterres f\u00fcr eine zweite Amtszeit.\u00a0Das erfuhr die Deutsche Presse-Agentur\u00a0aus Teilnehmerkreisen einer Sitzung des m\u00e4chtigsten UN-Gremiums.<br \/>\n 16.06 Uhr:\u00a0Nobelpreistr\u00e4ger und Vater der MRI-Technologie \u2013 Richard Ernst ist tot<\/p>\n<p> Der Schweizer Chemie-Nobelpreistr\u00e4ger Richard Ernst ist tot. Der Forscher hatte die Auszeichnung 1991 f\u00fcr seinen wichtigen Forschungsbeitrag zur Kernspinresonanzspektroskopie erhalten. Er starb am Freitag im Alter von 87 Jahren, wie seine Familie auf seiner Website mitteilte. Er lebte zuletzt in einem Pflegeheim in seiner Geburtsstadt Winterthur. Die von Ernst entwickelten Methoden trugen dazu bei, die Empfindlichkeit und Aufl\u00f6sung von Analyseger\u00e4ten dramatisch zu erh\u00f6hen. Seine Forschungen bildeten die Grundlage f\u00fcr die moderne Magnetresonanztomographie (MRI), mit denen Gewebe und Organe von Patienten ohne sch\u00e4dliche R\u00f6ntgenstrahlen untersucht werden k\u00f6nnen.                <\/p>\n<p> 15.57 Uhr:\u00a0Start f\u00fcr digitalen Corona-Impfnachweis r\u00fcckt n\u00e4her<\/p>\n<p> Der Start f\u00fcr den digitalen Corona-Impfpass in Deutschland r\u00fcckt n\u00e4her. Ab kommendem Montag (14. Juni) soll man sich in vielen Apotheken den digitalen Nachweis einer vollst\u00e4ndigen Impfung nachtr\u00e4glich ausstellen lassen k\u00f6nnen, wie die Bundesvereinigung Deutscher Apothekerverb\u00e4nde\u00a0in Berlin mitteilte. Bereits zuvor soll die freiwillige Anwendung namens &#8222;CovPass&#8220; nach Angaben aus dem Bundesgesundheitsministerium f\u00fcr alle Interessenten in den App-Stores f\u00fcr Smartphones zur Verf\u00fcgung stehen.\u00a0Die EU-L\u00e4nder und das EU-Parlament hatten sich k\u00fcrzlich auf Details eines europaweiten Zertifikats geeinigt, mit dem man Impfungen, Tests und \u00fcberstandene Covid-19-Erkrankungen nachweisen kann. Dies soll auch Reisen erleichtern.      <\/p>\n<p> Corona-Pandemie<\/p>\n<p> &#8222;Indische Variante&#8220;: Wie gut Impfungen sch\u00fctzen und was an &#8222;Delta&#8220; anders ist <\/p>\n<p> Vor 8 Stunden<\/p>\n<p> 15.49 Uhr:\u00a0Baerbock zu Ungenauigkeiten im Lebenslauf \u2013 &#8222;Das war Mist&#8220;<\/p>\n<p> Gr\u00fcnen-Chefin Annalena Baerbock hat sich f\u00fcr irref\u00fchrende Angaben im eigenen Lebenslauf entschuldigt. &#8222;Meinen Lebenslauf habe ich knapp und komprimiert ver\u00f6ffentlicht und dabei unwillentlich einen missverst\u00e4ndlichen Eindruck erweckt, den ich nicht erwecken wollte&#8220;, sagte die designierte Kanzlerkandidatin ihrer Partei\u00a0der Deutschen Presse-Agentur in Berlin. &#8222;Das war Mist.&#8220;                <\/p>\n<p> Baerbock bezog sich insbesondere auf unpr\u00e4zise Angaben zu Mitgliedschaften in Organisationen. Sie hatte dort noch am Donnerstag unter anderem die Transatlantik-Stiftung German Marshall Fund und das UN-Fl\u00fcchtlingshilfswerk UNHCR aufgef\u00fchrt. Sp\u00e4ter wurde die Seite ge\u00e4ndert, die \u00dcberschrift lautet statt &#8222;Mitgliedschaften&#8220; nun &#8222;Beir\u00e4te, (F\u00f6rder-)Mitgliedschaften, regelm\u00e4\u00dfige Unterst\u00fctzung&#8220;. &#8222;Das tut mir leid, und es war alles andere als beabsichtigt&#8220;, sagte Baerbock. &#8222;Es h\u00e4tte unbedingt einer gr\u00fcndlichen Kontrolle der Angaben bedurft. Das ist meine Verantwortung, und diese Lektion habe ich jetzt, haben wir jetzt gelernt.&#8220;<br \/>\n 15.09 Uhr:\u00a0EZB-Urteil \u2013\u00a0EU-Kommission bereitet Verfahren gegen\u00a0Deutschland vor<\/p>\n<p> Die\u00a0EU-Kommission bereitet wegen eines umstrittenen Urteils des Bundesverfassungsgerichts zu milliardenschweren Anleihek\u00e4ufen der Europ\u00e4ischen Zentralbank ein Vertragsverletzungsverfahren gegen Deutschland vor. Die formale Entscheidung solle bis Mittwoch im schriftlichen Verfahren fallen, erfuhr die Deutsche Presse-Agentur in Br\u00fcssel aus EU-Kreisen.<br \/>\n 15.09 Uhr:\u00a0Kampfjets der Bundeswehr m\u00fcssen \u00dcbung wegen Autofahrer abbrechen<\/p>\n<p> Wegen eines Autofahrers haben mehrere Kampfjets der Bundeswehr eine \u00dcbung auf einem Testgel\u00e4nde in Niedersachsen abbrechen m\u00fcssen. Wie die Polizei in Lingen an der Ems\u00a0mitteilte, fuhr der Mann unerlaubt in den milit\u00e4rischen Sicherheitsbereich. Demnach passierte er eine Schranke, die von Mitarbeitern eines R\u00e4umdiensts kurz ge\u00f6ffnet wurde. Halteaufforderungen der Angestellten ignorierte er laut Polizei ebenso wie Warnschilder.                <\/p>\n<p> Nach Angaben der Beamten mussten daraufhin mehrere bereits in der Luft befindliche Kampfflugzeuge der Bundeswehr ihren Anflug auf den Truppen\u00fcbungsplatz bei Nordhorn stoppen. Bundeswehrsoldaten geleiteten den Mann von dem weitl\u00e4ufigen Gel\u00e4nde und nahmen seine Personalien auf. Gegen den Autofahrer wird nun strafrechtlich ermittelt. Der Vorfall ereignete sich demnach bereits am 25. Mai. Laut Bundeswehr kommt es regelm\u00e4\u00dfig zu \u00e4hnlichen Zwischenf\u00e4llen.<br \/>\n 14.53 Uhr:\u00a0Heil kritisiert Vorschlag zu Rente ab 68<\/p>\n<p> Bundesarbeitsminister Hubertus Heil (SPD) hat den Vorschlag des wissenschaftlichen Beirats beim Wirtschaftsministerium kritisiert, das Renteneintrittsalter auf 68 Jahre anzuheben. &#8222;Je mehr Menschen in den n\u00e4chsten Jahren in Arbeit sind und je besser die Lohn- und Gehaltsentwicklung ist, desto stabiler ist auch die gesetzliche Rente&#8220;, erkl\u00e4rte Heil\u00a0in Berlin. &#8222;Eine weitere Erh\u00f6hung des Renteneintrittsalters halte ich f\u00fcr den falschen Weg.&#8220;                <\/p>\n<p> Das am Montag vorgelegte Konzept des Beirats beim Ressort von Minister Peter Altmaier (CDU) sieht l\u00e4ngeres Arbeiten im Alter und eine Begrenzung k\u00fcnftiger Rentenerh\u00f6hungen vor. In der Vorlage ist von einem Renteneintrittsalter von 68 Jahren im Jahr 2042 die Rede.<br \/>\n 14.22 Uhr:\u00a0US-Klimabeh\u00f6rde:\u00a0H\u00f6chste CO2-Konzentration in der Atmosph\u00e4re<\/p>\n<p> US-Wissenschaftler haben trotz anhaltender Corona-Pandemie die h\u00f6chste CO2-Konzentration in der Luft seit Beginn der Aufzeichnungen vor 63 Jahren gefunden. Die Klimabeh\u00f6rde NOAA verk\u00fcndete, ihr Beobachtungszentrum auf Hawaii habe f\u00fcr den Mai 2021 einen Durchschnitt von 419 CO2-Teilchen pro eine Million Partikel entdeckt. Ein Jahr zuvor waren es noch 417 gewesen. Die Kurve der CO2-Partikel steigt seit Anfang der Messungen kontinuierlich \u2013 Ende der 50er-Jahre hatte die Konzentration noch bei weniger als 320 gelegen.                <\/p>\n<p> Die CO2-Belastung entsteht unter anderem durch Emissionen aus kohlenstoffbasierten fossilen Brennstoffen, unter anderem f\u00fcr\u00a0Autos, Flugzeuge, die Herstellung von Zement und die Stromerzeugung. Auch das Waldsterben und die Landwirtschaft haben Einfluss auf die Konzentration in der Atmosph\u00e4re. Zusammen mit anderen Treibhausgasen f\u00fchrt das CO2 dazu, dass W\u00e4rme schwerer ins Weltall abstrahlen kann.<br \/>\n 13.36 Uhr:\u00a0Merkel: &#8222;Wir leben weltweit auf Kosten j\u00fcngerer Generationen&#8220;<\/p>\n<p> In einem eindringlichen Appell hat Bundeskanzlerin Angela Merkel (CDU) davor gewarnt, k\u00fcnftige Generationen mit den Herausforderungen des Klimawandels und der Nachhaltigkeit alleine zu lassen. &#8222;Was wir bisher tun, reicht schlichtweg nicht aus&#8220;, sagte Merkel bei der 20. Jahreskonferenz des Rates f\u00fcr Nachhaltige Entwicklung. Die Staatengemeinschaft laufe Gefahr, die Nachhaltigkeitsziele der Agenda 2030 zu verfehlen, sagte Merkel. &#8222;Wir leben weltweit auf Kosten j\u00fcngerer und k\u00fcnftiger Generationen.&#8220; Die Vereinten Nationen hatten 2015 ihre Nachhaltigkeitsagenda 2030 formuliert, die einen Katalog aus 17 Zielen wie Geschlechtergerechtigkeit, Bek\u00e4mpfung von Hunger und Kampf gegen die Klimakrise beinhaltet. Es gebe bei der Umsetzung noch deutliche L\u00fccken, erkl\u00e4rte Merkel. Sieben Indikatoren w\u00fcrden sich sogar in die falsche Richtung entwickeln, beispielsweise der Energieverbrauch im G\u00fcter- und Personenverkehr und auch die CO2-Emissionen aus dem privaten Konsum.                <\/p>\n<p> 13.35 Uhr:\u00a0Bundestag will epidemische Notlage bis 30. September verl\u00e4ngern<\/p>\n<p> Der Bundestag will noch in diesem Monat die wegen der Corona-Pandemie verh\u00e4ngte epidemische Notlage bis zum 30. September verl\u00e4ngern. Die im April eingef\u00fchrte sogenannte Bundesnotbremse soll aber am 30. Juni auslaufen. Darauf h\u00e4tten sich die Koalitionsfraktionen verst\u00e4ndigt, sagte CSU-Landesgruppenchef Alexander Dobrindt in Berlin. Angestrebt werde, die epidemische Notlage erst dann auslaufen zu lassen, wenn auch die Corona-Pandemie auslaufe. Bei der epidemischen Notlage und der Bundesnotbremse handelt es sich um zwei unterschiedliche gesetzliche Instrumente im Kampf gegen die Corona-Pandemie.\u00a0Die erstmals im M\u00e4rz 2020 vom Bundestag festgestellte &#8222;epidemische Notlage von nationaler Tragweite&#8220; erm\u00f6glicht es dem Bundesgesundheitsministerium und anderen Regierungsstellen, weitreichende Verordnungen gegen die Pandemie zu erlassen. Die derzeitige Regelung w\u00fcrde am 30. Juni auslaufen<br \/>\n 13.22 Uhr:\u00a0Arabella Kiesbauer kehrt als Crime-Queen ins deutsche TV zur\u00fcck<\/p>\n<p> Die \u00f6sterreichische Moderatorin und fr\u00fchere Talk-K\u00f6nigin Arabella Kiesbauer (52) kehrt ins deutsche Fernsehen zur\u00fcck. Ab Herbst ist sie bei TLC das Gesicht von True-Crime-Shows, wie der Sender mitteilte. &#8222;Arabellas Crime Time &#8211; Verbrechen im Visier&#8220; widmet sich demnach wahren Kriminalf\u00e4llen, die viral gegangen sind. &#8222;Arabellas Crime Time &#8211; Chaos vor Gericht&#8220; befasse sich dagegen mit den teils haarstr\u00e4ubenden Vorkommnissen in amerikanischen Gerichtss\u00e4len. Kiesbauer wurde 1994 bis 2004 popul\u00e4r bei ProSieben mit ihrem Nachmittagstalk &#8222;Arabella&#8220;.                <\/p>\n<p> 13.19 Uhr:\u00a0ADAC: Deutlich mehr Reiseverkehr \u00fcber Pfingsten als im Vorjahr<\/p>\n<p> Der Reiseverkehr \u00fcber Pfingsten hat in Deutschland gegen\u00fcber dem Vorjahr deutlich zugenommen. 2020 habe es an den drei Wochenenden rund um die Pfingstferien in einigen Bundesl\u00e4ndern pandemiebedingt deutlich weniger Staus als \u00fcblich gegeben, teilte der ADAC mit. Dies habe sich in diesem Jahr &#8222;etwas normalisiert&#8220;, nach Fronleichnam am ersten Juniwochenende seien sogar deutlich mehr Staus als 2019 gez\u00e4hlt worden. Der ADAC sch\u00e4tzte, dass es sowohl 2020 als auch 2021 keinen typischen Reiseverkehr gegeben habe. Allerdings seien mehr Leute kurzentschlossen oder zu einem Tagesausflug unterwegs gewesen. M\u00f6glicherweise h\u00e4tten auch Wartezeiten an den Grenzen bei Corona-Kontrollen eine Rolle gespielt.<br \/>\n 13.02 Uhr:\u00a0Entf\u00fchrung und Vergewaltigung von Sarah Everard: Polizist gest\u00e4ndig<\/p>\n<p> Drei Monate nach dem Verschwinden einer jungen Londonerin hat ein britischer Polizist gestanden, die 33-J\u00e4hrige entf\u00fchrt und vergewaltigt zu haben. Zudem bekannte sich der 48-J\u00e4hrige in einer Anh\u00f6rung vor Gericht dazu, f\u00fcr den Tod von\u00a0Sarah Everard verantwortlich zu sein. Der Fall hatte Anfang M\u00e4rz gro\u00dfe Anteilnahme in Gro\u00dfbritannien ausgel\u00f6st und eine Debatte um die Sicherheit von Frauen entfacht. Everard war am Abend des 3. M\u00e4rz auf dem Heimweg von einer Freundin s\u00fcdlich von London verschwunden. Eine Woche sp\u00e4ter wurde ihre Leiche in einem Waldst\u00fcck in der Grafschaft Kent im S\u00fcdosten Englands entdeckt und der verd\u00e4chtige Polizeibeamte\u00a0festgenommen.\u00a0                <\/p>\n<p> 12.49 Uhr:\u00a0Bahn-Gewerkschaft erkl\u00e4rt Tarifrunde f\u00fcr gescheitert und beschlie\u00dft Arbeitskampfma\u00dfnahmen <\/p>\n<p> Nach der Deutschen Bahn hat auch die Lokf\u00fchrergewerkschaft GDL die j\u00fcngsten Tarifverhandlungen offiziell f\u00fcr gescheitert erkl\u00e4rt. Die Bundestarifkommission und der Hauptvorstand der Gewerkschaft h\u00e4tten zudem &#8222;die Einleitung von Arbeitskampfma\u00dfnahmen beschlossen&#8220;, erkl\u00e4rte die GDL. Sie \u00e4u\u00dferte sich zun\u00e4chst aber nicht zur Art und Dauer solcher Ma\u00dfnahmen. Schon im Vorfeld hatte die Gewerkschaft im Fall eines Scheiterns mit Streiks gedroht.<br \/>\n 12.42 Uhr:\u00a0China l\u00e4sst als erstes Land Corona-Impfungen f\u00fcr kleine Kinder zu<\/p>\n<p> China hat als erstes Land Corona-Impfungen f\u00fcr kleine Kinder zugelassen. Der chinesische Hersteller Sinovac best\u00e4tigte\u00a0der Nachrichtenagentur AFP, dass sein Corona-Impfstoff eine Notfallzulassung f\u00fcr Kinder ab drei Jahren erhalten habe. Unklar war allerdings, wann die Impfungen bei Kindern in der Volksrepublik tats\u00e4chlich beginnen. Dar\u00fcber werde die Nationale Gesundheitskommission &#8222;entsprechend Chinas gegenw\u00e4rtiger Anforderungen f\u00fcr die Epidemie-Vorbeugung und -Kontrolle und der Impfstoffbelieferung&#8220; entscheiden, erkl\u00e4rte Sinovac. Die Studien des Sinovac-Impfstoffes an Kindern und Jugendlichen befinden sich noch in einer fr\u00fchen Phase. Die Ergebnisse w\u00fcrden in K\u00fcrze im renommierten Fachblatt &#8222;The Lancet&#8220; ver\u00f6ffentlicht.<br \/>\n 12.42 Uhr:\u00a0Taliban erobern weitere Bezirke\u00a0in Afghanistan<\/p>\n<p> Die militant-islamistischen Taliban haben in Afghanistan erneut zwei Bezirke erobert. Daulatabad in der Provinz Fariab im Norden des Landes und Dschaghatu in der s\u00fcd\u00f6stlichen Provinz Gasni seien an die Taliban gefallen, best\u00e4tigten mehrere Provinzr\u00e4te der Deutschen Presse-Agentur. Damit sind seit Beginn des Abzugs der US-Truppen und anderer Nato-Streitkr\u00e4fte am 1. Mai elf der rund 400 Bezirke in den 34 Provinzen des Landes an die Islamisten gefallen.\u00a0Einem UN-Bericht zufolge konnten die Taliban im gesamten Vorjahr f\u00fcnf Bezirkszentren erobern, vier davon wurden binnen weniger Tage von der Regierung zur\u00fcckerobert. Es ist unklar, wie sehr die ausl\u00e4ndischen Truppen aktuell noch die Sicherheitskr\u00e4fte der Regierung unterst\u00fctzen. US-Angaben zufolge ist der Abzug des US-Milit\u00e4rs etwa zur H\u00e4lfte abgeschlossen. Bis sp\u00e4testens 11. September sollen alle internationalen Truppen das Land verlassen haben.                <\/p>\n<p> 12.39 Uhr:\u00a0Prominente fordern Impfstoffspenden von G7-Gipfel f\u00fcr arme L\u00e4nder<\/p>\n<p> Vor dem G7-Gipfel\u00a0haben Dutzende Stars wie Katy Perry und David Beckham die sieben f\u00fchrenden Industriestaaten aufgerufen, Corona-Impfdosen an \u00e4rmere L\u00e4nder abzugeben. Deutschland, Frankreich, Gro\u00dfbritannien, Italien, die USA, Kanada und Japan sollten mindestens 20 Prozent ihrer Impfstofflieferungen zwischen Juni und August spenden, forderten rund 30 Prominente in einem Brief an die G7-L\u00e4nder. Dies entspr\u00e4che 150 Millionen Impfdosen. Zu den Unterzeichnern des Appells geh\u00f6ren auch einige Sonderbotschafter des UN-Kinderhilfswerks Unicef. Aus der Filmbranche beteiligten sich die Schauspieler Liam Neeson und Perrys Lebensgef\u00e4hrte Orlando Bloom und ihre Kolleginnen Priyanka Chopra Jonas und Whoopi Goldberg. Auch die S\u00e4ngerinnen Billie Eilish und Angelique Kidjo machten mit, au\u00dferdem Formel-eins-Fahrer Fernando Alonso und Tennis-Star Andy Murray.\u00a0<br \/>\n 12.35 Uhr:\u00a0Internet-Ausfall: Weltweit Webseiten nicht erreichbar<\/p>\n<p> Weltweit sind zahlreiche Webseiten durch einen Internet-Ausfall nicht erreichbar gewesen. Betroffen waren unter anderem die Seite der britischen Regierung sowie die Nachrichtenportale des &#8222;Guardian&#8220;, der &#8222;New York Times&#8220;, der &#8222;Financial Times&#8220; und der franz\u00f6sischen Zeitung &#8222;Le Monde&#8220;. Der britische &#8222;Guardian&#8220; schrieb auf Twitter, seine Webseite sei derzeit &#8222;von einem gr\u00f6\u00dferen Internet-Ausfall betroffen&#8220;, werde aber so schnell wie m\u00f6glich wieder verf\u00fcgbar sein. Die Gr\u00fcnde waren zun\u00e4chst unklar.                <\/p>\n<p> 12.34 Uhr:\u00a0Studie: Fast einer von zehn EU-B\u00fcrgern kauft unfreiwillig gef\u00e4lschte Produkte<\/p>\n<p> Fast einer von zehn Menschen in Europa hat unfreiwillig Erfahrungen mit dem Kauf gef\u00e4lschter Produkte aus dem Ausland gemacht. Wie eine gemeinsame Studie des EU-Amts f\u00fcr geistiges Eigentum (EUIPO) und der Organisation f\u00fcr wirtschaftliche Zusammenarbeit und Entwicklung (OECD) ergab, umfassten F\u00e4lschungen zuletzt 6,8 Prozent aller EU-Importe \u2013 damit gelangt j\u00e4hrlich gef\u00e4lschte Ware im Umfang von 121 Milliarden Euro in die EU.\u00a0Das EUIPO warnte zudem vor einem Anstieg gef\u00e4lschter Medikamente und medizinischer Produkte im Zuge der Pandemie. Diese seien eine Gefahr f\u00fcr die Sicherheit und Gesundheit der B\u00fcrger.<br \/>\n 12.34 Uhr:\u00a0SPD lehnt Rente mit 68 ab<\/p>\n<p> Die SPD lehnt ein Renteneintrittsalter von 68, wie von einem Expertengremium des Bundeswirtschaftsministeriums vorgeschlagen, ab. &#8222;Eine weitere Erh\u00f6hung des Renteneintrittsalters halte ich f\u00fcr den falschen Weg&#8220;, sagte der f\u00fcr die Rente zust\u00e4ndige Bundesarbeitsminister Hubertus Heil (SPD) laut einer Mitteilung seines Ministeriums. Die gesetzliche Rente sei ein zentrales Versprechen des Sozialstaates. Es gehe um Anerkennung von Lebensleistung und Sicherheit im Alter. &#8222;Darauf muss sich jede und jeder verlassen k\u00f6nnen.&#8220; Bei einer Pressekonferenz sagte Heil auf Nachfrage, der beste Schutz f\u00fcr die soziale Sicherung sei, m\u00f6glichst viele Menschen in Arbeit zu haben.<br \/>\n 12.22 Uhr:\u00a0CDU-Fraktionsspitze von neuen Abgeordneten wiedergew\u00e4hlt<\/p>\n<p> Die neue CDU-Fraktion im Landtag von Sachsen-Anhalt hat den bisherigen Fraktionschef Siegfried Borgwardt erneut zum Vorsitzenden gew\u00e4hlt. Der 63-j\u00e4hrige Vertraute von Ministerpr\u00e4sident Reiner Haseloff (CDU) bekam bei der heutigen konstituierenden Sitzung 35 Stimmen der auf 40 Sitze angewachsenen Fraktion. Auch der Parlamentarische Gesch\u00e4ftsf\u00fchrer Markus Kurze wurde im Amt best\u00e4tigt und bekam 29 Stimmen. Die starken Zugewinne und einige altersbedingte Abschiede haben die alte CDU-Fraktion ziemlich umgekrempelt: Etwa die H\u00e4lfte der Abgeordneten sind neu ins Parlament gekommen. Einen so starken Umbruch habe er in 19 Jahren Parlamentszugeh\u00f6rigkeit nicht erlebt, sagte Borgwardt. Die Fraktion besetzte daher zun\u00e4chst nur die beiden Posten, die f\u00fcr die Vorbereitung der konstituierenden Landtagssitzung n\u00f6tig sind.\u00a0                <\/p>\n<p> 12.14 Uhr:\u00a0Bericht offenbart schlechten Handyempfang auf dem Land<\/p>\n<p> Wer in entlegenen Gegenden Deutschlands unterwegs ist, hat h\u00e4ufig noch immer keinen Handyempfang. Wie aus einem Bericht der Bundesnetzagentur hervorgeht, ist die Versorgung auf 11 Prozent der Landesfl\u00e4che schlecht oder inexistent. 3,8 Prozent der Fl\u00e4che werden in dem Bericht als Funkloch oder als sogenannte wei\u00dfe Flecken definiert. Bestenfalls Empfang im uralten Mobilfunkstandard 2G (Edge) ist hier m\u00f6glich, was nur Telefonate und Schneckentempo-Downloads erm\u00f6glicht. 7,2 Prozent der Fl\u00e4che gelten als &#8222;graue Flecken&#8220;. Das hei\u00dft, dass dort nur eins der drei deutschen Mobilfunknetze im 4G-Standard zu empfangen ist, ob von der Telekom, Vodafone oder von Telef\u00f3nica. Kunden der zwei anderen Netze gucken jeweils in die R\u00f6hre.<br \/>\n 11.29 Uhr:\u00a027 Menschen sterben bei Blitzeinschl\u00e4gen in Indien<\/p>\n<p> Bei Blitzeinschl\u00e4gen sind in Indien mindestens 27 Menschen gestorben. Die meisten von ihnen seien direkt vom Blitz getroffen worden, andere von einst\u00fcrzenden H\u00fctten oder B\u00e4umen, sagte ein Mitarbeiter der zust\u00e4ndigen Katastrophenschutzbeh\u00f6rde der Deutschen Presse-Agentur. Die meisten Opfer der Blitze am Montagabend in sechs Bezirken im Bundesstaat Westbengalen seien Bauern und andere Leute, die sich im Freien aufgehalten h\u00e4tten.<br \/>\n 11.29 Uhr:\u00a0Dreij\u00e4hrige Tochter get\u00f6tet: Vater gesteht vor Berliner Gericht<\/p>\n<p> Sieben Monate nach dem gewaltsamen Tod eines dreij\u00e4hrigen M\u00e4dchens hat der angeklagte Vater des Kindes vor dem Berliner Landgericht gestanden. Er habe das Unfassbare getan und seine Tochter get\u00f6tet, erkl\u00e4rte der 31-J\u00e4hrige zum heutigen Prozessbeginn. Kurz zuvor habe ihm seine Ehefrau mitgeteilt, dass sie ihn verlassen werde. Sie habe sich wegen mehrerer Gewaltvorf\u00e4lle von ihm trennen wollen.\u00a0Die Anklage lautet auf Mord. Heimt\u00fcckisch, aus niedrigen Beweggr\u00fcnden und grausam habe der Mann seine Tochter umgebracht. Er habe das Kind &#8222;zu einem Objekt gemacht, um seine Frau abzustrafen und letztlich aus Eifersucht gehandelt&#8220;, sagte der Staatsanwalt.\u00a0<br \/>\n 11.28 Uhr:\u00a0Mehr als eine Million B\u00fcrger haben bereits ein EU-Impfzertifikat erhalten <\/p>\n<p> Mehr als eine Million B\u00fcrger in der Europ\u00e4ischen Union verf\u00fcgen bereits \u00fcber ein digitales EU-Impfzertifikat. Dies sagte EU-Justizkommissar Didier Reynders w\u00e4hrend der heutigen Plenarsitzung des Europ\u00e4ischen Parlaments. Der Impfpass werde &#8222;es den EU-B\u00fcrgern leichter machen, ihr Grundrecht auf Freiz\u00fcgigkeit wahrzunehmen&#8220; und sei ein &#8222;praktisches Instrument&#8220;, um sicheres Reisen im Sommer zu erm\u00f6glichen. Die elektronische Plattform f\u00fcr die \u00dcberpr\u00fcfung von Impfzertifikaten soll am 1. Juli an den Start gehen. Sie soll neben Angaben zu Impfungen auch Informationen \u00fcber Tests oder \u00fcberstandene Corona-Infektionen enthalten. Mitgliedstaaten k\u00f6nnen schon jetzt Zertifikate ausstellen. In Deutschland laufen seit Ende Mai Feldtests mit dem digitalen EU-Nachweis in einigen Impfzentren.                <\/p>\n<p> 11.28 Uhr:\u00a0Rezession in Eurozone nicht ganz so schlimm wie bef\u00fcrchtet<\/p>\n<p> Die Eurozone ist im Herbst und Winter zwar in die Rezession gerutscht, doch fiel der R\u00fcckschlag nicht ganz so schlimm aus wie zun\u00e4chst bef\u00fcrchtet. Im ersten Quartal des laufenden Jahres sei die Wirtschaftsleistung im Vergleich zum Vorquartal um 0,3 Prozent geschrumpft, teilte das Statistikamt Eurostat in Luxemburg mit. Eine vorherige Sch\u00e4tzung hatte noch einen R\u00fcckgang um 0,6 Prozent ergeben. Auch im Schlussquartal 2020 war die Wirtschaft der 19 Eurol\u00e4nder geschrumpft, allerdings ebenfalls etwas weniger stark als bisher bekannt. Der R\u00fcckgang wurde von 0,7 auf 0,6 Prozent korrigiert.<br \/>\n 11.20 Uhr:\u00a0Wegen Abtreibung verurteilte Frau in El Salvador nach fast neun Jahren Haft frei<\/p>\n<p> Im streng katholischen El Salvador ist eine Frau vorzeitig aus dem Gef\u00e4ngnis freigelassen worden, die wegen Abtreibung unter den extrem strengen Gesetzen des Landes zu 30 Jahren Haft verurteilt worden war. Die 28-j\u00e4hrige Sara Rogel verlie\u00df am Montag (Ortszeit) nach \u00fcber acht Jahren hinter Gittern das Frauengef\u00e4ngnis nahe Zacatecoluca, wo sie von ihrer Familie und ihrer Anw\u00e4ltin empfangen wurde. Rogel war im Alter von 20 Jahren hochschwanger beim W\u00e4schewaschen ausgerutscht und bewusstlos liegen geblieben. Im Krankenhaus wurde sie wegen des Verdachts auf Abtreibung festgenommen. Ein Gericht verurteilte sie wegen &#8222;schwerer T\u00f6tung&#8220; zu 30 Jahren Haft.                <\/p>\n<p> 11.19 Uhr:\u00a0Wegfall vieler Minijobs l\u00e4sst Teilzeitquote br\u00f6ckeln<\/p>\n<p> In Deutschland wird so wenig Teilzeit gearbeitet wie zuletzt vor f\u00fcnf Jahren. Im ersten Quartal 2021 ist die Teilzeitquote im Vergleich zum selben Zeitraum des Vorjahres um 0,4 Punkte auf 38,2 Prozent zur\u00fcckgegangen. Das geht aus einer\u00a0 Untersuchung des N\u00fcrnberger Instituts f\u00fcr Arbeitsmarkt- und Berufsforschung (IAB) hervor. Ausschlaggebend f\u00fcr die Entwicklung bei den Teilzeitbesch\u00e4ftigten sei der deutliche R\u00fcckgang bei den Minijobs.\u00a0<br \/>\n 11.15 Uhr:\u00a0Lockdown l\u00e4sst Baumarktums\u00e4tze einbrechen<\/p>\n<p> Nach den Absatzrekorden im Corona-Jahr 2020 hat die Do-it-Yourself-Branche im ersten Quartal dieses Jahres einen schweren Umsatzeinbruch hinnehmen m\u00fcssen. Insgesamt gingen die Ums\u00e4tze der Bau- und Gartenfachm\u00e4rkte zwischen Januar und M\u00e4rz im Vergleich zum Vorjahresquartal um 21,3 Prozent auf 3,45 Milliarden Euro zur\u00fcck, wie der Handelsverband Heimwerken, Bauen und Garten (BHB)\u00a0 mitteilte. 2020 hatte die Branche davon profitiert, dass sie als &#8222;systemrelevant&#8220; eingestuft wurde und ihre L\u00e4den im ersten Lockdown rasch wieder \u00f6ffnen durften. Au\u00dferdem spielte ihr in die Karten, dass viele Urlaubsreisen und Restaurantbesuche ausfielen und Verbraucher das gesparte Geld nutzten, um die eigenen vier W\u00e4nde oder den Garten zu versch\u00f6nern. Im j\u00fcngsten Lockdown mussten dagegen auch die Baum\u00e4rkte monatelang schlie\u00dfen.\u00a0<br \/>\n 11 Uhr: M\u00e4dchen soll ohne Einverst\u00e4ndnis gegen Covid geimpft worden sein<\/p>\n<p> Ein neun Jahre altes M\u00e4dchen soll im Impfzentrum in Bobingen im Landkreis Augsburg laut Polizei &#8222;versehentlich&#8220; gegen Covid-19 geimpft worden sein. Der Vater des Kindes habe Strafanzeige gegen die Verantwortlichen gestellt, sagte ein Sprecher der Augsburger Polizei. Es liefen nun Ermittlungen wegen fahrl\u00e4ssiger K\u00f6rperverletzung. Es solle gepr\u00fcft werden, wer an der Impfung am vergangenen Samstag beteiligt gewesen sei und wie es \u00fcberhaupt zu einer versehentlichen Impfung kommen k\u00f6nne. Dem Kind gehe es aber gut. Der Polizeisprecher best\u00e4tigte damit mehrere Medienberichte. Demnach habe das Kind seinen Vater bei einem Impftermin begleitet, als der Arzt es ohne Einverst\u00e4ndnis geimpft habe.\u00a0                <\/p>\n<p> 10.52 Uhr:\u00a0Freiheit statt Showobjekt: Orang-Utan-Dame mit 22 Jahren ausgewildert<\/p>\n<p> Auf Borneo haben Tiersch\u00fctzer ein 22-j\u00e4hriges Orang-Utan-Weibchen ausgewildert, das in seinem Leben noch nie frei im Dschungel gelebt hat. Suayap war vor 16 Jahren aus dem Safari World Park in Thailand gerettet und zur\u00fcck in ihre indonesische Heimat gebracht worden. In dem Park in Bangkok h\u00e4tte die Primatin als Showobjekt dienen sollen \u2013 als Jungtier als Fotomodell, sp\u00e4ter als Thai-Boxerin oder Nummerngirl in einem der zwielichtigen &#8222;Unterhaltungsprogramme&#8220;, die in Thailand beliebt sind.                <\/p>\n<p> 10.30 Uhr:\u00a0Europol: Gut 800 Festnahmen bei weltweiten Razzien gegen organisiertes Verbrechen<\/p>\n<p> Bei den weltweiten Polizeieins\u00e4tzen gegen das organisierte Verbrechen sind mehr als 800 Verd\u00e4chtige festgenommen worden. Bei den gut 700 Razzien in Europa, Neuseeland, Australien und den USA seien zudem mehr als acht Tonnen Kokain beschlagnahmt worden, sagte Philippe Lecouffe von der europ\u00e4ischen Polizeibeh\u00f6rde Europol am Morgen bei einer Pressekonferenz in Den Haag. Die Ermittler hatten sich Zugang zu einer von kriminellen Banden genutzten verschl\u00fcsselten Kommunikationsplattform verschafft.\u00a0Wie die Generalstaatsanwaltschaft Frankfurt am Main mitteilte, seien in Deutschland\u00a0mehr als 70 Menschen bei den Razzien festgenommen worden.\u00a0Der Schwerpunkt des Einsatzes hierzulande lag in Hessen.<br \/>\n 10.29 Uhr:\u00a0Wegen Bandengewalt: Milit\u00e4r in Amazonas-Metropole Manaus beordert<\/p>\n<p> Nach einer Welle von Vandalismus und mutma\u00dflicher Bandengewalt im Herzen des Amazonasgebiets hat die brasilianische Regierung das Milit\u00e4r nach Manaus geschickt.\u00a0Mutma\u00dflich eine kriminelle Bande hatte als Vergeltung f\u00fcr den Tod eines ihrer Mitglieder bei einem Polizeieinsatz seit dem Wochenende Autos und Busse angez\u00fcndet, Bankfilialen gepl\u00fcndert und \u00f6ffentliche Geb\u00e4ude besch\u00e4digt. &#8222;Ein Szenario der Zerst\u00f6rung und des totalen Chaos&#8220;, schrieb das Portal &#8222;Amaz\u00f4nia Real&#8220;. Die Regierung des Bundesstaates Amazonas z\u00e4hlte bis Montagabend mehr als 40 Angriffe in Manaus und anderen St\u00e4dten des Bundesstaates, 31 Verd\u00e4chtige wurden festgenommen, wie brasilianische Medien unter Berufung auf den Sekret\u00e4r f\u00fcr \u00f6ffentliche Sicherheit, Louismar Bonates, berichteten.<br \/>\n 10.20 Uhr:\u00a0RTL holt Pinar Atalay von den &#8222;Tagesthemen&#8220;<\/p>\n<p> Die &#8222;Tagesthemen&#8220;-Moderatorin Pinar Atalay wechselt zum 1. August zum Privatsender RTL. Das gab RTL\u00a0in K\u00f6ln bekannt. Die 43-J\u00e4hrige werde den weiteren Ausbau der Informations- und Nachrichtenangebote in zentraler Rolle mitgestalten. Die Journalistin wurde in der Pressemitteilung mit den Worten zitiert: &#8222;In diesen politisch spannenden Zeiten wird das journalistische Profil von RTL weiter gest\u00e4rkt, und ich freue mich, daran teilhaben zu d\u00fcrfen.&#8220; Sie wolle mit ihrer Erfahrung als TV-Journalistin und Moderatorin dem steigenden Informationsbed\u00fcrfnis der Zuschauerinnen und Zuschauer gerecht werden, mit Qualit\u00e4tsjournalismus, der f\u00fcr die Gesellschaft unabdingbar sei. Atalay auch per Video in die RTL-Pressekonferenz zugeschaltet. Dort sagte sie, sie freue sich auf eine neue Herausforderung.                <\/p>\n<p> An dieser Stelle hat unsere Redaktion Inhalte aus Instagram<br \/>\n integriert.<\/p>\n<p> Aufgrund Ihrer Datenschutz-Einstellungen wurden diese Inhalte nicht geladen, um Ihre Privatsph\u00e4re zu sch\u00fctzen.<\/p>\n<p> DATENSCHUTZ-EINSTELLUNGEN    Hier k\u00f6nnen Sie die Einstellungen f\u00fcr die Anbieter \u00e4ndern, deren Inhalte sie anzeigen m\u00f6chten. Diese Anbieter<br \/>\n setzen m\u00f6glicherweise Cookies und sammeln Informationen zu Ihrem Browser und weiteren, vom jeweiligen Anbieter bestimmten Kriterien.<br \/>\n Weitere Informationen finden Sie in den Datenschutzhinweisen.<\/p>\n<p> 10.14 Uhr: Facebook geht h\u00e4rter gegen Regelverst\u00f6\u00dfe in Gruppen vor<\/p>\n<p> Facebook versch\u00e4rft wenige Monate vor der Bundestagswahl das Vorgehen gegen Regelverst\u00f6\u00dfe in Gruppen bei dem Online-Netzwerk. Dabei sollen die Reichweite und Rechte von Gruppen und ihren Mitgliedern eingeschr\u00e4nkt werden. &#8222;Je mehr Verst\u00f6\u00dfe eine Gruppe oder ein Mitglied begeht, desto strenger werden unsere Einschr\u00e4nkungen, bis wir die Gruppe oder das Mitglied ganz von unserer Plattform entfernen&#8220;, erkl\u00e4rte Facebook in einem Blogeintrag. Nutzer, die in Gruppen wiederholt gegen Richtlinien versto\u00dfen, sollen zeitweise die Berechtigung zum Verfassen von Beitr\u00e4gen oder Kommentaren verlieren &#8211; und zwar in s\u00e4mtlichen Gruppen. Zus\u00e4tzlich werden sie niemanden in Gruppen einladen oder neue Gruppen erstellen k\u00f6nnen.                <\/p>\n<p> 9.42 Uhr:\u00a0Israels k\u00fcnftige Regierung soll am Sonntag vereidigt werden<\/p>\n<p> Die Vereidigung der k\u00fcnftigen Regierung in Israel ist f\u00fcr den Sonntag geplant. Parlamentspr\u00e4sident Jariv Levin gab eine entsprechende Entscheidung bekannt. Die k\u00fcnftigen Koalitionspartner hatten eine Abstimmung bereits am Mittwoch gefordert. Bei der Sitzung am Sonntag soll nun auch ein neuer Parlamentspr\u00e4sident bestimmt werden. Das geplante Acht-Parteien-B\u00fcndnis verf\u00fcgt in der Knesset nur \u00fcber eine hauchd\u00fcnne Mehrheit von 61 der 120 Abgeordneten. Mit der Vereidigung eines neuen Kabinetts ginge eine \u00c4ra zu Ende: Es w\u00e4re das erste Mal seit zw\u00f6lf Jahren, dass eine Regierung ohne den bisherigen rechtskonservativen Ministerpr\u00e4sidenten Benjamin Netanjahu gebildet wird. Der 71-J\u00e4hrige versucht noch, dies zu verhindern. Er hofft, dass sich in den n\u00e4chsten Tagen im gegnerischen Lager noch Abtr\u00fcnnige finden.<br \/>\n 9.32 Uhr:\u00a0Verd\u00e4chtiger nach t\u00f6dlichen Sch\u00fcssen an Kreuzung in Hannover stellt sich<\/p>\n<p> Mehrere Tage nach t\u00f6dlichen Sch\u00fcssen auf einen 30-J\u00e4hrigen in der Innenstadt von Hannover hat sich ein Verd\u00e4chtiger gestellt. Wie Polizei und Staatsanwaltschaft in der nieders\u00e4chsischen Stadt am Montagabend mitteilten, lie\u00df sich der 32-J\u00e4hrige in Hannover von Einsatzkr\u00e4ften widerstandlos festnehmen. Anschlie\u00dfend ordnete ein Richter Untersuchungshaft wegen Totschlagsverdachts gegen ihn an. Zu weiteren Einzelheiten \u00e4u\u00dferten sich die Ermittler zun\u00e4chst nicht. Am Donnerstag war eine Auseinandersetzung zwischen den Insassen zweier Autos an einer Kreuzung in der Innenstadt von Hannover eskaliert. Nach fr\u00fcheren Angaben der Beh\u00f6rden wurden dabei zun\u00e4chst die beiden hochpreisigen Fahrzeuge besch\u00e4digt, bevor zus\u00e4tzlich mindestens ein Schuss auf eines der beiden Autos abgefeuert wurde.<br \/>\n 9.18 Uhr:\u00a0K\u00f6lner Betroffenenbeirat gegen R\u00fccktritt von Bisch\u00f6fen<\/p>\n<p> Der Betroffenenbeirat f\u00fcr sexualisierte Gewalt im Erzbistum K\u00f6ln hat sich gegen den R\u00fccktritt von Bisch\u00f6fen und Kardin\u00e4len ausgesprochen. &#8222;Den Betroffenen bringt es wenig, wenn Bisch\u00f6fe oder Kardin\u00e4le, die Verantwortung hatten und haben, jetzt ihren R\u00fccktritt erkl\u00e4ren und sich somit der Verantwortung entziehen&#8220;, teilte Beiratsmitglied Peter Bringmann-Henselder der Deutschen Presse-Agentur mit. Bringmann-Henselder, der selbst als Heimkind missbraucht und misshandelt wurde, spricht heute mit den Apostolischen Visitatoren Hans van den Hende und Anders Arborelius, die im Auftrag des Papstes die Lage im Erzbistum K\u00f6ln untersuchen.\u00a0                <\/p>\n<p> 9.13 Uhr:\u00a0Spahn zu Streit um Schutzmasken: &#8222;Schwieriger Umgang&#8220; unter Partnern<\/p>\n<p> Im Streit um die Verteilung von angeblich weniger gepr\u00fcften Corona-Schutzmasken zwischen Union und SPD hat Bundesgesundheitsminister Jens Spahn (CDU) den Koalitionspartner erneut kritisiert. &#8222;Das ist unter Partnern jedenfalls \u2013 und das sind ja Koalitionspartner \u2013 schon ein schwieriger Umgang&#8220;, sagte Spahn im ARD-&#8222;Morgenmagazin&#8220;. &#8222;Wir haben das sachlich, fachlich miteinander aufgekl\u00e4rt vor sechs Monaten.&#8220; Nun stelle sich die Frage, warum das, was vor Monaten &#8222;ger\u00e4uschlos&#8220; ging, nun kurz vor einer Wahl hochkomme. Hintergrund der Debatte\u00a0ist ein &#8222;Spiegel&#8220;-Bericht \u00fcber den Umgang mit angeblich minderwertigen, in China bestellten Corona-Masken, die\u00a0an Einrichtungen f\u00fcr Menschen mit Behinderung oder f\u00fcr Obdachlose gehen sollten.\u00a0                <\/p>\n<p> 8.50 Uhr:\u00a0Razzien gegen Clankriminalit\u00e4t: Durchsuchungen an Rhein und Ruhr<\/p>\n<p> Bei Ermittlungen gegen Clankriminalit\u00e4t durchsuchen derzeit Spezialkr\u00e4fte der Polizei rund 30 Objekte in Nordrhein-Westfalen. Nach Angaben von Staatsanwaltschaft und Polizei D\u00fcsseldorf sowie vom Landeskriminalamt sind Beamte im Rheinland, Bergischen Land, am Niederrhein und im Ruhrgebiet im Einsatz. Laut Mitteilung werden Haftbefehle vollzogen, Verm\u00f6gen beschlagnahmt sowie H\u00e4user, Wohnungen, B\u00fcros und Gesch\u00e4fte durchsucht. Dabei geht es in einem Verfahren der Staatsanwaltschaft D\u00fcsseldorf um den Verdacht des bandenm\u00e4\u00dfigen Betrugs und der Geldw\u00e4sche. Aus ermittlungstaktischen Gr\u00fcnden will die Polizei derzeit keine weiteren Angaben machen.<br \/>\n 8.17 Uhr:\u00a0Deutsche Industrie produziert \u00fcberraschend weniger<\/p>\n<p> Die deutsche Industrie hat im April weniger produziert als im Monat zuvor. Im Vergleich zu M\u00e4rz lag die Gesamtherstellung ein Prozent tiefer, wie das Statistische Bundesamt in Wiesbaden mittelte. Experten hatten mit einem Zuwachs um 0,4 Prozent gerechnet. Der R\u00fccksetzer folgt auf einen deutlichen Produktionsanstieg im M\u00e4rz. Gegen\u00fcber dem Vorjahresmonat erh\u00f6hte sich die Produktion um 26,4 Prozent. Der starke Anstieg geht auf den Einbruch w\u00e4hrend der ersten Corona-Welle im Fr\u00fchjahr 2020 zur\u00fcck. Das Vorkrisenniveau vom Februar 2020 wurde im April um 5,6 Prozent unterschritten.<br \/>\n 7.29 Uhr:\u00a0Zahl der Toten nach Zugungl\u00fcck in Pakistan steigt auf mehr als 60<\/p>\n<p> Nach dem Zugungl\u00fcck im S\u00fcden Pakistans ist die Zahl der Toten auf mindestens 62 gestiegen. Mindestens 150 Menschen seien verletzt worden, sagte ein lokaler Beh\u00f6rdenvertreter. Am Montag war in der Provinz Sindh in der Stadt Ghotki ein Zug entgleist und auf Gleisen daneben zum Liegen gekommen. Kurz darauf rammte ein anderer Passagierzug diesen.\u00a0Es werde bef\u00fcrchtet, dass die Zahl der Todesopfer weiter steigen k\u00f6nnte. Mehrere Opfer bef\u00e4nden sich noch in kritischem Zustand, sagte der Beh\u00f6rdenvertreter. Zur Ungl\u00fccksursache gab es zun\u00e4chst keine Angaben.\u00a0<br \/>\n 7.07 Uhr:\u00a0Lambrecht: Vorerst keine Verankerung von Kinderrechten im Grundgesetz<\/p>\n<p> Eine Verankerung von Kinderrechten im Grundgesetz ist laut Justiz- und Familienministerin Christine Lambrecht (SPD) in dieser Legislaturperiode gescheitert. Sie sei &#8222;zutiefst entt\u00e4uscht&#8220;, dass dieses Vorhaben vorerst nicht umgesetzt werde, erkl\u00e4rte Lambrecht nach der abschlie\u00dfenden Verhandlungsrunde mit den Fraktionen am Montagabend. Union und der Opposition habe &#8222;der Wille zur Einigung&#8220; gefehlt.\u00a0Die Regierung hatte Anfang des Jahres einen Gesetzentwurf zur Verankerung von Kinderrechten im Grundgesetz auf den Weg gebracht. F\u00fcr eine \u00c4nderung ist eine Zwei-Drittel-Mehrheit in Bundestag und Bundesrat erforderlich.\u00a0                <\/p>\n<p> 6.50 Uhr:\u00a0Castillo liegt bei Stichwahl in Peru knapp vorn \u2013 Fujimori erhebt Betrugsvorw\u00fcrfe<\/p>\n<p> Einen Tag nach der Stichwahl um die Pr\u00e4sidentschaft in Peru ist noch keine Entscheidung in Sicht: Der linksgerichtete Bewerber Pedro Castillo lag nach Ausz\u00e4hlung von mehr als 96 Prozent der Stimmen knapp vor seiner Rivalin Keiko Fujimori. Die rechtspopulistische Politikerin, die nach Bekanntgabe der ersten Teilergebnisse in F\u00fchrung gelegen hatte, erhob Betrugsvorw\u00fcrfe. Es kann noch mehrere Tage dauern, bis das amtliche Endergebnis der Wahl feststeht.\u00a0Dem j\u00fcngsten Teilergebnis zufolge liegt Castillo bei 50,28 Prozent, w\u00e4hrend seine Konkurrentin auf 49,72 Prozent kommt.<br \/>\n 6.11 Uhr:\u00a0Erste Regierungsoption in Sachsen-Anhalt vom Tisch \u2013 Fraktionen treffen sich im Landtag<\/p>\n<p> Die erste Regierungsoption f\u00fcr Ministerpr\u00e4sident Reiner Haseloff (CDU) ist nach der Landtagswahl in Sachsen-Anhalt schon vom Tisch: Der Wahlsieger CDU hatte am Montagabend SPD, FDP und Gr\u00fcne zu Sondierungsgespr\u00e4chen eingeladen. Die SPD nahm die Einladung an. Auch die Gr\u00fcnen wollen mit der CDU die M\u00f6glichkeit einer Koalition ausloten, allerdings nur mit CDU und FDP. Eine erneute Zusammenarbeit mit den beiden Parteien in einer Kenia-Koalition schlie\u00dfen die Gr\u00fcnen aus, da CDU und SPD auch ohne sie eine Mehrheit h\u00e4tten und auf die Stimmen der Gr\u00fcnen nicht angewiesen w\u00e4ren.                <\/p>\n<p> 5.05 Uhr:\u00a0G7-Staaten zur Freigabe der Impfstoff-Patente aufgefordert<\/p>\n<p> Vor dem G7-Gipfel in Gro\u00dfbritannien am Freitag haben regierungsunabh\u00e4ngige Organisationen die reichen Industriel\u00e4nder aufgefordert, im Kampf gegen die Pandemie die Patente f\u00fcr Impfstoffe freizugeben. Auch m\u00fcsse Technologie in \u00e4rmere L\u00e4nder transferiert werden, um dort eine Produktion aufzubauen. &#8222;Spenden k\u00f6nnen marginal helfen, aber die Entwicklungsl\u00e4nder brauchen die Rechte, das Know-how und die Technologie zur eigenen, regionalen Herstellung der Impfstoffe&#8220;, sagte J\u00f6rn Kalinski von Oxfam International der Deutschen Presse-Agentur vor dem Gipfel im britischen Carbis Bay.                <\/p>\n<p> 4.55 Uhr:\u00a0Weiterer Oppositionskandidat vor Wahl in Nicaragua inhaftiert<\/p>\n<p> F\u00fcnf Monate vor einer Pr\u00e4sidentenwahl geht Nicaraguas Justiz gegen immer mehr Oppositionskandidaten vor: Gegen den fr\u00fcheren Botschafter des mittelamerikanischen Landes in Washington, Arturo Cruz, ist 90 Tage Untersuchungshaft verordnet worden. Einem entsprechenden Antrag habe ein Gericht am Montag wegen des Vorwurfs der &#8222;Provokation, Proposition und Verschw\u00f6rung zur Untergrabung der nationalen Integrit\u00e4t&#8220; stattgegeben, teilte die Staatsanwaltschaft mit. Cruz bewirbt sich um die Kandidatur eines Oppositionsb\u00fcndnisses bei der Wahl im November.\u00a0Vergangenen Mittwoch war bereits die Oppositionskandidatin und Tochter der Ex-Pr\u00e4sidentin Violeta Barrios de Chamorro, Cristiana Chamorro, unter Hausarrest gestellt worden.\u00a0<br \/>\n 4.16 Uhr:\u00a0Europ\u00e4ische Firmen wollen noch st\u00e4rker auf China setzen<\/p>\n<p> Europ\u00e4ische Firmen in China wollen in Zukunft noch st\u00e4rker auf Gesch\u00e4fte in der zweitgr\u00f6\u00dften Volkswirtschaft setzen. In einer\u00a0Befragung der EU-Handelskammer in Peking gaben 59 Prozent der Firmen an, dar\u00fcber nachzudenken, ihre Aktivit\u00e4ten in China weiter auszubauen. Der Anteil von Unternehmen, die dar\u00fcber nachdenken, sich aus China zur\u00fcckzuziehen, erreichte dagegen mit nur neun Prozent einen neuen Tiefststand in der j\u00e4hrlichen Mitgliederbefragung.\u00a0Die Unternehmen profitierten laut Handelskammer davon, dass China schneller als andere Weltregionen die Corona-Pandemie \u00fcberwinden konnte und die Wirtschaft bereits im vergangenen Jahr wieder Fahrt aufnahm.                <\/p>\n<p> 4.05 Uhr:\u00a0New York plant Gro\u00dfkonzert im Central Park zur &#8222;Wiedergeburt&#8220; nach Coronakrise<\/p>\n<p> Zu seinem Comeback nach der Coronakrise plant New York ein riesiges Konzert im Central Park. Welche Stars auftreten werden, ist noch nicht bekannt, doch werde es &#8222;der H\u00f6hepunkt einer erstaunlichen, bemerkenswerten, einmaligen Woche&#8220; zur Feier der &#8222;Wiedergeburt&#8220; von New York City sein, sagte B\u00fcrgermeister Bill De Blasio am Montag bei der Ank\u00fcndigung des Projekts. Viele der 60.000 Eintrittskarten sollen kostenlos vergeben werden, allerdings sind auch VIP-Pl\u00e4tze vorgesehen.\u00a0<br \/>\n 2.45 Uhr:\u00a0Mann wird in Wohnung von Wassermassen \u00fcberrascht und ertrinkt<\/p>\n<p> Ein Mann ist bei Unwettern in Rot an der Rot im Kreis Biberach in seiner Wohnung ums Leben gekommen. Er sei am Montagabend in seiner Wohnung im Untergeschoss eines Mehrfamilienhauses von den Wassermassen \u00fcberrascht worden, sagte ein Sprecher der Polizei. Erst Stunden sp\u00e4ter nachdem das Wasser abgeflossen war, konnten Feuerwehrleute den 65-J\u00e4hrigen bergen. Insgesamt wurden \u00fcber 20 H\u00e4user in der Gemeinde durch die \u00dcberschwemmungen besch\u00e4digt.<br \/>\n 0.05 Uhr: Hackerangriff auf US-Pipeline: Ermittler kommen an erpresste Millionen<\/p>\n<p> Nach einem Hackerangriff auf die gr\u00f6\u00dfte Benzin-Pipeline in den USA und Benzinengp\u00e4ssen in Teilen des Landes haben Ermittler den Gro\u00dfteil einer L\u00f6segeldzahlung in der Digitalw\u00e4hrung Bitcoin wiedererlangt. Sichergestellt worden seien 63,7 Bitcoin im Wert von derzeit etwa 2,3 Millionen US-Dollar, teilte das US-Justizministerium am Montag mit. Dem FBI sei es gelungen, eine digitale Geldb\u00f6rse (Wallet) zu identifizieren, die Hacker mutma\u00dflich benutzten, um eine Zahlung des betroffenen Unternehmens einzutreiben, sagte der stellvertretende Direktor der Beh\u00f6rde, Paul Abbate.<br \/>\n reb \/ fs<br \/>\n DPA<br \/>\n AFP<\/p>\n<p> #Themen<\/p>\n<p>\n<!--noindex--><br \/>\n<a href=\"https:\/\/www.stern.de\/panorama\/weltgeschehen\/news-von-heute--un-tribunal-bestaetigt-lebenslange-haft-fuer-ex-general-mladic-30561178.html?utm_campaign=alle&#038;utm_medium=rss-feed&#038;utm_source=standard\" rel=\"nofollow\">Source link <\/a><br \/>\n<!--\/noindex--><\/p>\n","protected":false},"excerpt":{"rendered":"<p>Die News von heute im stern-Ticker. Die News von heute im stern-Ticker: 16.30 Uhr:\u00a0UN-Tribunal best\u00e4tigt lebenslange Haft f\u00fcr Ex-General Mladic wegen V\u00f6lkermords Der serbische Ex-General Ratko Mladic ist wegen des V\u00f6lkermords von Srebrenica auch in letzter Instanz zu lebenslanger Haft verurteilt worden. Das UN-Kriegsverbrechertribunal best\u00e4tigte\u00a0das Urteil der ersten Instanz. Mladic war wegen seiner Verantwortung f\u00fcr [&hellip;]<\/p>\n","protected":false},"author":1,"featured_media":1777,"comment_status":"open","ping_status":"open","sticky":false,"template":"","format":"standard","meta":{"footnotes":""},"categories":[1],"tags":[],"class_list":["post-1776","post","type-post","status-publish","format-standard","has-post-thumbnail","hentry","category-neuigkeiten"],"yoast_head":"<!-- This site is optimized with the Yoast SEO plugin v27.4 - https:\/\/yoast.com\/product\/yoast-seo-wordpress\/ -->\n<title>News von heute: UN-Tribunal best\u00e4tigt lebenslange Haft f\u00fcr Ex-General Mladic - Super News<\/title>\n<meta name=\"robots\" content=\"index, follow, max-snippet:-1, max-image-preview:large, max-video-preview:-1\" \/>\n<link rel=\"canonical\" href=\"https:\/\/super-news.info\/de\/news-von-heute-un-tribunal-bestaetigt-lebenslange-haft-fuer-ex-general-mladic\/\" \/>\n<meta property=\"og:locale\" content=\"de_DE\" \/>\n<meta property=\"og:type\" content=\"article\" \/>\n<meta property=\"og:title\" content=\"News von heute: UN-Tribunal best\u00e4tigt lebenslange Haft f\u00fcr Ex-General Mladic - Super News\" \/>\n<meta property=\"og:description\" content=\"Die News von heute im stern-Ticker. Die News von heute im stern-Ticker: 16.30 Uhr:\u00a0UN-Tribunal best\u00e4tigt lebenslange Haft f\u00fcr Ex-General Mladic wegen V\u00f6lkermords Der serbische Ex-General Ratko Mladic ist wegen des V\u00f6lkermords von Srebrenica auch in letzter Instanz zu lebenslanger Haft verurteilt worden. Das UN-Kriegsverbrechertribunal best\u00e4tigte\u00a0das Urteil der ersten Instanz. Mladic war wegen seiner Verantwortung f\u00fcr [&hellip;]\" \/>\n<meta property=\"og:url\" content=\"https:\/\/super-news.info\/de\/news-von-heute-un-tribunal-bestaetigt-lebenslange-haft-fuer-ex-general-mladic\/\" \/>\n<meta property=\"og:site_name\" content=\"Super News\" \/>\n<meta property=\"article:published_time\" content=\"2021-06-08T14:39:24+00:00\" \/>\n<meta property=\"article:modified_time\" content=\"2021-06-08T14:39:32+00:00\" \/>\n<meta property=\"og:image\" content=\"https:\/\/super-news.info\/de\/wp-content\/uploads\/sites\/13\/2021\/06\/News-von-heute-UN-Tribunal-bestaetigt-lebenslange-Haft-fuer-Ex-General-Mladic.jpg\" \/>\n\t<meta property=\"og:image:width\" content=\"1440\" \/>\n\t<meta property=\"og:image:height\" content=\"809\" \/>\n\t<meta property=\"og:image:type\" content=\"image\/jpeg\" \/>\n<meta name=\"author\" content=\"super news\" \/>\n<meta name=\"twitter:card\" content=\"summary_large_image\" \/>\n<meta name=\"twitter:label1\" content=\"Verfasst von\" \/>\n\t<meta name=\"twitter:data1\" content=\"super news\" \/>\n\t<meta name=\"twitter:label2\" content=\"Gesch\u00e4tzte Lesezeit\" \/>\n\t<meta name=\"twitter:data2\" content=\"28\u00a0Minuten\" \/>\n<script type=\"application\/ld+json\" class=\"yoast-schema-graph\">{\"@context\":\"https:\\\/\\\/schema.org\",\"@graph\":[{\"@type\":\"Article\",\"@id\":\"https:\\\/\\\/super-news.info\\\/de\\\/news-von-heute-un-tribunal-bestaetigt-lebenslange-haft-fuer-ex-general-mladic\\\/#article\",\"isPartOf\":{\"@id\":\"https:\\\/\\\/super-news.info\\\/de\\\/news-von-heute-un-tribunal-bestaetigt-lebenslange-haft-fuer-ex-general-mladic\\\/\"},\"author\":{\"name\":\"super news\",\"@id\":\"https:\\\/\\\/super-news.info\\\/de\\\/#\\\/schema\\\/person\\\/2b9ff946d06444e803cb306ffcfd1045\"},\"headline\":\"News von heute: UN-Tribunal best\u00e4tigt lebenslange Haft f\u00fcr Ex-General Mladic\",\"datePublished\":\"2021-06-08T14:39:24+00:00\",\"dateModified\":\"2021-06-08T14:39:32+00:00\",\"mainEntityOfPage\":{\"@id\":\"https:\\\/\\\/super-news.info\\\/de\\\/news-von-heute-un-tribunal-bestaetigt-lebenslange-haft-fuer-ex-general-mladic\\\/\"},\"wordCount\":5637,\"commentCount\":0,\"image\":{\"@id\":\"https:\\\/\\\/super-news.info\\\/de\\\/news-von-heute-un-tribunal-bestaetigt-lebenslange-haft-fuer-ex-general-mladic\\\/#primaryimage\"},\"thumbnailUrl\":\"https:\\\/\\\/super-news.info\\\/de\\\/wp-content\\\/uploads\\\/sites\\\/13\\\/2021\\\/06\\\/News-von-heute-UN-Tribunal-bestaetigt-lebenslange-Haft-fuer-Ex-General-Mladic.jpg\",\"articleSection\":[\"NEUIGKEITEN\"],\"inLanguage\":\"de\",\"potentialAction\":[{\"@type\":\"CommentAction\",\"name\":\"Comment\",\"target\":[\"https:\\\/\\\/super-news.info\\\/de\\\/news-von-heute-un-tribunal-bestaetigt-lebenslange-haft-fuer-ex-general-mladic\\\/#respond\"]}]},{\"@type\":\"WebPage\",\"@id\":\"https:\\\/\\\/super-news.info\\\/de\\\/news-von-heute-un-tribunal-bestaetigt-lebenslange-haft-fuer-ex-general-mladic\\\/\",\"url\":\"https:\\\/\\\/super-news.info\\\/de\\\/news-von-heute-un-tribunal-bestaetigt-lebenslange-haft-fuer-ex-general-mladic\\\/\",\"name\":\"News von heute: UN-Tribunal best\u00e4tigt lebenslange Haft f\u00fcr Ex-General Mladic - Super News\",\"isPartOf\":{\"@id\":\"https:\\\/\\\/super-news.info\\\/de\\\/#website\"},\"primaryImageOfPage\":{\"@id\":\"https:\\\/\\\/super-news.info\\\/de\\\/news-von-heute-un-tribunal-bestaetigt-lebenslange-haft-fuer-ex-general-mladic\\\/#primaryimage\"},\"image\":{\"@id\":\"https:\\\/\\\/super-news.info\\\/de\\\/news-von-heute-un-tribunal-bestaetigt-lebenslange-haft-fuer-ex-general-mladic\\\/#primaryimage\"},\"thumbnailUrl\":\"https:\\\/\\\/super-news.info\\\/de\\\/wp-content\\\/uploads\\\/sites\\\/13\\\/2021\\\/06\\\/News-von-heute-UN-Tribunal-bestaetigt-lebenslange-Haft-fuer-Ex-General-Mladic.jpg\",\"datePublished\":\"2021-06-08T14:39:24+00:00\",\"dateModified\":\"2021-06-08T14:39:32+00:00\",\"author\":{\"@id\":\"https:\\\/\\\/super-news.info\\\/de\\\/#\\\/schema\\\/person\\\/2b9ff946d06444e803cb306ffcfd1045\"},\"breadcrumb\":{\"@id\":\"https:\\\/\\\/super-news.info\\\/de\\\/news-von-heute-un-tribunal-bestaetigt-lebenslange-haft-fuer-ex-general-mladic\\\/#breadcrumb\"},\"inLanguage\":\"de\",\"potentialAction\":[{\"@type\":\"ReadAction\",\"target\":[\"https:\\\/\\\/super-news.info\\\/de\\\/news-von-heute-un-tribunal-bestaetigt-lebenslange-haft-fuer-ex-general-mladic\\\/\"]}]},{\"@type\":\"ImageObject\",\"inLanguage\":\"de\",\"@id\":\"https:\\\/\\\/super-news.info\\\/de\\\/news-von-heute-un-tribunal-bestaetigt-lebenslange-haft-fuer-ex-general-mladic\\\/#primaryimage\",\"url\":\"https:\\\/\\\/super-news.info\\\/de\\\/wp-content\\\/uploads\\\/sites\\\/13\\\/2021\\\/06\\\/News-von-heute-UN-Tribunal-bestaetigt-lebenslange-Haft-fuer-Ex-General-Mladic.jpg\",\"contentUrl\":\"https:\\\/\\\/super-news.info\\\/de\\\/wp-content\\\/uploads\\\/sites\\\/13\\\/2021\\\/06\\\/News-von-heute-UN-Tribunal-bestaetigt-lebenslange-Haft-fuer-Ex-General-Mladic.jpg\",\"width\":1440,\"height\":809,\"caption\":\"News von heute: UN-Tribunal best\u00e4tigt lebenslange Haft f\u00fcr Ex-General Mladic\"},{\"@type\":\"BreadcrumbList\",\"@id\":\"https:\\\/\\\/super-news.info\\\/de\\\/news-von-heute-un-tribunal-bestaetigt-lebenslange-haft-fuer-ex-general-mladic\\\/#breadcrumb\",\"itemListElement\":[{\"@type\":\"ListItem\",\"position\":1,\"name\":\"Home\",\"item\":\"https:\\\/\\\/super-news.info\\\/de\\\/\"},{\"@type\":\"ListItem\",\"position\":2,\"name\":\"News von heute: UN-Tribunal best\u00e4tigt lebenslange Haft f\u00fcr Ex-General Mladic\"}]},{\"@type\":\"WebSite\",\"@id\":\"https:\\\/\\\/super-news.info\\\/de\\\/#website\",\"url\":\"https:\\\/\\\/super-news.info\\\/de\\\/\",\"name\":\"Super News\",\"description\":\"Super News Germany\",\"potentialAction\":[{\"@type\":\"SearchAction\",\"target\":{\"@type\":\"EntryPoint\",\"urlTemplate\":\"https:\\\/\\\/super-news.info\\\/de\\\/?s={search_term_string}\"},\"query-input\":{\"@type\":\"PropertyValueSpecification\",\"valueRequired\":true,\"valueName\":\"search_term_string\"}}],\"inLanguage\":\"de\"},{\"@type\":\"Person\",\"@id\":\"https:\\\/\\\/super-news.info\\\/de\\\/#\\\/schema\\\/person\\\/2b9ff946d06444e803cb306ffcfd1045\",\"name\":\"super news\",\"image\":{\"@type\":\"ImageObject\",\"inLanguage\":\"de\",\"@id\":\"https:\\\/\\\/secure.gravatar.com\\\/avatar\\\/98e0b303f300d45b2a94684c5e4dda8baa4a5e9710b579f7493c8612061d08bf?s=96&d=mm&r=g\",\"url\":\"https:\\\/\\\/secure.gravatar.com\\\/avatar\\\/98e0b303f300d45b2a94684c5e4dda8baa4a5e9710b579f7493c8612061d08bf?s=96&d=mm&r=g\",\"contentUrl\":\"https:\\\/\\\/secure.gravatar.com\\\/avatar\\\/98e0b303f300d45b2a94684c5e4dda8baa4a5e9710b579f7493c8612061d08bf?s=96&d=mm&r=g\",\"caption\":\"super news\"},\"url\":\"https:\\\/\\\/super-news.info\\\/de\\\/author\\\/manuel\\\/\"}]}<\/script>\n<!-- \/ Yoast SEO plugin. -->","yoast_head_json":{"title":"News von heute: UN-Tribunal best\u00e4tigt lebenslange Haft f\u00fcr Ex-General Mladic - Super News","robots":{"index":"index","follow":"follow","max-snippet":"max-snippet:-1","max-image-preview":"max-image-preview:large","max-video-preview":"max-video-preview:-1"},"canonical":"https:\/\/super-news.info\/de\/news-von-heute-un-tribunal-bestaetigt-lebenslange-haft-fuer-ex-general-mladic\/","og_locale":"de_DE","og_type":"article","og_title":"News von heute: UN-Tribunal best\u00e4tigt lebenslange Haft f\u00fcr Ex-General Mladic - Super News","og_description":"Die News von heute im stern-Ticker. Die News von heute im stern-Ticker: 16.30 Uhr:\u00a0UN-Tribunal best\u00e4tigt lebenslange Haft f\u00fcr Ex-General Mladic wegen V\u00f6lkermords Der serbische Ex-General Ratko Mladic ist wegen des V\u00f6lkermords von Srebrenica auch in letzter Instanz zu lebenslanger Haft verurteilt worden. Das UN-Kriegsverbrechertribunal best\u00e4tigte\u00a0das Urteil der ersten Instanz. Mladic war wegen seiner Verantwortung f\u00fcr [&hellip;]","og_url":"https:\/\/super-news.info\/de\/news-von-heute-un-tribunal-bestaetigt-lebenslange-haft-fuer-ex-general-mladic\/","og_site_name":"Super News","article_published_time":"2021-06-08T14:39:24+00:00","article_modified_time":"2021-06-08T14:39:32+00:00","og_image":[{"width":1440,"height":809,"url":"https:\/\/super-news.info\/de\/wp-content\/uploads\/sites\/13\/2021\/06\/News-von-heute-UN-Tribunal-bestaetigt-lebenslange-Haft-fuer-Ex-General-Mladic.jpg","type":"image\/jpeg"}],"author":"super news","twitter_card":"summary_large_image","twitter_misc":{"Verfasst von":"super news","Gesch\u00e4tzte Lesezeit":"28\u00a0Minuten"},"schema":{"@context":"https:\/\/schema.org","@graph":[{"@type":"Article","@id":"https:\/\/super-news.info\/de\/news-von-heute-un-tribunal-bestaetigt-lebenslange-haft-fuer-ex-general-mladic\/#article","isPartOf":{"@id":"https:\/\/super-news.info\/de\/news-von-heute-un-tribunal-bestaetigt-lebenslange-haft-fuer-ex-general-mladic\/"},"author":{"name":"super news","@id":"https:\/\/super-news.info\/de\/#\/schema\/person\/2b9ff946d06444e803cb306ffcfd1045"},"headline":"News von heute: UN-Tribunal best\u00e4tigt lebenslange Haft f\u00fcr Ex-General Mladic","datePublished":"2021-06-08T14:39:24+00:00","dateModified":"2021-06-08T14:39:32+00:00","mainEntityOfPage":{"@id":"https:\/\/super-news.info\/de\/news-von-heute-un-tribunal-bestaetigt-lebenslange-haft-fuer-ex-general-mladic\/"},"wordCount":5637,"commentCount":0,"image":{"@id":"https:\/\/super-news.info\/de\/news-von-heute-un-tribunal-bestaetigt-lebenslange-haft-fuer-ex-general-mladic\/#primaryimage"},"thumbnailUrl":"https:\/\/super-news.info\/de\/wp-content\/uploads\/sites\/13\/2021\/06\/News-von-heute-UN-Tribunal-bestaetigt-lebenslange-Haft-fuer-Ex-General-Mladic.jpg","articleSection":["NEUIGKEITEN"],"inLanguage":"de","potentialAction":[{"@type":"CommentAction","name":"Comment","target":["https:\/\/super-news.info\/de\/news-von-heute-un-tribunal-bestaetigt-lebenslange-haft-fuer-ex-general-mladic\/#respond"]}]},{"@type":"WebPage","@id":"https:\/\/super-news.info\/de\/news-von-heute-un-tribunal-bestaetigt-lebenslange-haft-fuer-ex-general-mladic\/","url":"https:\/\/super-news.info\/de\/news-von-heute-un-tribunal-bestaetigt-lebenslange-haft-fuer-ex-general-mladic\/","name":"News von heute: UN-Tribunal best\u00e4tigt lebenslange Haft f\u00fcr Ex-General Mladic - Super News","isPartOf":{"@id":"https:\/\/super-news.info\/de\/#website"},"primaryImageOfPage":{"@id":"https:\/\/super-news.info\/de\/news-von-heute-un-tribunal-bestaetigt-lebenslange-haft-fuer-ex-general-mladic\/#primaryimage"},"image":{"@id":"https:\/\/super-news.info\/de\/news-von-heute-un-tribunal-bestaetigt-lebenslange-haft-fuer-ex-general-mladic\/#primaryimage"},"thumbnailUrl":"https:\/\/super-news.info\/de\/wp-content\/uploads\/sites\/13\/2021\/06\/News-von-heute-UN-Tribunal-bestaetigt-lebenslange-Haft-fuer-Ex-General-Mladic.jpg","datePublished":"2021-06-08T14:39:24+00:00","dateModified":"2021-06-08T14:39:32+00:00","author":{"@id":"https:\/\/super-news.info\/de\/#\/schema\/person\/2b9ff946d06444e803cb306ffcfd1045"},"breadcrumb":{"@id":"https:\/\/super-news.info\/de\/news-von-heute-un-tribunal-bestaetigt-lebenslange-haft-fuer-ex-general-mladic\/#breadcrumb"},"inLanguage":"de","potentialAction":[{"@type":"ReadAction","target":["https:\/\/super-news.info\/de\/news-von-heute-un-tribunal-bestaetigt-lebenslange-haft-fuer-ex-general-mladic\/"]}]},{"@type":"ImageObject","inLanguage":"de","@id":"https:\/\/super-news.info\/de\/news-von-heute-un-tribunal-bestaetigt-lebenslange-haft-fuer-ex-general-mladic\/#primaryimage","url":"https:\/\/super-news.info\/de\/wp-content\/uploads\/sites\/13\/2021\/06\/News-von-heute-UN-Tribunal-bestaetigt-lebenslange-Haft-fuer-Ex-General-Mladic.jpg","contentUrl":"https:\/\/super-news.info\/de\/wp-content\/uploads\/sites\/13\/2021\/06\/News-von-heute-UN-Tribunal-bestaetigt-lebenslange-Haft-fuer-Ex-General-Mladic.jpg","width":1440,"height":809,"caption":"News von heute: UN-Tribunal best\u00e4tigt lebenslange Haft f\u00fcr Ex-General Mladic"},{"@type":"BreadcrumbList","@id":"https:\/\/super-news.info\/de\/news-von-heute-un-tribunal-bestaetigt-lebenslange-haft-fuer-ex-general-mladic\/#breadcrumb","itemListElement":[{"@type":"ListItem","position":1,"name":"Home","item":"https:\/\/super-news.info\/de\/"},{"@type":"ListItem","position":2,"name":"News von heute: UN-Tribunal best\u00e4tigt lebenslange Haft f\u00fcr Ex-General Mladic"}]},{"@type":"WebSite","@id":"https:\/\/super-news.info\/de\/#website","url":"https:\/\/super-news.info\/de\/","name":"Super News","description":"Super News Germany","potentialAction":[{"@type":"SearchAction","target":{"@type":"EntryPoint","urlTemplate":"https:\/\/super-news.info\/de\/?s={search_term_string}"},"query-input":{"@type":"PropertyValueSpecification","valueRequired":true,"valueName":"search_term_string"}}],"inLanguage":"de"},{"@type":"Person","@id":"https:\/\/super-news.info\/de\/#\/schema\/person\/2b9ff946d06444e803cb306ffcfd1045","name":"super news","image":{"@type":"ImageObject","inLanguage":"de","@id":"https:\/\/secure.gravatar.com\/avatar\/98e0b303f300d45b2a94684c5e4dda8baa4a5e9710b579f7493c8612061d08bf?s=96&d=mm&r=g","url":"https:\/\/secure.gravatar.com\/avatar\/98e0b303f300d45b2a94684c5e4dda8baa4a5e9710b579f7493c8612061d08bf?s=96&d=mm&r=g","contentUrl":"https:\/\/secure.gravatar.com\/avatar\/98e0b303f300d45b2a94684c5e4dda8baa4a5e9710b579f7493c8612061d08bf?s=96&d=mm&r=g","caption":"super news"},"url":"https:\/\/super-news.info\/de\/author\/manuel\/"}]}},"_links":{"self":[{"href":"https:\/\/super-news.info\/de\/wp-json\/wp\/v2\/posts\/1776","targetHints":{"allow":["GET"]}}],"collection":[{"href":"https:\/\/super-news.info\/de\/wp-json\/wp\/v2\/posts"}],"about":[{"href":"https:\/\/super-news.info\/de\/wp-json\/wp\/v2\/types\/post"}],"author":[{"embeddable":true,"href":"https:\/\/super-news.info\/de\/wp-json\/wp\/v2\/users\/1"}],"replies":[{"embeddable":true,"href":"https:\/\/super-news.info\/de\/wp-json\/wp\/v2\/comments?post=1776"}],"version-history":[{"count":1,"href":"https:\/\/super-news.info\/de\/wp-json\/wp\/v2\/posts\/1776\/revisions"}],"predecessor-version":[{"id":1778,"href":"https:\/\/super-news.info\/de\/wp-json\/wp\/v2\/posts\/1776\/revisions\/1778"}],"wp:featuredmedia":[{"embeddable":true,"href":"https:\/\/super-news.info\/de\/wp-json\/wp\/v2\/media\/1777"}],"wp:attachment":[{"href":"https:\/\/super-news.info\/de\/wp-json\/wp\/v2\/media?parent=1776"}],"wp:term":[{"taxonomy":"category","embeddable":true,"href":"https:\/\/super-news.info\/de\/wp-json\/wp\/v2\/categories?post=1776"},{"taxonomy":"post_tag","embeddable":true,"href":"https:\/\/super-news.info\/de\/wp-json\/wp\/v2\/tags?post=1776"}],"curies":[{"name":"wp","href":"https:\/\/api.w.org\/{rel}","templated":true}]}}