{"id":175,"date":"2020-09-07T16:10:03","date_gmt":"2020-09-07T16:10:03","guid":{"rendered":"https:\/\/super-news.info\/de\/technikmesse-ifa-2021-wieder-in-vollem-umfang-geplant-absatzwirtschaft\/"},"modified":"2020-09-11T09:47:26","modified_gmt":"2020-09-11T09:47:26","slug":"technikmesse-ifa-2021-wieder-in-vollem-umfang-geplant-absatzwirtschaft","status":"publish","type":"post","link":"https:\/\/super-news.info\/de\/technikmesse-ifa-2021-wieder-in-vollem-umfang-geplant-absatzwirtschaft\/","title":{"rendered":"Technikmesse IFA 2021 wieder in vollem Umfang geplant \u203a absatzwirtschaft"},"content":{"rendered":"<div>\n<p><span class=\"entry-ressort\">Die Berliner Technikmesse IFA will im kommenden Jahr wieder mit vollem Tempo durchstarten. Das k\u00fcndigte die Berlin Messe zum Abschluss der &#8222;IFA 2020 Special Edition&#8220; an. Die auf drei Tage verk\u00fcrzte Technikschau war in diesem Jahr wegen der Corona-Pandemie nur f\u00fcr Fachbesucher ge\u00f6ffnet.<\/span><\/p>\n<\/div>\n<div>\n<p>Die \u201cMini-IFA\u201d ist zu Ende: Nach Angaben der Berlin Messe kamen vom vergangenen Donnerstag bis Samstag 6100 Besucher auf das Gel\u00e4nde unter dem Funkturm. Im Vorjahr hatten knapp 250.000 Menschen die IFA besucht. In diesem Jahr kamen virtuell 78.000 Besucher hinzu, die die Messe online besuchten.<\/p>\n<p>Schon jetzt erhalte die IFA 2021, die vom 3. bis 7. September in Berlin stattfinden wird, gro\u00dfen Zuspruch aus der Branche, sagte IFA-Chef Jens Heithecker zum Abschluss der diesj\u00e4hrigen Messe. Bislang seien bereits mehr als 60 Prozent der Ausstellungsfl\u00e4che gebucht. \u201cDas ist ein neuer Rekord. Noch nie zuvor hatten wir so fr\u00fch, so weit vor Beginn der IFA, ein so gro\u00dfes Interesse\u201d, sagte Heithecker.<\/p>\n<h2>Pers\u00f6nlicher Austausch unverzichtbar<\/h2>\n<p>Die diesj\u00e4hrige IFA habe eindrucksvoll unterstrichen, dass sowohl Handel und Industrie der Consumer und Home Electronics Branche als auch Medien auf pers\u00f6nliche Begegnungen und den intensiven Austausch vor Ort nicht verzichten wollten.<\/p>\n<p>Kai Hillebrandt, Aufsichtsratsvorsitzender der gfu Consumer &amp; Home Electronics, sprach von einer erfolgreichen Veranstaltung. \u201cDie IFA 2020 Special Edition war (mit dem Treffen auf dem Messegel\u00e4nde und im Internet) die erste Hybridveranstaltung unserer Branche und sie hat Ma\u00dfst\u00e4be gesetzt. Sie hat die Menschen zusammengebracht, sowohl vor den Bildschirmen, als auch pers\u00f6nlich vor Ort auf dem Messegel\u00e4nde in Berlin.\u201d F\u00fcr die weltweiten M\u00e4rkte habe die IFA zum richtigen Zeitpunkt im Vorfeld der umsatzst\u00e4rksten Zeit als Innovationsplattform mit zahlreichen Neuheiten-Pr\u00e4sentationen wichtige Impulse gesetzt.<\/p>\n<h2>Neue Produktkategorie \u201cFotografie\u201d bei IFA 2021<\/h2>\n<p>Im kommenden Jahr will sich die Messe noch st\u00e4rker dem Thema Fotografie widmen. Dazu werde die IFA Berlin 2021 die Produktkategorie \u201cImaging\u201d erweitern. \u201c\u2018Imaging\u2019 hat sich als bedeutender Trend in unserem Leben etabliert, der weit \u00fcber das Privatleben hinausgeht\u201d, sagte IFA-Chef Heithecker.<\/p>\n<p>In der Medizintechnik, beim autonomen Fahren, in der k\u00fcnstlichen Intelligenz und in vielen anderen Bereichen spiele \u2018Imaging\u2019 bereits eine zentrale Rolle\u201d, sagte Heithecker. Gleichzeitig startet die Messe Berlin eine neue Kooperation mit der Berlin Photo Week.<\/p>\n<p>tht\/dpa<\/p>\n<h2>absatzwirtschaft+<\/h2>\n<p><em><strong>Sie wollen weitere relevante Informationen und spannende Hintergr\u00fcnde f\u00fcr Ihre t\u00e4gliche Arbeit im Marketing? Dann&nbsp;abonnieren Sie jetzt hier&nbsp;unseren kostenfreien Newsletter.<\/strong><\/em><\/p>\n<p><a href=\"https:\/\/www.absatzwirtschaft.de\/technikmesse-ifa-2021-wieder-in-vollem-umfang-geplant-174520\/\">Source link <\/a><\/p>\n<\/div>\n","protected":false},"excerpt":{"rendered":"<p>Die Berliner Technikmesse IFA will im kommenden Jahr wieder mit vollem Tempo durchstarten. Das k\u00fcndigte die Berlin Messe zum Abschluss der &#8222;IFA 2020 Special Edition&#8220; an. Die auf drei Tage verk\u00fcrzte Technikschau war in diesem Jahr wegen der Corona-Pandemie nur f\u00fcr Fachbesucher ge\u00f6ffnet. Die \u201cMini-IFA\u201d ist zu Ende: Nach Angaben der Berlin Messe kamen vom [&hellip;]<\/p>\n","protected":false},"author":1,"featured_media":176,"comment_status":"open","ping_status":"open","sticky":false,"template":"","format":"standard","meta":{"footnotes":""},"categories":[5],"tags":[],"class_list":["post-175","post","type-post","status-publish","format-standard","has-post-thumbnail","hentry","category-marketing-news"],"yoast_head":"<!-- This site is optimized with the Yoast SEO plugin v27.4 - https:\/\/yoast.com\/product\/yoast-seo-wordpress\/ -->\n<title>Technikmesse IFA 2021 wieder in vollem Umfang geplant \u203a absatzwirtschaft - Super News<\/title>\n<meta name=\"robots\" content=\"index, follow, max-snippet:-1, max-image-preview:large, max-video-preview:-1\" \/>\n<link rel=\"canonical\" href=\"https:\/\/super-news.info\/de\/technikmesse-ifa-2021-wieder-in-vollem-umfang-geplant-absatzwirtschaft\/\" \/>\n<meta property=\"og:locale\" content=\"de_DE\" \/>\n<meta property=\"og:type\" content=\"article\" \/>\n<meta property=\"og:title\" content=\"Technikmesse IFA 2021 wieder in vollem Umfang geplant \u203a absatzwirtschaft - Super News\" \/>\n<meta property=\"og:description\" content=\"Die Berliner Technikmesse IFA will im kommenden Jahr wieder mit vollem Tempo durchstarten. Das k\u00fcndigte die Berlin Messe zum Abschluss der &#8222;IFA 2020 Special Edition&#8220; an. Die auf drei Tage verk\u00fcrzte Technikschau war in diesem Jahr wegen der Corona-Pandemie nur f\u00fcr Fachbesucher ge\u00f6ffnet. Die \u201cMini-IFA\u201d ist zu Ende: Nach Angaben der Berlin Messe kamen vom [&hellip;]\" \/>\n<meta property=\"og:url\" content=\"https:\/\/super-news.info\/de\/technikmesse-ifa-2021-wieder-in-vollem-umfang-geplant-absatzwirtschaft\/\" \/>\n<meta property=\"og:site_name\" content=\"Super News\" \/>\n<meta property=\"article:published_time\" content=\"2020-09-07T16:10:03+00:00\" \/>\n<meta property=\"article:modified_time\" content=\"2020-09-11T09:47:26+00:00\" \/>\n<meta property=\"og:image\" content=\"https:\/\/super-news.info\/de\/wp-content\/uploads\/sites\/13\/2020\/09\/Technikmesse-IFA-2021-wieder-in-vollem-Umfang-geplant-absatzwirtschaft.jpg\" \/>\n\t<meta property=\"og:image:width\" content=\"630\" \/>\n\t<meta property=\"og:image:height\" content=\"354\" \/>\n\t<meta property=\"og:image:type\" content=\"image\/jpeg\" \/>\n<meta name=\"author\" content=\"super news\" \/>\n<meta name=\"twitter:card\" content=\"summary_large_image\" \/>\n<meta name=\"twitter:label1\" content=\"Verfasst von\" \/>\n\t<meta name=\"twitter:data1\" content=\"super news\" \/>\n\t<meta name=\"twitter:label2\" content=\"Gesch\u00e4tzte Lesezeit\" \/>\n\t<meta name=\"twitter:data2\" content=\"2\u00a0Minuten\" \/>\n<script type=\"application\/ld+json\" class=\"yoast-schema-graph\">{\"@context\":\"https:\\\/\\\/schema.org\",\"@graph\":[{\"@type\":\"Article\",\"@id\":\"https:\\\/\\\/super-news.info\\\/de\\\/technikmesse-ifa-2021-wieder-in-vollem-umfang-geplant-absatzwirtschaft\\\/#article\",\"isPartOf\":{\"@id\":\"https:\\\/\\\/super-news.info\\\/de\\\/technikmesse-ifa-2021-wieder-in-vollem-umfang-geplant-absatzwirtschaft\\\/\"},\"author\":{\"name\":\"super news\",\"@id\":\"https:\\\/\\\/super-news.info\\\/de\\\/#\\\/schema\\\/person\\\/2b9ff946d06444e803cb306ffcfd1045\"},\"headline\":\"Technikmesse IFA 2021 wieder in vollem Umfang geplant \u203a absatzwirtschaft\",\"datePublished\":\"2020-09-07T16:10:03+00:00\",\"dateModified\":\"2020-09-11T09:47:26+00:00\",\"mainEntityOfPage\":{\"@id\":\"https:\\\/\\\/super-news.info\\\/de\\\/technikmesse-ifa-2021-wieder-in-vollem-umfang-geplant-absatzwirtschaft\\\/\"},\"wordCount\":406,\"commentCount\":0,\"image\":{\"@id\":\"https:\\\/\\\/super-news.info\\\/de\\\/technikmesse-ifa-2021-wieder-in-vollem-umfang-geplant-absatzwirtschaft\\\/#primaryimage\"},\"thumbnailUrl\":\"https:\\\/\\\/super-news.info\\\/de\\\/wp-content\\\/uploads\\\/sites\\\/13\\\/2020\\\/09\\\/Technikmesse-IFA-2021-wieder-in-vollem-Umfang-geplant-absatzwirtschaft.jpg\",\"articleSection\":[\"MARKETING NEWS\"],\"inLanguage\":\"de\",\"potentialAction\":[{\"@type\":\"CommentAction\",\"name\":\"Comment\",\"target\":[\"https:\\\/\\\/super-news.info\\\/de\\\/technikmesse-ifa-2021-wieder-in-vollem-umfang-geplant-absatzwirtschaft\\\/#respond\"]}]},{\"@type\":\"WebPage\",\"@id\":\"https:\\\/\\\/super-news.info\\\/de\\\/technikmesse-ifa-2021-wieder-in-vollem-umfang-geplant-absatzwirtschaft\\\/\",\"url\":\"https:\\\/\\\/super-news.info\\\/de\\\/technikmesse-ifa-2021-wieder-in-vollem-umfang-geplant-absatzwirtschaft\\\/\",\"name\":\"Technikmesse IFA 2021 wieder in vollem Umfang geplant \u203a absatzwirtschaft - Super News\",\"isPartOf\":{\"@id\":\"https:\\\/\\\/super-news.info\\\/de\\\/#website\"},\"primaryImageOfPage\":{\"@id\":\"https:\\\/\\\/super-news.info\\\/de\\\/technikmesse-ifa-2021-wieder-in-vollem-umfang-geplant-absatzwirtschaft\\\/#primaryimage\"},\"image\":{\"@id\":\"https:\\\/\\\/super-news.info\\\/de\\\/technikmesse-ifa-2021-wieder-in-vollem-umfang-geplant-absatzwirtschaft\\\/#primaryimage\"},\"thumbnailUrl\":\"https:\\\/\\\/super-news.info\\\/de\\\/wp-content\\\/uploads\\\/sites\\\/13\\\/2020\\\/09\\\/Technikmesse-IFA-2021-wieder-in-vollem-Umfang-geplant-absatzwirtschaft.jpg\",\"datePublished\":\"2020-09-07T16:10:03+00:00\",\"dateModified\":\"2020-09-11T09:47:26+00:00\",\"author\":{\"@id\":\"https:\\\/\\\/super-news.info\\\/de\\\/#\\\/schema\\\/person\\\/2b9ff946d06444e803cb306ffcfd1045\"},\"breadcrumb\":{\"@id\":\"https:\\\/\\\/super-news.info\\\/de\\\/technikmesse-ifa-2021-wieder-in-vollem-umfang-geplant-absatzwirtschaft\\\/#breadcrumb\"},\"inLanguage\":\"de\",\"potentialAction\":[{\"@type\":\"ReadAction\",\"target\":[\"https:\\\/\\\/super-news.info\\\/de\\\/technikmesse-ifa-2021-wieder-in-vollem-umfang-geplant-absatzwirtschaft\\\/\"]}]},{\"@type\":\"ImageObject\",\"inLanguage\":\"de\",\"@id\":\"https:\\\/\\\/super-news.info\\\/de\\\/technikmesse-ifa-2021-wieder-in-vollem-umfang-geplant-absatzwirtschaft\\\/#primaryimage\",\"url\":\"https:\\\/\\\/super-news.info\\\/de\\\/wp-content\\\/uploads\\\/sites\\\/13\\\/2020\\\/09\\\/Technikmesse-IFA-2021-wieder-in-vollem-Umfang-geplant-absatzwirtschaft.jpg\",\"contentUrl\":\"https:\\\/\\\/super-news.info\\\/de\\\/wp-content\\\/uploads\\\/sites\\\/13\\\/2020\\\/09\\\/Technikmesse-IFA-2021-wieder-in-vollem-Umfang-geplant-absatzwirtschaft.jpg\",\"width\":630,\"height\":354,\"caption\":\"Technikmesse IFA 2021 wieder in vollem Umfang geplant \u203a absatzwirtschaft\"},{\"@type\":\"BreadcrumbList\",\"@id\":\"https:\\\/\\\/super-news.info\\\/de\\\/technikmesse-ifa-2021-wieder-in-vollem-umfang-geplant-absatzwirtschaft\\\/#breadcrumb\",\"itemListElement\":[{\"@type\":\"ListItem\",\"position\":1,\"name\":\"Home\",\"item\":\"https:\\\/\\\/super-news.info\\\/de\\\/\"},{\"@type\":\"ListItem\",\"position\":2,\"name\":\"Technikmesse IFA 2021 wieder in vollem Umfang geplant \u203a absatzwirtschaft\"}]},{\"@type\":\"WebSite\",\"@id\":\"https:\\\/\\\/super-news.info\\\/de\\\/#website\",\"url\":\"https:\\\/\\\/super-news.info\\\/de\\\/\",\"name\":\"Super News\",\"description\":\"Super News Germany\",\"potentialAction\":[{\"@type\":\"SearchAction\",\"target\":{\"@type\":\"EntryPoint\",\"urlTemplate\":\"https:\\\/\\\/super-news.info\\\/de\\\/?s={search_term_string}\"},\"query-input\":{\"@type\":\"PropertyValueSpecification\",\"valueRequired\":true,\"valueName\":\"search_term_string\"}}],\"inLanguage\":\"de\"},{\"@type\":\"Person\",\"@id\":\"https:\\\/\\\/super-news.info\\\/de\\\/#\\\/schema\\\/person\\\/2b9ff946d06444e803cb306ffcfd1045\",\"name\":\"super news\",\"image\":{\"@type\":\"ImageObject\",\"inLanguage\":\"de\",\"@id\":\"https:\\\/\\\/secure.gravatar.com\\\/avatar\\\/98e0b303f300d45b2a94684c5e4dda8baa4a5e9710b579f7493c8612061d08bf?s=96&d=mm&r=g\",\"url\":\"https:\\\/\\\/secure.gravatar.com\\\/avatar\\\/98e0b303f300d45b2a94684c5e4dda8baa4a5e9710b579f7493c8612061d08bf?s=96&d=mm&r=g\",\"contentUrl\":\"https:\\\/\\\/secure.gravatar.com\\\/avatar\\\/98e0b303f300d45b2a94684c5e4dda8baa4a5e9710b579f7493c8612061d08bf?s=96&d=mm&r=g\",\"caption\":\"super news\"},\"url\":\"https:\\\/\\\/super-news.info\\\/de\\\/author\\\/manuel\\\/\"}]}<\/script>\n<!-- \/ Yoast SEO plugin. -->","yoast_head_json":{"title":"Technikmesse IFA 2021 wieder in vollem Umfang geplant \u203a absatzwirtschaft - Super News","robots":{"index":"index","follow":"follow","max-snippet":"max-snippet:-1","max-image-preview":"max-image-preview:large","max-video-preview":"max-video-preview:-1"},"canonical":"https:\/\/super-news.info\/de\/technikmesse-ifa-2021-wieder-in-vollem-umfang-geplant-absatzwirtschaft\/","og_locale":"de_DE","og_type":"article","og_title":"Technikmesse IFA 2021 wieder in vollem Umfang geplant \u203a absatzwirtschaft - Super News","og_description":"Die Berliner Technikmesse IFA will im kommenden Jahr wieder mit vollem Tempo durchstarten. Das k\u00fcndigte die Berlin Messe zum Abschluss der &#8222;IFA 2020 Special Edition&#8220; an. Die auf drei Tage verk\u00fcrzte Technikschau war in diesem Jahr wegen der Corona-Pandemie nur f\u00fcr Fachbesucher ge\u00f6ffnet. Die \u201cMini-IFA\u201d ist zu Ende: Nach Angaben der Berlin Messe kamen vom [&hellip;]","og_url":"https:\/\/super-news.info\/de\/technikmesse-ifa-2021-wieder-in-vollem-umfang-geplant-absatzwirtschaft\/","og_site_name":"Super News","article_published_time":"2020-09-07T16:10:03+00:00","article_modified_time":"2020-09-11T09:47:26+00:00","og_image":[{"width":630,"height":354,"url":"https:\/\/super-news.info\/de\/wp-content\/uploads\/sites\/13\/2020\/09\/Technikmesse-IFA-2021-wieder-in-vollem-Umfang-geplant-absatzwirtschaft.jpg","type":"image\/jpeg"}],"author":"super news","twitter_card":"summary_large_image","twitter_misc":{"Verfasst von":"super news","Gesch\u00e4tzte Lesezeit":"2\u00a0Minuten"},"schema":{"@context":"https:\/\/schema.org","@graph":[{"@type":"Article","@id":"https:\/\/super-news.info\/de\/technikmesse-ifa-2021-wieder-in-vollem-umfang-geplant-absatzwirtschaft\/#article","isPartOf":{"@id":"https:\/\/super-news.info\/de\/technikmesse-ifa-2021-wieder-in-vollem-umfang-geplant-absatzwirtschaft\/"},"author":{"name":"super news","@id":"https:\/\/super-news.info\/de\/#\/schema\/person\/2b9ff946d06444e803cb306ffcfd1045"},"headline":"Technikmesse IFA 2021 wieder in vollem Umfang geplant \u203a absatzwirtschaft","datePublished":"2020-09-07T16:10:03+00:00","dateModified":"2020-09-11T09:47:26+00:00","mainEntityOfPage":{"@id":"https:\/\/super-news.info\/de\/technikmesse-ifa-2021-wieder-in-vollem-umfang-geplant-absatzwirtschaft\/"},"wordCount":406,"commentCount":0,"image":{"@id":"https:\/\/super-news.info\/de\/technikmesse-ifa-2021-wieder-in-vollem-umfang-geplant-absatzwirtschaft\/#primaryimage"},"thumbnailUrl":"https:\/\/super-news.info\/de\/wp-content\/uploads\/sites\/13\/2020\/09\/Technikmesse-IFA-2021-wieder-in-vollem-Umfang-geplant-absatzwirtschaft.jpg","articleSection":["MARKETING NEWS"],"inLanguage":"de","potentialAction":[{"@type":"CommentAction","name":"Comment","target":["https:\/\/super-news.info\/de\/technikmesse-ifa-2021-wieder-in-vollem-umfang-geplant-absatzwirtschaft\/#respond"]}]},{"@type":"WebPage","@id":"https:\/\/super-news.info\/de\/technikmesse-ifa-2021-wieder-in-vollem-umfang-geplant-absatzwirtschaft\/","url":"https:\/\/super-news.info\/de\/technikmesse-ifa-2021-wieder-in-vollem-umfang-geplant-absatzwirtschaft\/","name":"Technikmesse IFA 2021 wieder in vollem Umfang geplant \u203a absatzwirtschaft - Super News","isPartOf":{"@id":"https:\/\/super-news.info\/de\/#website"},"primaryImageOfPage":{"@id":"https:\/\/super-news.info\/de\/technikmesse-ifa-2021-wieder-in-vollem-umfang-geplant-absatzwirtschaft\/#primaryimage"},"image":{"@id":"https:\/\/super-news.info\/de\/technikmesse-ifa-2021-wieder-in-vollem-umfang-geplant-absatzwirtschaft\/#primaryimage"},"thumbnailUrl":"https:\/\/super-news.info\/de\/wp-content\/uploads\/sites\/13\/2020\/09\/Technikmesse-IFA-2021-wieder-in-vollem-Umfang-geplant-absatzwirtschaft.jpg","datePublished":"2020-09-07T16:10:03+00:00","dateModified":"2020-09-11T09:47:26+00:00","author":{"@id":"https:\/\/super-news.info\/de\/#\/schema\/person\/2b9ff946d06444e803cb306ffcfd1045"},"breadcrumb":{"@id":"https:\/\/super-news.info\/de\/technikmesse-ifa-2021-wieder-in-vollem-umfang-geplant-absatzwirtschaft\/#breadcrumb"},"inLanguage":"de","potentialAction":[{"@type":"ReadAction","target":["https:\/\/super-news.info\/de\/technikmesse-ifa-2021-wieder-in-vollem-umfang-geplant-absatzwirtschaft\/"]}]},{"@type":"ImageObject","inLanguage":"de","@id":"https:\/\/super-news.info\/de\/technikmesse-ifa-2021-wieder-in-vollem-umfang-geplant-absatzwirtschaft\/#primaryimage","url":"https:\/\/super-news.info\/de\/wp-content\/uploads\/sites\/13\/2020\/09\/Technikmesse-IFA-2021-wieder-in-vollem-Umfang-geplant-absatzwirtschaft.jpg","contentUrl":"https:\/\/super-news.info\/de\/wp-content\/uploads\/sites\/13\/2020\/09\/Technikmesse-IFA-2021-wieder-in-vollem-Umfang-geplant-absatzwirtschaft.jpg","width":630,"height":354,"caption":"Technikmesse IFA 2021 wieder in vollem Umfang geplant \u203a absatzwirtschaft"},{"@type":"BreadcrumbList","@id":"https:\/\/super-news.info\/de\/technikmesse-ifa-2021-wieder-in-vollem-umfang-geplant-absatzwirtschaft\/#breadcrumb","itemListElement":[{"@type":"ListItem","position":1,"name":"Home","item":"https:\/\/super-news.info\/de\/"},{"@type":"ListItem","position":2,"name":"Technikmesse IFA 2021 wieder in vollem Umfang geplant \u203a absatzwirtschaft"}]},{"@type":"WebSite","@id":"https:\/\/super-news.info\/de\/#website","url":"https:\/\/super-news.info\/de\/","name":"Super News","description":"Super News Germany","potentialAction":[{"@type":"SearchAction","target":{"@type":"EntryPoint","urlTemplate":"https:\/\/super-news.info\/de\/?s={search_term_string}"},"query-input":{"@type":"PropertyValueSpecification","valueRequired":true,"valueName":"search_term_string"}}],"inLanguage":"de"},{"@type":"Person","@id":"https:\/\/super-news.info\/de\/#\/schema\/person\/2b9ff946d06444e803cb306ffcfd1045","name":"super news","image":{"@type":"ImageObject","inLanguage":"de","@id":"https:\/\/secure.gravatar.com\/avatar\/98e0b303f300d45b2a94684c5e4dda8baa4a5e9710b579f7493c8612061d08bf?s=96&d=mm&r=g","url":"https:\/\/secure.gravatar.com\/avatar\/98e0b303f300d45b2a94684c5e4dda8baa4a5e9710b579f7493c8612061d08bf?s=96&d=mm&r=g","contentUrl":"https:\/\/secure.gravatar.com\/avatar\/98e0b303f300d45b2a94684c5e4dda8baa4a5e9710b579f7493c8612061d08bf?s=96&d=mm&r=g","caption":"super news"},"url":"https:\/\/super-news.info\/de\/author\/manuel\/"}]}},"_links":{"self":[{"href":"https:\/\/super-news.info\/de\/wp-json\/wp\/v2\/posts\/175","targetHints":{"allow":["GET"]}}],"collection":[{"href":"https:\/\/super-news.info\/de\/wp-json\/wp\/v2\/posts"}],"about":[{"href":"https:\/\/super-news.info\/de\/wp-json\/wp\/v2\/types\/post"}],"author":[{"embeddable":true,"href":"https:\/\/super-news.info\/de\/wp-json\/wp\/v2\/users\/1"}],"replies":[{"embeddable":true,"href":"https:\/\/super-news.info\/de\/wp-json\/wp\/v2\/comments?post=175"}],"version-history":[{"count":2,"href":"https:\/\/super-news.info\/de\/wp-json\/wp\/v2\/posts\/175\/revisions"}],"predecessor-version":[{"id":186,"href":"https:\/\/super-news.info\/de\/wp-json\/wp\/v2\/posts\/175\/revisions\/186"}],"wp:featuredmedia":[{"embeddable":true,"href":"https:\/\/super-news.info\/de\/wp-json\/wp\/v2\/media\/176"}],"wp:attachment":[{"href":"https:\/\/super-news.info\/de\/wp-json\/wp\/v2\/media?parent=175"}],"wp:term":[{"taxonomy":"category","embeddable":true,"href":"https:\/\/super-news.info\/de\/wp-json\/wp\/v2\/categories?post=175"},{"taxonomy":"post_tag","embeddable":true,"href":"https:\/\/super-news.info\/de\/wp-json\/wp\/v2\/tags?post=175"}],"curies":[{"name":"wp","href":"https:\/\/api.w.org\/{rel}","templated":true}]}}